{"id":8680,"date":"2024-05-04T00:11:24","date_gmt":"2024-05-03T22:11:24","guid":{"rendered":"https:\/\/radiolitoral.com\/?p=8680"},"modified":"2024-05-04T00:11:24","modified_gmt":"2024-05-03T22:11:24","slug":"la-ut-calp-buscara-sorprendre-el-cd-olimpic-xativa","status":"publish","type":"post","link":"https:\/\/radiolitoral.com\/ca\/2024\/05\/la-ud-calpe-buscara-sorprender-al-cd-olimpic-xativa\/","title":{"rendered":"La UD Calp buscar\u00e0 sorprendre el CD Ol\u00edmpic X\u00e0tiva"},"content":{"rendered":"<div class=\"flex-1 overflow-hidden\">\n<div class=\"react-scroll-to-bottom--css-lrgsm-79elbk h-full\">\n<div class=\"react-scroll-to-bottom--css-lrgsm-1n7m0yu\">\n<div class=\"flex flex-col text-sm pb-9\">\n<div class=\"w-full text-token-text-primary\" dir=\"auto\" data-testid=\"conversation-turn-287\" data-scroll-anchor=\"true\">\n<div class=\"py-2 px-3 text-base md:px-4 m-auto md:px-5 lg:px-1 xl:px-5\">\n<div class=\"mx-auto flex flex-1 gap-3 text-base juice:gap-4 juice:md:gap-6 md:max-w-3xl lg:max-w-[40rem] xl:max-w-[48rem]\">\n<div class=\"relative flex w-full min-w-0 flex-col agent-turn\">\n<div class=\"flex-col gap-1 md:gap-3\">\n<div class=\"flex flex-grow flex-col max-w-full\">\n<div class=\"min-h-[20px] text-message flex flex-col items-start whitespace-pre-wrap break-words [.text-message+&amp;]:mt-5 overflow-x-auto gap-3\" dir=\"auto\" data-message-author-role=\"assistant\" data-message-id=\"13eca927-74ba-4081-80dd-b80a10e723e5\">\n<div class=\"markdown prose w-full break-words dark:prose-invert light\">\n<p>El pr\u00f3ximo domingo, el estadio \u00abLa Murta\u00bb ser\u00e1 testigo de un crucial enfrentamiento entre el <strong>CD Ol\u00edmpic X\u00e0tiva<\/strong> y la <strong>UD Calpe<\/strong> que luchan por la promoci\u00f3n de ascenso a Tercera Divisi\u00f3n, con el partido programado para las 18 horas bajo la direcci\u00f3n arbitral de Monera Lucas. Los calpinos, motivados por su reciente victoria frente al <strong>CD Eldense<\/strong>, viajan con el objetivo claro de acercarse a\u00fan m\u00e1s a la posibilidad de disputar la promoci\u00f3n.<\/p>\n<p>El t\u00e9cnico <strong>Lauro Techeira<\/strong> llega con un plan t\u00e1ctico bien definido, consciente de las fortalezas del rival. Techeira pretende implementar una intensa presi\u00f3n en el centro del campo para neutralizar el juego setabense. Sin embargo, existe preocupaci\u00f3n respecto a c\u00f3mo responder\u00e1n f\u00edsicamente sus jugadores tras el esfuerzo considerable en su \u00faltimo encuentro, teniendo en cuenta que no es habitual enfrentar tres partidos en una semana en esta categor\u00eda.<\/p>\n<p>El CD Ol\u00edmpic X\u00e0tiva, conocido por su solidez defensiva y por ser uno de los equipos menos goleados del torneo, s\u00f3lo superado por el ya campe\u00f3n Benidorm, promete ser un adversario duro. La ausencia por sanci\u00f3n de C\u00e1rdos, su principal goleador, podr\u00eda ser una ventaja significativa para la UD Calpe.<\/p>\n<p>Desde la directiva del equipo local, se ha hecho un llamado a la afici\u00f3n para que brinde su m\u00e1ximo apoyo, esperando una notable presencia en las gradas que seguramente generar\u00e1 un ambiente desafiante para los visitantes.<\/p>\n<\/div>\n<\/div>\n<\/div>\n<div class=\"pr-2 lg:pr-0\"><\/div>\n<\/div>\n<div class=\"absolute\">\n<div class=\"flex w-full gap-2 items-center justify-center\"><\/div>\n<\/div>\n<\/div>\n<\/div>\n<\/div>\n<\/div>\n<\/div>\n<\/div>\n<\/div>\n<\/div>\n<div class=\"w-full md:pt-0 dark:border-white\/20 md:border-transparent md:dark:border-transparent md:w-[calc(100%-.5rem)] juice:w-full\">\n<div class=\"px-3 text-base md:px-4 m-auto md:px-5 lg:px-1 xl:px-5\">\n<div class=\"mx-auto flex flex-1 gap-3 text-base juice:gap-4 juice:md:gap-6 md:max-w-3xl lg:max-w-[40rem] xl:max-w-[48rem]\">\n<form class=\"w-full\">\n<div class=\"relative flex h-full max-w-full flex-1 flex-col\">\n<div class=\"absolute bottom-full left-0 right-0\"><\/div>\n<div class=\"flex w-full items-center\"><\/div>\n<\/div>\n<\/form>\n<\/div>\n<\/div>\n<\/div>\n","protected":false},"excerpt":{"rendered":"<p>El pr\u00f3ximo domingo, el estadio \u00abLa Murta\u00bb ser\u00e1 testigo de un crucial enfrentamiento entre el CD Ol\u00edmpic X\u00e0tiva y la UD Calpe que luchan por la promoci\u00f3n de ascenso a Tercera Divisi\u00f3n, con el partido programado para las 18 horas bajo la direcci\u00f3n arbitral de Monera Lucas. Los calpinos, motivados por su reciente victoria frente [&#8230;]<\/p>\n<p><a class=\"btn btn-secondary understrap-read-more-link\" href=\"https:\/\/radiolitoral.com\/ca\/2024\/05\/la-ud-calpe-buscara-sorprender-al-cd-olimpic-xativa\/\">Continua llegint&#8230;<span class=\"screen-reader-text\"> from La UD Calpe buscar\u00e1 sorprender al CD Ol\u00edmpic X\u00e0tiva<\/span><\/a><\/p>\n","protected":false},"author":12,"featured_media":8681,"comment_status":"open","ping_status":"closed","sticky":false,"template":"","format":"standard","meta":{"_acf_changed":false,"inline_featured_image":false,"footnotes":""},"categories":[5],"tags":[1081,1256,6,892,889],"class_list":["post-8680","post","type-post","status-publish","format-standard","has-post-thumbnail","hentry","category-deportes","tag-cd-eldense","tag-cd-olimpic-xativa","tag-deportes","tag-lauro-techeira","tag-ud-calpe","cobertura-calp"],"acf":[],"yoast_head":"<!-- This site is optimized with the Yoast SEO plugin v27.5 - https:\/\/yoast.com\/product\/yoast-seo-wordpress\/ -->\n<title>La UD Calpe buscar\u00e1 sorprender al CD Ol\u00edmpic X\u00e0tiva | R\u00e0dio Litoral<\/title>\n<meta name=\"description\" content=\"Lauro Techeira puede repetir el mismo once que venci\u00f3 al CD Eldense Lauro Techeira puede repetir el mismo once que venci\u00f3 al CD Eldense\" \/>\n<meta name=\"robots\" content=\"index, follow, max-snippet:-1, max-image-preview:large, max-video-preview:-1\" \/>\n<link rel=\"canonical\" href=\"https:\/\/radiolitoral.com\/ca\/2024\/05\/la-ut-calp-buscara-sorprendre-el-cd-olimpic-xativa\/\" \/>\n<meta property=\"og:locale\" content=\"ca_ES\" \/>\n<meta property=\"og:type\" content=\"article\" \/>\n<meta property=\"og:title\" content=\"La UD Calpe buscar\u00e1 sorprender al CD Ol\u00edmpic X\u00e0tiva | R\u00e0dio Litoral\" \/>\n<meta property=\"og:description\" content=\"Lauro Techeira puede repetir el mismo once que venci\u00f3 al CD Eldense Lauro Techeira puede repetir el mismo once que venci\u00f3 al CD Eldense\" \/>\n<meta property=\"og:url\" content=\"https:\/\/radiolitoral.com\/ca\/2024\/05\/la-ut-calp-buscara-sorprendre-el-cd-olimpic-xativa\/\" \/>\n<meta property=\"og:site_name\" content=\"R\u00e0dio Litoral\" \/>\n<meta property=\"article:publisher\" content=\"https:\/\/www.facebook.com\/Laradiolitoral\/\" \/>\n<meta property=\"article:published_time\" content=\"2024-05-03T22:11:24+00:00\" \/>\n<meta property=\"og:image\" content=\"https:\/\/media.radiolitoral.com\/wp-content\/uploads\/2024\/05\/04000749\/DSC_0598-scaled.jpg\" \/>\n\t<meta property=\"og:image:width\" content=\"2560\" \/>\n\t<meta property=\"og:image:height\" content=\"1707\" \/>\n\t<meta property=\"og:image:type\" content=\"image\/jpeg\" \/>\n<meta name=\"author\" content=\"Javier Zamora\" \/>\n<meta name=\"twitter:card\" content=\"summary_large_image\" \/>\n<meta name=\"twitter:label1\" content=\"Escrit per\" \/>\n\t<meta name=\"twitter:data1\" content=\"Javier Zamora\" \/>\n\t<meta name=\"twitter:label2\" content=\"Temps estimat de lectura\" \/>\n\t<meta name=\"twitter:data2\" content=\"2 minuts\" \/>\n<script type=\"application\/ld+json\" class=\"yoast-schema-graph\">{\"@context\":\"https:\\\/\\\/schema.org\",\"@graph\":[{\"@type\":\"NewsArticle\",\"@id\":\"https:\\\/\\\/radiolitoral.com\\\/2024\\\/05\\\/la-ud-calpe-buscara-sorprender-al-cd-olimpic-xativa\\\/#article\",\"isPartOf\":{\"@id\":\"https:\\\/\\\/radiolitoral.com\\\/2024\\\/05\\\/la-ud-calpe-buscara-sorprender-al-cd-olimpic-xativa\\\/\"},\"author\":{\"name\":\"Javier Zamora\",\"@id\":\"https:\\\/\\\/radiolitoral.com\\\/#\\\/schema\\\/person\\\/7b1480b5caeb5acdd4ec6379caf62b22\"},\"headline\":\"La UD Calpe buscar\u00e1 sorprender al CD Ol\u00edmpic X\u00e0tiva\",\"datePublished\":\"2024-05-03T22:11:24+00:00\",\"mainEntityOfPage\":{\"@id\":\"https:\\\/\\\/radiolitoral.com\\\/2024\\\/05\\\/la-ud-calpe-buscara-sorprender-al-cd-olimpic-xativa\\\/\"},\"wordCount\":264,\"commentCount\":0,\"publisher\":{\"@id\":\"https:\\\/\\\/radiolitoral.com\\\/#organization\"},\"image\":{\"@id\":\"https:\\\/\\\/radiolitoral.com\\\/2024\\\/05\\\/la-ud-calpe-buscara-sorprender-al-cd-olimpic-xativa\\\/#primaryimage\"},\"thumbnailUrl\":\"https:\\\/\\\/media.radiolitoral.com\\\/wp-content\\\/uploads\\\/2024\\\/05\\\/04000749\\\/DSC_0598-scaled.jpg\",\"keywords\":[\"CD Eldense\",\"CD Ol\u00edmpic X\u00e0tiva\",\"deportes\",\"Lauro Techeira\",\"UD Calpe\"],\"articleSection\":[\"Deportes\"],\"inLanguage\":\"ca\",\"potentialAction\":[{\"@type\":\"CommentAction\",\"name\":\"Comment\",\"target\":[\"https:\\\/\\\/radiolitoral.com\\\/2024\\\/05\\\/la-ud-calpe-buscara-sorprender-al-cd-olimpic-xativa\\\/#respond\"]}]},{\"@type\":[\"WebPage\",\"ItemPage\"],\"@id\":\"https:\\\/\\\/radiolitoral.com\\\/2024\\\/05\\\/la-ud-calpe-buscara-sorprender-al-cd-olimpic-xativa\\\/\",\"url\":\"https:\\\/\\\/radiolitoral.com\\\/2024\\\/05\\\/la-ud-calpe-buscara-sorprender-al-cd-olimpic-xativa\\\/\",\"name\":\"La UD Calpe buscar\u00e1 sorprender al CD Ol\u00edmpic X\u00e0tiva | R\u00e0dio Litoral\",\"isPartOf\":{\"@id\":\"https:\\\/\\\/radiolitoral.com\\\/#website\"},\"primaryImageOfPage\":{\"@id\":\"https:\\\/\\\/radiolitoral.com\\\/2024\\\/05\\\/la-ud-calpe-buscara-sorprender-al-cd-olimpic-xativa\\\/#primaryimage\"},\"image\":{\"@id\":\"https:\\\/\\\/radiolitoral.com\\\/2024\\\/05\\\/la-ud-calpe-buscara-sorprender-al-cd-olimpic-xativa\\\/#primaryimage\"},\"thumbnailUrl\":\"https:\\\/\\\/media.radiolitoral.com\\\/wp-content\\\/uploads\\\/2024\\\/05\\\/04000749\\\/DSC_0598-scaled.jpg\",\"datePublished\":\"2024-05-03T22:11:24+00:00\",\"description\":\"Lauro Techeira puede repetir el mismo once que venci\u00f3 al CD Eldense Lauro Techeira puede repetir el mismo once que venci\u00f3 al CD Eldense\",\"breadcrumb\":{\"@id\":\"https:\\\/\\\/radiolitoral.com\\\/2024\\\/05\\\/la-ud-calpe-buscara-sorprender-al-cd-olimpic-xativa\\\/#breadcrumb\"},\"inLanguage\":\"ca\",\"potentialAction\":[{\"@type\":\"ReadAction\",\"target\":[\"https:\\\/\\\/radiolitoral.com\\\/2024\\\/05\\\/la-ud-calpe-buscara-sorprender-al-cd-olimpic-xativa\\\/\"]}]},{\"@type\":\"ImageObject\",\"inLanguage\":\"ca\",\"@id\":\"https:\\\/\\\/radiolitoral.com\\\/2024\\\/05\\\/la-ud-calpe-buscara-sorprender-al-cd-olimpic-xativa\\\/#primaryimage\",\"url\":\"https:\\\/\\\/media.radiolitoral.com\\\/wp-content\\\/uploads\\\/2024\\\/05\\\/04000749\\\/DSC_0598-scaled.jpg\",\"contentUrl\":\"https:\\\/\\\/media.radiolitoral.com\\\/wp-content\\\/uploads\\\/2024\\\/05\\\/04000749\\\/DSC_0598-scaled.jpg\",\"width\":2560,\"height\":1707},{\"@type\":\"BreadcrumbList\",\"@id\":\"https:\\\/\\\/radiolitoral.com\\\/2024\\\/05\\\/la-ud-calpe-buscara-sorprender-al-cd-olimpic-xativa\\\/#breadcrumb\",\"itemListElement\":[{\"@type\":\"ListItem\",\"position\":1,\"name\":\"Portada\",\"item\":\"https:\\\/\\\/radiolitoral.com\\\/\"},{\"@type\":\"ListItem\",\"position\":2,\"name\":\"La UD Calpe buscar\u00e1 sorprender al CD Ol\u00edmpic X\u00e0tiva\"}]},{\"@type\":\"WebSite\",\"@id\":\"https:\\\/\\\/radiolitoral.com\\\/#website\",\"url\":\"https:\\\/\\\/radiolitoral.com\\\/\",\"name\":\"Radio Litoral\",\"description\":\"La radio local de la Marina Alta\",\"publisher\":{\"@id\":\"https:\\\/\\\/radiolitoral.com\\\/#organization\"},\"alternateName\":\"Litoral FM\",\"potentialAction\":[{\"@type\":\"SearchAction\",\"target\":{\"@type\":\"EntryPoint\",\"urlTemplate\":\"https:\\\/\\\/radiolitoral.com\\\/?s={search_term_string}\"},\"query-input\":{\"@type\":\"PropertyValueSpecification\",\"valueRequired\":true,\"valueName\":\"search_term_string\"}}],\"inLanguage\":\"ca\"},{\"@type\":\"Organization\",\"@id\":\"https:\\\/\\\/radiolitoral.com\\\/#organization\",\"name\":\"Radio Litoral\",\"url\":\"https:\\\/\\\/radiolitoral.com\\\/\",\"logo\":{\"@type\":\"ImageObject\",\"inLanguage\":\"ca\",\"@id\":\"https:\\\/\\\/radiolitoral.com\\\/#\\\/schema\\\/logo\\\/image\\\/\",\"url\":\"https:\\\/\\\/media.radiolitoral.com\\\/wp-content\\\/uploads\\\/2023\\\/02\\\/24143238\\\/CL-V-RadioLitoral696.png\",\"contentUrl\":\"https:\\\/\\\/media.radiolitoral.com\\\/wp-content\\\/uploads\\\/2023\\\/02\\\/24143238\\\/CL-V-RadioLitoral696.png\",\"width\":696,\"height\":696,\"caption\":\"Radio Litoral\"},\"image\":{\"@id\":\"https:\\\/\\\/radiolitoral.com\\\/#\\\/schema\\\/logo\\\/image\\\/\"},\"sameAs\":[\"https:\\\/\\\/www.facebook.com\\\/Laradiolitoral\\\/\"]},{\"@type\":\"Person\",\"@id\":\"https:\\\/\\\/radiolitoral.com\\\/#\\\/schema\\\/person\\\/7b1480b5caeb5acdd4ec6379caf62b22\",\"name\":\"Javier Zamora\",\"image\":{\"@type\":\"ImageObject\",\"inLanguage\":\"ca\",\"@id\":\"https:\\\/\\\/secure.gravatar.com\\\/avatar\\\/467a11f6918c7d619c4043fc6fa2d3853053107973f05b6e9c04ea6c4e3a7b3f?s=96&d=mm&r=g\",\"url\":\"https:\\\/\\\/secure.gravatar.com\\\/avatar\\\/467a11f6918c7d619c4043fc6fa2d3853053107973f05b6e9c04ea6c4e3a7b3f?s=96&d=mm&r=g\",\"contentUrl\":\"https:\\\/\\\/secure.gravatar.com\\\/avatar\\\/467a11f6918c7d619c4043fc6fa2d3853053107973f05b6e9c04ea6c4e3a7b3f?s=96&d=mm&r=g\",\"caption\":\"Javier Zamora\"},\"url\":\"https:\\\/\\\/radiolitoral.com\\\/ca\\\/author\\\/javier-zamora\\\/\"}]}<\/script>\n<!-- \/ Yoast SEO plugin. -->","yoast_head_json":{"title":"La UD Calp buscar\u00e0 sorprendre el CD Ol\u00edmpic X\u00e0tiva | R\u00e0dio Litoral","description":"Lauro Techeira pot repetir el mateix onze que va v\u00e8ncer el CD Eldense Lauro Techeira pot repetir el mateix onze que va v\u00e8ncer el CD Eldense","robots":{"index":"index","follow":"follow","max-snippet":"max-snippet:-1","max-image-preview":"max-image-preview:large","max-video-preview":"max-video-preview:-1"},"canonical":"https:\/\/radiolitoral.com\/ca\/2024\/05\/la-ut-calp-buscara-sorprendre-el-cd-olimpic-xativa\/","og_locale":"ca_ES","og_type":"article","og_title":"La UD Calpe buscar\u00e1 sorprender al CD Ol\u00edmpic X\u00e0tiva | R\u00e0dio Litoral","og_description":"Lauro Techeira puede repetir el mismo once que venci\u00f3 al CD Eldense Lauro Techeira puede repetir el mismo once que venci\u00f3 al CD Eldense","og_url":"https:\/\/radiolitoral.com\/ca\/2024\/05\/la-ut-calp-buscara-sorprendre-el-cd-olimpic-xativa\/","og_site_name":"R\u00e0dio Litoral","article_publisher":"https:\/\/www.facebook.com\/Laradiolitoral\/","article_published_time":"2024-05-03T22:11:24+00:00","og_image":[{"width":2560,"height":1707,"url":"https:\/\/media.radiolitoral.com\/wp-content\/uploads\/2024\/05\/04000749\/DSC_0598-scaled.jpg","type":"image\/jpeg"}],"author":"Javier Zamora","twitter_card":"summary_large_image","twitter_misc":{"Escrit per":"Javier Zamora","Temps estimat de lectura":"2 minuts"},"schema":{"@context":"https:\/\/schema.org","@graph":[{"@type":"NewsArticle","@id":"https:\/\/radiolitoral.com\/2024\/05\/la-ud-calpe-buscara-sorprender-al-cd-olimpic-xativa\/#article","isPartOf":{"@id":"https:\/\/radiolitoral.com\/2024\/05\/la-ud-calpe-buscara-sorprender-al-cd-olimpic-xativa\/"},"author":{"name":"Javier Zamora","@id":"https:\/\/radiolitoral.com\/#\/schema\/person\/7b1480b5caeb5acdd4ec6379caf62b22"},"headline":"La UD Calpe buscar\u00e1 sorprender al CD Ol\u00edmpic X\u00e0tiva","datePublished":"2024-05-03T22:11:24+00:00","mainEntityOfPage":{"@id":"https:\/\/radiolitoral.com\/2024\/05\/la-ud-calpe-buscara-sorprender-al-cd-olimpic-xativa\/"},"wordCount":264,"commentCount":0,"publisher":{"@id":"https:\/\/radiolitoral.com\/#organization"},"image":{"@id":"https:\/\/radiolitoral.com\/2024\/05\/la-ud-calpe-buscara-sorprender-al-cd-olimpic-xativa\/#primaryimage"},"thumbnailUrl":"https:\/\/media.radiolitoral.com\/wp-content\/uploads\/2024\/05\/04000749\/DSC_0598-scaled.jpg","keywords":["CD Eldense","CD Ol\u00edmpic X\u00e0tiva","deportes","Lauro Techeira","UD Calpe"],"articleSection":["Deportes"],"inLanguage":"ca","potentialAction":[{"@type":"CommentAction","name":"Comment","target":["https:\/\/radiolitoral.com\/2024\/05\/la-ud-calpe-buscara-sorprender-al-cd-olimpic-xativa\/#respond"]}]},{"@type":["WebPage","ItemPage"],"@id":"https:\/\/radiolitoral.com\/2024\/05\/la-ud-calpe-buscara-sorprender-al-cd-olimpic-xativa\/","url":"https:\/\/radiolitoral.com\/2024\/05\/la-ud-calpe-buscara-sorprender-al-cd-olimpic-xativa\/","name":"La UD Calp buscar\u00e0 sorprendre el CD Ol\u00edmpic X\u00e0tiva | R\u00e0dio Litoral","isPartOf":{"@id":"https:\/\/radiolitoral.com\/#website"},"primaryImageOfPage":{"@id":"https:\/\/radiolitoral.com\/2024\/05\/la-ud-calpe-buscara-sorprender-al-cd-olimpic-xativa\/#primaryimage"},"image":{"@id":"https:\/\/radiolitoral.com\/2024\/05\/la-ud-calpe-buscara-sorprender-al-cd-olimpic-xativa\/#primaryimage"},"thumbnailUrl":"https:\/\/media.radiolitoral.com\/wp-content\/uploads\/2024\/05\/04000749\/DSC_0598-scaled.jpg","datePublished":"2024-05-03T22:11:24+00:00","description":"Lauro Techeira pot repetir el mateix onze que va v\u00e8ncer el CD Eldense Lauro Techeira pot repetir el mateix onze que va v\u00e8ncer el CD Eldense","breadcrumb":{"@id":"https:\/\/radiolitoral.com\/2024\/05\/la-ud-calpe-buscara-sorprender-al-cd-olimpic-xativa\/#breadcrumb"},"inLanguage":"ca","potentialAction":[{"@type":"ReadAction","target":["https:\/\/radiolitoral.com\/2024\/05\/la-ud-calpe-buscara-sorprender-al-cd-olimpic-xativa\/"]}]},{"@type":"ImageObject","inLanguage":"ca","@id":"https:\/\/radiolitoral.com\/2024\/05\/la-ud-calpe-buscara-sorprender-al-cd-olimpic-xativa\/#primaryimage","url":"https:\/\/media.radiolitoral.com\/wp-content\/uploads\/2024\/05\/04000749\/DSC_0598-scaled.jpg","contentUrl":"https:\/\/media.radiolitoral.com\/wp-content\/uploads\/2024\/05\/04000749\/DSC_0598-scaled.jpg","width":2560,"height":1707},{"@type":"BreadcrumbList","@id":"https:\/\/radiolitoral.com\/2024\/05\/la-ud-calpe-buscara-sorprender-al-cd-olimpic-xativa\/#breadcrumb","itemListElement":[{"@type":"ListItem","position":1,"name":"Portada","item":"https:\/\/radiolitoral.com\/"},{"@type":"ListItem","position":2,"name":"La UD Calpe buscar\u00e1 sorprender al CD Ol\u00edmpic X\u00e0tiva"}]},{"@type":"WebSite","@id":"https:\/\/radiolitoral.com\/#website","url":"https:\/\/radiolitoral.com\/","name":"R\u00e0dio Litoral","description":"La r\u00e0dio local de la Marina Alta","publisher":{"@id":"https:\/\/radiolitoral.com\/#organization"},"alternateName":"Litoral FM","potentialAction":[{"@type":"SearchAction","target":{"@type":"EntryPoint","urlTemplate":"https:\/\/radiolitoral.com\/?s={search_term_string}"},"query-input":{"@type":"PropertyValueSpecification","valueRequired":true,"valueName":"search_term_string"}}],"inLanguage":"ca"},{"@type":"Organization","@id":"https:\/\/radiolitoral.com\/#organization","name":"R\u00e0dio Litoral","url":"https:\/\/radiolitoral.com\/","logo":{"@type":"ImageObject","inLanguage":"ca","@id":"https:\/\/radiolitoral.com\/#\/schema\/logo\/image\/","url":"https:\/\/media.radiolitoral.com\/wp-content\/uploads\/2023\/02\/24143238\/CL-V-RadioLitoral696.png","contentUrl":"https:\/\/media.radiolitoral.com\/wp-content\/uploads\/2023\/02\/24143238\/CL-V-RadioLitoral696.png","width":696,"height":696,"caption":"Radio Litoral"},"image":{"@id":"https:\/\/radiolitoral.com\/#\/schema\/logo\/image\/"},"sameAs":["https:\/\/www.facebook.com\/Laradiolitoral\/"]},{"@type":"Person","@id":"https:\/\/radiolitoral.com\/#\/schema\/person\/7b1480b5caeb5acdd4ec6379caf62b22","name":"Javier Zamora","image":{"@type":"ImageObject","inLanguage":"ca","@id":"https:\/\/secure.gravatar.com\/avatar\/467a11f6918c7d619c4043fc6fa2d3853053107973f05b6e9c04ea6c4e3a7b3f?s=96&d=mm&r=g","url":"https:\/\/secure.gravatar.com\/avatar\/467a11f6918c7d619c4043fc6fa2d3853053107973f05b6e9c04ea6c4e3a7b3f?s=96&d=mm&r=g","contentUrl":"https:\/\/secure.gravatar.com\/avatar\/467a11f6918c7d619c4043fc6fa2d3853053107973f05b6e9c04ea6c4e3a7b3f?s=96&d=mm&r=g","caption":"Javier Zamora"},"url":"https:\/\/radiolitoral.com\/ca\/author\/javier-zamora\/"}]}},"_links":{"self":[{"href":"https:\/\/radiolitoral.com\/ca\/wp-json\/wp\/v2\/posts\/8680","targetHints":{"allow":["GET"]}}],"collection":[{"href":"https:\/\/radiolitoral.com\/ca\/wp-json\/wp\/v2\/posts"}],"about":[{"href":"https:\/\/radiolitoral.com\/ca\/wp-json\/wp\/v2\/types\/post"}],"author":[{"embeddable":true,"href":"https:\/\/radiolitoral.com\/ca\/wp-json\/wp\/v2\/users\/12"}],"replies":[{"embeddable":true,"href":"https:\/\/radiolitoral.com\/ca\/wp-json\/wp\/v2\/comments?post=8680"}],"version-history":[{"count":2,"href":"https:\/\/radiolitoral.com\/ca\/wp-json\/wp\/v2\/posts\/8680\/revisions"}],"predecessor-version":[{"id":8683,"href":"https:\/\/radiolitoral.com\/ca\/wp-json\/wp\/v2\/posts\/8680\/revisions\/8683"}],"wp:featuredmedia":[{"embeddable":true,"href":"https:\/\/radiolitoral.com\/ca\/wp-json\/wp\/v2\/media\/8681"}],"wp:attachment":[{"href":"https:\/\/radiolitoral.com\/ca\/wp-json\/wp\/v2\/media?parent=8680"}],"wp:term":[{"taxonomy":"category","embeddable":true,"href":"https:\/\/radiolitoral.com\/ca\/wp-json\/wp\/v2\/categories?post=8680"},{"taxonomy":"post_tag","embeddable":true,"href":"https:\/\/radiolitoral.com\/ca\/wp-json\/wp\/v2\/tags?post=8680"}],"curies":[{"name":"wp","href":"https:\/\/api.w.org\/{rel}","templated":true}]}}