{"id":8647,"date":"2024-05-02T14:57:48","date_gmt":"2024-05-02T12:57:48","guid":{"rendered":"https:\/\/radiolitoral.com\/?p=8647"},"modified":"2024-05-02T14:57:48","modified_gmt":"2024-05-02T12:57:48","slug":"xabia-aprova-una-modificacio-de-credits-per-mes-de-13-milions-deuros","status":"publish","type":"post","link":"https:\/\/radiolitoral.com\/ca\/2024\/05\/xabia-aprueba-una-modificacion-de-creditos-por-mas-de-13-millones-de-euros\/","title":{"rendered":"La X\u00e0bia aprova una modificaci\u00f3 de cr\u00e8dits per m\u00e9s de 13 milions d&#039;euros"},"content":{"rendered":"<div class=\"flex-1 overflow-hidden\">\n<div class=\"react-scroll-to-bottom--css-deqdu-79elbk h-full\">\n<div class=\"react-scroll-to-bottom--css-deqdu-1n7m0yu\">\n<div>\n<div class=\"flex flex-col text-sm pb-9\">\n<div class=\"w-full text-token-text-primary\" dir=\"auto\" data-testid=\"conversation-turn-3\" data-scroll-anchor=\"true\">\n<div class=\"px-4 py-2 justify-center text-base md:gap-6 m-auto\">\n<div class=\"flex flex-1 text-base mx-auto gap-3 juice:gap-4 juice:md:gap-6 md:px-5 lg:px-1 xl:px-5 md:max-w-3xl lg:max-w-[40rem] xl:max-w-[48rem]\">\n<div class=\"relative flex w-full min-w-0 flex-col agent-turn\">\n<div class=\"flex-col gap-1 md:gap-3\">\n<div class=\"flex flex-grow flex-col max-w-full\">\n<div class=\"min-h-[20px] text-message flex flex-col items-start gap-3 whitespace-pre-wrap break-words [.text-message+&amp;]:mt-5 overflow-x-auto\" dir=\"auto\" data-message-author-role=\"assistant\" data-message-id=\"8ff92912-cf0e-4f11-82a7-d9851d7ccd9d\">\n<div class=\"markdown prose w-full break-words dark:prose-invert light\">\n<p>El <strong>Ayuntamiento de X\u00e0bia<\/strong> ha aprobado una significativa <strong>modificaci\u00f3n de cr\u00e9ditos<\/strong> por un total de <strong>13,8 millones de euros<\/strong>, provenientes del <strong>remanente de tesorer\u00eda<\/strong>. Esta decisi\u00f3n financiera refleja la robusta posici\u00f3n econ\u00f3mica del municipio, destac\u00e1ndose un <strong>super\u00e1vit<\/strong> de <strong>5 millones de euros<\/strong> y un remanente de tesorer\u00eda que asciende a casi <strong>50 millones de euros<\/strong>.<\/p>\n<p>Entre las partidas m\u00e1s destacadas, el <strong>equipo de gobierno<\/strong> formado por PP, CpJ y Vox, ha decidido invertir <strong>un mill\u00f3n de euros<\/strong> en un <strong>Plan de Asfaltado<\/strong> y <strong>medio mill\u00f3n de euros<\/strong> en <strong>mejoras de parques y jardines<\/strong>. Asimismo, se destinar\u00e1n <strong>200.000 euros<\/strong> para nuevo <strong>mobiliario en parques<\/strong> en la zona del Arenal, <strong>400.000 euros<\/strong> para la <strong>compra de vivienda social<\/strong> y otros <strong>200.000 euros<\/strong> para <strong>mejoras de seguridad peatonal<\/strong> en el Primer Muntanyar, incluyendo la instalaci\u00f3n de una <strong>barandilla<\/strong> que separar\u00e1 el carril peatonal del de tr\u00e1fico. Adem\u00e1s, se cambiar\u00e1 el <strong>sentido de circulaci\u00f3n<\/strong>, que ahora ser\u00e1 del Arenal al Puerto, y se asignar\u00e1 una partida para <strong>ca\u00f1ones contra incendios<\/strong>.<\/p>\n<p>Durante el <strong>pleno extraordinario<\/strong> celebrado esta ma\u00f1ana, donde se aprob\u00f3 esta medida, hubo votos favorables del tripartito y la abstenci\u00f3n de la oposici\u00f3n, representada por PSPV-PSOE y Comprom\u00eds per X\u00e0bia.<\/p>\n<p>La controversia surgi\u00f3 en el debate, cuando el concejal socialista <strong>Josep Vicent Miralles<\/strong> critic\u00f3 los <strong>90.000 euros<\/strong> destinados a <strong>publicidad en medios de comunicaci\u00f3n<\/strong>. Miralles destac\u00f3 que esta cantidad, equivalente a \u00ab15.000 euros al mes\u00bb, se dedicar\u00eda a lo que \u00e9l considera \u00abautobombo en medios\u00bb. Adem\u00e1s, critic\u00f3 la elecci\u00f3n de medios \u00absin arraigo en la comarca\u00bb.<\/p>\n<p>En respuesta, la edil de Hacienda, <strong>Teresa Legay<\/strong>, mencion\u00f3 que los <strong>90.000 euros<\/strong> son el presupuesto inicial, pero que actualmente se est\u00e1n preparando los pliegos por un monto algo menor, de <strong>60.000 euros<\/strong>.<\/p>\n<\/div>\n<\/div>\n<\/div>\n<\/div>\n<\/div>\n<\/div>\n<\/div>\n<\/div>\n<\/div>\n<\/div>\n<\/div>\n<\/div>\n<\/div>\n","protected":false},"excerpt":{"rendered":"<p>El Ayuntamiento de X\u00e0bia ha aprobado una significativa modificaci\u00f3n de cr\u00e9ditos por un total de 13,8 millones de euros, provenientes del remanente de tesorer\u00eda. Esta decisi\u00f3n financiera refleja la robusta posici\u00f3n econ\u00f3mica del municipio, destac\u00e1ndose un super\u00e1vit de 5 millones de euros y un remanente de tesorer\u00eda que asciende a casi 50 millones de euros. [&#8230;]<\/p>\n<p><a class=\"btn btn-secondary understrap-read-more-link\" href=\"https:\/\/radiolitoral.com\/ca\/2024\/05\/xabia-aprueba-una-modificacion-de-creditos-por-mas-de-13-millones-de-euros\/\">Continua llegint&#8230;<span class=\"screen-reader-text\"> from X\u00e0bia aprueba una modificaci\u00f3n de cr\u00e9ditos por m\u00e1s de 13 millones de euros<\/span><\/a><\/p>\n","protected":false},"author":13,"featured_media":8649,"comment_status":"open","ping_status":"closed","sticky":false,"template":"","format":"standard","meta":{"_acf_changed":false,"inline_featured_image":false,"footnotes":""},"categories":[13],"tags":[1298,708,976,196],"class_list":["post-8647","post","type-post","status-publish","format-standard","has-post-thumbnail","hentry","category-politica","tag-hacienda-local","tag-politica","tag-politica-municipal","tag-xabia","cobertura-xabia"],"acf":[],"yoast_head":"<!-- This site is optimized with the Yoast SEO plugin v27.5 - https:\/\/yoast.com\/product\/yoast-seo-wordpress\/ -->\n<title>X\u00e0bia aprueba una modificaci\u00f3n de cr\u00e9ditos por m\u00e1s de 13 millones de euros | R\u00e0dio Litoral<\/title>\n<meta name=\"description\" content=\"El PSOE critica la partida de 90.000 euros para publicidad en medios de comunicaci\u00f3n El PSOE critica la partida de 90.000 euros para publicidad en medios de comunicaci\u00f3n\" \/>\n<meta name=\"robots\" content=\"index, follow, max-snippet:-1, max-image-preview:large, max-video-preview:-1\" \/>\n<link rel=\"canonical\" href=\"https:\/\/radiolitoral.com\/ca\/2024\/05\/xabia-aprova-una-modificacio-de-credits-per-mes-de-13-milions-deuros\/\" \/>\n<meta property=\"og:locale\" content=\"ca_ES\" \/>\n<meta property=\"og:type\" content=\"article\" \/>\n<meta property=\"og:title\" content=\"X\u00e0bia aprueba una modificaci\u00f3n de cr\u00e9ditos por m\u00e1s de 13 millones de euros | R\u00e0dio Litoral\" \/>\n<meta property=\"og:description\" content=\"El PSOE critica la partida de 90.000 euros para publicidad en medios de comunicaci\u00f3n El PSOE critica la partida de 90.000 euros para publicidad en medios de comunicaci\u00f3n\" \/>\n<meta property=\"og:url\" content=\"https:\/\/radiolitoral.com\/ca\/2024\/05\/xabia-aprova-una-modificacio-de-credits-per-mes-de-13-milions-deuros\/\" \/>\n<meta property=\"og:site_name\" content=\"R\u00e0dio Litoral\" \/>\n<meta property=\"article:publisher\" content=\"https:\/\/www.facebook.com\/Laradiolitoral\/\" \/>\n<meta property=\"article:published_time\" content=\"2024-05-02T12:57:48+00:00\" \/>\n<meta property=\"og:image\" content=\"https:\/\/media.radiolitoral.com\/wp-content\/uploads\/2024\/05\/02145204\/Ayuntamiento-Xabia-2.jpg\" \/>\n\t<meta property=\"og:image:width\" content=\"2560\" \/>\n\t<meta property=\"og:image:height\" content=\"1440\" \/>\n\t<meta property=\"og:image:type\" content=\"image\/jpeg\" \/>\n<meta name=\"author\" content=\"Redacci\u00f3n\" \/>\n<meta name=\"twitter:card\" content=\"summary_large_image\" \/>\n<meta name=\"twitter:label1\" content=\"Escrit per\" \/>\n\t<meta name=\"twitter:data1\" content=\"Redacci\u00f3n\" \/>\n\t<meta name=\"twitter:label2\" content=\"Temps estimat de lectura\" \/>\n\t<meta name=\"twitter:data2\" content=\"2 minuts\" \/>\n<script type=\"application\/ld+json\" class=\"yoast-schema-graph\">{\"@context\":\"https:\\\/\\\/schema.org\",\"@graph\":[{\"@type\":\"NewsArticle\",\"@id\":\"https:\\\/\\\/radiolitoral.com\\\/2024\\\/05\\\/xabia-aprueba-una-modificacion-de-creditos-por-mas-de-13-millones-de-euros\\\/#article\",\"isPartOf\":{\"@id\":\"https:\\\/\\\/radiolitoral.com\\\/2024\\\/05\\\/xabia-aprueba-una-modificacion-de-creditos-por-mas-de-13-millones-de-euros\\\/\"},\"author\":{\"name\":\"Redacci\u00f3n\",\"@id\":\"https:\\\/\\\/radiolitoral.com\\\/#\\\/schema\\\/person\\\/f2b2343c49b5d721857cc1002bfdb151\"},\"headline\":\"X\u00e0bia aprueba una modificaci\u00f3n de cr\u00e9ditos por m\u00e1s de 13 millones de euros\",\"datePublished\":\"2024-05-02T12:57:48+00:00\",\"mainEntityOfPage\":{\"@id\":\"https:\\\/\\\/radiolitoral.com\\\/2024\\\/05\\\/xabia-aprueba-una-modificacion-de-creditos-por-mas-de-13-millones-de-euros\\\/\"},\"wordCount\":320,\"commentCount\":0,\"publisher\":{\"@id\":\"https:\\\/\\\/radiolitoral.com\\\/#organization\"},\"image\":{\"@id\":\"https:\\\/\\\/radiolitoral.com\\\/2024\\\/05\\\/xabia-aprueba-una-modificacion-de-creditos-por-mas-de-13-millones-de-euros\\\/#primaryimage\"},\"thumbnailUrl\":\"https:\\\/\\\/media.radiolitoral.com\\\/wp-content\\\/uploads\\\/2024\\\/05\\\/02145204\\\/Ayuntamiento-Xabia-2.jpg\",\"keywords\":[\"hacienda local\",\"pol\u00edtica\",\"pol\u00edtica municipal\",\"X\u00e0bia.\"],\"articleSection\":[\"Pol\u00edtica\"],\"inLanguage\":\"ca\",\"potentialAction\":[{\"@type\":\"CommentAction\",\"name\":\"Comment\",\"target\":[\"https:\\\/\\\/radiolitoral.com\\\/2024\\\/05\\\/xabia-aprueba-una-modificacion-de-creditos-por-mas-de-13-millones-de-euros\\\/#respond\"]}]},{\"@type\":[\"WebPage\",\"ItemPage\"],\"@id\":\"https:\\\/\\\/radiolitoral.com\\\/2024\\\/05\\\/xabia-aprueba-una-modificacion-de-creditos-por-mas-de-13-millones-de-euros\\\/\",\"url\":\"https:\\\/\\\/radiolitoral.com\\\/2024\\\/05\\\/xabia-aprueba-una-modificacion-de-creditos-por-mas-de-13-millones-de-euros\\\/\",\"name\":\"X\u00e0bia aprueba una modificaci\u00f3n de cr\u00e9ditos por m\u00e1s de 13 millones de euros | R\u00e0dio Litoral\",\"isPartOf\":{\"@id\":\"https:\\\/\\\/radiolitoral.com\\\/#website\"},\"primaryImageOfPage\":{\"@id\":\"https:\\\/\\\/radiolitoral.com\\\/2024\\\/05\\\/xabia-aprueba-una-modificacion-de-creditos-por-mas-de-13-millones-de-euros\\\/#primaryimage\"},\"image\":{\"@id\":\"https:\\\/\\\/radiolitoral.com\\\/2024\\\/05\\\/xabia-aprueba-una-modificacion-de-creditos-por-mas-de-13-millones-de-euros\\\/#primaryimage\"},\"thumbnailUrl\":\"https:\\\/\\\/media.radiolitoral.com\\\/wp-content\\\/uploads\\\/2024\\\/05\\\/02145204\\\/Ayuntamiento-Xabia-2.jpg\",\"datePublished\":\"2024-05-02T12:57:48+00:00\",\"description\":\"El PSOE critica la partida de 90.000 euros para publicidad en medios de comunicaci\u00f3n El PSOE critica la partida de 90.000 euros para publicidad en medios de comunicaci\u00f3n\",\"breadcrumb\":{\"@id\":\"https:\\\/\\\/radiolitoral.com\\\/2024\\\/05\\\/xabia-aprueba-una-modificacion-de-creditos-por-mas-de-13-millones-de-euros\\\/#breadcrumb\"},\"inLanguage\":\"ca\",\"potentialAction\":[{\"@type\":\"ReadAction\",\"target\":[\"https:\\\/\\\/radiolitoral.com\\\/2024\\\/05\\\/xabia-aprueba-una-modificacion-de-creditos-por-mas-de-13-millones-de-euros\\\/\"]}]},{\"@type\":\"ImageObject\",\"inLanguage\":\"ca\",\"@id\":\"https:\\\/\\\/radiolitoral.com\\\/2024\\\/05\\\/xabia-aprueba-una-modificacion-de-creditos-por-mas-de-13-millones-de-euros\\\/#primaryimage\",\"url\":\"https:\\\/\\\/media.radiolitoral.com\\\/wp-content\\\/uploads\\\/2024\\\/05\\\/02145204\\\/Ayuntamiento-Xabia-2.jpg\",\"contentUrl\":\"https:\\\/\\\/media.radiolitoral.com\\\/wp-content\\\/uploads\\\/2024\\\/05\\\/02145204\\\/Ayuntamiento-Xabia-2.jpg\",\"width\":2560,\"height\":1440},{\"@type\":\"BreadcrumbList\",\"@id\":\"https:\\\/\\\/radiolitoral.com\\\/2024\\\/05\\\/xabia-aprueba-una-modificacion-de-creditos-por-mas-de-13-millones-de-euros\\\/#breadcrumb\",\"itemListElement\":[{\"@type\":\"ListItem\",\"position\":1,\"name\":\"Portada\",\"item\":\"https:\\\/\\\/radiolitoral.com\\\/\"},{\"@type\":\"ListItem\",\"position\":2,\"name\":\"X\u00e0bia aprueba una modificaci\u00f3n de cr\u00e9ditos por m\u00e1s de 13 millones de euros\"}]},{\"@type\":\"WebSite\",\"@id\":\"https:\\\/\\\/radiolitoral.com\\\/#website\",\"url\":\"https:\\\/\\\/radiolitoral.com\\\/\",\"name\":\"Radio Litoral\",\"description\":\"La radio local de la Marina Alta\",\"publisher\":{\"@id\":\"https:\\\/\\\/radiolitoral.com\\\/#organization\"},\"alternateName\":\"Litoral FM\",\"potentialAction\":[{\"@type\":\"SearchAction\",\"target\":{\"@type\":\"EntryPoint\",\"urlTemplate\":\"https:\\\/\\\/radiolitoral.com\\\/?s={search_term_string}\"},\"query-input\":{\"@type\":\"PropertyValueSpecification\",\"valueRequired\":true,\"valueName\":\"search_term_string\"}}],\"inLanguage\":\"ca\"},{\"@type\":\"Organization\",\"@id\":\"https:\\\/\\\/radiolitoral.com\\\/#organization\",\"name\":\"Radio Litoral\",\"url\":\"https:\\\/\\\/radiolitoral.com\\\/\",\"logo\":{\"@type\":\"ImageObject\",\"inLanguage\":\"ca\",\"@id\":\"https:\\\/\\\/radiolitoral.com\\\/#\\\/schema\\\/logo\\\/image\\\/\",\"url\":\"https:\\\/\\\/media.radiolitoral.com\\\/wp-content\\\/uploads\\\/2023\\\/02\\\/24143238\\\/CL-V-RadioLitoral696.png\",\"contentUrl\":\"https:\\\/\\\/media.radiolitoral.com\\\/wp-content\\\/uploads\\\/2023\\\/02\\\/24143238\\\/CL-V-RadioLitoral696.png\",\"width\":696,\"height\":696,\"caption\":\"Radio Litoral\"},\"image\":{\"@id\":\"https:\\\/\\\/radiolitoral.com\\\/#\\\/schema\\\/logo\\\/image\\\/\"},\"sameAs\":[\"https:\\\/\\\/www.facebook.com\\\/Laradiolitoral\\\/\"]},{\"@type\":\"Person\",\"@id\":\"https:\\\/\\\/radiolitoral.com\\\/#\\\/schema\\\/person\\\/f2b2343c49b5d721857cc1002bfdb151\",\"name\":\"Redacci\u00f3n\",\"image\":{\"@type\":\"ImageObject\",\"inLanguage\":\"ca\",\"@id\":\"https:\\\/\\\/secure.gravatar.com\\\/avatar\\\/f771d896c203ad8b3382d7905cfcce5a5c9b008b84b3cd9114e9b9f4cb63f789?s=96&d=mm&r=g\",\"url\":\"https:\\\/\\\/secure.gravatar.com\\\/avatar\\\/f771d896c203ad8b3382d7905cfcce5a5c9b008b84b3cd9114e9b9f4cb63f789?s=96&d=mm&r=g\",\"contentUrl\":\"https:\\\/\\\/secure.gravatar.com\\\/avatar\\\/f771d896c203ad8b3382d7905cfcce5a5c9b008b84b3cd9114e9b9f4cb63f789?s=96&d=mm&r=g\",\"caption\":\"Redacci\u00f3n\"},\"url\":\"https:\\\/\\\/radiolitoral.com\\\/ca\\\/author\\\/miriam-pagan\\\/\"}]}<\/script>\n<!-- \/ Yoast SEO plugin. -->","yoast_head_json":{"title":"X\u00e0bia aprova una modificaci\u00f3 de cr\u00e8dits per m\u00e9s de 13 milions d?euros | R\u00e0dio Litoral","description":"El PSOE critica la partida de 90.000 euros per a publicitat als mitjans de comunicaci\u00f3 El PSOE critica la partida de 90.000 euros per a publicitat als mitjans de comunicaci\u00f3","robots":{"index":"index","follow":"follow","max-snippet":"max-snippet:-1","max-image-preview":"max-image-preview:large","max-video-preview":"max-video-preview:-1"},"canonical":"https:\/\/radiolitoral.com\/ca\/2024\/05\/xabia-aprova-una-modificacio-de-credits-per-mes-de-13-milions-deuros\/","og_locale":"ca_ES","og_type":"article","og_title":"X\u00e0bia aprueba una modificaci\u00f3n de cr\u00e9ditos por m\u00e1s de 13 millones de euros | R\u00e0dio Litoral","og_description":"El PSOE critica la partida de 90.000 euros para publicidad en medios de comunicaci\u00f3n El PSOE critica la partida de 90.000 euros para publicidad en medios de comunicaci\u00f3n","og_url":"https:\/\/radiolitoral.com\/ca\/2024\/05\/xabia-aprova-una-modificacio-de-credits-per-mes-de-13-milions-deuros\/","og_site_name":"R\u00e0dio Litoral","article_publisher":"https:\/\/www.facebook.com\/Laradiolitoral\/","article_published_time":"2024-05-02T12:57:48+00:00","og_image":[{"width":2560,"height":1440,"url":"https:\/\/media.radiolitoral.com\/wp-content\/uploads\/2024\/05\/02145204\/Ayuntamiento-Xabia-2.jpg","type":"image\/jpeg"}],"author":"Redacci\u00f3n","twitter_card":"summary_large_image","twitter_misc":{"Escrit per":"Redacci\u00f3n","Temps estimat de lectura":"2 minuts"},"schema":{"@context":"https:\/\/schema.org","@graph":[{"@type":"NewsArticle","@id":"https:\/\/radiolitoral.com\/2024\/05\/xabia-aprueba-una-modificacion-de-creditos-por-mas-de-13-millones-de-euros\/#article","isPartOf":{"@id":"https:\/\/radiolitoral.com\/2024\/05\/xabia-aprueba-una-modificacion-de-creditos-por-mas-de-13-millones-de-euros\/"},"author":{"name":"Redacci\u00f3n","@id":"https:\/\/radiolitoral.com\/#\/schema\/person\/f2b2343c49b5d721857cc1002bfdb151"},"headline":"X\u00e0bia aprueba una modificaci\u00f3n de cr\u00e9ditos por m\u00e1s de 13 millones de euros","datePublished":"2024-05-02T12:57:48+00:00","mainEntityOfPage":{"@id":"https:\/\/radiolitoral.com\/2024\/05\/xabia-aprueba-una-modificacion-de-creditos-por-mas-de-13-millones-de-euros\/"},"wordCount":320,"commentCount":0,"publisher":{"@id":"https:\/\/radiolitoral.com\/#organization"},"image":{"@id":"https:\/\/radiolitoral.com\/2024\/05\/xabia-aprueba-una-modificacion-de-creditos-por-mas-de-13-millones-de-euros\/#primaryimage"},"thumbnailUrl":"https:\/\/media.radiolitoral.com\/wp-content\/uploads\/2024\/05\/02145204\/Ayuntamiento-Xabia-2.jpg","keywords":["hacienda local","pol\u00edtica","pol\u00edtica municipal","X\u00e0bia."],"articleSection":["Pol\u00edtica"],"inLanguage":"ca","potentialAction":[{"@type":"CommentAction","name":"Comment","target":["https:\/\/radiolitoral.com\/2024\/05\/xabia-aprueba-una-modificacion-de-creditos-por-mas-de-13-millones-de-euros\/#respond"]}]},{"@type":["WebPage","ItemPage"],"@id":"https:\/\/radiolitoral.com\/2024\/05\/xabia-aprueba-una-modificacion-de-creditos-por-mas-de-13-millones-de-euros\/","url":"https:\/\/radiolitoral.com\/2024\/05\/xabia-aprueba-una-modificacion-de-creditos-por-mas-de-13-millones-de-euros\/","name":"X\u00e0bia aprova una modificaci\u00f3 de cr\u00e8dits per m\u00e9s de 13 milions d?euros | R\u00e0dio Litoral","isPartOf":{"@id":"https:\/\/radiolitoral.com\/#website"},"primaryImageOfPage":{"@id":"https:\/\/radiolitoral.com\/2024\/05\/xabia-aprueba-una-modificacion-de-creditos-por-mas-de-13-millones-de-euros\/#primaryimage"},"image":{"@id":"https:\/\/radiolitoral.com\/2024\/05\/xabia-aprueba-una-modificacion-de-creditos-por-mas-de-13-millones-de-euros\/#primaryimage"},"thumbnailUrl":"https:\/\/media.radiolitoral.com\/wp-content\/uploads\/2024\/05\/02145204\/Ayuntamiento-Xabia-2.jpg","datePublished":"2024-05-02T12:57:48+00:00","description":"El PSOE critica la partida de 90.000 euros per a publicitat als mitjans de comunicaci\u00f3 El PSOE critica la partida de 90.000 euros per a publicitat als mitjans de comunicaci\u00f3","breadcrumb":{"@id":"https:\/\/radiolitoral.com\/2024\/05\/xabia-aprueba-una-modificacion-de-creditos-por-mas-de-13-millones-de-euros\/#breadcrumb"},"inLanguage":"ca","potentialAction":[{"@type":"ReadAction","target":["https:\/\/radiolitoral.com\/2024\/05\/xabia-aprueba-una-modificacion-de-creditos-por-mas-de-13-millones-de-euros\/"]}]},{"@type":"ImageObject","inLanguage":"ca","@id":"https:\/\/radiolitoral.com\/2024\/05\/xabia-aprueba-una-modificacion-de-creditos-por-mas-de-13-millones-de-euros\/#primaryimage","url":"https:\/\/media.radiolitoral.com\/wp-content\/uploads\/2024\/05\/02145204\/Ayuntamiento-Xabia-2.jpg","contentUrl":"https:\/\/media.radiolitoral.com\/wp-content\/uploads\/2024\/05\/02145204\/Ayuntamiento-Xabia-2.jpg","width":2560,"height":1440},{"@type":"BreadcrumbList","@id":"https:\/\/radiolitoral.com\/2024\/05\/xabia-aprueba-una-modificacion-de-creditos-por-mas-de-13-millones-de-euros\/#breadcrumb","itemListElement":[{"@type":"ListItem","position":1,"name":"Portada","item":"https:\/\/radiolitoral.com\/"},{"@type":"ListItem","position":2,"name":"X\u00e0bia aprueba una modificaci\u00f3n de cr\u00e9ditos por m\u00e1s de 13 millones de euros"}]},{"@type":"WebSite","@id":"https:\/\/radiolitoral.com\/#website","url":"https:\/\/radiolitoral.com\/","name":"R\u00e0dio Litoral","description":"La r\u00e0dio local de la Marina Alta","publisher":{"@id":"https:\/\/radiolitoral.com\/#organization"},"alternateName":"Litoral FM","potentialAction":[{"@type":"SearchAction","target":{"@type":"EntryPoint","urlTemplate":"https:\/\/radiolitoral.com\/?s={search_term_string}"},"query-input":{"@type":"PropertyValueSpecification","valueRequired":true,"valueName":"search_term_string"}}],"inLanguage":"ca"},{"@type":"Organization","@id":"https:\/\/radiolitoral.com\/#organization","name":"R\u00e0dio Litoral","url":"https:\/\/radiolitoral.com\/","logo":{"@type":"ImageObject","inLanguage":"ca","@id":"https:\/\/radiolitoral.com\/#\/schema\/logo\/image\/","url":"https:\/\/media.radiolitoral.com\/wp-content\/uploads\/2023\/02\/24143238\/CL-V-RadioLitoral696.png","contentUrl":"https:\/\/media.radiolitoral.com\/wp-content\/uploads\/2023\/02\/24143238\/CL-V-RadioLitoral696.png","width":696,"height":696,"caption":"Radio Litoral"},"image":{"@id":"https:\/\/radiolitoral.com\/#\/schema\/logo\/image\/"},"sameAs":["https:\/\/www.facebook.com\/Laradiolitoral\/"]},{"@type":"Person","@id":"https:\/\/radiolitoral.com\/#\/schema\/person\/f2b2343c49b5d721857cc1002bfdb151","name":"Redacci\u00f3","image":{"@type":"ImageObject","inLanguage":"ca","@id":"https:\/\/secure.gravatar.com\/avatar\/f771d896c203ad8b3382d7905cfcce5a5c9b008b84b3cd9114e9b9f4cb63f789?s=96&d=mm&r=g","url":"https:\/\/secure.gravatar.com\/avatar\/f771d896c203ad8b3382d7905cfcce5a5c9b008b84b3cd9114e9b9f4cb63f789?s=96&d=mm&r=g","contentUrl":"https:\/\/secure.gravatar.com\/avatar\/f771d896c203ad8b3382d7905cfcce5a5c9b008b84b3cd9114e9b9f4cb63f789?s=96&d=mm&r=g","caption":"Redacci\u00f3n"},"url":"https:\/\/radiolitoral.com\/ca\/author\/miriam-pagan\/"}]}},"_links":{"self":[{"href":"https:\/\/radiolitoral.com\/ca\/wp-json\/wp\/v2\/posts\/8647","targetHints":{"allow":["GET"]}}],"collection":[{"href":"https:\/\/radiolitoral.com\/ca\/wp-json\/wp\/v2\/posts"}],"about":[{"href":"https:\/\/radiolitoral.com\/ca\/wp-json\/wp\/v2\/types\/post"}],"author":[{"embeddable":true,"href":"https:\/\/radiolitoral.com\/ca\/wp-json\/wp\/v2\/users\/13"}],"replies":[{"embeddable":true,"href":"https:\/\/radiolitoral.com\/ca\/wp-json\/wp\/v2\/comments?post=8647"}],"version-history":[{"count":1,"href":"https:\/\/radiolitoral.com\/ca\/wp-json\/wp\/v2\/posts\/8647\/revisions"}],"predecessor-version":[{"id":8650,"href":"https:\/\/radiolitoral.com\/ca\/wp-json\/wp\/v2\/posts\/8647\/revisions\/8650"}],"wp:featuredmedia":[{"embeddable":true,"href":"https:\/\/radiolitoral.com\/ca\/wp-json\/wp\/v2\/media\/8649"}],"wp:attachment":[{"href":"https:\/\/radiolitoral.com\/ca\/wp-json\/wp\/v2\/media?parent=8647"}],"wp:term":[{"taxonomy":"category","embeddable":true,"href":"https:\/\/radiolitoral.com\/ca\/wp-json\/wp\/v2\/categories?post=8647"},{"taxonomy":"post_tag","embeddable":true,"href":"https:\/\/radiolitoral.com\/ca\/wp-json\/wp\/v2\/tags?post=8647"}],"curies":[{"name":"wp","href":"https:\/\/api.w.org\/{rel}","templated":true}]}}