{"id":8632,"date":"2024-05-01T17:20:04","date_gmt":"2024-05-01T15:20:04","guid":{"rendered":"https:\/\/radiolitoral.com\/?p=8632"},"modified":"2024-05-01T17:20:04","modified_gmt":"2024-05-01T15:20:04","slug":"victoria-de-la-ut-calp-per-seguir-sonant-amb-lascens-2","status":"publish","type":"post","link":"https:\/\/radiolitoral.com\/ca\/2024\/05\/victoria-de-la-ud-calpe-para-seguir-sonando-con-el-ascenso-2\/","title":{"rendered":"Triomf molt treballat de la UD Calp davant el CD Eldense B (1-0)"},"content":{"rendered":"<p>Al camp municipal de Calp es va viure un mat\u00ed de molts contrastos. Hi va haver sol, vent, pluja, domini local, penal, expulsions i sobretot feina molta feina i solidaritat per part de l&#039;equip local. Al final vict\u00f2ria per a la <strong>UD Calp<\/strong> davant el <strong>CD Eldense B<\/strong> per <strong>1 a 0<\/strong>.<\/p>\n<p>A l&#039;arrencada del xoc els homes que entrena <strong>Lauro Techeria <\/strong>van sortir amb molt de ritme, tenint diverses arribades a l&#039;\u00e0rea visitant amb cert perill. Al minut 9 una passada interior de Michael va ser tallada pel bra\u00e7 d&#039;un defensor visitant, l&#039;\u00e0rbitre va castigar l&#039;acci\u00f3 amb pena m\u00e0xima. <strong>Fede<\/strong> va assumir la responsabilitat i va batre amb un tir centrat al meta del CD Eldense B.<\/p>\n<p>Despr\u00e9s del gol, els visitants van arriscar m\u00e9s, van pujar la seva l\u00ednia de pressi\u00f3 i aix\u00f2 va obligar els locals a haver de rec\u00f3rrer a jugar amb pilotes llargues. A poc a poc, el CD Eldense va aconseguir el comandament en el joc. Els locals molt segurs en tasques defensives van aconseguir arribar al descans dominant al marcador.<\/p>\n<p>A la segona meitat, l&#039;equip d&#039;Elda va jugar a favor de vent i aix\u00f2 va complicar molt les coses als locals. Amb el pas dels minuts, els visitants van anar prement i va ser llavors quan va emergir la figura del meta local, Cassius. Seves van ser dues intervencions antol\u00f2giques, evitant el gol de l&#039;empat.<\/p>\n<p>Abans del darrer quart d&#039;hora del partit, els locals es van sacsejar el domini visitant i van anivellar la possessi\u00f3 de l&#039;esf\u00e8ric. L&#039;ocasi\u00f3 m\u00e9s clara la va tenir la UD Calp en un m\u00e0 a m\u00e0 d&#039;un davanter seu amb Quirant que va resoldre a favor seu el porter eldenc. S&#039;ha arribat al final del temps reglamentari despr\u00e9s de sis minuts d&#039;afegit amb el marcador d&#039;1 a 0.<\/p>\n<p>Aquests tres punts provoquen que la UD Calp recuperi la tercera pla\u00e7a a la classificaci\u00f3. Mancant 3 jornades per al final, el <strong>CF Benidorm<\/strong> ja \u00e9s equip de Tercera Divisi\u00f3, el <strong>Crevillent Esportiu<\/strong> aconsegueix el seu lloc a la promoci\u00f3 d&#039;ascens. L&#039;altra pla\u00e7a se la jugaran els calpins diumenge davant el <strong>CD Ol\u00edmpic X\u00e0tiva<\/strong>,<\/p>","protected":false},"excerpt":{"rendered":"<p>En el campo municipal de Calpe se vivi\u00f3 una ma\u00f1ana de muchos contrastes. Hubo sol, viento, lluvia, dominio local, penalty, expulsiones y sobre todo trabajo mucho trabajo y solidaridad por parte del equipo local. Al final victoria para la UD Calpe ante el CD Eldense B por 1 a 0. En el arranque del choque [&#8230;]<\/p>\n<p><a class=\"btn btn-secondary understrap-read-more-link\" href=\"https:\/\/radiolitoral.com\/ca\/2024\/05\/victoria-de-la-ud-calpe-para-seguir-sonando-con-el-ascenso-2\/\">Continua llegint&#8230;<span class=\"screen-reader-text\"> from Triunfo muy trabajado de la UD Calpe ante el CD Eldense B (1-0)<\/span><\/a><\/p>\n","protected":false},"author":12,"featured_media":8633,"comment_status":"open","ping_status":"closed","sticky":false,"template":"","format":"standard","meta":{"_acf_changed":false,"inline_featured_image":false,"footnotes":""},"categories":[5],"tags":[1295,1256,1297,1296,6,892,889],"class_list":["post-8632","post","type-post","status-publish","format-standard","has-post-thumbnail","hentry","category-deportes","tag-cd-eldense-b","tag-cd-olimpic-xativa","tag-cf-benidorm","tag-crevillente-deportivo","tag-deportes","tag-lauro-techeira","tag-ud-calpe","cobertura-calp"],"acf":[],"yoast_head":"<!-- This site is optimized with the Yoast SEO plugin v27.5 - https:\/\/yoast.com\/product\/yoast-seo-wordpress\/ -->\n<title>Triunfo muy trabajado de la UD Calpe ante el CD Eldense B (1-0) | R\u00e0dio Litoral<\/title>\n<meta name=\"description\" content=\"El tanto de penalty marcado por Fede devuelve a los calpinos a puestos de promoci\u00f3n de ascenso El tanto de penalty marcado por Fede devuelve a los calpinos a puestos de promoci\u00f3n de ascenso\" \/>\n<meta name=\"robots\" content=\"index, follow, max-snippet:-1, max-image-preview:large, max-video-preview:-1\" \/>\n<link rel=\"canonical\" href=\"https:\/\/radiolitoral.com\/ca\/2024\/05\/victoria-de-la-ut-calp-per-seguir-sonant-amb-lascens-2\/\" \/>\n<meta property=\"og:locale\" content=\"ca_ES\" \/>\n<meta property=\"og:type\" content=\"article\" \/>\n<meta property=\"og:title\" content=\"Triunfo muy trabajado de la UD Calpe ante el CD Eldense B (1-0) | R\u00e0dio Litoral\" \/>\n<meta property=\"og:description\" content=\"El tanto de penalty marcado por Fede devuelve a los calpinos a puestos de promoci\u00f3n de ascenso El tanto de penalty marcado por Fede devuelve a los calpinos a puestos de promoci\u00f3n de ascenso\" \/>\n<meta property=\"og:url\" content=\"https:\/\/radiolitoral.com\/ca\/2024\/05\/victoria-de-la-ut-calp-per-seguir-sonant-amb-lascens-2\/\" \/>\n<meta property=\"og:site_name\" content=\"R\u00e0dio Litoral\" \/>\n<meta property=\"article:publisher\" content=\"https:\/\/www.facebook.com\/Laradiolitoral\/\" \/>\n<meta property=\"article:published_time\" content=\"2024-05-01T15:20:04+00:00\" \/>\n<meta property=\"og:image\" content=\"https:\/\/media.radiolitoral.com\/wp-content\/uploads\/2024\/05\/01171626\/Fede-marcando-de-penalty-scaled.jpg\" \/>\n\t<meta property=\"og:image:width\" content=\"2560\" \/>\n\t<meta property=\"og:image:height\" content=\"1707\" \/>\n\t<meta property=\"og:image:type\" content=\"image\/jpeg\" \/>\n<meta name=\"author\" content=\"Javier Zamora\" \/>\n<meta name=\"twitter:card\" content=\"summary_large_image\" \/>\n<meta name=\"twitter:label1\" content=\"Escrit per\" \/>\n\t<meta name=\"twitter:data1\" content=\"Javier Zamora\" \/>\n\t<meta name=\"twitter:label2\" content=\"Temps estimat de lectura\" \/>\n\t<meta name=\"twitter:data2\" content=\"2 minuts\" \/>\n<script type=\"application\/ld+json\" class=\"yoast-schema-graph\">{\"@context\":\"https:\\\/\\\/schema.org\",\"@graph\":[{\"@type\":\"NewsArticle\",\"@id\":\"https:\\\/\\\/radiolitoral.com\\\/2024\\\/05\\\/victoria-de-la-ud-calpe-para-seguir-sonando-con-el-ascenso-2\\\/#article\",\"isPartOf\":{\"@id\":\"https:\\\/\\\/radiolitoral.com\\\/2024\\\/05\\\/victoria-de-la-ud-calpe-para-seguir-sonando-con-el-ascenso-2\\\/\"},\"author\":{\"name\":\"Javier Zamora\",\"@id\":\"https:\\\/\\\/radiolitoral.com\\\/#\\\/schema\\\/person\\\/7b1480b5caeb5acdd4ec6379caf62b22\"},\"headline\":\"Triunfo muy trabajado de la UD Calpe ante el CD Eldense B (1-0)\",\"datePublished\":\"2024-05-01T15:20:04+00:00\",\"mainEntityOfPage\":{\"@id\":\"https:\\\/\\\/radiolitoral.com\\\/2024\\\/05\\\/victoria-de-la-ud-calpe-para-seguir-sonando-con-el-ascenso-2\\\/\"},\"wordCount\":377,\"commentCount\":0,\"publisher\":{\"@id\":\"https:\\\/\\\/radiolitoral.com\\\/#organization\"},\"image\":{\"@id\":\"https:\\\/\\\/radiolitoral.com\\\/2024\\\/05\\\/victoria-de-la-ud-calpe-para-seguir-sonando-con-el-ascenso-2\\\/#primaryimage\"},\"thumbnailUrl\":\"https:\\\/\\\/media.radiolitoral.com\\\/wp-content\\\/uploads\\\/2024\\\/05\\\/01171626\\\/Fede-marcando-de-penalty-scaled.jpg\",\"keywords\":[\"CD Eldense B\",\"CD Ol\u00edmpic X\u00e0tiva\",\"CF Benidorm\",\"Crevillente Deportivo\",\"deportes\",\"Lauro Techeira\",\"UD Calpe\"],\"articleSection\":[\"Deportes\"],\"inLanguage\":\"ca\",\"potentialAction\":[{\"@type\":\"CommentAction\",\"name\":\"Comment\",\"target\":[\"https:\\\/\\\/radiolitoral.com\\\/2024\\\/05\\\/victoria-de-la-ud-calpe-para-seguir-sonando-con-el-ascenso-2\\\/#respond\"]}]},{\"@type\":[\"WebPage\",\"ItemPage\"],\"@id\":\"https:\\\/\\\/radiolitoral.com\\\/2024\\\/05\\\/victoria-de-la-ud-calpe-para-seguir-sonando-con-el-ascenso-2\\\/\",\"url\":\"https:\\\/\\\/radiolitoral.com\\\/2024\\\/05\\\/victoria-de-la-ud-calpe-para-seguir-sonando-con-el-ascenso-2\\\/\",\"name\":\"Triunfo muy trabajado de la UD Calpe ante el CD Eldense B (1-0) | R\u00e0dio Litoral\",\"isPartOf\":{\"@id\":\"https:\\\/\\\/radiolitoral.com\\\/#website\"},\"primaryImageOfPage\":{\"@id\":\"https:\\\/\\\/radiolitoral.com\\\/2024\\\/05\\\/victoria-de-la-ud-calpe-para-seguir-sonando-con-el-ascenso-2\\\/#primaryimage\"},\"image\":{\"@id\":\"https:\\\/\\\/radiolitoral.com\\\/2024\\\/05\\\/victoria-de-la-ud-calpe-para-seguir-sonando-con-el-ascenso-2\\\/#primaryimage\"},\"thumbnailUrl\":\"https:\\\/\\\/media.radiolitoral.com\\\/wp-content\\\/uploads\\\/2024\\\/05\\\/01171626\\\/Fede-marcando-de-penalty-scaled.jpg\",\"datePublished\":\"2024-05-01T15:20:04+00:00\",\"description\":\"El tanto de penalty marcado por Fede devuelve a los calpinos a puestos de promoci\u00f3n de ascenso El tanto de penalty marcado por Fede devuelve a los calpinos a puestos de promoci\u00f3n de ascenso\",\"breadcrumb\":{\"@id\":\"https:\\\/\\\/radiolitoral.com\\\/2024\\\/05\\\/victoria-de-la-ud-calpe-para-seguir-sonando-con-el-ascenso-2\\\/#breadcrumb\"},\"inLanguage\":\"ca\",\"potentialAction\":[{\"@type\":\"ReadAction\",\"target\":[\"https:\\\/\\\/radiolitoral.com\\\/2024\\\/05\\\/victoria-de-la-ud-calpe-para-seguir-sonando-con-el-ascenso-2\\\/\"]}]},{\"@type\":\"ImageObject\",\"inLanguage\":\"ca\",\"@id\":\"https:\\\/\\\/radiolitoral.com\\\/2024\\\/05\\\/victoria-de-la-ud-calpe-para-seguir-sonando-con-el-ascenso-2\\\/#primaryimage\",\"url\":\"https:\\\/\\\/media.radiolitoral.com\\\/wp-content\\\/uploads\\\/2024\\\/05\\\/01171626\\\/Fede-marcando-de-penalty-scaled.jpg\",\"contentUrl\":\"https:\\\/\\\/media.radiolitoral.com\\\/wp-content\\\/uploads\\\/2024\\\/05\\\/01171626\\\/Fede-marcando-de-penalty-scaled.jpg\",\"width\":2560,\"height\":1707},{\"@type\":\"BreadcrumbList\",\"@id\":\"https:\\\/\\\/radiolitoral.com\\\/2024\\\/05\\\/victoria-de-la-ud-calpe-para-seguir-sonando-con-el-ascenso-2\\\/#breadcrumb\",\"itemListElement\":[{\"@type\":\"ListItem\",\"position\":1,\"name\":\"Portada\",\"item\":\"https:\\\/\\\/radiolitoral.com\\\/\"},{\"@type\":\"ListItem\",\"position\":2,\"name\":\"Triunfo muy trabajado de la UD Calpe ante el CD Eldense B (1-0)\"}]},{\"@type\":\"WebSite\",\"@id\":\"https:\\\/\\\/radiolitoral.com\\\/#website\",\"url\":\"https:\\\/\\\/radiolitoral.com\\\/\",\"name\":\"Radio Litoral\",\"description\":\"La radio local de la Marina Alta\",\"publisher\":{\"@id\":\"https:\\\/\\\/radiolitoral.com\\\/#organization\"},\"alternateName\":\"Litoral FM\",\"potentialAction\":[{\"@type\":\"SearchAction\",\"target\":{\"@type\":\"EntryPoint\",\"urlTemplate\":\"https:\\\/\\\/radiolitoral.com\\\/?s={search_term_string}\"},\"query-input\":{\"@type\":\"PropertyValueSpecification\",\"valueRequired\":true,\"valueName\":\"search_term_string\"}}],\"inLanguage\":\"ca\"},{\"@type\":\"Organization\",\"@id\":\"https:\\\/\\\/radiolitoral.com\\\/#organization\",\"name\":\"Radio Litoral\",\"url\":\"https:\\\/\\\/radiolitoral.com\\\/\",\"logo\":{\"@type\":\"ImageObject\",\"inLanguage\":\"ca\",\"@id\":\"https:\\\/\\\/radiolitoral.com\\\/#\\\/schema\\\/logo\\\/image\\\/\",\"url\":\"https:\\\/\\\/media.radiolitoral.com\\\/wp-content\\\/uploads\\\/2023\\\/02\\\/24143238\\\/CL-V-RadioLitoral696.png\",\"contentUrl\":\"https:\\\/\\\/media.radiolitoral.com\\\/wp-content\\\/uploads\\\/2023\\\/02\\\/24143238\\\/CL-V-RadioLitoral696.png\",\"width\":696,\"height\":696,\"caption\":\"Radio Litoral\"},\"image\":{\"@id\":\"https:\\\/\\\/radiolitoral.com\\\/#\\\/schema\\\/logo\\\/image\\\/\"},\"sameAs\":[\"https:\\\/\\\/www.facebook.com\\\/Laradiolitoral\\\/\"]},{\"@type\":\"Person\",\"@id\":\"https:\\\/\\\/radiolitoral.com\\\/#\\\/schema\\\/person\\\/7b1480b5caeb5acdd4ec6379caf62b22\",\"name\":\"Javier Zamora\",\"image\":{\"@type\":\"ImageObject\",\"inLanguage\":\"ca\",\"@id\":\"https:\\\/\\\/secure.gravatar.com\\\/avatar\\\/467a11f6918c7d619c4043fc6fa2d3853053107973f05b6e9c04ea6c4e3a7b3f?s=96&d=mm&r=g\",\"url\":\"https:\\\/\\\/secure.gravatar.com\\\/avatar\\\/467a11f6918c7d619c4043fc6fa2d3853053107973f05b6e9c04ea6c4e3a7b3f?s=96&d=mm&r=g\",\"contentUrl\":\"https:\\\/\\\/secure.gravatar.com\\\/avatar\\\/467a11f6918c7d619c4043fc6fa2d3853053107973f05b6e9c04ea6c4e3a7b3f?s=96&d=mm&r=g\",\"caption\":\"Javier Zamora\"},\"url\":\"https:\\\/\\\/radiolitoral.com\\\/ca\\\/author\\\/javier-zamora\\\/\"}]}<\/script>\n<!-- \/ Yoast SEO plugin. -->","yoast_head_json":{"title":"Triomf molt treballat de la UD Calp davant el CD Eldense B (1-0) | R\u00e0dio Litoral","description":"El gol de penal marcat per Fede torna els calpins a llocs de promoci\u00f3 d&#039;ascens El gol de penal marcat per Fede torna els calpins a llocs de promoci\u00f3 d&#039;ascens","robots":{"index":"index","follow":"follow","max-snippet":"max-snippet:-1","max-image-preview":"max-image-preview:large","max-video-preview":"max-video-preview:-1"},"canonical":"https:\/\/radiolitoral.com\/ca\/2024\/05\/victoria-de-la-ut-calp-per-seguir-sonant-amb-lascens-2\/","og_locale":"ca_ES","og_type":"article","og_title":"Triunfo muy trabajado de la UD Calpe ante el CD Eldense B (1-0) | R\u00e0dio Litoral","og_description":"El tanto de penalty marcado por Fede devuelve a los calpinos a puestos de promoci\u00f3n de ascenso El tanto de penalty marcado por Fede devuelve a los calpinos a puestos de promoci\u00f3n de ascenso","og_url":"https:\/\/radiolitoral.com\/ca\/2024\/05\/victoria-de-la-ut-calp-per-seguir-sonant-amb-lascens-2\/","og_site_name":"R\u00e0dio Litoral","article_publisher":"https:\/\/www.facebook.com\/Laradiolitoral\/","article_published_time":"2024-05-01T15:20:04+00:00","og_image":[{"width":2560,"height":1707,"url":"https:\/\/media.radiolitoral.com\/wp-content\/uploads\/2024\/05\/01171626\/Fede-marcando-de-penalty-scaled.jpg","type":"image\/jpeg"}],"author":"Javier Zamora","twitter_card":"summary_large_image","twitter_misc":{"Escrit per":"Javier Zamora","Temps estimat de lectura":"2 minuts"},"schema":{"@context":"https:\/\/schema.org","@graph":[{"@type":"NewsArticle","@id":"https:\/\/radiolitoral.com\/2024\/05\/victoria-de-la-ud-calpe-para-seguir-sonando-con-el-ascenso-2\/#article","isPartOf":{"@id":"https:\/\/radiolitoral.com\/2024\/05\/victoria-de-la-ud-calpe-para-seguir-sonando-con-el-ascenso-2\/"},"author":{"name":"Javier Zamora","@id":"https:\/\/radiolitoral.com\/#\/schema\/person\/7b1480b5caeb5acdd4ec6379caf62b22"},"headline":"Triunfo muy trabajado de la UD Calpe ante el CD Eldense B (1-0)","datePublished":"2024-05-01T15:20:04+00:00","mainEntityOfPage":{"@id":"https:\/\/radiolitoral.com\/2024\/05\/victoria-de-la-ud-calpe-para-seguir-sonando-con-el-ascenso-2\/"},"wordCount":377,"commentCount":0,"publisher":{"@id":"https:\/\/radiolitoral.com\/#organization"},"image":{"@id":"https:\/\/radiolitoral.com\/2024\/05\/victoria-de-la-ud-calpe-para-seguir-sonando-con-el-ascenso-2\/#primaryimage"},"thumbnailUrl":"https:\/\/media.radiolitoral.com\/wp-content\/uploads\/2024\/05\/01171626\/Fede-marcando-de-penalty-scaled.jpg","keywords":["CD Eldense B","CD Ol\u00edmpic X\u00e0tiva","CF Benidorm","Crevillente Deportivo","deportes","Lauro Techeira","UD Calpe"],"articleSection":["Deportes"],"inLanguage":"ca","potentialAction":[{"@type":"CommentAction","name":"Comment","target":["https:\/\/radiolitoral.com\/2024\/05\/victoria-de-la-ud-calpe-para-seguir-sonando-con-el-ascenso-2\/#respond"]}]},{"@type":["WebPage","ItemPage"],"@id":"https:\/\/radiolitoral.com\/2024\/05\/victoria-de-la-ud-calpe-para-seguir-sonando-con-el-ascenso-2\/","url":"https:\/\/radiolitoral.com\/2024\/05\/victoria-de-la-ud-calpe-para-seguir-sonando-con-el-ascenso-2\/","name":"Triomf molt treballat de la UD Calp davant el CD Eldense B (1-0) | R\u00e0dio Litoral","isPartOf":{"@id":"https:\/\/radiolitoral.com\/#website"},"primaryImageOfPage":{"@id":"https:\/\/radiolitoral.com\/2024\/05\/victoria-de-la-ud-calpe-para-seguir-sonando-con-el-ascenso-2\/#primaryimage"},"image":{"@id":"https:\/\/radiolitoral.com\/2024\/05\/victoria-de-la-ud-calpe-para-seguir-sonando-con-el-ascenso-2\/#primaryimage"},"thumbnailUrl":"https:\/\/media.radiolitoral.com\/wp-content\/uploads\/2024\/05\/01171626\/Fede-marcando-de-penalty-scaled.jpg","datePublished":"2024-05-01T15:20:04+00:00","description":"El gol de penal marcat per Fede torna els calpins a llocs de promoci\u00f3 d&#039;ascens El gol de penal marcat per Fede torna els calpins a llocs de promoci\u00f3 d&#039;ascens","breadcrumb":{"@id":"https:\/\/radiolitoral.com\/2024\/05\/victoria-de-la-ud-calpe-para-seguir-sonando-con-el-ascenso-2\/#breadcrumb"},"inLanguage":"ca","potentialAction":[{"@type":"ReadAction","target":["https:\/\/radiolitoral.com\/2024\/05\/victoria-de-la-ud-calpe-para-seguir-sonando-con-el-ascenso-2\/"]}]},{"@type":"ImageObject","inLanguage":"ca","@id":"https:\/\/radiolitoral.com\/2024\/05\/victoria-de-la-ud-calpe-para-seguir-sonando-con-el-ascenso-2\/#primaryimage","url":"https:\/\/media.radiolitoral.com\/wp-content\/uploads\/2024\/05\/01171626\/Fede-marcando-de-penalty-scaled.jpg","contentUrl":"https:\/\/media.radiolitoral.com\/wp-content\/uploads\/2024\/05\/01171626\/Fede-marcando-de-penalty-scaled.jpg","width":2560,"height":1707},{"@type":"BreadcrumbList","@id":"https:\/\/radiolitoral.com\/2024\/05\/victoria-de-la-ud-calpe-para-seguir-sonando-con-el-ascenso-2\/#breadcrumb","itemListElement":[{"@type":"ListItem","position":1,"name":"Portada","item":"https:\/\/radiolitoral.com\/"},{"@type":"ListItem","position":2,"name":"Triunfo muy trabajado de la UD Calpe ante el CD Eldense B (1-0)"}]},{"@type":"WebSite","@id":"https:\/\/radiolitoral.com\/#website","url":"https:\/\/radiolitoral.com\/","name":"R\u00e0dio Litoral","description":"La r\u00e0dio local de la Marina Alta","publisher":{"@id":"https:\/\/radiolitoral.com\/#organization"},"alternateName":"Litoral FM","potentialAction":[{"@type":"SearchAction","target":{"@type":"EntryPoint","urlTemplate":"https:\/\/radiolitoral.com\/?s={search_term_string}"},"query-input":{"@type":"PropertyValueSpecification","valueRequired":true,"valueName":"search_term_string"}}],"inLanguage":"ca"},{"@type":"Organization","@id":"https:\/\/radiolitoral.com\/#organization","name":"R\u00e0dio Litoral","url":"https:\/\/radiolitoral.com\/","logo":{"@type":"ImageObject","inLanguage":"ca","@id":"https:\/\/radiolitoral.com\/#\/schema\/logo\/image\/","url":"https:\/\/media.radiolitoral.com\/wp-content\/uploads\/2023\/02\/24143238\/CL-V-RadioLitoral696.png","contentUrl":"https:\/\/media.radiolitoral.com\/wp-content\/uploads\/2023\/02\/24143238\/CL-V-RadioLitoral696.png","width":696,"height":696,"caption":"Radio Litoral"},"image":{"@id":"https:\/\/radiolitoral.com\/#\/schema\/logo\/image\/"},"sameAs":["https:\/\/www.facebook.com\/Laradiolitoral\/"]},{"@type":"Person","@id":"https:\/\/radiolitoral.com\/#\/schema\/person\/7b1480b5caeb5acdd4ec6379caf62b22","name":"Javier Zamora","image":{"@type":"ImageObject","inLanguage":"ca","@id":"https:\/\/secure.gravatar.com\/avatar\/467a11f6918c7d619c4043fc6fa2d3853053107973f05b6e9c04ea6c4e3a7b3f?s=96&d=mm&r=g","url":"https:\/\/secure.gravatar.com\/avatar\/467a11f6918c7d619c4043fc6fa2d3853053107973f05b6e9c04ea6c4e3a7b3f?s=96&d=mm&r=g","contentUrl":"https:\/\/secure.gravatar.com\/avatar\/467a11f6918c7d619c4043fc6fa2d3853053107973f05b6e9c04ea6c4e3a7b3f?s=96&d=mm&r=g","caption":"Javier Zamora"},"url":"https:\/\/radiolitoral.com\/ca\/author\/javier-zamora\/"}]}},"_links":{"self":[{"href":"https:\/\/radiolitoral.com\/ca\/wp-json\/wp\/v2\/posts\/8632","targetHints":{"allow":["GET"]}}],"collection":[{"href":"https:\/\/radiolitoral.com\/ca\/wp-json\/wp\/v2\/posts"}],"about":[{"href":"https:\/\/radiolitoral.com\/ca\/wp-json\/wp\/v2\/types\/post"}],"author":[{"embeddable":true,"href":"https:\/\/radiolitoral.com\/ca\/wp-json\/wp\/v2\/users\/12"}],"replies":[{"embeddable":true,"href":"https:\/\/radiolitoral.com\/ca\/wp-json\/wp\/v2\/comments?post=8632"}],"version-history":[{"count":2,"href":"https:\/\/radiolitoral.com\/ca\/wp-json\/wp\/v2\/posts\/8632\/revisions"}],"predecessor-version":[{"id":8635,"href":"https:\/\/radiolitoral.com\/ca\/wp-json\/wp\/v2\/posts\/8632\/revisions\/8635"}],"wp:featuredmedia":[{"embeddable":true,"href":"https:\/\/radiolitoral.com\/ca\/wp-json\/wp\/v2\/media\/8633"}],"wp:attachment":[{"href":"https:\/\/radiolitoral.com\/ca\/wp-json\/wp\/v2\/media?parent=8632"}],"wp:term":[{"taxonomy":"category","embeddable":true,"href":"https:\/\/radiolitoral.com\/ca\/wp-json\/wp\/v2\/categories?post=8632"},{"taxonomy":"post_tag","embeddable":true,"href":"https:\/\/radiolitoral.com\/ca\/wp-json\/wp\/v2\/tags?post=8632"}],"curies":[{"name":"wp","href":"https:\/\/api.w.org\/{rel}","templated":true}]}}