{"id":8594,"date":"2024-04-29T12:44:25","date_gmt":"2024-04-29T10:44:25","guid":{"rendered":"https:\/\/radiolitoral.com\/?p=8594"},"modified":"2024-04-29T12:44:25","modified_gmt":"2024-04-29T10:44:25","slug":"victoria-de-la-ut-calp-per-seguir-sonant-amb-lascens","status":"publish","type":"post","link":"https:\/\/radiolitoral.com\/ca\/2024\/04\/victoria-de-la-ud-calpe-para-seguir-sonando-con-el-ascenso\/","title":{"rendered":"Vict\u00f2ria de la UD Calp per continuar somiant amb l&#039;ascens"},"content":{"rendered":"<div class=\"flex-1 overflow-hidden\">\n<div class=\"react-scroll-to-bottom--css-bwbkc-79elbk h-full\">\n<div class=\"react-scroll-to-bottom--css-bwbkc-1n7m0yu\">\n<div class=\"flex flex-col text-sm pb-9\">\n<div class=\"w-full text-token-text-primary\" dir=\"auto\" data-testid=\"conversation-turn-241\">\n<div class=\"px-4 py-2 justify-center text-base md:gap-6 m-auto\">\n<div class=\"flex flex-1 text-base mx-auto gap-3 juice:gap-4 juice:md:gap-6 md:px-5 lg:px-1 xl:px-5 md:max-w-3xl lg:max-w-[40rem] xl:max-w-[48rem]\">\n<div class=\"relative flex w-full min-w-0 flex-col agent-turn\">\n<div class=\"flex-col gap-1 md:gap-3\">\n<div class=\"flex flex-grow flex-col max-w-full\">\n<div class=\"min-h-[20px] text-message flex flex-col items-start gap-3 whitespace-pre-wrap break-words [.text-message+&amp;]:mt-5 overflow-x-auto\" dir=\"auto\" data-message-author-role=\"assistant\" data-message-id=\"5cdf61bb-9760-4053-9070-206d80377705\">\n<div class=\"markdown prose w-full break-words dark:prose-invert light\">\n<p>El campo municipal de Calpe se visti\u00f3 de gala para acoger una demostraci\u00f3n magistral de la <strong>UD Calpe<\/strong>, que no dej\u00f3 opciones al <strong>Thader<\/strong> en un contundente triunfo por <strong>4 a 0<\/strong>. La victoria, m\u00e1s que merecida, refuerza las aspiraciones de los locales de alcanzar una posici\u00f3n privilegiada en la clasificaci\u00f3n.<\/p>\n<p>Desde el comienzo del encuentro, la UD Calpe impuso un ritmo voraz, dominando completamente las acciones y desarmando cualquier intento de resistencia del Thader. <strong>Adri\u00e1n Rubio<\/strong>, en el minuto 20, inaugur\u00f3 el marcador con un disparo que dej\u00f3 en evidencia la estrategia defensiva de los visitantes, oblig\u00e1ndolos a replantear sin \u00e9xito su t\u00e1ctica.<\/p>\n<p>El dominio local se intensific\u00f3 con el segundo gol, obra de <strong>David<\/strong>, que profundiz\u00f3 la ventaja y dej\u00f3 claro que la noche ser\u00eda larga para el Thader. La cereza del pastel la puso <strong>Fede<\/strong>, que regresaba de una sanci\u00f3n y celebr\u00f3 por partida doble, marcando dos goles que no solo sellaron la goleada sino tambi\u00e9n su destacado regreso al equipo.<\/p>\n<p>La segunda parte fue un mon\u00f3logo de la UD Calpe, manteniendo el control y cerrando cualquier puerta a la esperanza del Thader. Con este 4-0, los calpinos se preparan ahora para su pr\u00f3ximo desaf\u00edo: el encuentro del mi\u00e9rcoles en su feudo, a las 12 horas, frente al <strong>CD Eldense<\/strong>. Una victoria en ese partido podr\u00eda ser decisiva para asegurar un lugar en la promoci\u00f3n de ascenso, objetivo que ahora ven m\u00e1s cercano gracias a la solidez mostrada en su juego.<\/p>\n<\/div>\n<\/div>\n<\/div>\n<\/div>\n<\/div>\n<\/div>\n<\/div>\n<\/div>\n<\/div>\n<\/div>\n<\/div>\n<\/div>\n<div class=\"w-full pt-2 md:pt-0 dark:border-white\/20 md:border-transparent md:dark:border-transparent md:w-[calc(100%-.5rem)]\">\n<form class=\"stretch mx-2 flex flex-row gap-3 last:mb-2 md:mx-4 md:last:mb-6 lg:mx-auto lg:max-w-2xl xl:max-w-3xl\">\n<div class=\"relative flex h-full max-w-full flex-1 flex-col\">\n<div class=\"absolute bottom-full left-0 right-0\"><\/div>\n<div class=\"flex w-full items-center\"><\/div>\n<\/div>\n<\/form>\n<\/div>\n","protected":false},"excerpt":{"rendered":"<p>El campo municipal de Calpe se visti\u00f3 de gala para acoger una demostraci\u00f3n magistral de la UD Calpe, que no dej\u00f3 opciones al Thader en un contundente triunfo por 4 a 0. La victoria, m\u00e1s que merecida, refuerza las aspiraciones de los locales de alcanzar una posici\u00f3n privilegiada en la clasificaci\u00f3n. Desde el comienzo del [&#8230;]<\/p>\n<p><a class=\"btn btn-secondary understrap-read-more-link\" href=\"https:\/\/radiolitoral.com\/ca\/2024\/04\/victoria-de-la-ud-calpe-para-seguir-sonando-con-el-ascenso\/\">Continua llegint&#8230;<span class=\"screen-reader-text\"> from Victoria de la UD Calpe para seguir so\u00f1ando con el ascenso<\/span><\/a><\/p>\n","protected":false},"author":12,"featured_media":8599,"comment_status":"open","ping_status":"closed","sticky":false,"template":"","format":"standard","meta":{"_acf_changed":false,"inline_featured_image":false,"footnotes":""},"categories":[5],"tags":[1183,6,892,1173,889],"class_list":["post-8594","post","type-post","status-publish","format-standard","has-post-thumbnail","hentry","category-deportes","tag-adrian-rubio","tag-deportes","tag-lauro-techeira","tag-thader","tag-ud-calpe","cobertura-calp"],"acf":[],"yoast_head":"<!-- This site is optimized with the Yoast SEO plugin v27.5 - https:\/\/yoast.com\/product\/yoast-seo-wordpress\/ -->\n<title>Victoria de la UD Calpe para seguir so\u00f1ando con el ascenso | R\u00e0dio Litoral<\/title>\n<meta name=\"description\" content=\"El conjunto de Techeira derrot\u00f3 por 4 a 0 al Thader con tantos de Rubio, David y Fede (2) El conjunto de Techeira derrot\u00f3 por 4 a 0 al Thader con tantos de Rubio, David y Fede (2)\" \/>\n<meta name=\"robots\" content=\"index, follow, max-snippet:-1, max-image-preview:large, max-video-preview:-1\" \/>\n<link rel=\"canonical\" href=\"https:\/\/radiolitoral.com\/ca\/2024\/04\/victoria-de-la-ut-calp-per-seguir-sonant-amb-lascens\/\" \/>\n<meta property=\"og:locale\" content=\"ca_ES\" \/>\n<meta property=\"og:type\" content=\"article\" \/>\n<meta property=\"og:title\" content=\"Victoria de la UD Calpe para seguir so\u00f1ando con el ascenso | R\u00e0dio Litoral\" \/>\n<meta property=\"og:description\" content=\"El conjunto de Techeira derrot\u00f3 por 4 a 0 al Thader con tantos de Rubio, David y Fede (2) El conjunto de Techeira derrot\u00f3 por 4 a 0 al Thader con tantos de Rubio, David y Fede (2)\" \/>\n<meta property=\"og:url\" content=\"https:\/\/radiolitoral.com\/ca\/2024\/04\/victoria-de-la-ut-calp-per-seguir-sonant-amb-lascens\/\" \/>\n<meta property=\"og:site_name\" content=\"R\u00e0dio Litoral\" \/>\n<meta property=\"article:publisher\" content=\"https:\/\/www.facebook.com\/Laradiolitoral\/\" \/>\n<meta property=\"article:published_time\" content=\"2024-04-29T10:44:25+00:00\" \/>\n<meta property=\"og:image\" content=\"https:\/\/media.radiolitoral.com\/wp-content\/uploads\/2024\/04\/28090706\/DSC_0121-scaled.jpg\" \/>\n\t<meta property=\"og:image:width\" content=\"2560\" \/>\n\t<meta property=\"og:image:height\" content=\"1707\" \/>\n\t<meta property=\"og:image:type\" content=\"image\/jpeg\" \/>\n<meta name=\"author\" content=\"Javier Zamora\" \/>\n<meta name=\"twitter:card\" content=\"summary_large_image\" \/>\n<meta name=\"twitter:label1\" content=\"Escrit per\" \/>\n\t<meta name=\"twitter:data1\" content=\"Javier Zamora\" \/>\n\t<meta name=\"twitter:label2\" content=\"Temps estimat de lectura\" \/>\n\t<meta name=\"twitter:data2\" content=\"2 minuts\" \/>\n<script type=\"application\/ld+json\" class=\"yoast-schema-graph\">{\"@context\":\"https:\\\/\\\/schema.org\",\"@graph\":[{\"@type\":\"NewsArticle\",\"@id\":\"https:\\\/\\\/radiolitoral.com\\\/2024\\\/04\\\/victoria-de-la-ud-calpe-para-seguir-sonando-con-el-ascenso\\\/#article\",\"isPartOf\":{\"@id\":\"https:\\\/\\\/radiolitoral.com\\\/2024\\\/04\\\/victoria-de-la-ud-calpe-para-seguir-sonando-con-el-ascenso\\\/\"},\"author\":{\"name\":\"Javier Zamora\",\"@id\":\"https:\\\/\\\/radiolitoral.com\\\/#\\\/schema\\\/person\\\/7b1480b5caeb5acdd4ec6379caf62b22\"},\"headline\":\"Victoria de la UD Calpe para seguir so\u00f1ando con el ascenso\",\"datePublished\":\"2024-04-29T10:44:25+00:00\",\"mainEntityOfPage\":{\"@id\":\"https:\\\/\\\/radiolitoral.com\\\/2024\\\/04\\\/victoria-de-la-ud-calpe-para-seguir-sonando-con-el-ascenso\\\/\"},\"wordCount\":269,\"commentCount\":0,\"publisher\":{\"@id\":\"https:\\\/\\\/radiolitoral.com\\\/#organization\"},\"image\":{\"@id\":\"https:\\\/\\\/radiolitoral.com\\\/2024\\\/04\\\/victoria-de-la-ud-calpe-para-seguir-sonando-con-el-ascenso\\\/#primaryimage\"},\"thumbnailUrl\":\"https:\\\/\\\/media.radiolitoral.com\\\/wp-content\\\/uploads\\\/2024\\\/04\\\/28090706\\\/DSC_0121-scaled.jpg\",\"keywords\":[\"Adri\u00e1n Rubio\",\"deportes\",\"Lauro Techeira\",\"Thader\",\"UD Calpe\"],\"articleSection\":[\"Deportes\"],\"inLanguage\":\"ca\",\"potentialAction\":[{\"@type\":\"CommentAction\",\"name\":\"Comment\",\"target\":[\"https:\\\/\\\/radiolitoral.com\\\/2024\\\/04\\\/victoria-de-la-ud-calpe-para-seguir-sonando-con-el-ascenso\\\/#respond\"]}]},{\"@type\":[\"WebPage\",\"ItemPage\"],\"@id\":\"https:\\\/\\\/radiolitoral.com\\\/2024\\\/04\\\/victoria-de-la-ud-calpe-para-seguir-sonando-con-el-ascenso\\\/\",\"url\":\"https:\\\/\\\/radiolitoral.com\\\/2024\\\/04\\\/victoria-de-la-ud-calpe-para-seguir-sonando-con-el-ascenso\\\/\",\"name\":\"Victoria de la UD Calpe para seguir so\u00f1ando con el ascenso | R\u00e0dio Litoral\",\"isPartOf\":{\"@id\":\"https:\\\/\\\/radiolitoral.com\\\/#website\"},\"primaryImageOfPage\":{\"@id\":\"https:\\\/\\\/radiolitoral.com\\\/2024\\\/04\\\/victoria-de-la-ud-calpe-para-seguir-sonando-con-el-ascenso\\\/#primaryimage\"},\"image\":{\"@id\":\"https:\\\/\\\/radiolitoral.com\\\/2024\\\/04\\\/victoria-de-la-ud-calpe-para-seguir-sonando-con-el-ascenso\\\/#primaryimage\"},\"thumbnailUrl\":\"https:\\\/\\\/media.radiolitoral.com\\\/wp-content\\\/uploads\\\/2024\\\/04\\\/28090706\\\/DSC_0121-scaled.jpg\",\"datePublished\":\"2024-04-29T10:44:25+00:00\",\"description\":\"El conjunto de Techeira derrot\u00f3 por 4 a 0 al Thader con tantos de Rubio, David y Fede (2) El conjunto de Techeira derrot\u00f3 por 4 a 0 al Thader con tantos de Rubio, David y Fede (2)\",\"breadcrumb\":{\"@id\":\"https:\\\/\\\/radiolitoral.com\\\/2024\\\/04\\\/victoria-de-la-ud-calpe-para-seguir-sonando-con-el-ascenso\\\/#breadcrumb\"},\"inLanguage\":\"ca\",\"potentialAction\":[{\"@type\":\"ReadAction\",\"target\":[\"https:\\\/\\\/radiolitoral.com\\\/2024\\\/04\\\/victoria-de-la-ud-calpe-para-seguir-sonando-con-el-ascenso\\\/\"]}]},{\"@type\":\"ImageObject\",\"inLanguage\":\"ca\",\"@id\":\"https:\\\/\\\/radiolitoral.com\\\/2024\\\/04\\\/victoria-de-la-ud-calpe-para-seguir-sonando-con-el-ascenso\\\/#primaryimage\",\"url\":\"https:\\\/\\\/media.radiolitoral.com\\\/wp-content\\\/uploads\\\/2024\\\/04\\\/28090706\\\/DSC_0121-scaled.jpg\",\"contentUrl\":\"https:\\\/\\\/media.radiolitoral.com\\\/wp-content\\\/uploads\\\/2024\\\/04\\\/28090706\\\/DSC_0121-scaled.jpg\",\"width\":2560,\"height\":1707},{\"@type\":\"BreadcrumbList\",\"@id\":\"https:\\\/\\\/radiolitoral.com\\\/2024\\\/04\\\/victoria-de-la-ud-calpe-para-seguir-sonando-con-el-ascenso\\\/#breadcrumb\",\"itemListElement\":[{\"@type\":\"ListItem\",\"position\":1,\"name\":\"Portada\",\"item\":\"https:\\\/\\\/radiolitoral.com\\\/\"},{\"@type\":\"ListItem\",\"position\":2,\"name\":\"Victoria de la UD Calpe para seguir so\u00f1ando con el ascenso\"}]},{\"@type\":\"WebSite\",\"@id\":\"https:\\\/\\\/radiolitoral.com\\\/#website\",\"url\":\"https:\\\/\\\/radiolitoral.com\\\/\",\"name\":\"Radio Litoral\",\"description\":\"La radio local de la Marina Alta\",\"publisher\":{\"@id\":\"https:\\\/\\\/radiolitoral.com\\\/#organization\"},\"alternateName\":\"Litoral FM\",\"potentialAction\":[{\"@type\":\"SearchAction\",\"target\":{\"@type\":\"EntryPoint\",\"urlTemplate\":\"https:\\\/\\\/radiolitoral.com\\\/?s={search_term_string}\"},\"query-input\":{\"@type\":\"PropertyValueSpecification\",\"valueRequired\":true,\"valueName\":\"search_term_string\"}}],\"inLanguage\":\"ca\"},{\"@type\":\"Organization\",\"@id\":\"https:\\\/\\\/radiolitoral.com\\\/#organization\",\"name\":\"Radio Litoral\",\"url\":\"https:\\\/\\\/radiolitoral.com\\\/\",\"logo\":{\"@type\":\"ImageObject\",\"inLanguage\":\"ca\",\"@id\":\"https:\\\/\\\/radiolitoral.com\\\/#\\\/schema\\\/logo\\\/image\\\/\",\"url\":\"https:\\\/\\\/media.radiolitoral.com\\\/wp-content\\\/uploads\\\/2023\\\/02\\\/24143238\\\/CL-V-RadioLitoral696.png\",\"contentUrl\":\"https:\\\/\\\/media.radiolitoral.com\\\/wp-content\\\/uploads\\\/2023\\\/02\\\/24143238\\\/CL-V-RadioLitoral696.png\",\"width\":696,\"height\":696,\"caption\":\"Radio Litoral\"},\"image\":{\"@id\":\"https:\\\/\\\/radiolitoral.com\\\/#\\\/schema\\\/logo\\\/image\\\/\"},\"sameAs\":[\"https:\\\/\\\/www.facebook.com\\\/Laradiolitoral\\\/\"]},{\"@type\":\"Person\",\"@id\":\"https:\\\/\\\/radiolitoral.com\\\/#\\\/schema\\\/person\\\/7b1480b5caeb5acdd4ec6379caf62b22\",\"name\":\"Javier Zamora\",\"image\":{\"@type\":\"ImageObject\",\"inLanguage\":\"ca\",\"@id\":\"https:\\\/\\\/secure.gravatar.com\\\/avatar\\\/467a11f6918c7d619c4043fc6fa2d3853053107973f05b6e9c04ea6c4e3a7b3f?s=96&d=mm&r=g\",\"url\":\"https:\\\/\\\/secure.gravatar.com\\\/avatar\\\/467a11f6918c7d619c4043fc6fa2d3853053107973f05b6e9c04ea6c4e3a7b3f?s=96&d=mm&r=g\",\"contentUrl\":\"https:\\\/\\\/secure.gravatar.com\\\/avatar\\\/467a11f6918c7d619c4043fc6fa2d3853053107973f05b6e9c04ea6c4e3a7b3f?s=96&d=mm&r=g\",\"caption\":\"Javier Zamora\"},\"url\":\"https:\\\/\\\/radiolitoral.com\\\/ca\\\/author\\\/javier-zamora\\\/\"}]}<\/script>\n<!-- \/ Yoast SEO plugin. -->","yoast_head_json":{"title":"Vict\u00f2ria de la UD Calp per continuar somiant amb l&#039;ascens | R\u00e0dio Litoral","description":"El conjunt de Techeira va derrotar per 4 a 0 el Thader amb gols de Rubio, David i Fede (2) El conjunt de Techeira va derrotar per 4 a 0 el Thader amb tants de Rubio, David i Fede (2)","robots":{"index":"index","follow":"follow","max-snippet":"max-snippet:-1","max-image-preview":"max-image-preview:large","max-video-preview":"max-video-preview:-1"},"canonical":"https:\/\/radiolitoral.com\/ca\/2024\/04\/victoria-de-la-ut-calp-per-seguir-sonant-amb-lascens\/","og_locale":"ca_ES","og_type":"article","og_title":"Victoria de la UD Calpe para seguir so\u00f1ando con el ascenso | R\u00e0dio Litoral","og_description":"El conjunto de Techeira derrot\u00f3 por 4 a 0 al Thader con tantos de Rubio, David y Fede (2) El conjunto de Techeira derrot\u00f3 por 4 a 0 al Thader con tantos de Rubio, David y Fede (2)","og_url":"https:\/\/radiolitoral.com\/ca\/2024\/04\/victoria-de-la-ut-calp-per-seguir-sonant-amb-lascens\/","og_site_name":"R\u00e0dio Litoral","article_publisher":"https:\/\/www.facebook.com\/Laradiolitoral\/","article_published_time":"2024-04-29T10:44:25+00:00","og_image":[{"width":2560,"height":1707,"url":"https:\/\/media.radiolitoral.com\/wp-content\/uploads\/2024\/04\/28090706\/DSC_0121-scaled.jpg","type":"image\/jpeg"}],"author":"Javier Zamora","twitter_card":"summary_large_image","twitter_misc":{"Escrit per":"Javier Zamora","Temps estimat de lectura":"2 minuts"},"schema":{"@context":"https:\/\/schema.org","@graph":[{"@type":"NewsArticle","@id":"https:\/\/radiolitoral.com\/2024\/04\/victoria-de-la-ud-calpe-para-seguir-sonando-con-el-ascenso\/#article","isPartOf":{"@id":"https:\/\/radiolitoral.com\/2024\/04\/victoria-de-la-ud-calpe-para-seguir-sonando-con-el-ascenso\/"},"author":{"name":"Javier Zamora","@id":"https:\/\/radiolitoral.com\/#\/schema\/person\/7b1480b5caeb5acdd4ec6379caf62b22"},"headline":"Victoria de la UD Calpe para seguir so\u00f1ando con el ascenso","datePublished":"2024-04-29T10:44:25+00:00","mainEntityOfPage":{"@id":"https:\/\/radiolitoral.com\/2024\/04\/victoria-de-la-ud-calpe-para-seguir-sonando-con-el-ascenso\/"},"wordCount":269,"commentCount":0,"publisher":{"@id":"https:\/\/radiolitoral.com\/#organization"},"image":{"@id":"https:\/\/radiolitoral.com\/2024\/04\/victoria-de-la-ud-calpe-para-seguir-sonando-con-el-ascenso\/#primaryimage"},"thumbnailUrl":"https:\/\/media.radiolitoral.com\/wp-content\/uploads\/2024\/04\/28090706\/DSC_0121-scaled.jpg","keywords":["Adri\u00e1n Rubio","deportes","Lauro Techeira","Thader","UD Calpe"],"articleSection":["Deportes"],"inLanguage":"ca","potentialAction":[{"@type":"CommentAction","name":"Comment","target":["https:\/\/radiolitoral.com\/2024\/04\/victoria-de-la-ud-calpe-para-seguir-sonando-con-el-ascenso\/#respond"]}]},{"@type":["WebPage","ItemPage"],"@id":"https:\/\/radiolitoral.com\/2024\/04\/victoria-de-la-ud-calpe-para-seguir-sonando-con-el-ascenso\/","url":"https:\/\/radiolitoral.com\/2024\/04\/victoria-de-la-ud-calpe-para-seguir-sonando-con-el-ascenso\/","name":"Vict\u00f2ria de la UD Calp per continuar somiant amb l&#039;ascens | R\u00e0dio Litoral","isPartOf":{"@id":"https:\/\/radiolitoral.com\/#website"},"primaryImageOfPage":{"@id":"https:\/\/radiolitoral.com\/2024\/04\/victoria-de-la-ud-calpe-para-seguir-sonando-con-el-ascenso\/#primaryimage"},"image":{"@id":"https:\/\/radiolitoral.com\/2024\/04\/victoria-de-la-ud-calpe-para-seguir-sonando-con-el-ascenso\/#primaryimage"},"thumbnailUrl":"https:\/\/media.radiolitoral.com\/wp-content\/uploads\/2024\/04\/28090706\/DSC_0121-scaled.jpg","datePublished":"2024-04-29T10:44:25+00:00","description":"El conjunt de Techeira va derrotar per 4 a 0 el Thader amb gols de Rubio, David i Fede (2) El conjunt de Techeira va derrotar per 4 a 0 el Thader amb tants de Rubio, David i Fede (2)","breadcrumb":{"@id":"https:\/\/radiolitoral.com\/2024\/04\/victoria-de-la-ud-calpe-para-seguir-sonando-con-el-ascenso\/#breadcrumb"},"inLanguage":"ca","potentialAction":[{"@type":"ReadAction","target":["https:\/\/radiolitoral.com\/2024\/04\/victoria-de-la-ud-calpe-para-seguir-sonando-con-el-ascenso\/"]}]},{"@type":"ImageObject","inLanguage":"ca","@id":"https:\/\/radiolitoral.com\/2024\/04\/victoria-de-la-ud-calpe-para-seguir-sonando-con-el-ascenso\/#primaryimage","url":"https:\/\/media.radiolitoral.com\/wp-content\/uploads\/2024\/04\/28090706\/DSC_0121-scaled.jpg","contentUrl":"https:\/\/media.radiolitoral.com\/wp-content\/uploads\/2024\/04\/28090706\/DSC_0121-scaled.jpg","width":2560,"height":1707},{"@type":"BreadcrumbList","@id":"https:\/\/radiolitoral.com\/2024\/04\/victoria-de-la-ud-calpe-para-seguir-sonando-con-el-ascenso\/#breadcrumb","itemListElement":[{"@type":"ListItem","position":1,"name":"Portada","item":"https:\/\/radiolitoral.com\/"},{"@type":"ListItem","position":2,"name":"Victoria de la UD Calpe para seguir so\u00f1ando con el ascenso"}]},{"@type":"WebSite","@id":"https:\/\/radiolitoral.com\/#website","url":"https:\/\/radiolitoral.com\/","name":"R\u00e0dio Litoral","description":"La r\u00e0dio local de la Marina Alta","publisher":{"@id":"https:\/\/radiolitoral.com\/#organization"},"alternateName":"Litoral FM","potentialAction":[{"@type":"SearchAction","target":{"@type":"EntryPoint","urlTemplate":"https:\/\/radiolitoral.com\/?s={search_term_string}"},"query-input":{"@type":"PropertyValueSpecification","valueRequired":true,"valueName":"search_term_string"}}],"inLanguage":"ca"},{"@type":"Organization","@id":"https:\/\/radiolitoral.com\/#organization","name":"R\u00e0dio Litoral","url":"https:\/\/radiolitoral.com\/","logo":{"@type":"ImageObject","inLanguage":"ca","@id":"https:\/\/radiolitoral.com\/#\/schema\/logo\/image\/","url":"https:\/\/media.radiolitoral.com\/wp-content\/uploads\/2023\/02\/24143238\/CL-V-RadioLitoral696.png","contentUrl":"https:\/\/media.radiolitoral.com\/wp-content\/uploads\/2023\/02\/24143238\/CL-V-RadioLitoral696.png","width":696,"height":696,"caption":"Radio Litoral"},"image":{"@id":"https:\/\/radiolitoral.com\/#\/schema\/logo\/image\/"},"sameAs":["https:\/\/www.facebook.com\/Laradiolitoral\/"]},{"@type":"Person","@id":"https:\/\/radiolitoral.com\/#\/schema\/person\/7b1480b5caeb5acdd4ec6379caf62b22","name":"Javier Zamora","image":{"@type":"ImageObject","inLanguage":"ca","@id":"https:\/\/secure.gravatar.com\/avatar\/467a11f6918c7d619c4043fc6fa2d3853053107973f05b6e9c04ea6c4e3a7b3f?s=96&d=mm&r=g","url":"https:\/\/secure.gravatar.com\/avatar\/467a11f6918c7d619c4043fc6fa2d3853053107973f05b6e9c04ea6c4e3a7b3f?s=96&d=mm&r=g","contentUrl":"https:\/\/secure.gravatar.com\/avatar\/467a11f6918c7d619c4043fc6fa2d3853053107973f05b6e9c04ea6c4e3a7b3f?s=96&d=mm&r=g","caption":"Javier Zamora"},"url":"https:\/\/radiolitoral.com\/ca\/author\/javier-zamora\/"}]}},"_links":{"self":[{"href":"https:\/\/radiolitoral.com\/ca\/wp-json\/wp\/v2\/posts\/8594","targetHints":{"allow":["GET"]}}],"collection":[{"href":"https:\/\/radiolitoral.com\/ca\/wp-json\/wp\/v2\/posts"}],"about":[{"href":"https:\/\/radiolitoral.com\/ca\/wp-json\/wp\/v2\/types\/post"}],"author":[{"embeddable":true,"href":"https:\/\/radiolitoral.com\/ca\/wp-json\/wp\/v2\/users\/12"}],"replies":[{"embeddable":true,"href":"https:\/\/radiolitoral.com\/ca\/wp-json\/wp\/v2\/comments?post=8594"}],"version-history":[{"count":4,"href":"https:\/\/radiolitoral.com\/ca\/wp-json\/wp\/v2\/posts\/8594\/revisions"}],"predecessor-version":[{"id":8601,"href":"https:\/\/radiolitoral.com\/ca\/wp-json\/wp\/v2\/posts\/8594\/revisions\/8601"}],"wp:featuredmedia":[{"embeddable":true,"href":"https:\/\/radiolitoral.com\/ca\/wp-json\/wp\/v2\/media\/8599"}],"wp:attachment":[{"href":"https:\/\/radiolitoral.com\/ca\/wp-json\/wp\/v2\/media?parent=8594"}],"wp:term":[{"taxonomy":"category","embeddable":true,"href":"https:\/\/radiolitoral.com\/ca\/wp-json\/wp\/v2\/categories?post=8594"},{"taxonomy":"post_tag","embeddable":true,"href":"https:\/\/radiolitoral.com\/ca\/wp-json\/wp\/v2\/tags?post=8594"}],"curies":[{"name":"wp","href":"https:\/\/api.w.org\/{rel}","templated":true}]}}