{"id":8401,"date":"2024-04-18T14:23:14","date_gmt":"2024-04-18T12:23:14","guid":{"rendered":"https:\/\/radiolitoral.com\/?p=8401"},"modified":"2024-04-18T14:23:14","modified_gmt":"2024-04-18T12:23:14","slug":"la-guardia-civil-dete-un-pare-i-el-seu-fill-per-robatoris-en-benzineres-de-la-marina-alta","status":"publish","type":"post","link":"https:\/\/radiolitoral.com\/ca\/2024\/04\/la-guardia-civil-detiene-a-un-padre-y-su-hijo-por-robos-en-gasolineras-de-la-marina-alta\/","title":{"rendered":"La Gu\u00e0rdia Civil det\u00e9 un pare i el seu fill per robatoris en benzineres de la Marina Alta"},"content":{"rendered":"<p>La <strong>Gu\u00e0rdia Civil<\/strong> ha detingut a <strong>pare i fill<\/strong> per suposats <strong>robatoris amb viol\u00e8ncia en estacions de servei<\/strong> a <strong>El Poble Nou de Benitatxell<\/strong> i <strong>X\u00e0bia<\/strong>, com a part de l&#039;operaci\u00f3 <strong>Gaku<\/strong>. Tots dos, amb <strong>antecedents<\/strong> per delictes similars, han estat ingressats a <strong>pres\u00f3 provisional<\/strong>, segons ha dictaminat el <strong>Jutjat d&#039;Instrucci\u00f3 n\u00fam. 3 de D\u00e9nia<\/strong>.<\/p>\n<p>La investigaci\u00f3 va comen\u00e7ar despr\u00e9s d&#039;una den\u00fancia sobre un robatori en una <strong>benzinera<\/strong> de X\u00e0bia el <strong>29 de febrer<\/strong>, on dos individus amb cascos de motocicleta van amena\u00e7ar el personal i van bloquejar la sortida per facilitar-ne la fugida. Un dels assaltants va intimidar un treballador amb un <strong>ganivet<\/strong>. Aquesta acci\u00f3 va portar la Gu\u00e0rdia Civil a iniciar l?operaci\u00f3 Gaku, enfocada en aquests atacs.<\/p>\n<p>Conforme avan\u00e7ava la investigaci\u00f3, es va vincular als sospitosos amb un altre <strong>robatori<\/strong> el <strong>4 de mar\u00e7<\/strong> a Benitatxell, utilitzant, suposadament, un <strong>vehicle robat<\/strong> i un m\u00e8tode similar. Els detinguts, <strong>un home de 49 anys i el seu fill de 21<\/strong>, van ser arrestats despr\u00e9s d&#039;un intent de fugida quan la <strong>Gu\u00e0rdia Civil<\/strong> els va localitzar al seu vehicle.<\/p>\n<p>Durant el <strong>registre domiciliari<\/strong>, les autoritats van recuperar <strong>peces, suposadament, usades en els robatoris<\/strong>, <strong>documentaci\u00f3<\/strong> i <strong>quatre bicicletes el\u00e8ctriques<\/strong> sota an\u00e0lisi per possible robatori. Els sospitosos enfronten m\u00faltiples c\u00e0rrecs, incloent-hi <strong>dos delictes de robatori amb viol\u00e8ncia<\/strong>, <strong>\u00fas de vehicle robat<\/strong> i <strong>delictes contra la seguretat vi\u00e0ria<\/strong>, per conducci\u00f3 temer\u00e0ria i conducci\u00f3 sense perm\u00eds v\u00e0lid.<\/p>","protected":false},"excerpt":{"rendered":"<p>La Guardia Civil ha detenido a padre e hijo por supuestos robos con violencia en estaciones de servicio en El Poble Nou de Benitatxell y X\u00e0bia, como parte de la operaci\u00f3n Gaku. Ambos, con antecedentes por delitos similares, han sido ingresados en prisi\u00f3n provisional, seg\u00fan ha dictaminado el Juzgado de Instrucci\u00f3n n\u00ba 3 de D\u00e9nia. [&#8230;]<\/p>\n<p><a class=\"btn btn-secondary understrap-read-more-link\" href=\"https:\/\/radiolitoral.com\/ca\/2024\/04\/la-guardia-civil-detiene-a-un-padre-y-su-hijo-por-robos-en-gasolineras-de-la-marina-alta\/\">Continua llegint&#8230;<span class=\"screen-reader-text\"> from La Guardia Civil detiene a un padre y su hijo por robos en gasolineras de la Marina Alta<\/span><\/a><\/p>\n","protected":false},"author":13,"featured_media":8404,"comment_status":"open","ping_status":"closed","sticky":false,"template":"","format":"standard","meta":{"_acf_changed":false,"inline_featured_image":false,"footnotes":""},"categories":[8],"tags":[10,185,11,1023,196],"class_list":["post-8401","post","type-post","status-publish","format-standard","has-post-thumbnail","hentry","category-sucesos","tag-detenciones","tag-el-poble-nou-de-benitatxell","tag-guardia-civil","tag-sucesos","tag-xabia","cobertura-poble-nou-de-benitatxell","cobertura-xabia"],"acf":[],"yoast_head":"<!-- This site is optimized with the Yoast SEO plugin v27.5 - https:\/\/yoast.com\/product\/yoast-seo-wordpress\/ -->\n<title>La Guardia Civil detiene a un padre y su hijo por robos en gasolineras de la Marina Alta | R\u00e0dio Litoral<\/title>\n<meta name=\"description\" content=\"El juzgado de Instrucci\u00f3n n\u00famero 3 de D\u00e9nia ha decretado su ingreso en prisi\u00f3n provisional El juzgado de Instrucci\u00f3n n\u00famero 3 de D\u00e9nia ha decretado su ingreso en prisi\u00f3n provisional\" \/>\n<meta name=\"robots\" content=\"index, follow, max-snippet:-1, max-image-preview:large, max-video-preview:-1\" \/>\n<link rel=\"canonical\" href=\"https:\/\/radiolitoral.com\/ca\/2024\/04\/la-guardia-civil-dete-un-pare-i-el-seu-fill-per-robatoris-en-benzineres-de-la-marina-alta\/\" \/>\n<meta property=\"og:locale\" content=\"ca_ES\" \/>\n<meta property=\"og:type\" content=\"article\" \/>\n<meta property=\"og:title\" content=\"La Guardia Civil detiene a un padre y su hijo por robos en gasolineras de la Marina Alta | R\u00e0dio Litoral\" \/>\n<meta property=\"og:description\" content=\"El juzgado de Instrucci\u00f3n n\u00famero 3 de D\u00e9nia ha decretado su ingreso en prisi\u00f3n provisional El juzgado de Instrucci\u00f3n n\u00famero 3 de D\u00e9nia ha decretado su ingreso en prisi\u00f3n provisional\" \/>\n<meta property=\"og:url\" content=\"https:\/\/radiolitoral.com\/ca\/2024\/04\/la-guardia-civil-dete-un-pare-i-el-seu-fill-per-robatoris-en-benzineres-de-la-marina-alta\/\" \/>\n<meta property=\"og:site_name\" content=\"R\u00e0dio Litoral\" \/>\n<meta property=\"article:publisher\" content=\"https:\/\/www.facebook.com\/Laradiolitoral\/\" \/>\n<meta property=\"article:published_time\" content=\"2024-04-18T12:23:14+00:00\" \/>\n<meta property=\"og:image\" content=\"https:\/\/media.radiolitoral.com\/wp-content\/uploads\/2024\/04\/18142109\/ropa-utilizada-e-intervenida.jpg\" \/>\n\t<meta property=\"og:image:width\" content=\"960\" \/>\n\t<meta property=\"og:image:height\" content=\"720\" \/>\n\t<meta property=\"og:image:type\" content=\"image\/jpeg\" \/>\n<meta name=\"author\" content=\"Redacci\u00f3n\" \/>\n<meta name=\"twitter:card\" content=\"summary_large_image\" \/>\n<meta name=\"twitter:label1\" content=\"Escrit per\" \/>\n\t<meta name=\"twitter:data1\" content=\"Redacci\u00f3n\" \/>\n\t<meta name=\"twitter:label2\" content=\"Temps estimat de lectura\" \/>\n\t<meta name=\"twitter:data2\" content=\"2 minuts\" \/>\n<script type=\"application\/ld+json\" class=\"yoast-schema-graph\">{\"@context\":\"https:\\\/\\\/schema.org\",\"@graph\":[{\"@type\":\"NewsArticle\",\"@id\":\"https:\\\/\\\/radiolitoral.com\\\/2024\\\/04\\\/la-guardia-civil-detiene-a-un-padre-y-su-hijo-por-robos-en-gasolineras-de-la-marina-alta\\\/#article\",\"isPartOf\":{\"@id\":\"https:\\\/\\\/radiolitoral.com\\\/2024\\\/04\\\/la-guardia-civil-detiene-a-un-padre-y-su-hijo-por-robos-en-gasolineras-de-la-marina-alta\\\/\"},\"author\":{\"name\":\"Redacci\u00f3n\",\"@id\":\"https:\\\/\\\/radiolitoral.com\\\/#\\\/schema\\\/person\\\/f2b2343c49b5d721857cc1002bfdb151\"},\"headline\":\"La Guardia Civil detiene a un padre y su hijo por robos en gasolineras de la Marina Alta\",\"datePublished\":\"2024-04-18T12:23:14+00:00\",\"mainEntityOfPage\":{\"@id\":\"https:\\\/\\\/radiolitoral.com\\\/2024\\\/04\\\/la-guardia-civil-detiene-a-un-padre-y-su-hijo-por-robos-en-gasolineras-de-la-marina-alta\\\/\"},\"wordCount\":262,\"commentCount\":0,\"publisher\":{\"@id\":\"https:\\\/\\\/radiolitoral.com\\\/#organization\"},\"image\":{\"@id\":\"https:\\\/\\\/radiolitoral.com\\\/2024\\\/04\\\/la-guardia-civil-detiene-a-un-padre-y-su-hijo-por-robos-en-gasolineras-de-la-marina-alta\\\/#primaryimage\"},\"thumbnailUrl\":\"https:\\\/\\\/media.radiolitoral.com\\\/wp-content\\\/uploads\\\/2024\\\/04\\\/18142109\\\/ropa-utilizada-e-intervenida.jpg\",\"keywords\":[\"Detenciones\",\"El Poble Nou de Benitatxell\",\"Guardia Civil\",\"sucesos\",\"X\u00e0bia.\"],\"articleSection\":[\"Sucesos\"],\"inLanguage\":\"ca\",\"potentialAction\":[{\"@type\":\"CommentAction\",\"name\":\"Comment\",\"target\":[\"https:\\\/\\\/radiolitoral.com\\\/2024\\\/04\\\/la-guardia-civil-detiene-a-un-padre-y-su-hijo-por-robos-en-gasolineras-de-la-marina-alta\\\/#respond\"]}]},{\"@type\":[\"WebPage\",\"ItemPage\"],\"@id\":\"https:\\\/\\\/radiolitoral.com\\\/2024\\\/04\\\/la-guardia-civil-detiene-a-un-padre-y-su-hijo-por-robos-en-gasolineras-de-la-marina-alta\\\/\",\"url\":\"https:\\\/\\\/radiolitoral.com\\\/2024\\\/04\\\/la-guardia-civil-detiene-a-un-padre-y-su-hijo-por-robos-en-gasolineras-de-la-marina-alta\\\/\",\"name\":\"La Guardia Civil detiene a un padre y su hijo por robos en gasolineras de la Marina Alta | R\u00e0dio Litoral\",\"isPartOf\":{\"@id\":\"https:\\\/\\\/radiolitoral.com\\\/#website\"},\"primaryImageOfPage\":{\"@id\":\"https:\\\/\\\/radiolitoral.com\\\/2024\\\/04\\\/la-guardia-civil-detiene-a-un-padre-y-su-hijo-por-robos-en-gasolineras-de-la-marina-alta\\\/#primaryimage\"},\"image\":{\"@id\":\"https:\\\/\\\/radiolitoral.com\\\/2024\\\/04\\\/la-guardia-civil-detiene-a-un-padre-y-su-hijo-por-robos-en-gasolineras-de-la-marina-alta\\\/#primaryimage\"},\"thumbnailUrl\":\"https:\\\/\\\/media.radiolitoral.com\\\/wp-content\\\/uploads\\\/2024\\\/04\\\/18142109\\\/ropa-utilizada-e-intervenida.jpg\",\"datePublished\":\"2024-04-18T12:23:14+00:00\",\"description\":\"El juzgado de Instrucci\u00f3n n\u00famero 3 de D\u00e9nia ha decretado su ingreso en prisi\u00f3n provisional El juzgado de Instrucci\u00f3n n\u00famero 3 de D\u00e9nia ha decretado su ingreso en prisi\u00f3n provisional\",\"breadcrumb\":{\"@id\":\"https:\\\/\\\/radiolitoral.com\\\/2024\\\/04\\\/la-guardia-civil-detiene-a-un-padre-y-su-hijo-por-robos-en-gasolineras-de-la-marina-alta\\\/#breadcrumb\"},\"inLanguage\":\"ca\",\"potentialAction\":[{\"@type\":\"ReadAction\",\"target\":[\"https:\\\/\\\/radiolitoral.com\\\/2024\\\/04\\\/la-guardia-civil-detiene-a-un-padre-y-su-hijo-por-robos-en-gasolineras-de-la-marina-alta\\\/\"]}]},{\"@type\":\"ImageObject\",\"inLanguage\":\"ca\",\"@id\":\"https:\\\/\\\/radiolitoral.com\\\/2024\\\/04\\\/la-guardia-civil-detiene-a-un-padre-y-su-hijo-por-robos-en-gasolineras-de-la-marina-alta\\\/#primaryimage\",\"url\":\"https:\\\/\\\/media.radiolitoral.com\\\/wp-content\\\/uploads\\\/2024\\\/04\\\/18142109\\\/ropa-utilizada-e-intervenida.jpg\",\"contentUrl\":\"https:\\\/\\\/media.radiolitoral.com\\\/wp-content\\\/uploads\\\/2024\\\/04\\\/18142109\\\/ropa-utilizada-e-intervenida.jpg\",\"width\":960,\"height\":720},{\"@type\":\"BreadcrumbList\",\"@id\":\"https:\\\/\\\/radiolitoral.com\\\/2024\\\/04\\\/la-guardia-civil-detiene-a-un-padre-y-su-hijo-por-robos-en-gasolineras-de-la-marina-alta\\\/#breadcrumb\",\"itemListElement\":[{\"@type\":\"ListItem\",\"position\":1,\"name\":\"Portada\",\"item\":\"https:\\\/\\\/radiolitoral.com\\\/\"},{\"@type\":\"ListItem\",\"position\":2,\"name\":\"La Guardia Civil detiene a un padre y su hijo por robos en gasolineras de la Marina Alta\"}]},{\"@type\":\"WebSite\",\"@id\":\"https:\\\/\\\/radiolitoral.com\\\/#website\",\"url\":\"https:\\\/\\\/radiolitoral.com\\\/\",\"name\":\"Radio Litoral\",\"description\":\"La radio local de la Marina Alta\",\"publisher\":{\"@id\":\"https:\\\/\\\/radiolitoral.com\\\/#organization\"},\"alternateName\":\"Litoral FM\",\"potentialAction\":[{\"@type\":\"SearchAction\",\"target\":{\"@type\":\"EntryPoint\",\"urlTemplate\":\"https:\\\/\\\/radiolitoral.com\\\/?s={search_term_string}\"},\"query-input\":{\"@type\":\"PropertyValueSpecification\",\"valueRequired\":true,\"valueName\":\"search_term_string\"}}],\"inLanguage\":\"ca\"},{\"@type\":\"Organization\",\"@id\":\"https:\\\/\\\/radiolitoral.com\\\/#organization\",\"name\":\"Radio Litoral\",\"url\":\"https:\\\/\\\/radiolitoral.com\\\/\",\"logo\":{\"@type\":\"ImageObject\",\"inLanguage\":\"ca\",\"@id\":\"https:\\\/\\\/radiolitoral.com\\\/#\\\/schema\\\/logo\\\/image\\\/\",\"url\":\"https:\\\/\\\/media.radiolitoral.com\\\/wp-content\\\/uploads\\\/2023\\\/02\\\/24143238\\\/CL-V-RadioLitoral696.png\",\"contentUrl\":\"https:\\\/\\\/media.radiolitoral.com\\\/wp-content\\\/uploads\\\/2023\\\/02\\\/24143238\\\/CL-V-RadioLitoral696.png\",\"width\":696,\"height\":696,\"caption\":\"Radio Litoral\"},\"image\":{\"@id\":\"https:\\\/\\\/radiolitoral.com\\\/#\\\/schema\\\/logo\\\/image\\\/\"},\"sameAs\":[\"https:\\\/\\\/www.facebook.com\\\/Laradiolitoral\\\/\"]},{\"@type\":\"Person\",\"@id\":\"https:\\\/\\\/radiolitoral.com\\\/#\\\/schema\\\/person\\\/f2b2343c49b5d721857cc1002bfdb151\",\"name\":\"Redacci\u00f3n\",\"image\":{\"@type\":\"ImageObject\",\"inLanguage\":\"ca\",\"@id\":\"https:\\\/\\\/secure.gravatar.com\\\/avatar\\\/f771d896c203ad8b3382d7905cfcce5a5c9b008b84b3cd9114e9b9f4cb63f789?s=96&d=mm&r=g\",\"url\":\"https:\\\/\\\/secure.gravatar.com\\\/avatar\\\/f771d896c203ad8b3382d7905cfcce5a5c9b008b84b3cd9114e9b9f4cb63f789?s=96&d=mm&r=g\",\"contentUrl\":\"https:\\\/\\\/secure.gravatar.com\\\/avatar\\\/f771d896c203ad8b3382d7905cfcce5a5c9b008b84b3cd9114e9b9f4cb63f789?s=96&d=mm&r=g\",\"caption\":\"Redacci\u00f3n\"},\"url\":\"https:\\\/\\\/radiolitoral.com\\\/ca\\\/author\\\/miriam-pagan\\\/\"}]}<\/script>\n<!-- \/ Yoast SEO plugin. -->","yoast_head_json":{"title":"La Gu\u00e0rdia Civil det\u00e9 un pare i el seu fill per robatoris a benzineres de la Marina Alta | R\u00e0dio Litoral","description":"El jutjat d&#039;Instrucci\u00f3 n\u00famero 3 de D\u00e9nia ha decretat el seu ingr\u00e9s a la pres\u00f3 provisional El jutjat d&#039;Instrucci\u00f3 n\u00famero 3 de D\u00e9nia ha decretat el seu ingr\u00e9s a la pres\u00f3 provisional","robots":{"index":"index","follow":"follow","max-snippet":"max-snippet:-1","max-image-preview":"max-image-preview:large","max-video-preview":"max-video-preview:-1"},"canonical":"https:\/\/radiolitoral.com\/ca\/2024\/04\/la-guardia-civil-dete-un-pare-i-el-seu-fill-per-robatoris-en-benzineres-de-la-marina-alta\/","og_locale":"ca_ES","og_type":"article","og_title":"La Guardia Civil detiene a un padre y su hijo por robos en gasolineras de la Marina Alta | R\u00e0dio Litoral","og_description":"El juzgado de Instrucci\u00f3n n\u00famero 3 de D\u00e9nia ha decretado su ingreso en prisi\u00f3n provisional El juzgado de Instrucci\u00f3n n\u00famero 3 de D\u00e9nia ha decretado su ingreso en prisi\u00f3n provisional","og_url":"https:\/\/radiolitoral.com\/ca\/2024\/04\/la-guardia-civil-dete-un-pare-i-el-seu-fill-per-robatoris-en-benzineres-de-la-marina-alta\/","og_site_name":"R\u00e0dio Litoral","article_publisher":"https:\/\/www.facebook.com\/Laradiolitoral\/","article_published_time":"2024-04-18T12:23:14+00:00","og_image":[{"width":960,"height":720,"url":"https:\/\/media.radiolitoral.com\/wp-content\/uploads\/2024\/04\/18142109\/ropa-utilizada-e-intervenida.jpg","type":"image\/jpeg"}],"author":"Redacci\u00f3n","twitter_card":"summary_large_image","twitter_misc":{"Escrit per":"Redacci\u00f3n","Temps estimat de lectura":"2 minuts"},"schema":{"@context":"https:\/\/schema.org","@graph":[{"@type":"NewsArticle","@id":"https:\/\/radiolitoral.com\/2024\/04\/la-guardia-civil-detiene-a-un-padre-y-su-hijo-por-robos-en-gasolineras-de-la-marina-alta\/#article","isPartOf":{"@id":"https:\/\/radiolitoral.com\/2024\/04\/la-guardia-civil-detiene-a-un-padre-y-su-hijo-por-robos-en-gasolineras-de-la-marina-alta\/"},"author":{"name":"Redacci\u00f3n","@id":"https:\/\/radiolitoral.com\/#\/schema\/person\/f2b2343c49b5d721857cc1002bfdb151"},"headline":"La Guardia Civil detiene a un padre y su hijo por robos en gasolineras de la Marina Alta","datePublished":"2024-04-18T12:23:14+00:00","mainEntityOfPage":{"@id":"https:\/\/radiolitoral.com\/2024\/04\/la-guardia-civil-detiene-a-un-padre-y-su-hijo-por-robos-en-gasolineras-de-la-marina-alta\/"},"wordCount":262,"commentCount":0,"publisher":{"@id":"https:\/\/radiolitoral.com\/#organization"},"image":{"@id":"https:\/\/radiolitoral.com\/2024\/04\/la-guardia-civil-detiene-a-un-padre-y-su-hijo-por-robos-en-gasolineras-de-la-marina-alta\/#primaryimage"},"thumbnailUrl":"https:\/\/media.radiolitoral.com\/wp-content\/uploads\/2024\/04\/18142109\/ropa-utilizada-e-intervenida.jpg","keywords":["Detenciones","El Poble Nou de Benitatxell","Guardia Civil","sucesos","X\u00e0bia."],"articleSection":["Sucesos"],"inLanguage":"ca","potentialAction":[{"@type":"CommentAction","name":"Comment","target":["https:\/\/radiolitoral.com\/2024\/04\/la-guardia-civil-detiene-a-un-padre-y-su-hijo-por-robos-en-gasolineras-de-la-marina-alta\/#respond"]}]},{"@type":["WebPage","ItemPage"],"@id":"https:\/\/radiolitoral.com\/2024\/04\/la-guardia-civil-detiene-a-un-padre-y-su-hijo-por-robos-en-gasolineras-de-la-marina-alta\/","url":"https:\/\/radiolitoral.com\/2024\/04\/la-guardia-civil-detiene-a-un-padre-y-su-hijo-por-robos-en-gasolineras-de-la-marina-alta\/","name":"La Gu\u00e0rdia Civil det\u00e9 un pare i el seu fill per robatoris a benzineres de la Marina Alta | R\u00e0dio Litoral","isPartOf":{"@id":"https:\/\/radiolitoral.com\/#website"},"primaryImageOfPage":{"@id":"https:\/\/radiolitoral.com\/2024\/04\/la-guardia-civil-detiene-a-un-padre-y-su-hijo-por-robos-en-gasolineras-de-la-marina-alta\/#primaryimage"},"image":{"@id":"https:\/\/radiolitoral.com\/2024\/04\/la-guardia-civil-detiene-a-un-padre-y-su-hijo-por-robos-en-gasolineras-de-la-marina-alta\/#primaryimage"},"thumbnailUrl":"https:\/\/media.radiolitoral.com\/wp-content\/uploads\/2024\/04\/18142109\/ropa-utilizada-e-intervenida.jpg","datePublished":"2024-04-18T12:23:14+00:00","description":"El jutjat d&#039;Instrucci\u00f3 n\u00famero 3 de D\u00e9nia ha decretat el seu ingr\u00e9s a la pres\u00f3 provisional El jutjat d&#039;Instrucci\u00f3 n\u00famero 3 de D\u00e9nia ha decretat el seu ingr\u00e9s a la pres\u00f3 provisional","breadcrumb":{"@id":"https:\/\/radiolitoral.com\/2024\/04\/la-guardia-civil-detiene-a-un-padre-y-su-hijo-por-robos-en-gasolineras-de-la-marina-alta\/#breadcrumb"},"inLanguage":"ca","potentialAction":[{"@type":"ReadAction","target":["https:\/\/radiolitoral.com\/2024\/04\/la-guardia-civil-detiene-a-un-padre-y-su-hijo-por-robos-en-gasolineras-de-la-marina-alta\/"]}]},{"@type":"ImageObject","inLanguage":"ca","@id":"https:\/\/radiolitoral.com\/2024\/04\/la-guardia-civil-detiene-a-un-padre-y-su-hijo-por-robos-en-gasolineras-de-la-marina-alta\/#primaryimage","url":"https:\/\/media.radiolitoral.com\/wp-content\/uploads\/2024\/04\/18142109\/ropa-utilizada-e-intervenida.jpg","contentUrl":"https:\/\/media.radiolitoral.com\/wp-content\/uploads\/2024\/04\/18142109\/ropa-utilizada-e-intervenida.jpg","width":960,"height":720},{"@type":"BreadcrumbList","@id":"https:\/\/radiolitoral.com\/2024\/04\/la-guardia-civil-detiene-a-un-padre-y-su-hijo-por-robos-en-gasolineras-de-la-marina-alta\/#breadcrumb","itemListElement":[{"@type":"ListItem","position":1,"name":"Portada","item":"https:\/\/radiolitoral.com\/"},{"@type":"ListItem","position":2,"name":"La Guardia Civil detiene a un padre y su hijo por robos en gasolineras de la Marina Alta"}]},{"@type":"WebSite","@id":"https:\/\/radiolitoral.com\/#website","url":"https:\/\/radiolitoral.com\/","name":"R\u00e0dio Litoral","description":"La r\u00e0dio local de la Marina Alta","publisher":{"@id":"https:\/\/radiolitoral.com\/#organization"},"alternateName":"Litoral FM","potentialAction":[{"@type":"SearchAction","target":{"@type":"EntryPoint","urlTemplate":"https:\/\/radiolitoral.com\/?s={search_term_string}"},"query-input":{"@type":"PropertyValueSpecification","valueRequired":true,"valueName":"search_term_string"}}],"inLanguage":"ca"},{"@type":"Organization","@id":"https:\/\/radiolitoral.com\/#organization","name":"R\u00e0dio Litoral","url":"https:\/\/radiolitoral.com\/","logo":{"@type":"ImageObject","inLanguage":"ca","@id":"https:\/\/radiolitoral.com\/#\/schema\/logo\/image\/","url":"https:\/\/media.radiolitoral.com\/wp-content\/uploads\/2023\/02\/24143238\/CL-V-RadioLitoral696.png","contentUrl":"https:\/\/media.radiolitoral.com\/wp-content\/uploads\/2023\/02\/24143238\/CL-V-RadioLitoral696.png","width":696,"height":696,"caption":"Radio Litoral"},"image":{"@id":"https:\/\/radiolitoral.com\/#\/schema\/logo\/image\/"},"sameAs":["https:\/\/www.facebook.com\/Laradiolitoral\/"]},{"@type":"Person","@id":"https:\/\/radiolitoral.com\/#\/schema\/person\/f2b2343c49b5d721857cc1002bfdb151","name":"Redacci\u00f3","image":{"@type":"ImageObject","inLanguage":"ca","@id":"https:\/\/secure.gravatar.com\/avatar\/f771d896c203ad8b3382d7905cfcce5a5c9b008b84b3cd9114e9b9f4cb63f789?s=96&d=mm&r=g","url":"https:\/\/secure.gravatar.com\/avatar\/f771d896c203ad8b3382d7905cfcce5a5c9b008b84b3cd9114e9b9f4cb63f789?s=96&d=mm&r=g","contentUrl":"https:\/\/secure.gravatar.com\/avatar\/f771d896c203ad8b3382d7905cfcce5a5c9b008b84b3cd9114e9b9f4cb63f789?s=96&d=mm&r=g","caption":"Redacci\u00f3n"},"url":"https:\/\/radiolitoral.com\/ca\/author\/miriam-pagan\/"}]}},"_links":{"self":[{"href":"https:\/\/radiolitoral.com\/ca\/wp-json\/wp\/v2\/posts\/8401","targetHints":{"allow":["GET"]}}],"collection":[{"href":"https:\/\/radiolitoral.com\/ca\/wp-json\/wp\/v2\/posts"}],"about":[{"href":"https:\/\/radiolitoral.com\/ca\/wp-json\/wp\/v2\/types\/post"}],"author":[{"embeddable":true,"href":"https:\/\/radiolitoral.com\/ca\/wp-json\/wp\/v2\/users\/13"}],"replies":[{"embeddable":true,"href":"https:\/\/radiolitoral.com\/ca\/wp-json\/wp\/v2\/comments?post=8401"}],"version-history":[{"count":2,"href":"https:\/\/radiolitoral.com\/ca\/wp-json\/wp\/v2\/posts\/8401\/revisions"}],"predecessor-version":[{"id":8405,"href":"https:\/\/radiolitoral.com\/ca\/wp-json\/wp\/v2\/posts\/8401\/revisions\/8405"}],"wp:featuredmedia":[{"embeddable":true,"href":"https:\/\/radiolitoral.com\/ca\/wp-json\/wp\/v2\/media\/8404"}],"wp:attachment":[{"href":"https:\/\/radiolitoral.com\/ca\/wp-json\/wp\/v2\/media?parent=8401"}],"wp:term":[{"taxonomy":"category","embeddable":true,"href":"https:\/\/radiolitoral.com\/ca\/wp-json\/wp\/v2\/categories?post=8401"},{"taxonomy":"post_tag","embeddable":true,"href":"https:\/\/radiolitoral.com\/ca\/wp-json\/wp\/v2\/tags?post=8401"}],"curies":[{"name":"wp","href":"https:\/\/api.w.org\/{rel}","templated":true}]}}