{"id":8246,"date":"2024-04-12T00:05:36","date_gmt":"2024-04-11T22:05:36","guid":{"rendered":"https:\/\/radiolitoral.com\/?p=8246"},"modified":"2024-04-12T00:05:36","modified_gmt":"2024-04-11T22:05:36","slug":"triana-rua-medalla-de-bronze-al-nacional-base-de-g-ritmica","status":"publish","type":"post","link":"https:\/\/radiolitoral.com\/ca\/2024\/04\/triana-ruano-medalla-de-bronce-en-el-nacional-base-de-g-ritmica\/","title":{"rendered":"Triana Ruano medalla de bronze al Nacional Base de G. R\u00edtmica"},"content":{"rendered":"<div class=\"flex-1 overflow-hidden\">\n<div class=\"react-scroll-to-bottom--css-lrdlx-79elbk h-full\">\n<div class=\"react-scroll-to-bottom--css-lrdlx-1n7m0yu\">\n<div class=\"flex flex-col text-sm pb-9\">\n<div class=\"w-full text-token-text-primary\" dir=\"auto\" data-testid=\"conversation-turn-91\">\n<div class=\"px-4 py-2 justify-center text-base md:gap-6 m-auto\">\n<div class=\"flex flex-1 text-base mx-auto gap-3 juice:gap-4 juice:md:gap-6 md:px-5 lg:px-1 xl:px-5 md:max-w-3xl lg:max-w-[40rem] xl:max-w-[48rem] group final-completion\">\n<div class=\"relative flex w-full flex-col agent-turn\">\n<div class=\"flex-col gap-1 md:gap-3\">\n<div class=\"flex flex-grow flex-col max-w-full\">\n<div class=\"min-h-[20px] text-message flex flex-col items-start gap-3 whitespace-pre-wrap break-words [.text-message+&amp;]:mt-5 overflow-x-auto\" dir=\"auto\" data-message-author-role=\"assistant\" data-message-id=\"295471f4-f1da-4b10-95de-b522ba4b2524\">\n<div class=\"markdown prose w-full break-words dark:prose-invert light\">\n<p>El <strong>Campeonato de Espa\u00f1a Base Individual de gimnasia r\u00edtmica<\/strong>, que se est\u00e1 celebrando en Castell\u00f3n, ha sido el escenario de emocionantes momentos para las j\u00f3venes promesas de la gimnasia espa\u00f1ola. Entre las destacadas, <strong>Triana Ruano<\/strong>, de la <strong>categor\u00eda Prebenjam\u00edn<\/strong>, se alz\u00f3 con la <strong>medalla de bronce<\/strong>, demostrando su talento y precisi\u00f3n en un vibrante ejercicio de manos libres al ritmo de la m\u00fasica de Barbie. Representando al <strong>Club Gimnasia Les Marines<\/strong>, Ruano no solo se llev\u00f3 el bronce, sino que tambi\u00e9n obtuvo la mejor puntuaci\u00f3n entre todas las participantes de la Comunitat Valenciana, consolidando su posici\u00f3n como una de las j\u00f3venes promesas del deporte en la regi\u00f3n.<\/p>\n<figure id=\"attachment_8248\" aria-describedby=\"caption-attachment-8248\" style=\"width: 1440px\" class=\"wp-caption alignnone\"><img loading=\"lazy\" decoding=\"async\" class=\"wp-image-8248 size-full\" src=\"https:\/\/media.radiolitoral.com\/wp-content\/uploads\/2024\/04\/12000223\/Triana-Ruano-luciendo-su-medalla.jpg\" alt=\"\" width=\"1440\" height=\"1200\" srcset=\"https:\/\/media.radiolitoral.com\/wp-content\/uploads\/2024\/04\/12000223\/Triana-Ruano-luciendo-su-medalla.jpg 1440w, https:\/\/media.radiolitoral.com\/wp-content\/uploads\/2024\/04\/12000223\/Triana-Ruano-luciendo-su-medalla-300x250.jpg 300w, https:\/\/media.radiolitoral.com\/wp-content\/uploads\/2024\/04\/12000223\/Triana-Ruano-luciendo-su-medalla-1024x853.jpg 1024w, https:\/\/media.radiolitoral.com\/wp-content\/uploads\/2024\/04\/12000223\/Triana-Ruano-luciendo-su-medalla-768x640.jpg 768w, https:\/\/media.radiolitoral.com\/wp-content\/uploads\/2024\/04\/12000223\/Triana-Ruano-luciendo-su-medalla-14x12.jpg 14w, https:\/\/media.radiolitoral.com\/wp-content\/uploads\/2024\/04\/12000223\/Triana-Ruano-luciendo-su-medalla-1000x833.jpg 1000w, https:\/\/media.radiolitoral.com\/wp-content\/uploads\/2024\/04\/12000223\/Triana-Ruano-luciendo-su-medalla-100x83.jpg 100w, https:\/\/media.radiolitoral.com\/wp-content\/uploads\/2024\/04\/12000223\/Triana-Ruano-luciendo-su-medalla-200x167.jpg 200w\" sizes=\"auto, (max-width: 1440px) 100vw, 1440px\" \/><figcaption id=\"caption-attachment-8248\" class=\"wp-caption-text\">Triana Ruano luciendo su medalla de bronce |CG Les Marines<\/figcaption><\/figure>\n<p>Por otro lado, <strong>Daniela Avell\u00e1<\/strong>, en la <strong>categor\u00eda Alev\u00edn<\/strong>, realiz\u00f3 un deslumbrante ejercicio de pelota que inicialmente la coloc\u00f3 en el tercer lugar con una impresionante nota de 19,034. Sin embargo, la intensa competencia y las actuaciones excepcionales de gimnastas que se presentaron despu\u00e9s de ella, resultaron en que Avell\u00e1 finalizara en la <strong>sexta posici\u00f3n<\/strong>. A pesar de no mantenerse en el podio, su actuaci\u00f3n fue destacada y la joven del Club Les Marines logr\u00f3 obtener un <strong>Diploma Nacional<\/strong>, un reconocimiento notable dado que compiti\u00f3 contra otras 161 gimnastas en una de las categor\u00edas m\u00e1s disputadas del campeonato.<\/p>\n<p>Estos logros subrayan el alto nivel de entrenamiento y dedicaci\u00f3n de las gimnastas del Club Gimnasia Les Marines y su capacidad para competir en un escenario nacional con gran \u00e9xito.<\/p>\n<figure id=\"attachment_8249\" aria-describedby=\"caption-attachment-8249\" style=\"width: 1440px\" class=\"wp-caption alignnone\"><img loading=\"lazy\" decoding=\"async\" class=\"wp-image-8249 size-full\" src=\"https:\/\/media.radiolitoral.com\/wp-content\/uploads\/2024\/04\/12000503\/Daniela-Avella-mostrando-su-Diploma-Nacional.jpg\" alt=\"\" width=\"1440\" height=\"939\" srcset=\"https:\/\/media.radiolitoral.com\/wp-content\/uploads\/2024\/04\/12000503\/Daniela-Avella-mostrando-su-Diploma-Nacional.jpg 1440w, https:\/\/media.radiolitoral.com\/wp-content\/uploads\/2024\/04\/12000503\/Daniela-Avella-mostrando-su-Diploma-Nacional-300x196.jpg 300w, https:\/\/media.radiolitoral.com\/wp-content\/uploads\/2024\/04\/12000503\/Daniela-Avella-mostrando-su-Diploma-Nacional-1024x668.jpg 1024w, https:\/\/media.radiolitoral.com\/wp-content\/uploads\/2024\/04\/12000503\/Daniela-Avella-mostrando-su-Diploma-Nacional-768x501.jpg 768w, https:\/\/media.radiolitoral.com\/wp-content\/uploads\/2024\/04\/12000503\/Daniela-Avella-mostrando-su-Diploma-Nacional-18x12.jpg 18w, https:\/\/media.radiolitoral.com\/wp-content\/uploads\/2024\/04\/12000503\/Daniela-Avella-mostrando-su-Diploma-Nacional-1000x652.jpg 1000w, https:\/\/media.radiolitoral.com\/wp-content\/uploads\/2024\/04\/12000503\/Daniela-Avella-mostrando-su-Diploma-Nacional-100x65.jpg 100w, https:\/\/media.radiolitoral.com\/wp-content\/uploads\/2024\/04\/12000503\/Daniela-Avella-mostrando-su-Diploma-Nacional-200x130.jpg 200w\" sizes=\"auto, (max-width: 1440px) 100vw, 1440px\" \/><figcaption id=\"caption-attachment-8249\" class=\"wp-caption-text\">Daniela Avella mostrando su Diploma Nacional |CG Les Marines<\/figcaption><\/figure>\n<p>El evento en Castell\u00f3n contin\u00faa siendo un punto de encuentro crucial para las futuras estrellas de la gimnasia espa\u00f1ola, donde la t\u00e9cnica, la gracia y el esp\u00edritu competitivo se unen para crear espect\u00e1culos de gran belleza y precisi\u00f3n t\u00e9cnica. Con cada rutina, las gimnastas de Les Marines y de toda Espa\u00f1a demuestran que el futuro de la gimnasia en el pa\u00eds es prometedor y vibrante.<\/p>\n<\/div>\n<\/div>\n<\/div>\n<div class=\"mt-1 flex gap-3 empty:hidden\">\n<div class=\"text-gray-400 flex self-end lg:self-center items-center justify-center lg:justify-start mt-0 -ml-1 h-7 gap-[2px] visible\">\n<div class=\"flex items-center gap-1.5 text-xs\"><\/div>\n<\/div>\n<\/div>\n<div class=\"pr-2 lg:pr-0\"><\/div>\n<\/div>\n<div class=\"absolute\">\n<div class=\"flex w-full gap-2 items-center justify-center\"><\/div>\n<\/div>\n<\/div>\n<\/div>\n<\/div>\n<\/div>\n<\/div>\n<\/div>\n<\/div>\n<\/div>\n<div class=\"w-full pt-2 md:pt-0 dark:border-white\/20 md:border-transparent md:dark:border-transparent md:w-[calc(100%-.5rem)]\">\n<form class=\"stretch mx-2 flex flex-row gap-3 last:mb-2 md:mx-4 md:last:mb-6 lg:mx-auto lg:max-w-2xl xl:max-w-3xl\">\n<div class=\"relative flex h-full flex-1 flex-col\">\n<div class=\"absolute bottom-full left-0 right-0\"><\/div>\n<div class=\"flex w-full items-center\"><\/div>\n<\/div>\n<\/form>\n<\/div>\n","protected":false},"excerpt":{"rendered":"<p>El Campeonato de Espa\u00f1a Base Individual de gimnasia r\u00edtmica, que se est\u00e1 celebrando en Castell\u00f3n, ha sido el escenario de emocionantes momentos para las j\u00f3venes promesas de la gimnasia espa\u00f1ola. Entre las destacadas, Triana Ruano, de la categor\u00eda Prebenjam\u00edn, se alz\u00f3 con la medalla de bronce, demostrando su talento y precisi\u00f3n en un vibrante ejercicio [&#8230;]<\/p>\n<p><a class=\"btn btn-secondary understrap-read-more-link\" href=\"https:\/\/radiolitoral.com\/ca\/2024\/04\/triana-ruano-medalla-de-bronce-en-el-nacional-base-de-g-ritmica\/\">Continua llegint&#8230;<span class=\"screen-reader-text\"> from Triana Ruano medalla de bronce en el Nacional Base de G. R\u00edtmica<\/span><\/a><\/p>\n","protected":false},"author":12,"featured_media":8247,"comment_status":"open","ping_status":"closed","sticky":false,"template":"","format":"standard","meta":{"_acf_changed":false,"inline_featured_image":false,"footnotes":""},"categories":[5],"tags":[876,880,879],"class_list":["post-8246","post","type-post","status-publish","format-standard","has-post-thumbnail","hentry","category-deportes","tag-cg-les-marines","tag-daniela-avella","tag-triana-ruano","cobertura-calp"],"acf":[],"yoast_head":"<!-- This site is optimized with the Yoast SEO plugin v27.5 - https:\/\/yoast.com\/product\/yoast-seo-wordpress\/ -->\n<title>Triana Ruano medalla de bronce en el Nacional Base de G. R\u00edtmica | R\u00e0dio Litoral<\/title>\n<meta name=\"description\" content=\"Adem\u00e1s de esta medalla el CG Les Marines sum\u00f3 un Diploma Nacional con Daniel Avell\u00e1 Adem\u00e1s de esta medalla el CG Les Marines sum\u00f3 un Diploma Nacional con Daniel Avell\u00e1\" \/>\n<meta name=\"robots\" content=\"index, follow, max-snippet:-1, max-image-preview:large, max-video-preview:-1\" \/>\n<link rel=\"canonical\" href=\"https:\/\/radiolitoral.com\/ca\/2024\/04\/triana-rua-medalla-de-bronze-al-nacional-base-de-g-ritmica\/\" \/>\n<meta property=\"og:locale\" content=\"ca_ES\" \/>\n<meta property=\"og:type\" content=\"article\" \/>\n<meta property=\"og:title\" content=\"Triana Ruano medalla de bronce en el Nacional Base de G. R\u00edtmica | R\u00e0dio Litoral\" \/>\n<meta property=\"og:description\" content=\"Adem\u00e1s de esta medalla el CG Les Marines sum\u00f3 un Diploma Nacional con Daniel Avell\u00e1 Adem\u00e1s de esta medalla el CG Les Marines sum\u00f3 un Diploma Nacional con Daniel Avell\u00e1\" \/>\n<meta property=\"og:url\" content=\"https:\/\/radiolitoral.com\/ca\/2024\/04\/triana-rua-medalla-de-bronze-al-nacional-base-de-g-ritmica\/\" \/>\n<meta property=\"og:site_name\" content=\"R\u00e0dio Litoral\" \/>\n<meta property=\"article:publisher\" content=\"https:\/\/www.facebook.com\/Laradiolitoral\/\" \/>\n<meta property=\"article:published_time\" content=\"2024-04-11T22:05:36+00:00\" \/>\n<meta property=\"og:image\" content=\"https:\/\/media.radiolitoral.com\/wp-content\/uploads\/2024\/04\/12000154\/Triana-Ruano-con-sus-entrenadoras.jpg\" \/>\n\t<meta property=\"og:image:width\" content=\"1440\" \/>\n\t<meta property=\"og:image:height\" content=\"1019\" \/>\n\t<meta property=\"og:image:type\" content=\"image\/jpeg\" \/>\n<meta name=\"author\" content=\"Javier Zamora\" \/>\n<meta name=\"twitter:card\" content=\"summary_large_image\" \/>\n<meta name=\"twitter:label1\" content=\"Escrit per\" \/>\n\t<meta name=\"twitter:data1\" content=\"Javier Zamora\" \/>\n\t<meta name=\"twitter:label2\" content=\"Temps estimat de lectura\" \/>\n\t<meta name=\"twitter:data2\" content=\"3 minuts\" \/>\n<script type=\"application\/ld+json\" class=\"yoast-schema-graph\">{\"@context\":\"https:\\\/\\\/schema.org\",\"@graph\":[{\"@type\":\"NewsArticle\",\"@id\":\"https:\\\/\\\/radiolitoral.com\\\/2024\\\/04\\\/triana-ruano-medalla-de-bronce-en-el-nacional-base-de-g-ritmica\\\/#article\",\"isPartOf\":{\"@id\":\"https:\\\/\\\/radiolitoral.com\\\/2024\\\/04\\\/triana-ruano-medalla-de-bronce-en-el-nacional-base-de-g-ritmica\\\/\"},\"author\":{\"name\":\"Javier Zamora\",\"@id\":\"https:\\\/\\\/radiolitoral.com\\\/#\\\/schema\\\/person\\\/7b1480b5caeb5acdd4ec6379caf62b22\"},\"headline\":\"Triana Ruano medalla de bronce en el Nacional Base de G. R\u00edtmica\",\"datePublished\":\"2024-04-11T22:05:36+00:00\",\"mainEntityOfPage\":{\"@id\":\"https:\\\/\\\/radiolitoral.com\\\/2024\\\/04\\\/triana-ruano-medalla-de-bronce-en-el-nacional-base-de-g-ritmica\\\/\"},\"wordCount\":376,\"commentCount\":0,\"publisher\":{\"@id\":\"https:\\\/\\\/radiolitoral.com\\\/#organization\"},\"image\":{\"@id\":\"https:\\\/\\\/radiolitoral.com\\\/2024\\\/04\\\/triana-ruano-medalla-de-bronce-en-el-nacional-base-de-g-ritmica\\\/#primaryimage\"},\"thumbnailUrl\":\"https:\\\/\\\/media.radiolitoral.com\\\/wp-content\\\/uploads\\\/2024\\\/04\\\/12000154\\\/Triana-Ruano-con-sus-entrenadoras.jpg\",\"keywords\":[\"CG Les Marines\",\"Daniela Avell\u00e1\",\"Triana Ruano\"],\"articleSection\":[\"Deportes\"],\"inLanguage\":\"ca\",\"potentialAction\":[{\"@type\":\"CommentAction\",\"name\":\"Comment\",\"target\":[\"https:\\\/\\\/radiolitoral.com\\\/2024\\\/04\\\/triana-ruano-medalla-de-bronce-en-el-nacional-base-de-g-ritmica\\\/#respond\"]}]},{\"@type\":[\"WebPage\",\"ItemPage\"],\"@id\":\"https:\\\/\\\/radiolitoral.com\\\/2024\\\/04\\\/triana-ruano-medalla-de-bronce-en-el-nacional-base-de-g-ritmica\\\/\",\"url\":\"https:\\\/\\\/radiolitoral.com\\\/2024\\\/04\\\/triana-ruano-medalla-de-bronce-en-el-nacional-base-de-g-ritmica\\\/\",\"name\":\"Triana Ruano medalla de bronce en el Nacional Base de G. R\u00edtmica | R\u00e0dio Litoral\",\"isPartOf\":{\"@id\":\"https:\\\/\\\/radiolitoral.com\\\/#website\"},\"primaryImageOfPage\":{\"@id\":\"https:\\\/\\\/radiolitoral.com\\\/2024\\\/04\\\/triana-ruano-medalla-de-bronce-en-el-nacional-base-de-g-ritmica\\\/#primaryimage\"},\"image\":{\"@id\":\"https:\\\/\\\/radiolitoral.com\\\/2024\\\/04\\\/triana-ruano-medalla-de-bronce-en-el-nacional-base-de-g-ritmica\\\/#primaryimage\"},\"thumbnailUrl\":\"https:\\\/\\\/media.radiolitoral.com\\\/wp-content\\\/uploads\\\/2024\\\/04\\\/12000154\\\/Triana-Ruano-con-sus-entrenadoras.jpg\",\"datePublished\":\"2024-04-11T22:05:36+00:00\",\"description\":\"Adem\u00e1s de esta medalla el CG Les Marines sum\u00f3 un Diploma Nacional con Daniel Avell\u00e1 Adem\u00e1s de esta medalla el CG Les Marines sum\u00f3 un Diploma Nacional con Daniel Avell\u00e1\",\"breadcrumb\":{\"@id\":\"https:\\\/\\\/radiolitoral.com\\\/2024\\\/04\\\/triana-ruano-medalla-de-bronce-en-el-nacional-base-de-g-ritmica\\\/#breadcrumb\"},\"inLanguage\":\"ca\",\"potentialAction\":[{\"@type\":\"ReadAction\",\"target\":[\"https:\\\/\\\/radiolitoral.com\\\/2024\\\/04\\\/triana-ruano-medalla-de-bronce-en-el-nacional-base-de-g-ritmica\\\/\"]}]},{\"@type\":\"ImageObject\",\"inLanguage\":\"ca\",\"@id\":\"https:\\\/\\\/radiolitoral.com\\\/2024\\\/04\\\/triana-ruano-medalla-de-bronce-en-el-nacional-base-de-g-ritmica\\\/#primaryimage\",\"url\":\"https:\\\/\\\/media.radiolitoral.com\\\/wp-content\\\/uploads\\\/2024\\\/04\\\/12000154\\\/Triana-Ruano-con-sus-entrenadoras.jpg\",\"contentUrl\":\"https:\\\/\\\/media.radiolitoral.com\\\/wp-content\\\/uploads\\\/2024\\\/04\\\/12000154\\\/Triana-Ruano-con-sus-entrenadoras.jpg\",\"width\":1440,\"height\":1019},{\"@type\":\"BreadcrumbList\",\"@id\":\"https:\\\/\\\/radiolitoral.com\\\/2024\\\/04\\\/triana-ruano-medalla-de-bronce-en-el-nacional-base-de-g-ritmica\\\/#breadcrumb\",\"itemListElement\":[{\"@type\":\"ListItem\",\"position\":1,\"name\":\"Portada\",\"item\":\"https:\\\/\\\/radiolitoral.com\\\/\"},{\"@type\":\"ListItem\",\"position\":2,\"name\":\"Triana Ruano medalla de bronce en el Nacional Base de G. R\u00edtmica\"}]},{\"@type\":\"WebSite\",\"@id\":\"https:\\\/\\\/radiolitoral.com\\\/#website\",\"url\":\"https:\\\/\\\/radiolitoral.com\\\/\",\"name\":\"Radio Litoral\",\"description\":\"La radio local de la Marina Alta\",\"publisher\":{\"@id\":\"https:\\\/\\\/radiolitoral.com\\\/#organization\"},\"alternateName\":\"Litoral FM\",\"potentialAction\":[{\"@type\":\"SearchAction\",\"target\":{\"@type\":\"EntryPoint\",\"urlTemplate\":\"https:\\\/\\\/radiolitoral.com\\\/?s={search_term_string}\"},\"query-input\":{\"@type\":\"PropertyValueSpecification\",\"valueRequired\":true,\"valueName\":\"search_term_string\"}}],\"inLanguage\":\"ca\"},{\"@type\":\"Organization\",\"@id\":\"https:\\\/\\\/radiolitoral.com\\\/#organization\",\"name\":\"Radio Litoral\",\"url\":\"https:\\\/\\\/radiolitoral.com\\\/\",\"logo\":{\"@type\":\"ImageObject\",\"inLanguage\":\"ca\",\"@id\":\"https:\\\/\\\/radiolitoral.com\\\/#\\\/schema\\\/logo\\\/image\\\/\",\"url\":\"https:\\\/\\\/media.radiolitoral.com\\\/wp-content\\\/uploads\\\/2023\\\/02\\\/24143238\\\/CL-V-RadioLitoral696.png\",\"contentUrl\":\"https:\\\/\\\/media.radiolitoral.com\\\/wp-content\\\/uploads\\\/2023\\\/02\\\/24143238\\\/CL-V-RadioLitoral696.png\",\"width\":696,\"height\":696,\"caption\":\"Radio Litoral\"},\"image\":{\"@id\":\"https:\\\/\\\/radiolitoral.com\\\/#\\\/schema\\\/logo\\\/image\\\/\"},\"sameAs\":[\"https:\\\/\\\/www.facebook.com\\\/Laradiolitoral\\\/\"]},{\"@type\":\"Person\",\"@id\":\"https:\\\/\\\/radiolitoral.com\\\/#\\\/schema\\\/person\\\/7b1480b5caeb5acdd4ec6379caf62b22\",\"name\":\"Javier Zamora\",\"image\":{\"@type\":\"ImageObject\",\"inLanguage\":\"ca\",\"@id\":\"https:\\\/\\\/secure.gravatar.com\\\/avatar\\\/467a11f6918c7d619c4043fc6fa2d3853053107973f05b6e9c04ea6c4e3a7b3f?s=96&d=mm&r=g\",\"url\":\"https:\\\/\\\/secure.gravatar.com\\\/avatar\\\/467a11f6918c7d619c4043fc6fa2d3853053107973f05b6e9c04ea6c4e3a7b3f?s=96&d=mm&r=g\",\"contentUrl\":\"https:\\\/\\\/secure.gravatar.com\\\/avatar\\\/467a11f6918c7d619c4043fc6fa2d3853053107973f05b6e9c04ea6c4e3a7b3f?s=96&d=mm&r=g\",\"caption\":\"Javier Zamora\"},\"url\":\"https:\\\/\\\/radiolitoral.com\\\/ca\\\/author\\\/javier-zamora\\\/\"}]}<\/script>\n<!-- \/ Yoast SEO plugin. -->","yoast_head_json":{"title":"Triana Ruano medalla de bronze al Nacional Base de G. R\u00edtmica | R\u00e0dio Litoral","description":"A m\u00e9s d&#039;aquesta medalla el CG Les Marines va sumar un Diploma Nacional amb Daniel Avell\u00e1 A m\u00e9s d&#039;aquesta medalla, el CG Les Marines va sumar un Diploma Nacional amb Daniel Avell\u00e1","robots":{"index":"index","follow":"follow","max-snippet":"max-snippet:-1","max-image-preview":"max-image-preview:large","max-video-preview":"max-video-preview:-1"},"canonical":"https:\/\/radiolitoral.com\/ca\/2024\/04\/triana-rua-medalla-de-bronze-al-nacional-base-de-g-ritmica\/","og_locale":"ca_ES","og_type":"article","og_title":"Triana Ruano medalla de bronce en el Nacional Base de G. R\u00edtmica | R\u00e0dio Litoral","og_description":"Adem\u00e1s de esta medalla el CG Les Marines sum\u00f3 un Diploma Nacional con Daniel Avell\u00e1 Adem\u00e1s de esta medalla el CG Les Marines sum\u00f3 un Diploma Nacional con Daniel Avell\u00e1","og_url":"https:\/\/radiolitoral.com\/ca\/2024\/04\/triana-rua-medalla-de-bronze-al-nacional-base-de-g-ritmica\/","og_site_name":"R\u00e0dio Litoral","article_publisher":"https:\/\/www.facebook.com\/Laradiolitoral\/","article_published_time":"2024-04-11T22:05:36+00:00","og_image":[{"width":1440,"height":1019,"url":"https:\/\/media.radiolitoral.com\/wp-content\/uploads\/2024\/04\/12000154\/Triana-Ruano-con-sus-entrenadoras.jpg","type":"image\/jpeg"}],"author":"Javier Zamora","twitter_card":"summary_large_image","twitter_misc":{"Escrit per":"Javier Zamora","Temps estimat de lectura":"3 minuts"},"schema":{"@context":"https:\/\/schema.org","@graph":[{"@type":"NewsArticle","@id":"https:\/\/radiolitoral.com\/2024\/04\/triana-ruano-medalla-de-bronce-en-el-nacional-base-de-g-ritmica\/#article","isPartOf":{"@id":"https:\/\/radiolitoral.com\/2024\/04\/triana-ruano-medalla-de-bronce-en-el-nacional-base-de-g-ritmica\/"},"author":{"name":"Javier Zamora","@id":"https:\/\/radiolitoral.com\/#\/schema\/person\/7b1480b5caeb5acdd4ec6379caf62b22"},"headline":"Triana Ruano medalla de bronce en el Nacional Base de G. R\u00edtmica","datePublished":"2024-04-11T22:05:36+00:00","mainEntityOfPage":{"@id":"https:\/\/radiolitoral.com\/2024\/04\/triana-ruano-medalla-de-bronce-en-el-nacional-base-de-g-ritmica\/"},"wordCount":376,"commentCount":0,"publisher":{"@id":"https:\/\/radiolitoral.com\/#organization"},"image":{"@id":"https:\/\/radiolitoral.com\/2024\/04\/triana-ruano-medalla-de-bronce-en-el-nacional-base-de-g-ritmica\/#primaryimage"},"thumbnailUrl":"https:\/\/media.radiolitoral.com\/wp-content\/uploads\/2024\/04\/12000154\/Triana-Ruano-con-sus-entrenadoras.jpg","keywords":["CG Les Marines","Daniela Avell\u00e1","Triana Ruano"],"articleSection":["Deportes"],"inLanguage":"ca","potentialAction":[{"@type":"CommentAction","name":"Comment","target":["https:\/\/radiolitoral.com\/2024\/04\/triana-ruano-medalla-de-bronce-en-el-nacional-base-de-g-ritmica\/#respond"]}]},{"@type":["WebPage","ItemPage"],"@id":"https:\/\/radiolitoral.com\/2024\/04\/triana-ruano-medalla-de-bronce-en-el-nacional-base-de-g-ritmica\/","url":"https:\/\/radiolitoral.com\/2024\/04\/triana-ruano-medalla-de-bronce-en-el-nacional-base-de-g-ritmica\/","name":"Triana Ruano medalla de bronze al Nacional Base de G. R\u00edtmica | R\u00e0dio Litoral","isPartOf":{"@id":"https:\/\/radiolitoral.com\/#website"},"primaryImageOfPage":{"@id":"https:\/\/radiolitoral.com\/2024\/04\/triana-ruano-medalla-de-bronce-en-el-nacional-base-de-g-ritmica\/#primaryimage"},"image":{"@id":"https:\/\/radiolitoral.com\/2024\/04\/triana-ruano-medalla-de-bronce-en-el-nacional-base-de-g-ritmica\/#primaryimage"},"thumbnailUrl":"https:\/\/media.radiolitoral.com\/wp-content\/uploads\/2024\/04\/12000154\/Triana-Ruano-con-sus-entrenadoras.jpg","datePublished":"2024-04-11T22:05:36+00:00","description":"A m\u00e9s d&#039;aquesta medalla el CG Les Marines va sumar un Diploma Nacional amb Daniel Avell\u00e1 A m\u00e9s d&#039;aquesta medalla, el CG Les Marines va sumar un Diploma Nacional amb Daniel Avell\u00e1","breadcrumb":{"@id":"https:\/\/radiolitoral.com\/2024\/04\/triana-ruano-medalla-de-bronce-en-el-nacional-base-de-g-ritmica\/#breadcrumb"},"inLanguage":"ca","potentialAction":[{"@type":"ReadAction","target":["https:\/\/radiolitoral.com\/2024\/04\/triana-ruano-medalla-de-bronce-en-el-nacional-base-de-g-ritmica\/"]}]},{"@type":"ImageObject","inLanguage":"ca","@id":"https:\/\/radiolitoral.com\/2024\/04\/triana-ruano-medalla-de-bronce-en-el-nacional-base-de-g-ritmica\/#primaryimage","url":"https:\/\/media.radiolitoral.com\/wp-content\/uploads\/2024\/04\/12000154\/Triana-Ruano-con-sus-entrenadoras.jpg","contentUrl":"https:\/\/media.radiolitoral.com\/wp-content\/uploads\/2024\/04\/12000154\/Triana-Ruano-con-sus-entrenadoras.jpg","width":1440,"height":1019},{"@type":"BreadcrumbList","@id":"https:\/\/radiolitoral.com\/2024\/04\/triana-ruano-medalla-de-bronce-en-el-nacional-base-de-g-ritmica\/#breadcrumb","itemListElement":[{"@type":"ListItem","position":1,"name":"Portada","item":"https:\/\/radiolitoral.com\/"},{"@type":"ListItem","position":2,"name":"Triana Ruano medalla de bronce en el Nacional Base de G. R\u00edtmica"}]},{"@type":"WebSite","@id":"https:\/\/radiolitoral.com\/#website","url":"https:\/\/radiolitoral.com\/","name":"R\u00e0dio Litoral","description":"La r\u00e0dio local de la Marina Alta","publisher":{"@id":"https:\/\/radiolitoral.com\/#organization"},"alternateName":"Litoral FM","potentialAction":[{"@type":"SearchAction","target":{"@type":"EntryPoint","urlTemplate":"https:\/\/radiolitoral.com\/?s={search_term_string}"},"query-input":{"@type":"PropertyValueSpecification","valueRequired":true,"valueName":"search_term_string"}}],"inLanguage":"ca"},{"@type":"Organization","@id":"https:\/\/radiolitoral.com\/#organization","name":"R\u00e0dio Litoral","url":"https:\/\/radiolitoral.com\/","logo":{"@type":"ImageObject","inLanguage":"ca","@id":"https:\/\/radiolitoral.com\/#\/schema\/logo\/image\/","url":"https:\/\/media.radiolitoral.com\/wp-content\/uploads\/2023\/02\/24143238\/CL-V-RadioLitoral696.png","contentUrl":"https:\/\/media.radiolitoral.com\/wp-content\/uploads\/2023\/02\/24143238\/CL-V-RadioLitoral696.png","width":696,"height":696,"caption":"Radio Litoral"},"image":{"@id":"https:\/\/radiolitoral.com\/#\/schema\/logo\/image\/"},"sameAs":["https:\/\/www.facebook.com\/Laradiolitoral\/"]},{"@type":"Person","@id":"https:\/\/radiolitoral.com\/#\/schema\/person\/7b1480b5caeb5acdd4ec6379caf62b22","name":"Javier Zamora","image":{"@type":"ImageObject","inLanguage":"ca","@id":"https:\/\/secure.gravatar.com\/avatar\/467a11f6918c7d619c4043fc6fa2d3853053107973f05b6e9c04ea6c4e3a7b3f?s=96&d=mm&r=g","url":"https:\/\/secure.gravatar.com\/avatar\/467a11f6918c7d619c4043fc6fa2d3853053107973f05b6e9c04ea6c4e3a7b3f?s=96&d=mm&r=g","contentUrl":"https:\/\/secure.gravatar.com\/avatar\/467a11f6918c7d619c4043fc6fa2d3853053107973f05b6e9c04ea6c4e3a7b3f?s=96&d=mm&r=g","caption":"Javier Zamora"},"url":"https:\/\/radiolitoral.com\/ca\/author\/javier-zamora\/"}]}},"_links":{"self":[{"href":"https:\/\/radiolitoral.com\/ca\/wp-json\/wp\/v2\/posts\/8246","targetHints":{"allow":["GET"]}}],"collection":[{"href":"https:\/\/radiolitoral.com\/ca\/wp-json\/wp\/v2\/posts"}],"about":[{"href":"https:\/\/radiolitoral.com\/ca\/wp-json\/wp\/v2\/types\/post"}],"author":[{"embeddable":true,"href":"https:\/\/radiolitoral.com\/ca\/wp-json\/wp\/v2\/users\/12"}],"replies":[{"embeddable":true,"href":"https:\/\/radiolitoral.com\/ca\/wp-json\/wp\/v2\/comments?post=8246"}],"version-history":[{"count":1,"href":"https:\/\/radiolitoral.com\/ca\/wp-json\/wp\/v2\/posts\/8246\/revisions"}],"predecessor-version":[{"id":8250,"href":"https:\/\/radiolitoral.com\/ca\/wp-json\/wp\/v2\/posts\/8246\/revisions\/8250"}],"wp:featuredmedia":[{"embeddable":true,"href":"https:\/\/radiolitoral.com\/ca\/wp-json\/wp\/v2\/media\/8247"}],"wp:attachment":[{"href":"https:\/\/radiolitoral.com\/ca\/wp-json\/wp\/v2\/media?parent=8246"}],"wp:term":[{"taxonomy":"category","embeddable":true,"href":"https:\/\/radiolitoral.com\/ca\/wp-json\/wp\/v2\/categories?post=8246"},{"taxonomy":"post_tag","embeddable":true,"href":"https:\/\/radiolitoral.com\/ca\/wp-json\/wp\/v2\/tags?post=8246"}],"curies":[{"name":"wp","href":"https:\/\/api.w.org\/{rel}","templated":true}]}}