{"id":8218,"date":"2024-04-11T11:12:32","date_gmt":"2024-04-11T09:12:32","guid":{"rendered":"https:\/\/radiolitoral.com\/?p=8218"},"modified":"2024-04-11T11:12:32","modified_gmt":"2024-04-11T09:12:32","slug":"el-verger-es-prepara-per-viure-la-festa-de-latletisme-popular-diumenge","status":"publish","type":"post","link":"https:\/\/radiolitoral.com\/ca\/2024\/04\/el-verger-se-prepara-para-vivir-la-fiesta-del-atletismo-popular-el-domingo\/","title":{"rendered":"El Verger es prepara per viure la festa de l&#039;atletisme popular diumenge"},"content":{"rendered":"<div class=\"flex-1 overflow-hidden\">\n<div class=\"react-scroll-to-bottom--css-vwrlg-79elbk h-full\">\n<div class=\"react-scroll-to-bottom--css-vwrlg-1n7m0yu\">\n<div class=\"flex flex-col text-sm pb-9\">\n<div class=\"w-full text-token-text-primary\" dir=\"auto\" data-testid=\"conversation-turn-81\">\n<div class=\"px-4 py-2 justify-center text-base md:gap-6 m-auto\">\n<div class=\"flex flex-1 text-base mx-auto gap-3 juice:gap-4 juice:md:gap-6 md:px-5 lg:px-1 xl:px-5 md:max-w-3xl lg:max-w-[40rem] xl:max-w-[48rem] group final-completion\">\n<div class=\"relative flex w-full flex-col agent-turn\">\n<div class=\"flex-col gap-1 md:gap-3\">\n<div class=\"flex flex-grow flex-col max-w-full\">\n<div class=\"min-h-[20px] text-message flex flex-col items-start gap-3 whitespace-pre-wrap break-words [.text-message+&amp;]:mt-5 overflow-x-auto\" dir=\"auto\" data-message-author-role=\"assistant\" data-message-id=\"68936257-4935-4cc6-bcb7-3db1fa3a89c6\">\n<div class=\"markdown prose w-full break-words dark:prose-invert light\">\n<p>Este domingo 14 de abril, El Verger se convierte en el epicentro del atletismo con la celebraci\u00f3n de la <strong>XVI Volta a Peu El Verger<\/strong>, organizada por el <strong>Club Sense Pressa El Verger<\/strong>, en colaboraci\u00f3n con el Ayuntamiento y la concejal\u00eda de deportes. La carrera, que ya es una tradici\u00f3n en la localidad, ofrece un recorrido \u00fanico que combina las calles de la poblaci\u00f3n con los paisajes naturales que brinda la falda de la monta\u00f1a Segar\u00eda.<\/p>\n<p>Los corredores de la prueba reina tendr\u00e1n el desaf\u00edo de completar <strong>9.800<\/strong> metros divididos en dos vueltas; una primera m\u00e1s urbana de 3.400 metros por el coraz\u00f3n de El Verger, y una segunda de 6.400 metros que les llevar\u00e1 por el t\u00e9rmino municipal, incluyendo el Cam\u00ed de Pego, Cam\u00ed Cremaella y Cam\u00ed del Cementeri, antes de regresar al n\u00facleo urbano para cruzar la l\u00ednea de meta en la Calle Cervantes, desde donde tambi\u00e9n tomar\u00e1n la salida a las 10:00 de la ma\u00f1ana.<\/p>\n<p>La organizaci\u00f3n ha dispuesto todos los servicios necesarios para asegurar el bienestar y la comodidad de los atletas, incluyendo guardarropa y bicicletas cerca de la meta, as\u00ed como duchas en el Campo de F\u00fatbol, a 700 metros de la salida y llegada. Adem\u00e1s, el calor humano de los espectadores distribuidos a lo largo del recorrido se ver\u00e1 complementado por actuaciones musicales y un avituallamiento final para todos los participantes.<\/p>\n<p>Las inscripciones permanecen abiertas hasta el mediod\u00eda del viernes 12 de abril a trav\u00e9s de las p\u00e1ginas oficiales <a href=\"http:\/\/www.somesport.com\/\" target=\"_new\" rel=\"noopener\">www.somesport.com<\/a> y <a href=\"http:\/\/www.circuitapeu.com\/\" target=\"_new\" rel=\"noopener\">www.circuitapeu.com<\/a>, invitando a todos aquellos que deseen formar parte de esta festividad deportiva a sumarse a la competencia.<\/p>\n<p>La jornada se completar\u00e1 con las carreras infantiles a partir de las 12:00 horas, abriendo con las categor\u00edas de barrufets y prebenjamines, y continuando con las competencias puntuables que van desde benjam\u00edn hasta juvenil, prometiendo llenar de color y alegr\u00eda las calles de El Verger.<\/p>\n<p>La XVI Volta a Peu El Verger no es solo una competici\u00f3n, sino una celebraci\u00f3n de la comunidad, el deporte y la naturaleza, un evento que deja huella en el coraz\u00f3n de atletas y espectadores por igual.<\/p>\n<\/div>\n<\/div>\n<\/div>\n<div class=\"mt-1 flex gap-3 empty:hidden\">\n<div class=\"text-gray-400 flex self-end lg:self-center items-center justify-center lg:justify-start mt-0 -ml-1 h-7 gap-[2px] visible\"><button class=\"flex items-center gap-1.5 rounded-md p-1 text-xs text-token-text-tertiary hover:text-token-text-primary md:invisible md:group-hover:visible md:group-[.final-completion]:visible\"><\/button><button class=\"flex items-center gap-1.5 rounded-md p-1 text-xs text-token-text-tertiary hover:text-token-text-primary md:invisible md:group-hover:visible md:group-[.final-completion]:visible\"><\/button><\/p>\n<div class=\"flex items-center gap-1.5 text-xs\"><\/div>\n<\/div>\n<\/div>\n<div class=\"pr-2 lg:pr-0\"><\/div>\n<\/div>\n<div class=\"absolute\">\n<div class=\"flex w-full gap-2 items-center justify-center\"><\/div>\n<\/div>\n<\/div>\n<\/div>\n<\/div>\n<\/div>\n<\/div>\n<\/div>\n<\/div>\n<\/div>\n<div class=\"w-full pt-2 md:pt-0 dark:border-white\/20 md:border-transparent md:dark:border-transparent md:w-[calc(100%-.5rem)]\">\n<form class=\"stretch mx-2 flex flex-row gap-3 last:mb-2 md:mx-4 md:last:mb-6 lg:mx-auto lg:max-w-2xl xl:max-w-3xl\">\n<div class=\"relative flex h-full flex-1 flex-col\">\n<div class=\"absolute bottom-full left-0 right-0\"><\/div>\n<div class=\"flex w-full items-center\"><\/div>\n<\/div>\n<\/form>\n<\/div>\n","protected":false},"excerpt":{"rendered":"<p>Este domingo 14 de abril, El Verger se convierte en el epicentro del atletismo con la celebraci\u00f3n de la XVI Volta a Peu El Verger, organizada por el Club Sense Pressa El Verger, en colaboraci\u00f3n con el Ayuntamiento y la concejal\u00eda de deportes. La carrera, que ya es una tradici\u00f3n en la localidad, ofrece un [&#8230;]<\/p>\n<p><a class=\"btn btn-secondary understrap-read-more-link\" href=\"https:\/\/radiolitoral.com\/ca\/2024\/04\/el-verger-se-prepara-para-vivir-la-fiesta-del-atletismo-popular-el-domingo\/\">Continua llegint&#8230;<span class=\"screen-reader-text\"> from El Verger se prepara para vivir la fiesta del atletismo popular el domingo<\/span><\/a><\/p>\n","protected":false},"author":12,"featured_media":8219,"comment_status":"open","ping_status":"closed","sticky":false,"template":"","format":"standard","meta":{"_acf_changed":false,"inline_featured_image":false,"footnotes":""},"categories":[5],"tags":[1222,6,1221],"class_list":["post-8218","post","type-post","status-publish","format-standard","has-post-thumbnail","hentry","category-deportes","tag-club-sense-pressa-el-verger","tag-deportes","tag-xvi-volta-a-peu-el-verger","cobertura-el-verger"],"acf":[],"yoast_head":"<!-- This site is optimized with the Yoast SEO plugin v27.5 - https:\/\/yoast.com\/product\/yoast-seo-wordpress\/ -->\n<title>El Verger se prepara para vivir la fiesta del atletismo popular el domingo | R\u00e0dio Litoral<\/title>\n<meta name=\"description\" content=\"La carrera totalmente plana es una buena oportunidad para que los participantes busquen hacer marca personal La carrera totalmente plana es una buena oportunidad para que los participantes busquen hacer marca personal\" \/>\n<meta name=\"robots\" content=\"index, follow, max-snippet:-1, max-image-preview:large, max-video-preview:-1\" \/>\n<link rel=\"canonical\" href=\"https:\/\/radiolitoral.com\/ca\/2024\/04\/el-verger-es-prepara-per-viure-la-festa-de-latletisme-popular-diumenge\/\" \/>\n<meta property=\"og:locale\" content=\"ca_ES\" \/>\n<meta property=\"og:type\" content=\"article\" \/>\n<meta property=\"og:title\" content=\"El Verger se prepara para vivir la fiesta del atletismo popular el domingo | R\u00e0dio Litoral\" \/>\n<meta property=\"og:description\" content=\"La carrera totalmente plana es una buena oportunidad para que los participantes busquen hacer marca personal La carrera totalmente plana es una buena oportunidad para que los participantes busquen hacer marca personal\" \/>\n<meta property=\"og:url\" content=\"https:\/\/radiolitoral.com\/ca\/2024\/04\/el-verger-es-prepara-per-viure-la-festa-de-latletisme-popular-diumenge\/\" \/>\n<meta property=\"og:site_name\" content=\"R\u00e0dio Litoral\" \/>\n<meta property=\"article:publisher\" content=\"https:\/\/www.facebook.com\/Laradiolitoral\/\" \/>\n<meta property=\"article:published_time\" content=\"2024-04-11T09:12:32+00:00\" \/>\n<meta property=\"og:image\" content=\"https:\/\/media.radiolitoral.com\/wp-content\/uploads\/2024\/04\/11111219\/CORREDORS-EL-VERGER-2023-2.jpg\" \/>\n\t<meta property=\"og:image:width\" content=\"2048\" \/>\n\t<meta property=\"og:image:height\" content=\"1365\" \/>\n\t<meta property=\"og:image:type\" content=\"image\/jpeg\" \/>\n<meta name=\"author\" content=\"Javier Zamora\" \/>\n<meta name=\"twitter:card\" content=\"summary_large_image\" \/>\n<meta name=\"twitter:label1\" content=\"Escrit per\" \/>\n\t<meta name=\"twitter:data1\" content=\"Javier Zamora\" \/>\n\t<meta name=\"twitter:label2\" content=\"Temps estimat de lectura\" \/>\n\t<meta name=\"twitter:data2\" content=\"2 minuts\" \/>\n<script type=\"application\/ld+json\" class=\"yoast-schema-graph\">{\"@context\":\"https:\\\/\\\/schema.org\",\"@graph\":[{\"@type\":\"NewsArticle\",\"@id\":\"https:\\\/\\\/radiolitoral.com\\\/2024\\\/04\\\/el-verger-se-prepara-para-vivir-la-fiesta-del-atletismo-popular-el-domingo\\\/#article\",\"isPartOf\":{\"@id\":\"https:\\\/\\\/radiolitoral.com\\\/2024\\\/04\\\/el-verger-se-prepara-para-vivir-la-fiesta-del-atletismo-popular-el-domingo\\\/\"},\"author\":{\"name\":\"Javier Zamora\",\"@id\":\"https:\\\/\\\/radiolitoral.com\\\/#\\\/schema\\\/person\\\/7b1480b5caeb5acdd4ec6379caf62b22\"},\"headline\":\"El Verger se prepara para vivir la fiesta del atletismo popular el domingo\",\"datePublished\":\"2024-04-11T09:12:32+00:00\",\"mainEntityOfPage\":{\"@id\":\"https:\\\/\\\/radiolitoral.com\\\/2024\\\/04\\\/el-verger-se-prepara-para-vivir-la-fiesta-del-atletismo-popular-el-domingo\\\/\"},\"wordCount\":385,\"commentCount\":0,\"publisher\":{\"@id\":\"https:\\\/\\\/radiolitoral.com\\\/#organization\"},\"image\":{\"@id\":\"https:\\\/\\\/radiolitoral.com\\\/2024\\\/04\\\/el-verger-se-prepara-para-vivir-la-fiesta-del-atletismo-popular-el-domingo\\\/#primaryimage\"},\"thumbnailUrl\":\"https:\\\/\\\/media.radiolitoral.com\\\/wp-content\\\/uploads\\\/2024\\\/04\\\/11111219\\\/CORREDORS-EL-VERGER-2023-2.jpg\",\"keywords\":[\"Club Sense Pressa El Verger\",\"deportes\",\"XVI Volta a Peu El Verger\"],\"articleSection\":[\"Deportes\"],\"inLanguage\":\"ca\",\"potentialAction\":[{\"@type\":\"CommentAction\",\"name\":\"Comment\",\"target\":[\"https:\\\/\\\/radiolitoral.com\\\/2024\\\/04\\\/el-verger-se-prepara-para-vivir-la-fiesta-del-atletismo-popular-el-domingo\\\/#respond\"]}]},{\"@type\":[\"WebPage\",\"ItemPage\"],\"@id\":\"https:\\\/\\\/radiolitoral.com\\\/2024\\\/04\\\/el-verger-se-prepara-para-vivir-la-fiesta-del-atletismo-popular-el-domingo\\\/\",\"url\":\"https:\\\/\\\/radiolitoral.com\\\/2024\\\/04\\\/el-verger-se-prepara-para-vivir-la-fiesta-del-atletismo-popular-el-domingo\\\/\",\"name\":\"El Verger se prepara para vivir la fiesta del atletismo popular el domingo | R\u00e0dio Litoral\",\"isPartOf\":{\"@id\":\"https:\\\/\\\/radiolitoral.com\\\/#website\"},\"primaryImageOfPage\":{\"@id\":\"https:\\\/\\\/radiolitoral.com\\\/2024\\\/04\\\/el-verger-se-prepara-para-vivir-la-fiesta-del-atletismo-popular-el-domingo\\\/#primaryimage\"},\"image\":{\"@id\":\"https:\\\/\\\/radiolitoral.com\\\/2024\\\/04\\\/el-verger-se-prepara-para-vivir-la-fiesta-del-atletismo-popular-el-domingo\\\/#primaryimage\"},\"thumbnailUrl\":\"https:\\\/\\\/media.radiolitoral.com\\\/wp-content\\\/uploads\\\/2024\\\/04\\\/11111219\\\/CORREDORS-EL-VERGER-2023-2.jpg\",\"datePublished\":\"2024-04-11T09:12:32+00:00\",\"description\":\"La carrera totalmente plana es una buena oportunidad para que los participantes busquen hacer marca personal La carrera totalmente plana es una buena oportunidad para que los participantes busquen hacer marca personal\",\"breadcrumb\":{\"@id\":\"https:\\\/\\\/radiolitoral.com\\\/2024\\\/04\\\/el-verger-se-prepara-para-vivir-la-fiesta-del-atletismo-popular-el-domingo\\\/#breadcrumb\"},\"inLanguage\":\"ca\",\"potentialAction\":[{\"@type\":\"ReadAction\",\"target\":[\"https:\\\/\\\/radiolitoral.com\\\/2024\\\/04\\\/el-verger-se-prepara-para-vivir-la-fiesta-del-atletismo-popular-el-domingo\\\/\"]}]},{\"@type\":\"ImageObject\",\"inLanguage\":\"ca\",\"@id\":\"https:\\\/\\\/radiolitoral.com\\\/2024\\\/04\\\/el-verger-se-prepara-para-vivir-la-fiesta-del-atletismo-popular-el-domingo\\\/#primaryimage\",\"url\":\"https:\\\/\\\/media.radiolitoral.com\\\/wp-content\\\/uploads\\\/2024\\\/04\\\/11111219\\\/CORREDORS-EL-VERGER-2023-2.jpg\",\"contentUrl\":\"https:\\\/\\\/media.radiolitoral.com\\\/wp-content\\\/uploads\\\/2024\\\/04\\\/11111219\\\/CORREDORS-EL-VERGER-2023-2.jpg\",\"width\":2048,\"height\":1365},{\"@type\":\"BreadcrumbList\",\"@id\":\"https:\\\/\\\/radiolitoral.com\\\/2024\\\/04\\\/el-verger-se-prepara-para-vivir-la-fiesta-del-atletismo-popular-el-domingo\\\/#breadcrumb\",\"itemListElement\":[{\"@type\":\"ListItem\",\"position\":1,\"name\":\"Portada\",\"item\":\"https:\\\/\\\/radiolitoral.com\\\/\"},{\"@type\":\"ListItem\",\"position\":2,\"name\":\"El Verger se prepara para vivir la fiesta del atletismo popular el domingo\"}]},{\"@type\":\"WebSite\",\"@id\":\"https:\\\/\\\/radiolitoral.com\\\/#website\",\"url\":\"https:\\\/\\\/radiolitoral.com\\\/\",\"name\":\"Radio Litoral\",\"description\":\"La radio local de la Marina Alta\",\"publisher\":{\"@id\":\"https:\\\/\\\/radiolitoral.com\\\/#organization\"},\"alternateName\":\"Litoral FM\",\"potentialAction\":[{\"@type\":\"SearchAction\",\"target\":{\"@type\":\"EntryPoint\",\"urlTemplate\":\"https:\\\/\\\/radiolitoral.com\\\/?s={search_term_string}\"},\"query-input\":{\"@type\":\"PropertyValueSpecification\",\"valueRequired\":true,\"valueName\":\"search_term_string\"}}],\"inLanguage\":\"ca\"},{\"@type\":\"Organization\",\"@id\":\"https:\\\/\\\/radiolitoral.com\\\/#organization\",\"name\":\"Radio Litoral\",\"url\":\"https:\\\/\\\/radiolitoral.com\\\/\",\"logo\":{\"@type\":\"ImageObject\",\"inLanguage\":\"ca\",\"@id\":\"https:\\\/\\\/radiolitoral.com\\\/#\\\/schema\\\/logo\\\/image\\\/\",\"url\":\"https:\\\/\\\/media.radiolitoral.com\\\/wp-content\\\/uploads\\\/2023\\\/02\\\/24143238\\\/CL-V-RadioLitoral696.png\",\"contentUrl\":\"https:\\\/\\\/media.radiolitoral.com\\\/wp-content\\\/uploads\\\/2023\\\/02\\\/24143238\\\/CL-V-RadioLitoral696.png\",\"width\":696,\"height\":696,\"caption\":\"Radio Litoral\"},\"image\":{\"@id\":\"https:\\\/\\\/radiolitoral.com\\\/#\\\/schema\\\/logo\\\/image\\\/\"},\"sameAs\":[\"https:\\\/\\\/www.facebook.com\\\/Laradiolitoral\\\/\"]},{\"@type\":\"Person\",\"@id\":\"https:\\\/\\\/radiolitoral.com\\\/#\\\/schema\\\/person\\\/7b1480b5caeb5acdd4ec6379caf62b22\",\"name\":\"Javier Zamora\",\"image\":{\"@type\":\"ImageObject\",\"inLanguage\":\"ca\",\"@id\":\"https:\\\/\\\/secure.gravatar.com\\\/avatar\\\/467a11f6918c7d619c4043fc6fa2d3853053107973f05b6e9c04ea6c4e3a7b3f?s=96&d=mm&r=g\",\"url\":\"https:\\\/\\\/secure.gravatar.com\\\/avatar\\\/467a11f6918c7d619c4043fc6fa2d3853053107973f05b6e9c04ea6c4e3a7b3f?s=96&d=mm&r=g\",\"contentUrl\":\"https:\\\/\\\/secure.gravatar.com\\\/avatar\\\/467a11f6918c7d619c4043fc6fa2d3853053107973f05b6e9c04ea6c4e3a7b3f?s=96&d=mm&r=g\",\"caption\":\"Javier Zamora\"},\"url\":\"https:\\\/\\\/radiolitoral.com\\\/ca\\\/author\\\/javier-zamora\\\/\"}]}<\/script>\n<!-- \/ Yoast SEO plugin. -->","yoast_head_json":{"title":"El Verger es prepara per viure la festa de l?atletisme popular diumenge | R\u00e0dio Litoral","description":"La cursa totalment plana \u00e9s una bona oportunitat perqu\u00e8 els participants busquin fer marca personal La cursa totalment plana \u00e9s una bona oportunitat perqu\u00e8 els participants busquin fer marca personal","robots":{"index":"index","follow":"follow","max-snippet":"max-snippet:-1","max-image-preview":"max-image-preview:large","max-video-preview":"max-video-preview:-1"},"canonical":"https:\/\/radiolitoral.com\/ca\/2024\/04\/el-verger-es-prepara-per-viure-la-festa-de-latletisme-popular-diumenge\/","og_locale":"ca_ES","og_type":"article","og_title":"El Verger se prepara para vivir la fiesta del atletismo popular el domingo | R\u00e0dio Litoral","og_description":"La carrera totalmente plana es una buena oportunidad para que los participantes busquen hacer marca personal La carrera totalmente plana es una buena oportunidad para que los participantes busquen hacer marca personal","og_url":"https:\/\/radiolitoral.com\/ca\/2024\/04\/el-verger-es-prepara-per-viure-la-festa-de-latletisme-popular-diumenge\/","og_site_name":"R\u00e0dio Litoral","article_publisher":"https:\/\/www.facebook.com\/Laradiolitoral\/","article_published_time":"2024-04-11T09:12:32+00:00","og_image":[{"width":2048,"height":1365,"url":"https:\/\/media.radiolitoral.com\/wp-content\/uploads\/2024\/04\/11111219\/CORREDORS-EL-VERGER-2023-2.jpg","type":"image\/jpeg"}],"author":"Javier Zamora","twitter_card":"summary_large_image","twitter_misc":{"Escrit per":"Javier Zamora","Temps estimat de lectura":"2 minuts"},"schema":{"@context":"https:\/\/schema.org","@graph":[{"@type":"NewsArticle","@id":"https:\/\/radiolitoral.com\/2024\/04\/el-verger-se-prepara-para-vivir-la-fiesta-del-atletismo-popular-el-domingo\/#article","isPartOf":{"@id":"https:\/\/radiolitoral.com\/2024\/04\/el-verger-se-prepara-para-vivir-la-fiesta-del-atletismo-popular-el-domingo\/"},"author":{"name":"Javier Zamora","@id":"https:\/\/radiolitoral.com\/#\/schema\/person\/7b1480b5caeb5acdd4ec6379caf62b22"},"headline":"El Verger se prepara para vivir la fiesta del atletismo popular el domingo","datePublished":"2024-04-11T09:12:32+00:00","mainEntityOfPage":{"@id":"https:\/\/radiolitoral.com\/2024\/04\/el-verger-se-prepara-para-vivir-la-fiesta-del-atletismo-popular-el-domingo\/"},"wordCount":385,"commentCount":0,"publisher":{"@id":"https:\/\/radiolitoral.com\/#organization"},"image":{"@id":"https:\/\/radiolitoral.com\/2024\/04\/el-verger-se-prepara-para-vivir-la-fiesta-del-atletismo-popular-el-domingo\/#primaryimage"},"thumbnailUrl":"https:\/\/media.radiolitoral.com\/wp-content\/uploads\/2024\/04\/11111219\/CORREDORS-EL-VERGER-2023-2.jpg","keywords":["Club Sense Pressa El Verger","deportes","XVI Volta a Peu El Verger"],"articleSection":["Deportes"],"inLanguage":"ca","potentialAction":[{"@type":"CommentAction","name":"Comment","target":["https:\/\/radiolitoral.com\/2024\/04\/el-verger-se-prepara-para-vivir-la-fiesta-del-atletismo-popular-el-domingo\/#respond"]}]},{"@type":["WebPage","ItemPage"],"@id":"https:\/\/radiolitoral.com\/2024\/04\/el-verger-se-prepara-para-vivir-la-fiesta-del-atletismo-popular-el-domingo\/","url":"https:\/\/radiolitoral.com\/2024\/04\/el-verger-se-prepara-para-vivir-la-fiesta-del-atletismo-popular-el-domingo\/","name":"El Verger es prepara per viure la festa de l?atletisme popular diumenge | R\u00e0dio Litoral","isPartOf":{"@id":"https:\/\/radiolitoral.com\/#website"},"primaryImageOfPage":{"@id":"https:\/\/radiolitoral.com\/2024\/04\/el-verger-se-prepara-para-vivir-la-fiesta-del-atletismo-popular-el-domingo\/#primaryimage"},"image":{"@id":"https:\/\/radiolitoral.com\/2024\/04\/el-verger-se-prepara-para-vivir-la-fiesta-del-atletismo-popular-el-domingo\/#primaryimage"},"thumbnailUrl":"https:\/\/media.radiolitoral.com\/wp-content\/uploads\/2024\/04\/11111219\/CORREDORS-EL-VERGER-2023-2.jpg","datePublished":"2024-04-11T09:12:32+00:00","description":"La cursa totalment plana \u00e9s una bona oportunitat perqu\u00e8 els participants busquin fer marca personal La cursa totalment plana \u00e9s una bona oportunitat perqu\u00e8 els participants busquin fer marca personal","breadcrumb":{"@id":"https:\/\/radiolitoral.com\/2024\/04\/el-verger-se-prepara-para-vivir-la-fiesta-del-atletismo-popular-el-domingo\/#breadcrumb"},"inLanguage":"ca","potentialAction":[{"@type":"ReadAction","target":["https:\/\/radiolitoral.com\/2024\/04\/el-verger-se-prepara-para-vivir-la-fiesta-del-atletismo-popular-el-domingo\/"]}]},{"@type":"ImageObject","inLanguage":"ca","@id":"https:\/\/radiolitoral.com\/2024\/04\/el-verger-se-prepara-para-vivir-la-fiesta-del-atletismo-popular-el-domingo\/#primaryimage","url":"https:\/\/media.radiolitoral.com\/wp-content\/uploads\/2024\/04\/11111219\/CORREDORS-EL-VERGER-2023-2.jpg","contentUrl":"https:\/\/media.radiolitoral.com\/wp-content\/uploads\/2024\/04\/11111219\/CORREDORS-EL-VERGER-2023-2.jpg","width":2048,"height":1365},{"@type":"BreadcrumbList","@id":"https:\/\/radiolitoral.com\/2024\/04\/el-verger-se-prepara-para-vivir-la-fiesta-del-atletismo-popular-el-domingo\/#breadcrumb","itemListElement":[{"@type":"ListItem","position":1,"name":"Portada","item":"https:\/\/radiolitoral.com\/"},{"@type":"ListItem","position":2,"name":"El Verger se prepara para vivir la fiesta del atletismo popular el domingo"}]},{"@type":"WebSite","@id":"https:\/\/radiolitoral.com\/#website","url":"https:\/\/radiolitoral.com\/","name":"R\u00e0dio Litoral","description":"La r\u00e0dio local de la Marina Alta","publisher":{"@id":"https:\/\/radiolitoral.com\/#organization"},"alternateName":"Litoral FM","potentialAction":[{"@type":"SearchAction","target":{"@type":"EntryPoint","urlTemplate":"https:\/\/radiolitoral.com\/?s={search_term_string}"},"query-input":{"@type":"PropertyValueSpecification","valueRequired":true,"valueName":"search_term_string"}}],"inLanguage":"ca"},{"@type":"Organization","@id":"https:\/\/radiolitoral.com\/#organization","name":"R\u00e0dio Litoral","url":"https:\/\/radiolitoral.com\/","logo":{"@type":"ImageObject","inLanguage":"ca","@id":"https:\/\/radiolitoral.com\/#\/schema\/logo\/image\/","url":"https:\/\/media.radiolitoral.com\/wp-content\/uploads\/2023\/02\/24143238\/CL-V-RadioLitoral696.png","contentUrl":"https:\/\/media.radiolitoral.com\/wp-content\/uploads\/2023\/02\/24143238\/CL-V-RadioLitoral696.png","width":696,"height":696,"caption":"Radio Litoral"},"image":{"@id":"https:\/\/radiolitoral.com\/#\/schema\/logo\/image\/"},"sameAs":["https:\/\/www.facebook.com\/Laradiolitoral\/"]},{"@type":"Person","@id":"https:\/\/radiolitoral.com\/#\/schema\/person\/7b1480b5caeb5acdd4ec6379caf62b22","name":"Javier Zamora","image":{"@type":"ImageObject","inLanguage":"ca","@id":"https:\/\/secure.gravatar.com\/avatar\/467a11f6918c7d619c4043fc6fa2d3853053107973f05b6e9c04ea6c4e3a7b3f?s=96&d=mm&r=g","url":"https:\/\/secure.gravatar.com\/avatar\/467a11f6918c7d619c4043fc6fa2d3853053107973f05b6e9c04ea6c4e3a7b3f?s=96&d=mm&r=g","contentUrl":"https:\/\/secure.gravatar.com\/avatar\/467a11f6918c7d619c4043fc6fa2d3853053107973f05b6e9c04ea6c4e3a7b3f?s=96&d=mm&r=g","caption":"Javier Zamora"},"url":"https:\/\/radiolitoral.com\/ca\/author\/javier-zamora\/"}]}},"_links":{"self":[{"href":"https:\/\/radiolitoral.com\/ca\/wp-json\/wp\/v2\/posts\/8218","targetHints":{"allow":["GET"]}}],"collection":[{"href":"https:\/\/radiolitoral.com\/ca\/wp-json\/wp\/v2\/posts"}],"about":[{"href":"https:\/\/radiolitoral.com\/ca\/wp-json\/wp\/v2\/types\/post"}],"author":[{"embeddable":true,"href":"https:\/\/radiolitoral.com\/ca\/wp-json\/wp\/v2\/users\/12"}],"replies":[{"embeddable":true,"href":"https:\/\/radiolitoral.com\/ca\/wp-json\/wp\/v2\/comments?post=8218"}],"version-history":[{"count":1,"href":"https:\/\/radiolitoral.com\/ca\/wp-json\/wp\/v2\/posts\/8218\/revisions"}],"predecessor-version":[{"id":8220,"href":"https:\/\/radiolitoral.com\/ca\/wp-json\/wp\/v2\/posts\/8218\/revisions\/8220"}],"wp:featuredmedia":[{"embeddable":true,"href":"https:\/\/radiolitoral.com\/ca\/wp-json\/wp\/v2\/media\/8219"}],"wp:attachment":[{"href":"https:\/\/radiolitoral.com\/ca\/wp-json\/wp\/v2\/media?parent=8218"}],"wp:term":[{"taxonomy":"category","embeddable":true,"href":"https:\/\/radiolitoral.com\/ca\/wp-json\/wp\/v2\/categories?post=8218"},{"taxonomy":"post_tag","embeddable":true,"href":"https:\/\/radiolitoral.com\/ca\/wp-json\/wp\/v2\/tags?post=8218"}],"curies":[{"name":"wp","href":"https:\/\/api.w.org\/{rel}","templated":true}]}}