{"id":8186,"date":"2024-04-10T14:01:10","date_gmt":"2024-04-10T12:01:10","guid":{"rendered":"https:\/\/radiolitoral.com\/?p=8186"},"modified":"2024-04-10T14:01:10","modified_gmt":"2024-04-10T12:01:10","slug":"benissa-seu-de-la-presentacio-de-la-copa-diputacio-de-pilota-valenciana","status":"publish","type":"post","link":"https:\/\/radiolitoral.com\/ca\/2024\/04\/benissa-sede-de-la-presentacion-de-la-copa-diputacion-de-pilota-valenciana\/","title":{"rendered":"Benissa seu de la presentaci\u00f3 de la Copa Diputaci\u00f3 de Pilota Valenciana"},"content":{"rendered":"<p>En un esdeveniment que marca el fervor i la tradici\u00f3 per l&#039;esport aut\u00f2cton, la <strong>Copa Diputaci\u00f3 d&#039;Alacant de pilota valenciana<\/strong> ha estat oficialment presentada en un marc inigualable: les <strong>Cases del Batle de Benissa<\/strong>. Aquest torneig, que celebra les modalitats de <strong>escala i corda<\/strong> i <strong>raspall femen\u00ed<\/strong>, promet encendre la passi\u00f3 dels aficionats i donar visibilitat al talent femen\u00ed en aquesta disciplina ancestral.<\/p>\n<p>D\u00e9nia s&#039;erigeix com una de les ciutats amfitriones d&#039;aquesta emocionant competici\u00f3, que tindr\u00e0 lloc durant aquest mes. El <strong>Trinquet \u201cEl Rovellet\u201d<\/strong> es prepara per ser l&#039;escenari de dos enfrontaments clau el proper dia 23. La tarda comen\u00e7ar\u00e0 a les <strong>16:30<\/strong> hores amb una trobada que promet ser vibrant: Vict\u00f2ria, Noelia i Mireia s&#039;enfrontaran a Aida, Myriam i Marina, en una partida on l&#039;estrat\u00e8gia i l&#039;habilitat seran determinants. Posteriorment, a les <strong>17:45<\/strong> hores, el trinquet tornar\u00e0 a vibrar amb la partida que enfrontar\u00e0 els vencedors dels dos \u00faltims quarts de final, prometent emocions fortes i exhibici\u00f3 d&#039;alt nivell.<\/p>\n<p>La presentaci\u00f3 de la Copa va comptar amb la pres\u00e8ncia de figures destacades que subratllen el comprom\u00eds de les institucions amb l\u201fesport i la cultura local. Entre aquests, l&#039;alcalde de Benissa, <strong>Arturo Poquet<\/strong>, el regidor d&#039;esports de D\u00e9nia, <strong>Valen Alcal\u00e1<\/strong>, al costat del President de la <strong>Federaci\u00f3 de Pilota Valenciana<\/strong>, <strong>Vicent Molines<\/strong>, els qui, acompanyats per la resta d&#039;autoritats, van destacar la import\u00e0ncia d&#039;aquest esdeveniment en la promoci\u00f3 de la pilota valenciana i el suport a l&#039;esport femen\u00ed.<\/p>\n<figure id=\"attachment_8189\" aria-describedby=\"caption-attachment-8189\" style=\"width: 2048px\" class=\"wp-caption alignnone\"><img loading=\"lazy\" decoding=\"async\" class=\"wp-image-8189 size-full\" src=\"https:\/\/media.radiolitoral.com\/wp-content\/uploads\/2024\/04\/10140040\/Jugadoras-en-el-acto-de-presentacion.jpg\" alt=\"\" width=\"2048\" height=\"1366\" srcset=\"https:\/\/media.radiolitoral.com\/wp-content\/uploads\/2024\/04\/10140040\/Jugadoras-en-el-acto-de-presentacion.jpg 2048w, https:\/\/media.radiolitoral.com\/wp-content\/uploads\/2024\/04\/10140040\/Jugadoras-en-el-acto-de-presentacion-300x200.jpg 300w, https:\/\/media.radiolitoral.com\/wp-content\/uploads\/2024\/04\/10140040\/Jugadoras-en-el-acto-de-presentacion-1024x683.jpg 1024w, https:\/\/media.radiolitoral.com\/wp-content\/uploads\/2024\/04\/10140040\/Jugadoras-en-el-acto-de-presentacion-768x512.jpg 768w, https:\/\/media.radiolitoral.com\/wp-content\/uploads\/2024\/04\/10140040\/Jugadoras-en-el-acto-de-presentacion-1536x1025.jpg 1536w, https:\/\/media.radiolitoral.com\/wp-content\/uploads\/2024\/04\/10140040\/Jugadoras-en-el-acto-de-presentacion-18x12.jpg 18w, https:\/\/media.radiolitoral.com\/wp-content\/uploads\/2024\/04\/10140040\/Jugadoras-en-el-acto-de-presentacion-1000x667.jpg 1000w, https:\/\/media.radiolitoral.com\/wp-content\/uploads\/2024\/04\/10140040\/Jugadoras-en-el-acto-de-presentacion-100x67.jpg 100w, https:\/\/media.radiolitoral.com\/wp-content\/uploads\/2024\/04\/10140040\/Jugadoras-en-el-acto-de-presentacion-200x133.jpg 200w\" sizes=\"auto, (max-width: 2048px) 100vw, 2048px\" \/><figcaption id=\"caption-attachment-8189\" class=\"wp-caption-text\">Jugadores durant l&#039;acte de presentaci\u00f3 | Ayto Benissa<\/figcaption><\/figure>\n<p>Aquest esdeveniment no \u00e9s nom\u00e9s una celebraci\u00f3 de l&#039;esport en la seva forma m\u00e9s pura i tradicional, sin\u00f3 que tamb\u00e9 \u00e9s un exemple de com les competicions locals poden fomentar la unitat comunit\u00e0ria, el respecte per la tradici\u00f3 i l&#039;impuls cap a la igualtat de g\u00e8nere a l&#039;esport . La Copa Diputaci\u00f3 d&#039;Alacant es presenta aix\u00ed com una cita ineludible per als amants de la pilota valenciana i un aparador del talent i la passi\u00f3 que defineix aquest esport.<\/p>","protected":false},"excerpt":{"rendered":"<p>En un evento que marca el fervor y la tradici\u00f3n por el deporte aut\u00f3ctono, la Copa Diputaci\u00f3n de Alicante de pilota valenciana ha sido oficialmente presentada en un marco inigualable: las Cases del Batle de Benissa. Este torneo, que celebra las modalidades de escala i corda y raspall femenino, promete encender la pasi\u00f3n de los [&#8230;]<\/p>\n<p><a class=\"btn btn-secondary understrap-read-more-link\" href=\"https:\/\/radiolitoral.com\/ca\/2024\/04\/benissa-sede-de-la-presentacion-de-la-copa-diputacion-de-pilota-valenciana\/\">Continua llegint&#8230;<span class=\"screen-reader-text\"> from Benissa sede de la presentaci\u00f3n de la Copa Diputaci\u00f3n de Pilota Valenciana<\/span><\/a><\/p>\n","protected":false},"author":12,"featured_media":8188,"comment_status":"open","ping_status":"closed","sticky":false,"template":"","format":"standard","meta":{"_acf_changed":false,"inline_featured_image":false,"footnotes":""},"categories":[5],"tags":[1209,1208,1207,6,1212,1210,1211],"class_list":["post-8186","post","type-post","status-publish","format-standard","has-post-thumbnail","hentry","category-deportes","tag-arturo-poquet","tag-cases-del-batle","tag-copa-diputacion-de-alicante-de-pilota-valenciana","tag-deportes","tag-federacio-de-pilota-valenciana","tag-valen-alcala","tag-vicent-molines","cobertura-benissa"],"acf":[],"yoast_head":"<!-- This site is optimized with the Yoast SEO plugin v27.5 - https:\/\/yoast.com\/product\/yoast-seo-wordpress\/ -->\n<title>Benissa sede de la presentaci\u00f3n de la Copa Diputaci\u00f3n de Pilota Valenciana | R\u00e0dio Litoral<\/title>\n<meta name=\"description\" content=\"En el acto estuvieron presentes jugadoras y jugadores que acompa\u00f1aron a las autoridades\" \/>\n<meta name=\"robots\" content=\"index, follow, max-snippet:-1, max-image-preview:large, max-video-preview:-1\" \/>\n<link rel=\"canonical\" href=\"https:\/\/radiolitoral.com\/ca\/2024\/04\/benissa-seu-de-la-presentacio-de-la-copa-diputacio-de-pilota-valenciana\/\" \/>\n<meta property=\"og:locale\" content=\"ca_ES\" \/>\n<meta property=\"og:type\" content=\"article\" \/>\n<meta property=\"og:title\" content=\"Benissa sede de la presentaci\u00f3n de la Copa Diputaci\u00f3n de Pilota Valenciana | R\u00e0dio Litoral\" \/>\n<meta property=\"og:description\" content=\"En el acto estuvieron presentes jugadoras y jugadores que acompa\u00f1aron a las autoridades\" \/>\n<meta property=\"og:url\" content=\"https:\/\/radiolitoral.com\/ca\/2024\/04\/benissa-seu-de-la-presentacio-de-la-copa-diputacio-de-pilota-valenciana\/\" \/>\n<meta property=\"og:site_name\" content=\"R\u00e0dio Litoral\" \/>\n<meta property=\"article:publisher\" content=\"https:\/\/www.facebook.com\/Laradiolitoral\/\" \/>\n<meta property=\"article:published_time\" content=\"2024-04-10T12:01:10+00:00\" \/>\n<meta property=\"og:image\" content=\"https:\/\/media.radiolitoral.com\/wp-content\/uploads\/2024\/04\/10140016\/420300427_289067734235869_1213316141299353998_n.jpg\" \/>\n\t<meta property=\"og:image:width\" content=\"1859\" \/>\n\t<meta property=\"og:image:height\" content=\"1031\" \/>\n\t<meta property=\"og:image:type\" content=\"image\/jpeg\" \/>\n<meta name=\"author\" content=\"Javier Zamora\" \/>\n<meta name=\"twitter:card\" content=\"summary_large_image\" \/>\n<meta name=\"twitter:label1\" content=\"Escrit per\" \/>\n\t<meta name=\"twitter:data1\" content=\"Javier Zamora\" \/>\n\t<meta name=\"twitter:label2\" content=\"Temps estimat de lectura\" \/>\n\t<meta name=\"twitter:data2\" content=\"3 minuts\" \/>\n<script type=\"application\/ld+json\" class=\"yoast-schema-graph\">{\"@context\":\"https:\\\/\\\/schema.org\",\"@graph\":[{\"@type\":\"NewsArticle\",\"@id\":\"https:\\\/\\\/radiolitoral.com\\\/2024\\\/04\\\/benissa-sede-de-la-presentacion-de-la-copa-diputacion-de-pilota-valenciana\\\/#article\",\"isPartOf\":{\"@id\":\"https:\\\/\\\/radiolitoral.com\\\/2024\\\/04\\\/benissa-sede-de-la-presentacion-de-la-copa-diputacion-de-pilota-valenciana\\\/\"},\"author\":{\"name\":\"Javier Zamora\",\"@id\":\"https:\\\/\\\/radiolitoral.com\\\/#\\\/schema\\\/person\\\/7b1480b5caeb5acdd4ec6379caf62b22\"},\"headline\":\"Benissa sede de la presentaci\u00f3n de la Copa Diputaci\u00f3n de Pilota Valenciana\",\"datePublished\":\"2024-04-10T12:01:10+00:00\",\"mainEntityOfPage\":{\"@id\":\"https:\\\/\\\/radiolitoral.com\\\/2024\\\/04\\\/benissa-sede-de-la-presentacion-de-la-copa-diputacion-de-pilota-valenciana\\\/\"},\"wordCount\":385,\"commentCount\":0,\"publisher\":{\"@id\":\"https:\\\/\\\/radiolitoral.com\\\/#organization\"},\"image\":{\"@id\":\"https:\\\/\\\/radiolitoral.com\\\/2024\\\/04\\\/benissa-sede-de-la-presentacion-de-la-copa-diputacion-de-pilota-valenciana\\\/#primaryimage\"},\"thumbnailUrl\":\"https:\\\/\\\/media.radiolitoral.com\\\/wp-content\\\/uploads\\\/2024\\\/04\\\/10140016\\\/420300427_289067734235869_1213316141299353998_n.jpg\",\"keywords\":[\"Arturo Poquet\",\"Cases del Batle\",\"Copa Diputaci\u00f3n de Alicante de pilota valenciana\",\"deportes\",\"Federaci\u00f3 de Pilota Valenciana\",\"Valen Alcal\u00e1\",\"Vicent Molines\"],\"articleSection\":[\"Deportes\"],\"inLanguage\":\"ca\",\"potentialAction\":[{\"@type\":\"CommentAction\",\"name\":\"Comment\",\"target\":[\"https:\\\/\\\/radiolitoral.com\\\/2024\\\/04\\\/benissa-sede-de-la-presentacion-de-la-copa-diputacion-de-pilota-valenciana\\\/#respond\"]}]},{\"@type\":[\"WebPage\",\"ItemPage\"],\"@id\":\"https:\\\/\\\/radiolitoral.com\\\/2024\\\/04\\\/benissa-sede-de-la-presentacion-de-la-copa-diputacion-de-pilota-valenciana\\\/\",\"url\":\"https:\\\/\\\/radiolitoral.com\\\/2024\\\/04\\\/benissa-sede-de-la-presentacion-de-la-copa-diputacion-de-pilota-valenciana\\\/\",\"name\":\"Benissa sede de la presentaci\u00f3n de la Copa Diputaci\u00f3n de Pilota Valenciana | R\u00e0dio Litoral\",\"isPartOf\":{\"@id\":\"https:\\\/\\\/radiolitoral.com\\\/#website\"},\"primaryImageOfPage\":{\"@id\":\"https:\\\/\\\/radiolitoral.com\\\/2024\\\/04\\\/benissa-sede-de-la-presentacion-de-la-copa-diputacion-de-pilota-valenciana\\\/#primaryimage\"},\"image\":{\"@id\":\"https:\\\/\\\/radiolitoral.com\\\/2024\\\/04\\\/benissa-sede-de-la-presentacion-de-la-copa-diputacion-de-pilota-valenciana\\\/#primaryimage\"},\"thumbnailUrl\":\"https:\\\/\\\/media.radiolitoral.com\\\/wp-content\\\/uploads\\\/2024\\\/04\\\/10140016\\\/420300427_289067734235869_1213316141299353998_n.jpg\",\"datePublished\":\"2024-04-10T12:01:10+00:00\",\"description\":\"En el acto estuvieron presentes jugadoras y jugadores que acompa\u00f1aron a las autoridades\",\"breadcrumb\":{\"@id\":\"https:\\\/\\\/radiolitoral.com\\\/2024\\\/04\\\/benissa-sede-de-la-presentacion-de-la-copa-diputacion-de-pilota-valenciana\\\/#breadcrumb\"},\"inLanguage\":\"ca\",\"potentialAction\":[{\"@type\":\"ReadAction\",\"target\":[\"https:\\\/\\\/radiolitoral.com\\\/2024\\\/04\\\/benissa-sede-de-la-presentacion-de-la-copa-diputacion-de-pilota-valenciana\\\/\"]}]},{\"@type\":\"ImageObject\",\"inLanguage\":\"ca\",\"@id\":\"https:\\\/\\\/radiolitoral.com\\\/2024\\\/04\\\/benissa-sede-de-la-presentacion-de-la-copa-diputacion-de-pilota-valenciana\\\/#primaryimage\",\"url\":\"https:\\\/\\\/media.radiolitoral.com\\\/wp-content\\\/uploads\\\/2024\\\/04\\\/10140016\\\/420300427_289067734235869_1213316141299353998_n.jpg\",\"contentUrl\":\"https:\\\/\\\/media.radiolitoral.com\\\/wp-content\\\/uploads\\\/2024\\\/04\\\/10140016\\\/420300427_289067734235869_1213316141299353998_n.jpg\",\"width\":1859,\"height\":1031},{\"@type\":\"BreadcrumbList\",\"@id\":\"https:\\\/\\\/radiolitoral.com\\\/2024\\\/04\\\/benissa-sede-de-la-presentacion-de-la-copa-diputacion-de-pilota-valenciana\\\/#breadcrumb\",\"itemListElement\":[{\"@type\":\"ListItem\",\"position\":1,\"name\":\"Portada\",\"item\":\"https:\\\/\\\/radiolitoral.com\\\/\"},{\"@type\":\"ListItem\",\"position\":2,\"name\":\"Benissa sede de la presentaci\u00f3n de la Copa Diputaci\u00f3n de Pilota Valenciana\"}]},{\"@type\":\"WebSite\",\"@id\":\"https:\\\/\\\/radiolitoral.com\\\/#website\",\"url\":\"https:\\\/\\\/radiolitoral.com\\\/\",\"name\":\"Radio Litoral\",\"description\":\"La radio local de la Marina Alta\",\"publisher\":{\"@id\":\"https:\\\/\\\/radiolitoral.com\\\/#organization\"},\"alternateName\":\"Litoral FM\",\"potentialAction\":[{\"@type\":\"SearchAction\",\"target\":{\"@type\":\"EntryPoint\",\"urlTemplate\":\"https:\\\/\\\/radiolitoral.com\\\/?s={search_term_string}\"},\"query-input\":{\"@type\":\"PropertyValueSpecification\",\"valueRequired\":true,\"valueName\":\"search_term_string\"}}],\"inLanguage\":\"ca\"},{\"@type\":\"Organization\",\"@id\":\"https:\\\/\\\/radiolitoral.com\\\/#organization\",\"name\":\"Radio Litoral\",\"url\":\"https:\\\/\\\/radiolitoral.com\\\/\",\"logo\":{\"@type\":\"ImageObject\",\"inLanguage\":\"ca\",\"@id\":\"https:\\\/\\\/radiolitoral.com\\\/#\\\/schema\\\/logo\\\/image\\\/\",\"url\":\"https:\\\/\\\/media.radiolitoral.com\\\/wp-content\\\/uploads\\\/2023\\\/02\\\/24143238\\\/CL-V-RadioLitoral696.png\",\"contentUrl\":\"https:\\\/\\\/media.radiolitoral.com\\\/wp-content\\\/uploads\\\/2023\\\/02\\\/24143238\\\/CL-V-RadioLitoral696.png\",\"width\":696,\"height\":696,\"caption\":\"Radio Litoral\"},\"image\":{\"@id\":\"https:\\\/\\\/radiolitoral.com\\\/#\\\/schema\\\/logo\\\/image\\\/\"},\"sameAs\":[\"https:\\\/\\\/www.facebook.com\\\/Laradiolitoral\\\/\"]},{\"@type\":\"Person\",\"@id\":\"https:\\\/\\\/radiolitoral.com\\\/#\\\/schema\\\/person\\\/7b1480b5caeb5acdd4ec6379caf62b22\",\"name\":\"Javier Zamora\",\"image\":{\"@type\":\"ImageObject\",\"inLanguage\":\"ca\",\"@id\":\"https:\\\/\\\/secure.gravatar.com\\\/avatar\\\/467a11f6918c7d619c4043fc6fa2d3853053107973f05b6e9c04ea6c4e3a7b3f?s=96&d=mm&r=g\",\"url\":\"https:\\\/\\\/secure.gravatar.com\\\/avatar\\\/467a11f6918c7d619c4043fc6fa2d3853053107973f05b6e9c04ea6c4e3a7b3f?s=96&d=mm&r=g\",\"contentUrl\":\"https:\\\/\\\/secure.gravatar.com\\\/avatar\\\/467a11f6918c7d619c4043fc6fa2d3853053107973f05b6e9c04ea6c4e3a7b3f?s=96&d=mm&r=g\",\"caption\":\"Javier Zamora\"},\"url\":\"https:\\\/\\\/radiolitoral.com\\\/ca\\\/author\\\/javier-zamora\\\/\"}]}<\/script>\n<!-- \/ Yoast SEO plugin. -->","yoast_head_json":{"title":"Benissa seu de la presentaci\u00f3 de la Copa Diputaci\u00f3 de Pilota Valenciana | R\u00e0dio Litoral","description":"A l&#039;acte van estar presents jugadores i jugadors que van acompanyar les autoritats","robots":{"index":"index","follow":"follow","max-snippet":"max-snippet:-1","max-image-preview":"max-image-preview:large","max-video-preview":"max-video-preview:-1"},"canonical":"https:\/\/radiolitoral.com\/ca\/2024\/04\/benissa-seu-de-la-presentacio-de-la-copa-diputacio-de-pilota-valenciana\/","og_locale":"ca_ES","og_type":"article","og_title":"Benissa sede de la presentaci\u00f3n de la Copa Diputaci\u00f3n de Pilota Valenciana | R\u00e0dio Litoral","og_description":"En el acto estuvieron presentes jugadoras y jugadores que acompa\u00f1aron a las autoridades","og_url":"https:\/\/radiolitoral.com\/ca\/2024\/04\/benissa-seu-de-la-presentacio-de-la-copa-diputacio-de-pilota-valenciana\/","og_site_name":"R\u00e0dio Litoral","article_publisher":"https:\/\/www.facebook.com\/Laradiolitoral\/","article_published_time":"2024-04-10T12:01:10+00:00","og_image":[{"width":1859,"height":1031,"url":"https:\/\/media.radiolitoral.com\/wp-content\/uploads\/2024\/04\/10140016\/420300427_289067734235869_1213316141299353998_n.jpg","type":"image\/jpeg"}],"author":"Javier Zamora","twitter_card":"summary_large_image","twitter_misc":{"Escrit per":"Javier Zamora","Temps estimat de lectura":"3 minuts"},"schema":{"@context":"https:\/\/schema.org","@graph":[{"@type":"NewsArticle","@id":"https:\/\/radiolitoral.com\/2024\/04\/benissa-sede-de-la-presentacion-de-la-copa-diputacion-de-pilota-valenciana\/#article","isPartOf":{"@id":"https:\/\/radiolitoral.com\/2024\/04\/benissa-sede-de-la-presentacion-de-la-copa-diputacion-de-pilota-valenciana\/"},"author":{"name":"Javier Zamora","@id":"https:\/\/radiolitoral.com\/#\/schema\/person\/7b1480b5caeb5acdd4ec6379caf62b22"},"headline":"Benissa sede de la presentaci\u00f3n de la Copa Diputaci\u00f3n de Pilota Valenciana","datePublished":"2024-04-10T12:01:10+00:00","mainEntityOfPage":{"@id":"https:\/\/radiolitoral.com\/2024\/04\/benissa-sede-de-la-presentacion-de-la-copa-diputacion-de-pilota-valenciana\/"},"wordCount":385,"commentCount":0,"publisher":{"@id":"https:\/\/radiolitoral.com\/#organization"},"image":{"@id":"https:\/\/radiolitoral.com\/2024\/04\/benissa-sede-de-la-presentacion-de-la-copa-diputacion-de-pilota-valenciana\/#primaryimage"},"thumbnailUrl":"https:\/\/media.radiolitoral.com\/wp-content\/uploads\/2024\/04\/10140016\/420300427_289067734235869_1213316141299353998_n.jpg","keywords":["Arturo Poquet","Cases del Batle","Copa Diputaci\u00f3n de Alicante de pilota valenciana","deportes","Federaci\u00f3 de Pilota Valenciana","Valen Alcal\u00e1","Vicent Molines"],"articleSection":["Deportes"],"inLanguage":"ca","potentialAction":[{"@type":"CommentAction","name":"Comment","target":["https:\/\/radiolitoral.com\/2024\/04\/benissa-sede-de-la-presentacion-de-la-copa-diputacion-de-pilota-valenciana\/#respond"]}]},{"@type":["WebPage","ItemPage"],"@id":"https:\/\/radiolitoral.com\/2024\/04\/benissa-sede-de-la-presentacion-de-la-copa-diputacion-de-pilota-valenciana\/","url":"https:\/\/radiolitoral.com\/2024\/04\/benissa-sede-de-la-presentacion-de-la-copa-diputacion-de-pilota-valenciana\/","name":"Benissa seu de la presentaci\u00f3 de la Copa Diputaci\u00f3 de Pilota Valenciana | R\u00e0dio Litoral","isPartOf":{"@id":"https:\/\/radiolitoral.com\/#website"},"primaryImageOfPage":{"@id":"https:\/\/radiolitoral.com\/2024\/04\/benissa-sede-de-la-presentacion-de-la-copa-diputacion-de-pilota-valenciana\/#primaryimage"},"image":{"@id":"https:\/\/radiolitoral.com\/2024\/04\/benissa-sede-de-la-presentacion-de-la-copa-diputacion-de-pilota-valenciana\/#primaryimage"},"thumbnailUrl":"https:\/\/media.radiolitoral.com\/wp-content\/uploads\/2024\/04\/10140016\/420300427_289067734235869_1213316141299353998_n.jpg","datePublished":"2024-04-10T12:01:10+00:00","description":"A l&#039;acte van estar presents jugadores i jugadors que van acompanyar les autoritats","breadcrumb":{"@id":"https:\/\/radiolitoral.com\/2024\/04\/benissa-sede-de-la-presentacion-de-la-copa-diputacion-de-pilota-valenciana\/#breadcrumb"},"inLanguage":"ca","potentialAction":[{"@type":"ReadAction","target":["https:\/\/radiolitoral.com\/2024\/04\/benissa-sede-de-la-presentacion-de-la-copa-diputacion-de-pilota-valenciana\/"]}]},{"@type":"ImageObject","inLanguage":"ca","@id":"https:\/\/radiolitoral.com\/2024\/04\/benissa-sede-de-la-presentacion-de-la-copa-diputacion-de-pilota-valenciana\/#primaryimage","url":"https:\/\/media.radiolitoral.com\/wp-content\/uploads\/2024\/04\/10140016\/420300427_289067734235869_1213316141299353998_n.jpg","contentUrl":"https:\/\/media.radiolitoral.com\/wp-content\/uploads\/2024\/04\/10140016\/420300427_289067734235869_1213316141299353998_n.jpg","width":1859,"height":1031},{"@type":"BreadcrumbList","@id":"https:\/\/radiolitoral.com\/2024\/04\/benissa-sede-de-la-presentacion-de-la-copa-diputacion-de-pilota-valenciana\/#breadcrumb","itemListElement":[{"@type":"ListItem","position":1,"name":"Portada","item":"https:\/\/radiolitoral.com\/"},{"@type":"ListItem","position":2,"name":"Benissa sede de la presentaci\u00f3n de la Copa Diputaci\u00f3n de Pilota Valenciana"}]},{"@type":"WebSite","@id":"https:\/\/radiolitoral.com\/#website","url":"https:\/\/radiolitoral.com\/","name":"R\u00e0dio Litoral","description":"La r\u00e0dio local de la Marina Alta","publisher":{"@id":"https:\/\/radiolitoral.com\/#organization"},"alternateName":"Litoral FM","potentialAction":[{"@type":"SearchAction","target":{"@type":"EntryPoint","urlTemplate":"https:\/\/radiolitoral.com\/?s={search_term_string}"},"query-input":{"@type":"PropertyValueSpecification","valueRequired":true,"valueName":"search_term_string"}}],"inLanguage":"ca"},{"@type":"Organization","@id":"https:\/\/radiolitoral.com\/#organization","name":"R\u00e0dio Litoral","url":"https:\/\/radiolitoral.com\/","logo":{"@type":"ImageObject","inLanguage":"ca","@id":"https:\/\/radiolitoral.com\/#\/schema\/logo\/image\/","url":"https:\/\/media.radiolitoral.com\/wp-content\/uploads\/2023\/02\/24143238\/CL-V-RadioLitoral696.png","contentUrl":"https:\/\/media.radiolitoral.com\/wp-content\/uploads\/2023\/02\/24143238\/CL-V-RadioLitoral696.png","width":696,"height":696,"caption":"Radio Litoral"},"image":{"@id":"https:\/\/radiolitoral.com\/#\/schema\/logo\/image\/"},"sameAs":["https:\/\/www.facebook.com\/Laradiolitoral\/"]},{"@type":"Person","@id":"https:\/\/radiolitoral.com\/#\/schema\/person\/7b1480b5caeb5acdd4ec6379caf62b22","name":"Javier Zamora","image":{"@type":"ImageObject","inLanguage":"ca","@id":"https:\/\/secure.gravatar.com\/avatar\/467a11f6918c7d619c4043fc6fa2d3853053107973f05b6e9c04ea6c4e3a7b3f?s=96&d=mm&r=g","url":"https:\/\/secure.gravatar.com\/avatar\/467a11f6918c7d619c4043fc6fa2d3853053107973f05b6e9c04ea6c4e3a7b3f?s=96&d=mm&r=g","contentUrl":"https:\/\/secure.gravatar.com\/avatar\/467a11f6918c7d619c4043fc6fa2d3853053107973f05b6e9c04ea6c4e3a7b3f?s=96&d=mm&r=g","caption":"Javier Zamora"},"url":"https:\/\/radiolitoral.com\/ca\/author\/javier-zamora\/"}]}},"_links":{"self":[{"href":"https:\/\/radiolitoral.com\/ca\/wp-json\/wp\/v2\/posts\/8186","targetHints":{"allow":["GET"]}}],"collection":[{"href":"https:\/\/radiolitoral.com\/ca\/wp-json\/wp\/v2\/posts"}],"about":[{"href":"https:\/\/radiolitoral.com\/ca\/wp-json\/wp\/v2\/types\/post"}],"author":[{"embeddable":true,"href":"https:\/\/radiolitoral.com\/ca\/wp-json\/wp\/v2\/users\/12"}],"replies":[{"embeddable":true,"href":"https:\/\/radiolitoral.com\/ca\/wp-json\/wp\/v2\/comments?post=8186"}],"version-history":[{"count":1,"href":"https:\/\/radiolitoral.com\/ca\/wp-json\/wp\/v2\/posts\/8186\/revisions"}],"predecessor-version":[{"id":8190,"href":"https:\/\/radiolitoral.com\/ca\/wp-json\/wp\/v2\/posts\/8186\/revisions\/8190"}],"wp:featuredmedia":[{"embeddable":true,"href":"https:\/\/radiolitoral.com\/ca\/wp-json\/wp\/v2\/media\/8188"}],"wp:attachment":[{"href":"https:\/\/radiolitoral.com\/ca\/wp-json\/wp\/v2\/media?parent=8186"}],"wp:term":[{"taxonomy":"category","embeddable":true,"href":"https:\/\/radiolitoral.com\/ca\/wp-json\/wp\/v2\/categories?post=8186"},{"taxonomy":"post_tag","embeddable":true,"href":"https:\/\/radiolitoral.com\/ca\/wp-json\/wp\/v2\/tags?post=8186"}],"curies":[{"name":"wp","href":"https:\/\/api.w.org\/{rel}","templated":true}]}}