{"id":8114,"date":"2024-04-09T09:45:16","date_gmt":"2024-04-09T07:45:16","guid":{"rendered":"https:\/\/radiolitoral.com\/?p=8114"},"modified":"2024-04-09T09:45:16","modified_gmt":"2024-04-09T07:45:16","slug":"la-cursa-de-la-dona-de-xabia-recapta-3-770-euros-per-al-tapis-i-lassociacio-carena","status":"publish","type":"post","link":"https:\/\/radiolitoral.com\/ca\/2024\/04\/la-cursa-de-la-dona-de-xabia-recauda-3-770-euros-para-el-tapis-y-la-asociacion-carena\/","title":{"rendered":"La Cursa de la Dona de X\u00e0bia recapta 3.770 euros per al Tapis i l&#039;associaci\u00f3 Carena"},"content":{"rendered":"<p>Aquest diumenge X\u00e0bia va ser testimoni d&#039;un esdeveniment que va fusionar esport, solidaritat i comprom\u00eds social: la <strong>Cursa de la Dona<\/strong>. Organitzada per la regidoria d&#039;Igualtat i el <strong>Club Atletisme Llebeig<\/strong>, aquesta edici\u00f3 va aconseguir reunir a <strong>721<\/strong> participants de totes les edats i g\u00e8neres, els quals es van dividir en dues categories: corredors i caminants. La participaci\u00f3 massiva reflecteix no nom\u00e9s l&#039;inter\u00e8s esportiu, sin\u00f3 tamb\u00e9 el comprom\u00eds de la comunitat amb causes de gran import\u00e0ncia.<\/p>\n<p>La prova va culminar amb una recaptaci\u00f3 total de <strong>3.770<\/strong> euros, destinats a donar suport a la tasca de les associacions <strong>Carena d&#039;ajuda contra el c\u00e0ncer<\/strong> i el <strong>Tapis<\/strong>, marcant una difer\u00e8ncia significativa a la vida de moltes persones afectades per aquesta malaltia. La solidaritat dels participants i el suport de la localitat van ser palpables, evidenciant la for\u00e7a de la uni\u00f3 per una bona causa.<\/p>\n<p>El lliurament de donatius i premis va comptar amb la pres\u00e8ncia de <strong>Rosa Cardona<\/strong>, alcaldessa de X\u00e0bia, i <strong>F\u00e0tima Jarjor<\/strong>, regidora d&#039;Igualtat, els qui van agrair a tots els assistents la seva generositat i esfor\u00e7. Les guanyadores de la prova de carrera van rebre els seus guardons, celebrant aix\u00ed els seus \u00e8xits esportius. A m\u00e9s, es va recon\u00e8ixer la participant m\u00e9s jove, una criatura de tan sols deu dies, i la m\u00e9s veterana, nascuda el 1939, destacant l&#039;ampli rang d&#039;edats dels assistents i la inclusivitat de l&#039;esdeveniment.<\/p>\n<p>L&#039;esdeveniment va concloure amb diversos sorteigs gr\u00e0cies a la col\u00b7laboraci\u00f3 d&#039;empreses locals que van donar regals, sumant encara m\u00e9s alegria i comunitat a l&#039;ambient. La Cursa de la Dona de X\u00e0bia es consolida aix\u00ed no sols com una cita imprescindible per als aficionats a l&#039;esport, sin\u00f3 tamb\u00e9 com un poder\u00f3s vehicle de canvi social, demostrant que l&#039;activitat f\u00edsica pot ser un mitj\u00e0 formidable per generar impacte positiu a la societat.<\/p>","protected":false},"excerpt":{"rendered":"<p>Este domingo, X\u00e0bia fue testigo de un evento que fusion\u00f3 deporte, solidaridad y compromiso social: la Cursa de la Dona. Organizada por la concejal\u00eda de Igualdad y el Club Atletismo Llebeig, esta edici\u00f3n logr\u00f3 reunir a 721 participantes de todas las edades y g\u00e9neros, quienes se dividieron en dos categor\u00edas: corredores y caminantes. La participaci\u00f3n [&#8230;]<\/p>\n<p><a class=\"btn btn-secondary understrap-read-more-link\" href=\"https:\/\/radiolitoral.com\/ca\/2024\/04\/la-cursa-de-la-dona-de-xabia-recauda-3-770-euros-para-el-tapis-y-la-asociacion-carena\/\">Continua llegint&#8230;<span class=\"screen-reader-text\"> from La Cursa de la Dona de X\u00e0bia recauda 3.770 euros para el Tapis y la asociaci\u00f3n Carena<\/span><\/a><\/p>\n","protected":false},"author":12,"featured_media":8115,"comment_status":"open","ping_status":"closed","sticky":false,"template":"","format":"standard","meta":{"_acf_changed":false,"inline_featured_image":false,"footnotes":""},"categories":[5],"tags":[1188,1187,1186,6,1191,1190,1189],"class_list":["post-8114","post","type-post","status-publish","format-standard","has-post-thumbnail","hentry","category-deportes","tag-carena","tag-club-atletismo-llebeig","tag-cursa-de-la-dona","tag-deportes","tag-fatima-jarjor","tag-rosa-cardona","tag-tapis","cobertura-xabia"],"acf":[],"yoast_head":"<!-- This site is optimized with the Yoast SEO plugin v27.5 - https:\/\/yoast.com\/product\/yoast-seo-wordpress\/ -->\n<title>La Cursa de la Dona de X\u00e0bia recauda 3.770 euros para el Tapis y la asociaci\u00f3n Carena | R\u00e0dio Litoral<\/title>\n<meta name=\"description\" content=\"La prueba no competitiva reuni\u00f3 a un total de 721 participantes de todas las edades La prueba no competitiva reuni\u00f3 a un total de 721 participantes de todas las edades\" \/>\n<meta name=\"robots\" content=\"index, follow, max-snippet:-1, max-image-preview:large, max-video-preview:-1\" \/>\n<link rel=\"canonical\" href=\"https:\/\/radiolitoral.com\/ca\/2024\/04\/la-cursa-de-la-dona-de-xabia-recapta-3-770-euros-per-al-tapis-i-lassociacio-carena\/\" \/>\n<meta property=\"og:locale\" content=\"ca_ES\" \/>\n<meta property=\"og:type\" content=\"article\" \/>\n<meta property=\"og:title\" content=\"La Cursa de la Dona de X\u00e0bia recauda 3.770 euros para el Tapis y la asociaci\u00f3n Carena | R\u00e0dio Litoral\" \/>\n<meta property=\"og:description\" content=\"La prueba no competitiva reuni\u00f3 a un total de 721 participantes de todas las edades La prueba no competitiva reuni\u00f3 a un total de 721 participantes de todas las edades\" \/>\n<meta property=\"og:url\" content=\"https:\/\/radiolitoral.com\/ca\/2024\/04\/la-cursa-de-la-dona-de-xabia-recapta-3-770-euros-per-al-tapis-i-lassociacio-carena\/\" \/>\n<meta property=\"og:site_name\" content=\"R\u00e0dio Litoral\" \/>\n<meta property=\"article:publisher\" content=\"https:\/\/www.facebook.com\/Laradiolitoral\/\" \/>\n<meta property=\"article:published_time\" content=\"2024-04-09T07:45:16+00:00\" \/>\n<meta property=\"og:image\" content=\"https:\/\/media.radiolitoral.com\/wp-content\/uploads\/2024\/04\/08134430\/AytoXabia8Abril_IgualdadPostCursadelaDona2024_002.jpg\" \/>\n\t<meta property=\"og:image:width\" content=\"1500\" \/>\n\t<meta property=\"og:image:height\" content=\"1125\" \/>\n\t<meta property=\"og:image:type\" content=\"image\/jpeg\" \/>\n<meta name=\"author\" content=\"Javier Zamora\" \/>\n<meta name=\"twitter:card\" content=\"summary_large_image\" \/>\n<meta name=\"twitter:label1\" content=\"Escrit per\" \/>\n\t<meta name=\"twitter:data1\" content=\"Javier Zamora\" \/>\n\t<meta name=\"twitter:label2\" content=\"Temps estimat de lectura\" \/>\n\t<meta name=\"twitter:data2\" content=\"2 minuts\" \/>\n<script type=\"application\/ld+json\" class=\"yoast-schema-graph\">{\"@context\":\"https:\\\/\\\/schema.org\",\"@graph\":[{\"@type\":\"NewsArticle\",\"@id\":\"https:\\\/\\\/radiolitoral.com\\\/2024\\\/04\\\/la-cursa-de-la-dona-de-xabia-recauda-3-770-euros-para-el-tapis-y-la-asociacion-carena\\\/#article\",\"isPartOf\":{\"@id\":\"https:\\\/\\\/radiolitoral.com\\\/2024\\\/04\\\/la-cursa-de-la-dona-de-xabia-recauda-3-770-euros-para-el-tapis-y-la-asociacion-carena\\\/\"},\"author\":{\"name\":\"Javier Zamora\",\"@id\":\"https:\\\/\\\/radiolitoral.com\\\/#\\\/schema\\\/person\\\/7b1480b5caeb5acdd4ec6379caf62b22\"},\"headline\":\"La Cursa de la Dona de X\u00e0bia recauda 3.770 euros para el Tapis y la asociaci\u00f3n Carena\",\"datePublished\":\"2024-04-09T07:45:16+00:00\",\"mainEntityOfPage\":{\"@id\":\"https:\\\/\\\/radiolitoral.com\\\/2024\\\/04\\\/la-cursa-de-la-dona-de-xabia-recauda-3-770-euros-para-el-tapis-y-la-asociacion-carena\\\/\"},\"wordCount\":333,\"commentCount\":0,\"publisher\":{\"@id\":\"https:\\\/\\\/radiolitoral.com\\\/#organization\"},\"image\":{\"@id\":\"https:\\\/\\\/radiolitoral.com\\\/2024\\\/04\\\/la-cursa-de-la-dona-de-xabia-recauda-3-770-euros-para-el-tapis-y-la-asociacion-carena\\\/#primaryimage\"},\"thumbnailUrl\":\"https:\\\/\\\/media.radiolitoral.com\\\/wp-content\\\/uploads\\\/2024\\\/04\\\/08134430\\\/AytoXabia8Abril_IgualdadPostCursadelaDona2024_002.jpg\",\"keywords\":[\"Carena\",\"Club Atletismo Llebeig\",\"Cursa de la Dona\",\"deportes\",\"F\u00e1tima Jarjor\",\"Rosa Cardona\",\"Tapis\"],\"articleSection\":[\"Deportes\"],\"inLanguage\":\"ca\",\"potentialAction\":[{\"@type\":\"CommentAction\",\"name\":\"Comment\",\"target\":[\"https:\\\/\\\/radiolitoral.com\\\/2024\\\/04\\\/la-cursa-de-la-dona-de-xabia-recauda-3-770-euros-para-el-tapis-y-la-asociacion-carena\\\/#respond\"]}]},{\"@type\":[\"WebPage\",\"ItemPage\"],\"@id\":\"https:\\\/\\\/radiolitoral.com\\\/2024\\\/04\\\/la-cursa-de-la-dona-de-xabia-recauda-3-770-euros-para-el-tapis-y-la-asociacion-carena\\\/\",\"url\":\"https:\\\/\\\/radiolitoral.com\\\/2024\\\/04\\\/la-cursa-de-la-dona-de-xabia-recauda-3-770-euros-para-el-tapis-y-la-asociacion-carena\\\/\",\"name\":\"La Cursa de la Dona de X\u00e0bia recauda 3.770 euros para el Tapis y la asociaci\u00f3n Carena | R\u00e0dio Litoral\",\"isPartOf\":{\"@id\":\"https:\\\/\\\/radiolitoral.com\\\/#website\"},\"primaryImageOfPage\":{\"@id\":\"https:\\\/\\\/radiolitoral.com\\\/2024\\\/04\\\/la-cursa-de-la-dona-de-xabia-recauda-3-770-euros-para-el-tapis-y-la-asociacion-carena\\\/#primaryimage\"},\"image\":{\"@id\":\"https:\\\/\\\/radiolitoral.com\\\/2024\\\/04\\\/la-cursa-de-la-dona-de-xabia-recauda-3-770-euros-para-el-tapis-y-la-asociacion-carena\\\/#primaryimage\"},\"thumbnailUrl\":\"https:\\\/\\\/media.radiolitoral.com\\\/wp-content\\\/uploads\\\/2024\\\/04\\\/08134430\\\/AytoXabia8Abril_IgualdadPostCursadelaDona2024_002.jpg\",\"datePublished\":\"2024-04-09T07:45:16+00:00\",\"description\":\"La prueba no competitiva reuni\u00f3 a un total de 721 participantes de todas las edades La prueba no competitiva reuni\u00f3 a un total de 721 participantes de todas las edades\",\"breadcrumb\":{\"@id\":\"https:\\\/\\\/radiolitoral.com\\\/2024\\\/04\\\/la-cursa-de-la-dona-de-xabia-recauda-3-770-euros-para-el-tapis-y-la-asociacion-carena\\\/#breadcrumb\"},\"inLanguage\":\"ca\",\"potentialAction\":[{\"@type\":\"ReadAction\",\"target\":[\"https:\\\/\\\/radiolitoral.com\\\/2024\\\/04\\\/la-cursa-de-la-dona-de-xabia-recauda-3-770-euros-para-el-tapis-y-la-asociacion-carena\\\/\"]}]},{\"@type\":\"ImageObject\",\"inLanguage\":\"ca\",\"@id\":\"https:\\\/\\\/radiolitoral.com\\\/2024\\\/04\\\/la-cursa-de-la-dona-de-xabia-recauda-3-770-euros-para-el-tapis-y-la-asociacion-carena\\\/#primaryimage\",\"url\":\"https:\\\/\\\/media.radiolitoral.com\\\/wp-content\\\/uploads\\\/2024\\\/04\\\/08134430\\\/AytoXabia8Abril_IgualdadPostCursadelaDona2024_002.jpg\",\"contentUrl\":\"https:\\\/\\\/media.radiolitoral.com\\\/wp-content\\\/uploads\\\/2024\\\/04\\\/08134430\\\/AytoXabia8Abril_IgualdadPostCursadelaDona2024_002.jpg\",\"width\":1500,\"height\":1125},{\"@type\":\"BreadcrumbList\",\"@id\":\"https:\\\/\\\/radiolitoral.com\\\/2024\\\/04\\\/la-cursa-de-la-dona-de-xabia-recauda-3-770-euros-para-el-tapis-y-la-asociacion-carena\\\/#breadcrumb\",\"itemListElement\":[{\"@type\":\"ListItem\",\"position\":1,\"name\":\"Portada\",\"item\":\"https:\\\/\\\/radiolitoral.com\\\/\"},{\"@type\":\"ListItem\",\"position\":2,\"name\":\"La Cursa de la Dona de X\u00e0bia recauda 3.770 euros para el Tapis y la asociaci\u00f3n Carena\"}]},{\"@type\":\"WebSite\",\"@id\":\"https:\\\/\\\/radiolitoral.com\\\/#website\",\"url\":\"https:\\\/\\\/radiolitoral.com\\\/\",\"name\":\"Radio Litoral\",\"description\":\"La radio local de la Marina Alta\",\"publisher\":{\"@id\":\"https:\\\/\\\/radiolitoral.com\\\/#organization\"},\"alternateName\":\"Litoral FM\",\"potentialAction\":[{\"@type\":\"SearchAction\",\"target\":{\"@type\":\"EntryPoint\",\"urlTemplate\":\"https:\\\/\\\/radiolitoral.com\\\/?s={search_term_string}\"},\"query-input\":{\"@type\":\"PropertyValueSpecification\",\"valueRequired\":true,\"valueName\":\"search_term_string\"}}],\"inLanguage\":\"ca\"},{\"@type\":\"Organization\",\"@id\":\"https:\\\/\\\/radiolitoral.com\\\/#organization\",\"name\":\"Radio Litoral\",\"url\":\"https:\\\/\\\/radiolitoral.com\\\/\",\"logo\":{\"@type\":\"ImageObject\",\"inLanguage\":\"ca\",\"@id\":\"https:\\\/\\\/radiolitoral.com\\\/#\\\/schema\\\/logo\\\/image\\\/\",\"url\":\"https:\\\/\\\/media.radiolitoral.com\\\/wp-content\\\/uploads\\\/2023\\\/02\\\/24143238\\\/CL-V-RadioLitoral696.png\",\"contentUrl\":\"https:\\\/\\\/media.radiolitoral.com\\\/wp-content\\\/uploads\\\/2023\\\/02\\\/24143238\\\/CL-V-RadioLitoral696.png\",\"width\":696,\"height\":696,\"caption\":\"Radio Litoral\"},\"image\":{\"@id\":\"https:\\\/\\\/radiolitoral.com\\\/#\\\/schema\\\/logo\\\/image\\\/\"},\"sameAs\":[\"https:\\\/\\\/www.facebook.com\\\/Laradiolitoral\\\/\"]},{\"@type\":\"Person\",\"@id\":\"https:\\\/\\\/radiolitoral.com\\\/#\\\/schema\\\/person\\\/7b1480b5caeb5acdd4ec6379caf62b22\",\"name\":\"Javier Zamora\",\"image\":{\"@type\":\"ImageObject\",\"inLanguage\":\"ca\",\"@id\":\"https:\\\/\\\/secure.gravatar.com\\\/avatar\\\/467a11f6918c7d619c4043fc6fa2d3853053107973f05b6e9c04ea6c4e3a7b3f?s=96&d=mm&r=g\",\"url\":\"https:\\\/\\\/secure.gravatar.com\\\/avatar\\\/467a11f6918c7d619c4043fc6fa2d3853053107973f05b6e9c04ea6c4e3a7b3f?s=96&d=mm&r=g\",\"contentUrl\":\"https:\\\/\\\/secure.gravatar.com\\\/avatar\\\/467a11f6918c7d619c4043fc6fa2d3853053107973f05b6e9c04ea6c4e3a7b3f?s=96&d=mm&r=g\",\"caption\":\"Javier Zamora\"},\"url\":\"https:\\\/\\\/radiolitoral.com\\\/ca\\\/author\\\/javier-zamora\\\/\"}]}<\/script>\n<!-- \/ Yoast SEO plugin. -->","yoast_head_json":{"title":"La Cursa de la Dona de X\u00e0bia recapta 3.770 euros per al Tapis i l&#039;associaci\u00f3 Carena | R\u00e0dio Litoral","description":"La prova no competitiva va reunir un total de 721 participants de totes les edats La prova no competitiva va reunir un total de 721 participants de totes les edats","robots":{"index":"index","follow":"follow","max-snippet":"max-snippet:-1","max-image-preview":"max-image-preview:large","max-video-preview":"max-video-preview:-1"},"canonical":"https:\/\/radiolitoral.com\/ca\/2024\/04\/la-cursa-de-la-dona-de-xabia-recapta-3-770-euros-per-al-tapis-i-lassociacio-carena\/","og_locale":"ca_ES","og_type":"article","og_title":"La Cursa de la Dona de X\u00e0bia recauda 3.770 euros para el Tapis y la asociaci\u00f3n Carena | R\u00e0dio Litoral","og_description":"La prueba no competitiva reuni\u00f3 a un total de 721 participantes de todas las edades La prueba no competitiva reuni\u00f3 a un total de 721 participantes de todas las edades","og_url":"https:\/\/radiolitoral.com\/ca\/2024\/04\/la-cursa-de-la-dona-de-xabia-recapta-3-770-euros-per-al-tapis-i-lassociacio-carena\/","og_site_name":"R\u00e0dio Litoral","article_publisher":"https:\/\/www.facebook.com\/Laradiolitoral\/","article_published_time":"2024-04-09T07:45:16+00:00","og_image":[{"width":1500,"height":1125,"url":"https:\/\/media.radiolitoral.com\/wp-content\/uploads\/2024\/04\/08134430\/AytoXabia8Abril_IgualdadPostCursadelaDona2024_002.jpg","type":"image\/jpeg"}],"author":"Javier Zamora","twitter_card":"summary_large_image","twitter_misc":{"Escrit per":"Javier Zamora","Temps estimat de lectura":"2 minuts"},"schema":{"@context":"https:\/\/schema.org","@graph":[{"@type":"NewsArticle","@id":"https:\/\/radiolitoral.com\/2024\/04\/la-cursa-de-la-dona-de-xabia-recauda-3-770-euros-para-el-tapis-y-la-asociacion-carena\/#article","isPartOf":{"@id":"https:\/\/radiolitoral.com\/2024\/04\/la-cursa-de-la-dona-de-xabia-recauda-3-770-euros-para-el-tapis-y-la-asociacion-carena\/"},"author":{"name":"Javier Zamora","@id":"https:\/\/radiolitoral.com\/#\/schema\/person\/7b1480b5caeb5acdd4ec6379caf62b22"},"headline":"La Cursa de la Dona de X\u00e0bia recauda 3.770 euros para el Tapis y la asociaci\u00f3n Carena","datePublished":"2024-04-09T07:45:16+00:00","mainEntityOfPage":{"@id":"https:\/\/radiolitoral.com\/2024\/04\/la-cursa-de-la-dona-de-xabia-recauda-3-770-euros-para-el-tapis-y-la-asociacion-carena\/"},"wordCount":333,"commentCount":0,"publisher":{"@id":"https:\/\/radiolitoral.com\/#organization"},"image":{"@id":"https:\/\/radiolitoral.com\/2024\/04\/la-cursa-de-la-dona-de-xabia-recauda-3-770-euros-para-el-tapis-y-la-asociacion-carena\/#primaryimage"},"thumbnailUrl":"https:\/\/media.radiolitoral.com\/wp-content\/uploads\/2024\/04\/08134430\/AytoXabia8Abril_IgualdadPostCursadelaDona2024_002.jpg","keywords":["Carena","Club Atletismo Llebeig","Cursa de la Dona","deportes","F\u00e1tima Jarjor","Rosa Cardona","Tapis"],"articleSection":["Deportes"],"inLanguage":"ca","potentialAction":[{"@type":"CommentAction","name":"Comment","target":["https:\/\/radiolitoral.com\/2024\/04\/la-cursa-de-la-dona-de-xabia-recauda-3-770-euros-para-el-tapis-y-la-asociacion-carena\/#respond"]}]},{"@type":["WebPage","ItemPage"],"@id":"https:\/\/radiolitoral.com\/2024\/04\/la-cursa-de-la-dona-de-xabia-recauda-3-770-euros-para-el-tapis-y-la-asociacion-carena\/","url":"https:\/\/radiolitoral.com\/2024\/04\/la-cursa-de-la-dona-de-xabia-recauda-3-770-euros-para-el-tapis-y-la-asociacion-carena\/","name":"La Cursa de la Dona de X\u00e0bia recapta 3.770 euros per al Tapis i l&#039;associaci\u00f3 Carena | R\u00e0dio Litoral","isPartOf":{"@id":"https:\/\/radiolitoral.com\/#website"},"primaryImageOfPage":{"@id":"https:\/\/radiolitoral.com\/2024\/04\/la-cursa-de-la-dona-de-xabia-recauda-3-770-euros-para-el-tapis-y-la-asociacion-carena\/#primaryimage"},"image":{"@id":"https:\/\/radiolitoral.com\/2024\/04\/la-cursa-de-la-dona-de-xabia-recauda-3-770-euros-para-el-tapis-y-la-asociacion-carena\/#primaryimage"},"thumbnailUrl":"https:\/\/media.radiolitoral.com\/wp-content\/uploads\/2024\/04\/08134430\/AytoXabia8Abril_IgualdadPostCursadelaDona2024_002.jpg","datePublished":"2024-04-09T07:45:16+00:00","description":"La prova no competitiva va reunir un total de 721 participants de totes les edats La prova no competitiva va reunir un total de 721 participants de totes les edats","breadcrumb":{"@id":"https:\/\/radiolitoral.com\/2024\/04\/la-cursa-de-la-dona-de-xabia-recauda-3-770-euros-para-el-tapis-y-la-asociacion-carena\/#breadcrumb"},"inLanguage":"ca","potentialAction":[{"@type":"ReadAction","target":["https:\/\/radiolitoral.com\/2024\/04\/la-cursa-de-la-dona-de-xabia-recauda-3-770-euros-para-el-tapis-y-la-asociacion-carena\/"]}]},{"@type":"ImageObject","inLanguage":"ca","@id":"https:\/\/radiolitoral.com\/2024\/04\/la-cursa-de-la-dona-de-xabia-recauda-3-770-euros-para-el-tapis-y-la-asociacion-carena\/#primaryimage","url":"https:\/\/media.radiolitoral.com\/wp-content\/uploads\/2024\/04\/08134430\/AytoXabia8Abril_IgualdadPostCursadelaDona2024_002.jpg","contentUrl":"https:\/\/media.radiolitoral.com\/wp-content\/uploads\/2024\/04\/08134430\/AytoXabia8Abril_IgualdadPostCursadelaDona2024_002.jpg","width":1500,"height":1125},{"@type":"BreadcrumbList","@id":"https:\/\/radiolitoral.com\/2024\/04\/la-cursa-de-la-dona-de-xabia-recauda-3-770-euros-para-el-tapis-y-la-asociacion-carena\/#breadcrumb","itemListElement":[{"@type":"ListItem","position":1,"name":"Portada","item":"https:\/\/radiolitoral.com\/"},{"@type":"ListItem","position":2,"name":"La Cursa de la Dona de X\u00e0bia recauda 3.770 euros para el Tapis y la asociaci\u00f3n Carena"}]},{"@type":"WebSite","@id":"https:\/\/radiolitoral.com\/#website","url":"https:\/\/radiolitoral.com\/","name":"R\u00e0dio Litoral","description":"La r\u00e0dio local de la Marina Alta","publisher":{"@id":"https:\/\/radiolitoral.com\/#organization"},"alternateName":"Litoral FM","potentialAction":[{"@type":"SearchAction","target":{"@type":"EntryPoint","urlTemplate":"https:\/\/radiolitoral.com\/?s={search_term_string}"},"query-input":{"@type":"PropertyValueSpecification","valueRequired":true,"valueName":"search_term_string"}}],"inLanguage":"ca"},{"@type":"Organization","@id":"https:\/\/radiolitoral.com\/#organization","name":"R\u00e0dio Litoral","url":"https:\/\/radiolitoral.com\/","logo":{"@type":"ImageObject","inLanguage":"ca","@id":"https:\/\/radiolitoral.com\/#\/schema\/logo\/image\/","url":"https:\/\/media.radiolitoral.com\/wp-content\/uploads\/2023\/02\/24143238\/CL-V-RadioLitoral696.png","contentUrl":"https:\/\/media.radiolitoral.com\/wp-content\/uploads\/2023\/02\/24143238\/CL-V-RadioLitoral696.png","width":696,"height":696,"caption":"Radio Litoral"},"image":{"@id":"https:\/\/radiolitoral.com\/#\/schema\/logo\/image\/"},"sameAs":["https:\/\/www.facebook.com\/Laradiolitoral\/"]},{"@type":"Person","@id":"https:\/\/radiolitoral.com\/#\/schema\/person\/7b1480b5caeb5acdd4ec6379caf62b22","name":"Javier Zamora","image":{"@type":"ImageObject","inLanguage":"ca","@id":"https:\/\/secure.gravatar.com\/avatar\/467a11f6918c7d619c4043fc6fa2d3853053107973f05b6e9c04ea6c4e3a7b3f?s=96&d=mm&r=g","url":"https:\/\/secure.gravatar.com\/avatar\/467a11f6918c7d619c4043fc6fa2d3853053107973f05b6e9c04ea6c4e3a7b3f?s=96&d=mm&r=g","contentUrl":"https:\/\/secure.gravatar.com\/avatar\/467a11f6918c7d619c4043fc6fa2d3853053107973f05b6e9c04ea6c4e3a7b3f?s=96&d=mm&r=g","caption":"Javier Zamora"},"url":"https:\/\/radiolitoral.com\/ca\/author\/javier-zamora\/"}]}},"_links":{"self":[{"href":"https:\/\/radiolitoral.com\/ca\/wp-json\/wp\/v2\/posts\/8114","targetHints":{"allow":["GET"]}}],"collection":[{"href":"https:\/\/radiolitoral.com\/ca\/wp-json\/wp\/v2\/posts"}],"about":[{"href":"https:\/\/radiolitoral.com\/ca\/wp-json\/wp\/v2\/types\/post"}],"author":[{"embeddable":true,"href":"https:\/\/radiolitoral.com\/ca\/wp-json\/wp\/v2\/users\/12"}],"replies":[{"embeddable":true,"href":"https:\/\/radiolitoral.com\/ca\/wp-json\/wp\/v2\/comments?post=8114"}],"version-history":[{"count":3,"href":"https:\/\/radiolitoral.com\/ca\/wp-json\/wp\/v2\/posts\/8114\/revisions"}],"predecessor-version":[{"id":8118,"href":"https:\/\/radiolitoral.com\/ca\/wp-json\/wp\/v2\/posts\/8114\/revisions\/8118"}],"wp:featuredmedia":[{"embeddable":true,"href":"https:\/\/radiolitoral.com\/ca\/wp-json\/wp\/v2\/media\/8115"}],"wp:attachment":[{"href":"https:\/\/radiolitoral.com\/ca\/wp-json\/wp\/v2\/media?parent=8114"}],"wp:term":[{"taxonomy":"category","embeddable":true,"href":"https:\/\/radiolitoral.com\/ca\/wp-json\/wp\/v2\/categories?post=8114"},{"taxonomy":"post_tag","embeddable":true,"href":"https:\/\/radiolitoral.com\/ca\/wp-json\/wp\/v2\/tags?post=8114"}],"curies":[{"name":"wp","href":"https:\/\/api.w.org\/{rel}","templated":true}]}}