{"id":8107,"date":"2024-04-08T11:34:20","date_gmt":"2024-04-08T09:34:20","guid":{"rendered":"https:\/\/radiolitoral.com\/?p=8107"},"modified":"2024-04-08T11:34:20","modified_gmt":"2024-04-08T09:34:20","slug":"fgv-modifica-el-trajecte-entre-les-estacions-dolla-altea-i-calp-del-tram","status":"publish","type":"post","link":"https:\/\/radiolitoral.com\/ca\/2024\/04\/fgv-modifica-el-trayecto-entre-las-estaciones-de-olla-altea-y-calp-del-tram\/","title":{"rendered":"FGV modifica el trajecte entre les estacions d&#039;Olla Altea i Calp del TRAM"},"content":{"rendered":"<p><strong>Ferrocarrils de la Generalitat Valenciana<\/strong> (FGV) anuncia el comen\u00e7ament, aquest dimarts 9 d&#039;abril, de les obres urgents a la zona del Mascarat, pertanyent a la <strong>L\u00ednia 9 del TRAM d&#039;Alacant<\/strong> (Benidorm-D\u00e9nia). Aquestes obres requereixen la suspensi\u00f3 temporal del servei de tren entre les estacions de <strong>Olla Altea i Calp<\/strong>.<\/p>\n<p>Per mitigar les mol\u00e8sties, des del primer dia de les obres, FGV implementar\u00e0 un servei d&#039;autob\u00fas substitutiu que connectar\u00e0 les dues estacions, seguint l&#039;horari habitual dels trens per\u00f2 amb ajustaments a les hores de sortida, pas i arribada per al tram Benidorm-Olla d&#039;Altea-Calp. Els autobusos estaran adaptats per a Persones de Mobilitat Redu\u00efda (PMR), i els usuaris podran obtenir informaci\u00f3 a trav\u00e9s dels canals regulars com ara les pantalles informatives, la p\u00e0gina web i l&#039;aplicaci\u00f3 oficial de TRAM d&#039;Alacant.<\/p>\n<p>Inicialment, el tall afectar\u00e0 el segment Olla Altea-Calp, estenent-se des del setembre entre Garganes i Calp, i ampliant-se a l&#039;octubre fins a Teulada. En una fase final, pr\u00e8via a la conclusi\u00f3 dels treballs al desembre, el servei s&#039;interromp entre Garganes i Calp. FGV posa a disposici\u00f3 el n\u00famero 900 72 04 72, el seu lloc web i l&#039;app oficial per a m\u00e9s informaci\u00f3.<\/p>\n<p>Viaductes de Mascarat i Algar<\/p>\n<p>Paral\u00b7lelament, es treballar\u00e0 en la construcci\u00f3 de nous viaductes ferroviaris a Mascarat i Algar, dins del terme municipal d&#039;Altea, amb un pressupost que supera els 16 milions d&#039;euros i el suport de finan\u00e7ament europeu. Aquestes actuacions s\u00f3n part d&#039;un esfor\u00e7 coordinat per modernitzar la L\u00ednia 9, permetent que a finals d&#039;any les modernes unitats S\u00e8rie 5000 circulin sense necessitat de transbordaments a Calp.<\/p>\n<p>Les obres d&#039;emerg\u00e8ncia responen a danys causats per un incendi al gener i afecten la infraestructura ferrovi\u00e0ria a Altea i Calp. Inclouran l&#039;eliminaci\u00f3 de vegetaci\u00f3, mitigaci\u00f3 de riscos geol\u00f2gics, reconstrucci\u00f3 de terraplens i drenatges i prevenci\u00f3 d&#039;erosi\u00f3 en \u00e0rees properes a la via. Aquest projecte tamb\u00e9 aprofitar\u00e0 la suspensi\u00f3 del servei per realitzar manteniment al tram Calp-Benissa durant octubre.<\/p>\n<p>FGV ha coordinat amb els ajuntaments afectats per assegurar una comunicaci\u00f3 efectiva i la prestaci\u00f3 del servei d\u00b4autob\u00fas alternatiu durant la realitzaci\u00f3 d\u00b4aquestes obres crucials.<\/p>","protected":false},"excerpt":{"rendered":"<p>Ferrocarrils de la Generalitat Valenciana (FGV) anuncia el comienzo, este martes 9 de abril, de las obras urgentes en la zona del Mascarat, perteneciente a la L\u00ednea 9 del TRAM d\u2019Alacant (Benidorm-D\u00e9nia). Estas obras requieren la suspensi\u00f3n temporal del servicio de tren entre las estaciones de Olla Altea y Calp. Para mitigar las molestias, desde [&#8230;]<\/p>\n<p><a class=\"btn btn-secondary understrap-read-more-link\" href=\"https:\/\/radiolitoral.com\/ca\/2024\/04\/fgv-modifica-el-trayecto-entre-las-estaciones-de-olla-altea-y-calp-del-tram\/\">Continua llegint&#8230;<span class=\"screen-reader-text\"> from FGV modifica el trayecto entre las estaciones de Olla Altea y Calp del TRAM<\/span><\/a><\/p>\n","protected":false},"author":14,"featured_media":8108,"comment_status":"open","ping_status":"closed","sticky":false,"template":"","format":"standard","meta":{"_acf_changed":false,"inline_featured_image":false,"footnotes":""},"categories":[85],"tags":[122,124],"class_list":["post-8107","post","type-post","status-publish","format-standard","has-post-thumbnail","hentry","category-servicios-publicos","tag-calp","tag-tram","cobertura-calp"],"acf":[],"yoast_head":"<!-- This site is optimized with the Yoast SEO plugin v27.5 - https:\/\/yoast.com\/product\/yoast-seo-wordpress\/ -->\n<title>FGV modifica el trayecto entre las estaciones de Olla Altea y Calp del TRAM | R\u00e0dio Litoral<\/title>\n<meta name=\"description\" content=\"Para mitigar las molestias, desde este martes se implementar\u00e1 un servicio de autob\u00fas\" \/>\n<meta name=\"robots\" content=\"index, follow, max-snippet:-1, max-image-preview:large, max-video-preview:-1\" \/>\n<link rel=\"canonical\" href=\"https:\/\/radiolitoral.com\/ca\/2024\/04\/fgv-modifica-el-trajecte-entre-les-estacions-dolla-altea-i-calp-del-tram\/\" \/>\n<meta property=\"og:locale\" content=\"ca_ES\" \/>\n<meta property=\"og:type\" content=\"article\" \/>\n<meta property=\"og:title\" content=\"FGV modifica el trayecto entre las estaciones de Olla Altea y Calp del TRAM | R\u00e0dio Litoral\" \/>\n<meta property=\"og:description\" content=\"Para mitigar las molestias, desde este martes se implementar\u00e1 un servicio de autob\u00fas\" \/>\n<meta property=\"og:url\" content=\"https:\/\/radiolitoral.com\/ca\/2024\/04\/fgv-modifica-el-trajecte-entre-les-estacions-dolla-altea-i-calp-del-tram\/\" \/>\n<meta property=\"og:site_name\" content=\"R\u00e0dio Litoral\" \/>\n<meta property=\"article:publisher\" content=\"https:\/\/www.facebook.com\/Laradiolitoral\/\" \/>\n<meta property=\"article:published_time\" content=\"2024-04-08T09:34:20+00:00\" \/>\n<meta property=\"og:image\" content=\"https:\/\/media.radiolitoral.com\/wp-content\/uploads\/2024\/04\/08113334\/240407_FGV_foto_Calp.jpeg\" \/>\n\t<meta property=\"og:image:width\" content=\"1600\" \/>\n\t<meta property=\"og:image:height\" content=\"900\" \/>\n\t<meta property=\"og:image:type\" content=\"image\/jpeg\" \/>\n<meta name=\"author\" content=\"Redacci\u00f3n\" \/>\n<meta name=\"twitter:card\" content=\"summary_large_image\" \/>\n<meta name=\"twitter:label1\" content=\"Escrit per\" \/>\n\t<meta name=\"twitter:data1\" content=\"Redacci\u00f3n\" \/>\n\t<meta name=\"twitter:label2\" content=\"Temps estimat de lectura\" \/>\n\t<meta name=\"twitter:data2\" content=\"2 minuts\" \/>\n<script type=\"application\/ld+json\" class=\"yoast-schema-graph\">{\"@context\":\"https:\\\/\\\/schema.org\",\"@graph\":[{\"@type\":\"NewsArticle\",\"@id\":\"https:\\\/\\\/radiolitoral.com\\\/2024\\\/04\\\/fgv-modifica-el-trayecto-entre-las-estaciones-de-olla-altea-y-calp-del-tram\\\/#article\",\"isPartOf\":{\"@id\":\"https:\\\/\\\/radiolitoral.com\\\/2024\\\/04\\\/fgv-modifica-el-trayecto-entre-las-estaciones-de-olla-altea-y-calp-del-tram\\\/\"},\"author\":{\"name\":\"Redacci\u00f3n\",\"@id\":\"https:\\\/\\\/radiolitoral.com\\\/#\\\/schema\\\/person\\\/96b739642eb3bedb532aac3812d23307\"},\"headline\":\"FGV modifica el trayecto entre las estaciones de Olla Altea y Calp del TRAM\",\"datePublished\":\"2024-04-08T09:34:20+00:00\",\"mainEntityOfPage\":{\"@id\":\"https:\\\/\\\/radiolitoral.com\\\/2024\\\/04\\\/fgv-modifica-el-trayecto-entre-las-estaciones-de-olla-altea-y-calp-del-tram\\\/\"},\"wordCount\":403,\"commentCount\":0,\"publisher\":{\"@id\":\"https:\\\/\\\/radiolitoral.com\\\/#organization\"},\"image\":{\"@id\":\"https:\\\/\\\/radiolitoral.com\\\/2024\\\/04\\\/fgv-modifica-el-trayecto-entre-las-estaciones-de-olla-altea-y-calp-del-tram\\\/#primaryimage\"},\"thumbnailUrl\":\"https:\\\/\\\/media.radiolitoral.com\\\/wp-content\\\/uploads\\\/2024\\\/04\\\/08113334\\\/240407_FGV_foto_Calp.jpeg\",\"keywords\":[\"Calp\",\"TRAM\"],\"articleSection\":[\"Servicios P\u00fablicos\"],\"inLanguage\":\"ca\",\"potentialAction\":[{\"@type\":\"CommentAction\",\"name\":\"Comment\",\"target\":[\"https:\\\/\\\/radiolitoral.com\\\/2024\\\/04\\\/fgv-modifica-el-trayecto-entre-las-estaciones-de-olla-altea-y-calp-del-tram\\\/#respond\"]}]},{\"@type\":[\"WebPage\",\"ItemPage\"],\"@id\":\"https:\\\/\\\/radiolitoral.com\\\/2024\\\/04\\\/fgv-modifica-el-trayecto-entre-las-estaciones-de-olla-altea-y-calp-del-tram\\\/\",\"url\":\"https:\\\/\\\/radiolitoral.com\\\/2024\\\/04\\\/fgv-modifica-el-trayecto-entre-las-estaciones-de-olla-altea-y-calp-del-tram\\\/\",\"name\":\"FGV modifica el trayecto entre las estaciones de Olla Altea y Calp del TRAM | R\u00e0dio Litoral\",\"isPartOf\":{\"@id\":\"https:\\\/\\\/radiolitoral.com\\\/#website\"},\"primaryImageOfPage\":{\"@id\":\"https:\\\/\\\/radiolitoral.com\\\/2024\\\/04\\\/fgv-modifica-el-trayecto-entre-las-estaciones-de-olla-altea-y-calp-del-tram\\\/#primaryimage\"},\"image\":{\"@id\":\"https:\\\/\\\/radiolitoral.com\\\/2024\\\/04\\\/fgv-modifica-el-trayecto-entre-las-estaciones-de-olla-altea-y-calp-del-tram\\\/#primaryimage\"},\"thumbnailUrl\":\"https:\\\/\\\/media.radiolitoral.com\\\/wp-content\\\/uploads\\\/2024\\\/04\\\/08113334\\\/240407_FGV_foto_Calp.jpeg\",\"datePublished\":\"2024-04-08T09:34:20+00:00\",\"description\":\"Para mitigar las molestias, desde este martes se implementar\u00e1 un servicio de autob\u00fas\",\"breadcrumb\":{\"@id\":\"https:\\\/\\\/radiolitoral.com\\\/2024\\\/04\\\/fgv-modifica-el-trayecto-entre-las-estaciones-de-olla-altea-y-calp-del-tram\\\/#breadcrumb\"},\"inLanguage\":\"ca\",\"potentialAction\":[{\"@type\":\"ReadAction\",\"target\":[\"https:\\\/\\\/radiolitoral.com\\\/2024\\\/04\\\/fgv-modifica-el-trayecto-entre-las-estaciones-de-olla-altea-y-calp-del-tram\\\/\"]}]},{\"@type\":\"ImageObject\",\"inLanguage\":\"ca\",\"@id\":\"https:\\\/\\\/radiolitoral.com\\\/2024\\\/04\\\/fgv-modifica-el-trayecto-entre-las-estaciones-de-olla-altea-y-calp-del-tram\\\/#primaryimage\",\"url\":\"https:\\\/\\\/media.radiolitoral.com\\\/wp-content\\\/uploads\\\/2024\\\/04\\\/08113334\\\/240407_FGV_foto_Calp.jpeg\",\"contentUrl\":\"https:\\\/\\\/media.radiolitoral.com\\\/wp-content\\\/uploads\\\/2024\\\/04\\\/08113334\\\/240407_FGV_foto_Calp.jpeg\",\"width\":1600,\"height\":900},{\"@type\":\"BreadcrumbList\",\"@id\":\"https:\\\/\\\/radiolitoral.com\\\/2024\\\/04\\\/fgv-modifica-el-trayecto-entre-las-estaciones-de-olla-altea-y-calp-del-tram\\\/#breadcrumb\",\"itemListElement\":[{\"@type\":\"ListItem\",\"position\":1,\"name\":\"Portada\",\"item\":\"https:\\\/\\\/radiolitoral.com\\\/\"},{\"@type\":\"ListItem\",\"position\":2,\"name\":\"FGV modifica el trayecto entre las estaciones de Olla Altea y Calp del TRAM\"}]},{\"@type\":\"WebSite\",\"@id\":\"https:\\\/\\\/radiolitoral.com\\\/#website\",\"url\":\"https:\\\/\\\/radiolitoral.com\\\/\",\"name\":\"Radio Litoral\",\"description\":\"La radio local de la Marina Alta\",\"publisher\":{\"@id\":\"https:\\\/\\\/radiolitoral.com\\\/#organization\"},\"alternateName\":\"Litoral FM\",\"potentialAction\":[{\"@type\":\"SearchAction\",\"target\":{\"@type\":\"EntryPoint\",\"urlTemplate\":\"https:\\\/\\\/radiolitoral.com\\\/?s={search_term_string}\"},\"query-input\":{\"@type\":\"PropertyValueSpecification\",\"valueRequired\":true,\"valueName\":\"search_term_string\"}}],\"inLanguage\":\"ca\"},{\"@type\":\"Organization\",\"@id\":\"https:\\\/\\\/radiolitoral.com\\\/#organization\",\"name\":\"Radio Litoral\",\"url\":\"https:\\\/\\\/radiolitoral.com\\\/\",\"logo\":{\"@type\":\"ImageObject\",\"inLanguage\":\"ca\",\"@id\":\"https:\\\/\\\/radiolitoral.com\\\/#\\\/schema\\\/logo\\\/image\\\/\",\"url\":\"https:\\\/\\\/media.radiolitoral.com\\\/wp-content\\\/uploads\\\/2023\\\/02\\\/24143238\\\/CL-V-RadioLitoral696.png\",\"contentUrl\":\"https:\\\/\\\/media.radiolitoral.com\\\/wp-content\\\/uploads\\\/2023\\\/02\\\/24143238\\\/CL-V-RadioLitoral696.png\",\"width\":696,\"height\":696,\"caption\":\"Radio Litoral\"},\"image\":{\"@id\":\"https:\\\/\\\/radiolitoral.com\\\/#\\\/schema\\\/logo\\\/image\\\/\"},\"sameAs\":[\"https:\\\/\\\/www.facebook.com\\\/Laradiolitoral\\\/\"]},{\"@type\":\"Person\",\"@id\":\"https:\\\/\\\/radiolitoral.com\\\/#\\\/schema\\\/person\\\/96b739642eb3bedb532aac3812d23307\",\"name\":\"Redacci\u00f3n\",\"image\":{\"@type\":\"ImageObject\",\"inLanguage\":\"ca\",\"@id\":\"https:\\\/\\\/secure.gravatar.com\\\/avatar\\\/30cd06129ee90411dd9c7cbdcf17464181d1a3c7b072e92070ea75a25cf0097e?s=96&d=mm&r=g\",\"url\":\"https:\\\/\\\/secure.gravatar.com\\\/avatar\\\/30cd06129ee90411dd9c7cbdcf17464181d1a3c7b072e92070ea75a25cf0097e?s=96&d=mm&r=g\",\"contentUrl\":\"https:\\\/\\\/secure.gravatar.com\\\/avatar\\\/30cd06129ee90411dd9c7cbdcf17464181d1a3c7b072e92070ea75a25cf0097e?s=96&d=mm&r=g\",\"caption\":\"Redacci\u00f3n\"},\"url\":\"https:\\\/\\\/radiolitoral.com\\\/ca\\\/author\\\/kevin-carrio\\\/\"}]}<\/script>\n<!-- \/ Yoast SEO plugin. -->","yoast_head_json":{"title":"FGV modifica el trajecte entre les estacions d&#039;Olla Altea i Calp del TRAM | R\u00e0dio Litoral","description":"Per mitigar les mol\u00e8sties, des d&#039;aquest dimarts s&#039;implementar\u00e0 un servei d&#039;autob\u00fas","robots":{"index":"index","follow":"follow","max-snippet":"max-snippet:-1","max-image-preview":"max-image-preview:large","max-video-preview":"max-video-preview:-1"},"canonical":"https:\/\/radiolitoral.com\/ca\/2024\/04\/fgv-modifica-el-trajecte-entre-les-estacions-dolla-altea-i-calp-del-tram\/","og_locale":"ca_ES","og_type":"article","og_title":"FGV modifica el trayecto entre las estaciones de Olla Altea y Calp del TRAM | R\u00e0dio Litoral","og_description":"Para mitigar las molestias, desde este martes se implementar\u00e1 un servicio de autob\u00fas","og_url":"https:\/\/radiolitoral.com\/ca\/2024\/04\/fgv-modifica-el-trajecte-entre-les-estacions-dolla-altea-i-calp-del-tram\/","og_site_name":"R\u00e0dio Litoral","article_publisher":"https:\/\/www.facebook.com\/Laradiolitoral\/","article_published_time":"2024-04-08T09:34:20+00:00","og_image":[{"width":1600,"height":900,"url":"https:\/\/media.radiolitoral.com\/wp-content\/uploads\/2024\/04\/08113334\/240407_FGV_foto_Calp.jpeg","type":"image\/jpeg"}],"author":"Redacci\u00f3n","twitter_card":"summary_large_image","twitter_misc":{"Escrit per":"Redacci\u00f3n","Temps estimat de lectura":"2 minuts"},"schema":{"@context":"https:\/\/schema.org","@graph":[{"@type":"NewsArticle","@id":"https:\/\/radiolitoral.com\/2024\/04\/fgv-modifica-el-trayecto-entre-las-estaciones-de-olla-altea-y-calp-del-tram\/#article","isPartOf":{"@id":"https:\/\/radiolitoral.com\/2024\/04\/fgv-modifica-el-trayecto-entre-las-estaciones-de-olla-altea-y-calp-del-tram\/"},"author":{"name":"Redacci\u00f3n","@id":"https:\/\/radiolitoral.com\/#\/schema\/person\/96b739642eb3bedb532aac3812d23307"},"headline":"FGV modifica el trayecto entre las estaciones de Olla Altea y Calp del TRAM","datePublished":"2024-04-08T09:34:20+00:00","mainEntityOfPage":{"@id":"https:\/\/radiolitoral.com\/2024\/04\/fgv-modifica-el-trayecto-entre-las-estaciones-de-olla-altea-y-calp-del-tram\/"},"wordCount":403,"commentCount":0,"publisher":{"@id":"https:\/\/radiolitoral.com\/#organization"},"image":{"@id":"https:\/\/radiolitoral.com\/2024\/04\/fgv-modifica-el-trayecto-entre-las-estaciones-de-olla-altea-y-calp-del-tram\/#primaryimage"},"thumbnailUrl":"https:\/\/media.radiolitoral.com\/wp-content\/uploads\/2024\/04\/08113334\/240407_FGV_foto_Calp.jpeg","keywords":["Calp","TRAM"],"articleSection":["Servicios P\u00fablicos"],"inLanguage":"ca","potentialAction":[{"@type":"CommentAction","name":"Comment","target":["https:\/\/radiolitoral.com\/2024\/04\/fgv-modifica-el-trayecto-entre-las-estaciones-de-olla-altea-y-calp-del-tram\/#respond"]}]},{"@type":["WebPage","ItemPage"],"@id":"https:\/\/radiolitoral.com\/2024\/04\/fgv-modifica-el-trayecto-entre-las-estaciones-de-olla-altea-y-calp-del-tram\/","url":"https:\/\/radiolitoral.com\/2024\/04\/fgv-modifica-el-trayecto-entre-las-estaciones-de-olla-altea-y-calp-del-tram\/","name":"FGV modifica el trajecte entre les estacions d&#039;Olla Altea i Calp del TRAM | R\u00e0dio Litoral","isPartOf":{"@id":"https:\/\/radiolitoral.com\/#website"},"primaryImageOfPage":{"@id":"https:\/\/radiolitoral.com\/2024\/04\/fgv-modifica-el-trayecto-entre-las-estaciones-de-olla-altea-y-calp-del-tram\/#primaryimage"},"image":{"@id":"https:\/\/radiolitoral.com\/2024\/04\/fgv-modifica-el-trayecto-entre-las-estaciones-de-olla-altea-y-calp-del-tram\/#primaryimage"},"thumbnailUrl":"https:\/\/media.radiolitoral.com\/wp-content\/uploads\/2024\/04\/08113334\/240407_FGV_foto_Calp.jpeg","datePublished":"2024-04-08T09:34:20+00:00","description":"Per mitigar les mol\u00e8sties, des d&#039;aquest dimarts s&#039;implementar\u00e0 un servei d&#039;autob\u00fas","breadcrumb":{"@id":"https:\/\/radiolitoral.com\/2024\/04\/fgv-modifica-el-trayecto-entre-las-estaciones-de-olla-altea-y-calp-del-tram\/#breadcrumb"},"inLanguage":"ca","potentialAction":[{"@type":"ReadAction","target":["https:\/\/radiolitoral.com\/2024\/04\/fgv-modifica-el-trayecto-entre-las-estaciones-de-olla-altea-y-calp-del-tram\/"]}]},{"@type":"ImageObject","inLanguage":"ca","@id":"https:\/\/radiolitoral.com\/2024\/04\/fgv-modifica-el-trayecto-entre-las-estaciones-de-olla-altea-y-calp-del-tram\/#primaryimage","url":"https:\/\/media.radiolitoral.com\/wp-content\/uploads\/2024\/04\/08113334\/240407_FGV_foto_Calp.jpeg","contentUrl":"https:\/\/media.radiolitoral.com\/wp-content\/uploads\/2024\/04\/08113334\/240407_FGV_foto_Calp.jpeg","width":1600,"height":900},{"@type":"BreadcrumbList","@id":"https:\/\/radiolitoral.com\/2024\/04\/fgv-modifica-el-trayecto-entre-las-estaciones-de-olla-altea-y-calp-del-tram\/#breadcrumb","itemListElement":[{"@type":"ListItem","position":1,"name":"Portada","item":"https:\/\/radiolitoral.com\/"},{"@type":"ListItem","position":2,"name":"FGV modifica el trayecto entre las estaciones de Olla Altea y Calp del TRAM"}]},{"@type":"WebSite","@id":"https:\/\/radiolitoral.com\/#website","url":"https:\/\/radiolitoral.com\/","name":"R\u00e0dio Litoral","description":"La r\u00e0dio local de la Marina Alta","publisher":{"@id":"https:\/\/radiolitoral.com\/#organization"},"alternateName":"Litoral FM","potentialAction":[{"@type":"SearchAction","target":{"@type":"EntryPoint","urlTemplate":"https:\/\/radiolitoral.com\/?s={search_term_string}"},"query-input":{"@type":"PropertyValueSpecification","valueRequired":true,"valueName":"search_term_string"}}],"inLanguage":"ca"},{"@type":"Organization","@id":"https:\/\/radiolitoral.com\/#organization","name":"R\u00e0dio Litoral","url":"https:\/\/radiolitoral.com\/","logo":{"@type":"ImageObject","inLanguage":"ca","@id":"https:\/\/radiolitoral.com\/#\/schema\/logo\/image\/","url":"https:\/\/media.radiolitoral.com\/wp-content\/uploads\/2023\/02\/24143238\/CL-V-RadioLitoral696.png","contentUrl":"https:\/\/media.radiolitoral.com\/wp-content\/uploads\/2023\/02\/24143238\/CL-V-RadioLitoral696.png","width":696,"height":696,"caption":"Radio Litoral"},"image":{"@id":"https:\/\/radiolitoral.com\/#\/schema\/logo\/image\/"},"sameAs":["https:\/\/www.facebook.com\/Laradiolitoral\/"]},{"@type":"Person","@id":"https:\/\/radiolitoral.com\/#\/schema\/person\/96b739642eb3bedb532aac3812d23307","name":"Redacci\u00f3","image":{"@type":"ImageObject","inLanguage":"ca","@id":"https:\/\/secure.gravatar.com\/avatar\/30cd06129ee90411dd9c7cbdcf17464181d1a3c7b072e92070ea75a25cf0097e?s=96&d=mm&r=g","url":"https:\/\/secure.gravatar.com\/avatar\/30cd06129ee90411dd9c7cbdcf17464181d1a3c7b072e92070ea75a25cf0097e?s=96&d=mm&r=g","contentUrl":"https:\/\/secure.gravatar.com\/avatar\/30cd06129ee90411dd9c7cbdcf17464181d1a3c7b072e92070ea75a25cf0097e?s=96&d=mm&r=g","caption":"Redacci\u00f3n"},"url":"https:\/\/radiolitoral.com\/ca\/author\/kevin-carrio\/"}]}},"_links":{"self":[{"href":"https:\/\/radiolitoral.com\/ca\/wp-json\/wp\/v2\/posts\/8107","targetHints":{"allow":["GET"]}}],"collection":[{"href":"https:\/\/radiolitoral.com\/ca\/wp-json\/wp\/v2\/posts"}],"about":[{"href":"https:\/\/radiolitoral.com\/ca\/wp-json\/wp\/v2\/types\/post"}],"author":[{"embeddable":true,"href":"https:\/\/radiolitoral.com\/ca\/wp-json\/wp\/v2\/users\/14"}],"replies":[{"embeddable":true,"href":"https:\/\/radiolitoral.com\/ca\/wp-json\/wp\/v2\/comments?post=8107"}],"version-history":[{"count":1,"href":"https:\/\/radiolitoral.com\/ca\/wp-json\/wp\/v2\/posts\/8107\/revisions"}],"predecessor-version":[{"id":8109,"href":"https:\/\/radiolitoral.com\/ca\/wp-json\/wp\/v2\/posts\/8107\/revisions\/8109"}],"wp:featuredmedia":[{"embeddable":true,"href":"https:\/\/radiolitoral.com\/ca\/wp-json\/wp\/v2\/media\/8108"}],"wp:attachment":[{"href":"https:\/\/radiolitoral.com\/ca\/wp-json\/wp\/v2\/media?parent=8107"}],"wp:term":[{"taxonomy":"category","embeddable":true,"href":"https:\/\/radiolitoral.com\/ca\/wp-json\/wp\/v2\/categories?post=8107"},{"taxonomy":"post_tag","embeddable":true,"href":"https:\/\/radiolitoral.com\/ca\/wp-json\/wp\/v2\/tags?post=8107"}],"curies":[{"name":"wp","href":"https:\/\/api.w.org\/{rel}","templated":true}]}}