{"id":8094,"date":"2024-04-08T10:13:44","date_gmt":"2024-04-08T08:13:44","guid":{"rendered":"https:\/\/radiolitoral.com\/?p=8094"},"modified":"2024-04-08T11:51:40","modified_gmt":"2024-04-08T09:51:40","slug":"la-ut-calp-es-consolida-en-la-tercera-posicio-despres-de-vencer-el-callosa-esportiva","status":"publish","type":"post","link":"https:\/\/radiolitoral.com\/ca\/2024\/04\/la-ud-calpe-se-afianza-en-la-tercera-posicion-tras-vencer-al-callosa-deportiva\/","title":{"rendered":"La UD Calpe es referma en la tercera posici\u00f3 despr\u00e9s de v\u00e8ncer el Callosa Esportiva"},"content":{"rendered":"<div class=\"flex-1 overflow-hidden\">\n<div class=\"react-scroll-to-bottom--css-qredz-79elbk h-full\">\n<div class=\"react-scroll-to-bottom--css-qredz-1n7m0yu\">\n<div>\n<div class=\"flex flex-col text-sm pb-9\">\n<div class=\"w-full text-token-text-primary\" dir=\"auto\" data-testid=\"conversation-turn-35\">\n<div class=\"px-4 py-2 justify-center text-base md:gap-6 m-auto\">\n<div class=\"flex flex-1 text-base mx-auto gap-3 juice:gap-4 juice:md:gap-6 md:px-5 lg:px-1 xl:px-5 md:max-w-3xl lg:max-w-[40rem] xl:max-w-[48rem] group final-completion\">\n<div class=\"relative flex w-full flex-col agent-turn\">\n<div class=\"flex-col gap-1 md:gap-3\">\n<div class=\"flex flex-grow flex-col max-w-full\">\n<div class=\"min-h-[20px] text-message flex flex-col items-start gap-3 whitespace-pre-wrap break-words [.text-message+&amp;]:mt-5 overflow-x-auto\" dir=\"auto\" data-message-author-role=\"assistant\" data-message-id=\"62325025-501c-41a8-8ecd-fcfd1f6c6690\">\n<div class=\"markdown prose w-full break-words dark:prose-invert light\">\n<p>En una jornada crucial para las aspiraciones de la <strong>UD Calpe<\/strong>, el equipo logr\u00f3 una importante victoria por <strong>0 a 1<\/strong> contra el <strong>Callosa Deportiva<\/strong> en el estadio El Palmeral de Callosa de Segura. El partido, caracterizado por la igualdad de fuerzas en el campo, demostr\u00f3 la intensidad y el compromiso de ambas escuadras desde el silbato inicial.<\/p>\n<p>El arranque del juego vio a un Callosa Deportiva lleno de energ\u00eda, buscando imponer su ritmo desde los primeros minutos. Sin embargo, la UD Calpe, fiel a su estilo, supo absorber la presi\u00f3n inicial y, poco a poco, tomar el control del esf\u00e9rico. La persistencia visitante fructific\u00f3 en el minuto 40, momento en el que <strong>Adri\u00e1n Rubio<\/strong> encontr\u00f3 el gol.<\/p>\n<p>La segunda mitad del encuentro estuvo marcada por un Callosa Deportiva que increment\u00f3 su intensidad en busca del empate, pero se encontr\u00f3 con una UD Calpe bien organizada y firme en defensa. Los dirigidos por <strong>Lauro Techeira<\/strong>, sin perder la oportunidad, intentaron cerrar su triunfo jugando a la contra.<\/p>\n<p>El momento cr\u00edtico para el Callosa lleg\u00f3 cuando, a falta de un cuarto de hora para el final, Rub\u00e9n fue expulsado tras recibir su segunda amonestaci\u00f3n, dejando a su equipo con un hombre menos en un momento crucial. En la recta final la formaci\u00f3n de Techeira supo jugar con experiencia y se llev\u00f3 una importante victoria.<\/p>\n<p>Este triunfo no solo otorga tres puntos vitales a la UD Calpe, sino que tambi\u00e9n, gracias a los tropiezos del <strong>CD Eldense<\/strong> y del <strong>Alicante CF<\/strong>, consolida su tercera posici\u00f3n en la tabla, ampliando la brecha con sus perseguidores directos.<\/p>\n<p>La pr\u00f3xima jornada promete ser otro desaf\u00edo significativo, ya que la UD Calpe recibir\u00e1 al <strong>FB Redov\u00e1n<\/strong>, un equipo al que supera por cinco puntos en la clasificaci\u00f3n. Este pr\u00f3ximo encuentro ser\u00e1 clave para mantener la buena din\u00e1mica del equipo y seguir aspirando a los puestos de honor de la competici\u00f3n.<\/p>\n<\/div>\n<\/div>\n<\/div>\n<div class=\"mt-1 flex gap-3 empty:hidden\">\n<div class=\"text-gray-400 flex self-end lg:self-center items-center justify-center lg:justify-start mt-0 -ml-1 h-7 gap-[2px] visible\">\n<p>&nbsp;<\/p>\n<div class=\"flex items-center gap-1.5 text-xs\"><\/div>\n<\/div>\n<\/div>\n<div class=\"pr-2 lg:pr-0\"><\/div>\n<\/div>\n<div class=\"absolute\">\n<div class=\"flex w-full gap-2 items-center justify-center\"><\/div>\n<\/div>\n<\/div>\n<\/div>\n<\/div>\n<\/div>\n<\/div>\n<\/div>\n<\/div>\n<\/div>\n<\/div>\n<div class=\"w-full pt-2 md:pt-0 dark:border-white\/20 md:border-transparent md:dark:border-transparent md:w-[calc(100%-.5rem)]\">\n<form class=\"stretch mx-2 flex flex-row gap-3 last:mb-2 md:mx-4 md:last:mb-6 lg:mx-auto lg:max-w-2xl xl:max-w-3xl\">\n<div class=\"relative flex h-full flex-1 flex-col\">\n<div class=\"absolute bottom-full left-0 right-0\"><\/div>\n<div class=\"flex w-full items-center\"><\/div>\n<\/div>\n<\/form>\n<\/div>\n","protected":false},"excerpt":{"rendered":"<p>En una jornada crucial para las aspiraciones de la UD Calpe, el equipo logr\u00f3 una importante victoria por 0 a 1 contra el Callosa Deportiva en el estadio El Palmeral de Callosa de Segura. El partido, caracterizado por la igualdad de fuerzas en el campo, demostr\u00f3 la intensidad y el compromiso de ambas escuadras desde [&#8230;]<\/p>\n<p><a class=\"btn btn-secondary understrap-read-more-link\" href=\"https:\/\/radiolitoral.com\/ca\/2024\/04\/la-ud-calpe-se-afianza-en-la-tercera-posicion-tras-vencer-al-callosa-deportiva\/\">Continua llegint&#8230;<span class=\"screen-reader-text\"> from La UD Calpe se afianza en la tercera posici\u00f3n tras vencer al Callosa Deportiva<\/span><\/a><\/p>\n","protected":false},"author":12,"featured_media":8095,"comment_status":"open","ping_status":"closed","sticky":false,"template":"","format":"standard","meta":{"_acf_changed":false,"inline_featured_image":false,"footnotes":""},"categories":[5],"tags":[1183,1184,1172,1081,6,1185,892,889],"class_list":["post-8094","post","type-post","status-publish","format-standard","has-post-thumbnail","hentry","category-deportes","tag-adrian-rubio","tag-alicante-cf","tag-callosa-deportiva","tag-cd-eldense","tag-deportes","tag-fb-redovan","tag-lauro-techeira","tag-ud-calpe","cobertura-calp"],"acf":[],"yoast_head":"<!-- This site is optimized with the Yoast SEO plugin v27.5 - https:\/\/yoast.com\/product\/yoast-seo-wordpress\/ -->\n<title>La UD Calpe se afianza en la tercera posici\u00f3n tras vencer al Callosa Deportiva | R\u00e0dio Litoral<\/title>\n<meta name=\"description\" content=\"Un gol de Adri\u00e1n Rubio en la primera mitad puso de manifiesto la solidez y estrategia calpina en su lucha por la clasificaci\u00f3n Un gol de Adri\u00e1n Rubio en la primera mitad puso de manifiesto la solidez y estrategia calpina en su lucha por la clasificaci\u00f3n\" \/>\n<meta name=\"robots\" content=\"index, follow, max-snippet:-1, max-image-preview:large, max-video-preview:-1\" \/>\n<link rel=\"canonical\" href=\"https:\/\/radiolitoral.com\/ca\/2024\/04\/la-ut-calp-es-consolida-en-la-tercera-posicio-despres-de-vencer-el-callosa-esportiva\/\" \/>\n<meta property=\"og:locale\" content=\"ca_ES\" \/>\n<meta property=\"og:type\" content=\"article\" \/>\n<meta property=\"og:title\" content=\"La UD Calpe se afianza en la tercera posici\u00f3n tras vencer al Callosa Deportiva | R\u00e0dio Litoral\" \/>\n<meta property=\"og:description\" content=\"Un gol de Adri\u00e1n Rubio en la primera mitad puso de manifiesto la solidez y estrategia calpina en su lucha por la clasificaci\u00f3n Un gol de Adri\u00e1n Rubio en la primera mitad puso de manifiesto la solidez y estrategia calpina en su lucha por la clasificaci\u00f3n\" \/>\n<meta property=\"og:url\" content=\"https:\/\/radiolitoral.com\/ca\/2024\/04\/la-ut-calp-es-consolida-en-la-tercera-posicio-despres-de-vencer-el-callosa-esportiva\/\" \/>\n<meta property=\"og:site_name\" content=\"R\u00e0dio Litoral\" \/>\n<meta property=\"article:publisher\" content=\"https:\/\/www.facebook.com\/Laradiolitoral\/\" \/>\n<meta property=\"article:published_time\" content=\"2024-04-08T08:13:44+00:00\" \/>\n<meta property=\"article:modified_time\" content=\"2024-04-08T09:51:40+00:00\" \/>\n<meta property=\"og:image\" content=\"https:\/\/media.radiolitoral.com\/wp-content\/uploads\/2024\/04\/07224824\/Andrada-en-una-buena-parada-ante-el-Callosa.jpg\" \/>\n\t<meta property=\"og:image:width\" content=\"1500\" \/>\n\t<meta property=\"og:image:height\" content=\"1000\" \/>\n\t<meta property=\"og:image:type\" content=\"image\/jpeg\" \/>\n<meta name=\"author\" content=\"Javier Zamora\" \/>\n<meta name=\"twitter:card\" content=\"summary_large_image\" \/>\n<meta name=\"twitter:label1\" content=\"Escrit per\" \/>\n\t<meta name=\"twitter:data1\" content=\"Javier Zamora\" \/>\n\t<meta name=\"twitter:label2\" content=\"Temps estimat de lectura\" \/>\n\t<meta name=\"twitter:data2\" content=\"2 minuts\" \/>\n<script type=\"application\/ld+json\" class=\"yoast-schema-graph\">{\"@context\":\"https:\\\/\\\/schema.org\",\"@graph\":[{\"@type\":\"NewsArticle\",\"@id\":\"https:\\\/\\\/radiolitoral.com\\\/2024\\\/04\\\/la-ud-calpe-se-afianza-en-la-tercera-posicion-tras-vencer-al-callosa-deportiva\\\/#article\",\"isPartOf\":{\"@id\":\"https:\\\/\\\/radiolitoral.com\\\/2024\\\/04\\\/la-ud-calpe-se-afianza-en-la-tercera-posicion-tras-vencer-al-callosa-deportiva\\\/\"},\"author\":{\"name\":\"Javier Zamora\",\"@id\":\"https:\\\/\\\/radiolitoral.com\\\/#\\\/schema\\\/person\\\/7b1480b5caeb5acdd4ec6379caf62b22\"},\"headline\":\"La UD Calpe se afianza en la tercera posici\u00f3n tras vencer al Callosa Deportiva\",\"datePublished\":\"2024-04-08T08:13:44+00:00\",\"dateModified\":\"2024-04-08T09:51:40+00:00\",\"mainEntityOfPage\":{\"@id\":\"https:\\\/\\\/radiolitoral.com\\\/2024\\\/04\\\/la-ud-calpe-se-afianza-en-la-tercera-posicion-tras-vencer-al-callosa-deportiva\\\/\"},\"wordCount\":344,\"commentCount\":0,\"publisher\":{\"@id\":\"https:\\\/\\\/radiolitoral.com\\\/#organization\"},\"image\":{\"@id\":\"https:\\\/\\\/radiolitoral.com\\\/2024\\\/04\\\/la-ud-calpe-se-afianza-en-la-tercera-posicion-tras-vencer-al-callosa-deportiva\\\/#primaryimage\"},\"thumbnailUrl\":\"https:\\\/\\\/media.radiolitoral.com\\\/wp-content\\\/uploads\\\/2024\\\/04\\\/07224824\\\/Andrada-en-una-buena-parada-ante-el-Callosa.jpg\",\"keywords\":[\"Adri\u00e1n Rubio\",\"Alicante CF\",\"Callosa Deportiva\",\"CD Eldense\",\"deportes\",\"FB Redov\u00e1n\",\"Lauro Techeira\",\"UD Calpe\"],\"articleSection\":[\"Deportes\"],\"inLanguage\":\"ca\",\"potentialAction\":[{\"@type\":\"CommentAction\",\"name\":\"Comment\",\"target\":[\"https:\\\/\\\/radiolitoral.com\\\/2024\\\/04\\\/la-ud-calpe-se-afianza-en-la-tercera-posicion-tras-vencer-al-callosa-deportiva\\\/#respond\"]}]},{\"@type\":[\"WebPage\",\"ItemPage\"],\"@id\":\"https:\\\/\\\/radiolitoral.com\\\/2024\\\/04\\\/la-ud-calpe-se-afianza-en-la-tercera-posicion-tras-vencer-al-callosa-deportiva\\\/\",\"url\":\"https:\\\/\\\/radiolitoral.com\\\/2024\\\/04\\\/la-ud-calpe-se-afianza-en-la-tercera-posicion-tras-vencer-al-callosa-deportiva\\\/\",\"name\":\"La UD Calpe se afianza en la tercera posici\u00f3n tras vencer al Callosa Deportiva | R\u00e0dio Litoral\",\"isPartOf\":{\"@id\":\"https:\\\/\\\/radiolitoral.com\\\/#website\"},\"primaryImageOfPage\":{\"@id\":\"https:\\\/\\\/radiolitoral.com\\\/2024\\\/04\\\/la-ud-calpe-se-afianza-en-la-tercera-posicion-tras-vencer-al-callosa-deportiva\\\/#primaryimage\"},\"image\":{\"@id\":\"https:\\\/\\\/radiolitoral.com\\\/2024\\\/04\\\/la-ud-calpe-se-afianza-en-la-tercera-posicion-tras-vencer-al-callosa-deportiva\\\/#primaryimage\"},\"thumbnailUrl\":\"https:\\\/\\\/media.radiolitoral.com\\\/wp-content\\\/uploads\\\/2024\\\/04\\\/07224824\\\/Andrada-en-una-buena-parada-ante-el-Callosa.jpg\",\"datePublished\":\"2024-04-08T08:13:44+00:00\",\"dateModified\":\"2024-04-08T09:51:40+00:00\",\"description\":\"Un gol de Adri\u00e1n Rubio en la primera mitad puso de manifiesto la solidez y estrategia calpina en su lucha por la clasificaci\u00f3n Un gol de Adri\u00e1n Rubio en la primera mitad puso de manifiesto la solidez y estrategia calpina en su lucha por la clasificaci\u00f3n\",\"breadcrumb\":{\"@id\":\"https:\\\/\\\/radiolitoral.com\\\/2024\\\/04\\\/la-ud-calpe-se-afianza-en-la-tercera-posicion-tras-vencer-al-callosa-deportiva\\\/#breadcrumb\"},\"inLanguage\":\"ca\",\"potentialAction\":[{\"@type\":\"ReadAction\",\"target\":[\"https:\\\/\\\/radiolitoral.com\\\/2024\\\/04\\\/la-ud-calpe-se-afianza-en-la-tercera-posicion-tras-vencer-al-callosa-deportiva\\\/\"]}]},{\"@type\":\"ImageObject\",\"inLanguage\":\"ca\",\"@id\":\"https:\\\/\\\/radiolitoral.com\\\/2024\\\/04\\\/la-ud-calpe-se-afianza-en-la-tercera-posicion-tras-vencer-al-callosa-deportiva\\\/#primaryimage\",\"url\":\"https:\\\/\\\/media.radiolitoral.com\\\/wp-content\\\/uploads\\\/2024\\\/04\\\/07224824\\\/Andrada-en-una-buena-parada-ante-el-Callosa.jpg\",\"contentUrl\":\"https:\\\/\\\/media.radiolitoral.com\\\/wp-content\\\/uploads\\\/2024\\\/04\\\/07224824\\\/Andrada-en-una-buena-parada-ante-el-Callosa.jpg\",\"width\":1500,\"height\":1000},{\"@type\":\"BreadcrumbList\",\"@id\":\"https:\\\/\\\/radiolitoral.com\\\/2024\\\/04\\\/la-ud-calpe-se-afianza-en-la-tercera-posicion-tras-vencer-al-callosa-deportiva\\\/#breadcrumb\",\"itemListElement\":[{\"@type\":\"ListItem\",\"position\":1,\"name\":\"Portada\",\"item\":\"https:\\\/\\\/radiolitoral.com\\\/\"},{\"@type\":\"ListItem\",\"position\":2,\"name\":\"La UD Calpe se afianza en la tercera posici\u00f3n tras vencer al Callosa Deportiva\"}]},{\"@type\":\"WebSite\",\"@id\":\"https:\\\/\\\/radiolitoral.com\\\/#website\",\"url\":\"https:\\\/\\\/radiolitoral.com\\\/\",\"name\":\"Radio Litoral\",\"description\":\"La radio local de la Marina Alta\",\"publisher\":{\"@id\":\"https:\\\/\\\/radiolitoral.com\\\/#organization\"},\"alternateName\":\"Litoral FM\",\"potentialAction\":[{\"@type\":\"SearchAction\",\"target\":{\"@type\":\"EntryPoint\",\"urlTemplate\":\"https:\\\/\\\/radiolitoral.com\\\/?s={search_term_string}\"},\"query-input\":{\"@type\":\"PropertyValueSpecification\",\"valueRequired\":true,\"valueName\":\"search_term_string\"}}],\"inLanguage\":\"ca\"},{\"@type\":\"Organization\",\"@id\":\"https:\\\/\\\/radiolitoral.com\\\/#organization\",\"name\":\"Radio Litoral\",\"url\":\"https:\\\/\\\/radiolitoral.com\\\/\",\"logo\":{\"@type\":\"ImageObject\",\"inLanguage\":\"ca\",\"@id\":\"https:\\\/\\\/radiolitoral.com\\\/#\\\/schema\\\/logo\\\/image\\\/\",\"url\":\"https:\\\/\\\/media.radiolitoral.com\\\/wp-content\\\/uploads\\\/2023\\\/02\\\/24143238\\\/CL-V-RadioLitoral696.png\",\"contentUrl\":\"https:\\\/\\\/media.radiolitoral.com\\\/wp-content\\\/uploads\\\/2023\\\/02\\\/24143238\\\/CL-V-RadioLitoral696.png\",\"width\":696,\"height\":696,\"caption\":\"Radio Litoral\"},\"image\":{\"@id\":\"https:\\\/\\\/radiolitoral.com\\\/#\\\/schema\\\/logo\\\/image\\\/\"},\"sameAs\":[\"https:\\\/\\\/www.facebook.com\\\/Laradiolitoral\\\/\"]},{\"@type\":\"Person\",\"@id\":\"https:\\\/\\\/radiolitoral.com\\\/#\\\/schema\\\/person\\\/7b1480b5caeb5acdd4ec6379caf62b22\",\"name\":\"Javier Zamora\",\"image\":{\"@type\":\"ImageObject\",\"inLanguage\":\"ca\",\"@id\":\"https:\\\/\\\/secure.gravatar.com\\\/avatar\\\/467a11f6918c7d619c4043fc6fa2d3853053107973f05b6e9c04ea6c4e3a7b3f?s=96&d=mm&r=g\",\"url\":\"https:\\\/\\\/secure.gravatar.com\\\/avatar\\\/467a11f6918c7d619c4043fc6fa2d3853053107973f05b6e9c04ea6c4e3a7b3f?s=96&d=mm&r=g\",\"contentUrl\":\"https:\\\/\\\/secure.gravatar.com\\\/avatar\\\/467a11f6918c7d619c4043fc6fa2d3853053107973f05b6e9c04ea6c4e3a7b3f?s=96&d=mm&r=g\",\"caption\":\"Javier Zamora\"},\"url\":\"https:\\\/\\\/radiolitoral.com\\\/ca\\\/author\\\/javier-zamora\\\/\"}]}<\/script>\n<!-- \/ Yoast SEO plugin. -->","yoast_head_json":{"title":"La UD Calpe es consolida en la tercera posici\u00f3 despr\u00e9s de v\u00e8ncer el Callosa Esportiva | R\u00e0dio Litoral","description":"Un gol d&#039;Adri\u00e1n Rubio a la primera meitat va posar de manifest la solidesa i estrat\u00e8gia calpina en la seva lluita per la classificaci\u00f3 Un gol d&#039;Adri\u00e1n Rubio a la primera meitat va posar de manifest la solidesa i estrat\u00e8gia calpina en la seva lluita per la classificaci\u00f3","robots":{"index":"index","follow":"follow","max-snippet":"max-snippet:-1","max-image-preview":"max-image-preview:large","max-video-preview":"max-video-preview:-1"},"canonical":"https:\/\/radiolitoral.com\/ca\/2024\/04\/la-ut-calp-es-consolida-en-la-tercera-posicio-despres-de-vencer-el-callosa-esportiva\/","og_locale":"ca_ES","og_type":"article","og_title":"La UD Calpe se afianza en la tercera posici\u00f3n tras vencer al Callosa Deportiva | R\u00e0dio Litoral","og_description":"Un gol de Adri\u00e1n Rubio en la primera mitad puso de manifiesto la solidez y estrategia calpina en su lucha por la clasificaci\u00f3n Un gol de Adri\u00e1n Rubio en la primera mitad puso de manifiesto la solidez y estrategia calpina en su lucha por la clasificaci\u00f3n","og_url":"https:\/\/radiolitoral.com\/ca\/2024\/04\/la-ut-calp-es-consolida-en-la-tercera-posicio-despres-de-vencer-el-callosa-esportiva\/","og_site_name":"R\u00e0dio Litoral","article_publisher":"https:\/\/www.facebook.com\/Laradiolitoral\/","article_published_time":"2024-04-08T08:13:44+00:00","article_modified_time":"2024-04-08T09:51:40+00:00","og_image":[{"width":1500,"height":1000,"url":"https:\/\/media.radiolitoral.com\/wp-content\/uploads\/2024\/04\/07224824\/Andrada-en-una-buena-parada-ante-el-Callosa.jpg","type":"image\/jpeg"}],"author":"Javier Zamora","twitter_card":"summary_large_image","twitter_misc":{"Escrit per":"Javier Zamora","Temps estimat de lectura":"2 minuts"},"schema":{"@context":"https:\/\/schema.org","@graph":[{"@type":"NewsArticle","@id":"https:\/\/radiolitoral.com\/2024\/04\/la-ud-calpe-se-afianza-en-la-tercera-posicion-tras-vencer-al-callosa-deportiva\/#article","isPartOf":{"@id":"https:\/\/radiolitoral.com\/2024\/04\/la-ud-calpe-se-afianza-en-la-tercera-posicion-tras-vencer-al-callosa-deportiva\/"},"author":{"name":"Javier Zamora","@id":"https:\/\/radiolitoral.com\/#\/schema\/person\/7b1480b5caeb5acdd4ec6379caf62b22"},"headline":"La UD Calpe se afianza en la tercera posici\u00f3n tras vencer al Callosa Deportiva","datePublished":"2024-04-08T08:13:44+00:00","dateModified":"2024-04-08T09:51:40+00:00","mainEntityOfPage":{"@id":"https:\/\/radiolitoral.com\/2024\/04\/la-ud-calpe-se-afianza-en-la-tercera-posicion-tras-vencer-al-callosa-deportiva\/"},"wordCount":344,"commentCount":0,"publisher":{"@id":"https:\/\/radiolitoral.com\/#organization"},"image":{"@id":"https:\/\/radiolitoral.com\/2024\/04\/la-ud-calpe-se-afianza-en-la-tercera-posicion-tras-vencer-al-callosa-deportiva\/#primaryimage"},"thumbnailUrl":"https:\/\/media.radiolitoral.com\/wp-content\/uploads\/2024\/04\/07224824\/Andrada-en-una-buena-parada-ante-el-Callosa.jpg","keywords":["Adri\u00e1n Rubio","Alicante CF","Callosa Deportiva","CD Eldense","deportes","FB Redov\u00e1n","Lauro Techeira","UD Calpe"],"articleSection":["Deportes"],"inLanguage":"ca","potentialAction":[{"@type":"CommentAction","name":"Comment","target":["https:\/\/radiolitoral.com\/2024\/04\/la-ud-calpe-se-afianza-en-la-tercera-posicion-tras-vencer-al-callosa-deportiva\/#respond"]}]},{"@type":["WebPage","ItemPage"],"@id":"https:\/\/radiolitoral.com\/2024\/04\/la-ud-calpe-se-afianza-en-la-tercera-posicion-tras-vencer-al-callosa-deportiva\/","url":"https:\/\/radiolitoral.com\/2024\/04\/la-ud-calpe-se-afianza-en-la-tercera-posicion-tras-vencer-al-callosa-deportiva\/","name":"La UD Calpe es consolida en la tercera posici\u00f3 despr\u00e9s de v\u00e8ncer el Callosa Esportiva | R\u00e0dio Litoral","isPartOf":{"@id":"https:\/\/radiolitoral.com\/#website"},"primaryImageOfPage":{"@id":"https:\/\/radiolitoral.com\/2024\/04\/la-ud-calpe-se-afianza-en-la-tercera-posicion-tras-vencer-al-callosa-deportiva\/#primaryimage"},"image":{"@id":"https:\/\/radiolitoral.com\/2024\/04\/la-ud-calpe-se-afianza-en-la-tercera-posicion-tras-vencer-al-callosa-deportiva\/#primaryimage"},"thumbnailUrl":"https:\/\/media.radiolitoral.com\/wp-content\/uploads\/2024\/04\/07224824\/Andrada-en-una-buena-parada-ante-el-Callosa.jpg","datePublished":"2024-04-08T08:13:44+00:00","dateModified":"2024-04-08T09:51:40+00:00","description":"Un gol d&#039;Adri\u00e1n Rubio a la primera meitat va posar de manifest la solidesa i estrat\u00e8gia calpina en la seva lluita per la classificaci\u00f3 Un gol d&#039;Adri\u00e1n Rubio a la primera meitat va posar de manifest la solidesa i estrat\u00e8gia calpina en la seva lluita per la classificaci\u00f3","breadcrumb":{"@id":"https:\/\/radiolitoral.com\/2024\/04\/la-ud-calpe-se-afianza-en-la-tercera-posicion-tras-vencer-al-callosa-deportiva\/#breadcrumb"},"inLanguage":"ca","potentialAction":[{"@type":"ReadAction","target":["https:\/\/radiolitoral.com\/2024\/04\/la-ud-calpe-se-afianza-en-la-tercera-posicion-tras-vencer-al-callosa-deportiva\/"]}]},{"@type":"ImageObject","inLanguage":"ca","@id":"https:\/\/radiolitoral.com\/2024\/04\/la-ud-calpe-se-afianza-en-la-tercera-posicion-tras-vencer-al-callosa-deportiva\/#primaryimage","url":"https:\/\/media.radiolitoral.com\/wp-content\/uploads\/2024\/04\/07224824\/Andrada-en-una-buena-parada-ante-el-Callosa.jpg","contentUrl":"https:\/\/media.radiolitoral.com\/wp-content\/uploads\/2024\/04\/07224824\/Andrada-en-una-buena-parada-ante-el-Callosa.jpg","width":1500,"height":1000},{"@type":"BreadcrumbList","@id":"https:\/\/radiolitoral.com\/2024\/04\/la-ud-calpe-se-afianza-en-la-tercera-posicion-tras-vencer-al-callosa-deportiva\/#breadcrumb","itemListElement":[{"@type":"ListItem","position":1,"name":"Portada","item":"https:\/\/radiolitoral.com\/"},{"@type":"ListItem","position":2,"name":"La UD Calpe se afianza en la tercera posici\u00f3n tras vencer al Callosa Deportiva"}]},{"@type":"WebSite","@id":"https:\/\/radiolitoral.com\/#website","url":"https:\/\/radiolitoral.com\/","name":"R\u00e0dio Litoral","description":"La r\u00e0dio local de la Marina Alta","publisher":{"@id":"https:\/\/radiolitoral.com\/#organization"},"alternateName":"Litoral FM","potentialAction":[{"@type":"SearchAction","target":{"@type":"EntryPoint","urlTemplate":"https:\/\/radiolitoral.com\/?s={search_term_string}"},"query-input":{"@type":"PropertyValueSpecification","valueRequired":true,"valueName":"search_term_string"}}],"inLanguage":"ca"},{"@type":"Organization","@id":"https:\/\/radiolitoral.com\/#organization","name":"R\u00e0dio Litoral","url":"https:\/\/radiolitoral.com\/","logo":{"@type":"ImageObject","inLanguage":"ca","@id":"https:\/\/radiolitoral.com\/#\/schema\/logo\/image\/","url":"https:\/\/media.radiolitoral.com\/wp-content\/uploads\/2023\/02\/24143238\/CL-V-RadioLitoral696.png","contentUrl":"https:\/\/media.radiolitoral.com\/wp-content\/uploads\/2023\/02\/24143238\/CL-V-RadioLitoral696.png","width":696,"height":696,"caption":"Radio Litoral"},"image":{"@id":"https:\/\/radiolitoral.com\/#\/schema\/logo\/image\/"},"sameAs":["https:\/\/www.facebook.com\/Laradiolitoral\/"]},{"@type":"Person","@id":"https:\/\/radiolitoral.com\/#\/schema\/person\/7b1480b5caeb5acdd4ec6379caf62b22","name":"Javier Zamora","image":{"@type":"ImageObject","inLanguage":"ca","@id":"https:\/\/secure.gravatar.com\/avatar\/467a11f6918c7d619c4043fc6fa2d3853053107973f05b6e9c04ea6c4e3a7b3f?s=96&d=mm&r=g","url":"https:\/\/secure.gravatar.com\/avatar\/467a11f6918c7d619c4043fc6fa2d3853053107973f05b6e9c04ea6c4e3a7b3f?s=96&d=mm&r=g","contentUrl":"https:\/\/secure.gravatar.com\/avatar\/467a11f6918c7d619c4043fc6fa2d3853053107973f05b6e9c04ea6c4e3a7b3f?s=96&d=mm&r=g","caption":"Javier Zamora"},"url":"https:\/\/radiolitoral.com\/ca\/author\/javier-zamora\/"}]}},"_links":{"self":[{"href":"https:\/\/radiolitoral.com\/ca\/wp-json\/wp\/v2\/posts\/8094","targetHints":{"allow":["GET"]}}],"collection":[{"href":"https:\/\/radiolitoral.com\/ca\/wp-json\/wp\/v2\/posts"}],"about":[{"href":"https:\/\/radiolitoral.com\/ca\/wp-json\/wp\/v2\/types\/post"}],"author":[{"embeddable":true,"href":"https:\/\/radiolitoral.com\/ca\/wp-json\/wp\/v2\/users\/12"}],"replies":[{"embeddable":true,"href":"https:\/\/radiolitoral.com\/ca\/wp-json\/wp\/v2\/comments?post=8094"}],"version-history":[{"count":4,"href":"https:\/\/radiolitoral.com\/ca\/wp-json\/wp\/v2\/posts\/8094\/revisions"}],"predecessor-version":[{"id":8110,"href":"https:\/\/radiolitoral.com\/ca\/wp-json\/wp\/v2\/posts\/8094\/revisions\/8110"}],"wp:featuredmedia":[{"embeddable":true,"href":"https:\/\/radiolitoral.com\/ca\/wp-json\/wp\/v2\/media\/8095"}],"wp:attachment":[{"href":"https:\/\/radiolitoral.com\/ca\/wp-json\/wp\/v2\/media?parent=8094"}],"wp:term":[{"taxonomy":"category","embeddable":true,"href":"https:\/\/radiolitoral.com\/ca\/wp-json\/wp\/v2\/categories?post=8094"},{"taxonomy":"post_tag","embeddable":true,"href":"https:\/\/radiolitoral.com\/ca\/wp-json\/wp\/v2\/tags?post=8094"}],"curies":[{"name":"wp","href":"https:\/\/api.w.org\/{rel}","templated":true}]}}