{"id":8091,"date":"2024-04-07T18:50:42","date_gmt":"2024-04-07T16:50:42","guid":{"rendered":"https:\/\/radiolitoral.com\/?p=8091"},"modified":"2024-04-07T18:50:42","modified_gmt":"2024-04-07T16:50:42","slug":"accident-en-pego-ciclista-ferida-despres-de-col%c2%b7lisio-amb-un-cotxe","status":"publish","type":"post","link":"https:\/\/radiolitoral.com\/ca\/2024\/04\/accidente-en-pego-ciclista-herida-tras-colision-con-un-coche\/","title":{"rendered":"Accident a Pego: Ciclista ferida despr\u00e9s de col\u00b7lisi\u00f3 amb un cotxe"},"content":{"rendered":"<p>En un <strong>incident<\/strong> ocorregut el diumenge 7 d&#039;abril a les 14.15 hores, una <strong>ciclista<\/strong> de 50 anys ha resultat <strong>ferida<\/strong> en una col\u00b7lisi\u00f3 amb un <strong>cotxe<\/strong> a la CV-712, a l&#039;al\u00e7ada del quil\u00f2metre 21, al terme municipal de <strong>Pego<\/strong>.<\/p>\n<p>L&#039;esportista, que presenta <strong>politraumatisme<\/strong>, ha estat <strong>traslladada<\/strong> al <strong>hospital de D\u00e9nia<\/strong> per rebre atenci\u00f3 m\u00e8dica especialitzada.<\/p>\n<p>Segons el CICU, se n&#039;ha mobilitzat una <strong>unitat del SAMU<\/strong> i una unitat de <strong>SVB<\/strong> fins al lloc del <strong>accident<\/strong> per assistir a la <strong>v\u00edctima<\/strong>. L&#039;equip m\u00e8dic del SAMU ha <strong>estabilitzat<\/strong> a la <strong>ciclista ferida<\/strong>, assegurant el seu trasllat segur a l&#039;hospital de <strong>D\u00e9nia<\/strong> en una <strong>ambul\u00e0ncia de Suport Vital Avan\u00e7at<\/strong>.<\/p>","protected":false},"excerpt":{"rendered":"<p>En un incidente ocurrido el domingo 7 de abril a las 14.15 horas, una ciclista de 50 a\u00f1os ha resultado herida en una colisi\u00f3n con un coche en la CV-712, a la altura del kil\u00f3metro 21, en el t\u00e9rmino municipal de Pego. La deportista, que presenta politraumatismo, ha sido trasladada al hospital de D\u00e9nia para [&#8230;]<\/p>\n<p><a class=\"btn btn-secondary understrap-read-more-link\" href=\"https:\/\/radiolitoral.com\/ca\/2024\/04\/accidente-en-pego-ciclista-herida-tras-colision-con-un-coche\/\">Continua llegint&#8230;<span class=\"screen-reader-text\"> from Accidente en Pego: Ciclista herida tras colisi\u00f3n con un coche<\/span><\/a><\/p>\n","protected":false},"author":13,"featured_media":5519,"comment_status":"open","ping_status":"closed","sticky":false,"template":"","format":"standard","meta":{"_acf_changed":false,"inline_featured_image":false,"footnotes":""},"categories":[8],"tags":[1182,194,1023],"class_list":["post-8091","post","type-post","status-publish","format-standard","has-post-thumbnail","hentry","category-sucesos","tag-accidente","tag-pego","tag-sucesos","cobertura-pego"],"acf":[],"yoast_head":"<!-- This site is optimized with the Yoast SEO plugin v27.5 - https:\/\/yoast.com\/product\/yoast-seo-wordpress\/ -->\n<title>Accidente en Pego: Ciclista herida tras colisi\u00f3n con un coche | R\u00e0dio Litoral<\/title>\n<meta name=\"description\" content=\"La mujer ha sido trasladada al Hospital de D\u00e9nia en una ambulancia de Soporte Vital Avanzado La mujer ha sido trasladada al Hospital de D\u00e9nia en una ambulancia de Soporte Vital Avanzado\" \/>\n<meta name=\"robots\" content=\"index, follow, max-snippet:-1, max-image-preview:large, max-video-preview:-1\" \/>\n<link rel=\"canonical\" href=\"https:\/\/radiolitoral.com\/ca\/2024\/04\/accident-en-pego-ciclista-ferida-despres-de-col\u00b7lisio-amb-un-cotxe\/\" \/>\n<meta property=\"og:locale\" content=\"ca_ES\" \/>\n<meta property=\"og:type\" content=\"article\" \/>\n<meta property=\"og:title\" content=\"Accidente en Pego: Ciclista herida tras colisi\u00f3n con un coche | R\u00e0dio Litoral\" \/>\n<meta property=\"og:description\" content=\"La mujer ha sido trasladada al Hospital de D\u00e9nia en una ambulancia de Soporte Vital Avanzado La mujer ha sido trasladada al Hospital de D\u00e9nia en una ambulancia de Soporte Vital Avanzado\" \/>\n<meta property=\"og:url\" content=\"https:\/\/radiolitoral.com\/ca\/2024\/04\/accident-en-pego-ciclista-ferida-despres-de-col\u00b7lisio-amb-un-cotxe\/\" \/>\n<meta property=\"og:site_name\" content=\"R\u00e0dio Litoral\" \/>\n<meta property=\"article:publisher\" content=\"https:\/\/www.facebook.com\/Laradiolitoral\/\" \/>\n<meta property=\"article:published_time\" content=\"2024-04-07T16:50:42+00:00\" \/>\n<meta property=\"og:image\" content=\"https:\/\/media.radiolitoral.com\/wp-content\/uploads\/2023\/11\/10135730\/Hospital-Comarcal-Marina-Salud-en-Denia.jpg\" \/>\n\t<meta property=\"og:image:width\" content=\"1024\" \/>\n\t<meta property=\"og:image:height\" content=\"768\" \/>\n\t<meta property=\"og:image:type\" content=\"image\/jpeg\" \/>\n<meta name=\"author\" content=\"Redacci\u00f3n\" \/>\n<meta name=\"twitter:card\" content=\"summary_large_image\" \/>\n<meta name=\"twitter:label1\" content=\"Escrit per\" \/>\n\t<meta name=\"twitter:data1\" content=\"Redacci\u00f3n\" \/>\n\t<meta name=\"twitter:label2\" content=\"Temps estimat de lectura\" \/>\n\t<meta name=\"twitter:data2\" content=\"1 minut\" \/>\n<script type=\"application\/ld+json\" class=\"yoast-schema-graph\">{\"@context\":\"https:\\\/\\\/schema.org\",\"@graph\":[{\"@type\":\"NewsArticle\",\"@id\":\"https:\\\/\\\/radiolitoral.com\\\/2024\\\/04\\\/accidente-en-pego-ciclista-herida-tras-colision-con-un-coche\\\/#article\",\"isPartOf\":{\"@id\":\"https:\\\/\\\/radiolitoral.com\\\/2024\\\/04\\\/accidente-en-pego-ciclista-herida-tras-colision-con-un-coche\\\/\"},\"author\":{\"name\":\"Redacci\u00f3n\",\"@id\":\"https:\\\/\\\/radiolitoral.com\\\/#\\\/schema\\\/person\\\/f2b2343c49b5d721857cc1002bfdb151\"},\"headline\":\"Accidente en Pego: Ciclista herida tras colisi\u00f3n con un coche\",\"datePublished\":\"2024-04-07T16:50:42+00:00\",\"mainEntityOfPage\":{\"@id\":\"https:\\\/\\\/radiolitoral.com\\\/2024\\\/04\\\/accidente-en-pego-ciclista-herida-tras-colision-con-un-coche\\\/\"},\"wordCount\":128,\"commentCount\":0,\"publisher\":{\"@id\":\"https:\\\/\\\/radiolitoral.com\\\/#organization\"},\"image\":{\"@id\":\"https:\\\/\\\/radiolitoral.com\\\/2024\\\/04\\\/accidente-en-pego-ciclista-herida-tras-colision-con-un-coche\\\/#primaryimage\"},\"thumbnailUrl\":\"https:\\\/\\\/media.radiolitoral.com\\\/wp-content\\\/uploads\\\/2023\\\/11\\\/10135730\\\/Hospital-Comarcal-Marina-Salud-en-Denia.jpg\",\"keywords\":[\"accidente\",\"Pego\",\"sucesos\"],\"articleSection\":[\"Sucesos\"],\"inLanguage\":\"ca\",\"potentialAction\":[{\"@type\":\"CommentAction\",\"name\":\"Comment\",\"target\":[\"https:\\\/\\\/radiolitoral.com\\\/2024\\\/04\\\/accidente-en-pego-ciclista-herida-tras-colision-con-un-coche\\\/#respond\"]}]},{\"@type\":[\"WebPage\",\"ItemPage\"],\"@id\":\"https:\\\/\\\/radiolitoral.com\\\/2024\\\/04\\\/accidente-en-pego-ciclista-herida-tras-colision-con-un-coche\\\/\",\"url\":\"https:\\\/\\\/radiolitoral.com\\\/2024\\\/04\\\/accidente-en-pego-ciclista-herida-tras-colision-con-un-coche\\\/\",\"name\":\"Accidente en Pego: Ciclista herida tras colisi\u00f3n con un coche | R\u00e0dio Litoral\",\"isPartOf\":{\"@id\":\"https:\\\/\\\/radiolitoral.com\\\/#website\"},\"primaryImageOfPage\":{\"@id\":\"https:\\\/\\\/radiolitoral.com\\\/2024\\\/04\\\/accidente-en-pego-ciclista-herida-tras-colision-con-un-coche\\\/#primaryimage\"},\"image\":{\"@id\":\"https:\\\/\\\/radiolitoral.com\\\/2024\\\/04\\\/accidente-en-pego-ciclista-herida-tras-colision-con-un-coche\\\/#primaryimage\"},\"thumbnailUrl\":\"https:\\\/\\\/media.radiolitoral.com\\\/wp-content\\\/uploads\\\/2023\\\/11\\\/10135730\\\/Hospital-Comarcal-Marina-Salud-en-Denia.jpg\",\"datePublished\":\"2024-04-07T16:50:42+00:00\",\"description\":\"La mujer ha sido trasladada al Hospital de D\u00e9nia en una ambulancia de Soporte Vital Avanzado La mujer ha sido trasladada al Hospital de D\u00e9nia en una ambulancia de Soporte Vital Avanzado\",\"breadcrumb\":{\"@id\":\"https:\\\/\\\/radiolitoral.com\\\/2024\\\/04\\\/accidente-en-pego-ciclista-herida-tras-colision-con-un-coche\\\/#breadcrumb\"},\"inLanguage\":\"ca\",\"potentialAction\":[{\"@type\":\"ReadAction\",\"target\":[\"https:\\\/\\\/radiolitoral.com\\\/2024\\\/04\\\/accidente-en-pego-ciclista-herida-tras-colision-con-un-coche\\\/\"]}]},{\"@type\":\"ImageObject\",\"inLanguage\":\"ca\",\"@id\":\"https:\\\/\\\/radiolitoral.com\\\/2024\\\/04\\\/accidente-en-pego-ciclista-herida-tras-colision-con-un-coche\\\/#primaryimage\",\"url\":\"https:\\\/\\\/media.radiolitoral.com\\\/wp-content\\\/uploads\\\/2023\\\/11\\\/10135730\\\/Hospital-Comarcal-Marina-Salud-en-Denia.jpg\",\"contentUrl\":\"https:\\\/\\\/media.radiolitoral.com\\\/wp-content\\\/uploads\\\/2023\\\/11\\\/10135730\\\/Hospital-Comarcal-Marina-Salud-en-Denia.jpg\",\"width\":1024,\"height\":768},{\"@type\":\"BreadcrumbList\",\"@id\":\"https:\\\/\\\/radiolitoral.com\\\/2024\\\/04\\\/accidente-en-pego-ciclista-herida-tras-colision-con-un-coche\\\/#breadcrumb\",\"itemListElement\":[{\"@type\":\"ListItem\",\"position\":1,\"name\":\"Portada\",\"item\":\"https:\\\/\\\/radiolitoral.com\\\/\"},{\"@type\":\"ListItem\",\"position\":2,\"name\":\"Accidente en Pego: Ciclista herida tras colisi\u00f3n con un coche\"}]},{\"@type\":\"WebSite\",\"@id\":\"https:\\\/\\\/radiolitoral.com\\\/#website\",\"url\":\"https:\\\/\\\/radiolitoral.com\\\/\",\"name\":\"Radio Litoral\",\"description\":\"La radio local de la Marina Alta\",\"publisher\":{\"@id\":\"https:\\\/\\\/radiolitoral.com\\\/#organization\"},\"alternateName\":\"Litoral FM\",\"potentialAction\":[{\"@type\":\"SearchAction\",\"target\":{\"@type\":\"EntryPoint\",\"urlTemplate\":\"https:\\\/\\\/radiolitoral.com\\\/?s={search_term_string}\"},\"query-input\":{\"@type\":\"PropertyValueSpecification\",\"valueRequired\":true,\"valueName\":\"search_term_string\"}}],\"inLanguage\":\"ca\"},{\"@type\":\"Organization\",\"@id\":\"https:\\\/\\\/radiolitoral.com\\\/#organization\",\"name\":\"Radio Litoral\",\"url\":\"https:\\\/\\\/radiolitoral.com\\\/\",\"logo\":{\"@type\":\"ImageObject\",\"inLanguage\":\"ca\",\"@id\":\"https:\\\/\\\/radiolitoral.com\\\/#\\\/schema\\\/logo\\\/image\\\/\",\"url\":\"https:\\\/\\\/media.radiolitoral.com\\\/wp-content\\\/uploads\\\/2023\\\/02\\\/24143238\\\/CL-V-RadioLitoral696.png\",\"contentUrl\":\"https:\\\/\\\/media.radiolitoral.com\\\/wp-content\\\/uploads\\\/2023\\\/02\\\/24143238\\\/CL-V-RadioLitoral696.png\",\"width\":696,\"height\":696,\"caption\":\"Radio Litoral\"},\"image\":{\"@id\":\"https:\\\/\\\/radiolitoral.com\\\/#\\\/schema\\\/logo\\\/image\\\/\"},\"sameAs\":[\"https:\\\/\\\/www.facebook.com\\\/Laradiolitoral\\\/\"]},{\"@type\":\"Person\",\"@id\":\"https:\\\/\\\/radiolitoral.com\\\/#\\\/schema\\\/person\\\/f2b2343c49b5d721857cc1002bfdb151\",\"name\":\"Redacci\u00f3n\",\"image\":{\"@type\":\"ImageObject\",\"inLanguage\":\"ca\",\"@id\":\"https:\\\/\\\/secure.gravatar.com\\\/avatar\\\/f771d896c203ad8b3382d7905cfcce5a5c9b008b84b3cd9114e9b9f4cb63f789?s=96&d=mm&r=g\",\"url\":\"https:\\\/\\\/secure.gravatar.com\\\/avatar\\\/f771d896c203ad8b3382d7905cfcce5a5c9b008b84b3cd9114e9b9f4cb63f789?s=96&d=mm&r=g\",\"contentUrl\":\"https:\\\/\\\/secure.gravatar.com\\\/avatar\\\/f771d896c203ad8b3382d7905cfcce5a5c9b008b84b3cd9114e9b9f4cb63f789?s=96&d=mm&r=g\",\"caption\":\"Redacci\u00f3n\"},\"url\":\"https:\\\/\\\/radiolitoral.com\\\/ca\\\/author\\\/miriam-pagan\\\/\"}]}<\/script>\n<!-- \/ Yoast SEO plugin. -->","yoast_head_json":{"title":"Accident a Pego: Ciclista ferida despr\u00e9s de col\u00b7lisi\u00f3 amb un cotxe | R\u00e0dio Litoral","description":"La dona ha estat traslladada a l&#039;Hospital de D\u00e9nia en una ambul\u00e0ncia de Suport Vital Avan\u00e7at La dona ha estat traslladada a l&#039;Hospital de D\u00e9nia en una ambul\u00e0ncia de Suport Vital Avan\u00e7at","robots":{"index":"index","follow":"follow","max-snippet":"max-snippet:-1","max-image-preview":"max-image-preview:large","max-video-preview":"max-video-preview:-1"},"canonical":"https:\/\/radiolitoral.com\/ca\/2024\/04\/accident-en-pego-ciclista-ferida-despres-de-col\u00b7lisio-amb-un-cotxe\/","og_locale":"ca_ES","og_type":"article","og_title":"Accidente en Pego: Ciclista herida tras colisi\u00f3n con un coche | R\u00e0dio Litoral","og_description":"La mujer ha sido trasladada al Hospital de D\u00e9nia en una ambulancia de Soporte Vital Avanzado La mujer ha sido trasladada al Hospital de D\u00e9nia en una ambulancia de Soporte Vital Avanzado","og_url":"https:\/\/radiolitoral.com\/ca\/2024\/04\/accident-en-pego-ciclista-ferida-despres-de-col\u00b7lisio-amb-un-cotxe\/","og_site_name":"R\u00e0dio Litoral","article_publisher":"https:\/\/www.facebook.com\/Laradiolitoral\/","article_published_time":"2024-04-07T16:50:42+00:00","og_image":[{"width":1024,"height":768,"url":"https:\/\/media.radiolitoral.com\/wp-content\/uploads\/2023\/11\/10135730\/Hospital-Comarcal-Marina-Salud-en-Denia.jpg","type":"image\/jpeg"}],"author":"Redacci\u00f3n","twitter_card":"summary_large_image","twitter_misc":{"Escrit per":"Redacci\u00f3n","Temps estimat de lectura":"1 minut"},"schema":{"@context":"https:\/\/schema.org","@graph":[{"@type":"NewsArticle","@id":"https:\/\/radiolitoral.com\/2024\/04\/accidente-en-pego-ciclista-herida-tras-colision-con-un-coche\/#article","isPartOf":{"@id":"https:\/\/radiolitoral.com\/2024\/04\/accidente-en-pego-ciclista-herida-tras-colision-con-un-coche\/"},"author":{"name":"Redacci\u00f3n","@id":"https:\/\/radiolitoral.com\/#\/schema\/person\/f2b2343c49b5d721857cc1002bfdb151"},"headline":"Accidente en Pego: Ciclista herida tras colisi\u00f3n con un coche","datePublished":"2024-04-07T16:50:42+00:00","mainEntityOfPage":{"@id":"https:\/\/radiolitoral.com\/2024\/04\/accidente-en-pego-ciclista-herida-tras-colision-con-un-coche\/"},"wordCount":128,"commentCount":0,"publisher":{"@id":"https:\/\/radiolitoral.com\/#organization"},"image":{"@id":"https:\/\/radiolitoral.com\/2024\/04\/accidente-en-pego-ciclista-herida-tras-colision-con-un-coche\/#primaryimage"},"thumbnailUrl":"https:\/\/media.radiolitoral.com\/wp-content\/uploads\/2023\/11\/10135730\/Hospital-Comarcal-Marina-Salud-en-Denia.jpg","keywords":["accidente","Pego","sucesos"],"articleSection":["Sucesos"],"inLanguage":"ca","potentialAction":[{"@type":"CommentAction","name":"Comment","target":["https:\/\/radiolitoral.com\/2024\/04\/accidente-en-pego-ciclista-herida-tras-colision-con-un-coche\/#respond"]}]},{"@type":["WebPage","ItemPage"],"@id":"https:\/\/radiolitoral.com\/2024\/04\/accidente-en-pego-ciclista-herida-tras-colision-con-un-coche\/","url":"https:\/\/radiolitoral.com\/2024\/04\/accidente-en-pego-ciclista-herida-tras-colision-con-un-coche\/","name":"Accident a Pego: Ciclista ferida despr\u00e9s de col\u00b7lisi\u00f3 amb un cotxe | R\u00e0dio Litoral","isPartOf":{"@id":"https:\/\/radiolitoral.com\/#website"},"primaryImageOfPage":{"@id":"https:\/\/radiolitoral.com\/2024\/04\/accidente-en-pego-ciclista-herida-tras-colision-con-un-coche\/#primaryimage"},"image":{"@id":"https:\/\/radiolitoral.com\/2024\/04\/accidente-en-pego-ciclista-herida-tras-colision-con-un-coche\/#primaryimage"},"thumbnailUrl":"https:\/\/media.radiolitoral.com\/wp-content\/uploads\/2023\/11\/10135730\/Hospital-Comarcal-Marina-Salud-en-Denia.jpg","datePublished":"2024-04-07T16:50:42+00:00","description":"La dona ha estat traslladada a l&#039;Hospital de D\u00e9nia en una ambul\u00e0ncia de Suport Vital Avan\u00e7at La dona ha estat traslladada a l&#039;Hospital de D\u00e9nia en una ambul\u00e0ncia de Suport Vital Avan\u00e7at","breadcrumb":{"@id":"https:\/\/radiolitoral.com\/2024\/04\/accidente-en-pego-ciclista-herida-tras-colision-con-un-coche\/#breadcrumb"},"inLanguage":"ca","potentialAction":[{"@type":"ReadAction","target":["https:\/\/radiolitoral.com\/2024\/04\/accidente-en-pego-ciclista-herida-tras-colision-con-un-coche\/"]}]},{"@type":"ImageObject","inLanguage":"ca","@id":"https:\/\/radiolitoral.com\/2024\/04\/accidente-en-pego-ciclista-herida-tras-colision-con-un-coche\/#primaryimage","url":"https:\/\/media.radiolitoral.com\/wp-content\/uploads\/2023\/11\/10135730\/Hospital-Comarcal-Marina-Salud-en-Denia.jpg","contentUrl":"https:\/\/media.radiolitoral.com\/wp-content\/uploads\/2023\/11\/10135730\/Hospital-Comarcal-Marina-Salud-en-Denia.jpg","width":1024,"height":768},{"@type":"BreadcrumbList","@id":"https:\/\/radiolitoral.com\/2024\/04\/accidente-en-pego-ciclista-herida-tras-colision-con-un-coche\/#breadcrumb","itemListElement":[{"@type":"ListItem","position":1,"name":"Portada","item":"https:\/\/radiolitoral.com\/"},{"@type":"ListItem","position":2,"name":"Accidente en Pego: Ciclista herida tras colisi\u00f3n con un coche"}]},{"@type":"WebSite","@id":"https:\/\/radiolitoral.com\/#website","url":"https:\/\/radiolitoral.com\/","name":"R\u00e0dio Litoral","description":"La r\u00e0dio local de la Marina Alta","publisher":{"@id":"https:\/\/radiolitoral.com\/#organization"},"alternateName":"Litoral FM","potentialAction":[{"@type":"SearchAction","target":{"@type":"EntryPoint","urlTemplate":"https:\/\/radiolitoral.com\/?s={search_term_string}"},"query-input":{"@type":"PropertyValueSpecification","valueRequired":true,"valueName":"search_term_string"}}],"inLanguage":"ca"},{"@type":"Organization","@id":"https:\/\/radiolitoral.com\/#organization","name":"R\u00e0dio Litoral","url":"https:\/\/radiolitoral.com\/","logo":{"@type":"ImageObject","inLanguage":"ca","@id":"https:\/\/radiolitoral.com\/#\/schema\/logo\/image\/","url":"https:\/\/media.radiolitoral.com\/wp-content\/uploads\/2023\/02\/24143238\/CL-V-RadioLitoral696.png","contentUrl":"https:\/\/media.radiolitoral.com\/wp-content\/uploads\/2023\/02\/24143238\/CL-V-RadioLitoral696.png","width":696,"height":696,"caption":"Radio Litoral"},"image":{"@id":"https:\/\/radiolitoral.com\/#\/schema\/logo\/image\/"},"sameAs":["https:\/\/www.facebook.com\/Laradiolitoral\/"]},{"@type":"Person","@id":"https:\/\/radiolitoral.com\/#\/schema\/person\/f2b2343c49b5d721857cc1002bfdb151","name":"Redacci\u00f3","image":{"@type":"ImageObject","inLanguage":"ca","@id":"https:\/\/secure.gravatar.com\/avatar\/f771d896c203ad8b3382d7905cfcce5a5c9b008b84b3cd9114e9b9f4cb63f789?s=96&d=mm&r=g","url":"https:\/\/secure.gravatar.com\/avatar\/f771d896c203ad8b3382d7905cfcce5a5c9b008b84b3cd9114e9b9f4cb63f789?s=96&d=mm&r=g","contentUrl":"https:\/\/secure.gravatar.com\/avatar\/f771d896c203ad8b3382d7905cfcce5a5c9b008b84b3cd9114e9b9f4cb63f789?s=96&d=mm&r=g","caption":"Redacci\u00f3n"},"url":"https:\/\/radiolitoral.com\/ca\/author\/miriam-pagan\/"}]}},"_links":{"self":[{"href":"https:\/\/radiolitoral.com\/ca\/wp-json\/wp\/v2\/posts\/8091","targetHints":{"allow":["GET"]}}],"collection":[{"href":"https:\/\/radiolitoral.com\/ca\/wp-json\/wp\/v2\/posts"}],"about":[{"href":"https:\/\/radiolitoral.com\/ca\/wp-json\/wp\/v2\/types\/post"}],"author":[{"embeddable":true,"href":"https:\/\/radiolitoral.com\/ca\/wp-json\/wp\/v2\/users\/13"}],"replies":[{"embeddable":true,"href":"https:\/\/radiolitoral.com\/ca\/wp-json\/wp\/v2\/comments?post=8091"}],"version-history":[{"count":1,"href":"https:\/\/radiolitoral.com\/ca\/wp-json\/wp\/v2\/posts\/8091\/revisions"}],"predecessor-version":[{"id":8092,"href":"https:\/\/radiolitoral.com\/ca\/wp-json\/wp\/v2\/posts\/8091\/revisions\/8092"}],"wp:featuredmedia":[{"embeddable":true,"href":"https:\/\/radiolitoral.com\/ca\/wp-json\/wp\/v2\/media\/5519"}],"wp:attachment":[{"href":"https:\/\/radiolitoral.com\/ca\/wp-json\/wp\/v2\/media?parent=8091"}],"wp:term":[{"taxonomy":"category","embeddable":true,"href":"https:\/\/radiolitoral.com\/ca\/wp-json\/wp\/v2\/categories?post=8091"},{"taxonomy":"post_tag","embeddable":true,"href":"https:\/\/radiolitoral.com\/ca\/wp-json\/wp\/v2\/tags?post=8091"}],"curies":[{"name":"wp","href":"https:\/\/api.w.org\/{rel}","templated":true}]}}