{"id":7983,"date":"2024-04-02T12:44:02","date_gmt":"2024-04-02T10:44:02","guid":{"rendered":"https:\/\/radiolitoral.com\/?p=7983"},"modified":"2024-04-02T12:44:02","modified_gmt":"2024-04-02T10:44:02","slug":"ondara-viu-amb-intensitat-la-seva-setmana-santa","status":"publish","type":"post","link":"https:\/\/radiolitoral.com\/ca\/2024\/04\/ondara-vive-con-intensidad-su-semana-santa\/","title":{"rendered":"Ondara viu amb intensitat la Setmana Santa"},"content":{"rendered":"<p><strong>Ondara<\/strong> ha viscut una <strong>Setmana Santa 2024 multitudin\u00e0ria<\/strong>, destacant-se per actes diaris que han capturat l&#039;ess\u00e8ncia d&#039;aquesta celebraci\u00f3, amb l&#039;excepci\u00f3 de la <strong>process\u00f3 del Dilluns Sant<\/strong>, suspesa a causa de la pluja.<\/p>\n<p>Aquest any, la <strong>Setmana Santa ondarenca<\/strong> s&#039;ha distingit pels seus <strong>actes tradicionals<\/strong> com el <strong>Trobada del Diumenge de Pasqua<\/strong>, el <strong>Cant dels Dolors<\/strong>, la representaci\u00f3 de la <strong>Passi\u00f3<\/strong> amb aproximadament un miler despectadors, i <strong>processons multitudin\u00e0ries<\/strong> com la del <strong>Divendres Sant<\/strong>. Les set <strong>Confraries d&#039;Ondara<\/strong> han tingut una participaci\u00f3 destacada, incloent la <strong>Confraria de la Soledat<\/strong>, <strong>Confraria de la Dolorosa<\/strong>, i m\u00e9s, enriquint la celebraci\u00f3 amb la seva devoci\u00f3 i tradici\u00f3.<\/p>\n<p>Els <strong>actes de Setmana Santa<\/strong> van comen\u00e7ar amb el <strong>Cant dels Dolors<\/strong> a l&#039;esgl\u00e9sia de Santa Anna, des del 16 fins al 22 de mar\u00e7, culminant amb l&#039;emotiu <strong>Himne a la Verge de la Soledat<\/strong>, obra del compositor <strong>Gonzalo Ortol\u00e0 Mar\u00ed<\/strong>. Aquesta composici\u00f3, creada el 1924, just despr\u00e9s que la <strong>Verge de la Soledat<\/strong> fos declarada patrona d&#039;Ondara pel <strong>Papa Pius XI<\/strong>, ha esdevingut un s\u00edmbol d&#039;expressi\u00f3 religiosa i cultural. El 2023, es va iniciar un proc\u00e9s per declarar els <strong>Dolors com B\u00e9 Immaterial<\/strong>, destacant la seva import\u00e0ncia cultural i espiritual.<\/p>\n<p>El <strong>dissabte 23 de mar\u00e7<\/strong>, la <strong>Passi\u00f3 d&#039;Ondara<\/strong> es va representar amb gran detall i participaci\u00f3 p\u00fablica, marcant el <strong>30\u00e8 aniversari<\/strong> de la seva primera posada en escena. Aquest acte va comptar amb la col\u00b7laboraci\u00f3 de diverses associacions i la <strong>regidoria de Festes i Tradicions<\/strong>demostrant la forta implicaci\u00f3 comunit\u00e0ria en la conservaci\u00f3 d&#039;aquestes tradicions.<\/p>\n<p>El <strong>Diumenge de Rams<\/strong>, celebrat el <strong>24 de mar\u00e7<\/strong>, va veure a fidels i confraries reunir-se per a la <strong>Process\u00f3 de les Palmes<\/strong>, una celebraci\u00f3 de l&#039;entrada triomfal de Jesucrist a Jerusalem, que va culminar amb una missa al Prado d&#039;Ondara.<\/p>\n<p>Finalment, el <strong>Diumenge de Pasqua<\/strong>, <strong>31 de mar\u00e7<\/strong>, es va celebrar el <strong>Trobada<\/strong> a la Pla\u00e7a Major, un acte distintiu que va concloure amb el llan\u00e7ament de coets, marcant el final d&#039;una <strong>Setmana Santa a Ondara<\/strong> plena de devoci\u00f3, tradici\u00f3 i comunitat. Aquest any, malgrat els desafiaments meteorol\u00f2gics, la Setmana Santa d&#039;Ondara ha demostrat ser un punt de trobada per a la fe i la cultura local, reafirmant el seu lloc com un esdeveniment de gran import\u00e0ncia a la <strong>Marina Alta<\/strong>.<\/p>","protected":false},"excerpt":{"rendered":"<p>Ondara ha vivido una Semana Santa 2024 multitudinaria, destac\u00e1ndose por actos diarios que han capturado la esencia de esta celebraci\u00f3n, con la excepci\u00f3n de la procesi\u00f3n del Lunes Santo, suspendida debido a la lluvia. Este a\u00f1o, la Semana Santa ondarense se ha distinguido por sus actos tradicionales como el Encuentro del Domingo de Pascua, el [&#8230;]<\/p>\n<p><a class=\"btn btn-secondary understrap-read-more-link\" href=\"https:\/\/radiolitoral.com\/ca\/2024\/04\/ondara-vive-con-intensidad-su-semana-santa\/\">Continua llegint&#8230;<span class=\"screen-reader-text\"> from Ondara vive con intensidad su Semana Santa<\/span><\/a><\/p>\n","protected":false},"author":13,"featured_media":7984,"comment_status":"open","ping_status":"closed","sticky":false,"template":"","format":"standard","meta":{"_acf_changed":false,"inline_featured_image":false,"footnotes":""},"categories":[46],"tags":[839,1159,231,1160],"class_list":["post-7983","post","type-post","status-publish","format-standard","has-post-thumbnail","hentry","category-sociedad","tag-ondara","tag-procesiones","tag-semana-santa","tag-sociedad","cobertura-ondara"],"acf":[],"yoast_head":"<!-- This site is optimized with the Yoast SEO plugin v27.5 - https:\/\/yoast.com\/product\/yoast-seo-wordpress\/ -->\n<title>Ondara vive con intensidad su Semana Santa | R\u00e0dio Litoral<\/title>\n<meta name=\"description\" content=\"Ha contado con actos todos los d\u00edas, menos la procesi\u00f3n del Lunes Santo que se suspendi\u00f3 por lluvia Ha contado con actos todos los d\u00edas, menos la procesi\u00f3n del Lunes Santo que se suspendi\u00f3 por lluvia\" \/>\n<meta name=\"robots\" content=\"index, follow, max-snippet:-1, max-image-preview:large, max-video-preview:-1\" \/>\n<link rel=\"canonical\" href=\"https:\/\/radiolitoral.com\/ca\/2024\/04\/ondara-viu-amb-intensitat-la-seva-setmana-santa\/\" \/>\n<meta property=\"og:locale\" content=\"ca_ES\" \/>\n<meta property=\"og:type\" content=\"article\" \/>\n<meta property=\"og:title\" content=\"Ondara vive con intensidad su Semana Santa | R\u00e0dio Litoral\" \/>\n<meta property=\"og:description\" content=\"Ha contado con actos todos los d\u00edas, menos la procesi\u00f3n del Lunes Santo que se suspendi\u00f3 por lluvia Ha contado con actos todos los d\u00edas, menos la procesi\u00f3n del Lunes Santo que se suspendi\u00f3 por lluvia\" \/>\n<meta property=\"og:url\" content=\"https:\/\/radiolitoral.com\/ca\/2024\/04\/ondara-viu-amb-intensitat-la-seva-setmana-santa\/\" \/>\n<meta property=\"og:site_name\" content=\"R\u00e0dio Litoral\" \/>\n<meta property=\"article:publisher\" content=\"https:\/\/www.facebook.com\/Laradiolitoral\/\" \/>\n<meta property=\"article:published_time\" content=\"2024-04-02T10:44:02+00:00\" \/>\n<meta property=\"og:image\" content=\"https:\/\/media.radiolitoral.com\/wp-content\/uploads\/2024\/04\/02124223\/Ondara-setmana-santa-3.webp\" \/>\n\t<meta property=\"og:image:width\" content=\"1440\" \/>\n\t<meta property=\"og:image:height\" content=\"1440\" \/>\n\t<meta property=\"og:image:type\" content=\"image\/webp\" \/>\n<meta name=\"author\" content=\"Redacci\u00f3n\" \/>\n<meta name=\"twitter:card\" content=\"summary_large_image\" \/>\n<meta name=\"twitter:label1\" content=\"Escrit per\" \/>\n\t<meta name=\"twitter:data1\" content=\"Redacci\u00f3n\" \/>\n\t<meta name=\"twitter:label2\" content=\"Temps estimat de lectura\" \/>\n\t<meta name=\"twitter:data2\" content=\"3 minuts\" \/>\n<script type=\"application\/ld+json\" class=\"yoast-schema-graph\">{\"@context\":\"https:\\\/\\\/schema.org\",\"@graph\":[{\"@type\":\"NewsArticle\",\"@id\":\"https:\\\/\\\/radiolitoral.com\\\/2024\\\/04\\\/ondara-vive-con-intensidad-su-semana-santa\\\/#article\",\"isPartOf\":{\"@id\":\"https:\\\/\\\/radiolitoral.com\\\/2024\\\/04\\\/ondara-vive-con-intensidad-su-semana-santa\\\/\"},\"author\":{\"name\":\"Redacci\u00f3n\",\"@id\":\"https:\\\/\\\/radiolitoral.com\\\/#\\\/schema\\\/person\\\/f2b2343c49b5d721857cc1002bfdb151\"},\"headline\":\"Ondara vive con intensidad su Semana Santa\",\"datePublished\":\"2024-04-02T10:44:02+00:00\",\"mainEntityOfPage\":{\"@id\":\"https:\\\/\\\/radiolitoral.com\\\/2024\\\/04\\\/ondara-vive-con-intensidad-su-semana-santa\\\/\"},\"wordCount\":412,\"commentCount\":0,\"publisher\":{\"@id\":\"https:\\\/\\\/radiolitoral.com\\\/#organization\"},\"image\":{\"@id\":\"https:\\\/\\\/radiolitoral.com\\\/2024\\\/04\\\/ondara-vive-con-intensidad-su-semana-santa\\\/#primaryimage\"},\"thumbnailUrl\":\"https:\\\/\\\/media.radiolitoral.com\\\/wp-content\\\/uploads\\\/2024\\\/04\\\/02124223\\\/Ondara-setmana-santa-3.webp\",\"keywords\":[\"Ondara\",\"procesiones\",\"Semana Santa\",\"sociedad\"],\"articleSection\":[\"Sociedad\"],\"inLanguage\":\"ca\",\"potentialAction\":[{\"@type\":\"CommentAction\",\"name\":\"Comment\",\"target\":[\"https:\\\/\\\/radiolitoral.com\\\/2024\\\/04\\\/ondara-vive-con-intensidad-su-semana-santa\\\/#respond\"]}]},{\"@type\":[\"WebPage\",\"ItemPage\"],\"@id\":\"https:\\\/\\\/radiolitoral.com\\\/2024\\\/04\\\/ondara-vive-con-intensidad-su-semana-santa\\\/\",\"url\":\"https:\\\/\\\/radiolitoral.com\\\/2024\\\/04\\\/ondara-vive-con-intensidad-su-semana-santa\\\/\",\"name\":\"Ondara vive con intensidad su Semana Santa | R\u00e0dio Litoral\",\"isPartOf\":{\"@id\":\"https:\\\/\\\/radiolitoral.com\\\/#website\"},\"primaryImageOfPage\":{\"@id\":\"https:\\\/\\\/radiolitoral.com\\\/2024\\\/04\\\/ondara-vive-con-intensidad-su-semana-santa\\\/#primaryimage\"},\"image\":{\"@id\":\"https:\\\/\\\/radiolitoral.com\\\/2024\\\/04\\\/ondara-vive-con-intensidad-su-semana-santa\\\/#primaryimage\"},\"thumbnailUrl\":\"https:\\\/\\\/media.radiolitoral.com\\\/wp-content\\\/uploads\\\/2024\\\/04\\\/02124223\\\/Ondara-setmana-santa-3.webp\",\"datePublished\":\"2024-04-02T10:44:02+00:00\",\"description\":\"Ha contado con actos todos los d\u00edas, menos la procesi\u00f3n del Lunes Santo que se suspendi\u00f3 por lluvia Ha contado con actos todos los d\u00edas, menos la procesi\u00f3n del Lunes Santo que se suspendi\u00f3 por lluvia\",\"breadcrumb\":{\"@id\":\"https:\\\/\\\/radiolitoral.com\\\/2024\\\/04\\\/ondara-vive-con-intensidad-su-semana-santa\\\/#breadcrumb\"},\"inLanguage\":\"ca\",\"potentialAction\":[{\"@type\":\"ReadAction\",\"target\":[\"https:\\\/\\\/radiolitoral.com\\\/2024\\\/04\\\/ondara-vive-con-intensidad-su-semana-santa\\\/\"]}]},{\"@type\":\"ImageObject\",\"inLanguage\":\"ca\",\"@id\":\"https:\\\/\\\/radiolitoral.com\\\/2024\\\/04\\\/ondara-vive-con-intensidad-su-semana-santa\\\/#primaryimage\",\"url\":\"https:\\\/\\\/media.radiolitoral.com\\\/wp-content\\\/uploads\\\/2024\\\/04\\\/02124223\\\/Ondara-setmana-santa-3.webp\",\"contentUrl\":\"https:\\\/\\\/media.radiolitoral.com\\\/wp-content\\\/uploads\\\/2024\\\/04\\\/02124223\\\/Ondara-setmana-santa-3.webp\",\"width\":1440,\"height\":1440},{\"@type\":\"BreadcrumbList\",\"@id\":\"https:\\\/\\\/radiolitoral.com\\\/2024\\\/04\\\/ondara-vive-con-intensidad-su-semana-santa\\\/#breadcrumb\",\"itemListElement\":[{\"@type\":\"ListItem\",\"position\":1,\"name\":\"Portada\",\"item\":\"https:\\\/\\\/radiolitoral.com\\\/\"},{\"@type\":\"ListItem\",\"position\":2,\"name\":\"Ondara vive con intensidad su Semana Santa\"}]},{\"@type\":\"WebSite\",\"@id\":\"https:\\\/\\\/radiolitoral.com\\\/#website\",\"url\":\"https:\\\/\\\/radiolitoral.com\\\/\",\"name\":\"Radio Litoral\",\"description\":\"La radio local de la Marina Alta\",\"publisher\":{\"@id\":\"https:\\\/\\\/radiolitoral.com\\\/#organization\"},\"alternateName\":\"Litoral FM\",\"potentialAction\":[{\"@type\":\"SearchAction\",\"target\":{\"@type\":\"EntryPoint\",\"urlTemplate\":\"https:\\\/\\\/radiolitoral.com\\\/?s={search_term_string}\"},\"query-input\":{\"@type\":\"PropertyValueSpecification\",\"valueRequired\":true,\"valueName\":\"search_term_string\"}}],\"inLanguage\":\"ca\"},{\"@type\":\"Organization\",\"@id\":\"https:\\\/\\\/radiolitoral.com\\\/#organization\",\"name\":\"Radio Litoral\",\"url\":\"https:\\\/\\\/radiolitoral.com\\\/\",\"logo\":{\"@type\":\"ImageObject\",\"inLanguage\":\"ca\",\"@id\":\"https:\\\/\\\/radiolitoral.com\\\/#\\\/schema\\\/logo\\\/image\\\/\",\"url\":\"https:\\\/\\\/media.radiolitoral.com\\\/wp-content\\\/uploads\\\/2023\\\/02\\\/24143238\\\/CL-V-RadioLitoral696.png\",\"contentUrl\":\"https:\\\/\\\/media.radiolitoral.com\\\/wp-content\\\/uploads\\\/2023\\\/02\\\/24143238\\\/CL-V-RadioLitoral696.png\",\"width\":696,\"height\":696,\"caption\":\"Radio Litoral\"},\"image\":{\"@id\":\"https:\\\/\\\/radiolitoral.com\\\/#\\\/schema\\\/logo\\\/image\\\/\"},\"sameAs\":[\"https:\\\/\\\/www.facebook.com\\\/Laradiolitoral\\\/\"]},{\"@type\":\"Person\",\"@id\":\"https:\\\/\\\/radiolitoral.com\\\/#\\\/schema\\\/person\\\/f2b2343c49b5d721857cc1002bfdb151\",\"name\":\"Redacci\u00f3n\",\"image\":{\"@type\":\"ImageObject\",\"inLanguage\":\"ca\",\"@id\":\"https:\\\/\\\/secure.gravatar.com\\\/avatar\\\/f771d896c203ad8b3382d7905cfcce5a5c9b008b84b3cd9114e9b9f4cb63f789?s=96&d=mm&r=g\",\"url\":\"https:\\\/\\\/secure.gravatar.com\\\/avatar\\\/f771d896c203ad8b3382d7905cfcce5a5c9b008b84b3cd9114e9b9f4cb63f789?s=96&d=mm&r=g\",\"contentUrl\":\"https:\\\/\\\/secure.gravatar.com\\\/avatar\\\/f771d896c203ad8b3382d7905cfcce5a5c9b008b84b3cd9114e9b9f4cb63f789?s=96&d=mm&r=g\",\"caption\":\"Redacci\u00f3n\"},\"url\":\"https:\\\/\\\/radiolitoral.com\\\/ca\\\/author\\\/miriam-pagan\\\/\"}]}<\/script>\n<!-- \/ Yoast SEO plugin. -->","yoast_head_json":{"title":"Ondara viu amb intensitat la Setmana Santa | R\u00e0dio Litoral","description":"Ha comptat amb actes cada dia, menys la process\u00f3 del Dilluns Sant que es va suspendre per pluja Ha comptat amb actes cada dia, menys la process\u00f3 del Dilluns Sant que es va suspendre per pluja","robots":{"index":"index","follow":"follow","max-snippet":"max-snippet:-1","max-image-preview":"max-image-preview:large","max-video-preview":"max-video-preview:-1"},"canonical":"https:\/\/radiolitoral.com\/ca\/2024\/04\/ondara-viu-amb-intensitat-la-seva-setmana-santa\/","og_locale":"ca_ES","og_type":"article","og_title":"Ondara vive con intensidad su Semana Santa | R\u00e0dio Litoral","og_description":"Ha contado con actos todos los d\u00edas, menos la procesi\u00f3n del Lunes Santo que se suspendi\u00f3 por lluvia Ha contado con actos todos los d\u00edas, menos la procesi\u00f3n del Lunes Santo que se suspendi\u00f3 por lluvia","og_url":"https:\/\/radiolitoral.com\/ca\/2024\/04\/ondara-viu-amb-intensitat-la-seva-setmana-santa\/","og_site_name":"R\u00e0dio Litoral","article_publisher":"https:\/\/www.facebook.com\/Laradiolitoral\/","article_published_time":"2024-04-02T10:44:02+00:00","og_image":[{"width":1440,"height":1440,"url":"https:\/\/media.radiolitoral.com\/wp-content\/uploads\/2024\/04\/02124223\/Ondara-setmana-santa-3.webp","type":"image\/webp"}],"author":"Redacci\u00f3n","twitter_card":"summary_large_image","twitter_misc":{"Escrit per":"Redacci\u00f3n","Temps estimat de lectura":"3 minuts"},"schema":{"@context":"https:\/\/schema.org","@graph":[{"@type":"NewsArticle","@id":"https:\/\/radiolitoral.com\/2024\/04\/ondara-vive-con-intensidad-su-semana-santa\/#article","isPartOf":{"@id":"https:\/\/radiolitoral.com\/2024\/04\/ondara-vive-con-intensidad-su-semana-santa\/"},"author":{"name":"Redacci\u00f3n","@id":"https:\/\/radiolitoral.com\/#\/schema\/person\/f2b2343c49b5d721857cc1002bfdb151"},"headline":"Ondara vive con intensidad su Semana Santa","datePublished":"2024-04-02T10:44:02+00:00","mainEntityOfPage":{"@id":"https:\/\/radiolitoral.com\/2024\/04\/ondara-vive-con-intensidad-su-semana-santa\/"},"wordCount":412,"commentCount":0,"publisher":{"@id":"https:\/\/radiolitoral.com\/#organization"},"image":{"@id":"https:\/\/radiolitoral.com\/2024\/04\/ondara-vive-con-intensidad-su-semana-santa\/#primaryimage"},"thumbnailUrl":"https:\/\/media.radiolitoral.com\/wp-content\/uploads\/2024\/04\/02124223\/Ondara-setmana-santa-3.webp","keywords":["Ondara","procesiones","Semana Santa","sociedad"],"articleSection":["Sociedad"],"inLanguage":"ca","potentialAction":[{"@type":"CommentAction","name":"Comment","target":["https:\/\/radiolitoral.com\/2024\/04\/ondara-vive-con-intensidad-su-semana-santa\/#respond"]}]},{"@type":["WebPage","ItemPage"],"@id":"https:\/\/radiolitoral.com\/2024\/04\/ondara-vive-con-intensidad-su-semana-santa\/","url":"https:\/\/radiolitoral.com\/2024\/04\/ondara-vive-con-intensidad-su-semana-santa\/","name":"Ondara viu amb intensitat la Setmana Santa | R\u00e0dio Litoral","isPartOf":{"@id":"https:\/\/radiolitoral.com\/#website"},"primaryImageOfPage":{"@id":"https:\/\/radiolitoral.com\/2024\/04\/ondara-vive-con-intensidad-su-semana-santa\/#primaryimage"},"image":{"@id":"https:\/\/radiolitoral.com\/2024\/04\/ondara-vive-con-intensidad-su-semana-santa\/#primaryimage"},"thumbnailUrl":"https:\/\/media.radiolitoral.com\/wp-content\/uploads\/2024\/04\/02124223\/Ondara-setmana-santa-3.webp","datePublished":"2024-04-02T10:44:02+00:00","description":"Ha comptat amb actes cada dia, menys la process\u00f3 del Dilluns Sant que es va suspendre per pluja Ha comptat amb actes cada dia, menys la process\u00f3 del Dilluns Sant que es va suspendre per pluja","breadcrumb":{"@id":"https:\/\/radiolitoral.com\/2024\/04\/ondara-vive-con-intensidad-su-semana-santa\/#breadcrumb"},"inLanguage":"ca","potentialAction":[{"@type":"ReadAction","target":["https:\/\/radiolitoral.com\/2024\/04\/ondara-vive-con-intensidad-su-semana-santa\/"]}]},{"@type":"ImageObject","inLanguage":"ca","@id":"https:\/\/radiolitoral.com\/2024\/04\/ondara-vive-con-intensidad-su-semana-santa\/#primaryimage","url":"https:\/\/media.radiolitoral.com\/wp-content\/uploads\/2024\/04\/02124223\/Ondara-setmana-santa-3.webp","contentUrl":"https:\/\/media.radiolitoral.com\/wp-content\/uploads\/2024\/04\/02124223\/Ondara-setmana-santa-3.webp","width":1440,"height":1440},{"@type":"BreadcrumbList","@id":"https:\/\/radiolitoral.com\/2024\/04\/ondara-vive-con-intensidad-su-semana-santa\/#breadcrumb","itemListElement":[{"@type":"ListItem","position":1,"name":"Portada","item":"https:\/\/radiolitoral.com\/"},{"@type":"ListItem","position":2,"name":"Ondara vive con intensidad su Semana Santa"}]},{"@type":"WebSite","@id":"https:\/\/radiolitoral.com\/#website","url":"https:\/\/radiolitoral.com\/","name":"R\u00e0dio Litoral","description":"La r\u00e0dio local de la Marina Alta","publisher":{"@id":"https:\/\/radiolitoral.com\/#organization"},"alternateName":"Litoral FM","potentialAction":[{"@type":"SearchAction","target":{"@type":"EntryPoint","urlTemplate":"https:\/\/radiolitoral.com\/?s={search_term_string}"},"query-input":{"@type":"PropertyValueSpecification","valueRequired":true,"valueName":"search_term_string"}}],"inLanguage":"ca"},{"@type":"Organization","@id":"https:\/\/radiolitoral.com\/#organization","name":"R\u00e0dio Litoral","url":"https:\/\/radiolitoral.com\/","logo":{"@type":"ImageObject","inLanguage":"ca","@id":"https:\/\/radiolitoral.com\/#\/schema\/logo\/image\/","url":"https:\/\/media.radiolitoral.com\/wp-content\/uploads\/2023\/02\/24143238\/CL-V-RadioLitoral696.png","contentUrl":"https:\/\/media.radiolitoral.com\/wp-content\/uploads\/2023\/02\/24143238\/CL-V-RadioLitoral696.png","width":696,"height":696,"caption":"Radio Litoral"},"image":{"@id":"https:\/\/radiolitoral.com\/#\/schema\/logo\/image\/"},"sameAs":["https:\/\/www.facebook.com\/Laradiolitoral\/"]},{"@type":"Person","@id":"https:\/\/radiolitoral.com\/#\/schema\/person\/f2b2343c49b5d721857cc1002bfdb151","name":"Redacci\u00f3","image":{"@type":"ImageObject","inLanguage":"ca","@id":"https:\/\/secure.gravatar.com\/avatar\/f771d896c203ad8b3382d7905cfcce5a5c9b008b84b3cd9114e9b9f4cb63f789?s=96&d=mm&r=g","url":"https:\/\/secure.gravatar.com\/avatar\/f771d896c203ad8b3382d7905cfcce5a5c9b008b84b3cd9114e9b9f4cb63f789?s=96&d=mm&r=g","contentUrl":"https:\/\/secure.gravatar.com\/avatar\/f771d896c203ad8b3382d7905cfcce5a5c9b008b84b3cd9114e9b9f4cb63f789?s=96&d=mm&r=g","caption":"Redacci\u00f3n"},"url":"https:\/\/radiolitoral.com\/ca\/author\/miriam-pagan\/"}]}},"_links":{"self":[{"href":"https:\/\/radiolitoral.com\/ca\/wp-json\/wp\/v2\/posts\/7983","targetHints":{"allow":["GET"]}}],"collection":[{"href":"https:\/\/radiolitoral.com\/ca\/wp-json\/wp\/v2\/posts"}],"about":[{"href":"https:\/\/radiolitoral.com\/ca\/wp-json\/wp\/v2\/types\/post"}],"author":[{"embeddable":true,"href":"https:\/\/radiolitoral.com\/ca\/wp-json\/wp\/v2\/users\/13"}],"replies":[{"embeddable":true,"href":"https:\/\/radiolitoral.com\/ca\/wp-json\/wp\/v2\/comments?post=7983"}],"version-history":[{"count":1,"href":"https:\/\/radiolitoral.com\/ca\/wp-json\/wp\/v2\/posts\/7983\/revisions"}],"predecessor-version":[{"id":7985,"href":"https:\/\/radiolitoral.com\/ca\/wp-json\/wp\/v2\/posts\/7983\/revisions\/7985"}],"wp:featuredmedia":[{"embeddable":true,"href":"https:\/\/radiolitoral.com\/ca\/wp-json\/wp\/v2\/media\/7984"}],"wp:attachment":[{"href":"https:\/\/radiolitoral.com\/ca\/wp-json\/wp\/v2\/media?parent=7983"}],"wp:term":[{"taxonomy":"category","embeddable":true,"href":"https:\/\/radiolitoral.com\/ca\/wp-json\/wp\/v2\/categories?post=7983"},{"taxonomy":"post_tag","embeddable":true,"href":"https:\/\/radiolitoral.com\/ca\/wp-json\/wp\/v2\/tags?post=7983"}],"curies":[{"name":"wp","href":"https:\/\/api.w.org\/{rel}","templated":true}]}}