{"id":7929,"date":"2024-03-28T14:38:29","date_gmt":"2024-03-28T13:38:29","guid":{"rendered":"https:\/\/radiolitoral.com\/?p=7929"},"modified":"2024-03-28T14:38:29","modified_gmt":"2024-03-28T13:38:29","slug":"renuncia-de-nerea-mallol-a-la-seva-acta-dedil-a-ondara","status":"publish","type":"post","link":"https:\/\/radiolitoral.com\/ca\/2024\/03\/renuncia-de-nerea-mallol-a-su-acta-de-edil-en-ondara\/","title":{"rendered":"Ren\u00fancia de Nerea Mallol a la seva acta d&#039;edil a Ondara"},"content":{"rendered":"<p>A l&#039;\u00faltim <strong>ple ordinari de mar\u00e7<\/strong>, la c<strong>regidora per Comprom\u00eds a l&#039;Ajuntament d&#039;Ondara<\/strong>, <strong>Nerea Mallol<\/strong>, presentava la seva ren\u00fancia oficial a la seva <strong>acta d&#039;edil<\/strong>.<\/p>\n<p>Mallol, que ha estat al capdavant d&#039;importants \u00e0rees com <strong>Compres i Contractaci\u00f3<\/strong>, <strong>R\u00e8gim Jur\u00eddic i Interior<\/strong>, <strong>Personal<\/strong>, <strong>Igualtat i Dona<\/strong>, <strong>Atenci\u00f3 Social<\/strong> i <strong>Cultura<\/strong>, citava \u00abmotius personals\u00bb per a la seva sortida. Durant el seu per\u00edode de servei de 9 mesos despr\u00e9s de ser elegida a les <strong>eleccions del 27 de maig de 2023<\/strong>, la seva dedicaci\u00f3 al <strong>Equip de Govern (Comprom\u00eds-PSPV)<\/strong> ha estat notable.<\/p>\n<p>Tot i la seva abs\u00e8ncia al ple, a causa d&#039;una baixa m\u00e8dica, el c<strong>oncejal de Comprom\u00eds, Llu\u00eds Forn\u00e9s<\/strong>; el <strong>portaveu del PP, \u00c0lex Hern\u00e1ndez<\/strong>; i l&#039;a<strong>lcalde dOndara, Jos\u00e9 Ramiro<\/strong>, expressaven el seu agra\u00efment cap a Mallol pel seu esfor\u00e7 i comprom\u00eds amb el municipi. Espec\u00edficament, Forn\u00e9s destacava la complexitat de \u00abfer pol\u00edtica local\u00bb i la pressi\u00f3 social inherent, emfatitzant la import\u00e0ncia de la salut f\u00edsica i mental en aquestes responsabilitats.<\/p>\n<p>La ren\u00fancia de Mallol marca l&#039;inici del procediment legal per designar la successora, <strong>\u00c0ngels Grimalt Vives<\/strong>, qui ja t\u00e9 assignades \u00e0rees cr\u00edtiques de gesti\u00f3 com <strong>Igualtat i Dona, Atenci\u00f3 Social i Cultura<\/strong>.<\/p>","protected":false},"excerpt":{"rendered":"<p>En el \u00faltimo pleno ordinario de marzo, la concejala por Comprom\u00eds en el Ayuntamiento de Ondara, Nerea Mallol, presentaba su renuncia oficial a su acta de edil. Mallol, quien ha estado al frente de importantes \u00e1reas como Compras y Contrataci\u00f3n, R\u00e9gimen Jur\u00eddico e Interior, Personal, Igualdad y Mujer, Atenci\u00f3n Social y Cultura, citaba \u00abmotivos personales\u00bb [&#8230;]<\/p>\n<p><a class=\"btn btn-secondary understrap-read-more-link\" href=\"https:\/\/radiolitoral.com\/ca\/2024\/03\/renuncia-de-nerea-mallol-a-su-acta-de-edil-en-ondara\/\">Continua llegint&#8230;<span class=\"screen-reader-text\"> from Renuncia de Nerea Mallol a su acta de edil en Ondara<\/span><\/a><\/p>\n","protected":false},"author":13,"featured_media":7933,"comment_status":"open","ping_status":"closed","sticky":false,"template":"","format":"standard","meta":{"_acf_changed":false,"inline_featured_image":false,"footnotes":""},"categories":[13],"tags":[153,1141,839,708,976],"class_list":["post-7929","post","type-post","status-publish","format-standard","has-post-thumbnail","hentry","category-politica","tag-dimisiones","tag-nerea-mallol","tag-ondara","tag-politica","tag-politica-municipal","cobertura-ondara"],"acf":[],"yoast_head":"<!-- This site is optimized with the Yoast SEO plugin v27.5 - https:\/\/yoast.com\/product\/yoast-seo-wordpress\/ -->\n<title>Renuncia de Nerea Mallol a su acta de edil en Ondara | R\u00e0dio Litoral<\/title>\n<meta name=\"description\" content=\"De la misma se daba cuenta en el pleno de la corporaci\u00f3n municipal, al que no acudi\u00f3 Mallol al encontrarse de baja m\u00e9dica De la misma se daba cuenta en el pleno de la corporaci\u00f3n municipal, al que no acudi\u00f3 Mallol al encontrarse de baja m\u00e9dica\" \/>\n<meta name=\"robots\" content=\"index, follow, max-snippet:-1, max-image-preview:large, max-video-preview:-1\" \/>\n<link rel=\"canonical\" href=\"https:\/\/radiolitoral.com\/ca\/2024\/03\/renuncia-de-nerea-mallol-a-la-seva-acta-dedil-a-ondara\/\" \/>\n<meta property=\"og:locale\" content=\"ca_ES\" \/>\n<meta property=\"og:type\" content=\"article\" \/>\n<meta property=\"og:title\" content=\"Renuncia de Nerea Mallol a su acta de edil en Ondara | R\u00e0dio Litoral\" \/>\n<meta property=\"og:description\" content=\"De la misma se daba cuenta en el pleno de la corporaci\u00f3n municipal, al que no acudi\u00f3 Mallol al encontrarse de baja m\u00e9dica De la misma se daba cuenta en el pleno de la corporaci\u00f3n municipal, al que no acudi\u00f3 Mallol al encontrarse de baja m\u00e9dica\" \/>\n<meta property=\"og:url\" content=\"https:\/\/radiolitoral.com\/ca\/2024\/03\/renuncia-de-nerea-mallol-a-la-seva-acta-dedil-a-ondara\/\" \/>\n<meta property=\"og:site_name\" content=\"R\u00e0dio Litoral\" \/>\n<meta property=\"article:publisher\" content=\"https:\/\/www.facebook.com\/Laradiolitoral\/\" \/>\n<meta property=\"article:published_time\" content=\"2024-03-28T13:38:29+00:00\" \/>\n<meta property=\"og:image\" content=\"https:\/\/media.radiolitoral.com\/wp-content\/uploads\/2024\/03\/28143412\/ple-marc-1-1024x576.png\" \/>\n\t<meta property=\"og:image:width\" content=\"1024\" \/>\n\t<meta property=\"og:image:height\" content=\"576\" \/>\n\t<meta property=\"og:image:type\" content=\"image\/png\" \/>\n<meta name=\"author\" content=\"Redacci\u00f3n\" \/>\n<meta name=\"twitter:card\" content=\"summary_large_image\" \/>\n<meta name=\"twitter:label1\" content=\"Escrit per\" \/>\n\t<meta name=\"twitter:data1\" content=\"Redacci\u00f3n\" \/>\n\t<meta name=\"twitter:label2\" content=\"Temps estimat de lectura\" \/>\n\t<meta name=\"twitter:data2\" content=\"2 minuts\" \/>\n<script type=\"application\/ld+json\" class=\"yoast-schema-graph\">{\"@context\":\"https:\\\/\\\/schema.org\",\"@graph\":[{\"@type\":\"NewsArticle\",\"@id\":\"https:\\\/\\\/radiolitoral.com\\\/2024\\\/03\\\/renuncia-de-nerea-mallol-a-su-acta-de-edil-en-ondara\\\/#article\",\"isPartOf\":{\"@id\":\"https:\\\/\\\/radiolitoral.com\\\/2024\\\/03\\\/renuncia-de-nerea-mallol-a-su-acta-de-edil-en-ondara\\\/\"},\"author\":{\"name\":\"Redacci\u00f3n\",\"@id\":\"https:\\\/\\\/radiolitoral.com\\\/#\\\/schema\\\/person\\\/f2b2343c49b5d721857cc1002bfdb151\"},\"headline\":\"Renuncia de Nerea Mallol a su acta de edil en Ondara\",\"datePublished\":\"2024-03-28T13:38:29+00:00\",\"mainEntityOfPage\":{\"@id\":\"https:\\\/\\\/radiolitoral.com\\\/2024\\\/03\\\/renuncia-de-nerea-mallol-a-su-acta-de-edil-en-ondara\\\/\"},\"wordCount\":222,\"commentCount\":0,\"publisher\":{\"@id\":\"https:\\\/\\\/radiolitoral.com\\\/#organization\"},\"image\":{\"@id\":\"https:\\\/\\\/radiolitoral.com\\\/2024\\\/03\\\/renuncia-de-nerea-mallol-a-su-acta-de-edil-en-ondara\\\/#primaryimage\"},\"thumbnailUrl\":\"https:\\\/\\\/media.radiolitoral.com\\\/wp-content\\\/uploads\\\/2024\\\/03\\\/28143412\\\/ple-marc-1.png\",\"keywords\":[\"dimisiones\",\"Nerea Mallol\",\"Ondara\",\"pol\u00edtica\",\"pol\u00edtica municipal\"],\"articleSection\":[\"Pol\u00edtica\"],\"inLanguage\":\"ca\",\"potentialAction\":[{\"@type\":\"CommentAction\",\"name\":\"Comment\",\"target\":[\"https:\\\/\\\/radiolitoral.com\\\/2024\\\/03\\\/renuncia-de-nerea-mallol-a-su-acta-de-edil-en-ondara\\\/#respond\"]}]},{\"@type\":[\"WebPage\",\"ItemPage\"],\"@id\":\"https:\\\/\\\/radiolitoral.com\\\/2024\\\/03\\\/renuncia-de-nerea-mallol-a-su-acta-de-edil-en-ondara\\\/\",\"url\":\"https:\\\/\\\/radiolitoral.com\\\/2024\\\/03\\\/renuncia-de-nerea-mallol-a-su-acta-de-edil-en-ondara\\\/\",\"name\":\"Renuncia de Nerea Mallol a su acta de edil en Ondara | R\u00e0dio Litoral\",\"isPartOf\":{\"@id\":\"https:\\\/\\\/radiolitoral.com\\\/#website\"},\"primaryImageOfPage\":{\"@id\":\"https:\\\/\\\/radiolitoral.com\\\/2024\\\/03\\\/renuncia-de-nerea-mallol-a-su-acta-de-edil-en-ondara\\\/#primaryimage\"},\"image\":{\"@id\":\"https:\\\/\\\/radiolitoral.com\\\/2024\\\/03\\\/renuncia-de-nerea-mallol-a-su-acta-de-edil-en-ondara\\\/#primaryimage\"},\"thumbnailUrl\":\"https:\\\/\\\/media.radiolitoral.com\\\/wp-content\\\/uploads\\\/2024\\\/03\\\/28143412\\\/ple-marc-1.png\",\"datePublished\":\"2024-03-28T13:38:29+00:00\",\"description\":\"De la misma se daba cuenta en el pleno de la corporaci\u00f3n municipal, al que no acudi\u00f3 Mallol al encontrarse de baja m\u00e9dica De la misma se daba cuenta en el pleno de la corporaci\u00f3n municipal, al que no acudi\u00f3 Mallol al encontrarse de baja m\u00e9dica\",\"breadcrumb\":{\"@id\":\"https:\\\/\\\/radiolitoral.com\\\/2024\\\/03\\\/renuncia-de-nerea-mallol-a-su-acta-de-edil-en-ondara\\\/#breadcrumb\"},\"inLanguage\":\"ca\",\"potentialAction\":[{\"@type\":\"ReadAction\",\"target\":[\"https:\\\/\\\/radiolitoral.com\\\/2024\\\/03\\\/renuncia-de-nerea-mallol-a-su-acta-de-edil-en-ondara\\\/\"]}]},{\"@type\":\"ImageObject\",\"inLanguage\":\"ca\",\"@id\":\"https:\\\/\\\/radiolitoral.com\\\/2024\\\/03\\\/renuncia-de-nerea-mallol-a-su-acta-de-edil-en-ondara\\\/#primaryimage\",\"url\":\"https:\\\/\\\/media.radiolitoral.com\\\/wp-content\\\/uploads\\\/2024\\\/03\\\/28143412\\\/ple-marc-1.png\",\"contentUrl\":\"https:\\\/\\\/media.radiolitoral.com\\\/wp-content\\\/uploads\\\/2024\\\/03\\\/28143412\\\/ple-marc-1.png\",\"width\":1920,\"height\":1080},{\"@type\":\"BreadcrumbList\",\"@id\":\"https:\\\/\\\/radiolitoral.com\\\/2024\\\/03\\\/renuncia-de-nerea-mallol-a-su-acta-de-edil-en-ondara\\\/#breadcrumb\",\"itemListElement\":[{\"@type\":\"ListItem\",\"position\":1,\"name\":\"Portada\",\"item\":\"https:\\\/\\\/radiolitoral.com\\\/\"},{\"@type\":\"ListItem\",\"position\":2,\"name\":\"Renuncia de Nerea Mallol a su acta de edil en Ondara\"}]},{\"@type\":\"WebSite\",\"@id\":\"https:\\\/\\\/radiolitoral.com\\\/#website\",\"url\":\"https:\\\/\\\/radiolitoral.com\\\/\",\"name\":\"Radio Litoral\",\"description\":\"La radio local de la Marina Alta\",\"publisher\":{\"@id\":\"https:\\\/\\\/radiolitoral.com\\\/#organization\"},\"alternateName\":\"Litoral FM\",\"potentialAction\":[{\"@type\":\"SearchAction\",\"target\":{\"@type\":\"EntryPoint\",\"urlTemplate\":\"https:\\\/\\\/radiolitoral.com\\\/?s={search_term_string}\"},\"query-input\":{\"@type\":\"PropertyValueSpecification\",\"valueRequired\":true,\"valueName\":\"search_term_string\"}}],\"inLanguage\":\"ca\"},{\"@type\":\"Organization\",\"@id\":\"https:\\\/\\\/radiolitoral.com\\\/#organization\",\"name\":\"Radio Litoral\",\"url\":\"https:\\\/\\\/radiolitoral.com\\\/\",\"logo\":{\"@type\":\"ImageObject\",\"inLanguage\":\"ca\",\"@id\":\"https:\\\/\\\/radiolitoral.com\\\/#\\\/schema\\\/logo\\\/image\\\/\",\"url\":\"https:\\\/\\\/media.radiolitoral.com\\\/wp-content\\\/uploads\\\/2023\\\/02\\\/24143238\\\/CL-V-RadioLitoral696.png\",\"contentUrl\":\"https:\\\/\\\/media.radiolitoral.com\\\/wp-content\\\/uploads\\\/2023\\\/02\\\/24143238\\\/CL-V-RadioLitoral696.png\",\"width\":696,\"height\":696,\"caption\":\"Radio Litoral\"},\"image\":{\"@id\":\"https:\\\/\\\/radiolitoral.com\\\/#\\\/schema\\\/logo\\\/image\\\/\"},\"sameAs\":[\"https:\\\/\\\/www.facebook.com\\\/Laradiolitoral\\\/\"]},{\"@type\":\"Person\",\"@id\":\"https:\\\/\\\/radiolitoral.com\\\/#\\\/schema\\\/person\\\/f2b2343c49b5d721857cc1002bfdb151\",\"name\":\"Redacci\u00f3n\",\"image\":{\"@type\":\"ImageObject\",\"inLanguage\":\"ca\",\"@id\":\"https:\\\/\\\/secure.gravatar.com\\\/avatar\\\/f771d896c203ad8b3382d7905cfcce5a5c9b008b84b3cd9114e9b9f4cb63f789?s=96&d=mm&r=g\",\"url\":\"https:\\\/\\\/secure.gravatar.com\\\/avatar\\\/f771d896c203ad8b3382d7905cfcce5a5c9b008b84b3cd9114e9b9f4cb63f789?s=96&d=mm&r=g\",\"contentUrl\":\"https:\\\/\\\/secure.gravatar.com\\\/avatar\\\/f771d896c203ad8b3382d7905cfcce5a5c9b008b84b3cd9114e9b9f4cb63f789?s=96&d=mm&r=g\",\"caption\":\"Redacci\u00f3n\"},\"url\":\"https:\\\/\\\/radiolitoral.com\\\/ca\\\/author\\\/miriam-pagan\\\/\"}]}<\/script>\n<!-- \/ Yoast SEO plugin. -->","yoast_head_json":{"title":"Ren\u00fancia de Nerea Mallol a la seva acta d&#039;edil a Ondara | R\u00e0dio Litoral","description":"De la mateixa se n&#039;adonava al ple de la corporaci\u00f3 municipal, al qual no va acudir Mallol en trobar-se de baixa m\u00e8dica.","robots":{"index":"index","follow":"follow","max-snippet":"max-snippet:-1","max-image-preview":"max-image-preview:large","max-video-preview":"max-video-preview:-1"},"canonical":"https:\/\/radiolitoral.com\/ca\/2024\/03\/renuncia-de-nerea-mallol-a-la-seva-acta-dedil-a-ondara\/","og_locale":"ca_ES","og_type":"article","og_title":"Renuncia de Nerea Mallol a su acta de edil en Ondara | R\u00e0dio Litoral","og_description":"De la misma se daba cuenta en el pleno de la corporaci\u00f3n municipal, al que no acudi\u00f3 Mallol al encontrarse de baja m\u00e9dica De la misma se daba cuenta en el pleno de la corporaci\u00f3n municipal, al que no acudi\u00f3 Mallol al encontrarse de baja m\u00e9dica","og_url":"https:\/\/radiolitoral.com\/ca\/2024\/03\/renuncia-de-nerea-mallol-a-la-seva-acta-dedil-a-ondara\/","og_site_name":"R\u00e0dio Litoral","article_publisher":"https:\/\/www.facebook.com\/Laradiolitoral\/","article_published_time":"2024-03-28T13:38:29+00:00","og_image":[{"width":1024,"height":576,"url":"https:\/\/media.radiolitoral.com\/wp-content\/uploads\/2024\/03\/28143412\/ple-marc-1-1024x576.png","type":"image\/png"}],"author":"Redacci\u00f3n","twitter_card":"summary_large_image","twitter_misc":{"Escrit per":"Redacci\u00f3n","Temps estimat de lectura":"2 minuts"},"schema":{"@context":"https:\/\/schema.org","@graph":[{"@type":"NewsArticle","@id":"https:\/\/radiolitoral.com\/2024\/03\/renuncia-de-nerea-mallol-a-su-acta-de-edil-en-ondara\/#article","isPartOf":{"@id":"https:\/\/radiolitoral.com\/2024\/03\/renuncia-de-nerea-mallol-a-su-acta-de-edil-en-ondara\/"},"author":{"name":"Redacci\u00f3n","@id":"https:\/\/radiolitoral.com\/#\/schema\/person\/f2b2343c49b5d721857cc1002bfdb151"},"headline":"Renuncia de Nerea Mallol a su acta de edil en Ondara","datePublished":"2024-03-28T13:38:29+00:00","mainEntityOfPage":{"@id":"https:\/\/radiolitoral.com\/2024\/03\/renuncia-de-nerea-mallol-a-su-acta-de-edil-en-ondara\/"},"wordCount":222,"commentCount":0,"publisher":{"@id":"https:\/\/radiolitoral.com\/#organization"},"image":{"@id":"https:\/\/radiolitoral.com\/2024\/03\/renuncia-de-nerea-mallol-a-su-acta-de-edil-en-ondara\/#primaryimage"},"thumbnailUrl":"https:\/\/media.radiolitoral.com\/wp-content\/uploads\/2024\/03\/28143412\/ple-marc-1.png","keywords":["dimisiones","Nerea Mallol","Ondara","pol\u00edtica","pol\u00edtica municipal"],"articleSection":["Pol\u00edtica"],"inLanguage":"ca","potentialAction":[{"@type":"CommentAction","name":"Comment","target":["https:\/\/radiolitoral.com\/2024\/03\/renuncia-de-nerea-mallol-a-su-acta-de-edil-en-ondara\/#respond"]}]},{"@type":["WebPage","ItemPage"],"@id":"https:\/\/radiolitoral.com\/2024\/03\/renuncia-de-nerea-mallol-a-su-acta-de-edil-en-ondara\/","url":"https:\/\/radiolitoral.com\/2024\/03\/renuncia-de-nerea-mallol-a-su-acta-de-edil-en-ondara\/","name":"Ren\u00fancia de Nerea Mallol a la seva acta d&#039;edil a Ondara | R\u00e0dio Litoral","isPartOf":{"@id":"https:\/\/radiolitoral.com\/#website"},"primaryImageOfPage":{"@id":"https:\/\/radiolitoral.com\/2024\/03\/renuncia-de-nerea-mallol-a-su-acta-de-edil-en-ondara\/#primaryimage"},"image":{"@id":"https:\/\/radiolitoral.com\/2024\/03\/renuncia-de-nerea-mallol-a-su-acta-de-edil-en-ondara\/#primaryimage"},"thumbnailUrl":"https:\/\/media.radiolitoral.com\/wp-content\/uploads\/2024\/03\/28143412\/ple-marc-1.png","datePublished":"2024-03-28T13:38:29+00:00","description":"De la mateixa se n&#039;adonava al ple de la corporaci\u00f3 municipal, al qual no va acudir Mallol en trobar-se de baixa m\u00e8dica.","breadcrumb":{"@id":"https:\/\/radiolitoral.com\/2024\/03\/renuncia-de-nerea-mallol-a-su-acta-de-edil-en-ondara\/#breadcrumb"},"inLanguage":"ca","potentialAction":[{"@type":"ReadAction","target":["https:\/\/radiolitoral.com\/2024\/03\/renuncia-de-nerea-mallol-a-su-acta-de-edil-en-ondara\/"]}]},{"@type":"ImageObject","inLanguage":"ca","@id":"https:\/\/radiolitoral.com\/2024\/03\/renuncia-de-nerea-mallol-a-su-acta-de-edil-en-ondara\/#primaryimage","url":"https:\/\/media.radiolitoral.com\/wp-content\/uploads\/2024\/03\/28143412\/ple-marc-1.png","contentUrl":"https:\/\/media.radiolitoral.com\/wp-content\/uploads\/2024\/03\/28143412\/ple-marc-1.png","width":1920,"height":1080},{"@type":"BreadcrumbList","@id":"https:\/\/radiolitoral.com\/2024\/03\/renuncia-de-nerea-mallol-a-su-acta-de-edil-en-ondara\/#breadcrumb","itemListElement":[{"@type":"ListItem","position":1,"name":"Portada","item":"https:\/\/radiolitoral.com\/"},{"@type":"ListItem","position":2,"name":"Renuncia de Nerea Mallol a su acta de edil en Ondara"}]},{"@type":"WebSite","@id":"https:\/\/radiolitoral.com\/#website","url":"https:\/\/radiolitoral.com\/","name":"R\u00e0dio Litoral","description":"La r\u00e0dio local de la Marina Alta","publisher":{"@id":"https:\/\/radiolitoral.com\/#organization"},"alternateName":"Litoral FM","potentialAction":[{"@type":"SearchAction","target":{"@type":"EntryPoint","urlTemplate":"https:\/\/radiolitoral.com\/?s={search_term_string}"},"query-input":{"@type":"PropertyValueSpecification","valueRequired":true,"valueName":"search_term_string"}}],"inLanguage":"ca"},{"@type":"Organization","@id":"https:\/\/radiolitoral.com\/#organization","name":"R\u00e0dio Litoral","url":"https:\/\/radiolitoral.com\/","logo":{"@type":"ImageObject","inLanguage":"ca","@id":"https:\/\/radiolitoral.com\/#\/schema\/logo\/image\/","url":"https:\/\/media.radiolitoral.com\/wp-content\/uploads\/2023\/02\/24143238\/CL-V-RadioLitoral696.png","contentUrl":"https:\/\/media.radiolitoral.com\/wp-content\/uploads\/2023\/02\/24143238\/CL-V-RadioLitoral696.png","width":696,"height":696,"caption":"Radio Litoral"},"image":{"@id":"https:\/\/radiolitoral.com\/#\/schema\/logo\/image\/"},"sameAs":["https:\/\/www.facebook.com\/Laradiolitoral\/"]},{"@type":"Person","@id":"https:\/\/radiolitoral.com\/#\/schema\/person\/f2b2343c49b5d721857cc1002bfdb151","name":"Redacci\u00f3","image":{"@type":"ImageObject","inLanguage":"ca","@id":"https:\/\/secure.gravatar.com\/avatar\/f771d896c203ad8b3382d7905cfcce5a5c9b008b84b3cd9114e9b9f4cb63f789?s=96&d=mm&r=g","url":"https:\/\/secure.gravatar.com\/avatar\/f771d896c203ad8b3382d7905cfcce5a5c9b008b84b3cd9114e9b9f4cb63f789?s=96&d=mm&r=g","contentUrl":"https:\/\/secure.gravatar.com\/avatar\/f771d896c203ad8b3382d7905cfcce5a5c9b008b84b3cd9114e9b9f4cb63f789?s=96&d=mm&r=g","caption":"Redacci\u00f3n"},"url":"https:\/\/radiolitoral.com\/ca\/author\/miriam-pagan\/"}]}},"_links":{"self":[{"href":"https:\/\/radiolitoral.com\/ca\/wp-json\/wp\/v2\/posts\/7929","targetHints":{"allow":["GET"]}}],"collection":[{"href":"https:\/\/radiolitoral.com\/ca\/wp-json\/wp\/v2\/posts"}],"about":[{"href":"https:\/\/radiolitoral.com\/ca\/wp-json\/wp\/v2\/types\/post"}],"author":[{"embeddable":true,"href":"https:\/\/radiolitoral.com\/ca\/wp-json\/wp\/v2\/users\/13"}],"replies":[{"embeddable":true,"href":"https:\/\/radiolitoral.com\/ca\/wp-json\/wp\/v2\/comments?post=7929"}],"version-history":[{"count":1,"href":"https:\/\/radiolitoral.com\/ca\/wp-json\/wp\/v2\/posts\/7929\/revisions"}],"predecessor-version":[{"id":7936,"href":"https:\/\/radiolitoral.com\/ca\/wp-json\/wp\/v2\/posts\/7929\/revisions\/7936"}],"wp:featuredmedia":[{"embeddable":true,"href":"https:\/\/radiolitoral.com\/ca\/wp-json\/wp\/v2\/media\/7933"}],"wp:attachment":[{"href":"https:\/\/radiolitoral.com\/ca\/wp-json\/wp\/v2\/media?parent=7929"}],"wp:term":[{"taxonomy":"category","embeddable":true,"href":"https:\/\/radiolitoral.com\/ca\/wp-json\/wp\/v2\/categories?post=7929"},{"taxonomy":"post_tag","embeddable":true,"href":"https:\/\/radiolitoral.com\/ca\/wp-json\/wp\/v2\/tags?post=7929"}],"curies":[{"name":"wp","href":"https:\/\/api.w.org\/{rel}","templated":true}]}}