{"id":7854,"date":"2024-03-27T09:48:47","date_gmt":"2024-03-27T08:48:47","guid":{"rendered":"https:\/\/radiolitoral.com\/?p=7854"},"modified":"2024-03-27T09:48:47","modified_gmt":"2024-03-27T08:48:47","slug":"el-cd-garbi-denia-doblec-al-f-agustins-alacant-32-24","status":"publish","type":"post","link":"https:\/\/radiolitoral.com\/ca\/2024\/03\/el-cd-garbi-denia-doblego-al-f-agustinos-alicante-32-24\/","title":{"rendered":"El CD Garbi D\u00e9nia va doblegar el F. Agustinos Alicante (32-24)"},"content":{"rendered":"<p>En un emocionant partit disputat al <strong>pavell\u00f3 municipal de D\u00e9nia<\/strong>, el <strong>CD Garbi D\u00e9nia<\/strong>\u00a0va aconseguir al\u00e7ar-se amb la primera vict\u00f2ria de l&#039;any 2024, un \u00e8xit que es feia esperar i que arriba en un moment crucial de la temporada. Els dianencs van v\u00e8ncer <strong>32 a 24<\/strong> al <strong>Fundaci\u00f3 Agustinos Alacant C<\/strong>, un rival que havia demostrat la seva superioritat al partit d&#039;anada. Els locals es van enfrontar no nom\u00e9s a un fort contrincant sin\u00f3 tamb\u00e9 a les adversitats pr\u00f2pies d&#039;algunes baixes significatives a la seva plantilla.<\/p>\n<p>L?inici del partit no augurava el desenlla\u00e7 final. Amb una arrencada titubejant, els dianencs mostraven dificultats per imposar el seu joc, resultat en un primer temps marcat per la paritat. La igualtat era tan gran que el marcador reflectia un empat a onze gols al moment del descans, un reflex de la intensa batalla defensiva que els dos equips lliuraven, deixant poc espai per a les ofensives.<\/p>\n<p>Tot i aix\u00f2, la segona meitat del matx ha mostrat una cara completament diferent de l&#039;equip local. Amb una renovada actitud tant en defensa com en atac, els gols van comen\u00e7ar a succeir-se amb una flu\u00efdesa fins aleshores absent. La cohesi\u00f3 i el bon fer defensiu van permetre als dianencs no nom\u00e9s prendre la davantera sin\u00f3 tamb\u00e9 comen\u00e7ar a enlairar-se al marcador, un avantatge que van saber administrar amb intel\u00b7lig\u00e8ncia durant els cr\u00edtics \u00faltims quinze minuts del partit.<\/p>\n<p>Aquest triomf no \u00e9s nom\u00e9s una vict\u00f2ria m\u00e9s; representa un impuls moral per a l&#039;equip, que ara mira amb optimisme els tres darrers partits de la temporada.<\/p>","protected":false},"excerpt":{"rendered":"<p>En un emocionante encuentro disputado en el pabell\u00f3n municipal de D\u00e9nia, el CD Garbi D\u00e9nia\u00a0consigui\u00f3 alzarse con su primera victoria del a\u00f1o 2024, un logro que se hac\u00eda esperar y que llega en un momento crucial de la temporada. Los dianenses vencieron 32 a 24 al Fundaci\u00f3n Agustinos Alicante C, un rival que hab\u00eda demostrado [&#8230;]<\/p>\n<p><a class=\"btn btn-secondary understrap-read-more-link\" href=\"https:\/\/radiolitoral.com\/ca\/2024\/03\/el-cd-garbi-denia-doblego-al-f-agustinos-alicante-32-24\/\">Continua llegint&#8230;<span class=\"screen-reader-text\"> from El CD Garbi D\u00e9nia dobleg\u00f3 al F. Agustinos Alicante (32-24)<\/span><\/a><\/p>\n","protected":false},"author":12,"featured_media":7855,"comment_status":"open","ping_status":"closed","sticky":false,"template":"","format":"standard","meta":{"_acf_changed":false,"inline_featured_image":false,"footnotes":""},"categories":[5],"tags":[1120,1121,1119],"class_list":["post-7854","post","type-post","status-publish","format-standard","has-post-thumbnail","hentry","category-deportes","tag-cd-garbi-denia","tag-fundacion-agustinos-alicante-c","tag-pabellon-municipal-de-denia","cobertura-denia"],"acf":[],"yoast_head":"<!-- This site is optimized with the Yoast SEO plugin v27.5 - https:\/\/yoast.com\/product\/yoast-seo-wordpress\/ -->\n<title>El CD Garbi D\u00e9nia dobleg\u00f3 al F. Agustinos Alicante (32-24) | R\u00e0dio Litoral<\/title>\n<meta name=\"description\" content=\"Los dianenses lograron su primera victoria del a\u00f1o 2024 que seguro que les dar\u00e1 mucha moral Los dianenses lograron su primera victoria del a\u00f1o 2024 que seguro que les dar\u00e1 mucha moral\" \/>\n<meta name=\"robots\" content=\"index, follow, max-snippet:-1, max-image-preview:large, max-video-preview:-1\" \/>\n<link rel=\"canonical\" href=\"https:\/\/radiolitoral.com\/ca\/2024\/03\/el-cd-garbi-denia-doblec-al-f-agustins-alacant-32-24\/\" \/>\n<meta property=\"og:locale\" content=\"ca_ES\" \/>\n<meta property=\"og:type\" content=\"article\" \/>\n<meta property=\"og:title\" content=\"El CD Garbi D\u00e9nia dobleg\u00f3 al F. Agustinos Alicante (32-24) | R\u00e0dio Litoral\" \/>\n<meta property=\"og:description\" content=\"Los dianenses lograron su primera victoria del a\u00f1o 2024 que seguro que les dar\u00e1 mucha moral Los dianenses lograron su primera victoria del a\u00f1o 2024 que seguro que les dar\u00e1 mucha moral\" \/>\n<meta property=\"og:url\" content=\"https:\/\/radiolitoral.com\/ca\/2024\/03\/el-cd-garbi-denia-doblec-al-f-agustins-alacant-32-24\/\" \/>\n<meta property=\"og:site_name\" content=\"R\u00e0dio Litoral\" \/>\n<meta property=\"article:publisher\" content=\"https:\/\/www.facebook.com\/Laradiolitoral\/\" \/>\n<meta property=\"article:published_time\" content=\"2024-03-27T08:48:47+00:00\" \/>\n<meta property=\"og:image\" content=\"https:\/\/media.radiolitoral.com\/wp-content\/uploads\/2024\/03\/26184450\/DSC_0580-scaled.jpg\" \/>\n\t<meta property=\"og:image:width\" content=\"2560\" \/>\n\t<meta property=\"og:image:height\" content=\"1707\" \/>\n\t<meta property=\"og:image:type\" content=\"image\/jpeg\" \/>\n<meta name=\"author\" content=\"Javier Zamora\" \/>\n<meta name=\"twitter:card\" content=\"summary_large_image\" \/>\n<meta name=\"twitter:label1\" content=\"Escrit per\" \/>\n\t<meta name=\"twitter:data1\" content=\"Javier Zamora\" \/>\n\t<meta name=\"twitter:label2\" content=\"Temps estimat de lectura\" \/>\n\t<meta name=\"twitter:data2\" content=\"2 minuts\" \/>\n<script type=\"application\/ld+json\" class=\"yoast-schema-graph\">{\"@context\":\"https:\\\/\\\/schema.org\",\"@graph\":[{\"@type\":\"NewsArticle\",\"@id\":\"https:\\\/\\\/radiolitoral.com\\\/2024\\\/03\\\/el-cd-garbi-denia-doblego-al-f-agustinos-alicante-32-24\\\/#article\",\"isPartOf\":{\"@id\":\"https:\\\/\\\/radiolitoral.com\\\/2024\\\/03\\\/el-cd-garbi-denia-doblego-al-f-agustinos-alicante-32-24\\\/\"},\"author\":{\"name\":\"Javier Zamora\",\"@id\":\"https:\\\/\\\/radiolitoral.com\\\/#\\\/schema\\\/person\\\/7b1480b5caeb5acdd4ec6379caf62b22\"},\"headline\":\"El CD Garbi D\u00e9nia dobleg\u00f3 al F. Agustinos Alicante (32-24)\",\"datePublished\":\"2024-03-27T08:48:47+00:00\",\"mainEntityOfPage\":{\"@id\":\"https:\\\/\\\/radiolitoral.com\\\/2024\\\/03\\\/el-cd-garbi-denia-doblego-al-f-agustinos-alicante-32-24\\\/\"},\"wordCount\":272,\"commentCount\":0,\"publisher\":{\"@id\":\"https:\\\/\\\/radiolitoral.com\\\/#organization\"},\"image\":{\"@id\":\"https:\\\/\\\/radiolitoral.com\\\/2024\\\/03\\\/el-cd-garbi-denia-doblego-al-f-agustinos-alicante-32-24\\\/#primaryimage\"},\"thumbnailUrl\":\"https:\\\/\\\/media.radiolitoral.com\\\/wp-content\\\/uploads\\\/2024\\\/03\\\/26184450\\\/DSC_0580-scaled.jpg\",\"keywords\":[\"CD Garbi D\u00e9nia\",\"Fundaci\u00f3n Agustinos Alicante C\",\"pabell\u00f3n municipal de D\u00e9nia\"],\"articleSection\":[\"Deportes\"],\"inLanguage\":\"ca\",\"potentialAction\":[{\"@type\":\"CommentAction\",\"name\":\"Comment\",\"target\":[\"https:\\\/\\\/radiolitoral.com\\\/2024\\\/03\\\/el-cd-garbi-denia-doblego-al-f-agustinos-alicante-32-24\\\/#respond\"]}]},{\"@type\":[\"WebPage\",\"ItemPage\"],\"@id\":\"https:\\\/\\\/radiolitoral.com\\\/2024\\\/03\\\/el-cd-garbi-denia-doblego-al-f-agustinos-alicante-32-24\\\/\",\"url\":\"https:\\\/\\\/radiolitoral.com\\\/2024\\\/03\\\/el-cd-garbi-denia-doblego-al-f-agustinos-alicante-32-24\\\/\",\"name\":\"El CD Garbi D\u00e9nia dobleg\u00f3 al F. Agustinos Alicante (32-24) | R\u00e0dio Litoral\",\"isPartOf\":{\"@id\":\"https:\\\/\\\/radiolitoral.com\\\/#website\"},\"primaryImageOfPage\":{\"@id\":\"https:\\\/\\\/radiolitoral.com\\\/2024\\\/03\\\/el-cd-garbi-denia-doblego-al-f-agustinos-alicante-32-24\\\/#primaryimage\"},\"image\":{\"@id\":\"https:\\\/\\\/radiolitoral.com\\\/2024\\\/03\\\/el-cd-garbi-denia-doblego-al-f-agustinos-alicante-32-24\\\/#primaryimage\"},\"thumbnailUrl\":\"https:\\\/\\\/media.radiolitoral.com\\\/wp-content\\\/uploads\\\/2024\\\/03\\\/26184450\\\/DSC_0580-scaled.jpg\",\"datePublished\":\"2024-03-27T08:48:47+00:00\",\"description\":\"Los dianenses lograron su primera victoria del a\u00f1o 2024 que seguro que les dar\u00e1 mucha moral Los dianenses lograron su primera victoria del a\u00f1o 2024 que seguro que les dar\u00e1 mucha moral\",\"breadcrumb\":{\"@id\":\"https:\\\/\\\/radiolitoral.com\\\/2024\\\/03\\\/el-cd-garbi-denia-doblego-al-f-agustinos-alicante-32-24\\\/#breadcrumb\"},\"inLanguage\":\"ca\",\"potentialAction\":[{\"@type\":\"ReadAction\",\"target\":[\"https:\\\/\\\/radiolitoral.com\\\/2024\\\/03\\\/el-cd-garbi-denia-doblego-al-f-agustinos-alicante-32-24\\\/\"]}]},{\"@type\":\"ImageObject\",\"inLanguage\":\"ca\",\"@id\":\"https:\\\/\\\/radiolitoral.com\\\/2024\\\/03\\\/el-cd-garbi-denia-doblego-al-f-agustinos-alicante-32-24\\\/#primaryimage\",\"url\":\"https:\\\/\\\/media.radiolitoral.com\\\/wp-content\\\/uploads\\\/2024\\\/03\\\/26184450\\\/DSC_0580-scaled.jpg\",\"contentUrl\":\"https:\\\/\\\/media.radiolitoral.com\\\/wp-content\\\/uploads\\\/2024\\\/03\\\/26184450\\\/DSC_0580-scaled.jpg\",\"width\":2560,\"height\":1707},{\"@type\":\"BreadcrumbList\",\"@id\":\"https:\\\/\\\/radiolitoral.com\\\/2024\\\/03\\\/el-cd-garbi-denia-doblego-al-f-agustinos-alicante-32-24\\\/#breadcrumb\",\"itemListElement\":[{\"@type\":\"ListItem\",\"position\":1,\"name\":\"Portada\",\"item\":\"https:\\\/\\\/radiolitoral.com\\\/\"},{\"@type\":\"ListItem\",\"position\":2,\"name\":\"El CD Garbi D\u00e9nia dobleg\u00f3 al F. Agustinos Alicante (32-24)\"}]},{\"@type\":\"WebSite\",\"@id\":\"https:\\\/\\\/radiolitoral.com\\\/#website\",\"url\":\"https:\\\/\\\/radiolitoral.com\\\/\",\"name\":\"Radio Litoral\",\"description\":\"La radio local de la Marina Alta\",\"publisher\":{\"@id\":\"https:\\\/\\\/radiolitoral.com\\\/#organization\"},\"alternateName\":\"Litoral FM\",\"potentialAction\":[{\"@type\":\"SearchAction\",\"target\":{\"@type\":\"EntryPoint\",\"urlTemplate\":\"https:\\\/\\\/radiolitoral.com\\\/?s={search_term_string}\"},\"query-input\":{\"@type\":\"PropertyValueSpecification\",\"valueRequired\":true,\"valueName\":\"search_term_string\"}}],\"inLanguage\":\"ca\"},{\"@type\":\"Organization\",\"@id\":\"https:\\\/\\\/radiolitoral.com\\\/#organization\",\"name\":\"Radio Litoral\",\"url\":\"https:\\\/\\\/radiolitoral.com\\\/\",\"logo\":{\"@type\":\"ImageObject\",\"inLanguage\":\"ca\",\"@id\":\"https:\\\/\\\/radiolitoral.com\\\/#\\\/schema\\\/logo\\\/image\\\/\",\"url\":\"https:\\\/\\\/media.radiolitoral.com\\\/wp-content\\\/uploads\\\/2023\\\/02\\\/24143238\\\/CL-V-RadioLitoral696.png\",\"contentUrl\":\"https:\\\/\\\/media.radiolitoral.com\\\/wp-content\\\/uploads\\\/2023\\\/02\\\/24143238\\\/CL-V-RadioLitoral696.png\",\"width\":696,\"height\":696,\"caption\":\"Radio Litoral\"},\"image\":{\"@id\":\"https:\\\/\\\/radiolitoral.com\\\/#\\\/schema\\\/logo\\\/image\\\/\"},\"sameAs\":[\"https:\\\/\\\/www.facebook.com\\\/Laradiolitoral\\\/\"]},{\"@type\":\"Person\",\"@id\":\"https:\\\/\\\/radiolitoral.com\\\/#\\\/schema\\\/person\\\/7b1480b5caeb5acdd4ec6379caf62b22\",\"name\":\"Javier Zamora\",\"image\":{\"@type\":\"ImageObject\",\"inLanguage\":\"ca\",\"@id\":\"https:\\\/\\\/secure.gravatar.com\\\/avatar\\\/467a11f6918c7d619c4043fc6fa2d3853053107973f05b6e9c04ea6c4e3a7b3f?s=96&d=mm&r=g\",\"url\":\"https:\\\/\\\/secure.gravatar.com\\\/avatar\\\/467a11f6918c7d619c4043fc6fa2d3853053107973f05b6e9c04ea6c4e3a7b3f?s=96&d=mm&r=g\",\"contentUrl\":\"https:\\\/\\\/secure.gravatar.com\\\/avatar\\\/467a11f6918c7d619c4043fc6fa2d3853053107973f05b6e9c04ea6c4e3a7b3f?s=96&d=mm&r=g\",\"caption\":\"Javier Zamora\"},\"url\":\"https:\\\/\\\/radiolitoral.com\\\/ca\\\/author\\\/javier-zamora\\\/\"}]}<\/script>\n<!-- \/ Yoast SEO plugin. -->","yoast_head_json":{"title":"El CD Garbi D\u00e9nia va doblegar el F. Agustinos Alacant (32-24) | R\u00e0dio Litoral","description":"Els dianencs van aconseguir la primera vict\u00f2ria de l&#039;any 2024 que segur que els donar\u00e0 molta moral Els dianencs van aconseguir la seva primera vict\u00f2ria de l&#039;any 2024 que segur que els donar\u00e0 molta moral","robots":{"index":"index","follow":"follow","max-snippet":"max-snippet:-1","max-image-preview":"max-image-preview:large","max-video-preview":"max-video-preview:-1"},"canonical":"https:\/\/radiolitoral.com\/ca\/2024\/03\/el-cd-garbi-denia-doblec-al-f-agustins-alacant-32-24\/","og_locale":"ca_ES","og_type":"article","og_title":"El CD Garbi D\u00e9nia dobleg\u00f3 al F. Agustinos Alicante (32-24) | R\u00e0dio Litoral","og_description":"Los dianenses lograron su primera victoria del a\u00f1o 2024 que seguro que les dar\u00e1 mucha moral Los dianenses lograron su primera victoria del a\u00f1o 2024 que seguro que les dar\u00e1 mucha moral","og_url":"https:\/\/radiolitoral.com\/ca\/2024\/03\/el-cd-garbi-denia-doblec-al-f-agustins-alacant-32-24\/","og_site_name":"R\u00e0dio Litoral","article_publisher":"https:\/\/www.facebook.com\/Laradiolitoral\/","article_published_time":"2024-03-27T08:48:47+00:00","og_image":[{"width":2560,"height":1707,"url":"https:\/\/media.radiolitoral.com\/wp-content\/uploads\/2024\/03\/26184450\/DSC_0580-scaled.jpg","type":"image\/jpeg"}],"author":"Javier Zamora","twitter_card":"summary_large_image","twitter_misc":{"Escrit per":"Javier Zamora","Temps estimat de lectura":"2 minuts"},"schema":{"@context":"https:\/\/schema.org","@graph":[{"@type":"NewsArticle","@id":"https:\/\/radiolitoral.com\/2024\/03\/el-cd-garbi-denia-doblego-al-f-agustinos-alicante-32-24\/#article","isPartOf":{"@id":"https:\/\/radiolitoral.com\/2024\/03\/el-cd-garbi-denia-doblego-al-f-agustinos-alicante-32-24\/"},"author":{"name":"Javier Zamora","@id":"https:\/\/radiolitoral.com\/#\/schema\/person\/7b1480b5caeb5acdd4ec6379caf62b22"},"headline":"El CD Garbi D\u00e9nia dobleg\u00f3 al F. Agustinos Alicante (32-24)","datePublished":"2024-03-27T08:48:47+00:00","mainEntityOfPage":{"@id":"https:\/\/radiolitoral.com\/2024\/03\/el-cd-garbi-denia-doblego-al-f-agustinos-alicante-32-24\/"},"wordCount":272,"commentCount":0,"publisher":{"@id":"https:\/\/radiolitoral.com\/#organization"},"image":{"@id":"https:\/\/radiolitoral.com\/2024\/03\/el-cd-garbi-denia-doblego-al-f-agustinos-alicante-32-24\/#primaryimage"},"thumbnailUrl":"https:\/\/media.radiolitoral.com\/wp-content\/uploads\/2024\/03\/26184450\/DSC_0580-scaled.jpg","keywords":["CD Garbi D\u00e9nia","Fundaci\u00f3n Agustinos Alicante C","pabell\u00f3n municipal de D\u00e9nia"],"articleSection":["Deportes"],"inLanguage":"ca","potentialAction":[{"@type":"CommentAction","name":"Comment","target":["https:\/\/radiolitoral.com\/2024\/03\/el-cd-garbi-denia-doblego-al-f-agustinos-alicante-32-24\/#respond"]}]},{"@type":["WebPage","ItemPage"],"@id":"https:\/\/radiolitoral.com\/2024\/03\/el-cd-garbi-denia-doblego-al-f-agustinos-alicante-32-24\/","url":"https:\/\/radiolitoral.com\/2024\/03\/el-cd-garbi-denia-doblego-al-f-agustinos-alicante-32-24\/","name":"El CD Garbi D\u00e9nia va doblegar el F. Agustinos Alacant (32-24) | R\u00e0dio Litoral","isPartOf":{"@id":"https:\/\/radiolitoral.com\/#website"},"primaryImageOfPage":{"@id":"https:\/\/radiolitoral.com\/2024\/03\/el-cd-garbi-denia-doblego-al-f-agustinos-alicante-32-24\/#primaryimage"},"image":{"@id":"https:\/\/radiolitoral.com\/2024\/03\/el-cd-garbi-denia-doblego-al-f-agustinos-alicante-32-24\/#primaryimage"},"thumbnailUrl":"https:\/\/media.radiolitoral.com\/wp-content\/uploads\/2024\/03\/26184450\/DSC_0580-scaled.jpg","datePublished":"2024-03-27T08:48:47+00:00","description":"Els dianencs van aconseguir la primera vict\u00f2ria de l&#039;any 2024 que segur que els donar\u00e0 molta moral Els dianencs van aconseguir la seva primera vict\u00f2ria de l&#039;any 2024 que segur que els donar\u00e0 molta moral","breadcrumb":{"@id":"https:\/\/radiolitoral.com\/2024\/03\/el-cd-garbi-denia-doblego-al-f-agustinos-alicante-32-24\/#breadcrumb"},"inLanguage":"ca","potentialAction":[{"@type":"ReadAction","target":["https:\/\/radiolitoral.com\/2024\/03\/el-cd-garbi-denia-doblego-al-f-agustinos-alicante-32-24\/"]}]},{"@type":"ImageObject","inLanguage":"ca","@id":"https:\/\/radiolitoral.com\/2024\/03\/el-cd-garbi-denia-doblego-al-f-agustinos-alicante-32-24\/#primaryimage","url":"https:\/\/media.radiolitoral.com\/wp-content\/uploads\/2024\/03\/26184450\/DSC_0580-scaled.jpg","contentUrl":"https:\/\/media.radiolitoral.com\/wp-content\/uploads\/2024\/03\/26184450\/DSC_0580-scaled.jpg","width":2560,"height":1707},{"@type":"BreadcrumbList","@id":"https:\/\/radiolitoral.com\/2024\/03\/el-cd-garbi-denia-doblego-al-f-agustinos-alicante-32-24\/#breadcrumb","itemListElement":[{"@type":"ListItem","position":1,"name":"Portada","item":"https:\/\/radiolitoral.com\/"},{"@type":"ListItem","position":2,"name":"El CD Garbi D\u00e9nia dobleg\u00f3 al F. Agustinos Alicante (32-24)"}]},{"@type":"WebSite","@id":"https:\/\/radiolitoral.com\/#website","url":"https:\/\/radiolitoral.com\/","name":"R\u00e0dio Litoral","description":"La r\u00e0dio local de la Marina Alta","publisher":{"@id":"https:\/\/radiolitoral.com\/#organization"},"alternateName":"Litoral FM","potentialAction":[{"@type":"SearchAction","target":{"@type":"EntryPoint","urlTemplate":"https:\/\/radiolitoral.com\/?s={search_term_string}"},"query-input":{"@type":"PropertyValueSpecification","valueRequired":true,"valueName":"search_term_string"}}],"inLanguage":"ca"},{"@type":"Organization","@id":"https:\/\/radiolitoral.com\/#organization","name":"R\u00e0dio Litoral","url":"https:\/\/radiolitoral.com\/","logo":{"@type":"ImageObject","inLanguage":"ca","@id":"https:\/\/radiolitoral.com\/#\/schema\/logo\/image\/","url":"https:\/\/media.radiolitoral.com\/wp-content\/uploads\/2023\/02\/24143238\/CL-V-RadioLitoral696.png","contentUrl":"https:\/\/media.radiolitoral.com\/wp-content\/uploads\/2023\/02\/24143238\/CL-V-RadioLitoral696.png","width":696,"height":696,"caption":"Radio Litoral"},"image":{"@id":"https:\/\/radiolitoral.com\/#\/schema\/logo\/image\/"},"sameAs":["https:\/\/www.facebook.com\/Laradiolitoral\/"]},{"@type":"Person","@id":"https:\/\/radiolitoral.com\/#\/schema\/person\/7b1480b5caeb5acdd4ec6379caf62b22","name":"Javier Zamora","image":{"@type":"ImageObject","inLanguage":"ca","@id":"https:\/\/secure.gravatar.com\/avatar\/467a11f6918c7d619c4043fc6fa2d3853053107973f05b6e9c04ea6c4e3a7b3f?s=96&d=mm&r=g","url":"https:\/\/secure.gravatar.com\/avatar\/467a11f6918c7d619c4043fc6fa2d3853053107973f05b6e9c04ea6c4e3a7b3f?s=96&d=mm&r=g","contentUrl":"https:\/\/secure.gravatar.com\/avatar\/467a11f6918c7d619c4043fc6fa2d3853053107973f05b6e9c04ea6c4e3a7b3f?s=96&d=mm&r=g","caption":"Javier Zamora"},"url":"https:\/\/radiolitoral.com\/ca\/author\/javier-zamora\/"}]}},"_links":{"self":[{"href":"https:\/\/radiolitoral.com\/ca\/wp-json\/wp\/v2\/posts\/7854","targetHints":{"allow":["GET"]}}],"collection":[{"href":"https:\/\/radiolitoral.com\/ca\/wp-json\/wp\/v2\/posts"}],"about":[{"href":"https:\/\/radiolitoral.com\/ca\/wp-json\/wp\/v2\/types\/post"}],"author":[{"embeddable":true,"href":"https:\/\/radiolitoral.com\/ca\/wp-json\/wp\/v2\/users\/12"}],"replies":[{"embeddable":true,"href":"https:\/\/radiolitoral.com\/ca\/wp-json\/wp\/v2\/comments?post=7854"}],"version-history":[{"count":3,"href":"https:\/\/radiolitoral.com\/ca\/wp-json\/wp\/v2\/posts\/7854\/revisions"}],"predecessor-version":[{"id":7858,"href":"https:\/\/radiolitoral.com\/ca\/wp-json\/wp\/v2\/posts\/7854\/revisions\/7858"}],"wp:featuredmedia":[{"embeddable":true,"href":"https:\/\/radiolitoral.com\/ca\/wp-json\/wp\/v2\/media\/7855"}],"wp:attachment":[{"href":"https:\/\/radiolitoral.com\/ca\/wp-json\/wp\/v2\/media?parent=7854"}],"wp:term":[{"taxonomy":"category","embeddable":true,"href":"https:\/\/radiolitoral.com\/ca\/wp-json\/wp\/v2\/categories?post=7854"},{"taxonomy":"post_tag","embeddable":true,"href":"https:\/\/radiolitoral.com\/ca\/wp-json\/wp\/v2\/tags?post=7854"}],"curies":[{"name":"wp","href":"https:\/\/api.w.org\/{rel}","templated":true}]}}