{"id":7848,"date":"2024-03-26T14:33:06","date_gmt":"2024-03-26T13:33:06","guid":{"rendered":"https:\/\/radiolitoral.com\/?p=7848"},"modified":"2024-03-26T14:33:06","modified_gmt":"2024-03-26T13:33:06","slug":"la-policia-nacional-de-denia-dete-els-presumptes-autors-dun-robatori-amb-violencia","status":"publish","type":"post","link":"https:\/\/radiolitoral.com\/ca\/2024\/03\/la-policia-nacional-de-denia-detiene-a-los-presuntos-autores-de-un-robo-con-violencia\/","title":{"rendered":"La Policia Nacional de D\u00e9nia det\u00e9 els presumptes autors d&#039;un robatori amb viol\u00e8ncia"},"content":{"rendered":"<p>En un operatiu exit\u00f3s, <strong>agents de la Comissaria de D\u00e9nia<\/strong> han aconseguit <strong>localitzar i aturar dos barons<\/strong>, presumptes responsables d&#039;un <strong>robatori amb viol\u00e8ncia<\/strong>. La v\u00edctima d&#039;aquest delicte va ser desposse\u00efda de <strong>dos tel\u00e8fons m\u00f2bils<\/strong>, la seva <strong>cartera amb documentaci\u00f3<\/strong>, <strong>350 euros en efectiu<\/strong>, i fins als <strong>sabates<\/strong> que portava llocs.<\/p>\n<p>La intervenci\u00f3 va comen\u00e7ar quan un <strong>Grup Operatiu de Resposta (GOR)<\/strong> va intervenir despr\u00e9s de la den\u00fancia d&#039;un home. Aquest va reportar haver estat agredit per dos individus, que li van sostreure les seves pertinences despr\u00e9s de l&#039;atac, proporcionant-ne una <strong>descripci\u00f3 detallada dels assaltants<\/strong>.<\/p>\n<p>En menys d&#039;unes hores, gr\u00e0cies a l&#039;alerta emesa, un equip del <strong>Grup d&#039;Atenci\u00f3 Ciutadana (GAC)<\/strong> va identificar a prop d&#039;una benzinera un home que coincidia amb la descripci\u00f3 proporcionada per la v\u00edctima. Un testimoni va corroborar immediatament que el sospit\u00f3s era un dels autors del robatori, informaci\u00f3 que despr\u00e9s va ser confirmada per la v\u00edctima, resultant en la detenci\u00f3 de l&#039;implicat.<\/p>\n<p>M\u00e9s endavant, durant el mig mat\u00ed, el <strong>Centre Intel\u00b7ligent de Coordinaci\u00f3 Comandament i Control (CIMACC)<\/strong> va emetre un comunicat informant sobre la localitzaci\u00f3 del segon implicat en els fets. Membres de la <strong>Brigada de Policia Judicial de D\u00e9nia<\/strong> van acudir al lloc, i despr\u00e9s de les verificacions necess\u00e0ries, van confirmar la seva participaci\u00f3 en el robatori, procedint al seu arrest.<\/p>\n<p>Els arrestats, de <strong>46 i 25 anys<\/strong> i de <strong>nacionalitat espanyola i romanesa<\/strong> respectivament, van ser posats a disposici\u00f3 del <strong>Jutjat d&#039;Instrucci\u00f3 de Gu\u00e0rdia de D\u00e9nia<\/strong>.<\/p>\n<p>Aquest cas ha destacat per la <strong>efica\u00e7 coordinaci\u00f3<\/strong> entre la <strong>Brigada de Seguretat Ciutadana<\/strong> i la <strong>Brigada de Policia Judicial<\/strong>, juntament amb la <strong>indispensable col\u00b7laboraci\u00f3 ciutadana<\/strong>.<\/p>","protected":false},"excerpt":{"rendered":"<p>En un operativo exitoso, agentes de la Comisar\u00eda de D\u00e9nia han logrado localizar y detener a dos varones, presuntos responsables de un robo con violencia. La v\u00edctima de este delito fue despojada de dos tel\u00e9fonos m\u00f3viles, su cartera con documentaci\u00f3n, 350 euros en efectivo, y hasta los zapatos que llevaba puestos. La intervenci\u00f3n comenz\u00f3 cuando [&#8230;]<\/p>\n<p><a class=\"btn btn-secondary understrap-read-more-link\" href=\"https:\/\/radiolitoral.com\/ca\/2024\/03\/la-policia-nacional-de-denia-detiene-a-los-presuntos-autores-de-un-robo-con-violencia\/\">Continua llegint&#8230;<span class=\"screen-reader-text\"> from La Polic\u00eda Nacional de D\u00e9nia detiene a los presuntos autores de un robo con violencia<\/span><\/a><\/p>\n","protected":false},"author":13,"featured_media":7512,"comment_status":"open","ping_status":"closed","sticky":false,"template":"","format":"standard","meta":{"_acf_changed":false,"inline_featured_image":false,"footnotes":""},"categories":[8],"tags":[191,1022,1118,1023],"class_list":["post-7848","post","type-post","status-publish","format-standard","has-post-thumbnail","hentry","category-sucesos","tag-denia","tag-policia-nacional","tag-robo-con-violencia","tag-sucesos","cobertura-denia"],"acf":[],"yoast_head":"<!-- This site is optimized with the Yoast SEO plugin v27.5 - https:\/\/yoast.com\/product\/yoast-seo-wordpress\/ -->\n<title>La Polic\u00eda Nacional de D\u00e9nia detiene a los presuntos autores de un robo con violencia | R\u00e0dio Litoral<\/title>\n<meta name=\"description\" content=\"Sustrajeron a la v\u00edctima dos tel\u00e9fonos m\u00f3viles, la cartera con documentaci\u00f3n, 350 euros y los zapatos que llevaba puestos Sustrajeron a la v\u00edctima dos tel\u00e9fonos m\u00f3viles, la cartera con documentaci\u00f3n, 350 euros y los zapatos que llevaba puestos\" \/>\n<meta name=\"robots\" content=\"index, follow, max-snippet:-1, max-image-preview:large, max-video-preview:-1\" \/>\n<link rel=\"canonical\" href=\"https:\/\/radiolitoral.com\/ca\/2024\/03\/la-policia-nacional-de-denia-dete-els-presumptes-autors-dun-robatori-amb-violencia\/\" \/>\n<meta property=\"og:locale\" content=\"ca_ES\" \/>\n<meta property=\"og:type\" content=\"article\" \/>\n<meta property=\"og:title\" content=\"La Polic\u00eda Nacional de D\u00e9nia detiene a los presuntos autores de un robo con violencia | R\u00e0dio Litoral\" \/>\n<meta property=\"og:description\" content=\"Sustrajeron a la v\u00edctima dos tel\u00e9fonos m\u00f3viles, la cartera con documentaci\u00f3n, 350 euros y los zapatos que llevaba puestos Sustrajeron a la v\u00edctima dos tel\u00e9fonos m\u00f3viles, la cartera con documentaci\u00f3n, 350 euros y los zapatos que llevaba puestos\" \/>\n<meta property=\"og:url\" content=\"https:\/\/radiolitoral.com\/ca\/2024\/03\/la-policia-nacional-de-denia-dete-els-presumptes-autors-dun-robatori-amb-violencia\/\" \/>\n<meta property=\"og:site_name\" content=\"R\u00e0dio Litoral\" \/>\n<meta property=\"article:publisher\" content=\"https:\/\/www.facebook.com\/Laradiolitoral\/\" \/>\n<meta property=\"article:published_time\" content=\"2024-03-26T13:33:06+00:00\" \/>\n<meta property=\"og:image\" content=\"https:\/\/media.radiolitoral.com\/wp-content\/uploads\/2024\/03\/15142541\/Policia-Nacional-4.jpg\" \/>\n\t<meta property=\"og:image:width\" content=\"1600\" \/>\n\t<meta property=\"og:image:height\" content=\"900\" \/>\n\t<meta property=\"og:image:type\" content=\"image\/jpeg\" \/>\n<meta name=\"author\" content=\"Redacci\u00f3n\" \/>\n<meta name=\"twitter:card\" content=\"summary_large_image\" \/>\n<meta name=\"twitter:label1\" content=\"Escrit per\" \/>\n\t<meta name=\"twitter:data1\" content=\"Redacci\u00f3n\" \/>\n\t<meta name=\"twitter:label2\" content=\"Temps estimat de lectura\" \/>\n\t<meta name=\"twitter:data2\" content=\"2 minuts\" \/>\n<script type=\"application\/ld+json\" class=\"yoast-schema-graph\">{\"@context\":\"https:\\\/\\\/schema.org\",\"@graph\":[{\"@type\":\"NewsArticle\",\"@id\":\"https:\\\/\\\/radiolitoral.com\\\/2024\\\/03\\\/la-policia-nacional-de-denia-detiene-a-los-presuntos-autores-de-un-robo-con-violencia\\\/#article\",\"isPartOf\":{\"@id\":\"https:\\\/\\\/radiolitoral.com\\\/2024\\\/03\\\/la-policia-nacional-de-denia-detiene-a-los-presuntos-autores-de-un-robo-con-violencia\\\/\"},\"author\":{\"name\":\"Redacci\u00f3n\",\"@id\":\"https:\\\/\\\/radiolitoral.com\\\/#\\\/schema\\\/person\\\/f2b2343c49b5d721857cc1002bfdb151\"},\"headline\":\"La Polic\u00eda Nacional de D\u00e9nia detiene a los presuntos autores de un robo con violencia\",\"datePublished\":\"2024-03-26T13:33:06+00:00\",\"mainEntityOfPage\":{\"@id\":\"https:\\\/\\\/radiolitoral.com\\\/2024\\\/03\\\/la-policia-nacional-de-denia-detiene-a-los-presuntos-autores-de-un-robo-con-violencia\\\/\"},\"wordCount\":308,\"commentCount\":0,\"publisher\":{\"@id\":\"https:\\\/\\\/radiolitoral.com\\\/#organization\"},\"image\":{\"@id\":\"https:\\\/\\\/radiolitoral.com\\\/2024\\\/03\\\/la-policia-nacional-de-denia-detiene-a-los-presuntos-autores-de-un-robo-con-violencia\\\/#primaryimage\"},\"thumbnailUrl\":\"https:\\\/\\\/media.radiolitoral.com\\\/wp-content\\\/uploads\\\/2024\\\/03\\\/15142541\\\/Policia-Nacional-4.jpg\",\"keywords\":[\"D\u00e9nia\",\"Polic\u00eda nacional\",\"robo con violencia\",\"sucesos\"],\"articleSection\":[\"Sucesos\"],\"inLanguage\":\"ca\",\"potentialAction\":[{\"@type\":\"CommentAction\",\"name\":\"Comment\",\"target\":[\"https:\\\/\\\/radiolitoral.com\\\/2024\\\/03\\\/la-policia-nacional-de-denia-detiene-a-los-presuntos-autores-de-un-robo-con-violencia\\\/#respond\"]}]},{\"@type\":[\"WebPage\",\"ItemPage\"],\"@id\":\"https:\\\/\\\/radiolitoral.com\\\/2024\\\/03\\\/la-policia-nacional-de-denia-detiene-a-los-presuntos-autores-de-un-robo-con-violencia\\\/\",\"url\":\"https:\\\/\\\/radiolitoral.com\\\/2024\\\/03\\\/la-policia-nacional-de-denia-detiene-a-los-presuntos-autores-de-un-robo-con-violencia\\\/\",\"name\":\"La Polic\u00eda Nacional de D\u00e9nia detiene a los presuntos autores de un robo con violencia | R\u00e0dio Litoral\",\"isPartOf\":{\"@id\":\"https:\\\/\\\/radiolitoral.com\\\/#website\"},\"primaryImageOfPage\":{\"@id\":\"https:\\\/\\\/radiolitoral.com\\\/2024\\\/03\\\/la-policia-nacional-de-denia-detiene-a-los-presuntos-autores-de-un-robo-con-violencia\\\/#primaryimage\"},\"image\":{\"@id\":\"https:\\\/\\\/radiolitoral.com\\\/2024\\\/03\\\/la-policia-nacional-de-denia-detiene-a-los-presuntos-autores-de-un-robo-con-violencia\\\/#primaryimage\"},\"thumbnailUrl\":\"https:\\\/\\\/media.radiolitoral.com\\\/wp-content\\\/uploads\\\/2024\\\/03\\\/15142541\\\/Policia-Nacional-4.jpg\",\"datePublished\":\"2024-03-26T13:33:06+00:00\",\"description\":\"Sustrajeron a la v\u00edctima dos tel\u00e9fonos m\u00f3viles, la cartera con documentaci\u00f3n, 350 euros y los zapatos que llevaba puestos Sustrajeron a la v\u00edctima dos tel\u00e9fonos m\u00f3viles, la cartera con documentaci\u00f3n, 350 euros y los zapatos que llevaba puestos\",\"breadcrumb\":{\"@id\":\"https:\\\/\\\/radiolitoral.com\\\/2024\\\/03\\\/la-policia-nacional-de-denia-detiene-a-los-presuntos-autores-de-un-robo-con-violencia\\\/#breadcrumb\"},\"inLanguage\":\"ca\",\"potentialAction\":[{\"@type\":\"ReadAction\",\"target\":[\"https:\\\/\\\/radiolitoral.com\\\/2024\\\/03\\\/la-policia-nacional-de-denia-detiene-a-los-presuntos-autores-de-un-robo-con-violencia\\\/\"]}]},{\"@type\":\"ImageObject\",\"inLanguage\":\"ca\",\"@id\":\"https:\\\/\\\/radiolitoral.com\\\/2024\\\/03\\\/la-policia-nacional-de-denia-detiene-a-los-presuntos-autores-de-un-robo-con-violencia\\\/#primaryimage\",\"url\":\"https:\\\/\\\/media.radiolitoral.com\\\/wp-content\\\/uploads\\\/2024\\\/03\\\/15142541\\\/Policia-Nacional-4.jpg\",\"contentUrl\":\"https:\\\/\\\/media.radiolitoral.com\\\/wp-content\\\/uploads\\\/2024\\\/03\\\/15142541\\\/Policia-Nacional-4.jpg\",\"width\":1600,\"height\":900},{\"@type\":\"BreadcrumbList\",\"@id\":\"https:\\\/\\\/radiolitoral.com\\\/2024\\\/03\\\/la-policia-nacional-de-denia-detiene-a-los-presuntos-autores-de-un-robo-con-violencia\\\/#breadcrumb\",\"itemListElement\":[{\"@type\":\"ListItem\",\"position\":1,\"name\":\"Portada\",\"item\":\"https:\\\/\\\/radiolitoral.com\\\/\"},{\"@type\":\"ListItem\",\"position\":2,\"name\":\"La Polic\u00eda Nacional de D\u00e9nia detiene a los presuntos autores de un robo con violencia\"}]},{\"@type\":\"WebSite\",\"@id\":\"https:\\\/\\\/radiolitoral.com\\\/#website\",\"url\":\"https:\\\/\\\/radiolitoral.com\\\/\",\"name\":\"Radio Litoral\",\"description\":\"La radio local de la Marina Alta\",\"publisher\":{\"@id\":\"https:\\\/\\\/radiolitoral.com\\\/#organization\"},\"alternateName\":\"Litoral FM\",\"potentialAction\":[{\"@type\":\"SearchAction\",\"target\":{\"@type\":\"EntryPoint\",\"urlTemplate\":\"https:\\\/\\\/radiolitoral.com\\\/?s={search_term_string}\"},\"query-input\":{\"@type\":\"PropertyValueSpecification\",\"valueRequired\":true,\"valueName\":\"search_term_string\"}}],\"inLanguage\":\"ca\"},{\"@type\":\"Organization\",\"@id\":\"https:\\\/\\\/radiolitoral.com\\\/#organization\",\"name\":\"Radio Litoral\",\"url\":\"https:\\\/\\\/radiolitoral.com\\\/\",\"logo\":{\"@type\":\"ImageObject\",\"inLanguage\":\"ca\",\"@id\":\"https:\\\/\\\/radiolitoral.com\\\/#\\\/schema\\\/logo\\\/image\\\/\",\"url\":\"https:\\\/\\\/media.radiolitoral.com\\\/wp-content\\\/uploads\\\/2023\\\/02\\\/24143238\\\/CL-V-RadioLitoral696.png\",\"contentUrl\":\"https:\\\/\\\/media.radiolitoral.com\\\/wp-content\\\/uploads\\\/2023\\\/02\\\/24143238\\\/CL-V-RadioLitoral696.png\",\"width\":696,\"height\":696,\"caption\":\"Radio Litoral\"},\"image\":{\"@id\":\"https:\\\/\\\/radiolitoral.com\\\/#\\\/schema\\\/logo\\\/image\\\/\"},\"sameAs\":[\"https:\\\/\\\/www.facebook.com\\\/Laradiolitoral\\\/\"]},{\"@type\":\"Person\",\"@id\":\"https:\\\/\\\/radiolitoral.com\\\/#\\\/schema\\\/person\\\/f2b2343c49b5d721857cc1002bfdb151\",\"name\":\"Redacci\u00f3n\",\"image\":{\"@type\":\"ImageObject\",\"inLanguage\":\"ca\",\"@id\":\"https:\\\/\\\/secure.gravatar.com\\\/avatar\\\/f771d896c203ad8b3382d7905cfcce5a5c9b008b84b3cd9114e9b9f4cb63f789?s=96&d=mm&r=g\",\"url\":\"https:\\\/\\\/secure.gravatar.com\\\/avatar\\\/f771d896c203ad8b3382d7905cfcce5a5c9b008b84b3cd9114e9b9f4cb63f789?s=96&d=mm&r=g\",\"contentUrl\":\"https:\\\/\\\/secure.gravatar.com\\\/avatar\\\/f771d896c203ad8b3382d7905cfcce5a5c9b008b84b3cd9114e9b9f4cb63f789?s=96&d=mm&r=g\",\"caption\":\"Redacci\u00f3n\"},\"url\":\"https:\\\/\\\/radiolitoral.com\\\/ca\\\/author\\\/miriam-pagan\\\/\"}]}<\/script>\n<!-- \/ Yoast SEO plugin. -->","yoast_head_json":{"title":"La Policia Nacional de D\u00e9nia det\u00e9 els presumptes autors d&#039;un robatori amb viol\u00e8ncia | R\u00e0dio Litoral","description":"Van sostraure a la v\u00edctima dos tel\u00e8fons m\u00f2bils, la cartera amb documentaci\u00f3, 350 euros i les sabates que portava parades.","robots":{"index":"index","follow":"follow","max-snippet":"max-snippet:-1","max-image-preview":"max-image-preview:large","max-video-preview":"max-video-preview:-1"},"canonical":"https:\/\/radiolitoral.com\/ca\/2024\/03\/la-policia-nacional-de-denia-dete-els-presumptes-autors-dun-robatori-amb-violencia\/","og_locale":"ca_ES","og_type":"article","og_title":"La Polic\u00eda Nacional de D\u00e9nia detiene a los presuntos autores de un robo con violencia | R\u00e0dio Litoral","og_description":"Sustrajeron a la v\u00edctima dos tel\u00e9fonos m\u00f3viles, la cartera con documentaci\u00f3n, 350 euros y los zapatos que llevaba puestos Sustrajeron a la v\u00edctima dos tel\u00e9fonos m\u00f3viles, la cartera con documentaci\u00f3n, 350 euros y los zapatos que llevaba puestos","og_url":"https:\/\/radiolitoral.com\/ca\/2024\/03\/la-policia-nacional-de-denia-dete-els-presumptes-autors-dun-robatori-amb-violencia\/","og_site_name":"R\u00e0dio Litoral","article_publisher":"https:\/\/www.facebook.com\/Laradiolitoral\/","article_published_time":"2024-03-26T13:33:06+00:00","og_image":[{"width":1600,"height":900,"url":"https:\/\/media.radiolitoral.com\/wp-content\/uploads\/2024\/03\/15142541\/Policia-Nacional-4.jpg","type":"image\/jpeg"}],"author":"Redacci\u00f3n","twitter_card":"summary_large_image","twitter_misc":{"Escrit per":"Redacci\u00f3n","Temps estimat de lectura":"2 minuts"},"schema":{"@context":"https:\/\/schema.org","@graph":[{"@type":"NewsArticle","@id":"https:\/\/radiolitoral.com\/2024\/03\/la-policia-nacional-de-denia-detiene-a-los-presuntos-autores-de-un-robo-con-violencia\/#article","isPartOf":{"@id":"https:\/\/radiolitoral.com\/2024\/03\/la-policia-nacional-de-denia-detiene-a-los-presuntos-autores-de-un-robo-con-violencia\/"},"author":{"name":"Redacci\u00f3n","@id":"https:\/\/radiolitoral.com\/#\/schema\/person\/f2b2343c49b5d721857cc1002bfdb151"},"headline":"La Polic\u00eda Nacional de D\u00e9nia detiene a los presuntos autores de un robo con violencia","datePublished":"2024-03-26T13:33:06+00:00","mainEntityOfPage":{"@id":"https:\/\/radiolitoral.com\/2024\/03\/la-policia-nacional-de-denia-detiene-a-los-presuntos-autores-de-un-robo-con-violencia\/"},"wordCount":308,"commentCount":0,"publisher":{"@id":"https:\/\/radiolitoral.com\/#organization"},"image":{"@id":"https:\/\/radiolitoral.com\/2024\/03\/la-policia-nacional-de-denia-detiene-a-los-presuntos-autores-de-un-robo-con-violencia\/#primaryimage"},"thumbnailUrl":"https:\/\/media.radiolitoral.com\/wp-content\/uploads\/2024\/03\/15142541\/Policia-Nacional-4.jpg","keywords":["D\u00e9nia","Polic\u00eda nacional","robo con violencia","sucesos"],"articleSection":["Sucesos"],"inLanguage":"ca","potentialAction":[{"@type":"CommentAction","name":"Comment","target":["https:\/\/radiolitoral.com\/2024\/03\/la-policia-nacional-de-denia-detiene-a-los-presuntos-autores-de-un-robo-con-violencia\/#respond"]}]},{"@type":["WebPage","ItemPage"],"@id":"https:\/\/radiolitoral.com\/2024\/03\/la-policia-nacional-de-denia-detiene-a-los-presuntos-autores-de-un-robo-con-violencia\/","url":"https:\/\/radiolitoral.com\/2024\/03\/la-policia-nacional-de-denia-detiene-a-los-presuntos-autores-de-un-robo-con-violencia\/","name":"La Policia Nacional de D\u00e9nia det\u00e9 els presumptes autors d&#039;un robatori amb viol\u00e8ncia | R\u00e0dio Litoral","isPartOf":{"@id":"https:\/\/radiolitoral.com\/#website"},"primaryImageOfPage":{"@id":"https:\/\/radiolitoral.com\/2024\/03\/la-policia-nacional-de-denia-detiene-a-los-presuntos-autores-de-un-robo-con-violencia\/#primaryimage"},"image":{"@id":"https:\/\/radiolitoral.com\/2024\/03\/la-policia-nacional-de-denia-detiene-a-los-presuntos-autores-de-un-robo-con-violencia\/#primaryimage"},"thumbnailUrl":"https:\/\/media.radiolitoral.com\/wp-content\/uploads\/2024\/03\/15142541\/Policia-Nacional-4.jpg","datePublished":"2024-03-26T13:33:06+00:00","description":"Van sostraure a la v\u00edctima dos tel\u00e8fons m\u00f2bils, la cartera amb documentaci\u00f3, 350 euros i les sabates que portava parades.","breadcrumb":{"@id":"https:\/\/radiolitoral.com\/2024\/03\/la-policia-nacional-de-denia-detiene-a-los-presuntos-autores-de-un-robo-con-violencia\/#breadcrumb"},"inLanguage":"ca","potentialAction":[{"@type":"ReadAction","target":["https:\/\/radiolitoral.com\/2024\/03\/la-policia-nacional-de-denia-detiene-a-los-presuntos-autores-de-un-robo-con-violencia\/"]}]},{"@type":"ImageObject","inLanguage":"ca","@id":"https:\/\/radiolitoral.com\/2024\/03\/la-policia-nacional-de-denia-detiene-a-los-presuntos-autores-de-un-robo-con-violencia\/#primaryimage","url":"https:\/\/media.radiolitoral.com\/wp-content\/uploads\/2024\/03\/15142541\/Policia-Nacional-4.jpg","contentUrl":"https:\/\/media.radiolitoral.com\/wp-content\/uploads\/2024\/03\/15142541\/Policia-Nacional-4.jpg","width":1600,"height":900},{"@type":"BreadcrumbList","@id":"https:\/\/radiolitoral.com\/2024\/03\/la-policia-nacional-de-denia-detiene-a-los-presuntos-autores-de-un-robo-con-violencia\/#breadcrumb","itemListElement":[{"@type":"ListItem","position":1,"name":"Portada","item":"https:\/\/radiolitoral.com\/"},{"@type":"ListItem","position":2,"name":"La Polic\u00eda Nacional de D\u00e9nia detiene a los presuntos autores de un robo con violencia"}]},{"@type":"WebSite","@id":"https:\/\/radiolitoral.com\/#website","url":"https:\/\/radiolitoral.com\/","name":"R\u00e0dio Litoral","description":"La r\u00e0dio local de la Marina Alta","publisher":{"@id":"https:\/\/radiolitoral.com\/#organization"},"alternateName":"Litoral FM","potentialAction":[{"@type":"SearchAction","target":{"@type":"EntryPoint","urlTemplate":"https:\/\/radiolitoral.com\/?s={search_term_string}"},"query-input":{"@type":"PropertyValueSpecification","valueRequired":true,"valueName":"search_term_string"}}],"inLanguage":"ca"},{"@type":"Organization","@id":"https:\/\/radiolitoral.com\/#organization","name":"R\u00e0dio Litoral","url":"https:\/\/radiolitoral.com\/","logo":{"@type":"ImageObject","inLanguage":"ca","@id":"https:\/\/radiolitoral.com\/#\/schema\/logo\/image\/","url":"https:\/\/media.radiolitoral.com\/wp-content\/uploads\/2023\/02\/24143238\/CL-V-RadioLitoral696.png","contentUrl":"https:\/\/media.radiolitoral.com\/wp-content\/uploads\/2023\/02\/24143238\/CL-V-RadioLitoral696.png","width":696,"height":696,"caption":"Radio Litoral"},"image":{"@id":"https:\/\/radiolitoral.com\/#\/schema\/logo\/image\/"},"sameAs":["https:\/\/www.facebook.com\/Laradiolitoral\/"]},{"@type":"Person","@id":"https:\/\/radiolitoral.com\/#\/schema\/person\/f2b2343c49b5d721857cc1002bfdb151","name":"Redacci\u00f3","image":{"@type":"ImageObject","inLanguage":"ca","@id":"https:\/\/secure.gravatar.com\/avatar\/f771d896c203ad8b3382d7905cfcce5a5c9b008b84b3cd9114e9b9f4cb63f789?s=96&d=mm&r=g","url":"https:\/\/secure.gravatar.com\/avatar\/f771d896c203ad8b3382d7905cfcce5a5c9b008b84b3cd9114e9b9f4cb63f789?s=96&d=mm&r=g","contentUrl":"https:\/\/secure.gravatar.com\/avatar\/f771d896c203ad8b3382d7905cfcce5a5c9b008b84b3cd9114e9b9f4cb63f789?s=96&d=mm&r=g","caption":"Redacci\u00f3n"},"url":"https:\/\/radiolitoral.com\/ca\/author\/miriam-pagan\/"}]}},"_links":{"self":[{"href":"https:\/\/radiolitoral.com\/ca\/wp-json\/wp\/v2\/posts\/7848","targetHints":{"allow":["GET"]}}],"collection":[{"href":"https:\/\/radiolitoral.com\/ca\/wp-json\/wp\/v2\/posts"}],"about":[{"href":"https:\/\/radiolitoral.com\/ca\/wp-json\/wp\/v2\/types\/post"}],"author":[{"embeddable":true,"href":"https:\/\/radiolitoral.com\/ca\/wp-json\/wp\/v2\/users\/13"}],"replies":[{"embeddable":true,"href":"https:\/\/radiolitoral.com\/ca\/wp-json\/wp\/v2\/comments?post=7848"}],"version-history":[{"count":1,"href":"https:\/\/radiolitoral.com\/ca\/wp-json\/wp\/v2\/posts\/7848\/revisions"}],"predecessor-version":[{"id":7851,"href":"https:\/\/radiolitoral.com\/ca\/wp-json\/wp\/v2\/posts\/7848\/revisions\/7851"}],"wp:featuredmedia":[{"embeddable":true,"href":"https:\/\/radiolitoral.com\/ca\/wp-json\/wp\/v2\/media\/7512"}],"wp:attachment":[{"href":"https:\/\/radiolitoral.com\/ca\/wp-json\/wp\/v2\/media?parent=7848"}],"wp:term":[{"taxonomy":"category","embeddable":true,"href":"https:\/\/radiolitoral.com\/ca\/wp-json\/wp\/v2\/categories?post=7848"},{"taxonomy":"post_tag","embeddable":true,"href":"https:\/\/radiolitoral.com\/ca\/wp-json\/wp\/v2\/tags?post=7848"}],"curies":[{"name":"wp","href":"https:\/\/api.w.org\/{rel}","templated":true}]}}