{"id":7842,"date":"2024-03-26T14:12:49","date_gmt":"2024-03-26T13:12:49","guid":{"rendered":"https:\/\/radiolitoral.com\/?p=7842"},"modified":"2024-03-26T14:12:49","modified_gmt":"2024-03-26T13:12:49","slug":"projecte-coe-i-duca-uned-denia","status":"publish","type":"post","link":"https:\/\/radiolitoral.com\/ca\/2024\/03\/proyecto-coe-y-duca-uned-denia\/","title":{"rendered":"Coe i Duca, el nou projecte de la UNED D\u00e9nia per promoure la igualtat de g\u00e8nere"},"content":{"rendered":"<p>El centre UNED de D\u00e9nia ha presentat un nou projecte educatiu enfocat a la <strong>igualtat de g\u00e8nere adre\u00e7at a nens<\/strong>. La proposta ha estat exposada per representants de la UNED, inclosos Raquel Mart\u00ed, directora del Centre Associat de la UNED a D\u00e9nia; Jos\u00e9 Monserrat, secretari del centre; Raquel P\u00e9rez, coordinadora de formaci\u00f3; i Juan Manuel Lacruz, vicerector de la UNED. Els personatges principals del projecte s\u00f3n<strong> Coe i Duca<\/strong>, acompanyats del seu gos <strong>Iguali<\/strong>, dissenyats per impulsar la coeducaci\u00f3 a l&#039;educaci\u00f3 infantil i prim\u00e0ria a trav\u00e9s de recursos, activitats i jocs que promouen la consci\u00e8ncia sobre la igualtat de g\u00e8nere.<\/p>\n<p>Per desenvolupar aquest projecte, la <strong>C\u00e0tedra d&#039;Igualtat de la UNED<\/strong> ha dut a terme estudis bibliogr\u00e0fics i de camp a col\u00b7legis de la Marina Alta, incloses avaluacions abans i despr\u00e9s de les activitats educatives per avaluar l&#039;impacte en la percepci\u00f3 d&#039;igualtat de g\u00e8nere entre els estudiants.<\/p>\n<p>Se n&#039;han creat dos <strong>llibres<\/strong>: \u201cCoe i Duca busquen un regal\u201d per a educaci\u00f3 infantil i \u201cCoe i Duca investiguen les cures\u201d per a prim\u00e0ria, tots dos destinats a q\u00fcestionar la selecci\u00f3 de joguines basada en estereotips de g\u00e8nere ia promoure la distribuci\u00f3 igualit\u00e0ria de les tasques dom\u00e8stiques. A m\u00e9s, s&#039;ha desenvolupat una <strong>p\u00e0gina web i una aplicaci\u00f3 m\u00f2bil<\/strong> que permeten a nens i fam\u00edlies interactuar i aprendre amb Coe i Duca, per tal de contribuir a una societat m\u00e9s equitativa i disminuir la discriminaci\u00f3 de g\u00e8nere. El Vicerector de la UNED ha destacat la rellev\u00e0ncia del projecte.<\/p>","protected":false},"excerpt":{"rendered":"<p>El centro UNED de D\u00e9nia ha presentado un nuevo proyecto educativo enfocado en la igualdad de g\u00e9nero dirigido a ni\u00f1os. La propuesta ha sido expuesta por representantes de la UNED, incluidos Raquel Mart\u00ed, directora del Centro Asociado de la UNED en D\u00e9nia; Jos\u00e9 Monserrat, secretario del centro; Raquel P\u00e9rez, coordinadora de formaci\u00f3n; y Juan Manuel [&#8230;]<\/p>\n<p><a class=\"btn btn-secondary understrap-read-more-link\" href=\"https:\/\/radiolitoral.com\/ca\/2024\/03\/proyecto-coe-y-duca-uned-denia\/\">Continua llegint&#8230;<span class=\"screen-reader-text\"> from Coe y Duca, el nuevo proyecto de la UNED D\u00e9nia para promover la igualdad de g\u00e9nero<\/span><\/a><\/p>\n","protected":false},"author":11,"featured_media":7843,"comment_status":"open","ping_status":"closed","sticky":false,"template":"","format":"standard","meta":{"_acf_changed":false,"inline_featured_image":false,"footnotes":""},"categories":[130],"tags":[1117,191,119,798],"class_list":["post-7842","post","type-post","status-publish","format-standard","has-post-thumbnail","hentry","category-educacion","tag-coeyduca","tag-denia","tag-igualdad","tag-uned","cobertura-denia"],"acf":[],"yoast_head":"<!-- This site is optimized with the Yoast SEO plugin v27.5 - https:\/\/yoast.com\/product\/yoast-seo-wordpress\/ -->\n<title>Coe y Duca, el nuevo proyecto de la UNED D\u00e9nia para promover la igualdad de g\u00e9nero | R\u00e0dio Litoral<\/title>\n<meta name=\"description\" content=\"La iniciativa introduce recursos educativos para llevar la formaci\u00f3n en igualdad a las aulas\" \/>\n<meta name=\"robots\" content=\"index, follow, max-snippet:-1, max-image-preview:large, max-video-preview:-1\" \/>\n<link rel=\"canonical\" href=\"https:\/\/radiolitoral.com\/ca\/2024\/03\/projecte-coe-i-duca-uned-denia\/\" \/>\n<meta property=\"og:locale\" content=\"ca_ES\" \/>\n<meta property=\"og:type\" content=\"article\" \/>\n<meta property=\"og:title\" content=\"Coe y Duca, el nuevo proyecto de la UNED D\u00e9nia para promover la igualdad de g\u00e9nero | R\u00e0dio Litoral\" \/>\n<meta property=\"og:description\" content=\"La iniciativa introduce recursos educativos para llevar la formaci\u00f3n en igualdad a las aulas\" \/>\n<meta property=\"og:url\" content=\"https:\/\/radiolitoral.com\/ca\/2024\/03\/projecte-coe-i-duca-uned-denia\/\" \/>\n<meta property=\"og:site_name\" content=\"R\u00e0dio Litoral\" \/>\n<meta property=\"article:publisher\" content=\"https:\/\/www.facebook.com\/Laradiolitoral\/\" \/>\n<meta property=\"article:published_time\" content=\"2024-03-26T13:12:49+00:00\" \/>\n<meta property=\"og:image\" content=\"https:\/\/media.radiolitoral.com\/wp-content\/uploads\/2024\/03\/26141136\/WhatsApp-Image-2024-03-26-at-11.44.02.jpeg\" \/>\n\t<meta property=\"og:image:width\" content=\"1600\" \/>\n\t<meta property=\"og:image:height\" content=\"900\" \/>\n\t<meta property=\"og:image:type\" content=\"image\/jpeg\" \/>\n<meta name=\"author\" content=\"Redacci\u00f3n\" \/>\n<meta name=\"twitter:card\" content=\"summary_large_image\" \/>\n<meta name=\"twitter:label1\" content=\"Escrit per\" \/>\n\t<meta name=\"twitter:data1\" content=\"Redacci\u00f3n\" \/>\n\t<meta name=\"twitter:label2\" content=\"Temps estimat de lectura\" \/>\n\t<meta name=\"twitter:data2\" content=\"2 minuts\" \/>\n<script type=\"application\/ld+json\" class=\"yoast-schema-graph\">{\"@context\":\"https:\\\/\\\/schema.org\",\"@graph\":[{\"@type\":\"NewsArticle\",\"@id\":\"https:\\\/\\\/radiolitoral.com\\\/2024\\\/03\\\/proyecto-coe-y-duca-uned-denia\\\/#article\",\"isPartOf\":{\"@id\":\"https:\\\/\\\/radiolitoral.com\\\/2024\\\/03\\\/proyecto-coe-y-duca-uned-denia\\\/\"},\"author\":{\"name\":\"Redacci\u00f3n\",\"@id\":\"https:\\\/\\\/radiolitoral.com\\\/#\\\/schema\\\/person\\\/aaadc9e35663a92bd94a05f5816f296d\"},\"headline\":\"Coe y Duca, el nuevo proyecto de la UNED D\u00e9nia para promover la igualdad de g\u00e9nero\",\"datePublished\":\"2024-03-26T13:12:49+00:00\",\"mainEntityOfPage\":{\"@id\":\"https:\\\/\\\/radiolitoral.com\\\/2024\\\/03\\\/proyecto-coe-y-duca-uned-denia\\\/\"},\"wordCount\":296,\"commentCount\":0,\"publisher\":{\"@id\":\"https:\\\/\\\/radiolitoral.com\\\/#organization\"},\"image\":{\"@id\":\"https:\\\/\\\/radiolitoral.com\\\/2024\\\/03\\\/proyecto-coe-y-duca-uned-denia\\\/#primaryimage\"},\"thumbnailUrl\":\"https:\\\/\\\/media.radiolitoral.com\\\/wp-content\\\/uploads\\\/2024\\\/03\\\/26141136\\\/WhatsApp-Image-2024-03-26-at-11.44.02.jpeg\",\"keywords\":[\"CoeyDuca\",\"D\u00e9nia\",\"igualdad\",\"UNED\"],\"articleSection\":[\"Educaci\u00f3n\"],\"inLanguage\":\"ca\",\"potentialAction\":[{\"@type\":\"CommentAction\",\"name\":\"Comment\",\"target\":[\"https:\\\/\\\/radiolitoral.com\\\/2024\\\/03\\\/proyecto-coe-y-duca-uned-denia\\\/#respond\"]}]},{\"@type\":[\"WebPage\",\"ItemPage\"],\"@id\":\"https:\\\/\\\/radiolitoral.com\\\/2024\\\/03\\\/proyecto-coe-y-duca-uned-denia\\\/\",\"url\":\"https:\\\/\\\/radiolitoral.com\\\/2024\\\/03\\\/proyecto-coe-y-duca-uned-denia\\\/\",\"name\":\"Coe y Duca, el nuevo proyecto de la UNED D\u00e9nia para promover la igualdad de g\u00e9nero | R\u00e0dio Litoral\",\"isPartOf\":{\"@id\":\"https:\\\/\\\/radiolitoral.com\\\/#website\"},\"primaryImageOfPage\":{\"@id\":\"https:\\\/\\\/radiolitoral.com\\\/2024\\\/03\\\/proyecto-coe-y-duca-uned-denia\\\/#primaryimage\"},\"image\":{\"@id\":\"https:\\\/\\\/radiolitoral.com\\\/2024\\\/03\\\/proyecto-coe-y-duca-uned-denia\\\/#primaryimage\"},\"thumbnailUrl\":\"https:\\\/\\\/media.radiolitoral.com\\\/wp-content\\\/uploads\\\/2024\\\/03\\\/26141136\\\/WhatsApp-Image-2024-03-26-at-11.44.02.jpeg\",\"datePublished\":\"2024-03-26T13:12:49+00:00\",\"description\":\"La iniciativa introduce recursos educativos para llevar la formaci\u00f3n en igualdad a las aulas\",\"breadcrumb\":{\"@id\":\"https:\\\/\\\/radiolitoral.com\\\/2024\\\/03\\\/proyecto-coe-y-duca-uned-denia\\\/#breadcrumb\"},\"inLanguage\":\"ca\",\"potentialAction\":[{\"@type\":\"ReadAction\",\"target\":[\"https:\\\/\\\/radiolitoral.com\\\/2024\\\/03\\\/proyecto-coe-y-duca-uned-denia\\\/\"]}]},{\"@type\":\"ImageObject\",\"inLanguage\":\"ca\",\"@id\":\"https:\\\/\\\/radiolitoral.com\\\/2024\\\/03\\\/proyecto-coe-y-duca-uned-denia\\\/#primaryimage\",\"url\":\"https:\\\/\\\/media.radiolitoral.com\\\/wp-content\\\/uploads\\\/2024\\\/03\\\/26141136\\\/WhatsApp-Image-2024-03-26-at-11.44.02.jpeg\",\"contentUrl\":\"https:\\\/\\\/media.radiolitoral.com\\\/wp-content\\\/uploads\\\/2024\\\/03\\\/26141136\\\/WhatsApp-Image-2024-03-26-at-11.44.02.jpeg\",\"width\":1600,\"height\":900,\"caption\":\"Presentaci\u00f3 Coe i Duca en UNED D\u00e9nia | Redacci\u00f3n\"},{\"@type\":\"BreadcrumbList\",\"@id\":\"https:\\\/\\\/radiolitoral.com\\\/2024\\\/03\\\/proyecto-coe-y-duca-uned-denia\\\/#breadcrumb\",\"itemListElement\":[{\"@type\":\"ListItem\",\"position\":1,\"name\":\"Portada\",\"item\":\"https:\\\/\\\/radiolitoral.com\\\/\"},{\"@type\":\"ListItem\",\"position\":2,\"name\":\"Coe y Duca, el nuevo proyecto de la UNED D\u00e9nia para promover la igualdad de g\u00e9nero\"}]},{\"@type\":\"WebSite\",\"@id\":\"https:\\\/\\\/radiolitoral.com\\\/#website\",\"url\":\"https:\\\/\\\/radiolitoral.com\\\/\",\"name\":\"Radio Litoral\",\"description\":\"La radio local de la Marina Alta\",\"publisher\":{\"@id\":\"https:\\\/\\\/radiolitoral.com\\\/#organization\"},\"alternateName\":\"Litoral FM\",\"potentialAction\":[{\"@type\":\"SearchAction\",\"target\":{\"@type\":\"EntryPoint\",\"urlTemplate\":\"https:\\\/\\\/radiolitoral.com\\\/?s={search_term_string}\"},\"query-input\":{\"@type\":\"PropertyValueSpecification\",\"valueRequired\":true,\"valueName\":\"search_term_string\"}}],\"inLanguage\":\"ca\"},{\"@type\":\"Organization\",\"@id\":\"https:\\\/\\\/radiolitoral.com\\\/#organization\",\"name\":\"Radio Litoral\",\"url\":\"https:\\\/\\\/radiolitoral.com\\\/\",\"logo\":{\"@type\":\"ImageObject\",\"inLanguage\":\"ca\",\"@id\":\"https:\\\/\\\/radiolitoral.com\\\/#\\\/schema\\\/logo\\\/image\\\/\",\"url\":\"https:\\\/\\\/media.radiolitoral.com\\\/wp-content\\\/uploads\\\/2023\\\/02\\\/24143238\\\/CL-V-RadioLitoral696.png\",\"contentUrl\":\"https:\\\/\\\/media.radiolitoral.com\\\/wp-content\\\/uploads\\\/2023\\\/02\\\/24143238\\\/CL-V-RadioLitoral696.png\",\"width\":696,\"height\":696,\"caption\":\"Radio Litoral\"},\"image\":{\"@id\":\"https:\\\/\\\/radiolitoral.com\\\/#\\\/schema\\\/logo\\\/image\\\/\"},\"sameAs\":[\"https:\\\/\\\/www.facebook.com\\\/Laradiolitoral\\\/\"]},{\"@type\":\"Person\",\"@id\":\"https:\\\/\\\/radiolitoral.com\\\/#\\\/schema\\\/person\\\/aaadc9e35663a92bd94a05f5816f296d\",\"name\":\"Redacci\u00f3n\",\"image\":{\"@type\":\"ImageObject\",\"inLanguage\":\"ca\",\"@id\":\"https:\\\/\\\/secure.gravatar.com\\\/avatar\\\/e4e253cf49afb8c76a2aca487577f1ff5c098c82b3cf2b0a85f03f83dcb96c31?s=96&d=mm&r=g\",\"url\":\"https:\\\/\\\/secure.gravatar.com\\\/avatar\\\/e4e253cf49afb8c76a2aca487577f1ff5c098c82b3cf2b0a85f03f83dcb96c31?s=96&d=mm&r=g\",\"contentUrl\":\"https:\\\/\\\/secure.gravatar.com\\\/avatar\\\/e4e253cf49afb8c76a2aca487577f1ff5c098c82b3cf2b0a85f03f83dcb96c31?s=96&d=mm&r=g\",\"caption\":\"Redacci\u00f3n\"},\"url\":\"https:\\\/\\\/radiolitoral.com\\\/ca\\\/author\\\/alba-alborch\\\/\"}]}<\/script>\n<!-- \/ Yoast SEO plugin. -->","yoast_head_json":{"title":"Coe i Duca, el nou projecte de la UNED D\u00e9nia per promoure la igualtat de g\u00e8nere | R\u00e0dio Litoral","description":"La iniciativa introdueix recursos educatius per portar la formaci\u00f3 en igualtat a les aules","robots":{"index":"index","follow":"follow","max-snippet":"max-snippet:-1","max-image-preview":"max-image-preview:large","max-video-preview":"max-video-preview:-1"},"canonical":"https:\/\/radiolitoral.com\/ca\/2024\/03\/projecte-coe-i-duca-uned-denia\/","og_locale":"ca_ES","og_type":"article","og_title":"Coe y Duca, el nuevo proyecto de la UNED D\u00e9nia para promover la igualdad de g\u00e9nero | R\u00e0dio Litoral","og_description":"La iniciativa introduce recursos educativos para llevar la formaci\u00f3n en igualdad a las aulas","og_url":"https:\/\/radiolitoral.com\/ca\/2024\/03\/projecte-coe-i-duca-uned-denia\/","og_site_name":"R\u00e0dio Litoral","article_publisher":"https:\/\/www.facebook.com\/Laradiolitoral\/","article_published_time":"2024-03-26T13:12:49+00:00","og_image":[{"width":1600,"height":900,"url":"https:\/\/media.radiolitoral.com\/wp-content\/uploads\/2024\/03\/26141136\/WhatsApp-Image-2024-03-26-at-11.44.02.jpeg","type":"image\/jpeg"}],"author":"Redacci\u00f3n","twitter_card":"summary_large_image","twitter_misc":{"Escrit per":"Redacci\u00f3n","Temps estimat de lectura":"2 minuts"},"schema":{"@context":"https:\/\/schema.org","@graph":[{"@type":"NewsArticle","@id":"https:\/\/radiolitoral.com\/2024\/03\/proyecto-coe-y-duca-uned-denia\/#article","isPartOf":{"@id":"https:\/\/radiolitoral.com\/2024\/03\/proyecto-coe-y-duca-uned-denia\/"},"author":{"name":"Redacci\u00f3n","@id":"https:\/\/radiolitoral.com\/#\/schema\/person\/aaadc9e35663a92bd94a05f5816f296d"},"headline":"Coe y Duca, el nuevo proyecto de la UNED D\u00e9nia para promover la igualdad de g\u00e9nero","datePublished":"2024-03-26T13:12:49+00:00","mainEntityOfPage":{"@id":"https:\/\/radiolitoral.com\/2024\/03\/proyecto-coe-y-duca-uned-denia\/"},"wordCount":296,"commentCount":0,"publisher":{"@id":"https:\/\/radiolitoral.com\/#organization"},"image":{"@id":"https:\/\/radiolitoral.com\/2024\/03\/proyecto-coe-y-duca-uned-denia\/#primaryimage"},"thumbnailUrl":"https:\/\/media.radiolitoral.com\/wp-content\/uploads\/2024\/03\/26141136\/WhatsApp-Image-2024-03-26-at-11.44.02.jpeg","keywords":["CoeyDuca","D\u00e9nia","igualdad","UNED"],"articleSection":["Educaci\u00f3n"],"inLanguage":"ca","potentialAction":[{"@type":"CommentAction","name":"Comment","target":["https:\/\/radiolitoral.com\/2024\/03\/proyecto-coe-y-duca-uned-denia\/#respond"]}]},{"@type":["WebPage","ItemPage"],"@id":"https:\/\/radiolitoral.com\/2024\/03\/proyecto-coe-y-duca-uned-denia\/","url":"https:\/\/radiolitoral.com\/2024\/03\/proyecto-coe-y-duca-uned-denia\/","name":"Coe i Duca, el nou projecte de la UNED D\u00e9nia per promoure la igualtat de g\u00e8nere | R\u00e0dio Litoral","isPartOf":{"@id":"https:\/\/radiolitoral.com\/#website"},"primaryImageOfPage":{"@id":"https:\/\/radiolitoral.com\/2024\/03\/proyecto-coe-y-duca-uned-denia\/#primaryimage"},"image":{"@id":"https:\/\/radiolitoral.com\/2024\/03\/proyecto-coe-y-duca-uned-denia\/#primaryimage"},"thumbnailUrl":"https:\/\/media.radiolitoral.com\/wp-content\/uploads\/2024\/03\/26141136\/WhatsApp-Image-2024-03-26-at-11.44.02.jpeg","datePublished":"2024-03-26T13:12:49+00:00","description":"La iniciativa introdueix recursos educatius per portar la formaci\u00f3 en igualtat a les aules","breadcrumb":{"@id":"https:\/\/radiolitoral.com\/2024\/03\/proyecto-coe-y-duca-uned-denia\/#breadcrumb"},"inLanguage":"ca","potentialAction":[{"@type":"ReadAction","target":["https:\/\/radiolitoral.com\/2024\/03\/proyecto-coe-y-duca-uned-denia\/"]}]},{"@type":"ImageObject","inLanguage":"ca","@id":"https:\/\/radiolitoral.com\/2024\/03\/proyecto-coe-y-duca-uned-denia\/#primaryimage","url":"https:\/\/media.radiolitoral.com\/wp-content\/uploads\/2024\/03\/26141136\/WhatsApp-Image-2024-03-26-at-11.44.02.jpeg","contentUrl":"https:\/\/media.radiolitoral.com\/wp-content\/uploads\/2024\/03\/26141136\/WhatsApp-Image-2024-03-26-at-11.44.02.jpeg","width":1600,"height":900,"caption":"Presentaci\u00f3 Coe i Duca en UNED D\u00e9nia | Redacci\u00f3n"},{"@type":"BreadcrumbList","@id":"https:\/\/radiolitoral.com\/2024\/03\/proyecto-coe-y-duca-uned-denia\/#breadcrumb","itemListElement":[{"@type":"ListItem","position":1,"name":"Portada","item":"https:\/\/radiolitoral.com\/"},{"@type":"ListItem","position":2,"name":"Coe y Duca, el nuevo proyecto de la UNED D\u00e9nia para promover la igualdad de g\u00e9nero"}]},{"@type":"WebSite","@id":"https:\/\/radiolitoral.com\/#website","url":"https:\/\/radiolitoral.com\/","name":"R\u00e0dio Litoral","description":"La r\u00e0dio local de la Marina Alta","publisher":{"@id":"https:\/\/radiolitoral.com\/#organization"},"alternateName":"Litoral FM","potentialAction":[{"@type":"SearchAction","target":{"@type":"EntryPoint","urlTemplate":"https:\/\/radiolitoral.com\/?s={search_term_string}"},"query-input":{"@type":"PropertyValueSpecification","valueRequired":true,"valueName":"search_term_string"}}],"inLanguage":"ca"},{"@type":"Organization","@id":"https:\/\/radiolitoral.com\/#organization","name":"R\u00e0dio Litoral","url":"https:\/\/radiolitoral.com\/","logo":{"@type":"ImageObject","inLanguage":"ca","@id":"https:\/\/radiolitoral.com\/#\/schema\/logo\/image\/","url":"https:\/\/media.radiolitoral.com\/wp-content\/uploads\/2023\/02\/24143238\/CL-V-RadioLitoral696.png","contentUrl":"https:\/\/media.radiolitoral.com\/wp-content\/uploads\/2023\/02\/24143238\/CL-V-RadioLitoral696.png","width":696,"height":696,"caption":"Radio Litoral"},"image":{"@id":"https:\/\/radiolitoral.com\/#\/schema\/logo\/image\/"},"sameAs":["https:\/\/www.facebook.com\/Laradiolitoral\/"]},{"@type":"Person","@id":"https:\/\/radiolitoral.com\/#\/schema\/person\/aaadc9e35663a92bd94a05f5816f296d","name":"Redacci\u00f3","image":{"@type":"ImageObject","inLanguage":"ca","@id":"https:\/\/secure.gravatar.com\/avatar\/e4e253cf49afb8c76a2aca487577f1ff5c098c82b3cf2b0a85f03f83dcb96c31?s=96&d=mm&r=g","url":"https:\/\/secure.gravatar.com\/avatar\/e4e253cf49afb8c76a2aca487577f1ff5c098c82b3cf2b0a85f03f83dcb96c31?s=96&d=mm&r=g","contentUrl":"https:\/\/secure.gravatar.com\/avatar\/e4e253cf49afb8c76a2aca487577f1ff5c098c82b3cf2b0a85f03f83dcb96c31?s=96&d=mm&r=g","caption":"Redacci\u00f3n"},"url":"https:\/\/radiolitoral.com\/ca\/author\/alba-alborch\/"}]}},"_links":{"self":[{"href":"https:\/\/radiolitoral.com\/ca\/wp-json\/wp\/v2\/posts\/7842","targetHints":{"allow":["GET"]}}],"collection":[{"href":"https:\/\/radiolitoral.com\/ca\/wp-json\/wp\/v2\/posts"}],"about":[{"href":"https:\/\/radiolitoral.com\/ca\/wp-json\/wp\/v2\/types\/post"}],"author":[{"embeddable":true,"href":"https:\/\/radiolitoral.com\/ca\/wp-json\/wp\/v2\/users\/11"}],"replies":[{"embeddable":true,"href":"https:\/\/radiolitoral.com\/ca\/wp-json\/wp\/v2\/comments?post=7842"}],"version-history":[{"count":1,"href":"https:\/\/radiolitoral.com\/ca\/wp-json\/wp\/v2\/posts\/7842\/revisions"}],"predecessor-version":[{"id":7844,"href":"https:\/\/radiolitoral.com\/ca\/wp-json\/wp\/v2\/posts\/7842\/revisions\/7844"}],"wp:featuredmedia":[{"embeddable":true,"href":"https:\/\/radiolitoral.com\/ca\/wp-json\/wp\/v2\/media\/7843"}],"wp:attachment":[{"href":"https:\/\/radiolitoral.com\/ca\/wp-json\/wp\/v2\/media?parent=7842"}],"wp:term":[{"taxonomy":"category","embeddable":true,"href":"https:\/\/radiolitoral.com\/ca\/wp-json\/wp\/v2\/categories?post=7842"},{"taxonomy":"post_tag","embeddable":true,"href":"https:\/\/radiolitoral.com\/ca\/wp-json\/wp\/v2\/tags?post=7842"}],"curies":[{"name":"wp","href":"https:\/\/api.w.org\/{rel}","templated":true}]}}