{"id":7826,"date":"2024-03-26T11:28:30","date_gmt":"2024-03-26T10:28:30","guid":{"rendered":"https:\/\/radiolitoral.com\/?p=7826"},"modified":"2024-03-26T11:28:30","modified_gmt":"2024-03-26T10:28:30","slug":"benissa-viu-de-prop-el-muntatge-dels-pinacles-que-coronessin-la-basilica-de-la-purissima-noia","status":"publish","type":"post","link":"https:\/\/radiolitoral.com\/ca\/2024\/03\/benissa-vive-de-cerca-el-montaje-de-los-pinaculos-que-coronaran-la-basilica-de-la-purissima-xiqueta\/","title":{"rendered":"Benissa viu de prop el muntatge dels pinacles que coronaran la bas\u00edlica de la Pur\u00edssima Xiqueta"},"content":{"rendered":"<p>A un mes d&#039;homenatjar la seva patrona, la Pur\u00edssima Xiqueta, <strong>Benissa<\/strong> es troba immersa en els treballs per a la instal\u00b7laci\u00f3 de les<a href=\"https:\/\/radiolitoral.com\/ca\/2024\/01\/la-basilica-de-la-purissima-noia-de-benissa-creixes-17-metres\/\"><strong> dues gegantines agulles de 16 metres<\/strong><\/a> sobre les torres campanar que flanquegen el temple que porta el seu nom, i sobre elles, se&#039;n col\u00b7locaran dos <strong>enormes estrelles<\/strong> de vuit puntes.<\/p>\n<p>Tot un desplegament, que sorpr\u00e8n aquests dies propis i estranys, a la c\u00e8ntrica pla\u00e7a Rei Jaume I, davant de la <strong>Bas\u00edlica de la Pur\u00edssima Xiqueta i Sant Pere Ap\u00f2stol. <\/strong><\/p>\n<p><strong>Francisco Ramos, responsable t\u00e8cnic<\/strong> de l&#039;empresa que executa aquest projecte arquitect\u00f2nic, <strong>Cobertes T\u00e8cniques a Fusta<\/strong>, ha explicat a trav\u00e9s d&#039;un v\u00eddeo que es difon per xarxes socials que els <strong>dos pinacles<\/strong>, amb qu\u00e8 culminar l&#039;obra que va comen\u00e7ar a executar-se el 1902, estaran revestits. La <strong>base est\u00e0 feta de fusta laminada<\/strong> d&#039;origen nacional i tractada amb antifungicides.<\/p>\n<p>Com a dada curiosa, Ramos explica que els dos campanars de la tamb\u00e9 coneguda com la Catedral de la Marina no s\u00f3n exactament iguals, hi ha difer\u00e8ncies en les seves mesures, encara que des del carrer no es percebi.<\/p>\n<audio class=\"wp-audio-shortcode\" id=\"audio-7826-1\" preload=\"none\" style=\"width: 100%;\" controls=\"controls\"><source type=\"audio\/mpeg\" src=\"https:\/\/media.radiolitoral.com\/wp-content\/uploads\/2024\/03\/26111313\/Francisco-Ramos.mp3?_=1\" \/><a href=\"https:\/\/media.radiolitoral.com\/wp-content\/uploads\/2024\/03\/26111313\/Francisco-Ramos.mp3\">https:\/\/media.radiolitoral.com\/wp-content\/uploads\/2024\/03\/26111313\/Francisco-Ramos.mp3<\/a><\/audio>\n<p>&nbsp;<\/p>\n<p><img loading=\"lazy\" decoding=\"async\" class=\"size-medium wp-image-7828 alignleft\" src=\"https:\/\/media.radiolitoral.com\/wp-content\/uploads\/2024\/03\/26111427\/Benissa-preparando-los-pinaculos-1-e1711448802559-300x210.jpeg\" alt=\"\" width=\"300\" height=\"210\" srcset=\"https:\/\/media.radiolitoral.com\/wp-content\/uploads\/2024\/03\/26111427\/Benissa-preparando-los-pinaculos-1-e1711448802559-300x210.jpeg 300w, https:\/\/media.radiolitoral.com\/wp-content\/uploads\/2024\/03\/26111427\/Benissa-preparando-los-pinaculos-1-e1711448802559-1024x719.jpeg 1024w, https:\/\/media.radiolitoral.com\/wp-content\/uploads\/2024\/03\/26111427\/Benissa-preparando-los-pinaculos-1-e1711448802559-768x539.jpeg 768w, https:\/\/media.radiolitoral.com\/wp-content\/uploads\/2024\/03\/26111427\/Benissa-preparando-los-pinaculos-1-e1711448802559-1536x1078.jpeg 1536w, https:\/\/media.radiolitoral.com\/wp-content\/uploads\/2024\/03\/26111427\/Benissa-preparando-los-pinaculos-1-e1711448802559-18x12.jpeg 18w, https:\/\/media.radiolitoral.com\/wp-content\/uploads\/2024\/03\/26111427\/Benissa-preparando-los-pinaculos-1-e1711448802559-1000x702.jpeg 1000w, https:\/\/media.radiolitoral.com\/wp-content\/uploads\/2024\/03\/26111427\/Benissa-preparando-los-pinaculos-1-e1711448802559-100x70.jpeg 100w, https:\/\/media.radiolitoral.com\/wp-content\/uploads\/2024\/03\/26111427\/Benissa-preparando-los-pinaculos-1-e1711448802559-200x140.jpeg 200w, https:\/\/media.radiolitoral.com\/wp-content\/uploads\/2024\/03\/26111427\/Benissa-preparando-los-pinaculos-1-e1711448802559.jpeg 2048w\" sizes=\"auto, (max-width: 300px) 100vw, 300px\" \/><\/p>\n<p>&nbsp;<\/p>\n<p>Aquesta nova estructura far\u00e0 cr\u00e9ixer el temple, conegut popularment com la <strong>Catedral de la Marina, <\/strong>tot un s\u00edmbol per a Benissa i la comarca.<\/p>\n<p>Una actuaci\u00f3 que se suma a una s\u00e8rie d&#039;activitats i accions amb qu\u00e8, aquest 2024, celebrar els 400 anys de l&#039;arribada de la imatge de la patrona, la Pur\u00edssima Xiqueta, a la localitat.<\/p>","protected":false},"excerpt":{"rendered":"<p>A un mes de homenajear a su patrona, la Pur\u00edssima Xiqueta, Benissa se encuentra inmersa en los trabajos para la instalaci\u00f3n de las dos gigantescas agujas de 16 metros sobre las torres campanario que flanquean el templo que lleva su nombre, y sobre ellas, se colocar\u00e1n dos enormes estrellas de ocho puntas. Todo un despliegue, [&#8230;]<\/p>\n<p><a class=\"btn btn-secondary understrap-read-more-link\" href=\"https:\/\/radiolitoral.com\/ca\/2024\/03\/benissa-vive-de-cerca-el-montaje-de-los-pinaculos-que-coronaran-la-basilica-de-la-purissima-xiqueta\/\">Continua llegint&#8230;<span class=\"screen-reader-text\"> from Benissa vive de cerca el montaje de los pin\u00e1culos que coronar\u00e1n la bas\u00edlica de la Pur\u00edssima Xiqueta<\/span><\/a><\/p>\n","protected":false},"author":13,"featured_media":7830,"comment_status":"open","ping_status":"closed","sticky":false,"template":"","format":"standard","meta":{"_acf_changed":false,"inline_featured_image":false,"footnotes":""},"categories":[870,46],"tags":[],"class_list":["post-7826","post","type-post","status-publish","format-standard","has-post-thumbnail","hentry","category-patrimonio","category-sociedad","cobertura-benissa"],"acf":[],"yoast_head":"<!-- This site is optimized with the Yoast SEO plugin v27.5 - https:\/\/yoast.com\/product\/yoast-seo-wordpress\/ -->\n<title>Benissa vive de cerca el montaje de los pin\u00e1culos que coronar\u00e1n la bas\u00edlica de la Pur\u00edssima Xiqueta | R\u00e0dio Litoral<\/title>\n<meta name=\"description\" content=\"Unas estructuras de madera laminada, que ser\u00e1n revestidas y fijadas sobre las dos torres campanario concluyendo el proyecto del templo\" \/>\n<meta name=\"robots\" content=\"index, follow, max-snippet:-1, max-image-preview:large, max-video-preview:-1\" \/>\n<link rel=\"canonical\" href=\"https:\/\/radiolitoral.com\/ca\/2024\/03\/benissa-viu-de-prop-el-muntatge-dels-pinacles-que-coronessin-la-basilica-de-la-purissima-noia\/\" \/>\n<meta property=\"og:locale\" content=\"ca_ES\" \/>\n<meta property=\"og:type\" content=\"article\" \/>\n<meta property=\"og:title\" content=\"Benissa vive de cerca el montaje de los pin\u00e1culos que coronar\u00e1n la bas\u00edlica de la Pur\u00edssima Xiqueta | R\u00e0dio Litoral\" \/>\n<meta property=\"og:description\" content=\"Unas estructuras de madera laminada, que ser\u00e1n revestidas y fijadas sobre las dos torres campanario concluyendo el proyecto del templo\" \/>\n<meta property=\"og:url\" content=\"https:\/\/radiolitoral.com\/ca\/2024\/03\/benissa-viu-de-prop-el-muntatge-dels-pinacles-que-coronessin-la-basilica-de-la-purissima-noia\/\" \/>\n<meta property=\"og:site_name\" content=\"R\u00e0dio Litoral\" \/>\n<meta property=\"article:publisher\" content=\"https:\/\/www.facebook.com\/Laradiolitoral\/\" \/>\n<meta property=\"article:published_time\" content=\"2024-03-26T10:28:30+00:00\" \/>\n<meta property=\"og:image\" content=\"https:\/\/media.radiolitoral.com\/wp-content\/uploads\/2024\/03\/26111433\/Benissa-preparando-los-pinaculos-3MJ--e1711448118495.jpeg\" \/>\n\t<meta property=\"og:image:width\" content=\"1200\" \/>\n\t<meta property=\"og:image:height\" content=\"994\" \/>\n\t<meta property=\"og:image:type\" content=\"image\/jpeg\" \/>\n<meta name=\"author\" content=\"Redacci\u00f3n\" \/>\n<meta name=\"twitter:card\" content=\"summary_large_image\" \/>\n<meta name=\"twitter:label1\" content=\"Escrit per\" \/>\n\t<meta name=\"twitter:data1\" content=\"Redacci\u00f3n\" \/>\n\t<meta name=\"twitter:label2\" content=\"Temps estimat de lectura\" \/>\n\t<meta name=\"twitter:data2\" content=\"2 minuts\" \/>\n<script type=\"application\/ld+json\" class=\"yoast-schema-graph\">{\"@context\":\"https:\\\/\\\/schema.org\",\"@graph\":[{\"@type\":\"NewsArticle\",\"@id\":\"https:\\\/\\\/radiolitoral.com\\\/2024\\\/03\\\/benissa-vive-de-cerca-el-montaje-de-los-pinaculos-que-coronaran-la-basilica-de-la-purissima-xiqueta\\\/#article\",\"isPartOf\":{\"@id\":\"https:\\\/\\\/radiolitoral.com\\\/2024\\\/03\\\/benissa-vive-de-cerca-el-montaje-de-los-pinaculos-que-coronaran-la-basilica-de-la-purissima-xiqueta\\\/\"},\"author\":{\"name\":\"Redacci\u00f3n\",\"@id\":\"https:\\\/\\\/radiolitoral.com\\\/#\\\/schema\\\/person\\\/f2b2343c49b5d721857cc1002bfdb151\"},\"headline\":\"Benissa vive de cerca el montaje de los pin\u00e1culos que coronar\u00e1n la bas\u00edlica de la Pur\u00edssima Xiqueta\",\"datePublished\":\"2024-03-26T10:28:30+00:00\",\"mainEntityOfPage\":{\"@id\":\"https:\\\/\\\/radiolitoral.com\\\/2024\\\/03\\\/benissa-vive-de-cerca-el-montaje-de-los-pinaculos-que-coronaran-la-basilica-de-la-purissima-xiqueta\\\/\"},\"wordCount\":288,\"commentCount\":0,\"publisher\":{\"@id\":\"https:\\\/\\\/radiolitoral.com\\\/#organization\"},\"image\":{\"@id\":\"https:\\\/\\\/radiolitoral.com\\\/2024\\\/03\\\/benissa-vive-de-cerca-el-montaje-de-los-pinaculos-que-coronaran-la-basilica-de-la-purissima-xiqueta\\\/#primaryimage\"},\"thumbnailUrl\":\"https:\\\/\\\/media.radiolitoral.com\\\/wp-content\\\/uploads\\\/2024\\\/03\\\/26111433\\\/Benissa-preparando-los-pinaculos-3MJ--e1711448118495.jpeg\",\"articleSection\":[\"Patrimonio\",\"Sociedad\"],\"inLanguage\":\"ca\",\"potentialAction\":[{\"@type\":\"CommentAction\",\"name\":\"Comment\",\"target\":[\"https:\\\/\\\/radiolitoral.com\\\/2024\\\/03\\\/benissa-vive-de-cerca-el-montaje-de-los-pinaculos-que-coronaran-la-basilica-de-la-purissima-xiqueta\\\/#respond\"]}]},{\"@type\":[\"WebPage\",\"ItemPage\"],\"@id\":\"https:\\\/\\\/radiolitoral.com\\\/2024\\\/03\\\/benissa-vive-de-cerca-el-montaje-de-los-pinaculos-que-coronaran-la-basilica-de-la-purissima-xiqueta\\\/\",\"url\":\"https:\\\/\\\/radiolitoral.com\\\/2024\\\/03\\\/benissa-vive-de-cerca-el-montaje-de-los-pinaculos-que-coronaran-la-basilica-de-la-purissima-xiqueta\\\/\",\"name\":\"Benissa vive de cerca el montaje de los pin\u00e1culos que coronar\u00e1n la bas\u00edlica de la Pur\u00edssima Xiqueta | R\u00e0dio Litoral\",\"isPartOf\":{\"@id\":\"https:\\\/\\\/radiolitoral.com\\\/#website\"},\"primaryImageOfPage\":{\"@id\":\"https:\\\/\\\/radiolitoral.com\\\/2024\\\/03\\\/benissa-vive-de-cerca-el-montaje-de-los-pinaculos-que-coronaran-la-basilica-de-la-purissima-xiqueta\\\/#primaryimage\"},\"image\":{\"@id\":\"https:\\\/\\\/radiolitoral.com\\\/2024\\\/03\\\/benissa-vive-de-cerca-el-montaje-de-los-pinaculos-que-coronaran-la-basilica-de-la-purissima-xiqueta\\\/#primaryimage\"},\"thumbnailUrl\":\"https:\\\/\\\/media.radiolitoral.com\\\/wp-content\\\/uploads\\\/2024\\\/03\\\/26111433\\\/Benissa-preparando-los-pinaculos-3MJ--e1711448118495.jpeg\",\"datePublished\":\"2024-03-26T10:28:30+00:00\",\"description\":\"Unas estructuras de madera laminada, que ser\u00e1n revestidas y fijadas sobre las dos torres campanario concluyendo el proyecto del templo\",\"breadcrumb\":{\"@id\":\"https:\\\/\\\/radiolitoral.com\\\/2024\\\/03\\\/benissa-vive-de-cerca-el-montaje-de-los-pinaculos-que-coronaran-la-basilica-de-la-purissima-xiqueta\\\/#breadcrumb\"},\"inLanguage\":\"ca\",\"potentialAction\":[{\"@type\":\"ReadAction\",\"target\":[\"https:\\\/\\\/radiolitoral.com\\\/2024\\\/03\\\/benissa-vive-de-cerca-el-montaje-de-los-pinaculos-que-coronaran-la-basilica-de-la-purissima-xiqueta\\\/\"]}]},{\"@type\":\"ImageObject\",\"inLanguage\":\"ca\",\"@id\":\"https:\\\/\\\/radiolitoral.com\\\/2024\\\/03\\\/benissa-vive-de-cerca-el-montaje-de-los-pinaculos-que-coronaran-la-basilica-de-la-purissima-xiqueta\\\/#primaryimage\",\"url\":\"https:\\\/\\\/media.radiolitoral.com\\\/wp-content\\\/uploads\\\/2024\\\/03\\\/26111433\\\/Benissa-preparando-los-pinaculos-3MJ--e1711448118495.jpeg\",\"contentUrl\":\"https:\\\/\\\/media.radiolitoral.com\\\/wp-content\\\/uploads\\\/2024\\\/03\\\/26111433\\\/Benissa-preparando-los-pinaculos-3MJ--e1711448118495.jpeg\",\"width\":1200,\"height\":994},{\"@type\":\"BreadcrumbList\",\"@id\":\"https:\\\/\\\/radiolitoral.com\\\/2024\\\/03\\\/benissa-vive-de-cerca-el-montaje-de-los-pinaculos-que-coronaran-la-basilica-de-la-purissima-xiqueta\\\/#breadcrumb\",\"itemListElement\":[{\"@type\":\"ListItem\",\"position\":1,\"name\":\"Portada\",\"item\":\"https:\\\/\\\/radiolitoral.com\\\/\"},{\"@type\":\"ListItem\",\"position\":2,\"name\":\"Benissa vive de cerca el montaje de los pin\u00e1culos que coronar\u00e1n la bas\u00edlica de la Pur\u00edssima Xiqueta\"}]},{\"@type\":\"WebSite\",\"@id\":\"https:\\\/\\\/radiolitoral.com\\\/#website\",\"url\":\"https:\\\/\\\/radiolitoral.com\\\/\",\"name\":\"Radio Litoral\",\"description\":\"La radio local de la Marina Alta\",\"publisher\":{\"@id\":\"https:\\\/\\\/radiolitoral.com\\\/#organization\"},\"alternateName\":\"Litoral FM\",\"potentialAction\":[{\"@type\":\"SearchAction\",\"target\":{\"@type\":\"EntryPoint\",\"urlTemplate\":\"https:\\\/\\\/radiolitoral.com\\\/?s={search_term_string}\"},\"query-input\":{\"@type\":\"PropertyValueSpecification\",\"valueRequired\":true,\"valueName\":\"search_term_string\"}}],\"inLanguage\":\"ca\"},{\"@type\":\"Organization\",\"@id\":\"https:\\\/\\\/radiolitoral.com\\\/#organization\",\"name\":\"Radio Litoral\",\"url\":\"https:\\\/\\\/radiolitoral.com\\\/\",\"logo\":{\"@type\":\"ImageObject\",\"inLanguage\":\"ca\",\"@id\":\"https:\\\/\\\/radiolitoral.com\\\/#\\\/schema\\\/logo\\\/image\\\/\",\"url\":\"https:\\\/\\\/media.radiolitoral.com\\\/wp-content\\\/uploads\\\/2023\\\/02\\\/24143238\\\/CL-V-RadioLitoral696.png\",\"contentUrl\":\"https:\\\/\\\/media.radiolitoral.com\\\/wp-content\\\/uploads\\\/2023\\\/02\\\/24143238\\\/CL-V-RadioLitoral696.png\",\"width\":696,\"height\":696,\"caption\":\"Radio Litoral\"},\"image\":{\"@id\":\"https:\\\/\\\/radiolitoral.com\\\/#\\\/schema\\\/logo\\\/image\\\/\"},\"sameAs\":[\"https:\\\/\\\/www.facebook.com\\\/Laradiolitoral\\\/\"]},{\"@type\":\"Person\",\"@id\":\"https:\\\/\\\/radiolitoral.com\\\/#\\\/schema\\\/person\\\/f2b2343c49b5d721857cc1002bfdb151\",\"name\":\"Redacci\u00f3n\",\"image\":{\"@type\":\"ImageObject\",\"inLanguage\":\"ca\",\"@id\":\"https:\\\/\\\/secure.gravatar.com\\\/avatar\\\/f771d896c203ad8b3382d7905cfcce5a5c9b008b84b3cd9114e9b9f4cb63f789?s=96&d=mm&r=g\",\"url\":\"https:\\\/\\\/secure.gravatar.com\\\/avatar\\\/f771d896c203ad8b3382d7905cfcce5a5c9b008b84b3cd9114e9b9f4cb63f789?s=96&d=mm&r=g\",\"contentUrl\":\"https:\\\/\\\/secure.gravatar.com\\\/avatar\\\/f771d896c203ad8b3382d7905cfcce5a5c9b008b84b3cd9114e9b9f4cb63f789?s=96&d=mm&r=g\",\"caption\":\"Redacci\u00f3n\"},\"url\":\"https:\\\/\\\/radiolitoral.com\\\/ca\\\/author\\\/miriam-pagan\\\/\"}]}<\/script>\n<!-- \/ Yoast SEO plugin. -->","yoast_head_json":{"title":"Benissa viu de prop el muntatge dels pinacles que coronaran la bas\u00edlica de la Pur\u00edssima Xiqueta | R\u00e0dio Litoral","description":"Unes estructures de fusta laminada, que seran revestides i fixades sobre les dues torres campanar concloent el projecte del temple","robots":{"index":"index","follow":"follow","max-snippet":"max-snippet:-1","max-image-preview":"max-image-preview:large","max-video-preview":"max-video-preview:-1"},"canonical":"https:\/\/radiolitoral.com\/ca\/2024\/03\/benissa-viu-de-prop-el-muntatge-dels-pinacles-que-coronessin-la-basilica-de-la-purissima-noia\/","og_locale":"ca_ES","og_type":"article","og_title":"Benissa vive de cerca el montaje de los pin\u00e1culos que coronar\u00e1n la bas\u00edlica de la Pur\u00edssima Xiqueta | R\u00e0dio Litoral","og_description":"Unas estructuras de madera laminada, que ser\u00e1n revestidas y fijadas sobre las dos torres campanario concluyendo el proyecto del templo","og_url":"https:\/\/radiolitoral.com\/ca\/2024\/03\/benissa-viu-de-prop-el-muntatge-dels-pinacles-que-coronessin-la-basilica-de-la-purissima-noia\/","og_site_name":"R\u00e0dio Litoral","article_publisher":"https:\/\/www.facebook.com\/Laradiolitoral\/","article_published_time":"2024-03-26T10:28:30+00:00","og_image":[{"width":1200,"height":994,"url":"https:\/\/media.radiolitoral.com\/wp-content\/uploads\/2024\/03\/26111433\/Benissa-preparando-los-pinaculos-3MJ--e1711448118495.jpeg","type":"image\/jpeg"}],"author":"Redacci\u00f3n","twitter_card":"summary_large_image","twitter_misc":{"Escrit per":"Redacci\u00f3n","Temps estimat de lectura":"2 minuts"},"schema":{"@context":"https:\/\/schema.org","@graph":[{"@type":"NewsArticle","@id":"https:\/\/radiolitoral.com\/2024\/03\/benissa-vive-de-cerca-el-montaje-de-los-pinaculos-que-coronaran-la-basilica-de-la-purissima-xiqueta\/#article","isPartOf":{"@id":"https:\/\/radiolitoral.com\/2024\/03\/benissa-vive-de-cerca-el-montaje-de-los-pinaculos-que-coronaran-la-basilica-de-la-purissima-xiqueta\/"},"author":{"name":"Redacci\u00f3n","@id":"https:\/\/radiolitoral.com\/#\/schema\/person\/f2b2343c49b5d721857cc1002bfdb151"},"headline":"Benissa vive de cerca el montaje de los pin\u00e1culos que coronar\u00e1n la bas\u00edlica de la Pur\u00edssima Xiqueta","datePublished":"2024-03-26T10:28:30+00:00","mainEntityOfPage":{"@id":"https:\/\/radiolitoral.com\/2024\/03\/benissa-vive-de-cerca-el-montaje-de-los-pinaculos-que-coronaran-la-basilica-de-la-purissima-xiqueta\/"},"wordCount":288,"commentCount":0,"publisher":{"@id":"https:\/\/radiolitoral.com\/#organization"},"image":{"@id":"https:\/\/radiolitoral.com\/2024\/03\/benissa-vive-de-cerca-el-montaje-de-los-pinaculos-que-coronaran-la-basilica-de-la-purissima-xiqueta\/#primaryimage"},"thumbnailUrl":"https:\/\/media.radiolitoral.com\/wp-content\/uploads\/2024\/03\/26111433\/Benissa-preparando-los-pinaculos-3MJ--e1711448118495.jpeg","articleSection":["Patrimonio","Sociedad"],"inLanguage":"ca","potentialAction":[{"@type":"CommentAction","name":"Comment","target":["https:\/\/radiolitoral.com\/2024\/03\/benissa-vive-de-cerca-el-montaje-de-los-pinaculos-que-coronaran-la-basilica-de-la-purissima-xiqueta\/#respond"]}]},{"@type":["WebPage","ItemPage"],"@id":"https:\/\/radiolitoral.com\/2024\/03\/benissa-vive-de-cerca-el-montaje-de-los-pinaculos-que-coronaran-la-basilica-de-la-purissima-xiqueta\/","url":"https:\/\/radiolitoral.com\/2024\/03\/benissa-vive-de-cerca-el-montaje-de-los-pinaculos-que-coronaran-la-basilica-de-la-purissima-xiqueta\/","name":"Benissa viu de prop el muntatge dels pinacles que coronaran la bas\u00edlica de la Pur\u00edssima Xiqueta | R\u00e0dio Litoral","isPartOf":{"@id":"https:\/\/radiolitoral.com\/#website"},"primaryImageOfPage":{"@id":"https:\/\/radiolitoral.com\/2024\/03\/benissa-vive-de-cerca-el-montaje-de-los-pinaculos-que-coronaran-la-basilica-de-la-purissima-xiqueta\/#primaryimage"},"image":{"@id":"https:\/\/radiolitoral.com\/2024\/03\/benissa-vive-de-cerca-el-montaje-de-los-pinaculos-que-coronaran-la-basilica-de-la-purissima-xiqueta\/#primaryimage"},"thumbnailUrl":"https:\/\/media.radiolitoral.com\/wp-content\/uploads\/2024\/03\/26111433\/Benissa-preparando-los-pinaculos-3MJ--e1711448118495.jpeg","datePublished":"2024-03-26T10:28:30+00:00","description":"Unes estructures de fusta laminada, que seran revestides i fixades sobre les dues torres campanar concloent el projecte del temple","breadcrumb":{"@id":"https:\/\/radiolitoral.com\/2024\/03\/benissa-vive-de-cerca-el-montaje-de-los-pinaculos-que-coronaran-la-basilica-de-la-purissima-xiqueta\/#breadcrumb"},"inLanguage":"ca","potentialAction":[{"@type":"ReadAction","target":["https:\/\/radiolitoral.com\/2024\/03\/benissa-vive-de-cerca-el-montaje-de-los-pinaculos-que-coronaran-la-basilica-de-la-purissima-xiqueta\/"]}]},{"@type":"ImageObject","inLanguage":"ca","@id":"https:\/\/radiolitoral.com\/2024\/03\/benissa-vive-de-cerca-el-montaje-de-los-pinaculos-que-coronaran-la-basilica-de-la-purissima-xiqueta\/#primaryimage","url":"https:\/\/media.radiolitoral.com\/wp-content\/uploads\/2024\/03\/26111433\/Benissa-preparando-los-pinaculos-3MJ--e1711448118495.jpeg","contentUrl":"https:\/\/media.radiolitoral.com\/wp-content\/uploads\/2024\/03\/26111433\/Benissa-preparando-los-pinaculos-3MJ--e1711448118495.jpeg","width":1200,"height":994},{"@type":"BreadcrumbList","@id":"https:\/\/radiolitoral.com\/2024\/03\/benissa-vive-de-cerca-el-montaje-de-los-pinaculos-que-coronaran-la-basilica-de-la-purissima-xiqueta\/#breadcrumb","itemListElement":[{"@type":"ListItem","position":1,"name":"Portada","item":"https:\/\/radiolitoral.com\/"},{"@type":"ListItem","position":2,"name":"Benissa vive de cerca el montaje de los pin\u00e1culos que coronar\u00e1n la bas\u00edlica de la Pur\u00edssima Xiqueta"}]},{"@type":"WebSite","@id":"https:\/\/radiolitoral.com\/#website","url":"https:\/\/radiolitoral.com\/","name":"R\u00e0dio Litoral","description":"La r\u00e0dio local de la Marina Alta","publisher":{"@id":"https:\/\/radiolitoral.com\/#organization"},"alternateName":"Litoral FM","potentialAction":[{"@type":"SearchAction","target":{"@type":"EntryPoint","urlTemplate":"https:\/\/radiolitoral.com\/?s={search_term_string}"},"query-input":{"@type":"PropertyValueSpecification","valueRequired":true,"valueName":"search_term_string"}}],"inLanguage":"ca"},{"@type":"Organization","@id":"https:\/\/radiolitoral.com\/#organization","name":"R\u00e0dio Litoral","url":"https:\/\/radiolitoral.com\/","logo":{"@type":"ImageObject","inLanguage":"ca","@id":"https:\/\/radiolitoral.com\/#\/schema\/logo\/image\/","url":"https:\/\/media.radiolitoral.com\/wp-content\/uploads\/2023\/02\/24143238\/CL-V-RadioLitoral696.png","contentUrl":"https:\/\/media.radiolitoral.com\/wp-content\/uploads\/2023\/02\/24143238\/CL-V-RadioLitoral696.png","width":696,"height":696,"caption":"Radio Litoral"},"image":{"@id":"https:\/\/radiolitoral.com\/#\/schema\/logo\/image\/"},"sameAs":["https:\/\/www.facebook.com\/Laradiolitoral\/"]},{"@type":"Person","@id":"https:\/\/radiolitoral.com\/#\/schema\/person\/f2b2343c49b5d721857cc1002bfdb151","name":"Redacci\u00f3","image":{"@type":"ImageObject","inLanguage":"ca","@id":"https:\/\/secure.gravatar.com\/avatar\/f771d896c203ad8b3382d7905cfcce5a5c9b008b84b3cd9114e9b9f4cb63f789?s=96&d=mm&r=g","url":"https:\/\/secure.gravatar.com\/avatar\/f771d896c203ad8b3382d7905cfcce5a5c9b008b84b3cd9114e9b9f4cb63f789?s=96&d=mm&r=g","contentUrl":"https:\/\/secure.gravatar.com\/avatar\/f771d896c203ad8b3382d7905cfcce5a5c9b008b84b3cd9114e9b9f4cb63f789?s=96&d=mm&r=g","caption":"Redacci\u00f3n"},"url":"https:\/\/radiolitoral.com\/ca\/author\/miriam-pagan\/"}]}},"_links":{"self":[{"href":"https:\/\/radiolitoral.com\/ca\/wp-json\/wp\/v2\/posts\/7826","targetHints":{"allow":["GET"]}}],"collection":[{"href":"https:\/\/radiolitoral.com\/ca\/wp-json\/wp\/v2\/posts"}],"about":[{"href":"https:\/\/radiolitoral.com\/ca\/wp-json\/wp\/v2\/types\/post"}],"author":[{"embeddable":true,"href":"https:\/\/radiolitoral.com\/ca\/wp-json\/wp\/v2\/users\/13"}],"replies":[{"embeddable":true,"href":"https:\/\/radiolitoral.com\/ca\/wp-json\/wp\/v2\/comments?post=7826"}],"version-history":[{"count":4,"href":"https:\/\/radiolitoral.com\/ca\/wp-json\/wp\/v2\/posts\/7826\/revisions"}],"predecessor-version":[{"id":7834,"href":"https:\/\/radiolitoral.com\/ca\/wp-json\/wp\/v2\/posts\/7826\/revisions\/7834"}],"wp:featuredmedia":[{"embeddable":true,"href":"https:\/\/radiolitoral.com\/ca\/wp-json\/wp\/v2\/media\/7830"}],"wp:attachment":[{"href":"https:\/\/radiolitoral.com\/ca\/wp-json\/wp\/v2\/media?parent=7826"}],"wp:term":[{"taxonomy":"category","embeddable":true,"href":"https:\/\/radiolitoral.com\/ca\/wp-json\/wp\/v2\/categories?post=7826"},{"taxonomy":"post_tag","embeddable":true,"href":"https:\/\/radiolitoral.com\/ca\/wp-json\/wp\/v2\/tags?post=7826"}],"curies":[{"name":"wp","href":"https:\/\/api.w.org\/{rel}","templated":true}]}}