{"id":7812,"date":"2024-03-26T10:29:34","date_gmt":"2024-03-26T09:29:34","guid":{"rendered":"https:\/\/radiolitoral.com\/?p=7812"},"modified":"2024-03-26T10:29:34","modified_gmt":"2024-03-26T09:29:34","slug":"emocion-a-dojo-a-la-segona-ffcv","status":"publish","type":"post","link":"https:\/\/radiolitoral.com\/ca\/2024\/03\/emocion-a-raudales-en-la-segunda-ffcv\/","title":{"rendered":"Emoci\u00f3 a dojo a la Segona FFCV"},"content":{"rendered":"<p>La competici\u00f3 a la <strong>Segona FFCV<\/strong> est\u00e0 cremant. A mesura que ens acostem al tancament de la lliga, la tensi\u00f3 i l&#039;emoci\u00f3 a la taula de classificaci\u00f3 nom\u00e9s augmenten. Fins a sis equips tenen possibilitats reals de coronar-se campions, tots agrupats en un marge estret de tan sols vuit punts. Aquest cap de setmana ha estat especialment significatiu en aquest sentit, marcant possiblement un abans i un despr\u00e9s a les aspiracions de diversos clubs.<\/p>\n<p>El <strong>Orba CF<\/strong> ha estat el gran protagonista de la jornada en sumar-se de ple a la lluita pel t\u00edtol. La seva vict\u00f2ria contundent per <strong>3-0<\/strong> davant la <strong>UD Oliva<\/strong> ha estat una demostraci\u00f3 de for\u00e7a i determinaci\u00f3. Aitor va obrir el marcador aviat, al que van seguir els gols d&#039;Iv\u00e1n Gim\u00e9nez i Diego Melgar a la segona meitat, segellant un triomf que els col\u00b7loca en una posici\u00f3 envejable per al que resta de competici\u00f3.<\/p>\n<p>D&#039;altra banda, el l\u00edder <strong>Llutxent<\/strong> no va aconseguir passar de l&#039;empat en la visita al <strong>Simat<\/strong>, equip que ocupa la cinquena posici\u00f3, cedint terreny crucial en el moment m\u00e9s inoport\u00fa. Aquesta igualtat obre la porta als seus perseguidors directes, entre ells el <strong>Gorgos CF<\/strong> i la <strong>UD Portuaris<\/strong>, que tamb\u00e9 van empatar a un gol en un enfrontament directe per la part alta de la taula. Aquest resultat complica els comptes per a tots dos conjunts, encara que mantenen intactes les seves opcions de lideratge.<\/p>\n<p>El <strong>Safor Gandia<\/strong>, per la seva banda, no va desaprofitar l&#039;oportunitat d&#039;escalar posicions i, despr\u00e9s de la seva \u00faltima vict\u00f2ria, ja es troba al tercer lloc, posant pressi\u00f3 a la resta d&#039;equips capdavanters. El seu bon moment de forma arriba en el millor moment possible i es converteix en un candidat m\u00e9s al t\u00edtol.<\/p>\n<p>En la lluita per evitar el descens, el <strong>FB Teulada-Moraira<\/strong> respira despr\u00e9s de la seva aclaparadora vict\u00f2ria per <strong>5-0<\/strong> davant del cuer <strong>Rafelcofer<\/strong>. Aquesta vict\u00f2ria, sumada a una ratxa de cinc jornades sense con\u00e8ixer la derrota, els d\u00f3na un respir a la seva batalla per la perman\u00e8ncia. Contr\u00e0riament, el <strong>CE Pedreguer<\/strong> viu moments complicats en situar-se en pen\u00faltima posici\u00f3 despr\u00e9s de caure derrotat davant el <strong>Olimpic B<\/strong>.<\/p>\n<p>Finalment, no podem oblidar l&#039;espectacular golejada de la <strong>UD Benissa<\/strong> fora de casa, imposant-se per <strong>0-5<\/strong> davant el <strong>Alacant Enyeca<\/strong>. Aquest resultat, a m\u00e9s de ser significatiu per la magnitud de la vict\u00f2ria, els col\u00b7loca en una posici\u00f3 d&#039;avantatge a la classificaci\u00f3, tot i que encara a onze punts del l\u00edder. La seva actuaci\u00f3 \u00e9s un clar av\u00eds que no renuncien a res en aquest tram final de la competici\u00f3.<\/p>\n<p>La Segona FFCV promet una recta final d&#039;infart, amb m\u00faltiples equips embrancats en una batalla sense caserna pel t\u00edtol i la salvaci\u00f3. Cada jornada que passa, el desenlla\u00e7 es torna m\u00e9s impredictible, assegurant emocions fortes fins a l&#039;\u00faltim minut de la darrera jornada.<\/p>\n<p>&nbsp;<\/p>","protected":false},"excerpt":{"rendered":"<p>La competici\u00f3n en la Segunda FFCV est\u00e1 que arde. A medida que nos acercamos al cierre de la liga, la tensi\u00f3n y la emoci\u00f3n en la tabla de clasificaci\u00f3n solo aumentan. Hasta seis equipos tienen posibilidades reales de coronarse campeones, todos ellos agrupados en un margen estrecho de tan solo ocho puntos. Este fin de [&#8230;]<\/p>\n<p><a class=\"btn btn-secondary understrap-read-more-link\" href=\"https:\/\/radiolitoral.com\/ca\/2024\/03\/emocion-a-raudales-en-la-segunda-ffcv\/\">Continua llegint&#8230;<span class=\"screen-reader-text\"> from Emoci\u00f3n a raudales en la Segunda FFCV<\/span><\/a><\/p>\n","protected":false},"author":12,"featured_media":7813,"comment_status":"open","ping_status":"closed","sticky":false,"template":"","format":"standard","meta":{"_acf_changed":false,"inline_featured_image":false,"footnotes":""},"categories":[5],"tags":[1099,6,1098,1096,1094,1093,1100,1095,1097],"class_list":["post-7812","post","type-post","status-publish","format-standard","has-post-thumbnail","hentry","category-deportes","tag-ce-pedreguer","tag-deportes","tag-fb-teulada-moraira","tag-gorgos-cf","tag-orba-cf","tag-segunda-ffcv","tag-ud-benissa","tag-ud-oliva","tag-ud-portuarios","cobertura-marina-alta"],"acf":[],"yoast_head":"<!-- This site is optimized with the Yoast SEO plugin v27.5 - https:\/\/yoast.com\/product\/yoast-seo-wordpress\/ -->\n<title>Emoci\u00f3n a raudales en la Segunda FFCV | R\u00e0dio Litoral<\/title>\n<meta name=\"description\" content=\"Con siete jornadas por delante, seis equipos luchan por el liderato separados por apenas ocho puntos Con siete jornadas por delante, seis equipos luchan por el liderato separados por apenas ocho puntos\" \/>\n<meta name=\"robots\" content=\"index, follow, max-snippet:-1, max-image-preview:large, max-video-preview:-1\" \/>\n<link rel=\"canonical\" href=\"https:\/\/radiolitoral.com\/ca\/2024\/03\/emocion-a-dojo-a-la-segona-ffcv\/\" \/>\n<meta property=\"og:locale\" content=\"ca_ES\" \/>\n<meta property=\"og:type\" content=\"article\" \/>\n<meta property=\"og:title\" content=\"Emoci\u00f3n a raudales en la Segunda FFCV | R\u00e0dio Litoral\" \/>\n<meta property=\"og:description\" content=\"Con siete jornadas por delante, seis equipos luchan por el liderato separados por apenas ocho puntos Con siete jornadas por delante, seis equipos luchan por el liderato separados por apenas ocho puntos\" \/>\n<meta property=\"og:url\" content=\"https:\/\/radiolitoral.com\/ca\/2024\/03\/emocion-a-dojo-a-la-segona-ffcv\/\" \/>\n<meta property=\"og:site_name\" content=\"R\u00e0dio Litoral\" \/>\n<meta property=\"article:publisher\" content=\"https:\/\/www.facebook.com\/Laradiolitoral\/\" \/>\n<meta property=\"article:published_time\" content=\"2024-03-26T09:29:34+00:00\" \/>\n<meta property=\"og:image\" content=\"https:\/\/media.radiolitoral.com\/wp-content\/uploads\/2024\/03\/26102919\/434132274_18021857612479477_8875317482243805552_n.jpg\" \/>\n\t<meta property=\"og:image:width\" content=\"1440\" \/>\n\t<meta property=\"og:image:height\" content=\"881\" \/>\n\t<meta property=\"og:image:type\" content=\"image\/jpeg\" \/>\n<meta name=\"author\" content=\"Javier Zamora\" \/>\n<meta name=\"twitter:card\" content=\"summary_large_image\" \/>\n<meta name=\"twitter:label1\" content=\"Escrit per\" \/>\n\t<meta name=\"twitter:data1\" content=\"Javier Zamora\" \/>\n\t<meta name=\"twitter:label2\" content=\"Temps estimat de lectura\" \/>\n\t<meta name=\"twitter:data2\" content=\"3 minuts\" \/>\n<script type=\"application\/ld+json\" class=\"yoast-schema-graph\">{\"@context\":\"https:\\\/\\\/schema.org\",\"@graph\":[{\"@type\":\"NewsArticle\",\"@id\":\"https:\\\/\\\/radiolitoral.com\\\/2024\\\/03\\\/emocion-a-raudales-en-la-segunda-ffcv\\\/#article\",\"isPartOf\":{\"@id\":\"https:\\\/\\\/radiolitoral.com\\\/2024\\\/03\\\/emocion-a-raudales-en-la-segunda-ffcv\\\/\"},\"author\":{\"name\":\"Javier Zamora\",\"@id\":\"https:\\\/\\\/radiolitoral.com\\\/#\\\/schema\\\/person\\\/7b1480b5caeb5acdd4ec6379caf62b22\"},\"headline\":\"Emoci\u00f3n a raudales en la Segunda FFCV\",\"datePublished\":\"2024-03-26T09:29:34+00:00\",\"mainEntityOfPage\":{\"@id\":\"https:\\\/\\\/radiolitoral.com\\\/2024\\\/03\\\/emocion-a-raudales-en-la-segunda-ffcv\\\/\"},\"wordCount\":504,\"commentCount\":0,\"publisher\":{\"@id\":\"https:\\\/\\\/radiolitoral.com\\\/#organization\"},\"image\":{\"@id\":\"https:\\\/\\\/radiolitoral.com\\\/2024\\\/03\\\/emocion-a-raudales-en-la-segunda-ffcv\\\/#primaryimage\"},\"thumbnailUrl\":\"https:\\\/\\\/media.radiolitoral.com\\\/wp-content\\\/uploads\\\/2024\\\/03\\\/26102919\\\/434132274_18021857612479477_8875317482243805552_n.jpg\",\"keywords\":[\"CE Pedreguer\",\"deportes\",\"FB Teulada-Moraira\",\"Gorgos CF\",\"Orba CF\",\"Segunda FFCV\",\"UD Benissa\",\"UD Oliva\",\"UD Portuarios\"],\"articleSection\":[\"Deportes\"],\"inLanguage\":\"ca\",\"potentialAction\":[{\"@type\":\"CommentAction\",\"name\":\"Comment\",\"target\":[\"https:\\\/\\\/radiolitoral.com\\\/2024\\\/03\\\/emocion-a-raudales-en-la-segunda-ffcv\\\/#respond\"]}]},{\"@type\":[\"WebPage\",\"ItemPage\"],\"@id\":\"https:\\\/\\\/radiolitoral.com\\\/2024\\\/03\\\/emocion-a-raudales-en-la-segunda-ffcv\\\/\",\"url\":\"https:\\\/\\\/radiolitoral.com\\\/2024\\\/03\\\/emocion-a-raudales-en-la-segunda-ffcv\\\/\",\"name\":\"Emoci\u00f3n a raudales en la Segunda FFCV | R\u00e0dio Litoral\",\"isPartOf\":{\"@id\":\"https:\\\/\\\/radiolitoral.com\\\/#website\"},\"primaryImageOfPage\":{\"@id\":\"https:\\\/\\\/radiolitoral.com\\\/2024\\\/03\\\/emocion-a-raudales-en-la-segunda-ffcv\\\/#primaryimage\"},\"image\":{\"@id\":\"https:\\\/\\\/radiolitoral.com\\\/2024\\\/03\\\/emocion-a-raudales-en-la-segunda-ffcv\\\/#primaryimage\"},\"thumbnailUrl\":\"https:\\\/\\\/media.radiolitoral.com\\\/wp-content\\\/uploads\\\/2024\\\/03\\\/26102919\\\/434132274_18021857612479477_8875317482243805552_n.jpg\",\"datePublished\":\"2024-03-26T09:29:34+00:00\",\"description\":\"Con siete jornadas por delante, seis equipos luchan por el liderato separados por apenas ocho puntos Con siete jornadas por delante, seis equipos luchan por el liderato separados por apenas ocho puntos\",\"breadcrumb\":{\"@id\":\"https:\\\/\\\/radiolitoral.com\\\/2024\\\/03\\\/emocion-a-raudales-en-la-segunda-ffcv\\\/#breadcrumb\"},\"inLanguage\":\"ca\",\"potentialAction\":[{\"@type\":\"ReadAction\",\"target\":[\"https:\\\/\\\/radiolitoral.com\\\/2024\\\/03\\\/emocion-a-raudales-en-la-segunda-ffcv\\\/\"]}]},{\"@type\":\"ImageObject\",\"inLanguage\":\"ca\",\"@id\":\"https:\\\/\\\/radiolitoral.com\\\/2024\\\/03\\\/emocion-a-raudales-en-la-segunda-ffcv\\\/#primaryimage\",\"url\":\"https:\\\/\\\/media.radiolitoral.com\\\/wp-content\\\/uploads\\\/2024\\\/03\\\/26102919\\\/434132274_18021857612479477_8875317482243805552_n.jpg\",\"contentUrl\":\"https:\\\/\\\/media.radiolitoral.com\\\/wp-content\\\/uploads\\\/2024\\\/03\\\/26102919\\\/434132274_18021857612479477_8875317482243805552_n.jpg\",\"width\":1440,\"height\":881},{\"@type\":\"BreadcrumbList\",\"@id\":\"https:\\\/\\\/radiolitoral.com\\\/2024\\\/03\\\/emocion-a-raudales-en-la-segunda-ffcv\\\/#breadcrumb\",\"itemListElement\":[{\"@type\":\"ListItem\",\"position\":1,\"name\":\"Portada\",\"item\":\"https:\\\/\\\/radiolitoral.com\\\/\"},{\"@type\":\"ListItem\",\"position\":2,\"name\":\"Emoci\u00f3n a raudales en la Segunda FFCV\"}]},{\"@type\":\"WebSite\",\"@id\":\"https:\\\/\\\/radiolitoral.com\\\/#website\",\"url\":\"https:\\\/\\\/radiolitoral.com\\\/\",\"name\":\"Radio Litoral\",\"description\":\"La radio local de la Marina Alta\",\"publisher\":{\"@id\":\"https:\\\/\\\/radiolitoral.com\\\/#organization\"},\"alternateName\":\"Litoral FM\",\"potentialAction\":[{\"@type\":\"SearchAction\",\"target\":{\"@type\":\"EntryPoint\",\"urlTemplate\":\"https:\\\/\\\/radiolitoral.com\\\/?s={search_term_string}\"},\"query-input\":{\"@type\":\"PropertyValueSpecification\",\"valueRequired\":true,\"valueName\":\"search_term_string\"}}],\"inLanguage\":\"ca\"},{\"@type\":\"Organization\",\"@id\":\"https:\\\/\\\/radiolitoral.com\\\/#organization\",\"name\":\"Radio Litoral\",\"url\":\"https:\\\/\\\/radiolitoral.com\\\/\",\"logo\":{\"@type\":\"ImageObject\",\"inLanguage\":\"ca\",\"@id\":\"https:\\\/\\\/radiolitoral.com\\\/#\\\/schema\\\/logo\\\/image\\\/\",\"url\":\"https:\\\/\\\/media.radiolitoral.com\\\/wp-content\\\/uploads\\\/2023\\\/02\\\/24143238\\\/CL-V-RadioLitoral696.png\",\"contentUrl\":\"https:\\\/\\\/media.radiolitoral.com\\\/wp-content\\\/uploads\\\/2023\\\/02\\\/24143238\\\/CL-V-RadioLitoral696.png\",\"width\":696,\"height\":696,\"caption\":\"Radio Litoral\"},\"image\":{\"@id\":\"https:\\\/\\\/radiolitoral.com\\\/#\\\/schema\\\/logo\\\/image\\\/\"},\"sameAs\":[\"https:\\\/\\\/www.facebook.com\\\/Laradiolitoral\\\/\"]},{\"@type\":\"Person\",\"@id\":\"https:\\\/\\\/radiolitoral.com\\\/#\\\/schema\\\/person\\\/7b1480b5caeb5acdd4ec6379caf62b22\",\"name\":\"Javier Zamora\",\"image\":{\"@type\":\"ImageObject\",\"inLanguage\":\"ca\",\"@id\":\"https:\\\/\\\/secure.gravatar.com\\\/avatar\\\/467a11f6918c7d619c4043fc6fa2d3853053107973f05b6e9c04ea6c4e3a7b3f?s=96&d=mm&r=g\",\"url\":\"https:\\\/\\\/secure.gravatar.com\\\/avatar\\\/467a11f6918c7d619c4043fc6fa2d3853053107973f05b6e9c04ea6c4e3a7b3f?s=96&d=mm&r=g\",\"contentUrl\":\"https:\\\/\\\/secure.gravatar.com\\\/avatar\\\/467a11f6918c7d619c4043fc6fa2d3853053107973f05b6e9c04ea6c4e3a7b3f?s=96&d=mm&r=g\",\"caption\":\"Javier Zamora\"},\"url\":\"https:\\\/\\\/radiolitoral.com\\\/ca\\\/author\\\/javier-zamora\\\/\"}]}<\/script>\n<!-- \/ Yoast SEO plugin. -->","yoast_head_json":{"title":"Emoci\u00f3 a dojo a la Segona FFCV | R\u00e0dio Litoral","description":"Amb set jornades per davant, sis equips lluiten pel liderat separats per nom\u00e9s vuit punts Amb set jornades per davant, sis equips lluiten pel liderat separats per nom\u00e9s vuit punts","robots":{"index":"index","follow":"follow","max-snippet":"max-snippet:-1","max-image-preview":"max-image-preview:large","max-video-preview":"max-video-preview:-1"},"canonical":"https:\/\/radiolitoral.com\/ca\/2024\/03\/emocion-a-dojo-a-la-segona-ffcv\/","og_locale":"ca_ES","og_type":"article","og_title":"Emoci\u00f3n a raudales en la Segunda FFCV | R\u00e0dio Litoral","og_description":"Con siete jornadas por delante, seis equipos luchan por el liderato separados por apenas ocho puntos Con siete jornadas por delante, seis equipos luchan por el liderato separados por apenas ocho puntos","og_url":"https:\/\/radiolitoral.com\/ca\/2024\/03\/emocion-a-dojo-a-la-segona-ffcv\/","og_site_name":"R\u00e0dio Litoral","article_publisher":"https:\/\/www.facebook.com\/Laradiolitoral\/","article_published_time":"2024-03-26T09:29:34+00:00","og_image":[{"width":1440,"height":881,"url":"https:\/\/media.radiolitoral.com\/wp-content\/uploads\/2024\/03\/26102919\/434132274_18021857612479477_8875317482243805552_n.jpg","type":"image\/jpeg"}],"author":"Javier Zamora","twitter_card":"summary_large_image","twitter_misc":{"Escrit per":"Javier Zamora","Temps estimat de lectura":"3 minuts"},"schema":{"@context":"https:\/\/schema.org","@graph":[{"@type":"NewsArticle","@id":"https:\/\/radiolitoral.com\/2024\/03\/emocion-a-raudales-en-la-segunda-ffcv\/#article","isPartOf":{"@id":"https:\/\/radiolitoral.com\/2024\/03\/emocion-a-raudales-en-la-segunda-ffcv\/"},"author":{"name":"Javier Zamora","@id":"https:\/\/radiolitoral.com\/#\/schema\/person\/7b1480b5caeb5acdd4ec6379caf62b22"},"headline":"Emoci\u00f3n a raudales en la Segunda FFCV","datePublished":"2024-03-26T09:29:34+00:00","mainEntityOfPage":{"@id":"https:\/\/radiolitoral.com\/2024\/03\/emocion-a-raudales-en-la-segunda-ffcv\/"},"wordCount":504,"commentCount":0,"publisher":{"@id":"https:\/\/radiolitoral.com\/#organization"},"image":{"@id":"https:\/\/radiolitoral.com\/2024\/03\/emocion-a-raudales-en-la-segunda-ffcv\/#primaryimage"},"thumbnailUrl":"https:\/\/media.radiolitoral.com\/wp-content\/uploads\/2024\/03\/26102919\/434132274_18021857612479477_8875317482243805552_n.jpg","keywords":["CE Pedreguer","deportes","FB Teulada-Moraira","Gorgos CF","Orba CF","Segunda FFCV","UD Benissa","UD Oliva","UD Portuarios"],"articleSection":["Deportes"],"inLanguage":"ca","potentialAction":[{"@type":"CommentAction","name":"Comment","target":["https:\/\/radiolitoral.com\/2024\/03\/emocion-a-raudales-en-la-segunda-ffcv\/#respond"]}]},{"@type":["WebPage","ItemPage"],"@id":"https:\/\/radiolitoral.com\/2024\/03\/emocion-a-raudales-en-la-segunda-ffcv\/","url":"https:\/\/radiolitoral.com\/2024\/03\/emocion-a-raudales-en-la-segunda-ffcv\/","name":"Emoci\u00f3 a dojo a la Segona FFCV | R\u00e0dio Litoral","isPartOf":{"@id":"https:\/\/radiolitoral.com\/#website"},"primaryImageOfPage":{"@id":"https:\/\/radiolitoral.com\/2024\/03\/emocion-a-raudales-en-la-segunda-ffcv\/#primaryimage"},"image":{"@id":"https:\/\/radiolitoral.com\/2024\/03\/emocion-a-raudales-en-la-segunda-ffcv\/#primaryimage"},"thumbnailUrl":"https:\/\/media.radiolitoral.com\/wp-content\/uploads\/2024\/03\/26102919\/434132274_18021857612479477_8875317482243805552_n.jpg","datePublished":"2024-03-26T09:29:34+00:00","description":"Amb set jornades per davant, sis equips lluiten pel liderat separats per nom\u00e9s vuit punts Amb set jornades per davant, sis equips lluiten pel liderat separats per nom\u00e9s vuit punts","breadcrumb":{"@id":"https:\/\/radiolitoral.com\/2024\/03\/emocion-a-raudales-en-la-segunda-ffcv\/#breadcrumb"},"inLanguage":"ca","potentialAction":[{"@type":"ReadAction","target":["https:\/\/radiolitoral.com\/2024\/03\/emocion-a-raudales-en-la-segunda-ffcv\/"]}]},{"@type":"ImageObject","inLanguage":"ca","@id":"https:\/\/radiolitoral.com\/2024\/03\/emocion-a-raudales-en-la-segunda-ffcv\/#primaryimage","url":"https:\/\/media.radiolitoral.com\/wp-content\/uploads\/2024\/03\/26102919\/434132274_18021857612479477_8875317482243805552_n.jpg","contentUrl":"https:\/\/media.radiolitoral.com\/wp-content\/uploads\/2024\/03\/26102919\/434132274_18021857612479477_8875317482243805552_n.jpg","width":1440,"height":881},{"@type":"BreadcrumbList","@id":"https:\/\/radiolitoral.com\/2024\/03\/emocion-a-raudales-en-la-segunda-ffcv\/#breadcrumb","itemListElement":[{"@type":"ListItem","position":1,"name":"Portada","item":"https:\/\/radiolitoral.com\/"},{"@type":"ListItem","position":2,"name":"Emoci\u00f3n a raudales en la Segunda FFCV"}]},{"@type":"WebSite","@id":"https:\/\/radiolitoral.com\/#website","url":"https:\/\/radiolitoral.com\/","name":"R\u00e0dio Litoral","description":"La r\u00e0dio local de la Marina Alta","publisher":{"@id":"https:\/\/radiolitoral.com\/#organization"},"alternateName":"Litoral FM","potentialAction":[{"@type":"SearchAction","target":{"@type":"EntryPoint","urlTemplate":"https:\/\/radiolitoral.com\/?s={search_term_string}"},"query-input":{"@type":"PropertyValueSpecification","valueRequired":true,"valueName":"search_term_string"}}],"inLanguage":"ca"},{"@type":"Organization","@id":"https:\/\/radiolitoral.com\/#organization","name":"R\u00e0dio Litoral","url":"https:\/\/radiolitoral.com\/","logo":{"@type":"ImageObject","inLanguage":"ca","@id":"https:\/\/radiolitoral.com\/#\/schema\/logo\/image\/","url":"https:\/\/media.radiolitoral.com\/wp-content\/uploads\/2023\/02\/24143238\/CL-V-RadioLitoral696.png","contentUrl":"https:\/\/media.radiolitoral.com\/wp-content\/uploads\/2023\/02\/24143238\/CL-V-RadioLitoral696.png","width":696,"height":696,"caption":"Radio Litoral"},"image":{"@id":"https:\/\/radiolitoral.com\/#\/schema\/logo\/image\/"},"sameAs":["https:\/\/www.facebook.com\/Laradiolitoral\/"]},{"@type":"Person","@id":"https:\/\/radiolitoral.com\/#\/schema\/person\/7b1480b5caeb5acdd4ec6379caf62b22","name":"Javier Zamora","image":{"@type":"ImageObject","inLanguage":"ca","@id":"https:\/\/secure.gravatar.com\/avatar\/467a11f6918c7d619c4043fc6fa2d3853053107973f05b6e9c04ea6c4e3a7b3f?s=96&d=mm&r=g","url":"https:\/\/secure.gravatar.com\/avatar\/467a11f6918c7d619c4043fc6fa2d3853053107973f05b6e9c04ea6c4e3a7b3f?s=96&d=mm&r=g","contentUrl":"https:\/\/secure.gravatar.com\/avatar\/467a11f6918c7d619c4043fc6fa2d3853053107973f05b6e9c04ea6c4e3a7b3f?s=96&d=mm&r=g","caption":"Javier Zamora"},"url":"https:\/\/radiolitoral.com\/ca\/author\/javier-zamora\/"}]}},"_links":{"self":[{"href":"https:\/\/radiolitoral.com\/ca\/wp-json\/wp\/v2\/posts\/7812","targetHints":{"allow":["GET"]}}],"collection":[{"href":"https:\/\/radiolitoral.com\/ca\/wp-json\/wp\/v2\/posts"}],"about":[{"href":"https:\/\/radiolitoral.com\/ca\/wp-json\/wp\/v2\/types\/post"}],"author":[{"embeddable":true,"href":"https:\/\/radiolitoral.com\/ca\/wp-json\/wp\/v2\/users\/12"}],"replies":[{"embeddable":true,"href":"https:\/\/radiolitoral.com\/ca\/wp-json\/wp\/v2\/comments?post=7812"}],"version-history":[{"count":1,"href":"https:\/\/radiolitoral.com\/ca\/wp-json\/wp\/v2\/posts\/7812\/revisions"}],"predecessor-version":[{"id":7814,"href":"https:\/\/radiolitoral.com\/ca\/wp-json\/wp\/v2\/posts\/7812\/revisions\/7814"}],"wp:featuredmedia":[{"embeddable":true,"href":"https:\/\/radiolitoral.com\/ca\/wp-json\/wp\/v2\/media\/7813"}],"wp:attachment":[{"href":"https:\/\/radiolitoral.com\/ca\/wp-json\/wp\/v2\/media?parent=7812"}],"wp:term":[{"taxonomy":"category","embeddable":true,"href":"https:\/\/radiolitoral.com\/ca\/wp-json\/wp\/v2\/categories?post=7812"},{"taxonomy":"post_tag","embeddable":true,"href":"https:\/\/radiolitoral.com\/ca\/wp-json\/wp\/v2\/tags?post=7812"}],"curies":[{"name":"wp","href":"https:\/\/api.w.org\/{rel}","templated":true}]}}