{"id":7807,"date":"2024-03-26T08:41:40","date_gmt":"2024-03-26T07:41:40","guid":{"rendered":"https:\/\/radiolitoral.com\/?p=7807"},"modified":"2024-03-26T08:41:40","modified_gmt":"2024-03-26T07:41:40","slug":"fira-del-vi-marina-de-denia-2024","status":"publish","type":"post","link":"https:\/\/radiolitoral.com\/ca\/2024\/03\/fira-del-vi-marina-de-denia-2024\/","title":{"rendered":"La Fira del Vi torna a la Marina de D\u00e9nia aquest 2024"},"content":{"rendered":"<p>El Port Esportiu i Tur\u00edstic Marina D\u00e9nia ha presentat la<strong> IV edici\u00f3 de la Fira del Vi<\/strong>, que se celebrar\u00e0 els <strong>dies 24 i 25 de maig<\/strong>. A m\u00e9s de vi, la fira comptar\u00e0 amb productes locals d&#039;alimentaci\u00f3, per la qual cosa les empreses interessades ja es poden inscriure.<\/p>\n<p>Aquest any, la b\u00f3ta que il\u00b7lustra el cartell promocional de l&#039;esdeveniment est\u00e0 pintada pel dissenyador i il\u00b7lustrador <strong>Javier Mariscal<\/strong> i es pot veure a l&#039;exposici\u00f3 Art a Barrica, al Museu Foia de Cadenes de Vicente Gand\u00eda. L&#039;any passat, la Fira del Vi va rebre al voltant de 6.000 visitants i va comptar amb la participaci\u00f3 de 21 empreses. \u00abVolem sumar-nos a aquest turisme que impulsa la zona i apostar per altres esdeveniments que atrauen turistes a la recerca d?experi\u00e8ncies diferents, no nom\u00e9s el sol i la platja. Aquest any, la fira tindr\u00e0 m\u00e9s punts dedicats a l&#039;alimentaci\u00f3\u00bb, ha comentat<strong> Gabriel Mart\u00ednez<\/strong>, capit\u00e0-director de Marina D\u00e9nia.<\/p>\n<p>El <strong>divendres 24 de maig<\/strong>, la fira obrir\u00e0 les portes de 12:00 a 14:00 hores i de 18:00 a 22:00 hores, i el dissabte 25 de maig de 11:30 a 14:00 hores i de 18:00 a 22:00 hores. L&#039;entrada al recinte ser\u00e0 <strong>gratu\u00efta<\/strong> i hi haur\u00e0 m\u00fasica en directe. &quot;Aquest any volem donar m\u00e9s protagonisme a l&#039;hostaleria de la Marina Alta i per aix\u00f2 tindrem un espai perqu\u00e8 els professionals de l&#039;hostaleria puguin presentar els seus vins i productes&quot;, ha assenyalat<strong> Jos\u00e9 Vicente Blasco<\/strong>, gerent de Cellers Blasco.<\/p>\n<p>\u00abEstem molt contents amb aquesta iniciativa, que ja s?ha consolidat a la nostra comarca. \u00c9s un esdeveniment que interessa a tothom i que el port es converteixi tamb\u00e9 en un espai de promoci\u00f3 tur\u00edstica. A m\u00e9s, en unes dates que ajuden a desestacionalitzar el turisme\u00bb, ha dit <strong>Vicent Grimalt<\/strong>, alcalde de D\u00e9nia.<\/p>\n<p>L&#039;esdeveniment compta amb la col\u00b7laboraci\u00f3 de l&#039;Ajuntament de D\u00e9nia, Bodegas Vicente Gand\u00eda, Bodegas Blasco i el patrocini de Fine &amp; Country. \u00abSom una immobili\u00e0ria, per\u00f2 no nom\u00e9s venem cases, tamb\u00e9 un estil de vida i per aix\u00f2 ens sembla molt important recolzar esdeveniments com aquest\u00bb, ha comentat<strong> Christian Har<\/strong>, de Fine &amp; Country.<\/p>","protected":false},"excerpt":{"rendered":"<p>El Puerto Deportivo y Tur\u00edstico Marina D\u00e9nia ha presentado la IV edici\u00f3n de la Feria del Vino, que se celebrar\u00e1 los d\u00edas 24 y 25 de mayo. Adem\u00e1s de vino, la feria contar\u00e1 con productos locales de alimentaci\u00f3n, por lo que las empresas interesadas ya pueden inscribirse. Este a\u00f1o, la barrica que ilustra el cartel [&#8230;]<\/p>\n<p><a class=\"btn btn-secondary understrap-read-more-link\" href=\"https:\/\/radiolitoral.com\/ca\/2024\/03\/fira-del-vi-marina-de-denia-2024\/\">Continua llegint&#8230;<span class=\"screen-reader-text\"> from La Feria del Vino vuelve a la Marina de D\u00e9nia este 2024<\/span><\/a><\/p>\n","protected":false},"author":11,"featured_media":7808,"comment_status":"open","ping_status":"closed","sticky":false,"template":"","format":"standard","meta":{"_acf_changed":false,"inline_featured_image":false,"footnotes":""},"categories":[551],"tags":[191,1090,590,1091,1092],"class_list":["post-7807","post","type-post","status-publish","format-standard","has-post-thumbnail","hentry","category-jornades-gastronomiques","tag-denia","tag-firadelvi","tag-gastronomia","tag-marinadedenia","tag-vino","cobertura-denia"],"acf":[],"yoast_head":"<!-- This site is optimized with the Yoast SEO plugin v27.5 - https:\/\/yoast.com\/product\/yoast-seo-wordpress\/ -->\n<title>La Feria del Vino vuelve a la Marina de D\u00e9nia este 2024 | R\u00e0dio Litoral<\/title>\n<meta name=\"description\" content=\"La IV edici\u00f3n del evento se celebrar\u00e1 los d\u00edas 24 y 25 de mayo con entrada gratuita y m\u00fasica en directo\" \/>\n<meta name=\"robots\" content=\"index, follow, max-snippet:-1, max-image-preview:large, max-video-preview:-1\" \/>\n<link rel=\"canonical\" href=\"https:\/\/radiolitoral.com\/ca\/2024\/03\/fira-del-vi-marina-de-denia-2024\/\" \/>\n<meta property=\"og:locale\" content=\"ca_ES\" \/>\n<meta property=\"og:type\" content=\"article\" \/>\n<meta property=\"og:title\" content=\"La Feria del Vino vuelve a la Marina de D\u00e9nia este 2024 | R\u00e0dio Litoral\" \/>\n<meta property=\"og:description\" content=\"La IV edici\u00f3n del evento se celebrar\u00e1 los d\u00edas 24 y 25 de mayo con entrada gratuita y m\u00fasica en directo\" \/>\n<meta property=\"og:url\" content=\"https:\/\/radiolitoral.com\/ca\/2024\/03\/fira-del-vi-marina-de-denia-2024\/\" \/>\n<meta property=\"og:site_name\" content=\"R\u00e0dio Litoral\" \/>\n<meta property=\"article:publisher\" content=\"https:\/\/www.facebook.com\/Laradiolitoral\/\" \/>\n<meta property=\"article:published_time\" content=\"2024-03-26T07:41:40+00:00\" \/>\n<meta property=\"og:image\" content=\"https:\/\/media.radiolitoral.com\/wp-content\/uploads\/2024\/03\/26083738\/IVFeriadelVino24.jpg\" \/>\n\t<meta property=\"og:image:width\" content=\"2000\" \/>\n\t<meta property=\"og:image:height\" content=\"1232\" \/>\n\t<meta property=\"og:image:type\" content=\"image\/jpeg\" \/>\n<meta name=\"author\" content=\"Redacci\u00f3n\" \/>\n<meta name=\"twitter:card\" content=\"summary_large_image\" \/>\n<meta name=\"twitter:label1\" content=\"Escrit per\" \/>\n\t<meta name=\"twitter:data1\" content=\"Redacci\u00f3n\" \/>\n\t<meta name=\"twitter:label2\" content=\"Temps estimat de lectura\" \/>\n\t<meta name=\"twitter:data2\" content=\"2 minuts\" \/>\n<script type=\"application\/ld+json\" class=\"yoast-schema-graph\">{\"@context\":\"https:\\\/\\\/schema.org\",\"@graph\":[{\"@type\":\"NewsArticle\",\"@id\":\"https:\\\/\\\/radiolitoral.com\\\/2024\\\/03\\\/fira-del-vi-marina-de-denia-2024\\\/#article\",\"isPartOf\":{\"@id\":\"https:\\\/\\\/radiolitoral.com\\\/2024\\\/03\\\/fira-del-vi-marina-de-denia-2024\\\/\"},\"author\":{\"name\":\"Redacci\u00f3n\",\"@id\":\"https:\\\/\\\/radiolitoral.com\\\/#\\\/schema\\\/person\\\/aaadc9e35663a92bd94a05f5816f296d\"},\"headline\":\"La Feria del Vino vuelve a la Marina de D\u00e9nia este 2024\",\"datePublished\":\"2024-03-26T07:41:40+00:00\",\"mainEntityOfPage\":{\"@id\":\"https:\\\/\\\/radiolitoral.com\\\/2024\\\/03\\\/fira-del-vi-marina-de-denia-2024\\\/\"},\"wordCount\":382,\"commentCount\":0,\"publisher\":{\"@id\":\"https:\\\/\\\/radiolitoral.com\\\/#organization\"},\"image\":{\"@id\":\"https:\\\/\\\/radiolitoral.com\\\/2024\\\/03\\\/fira-del-vi-marina-de-denia-2024\\\/#primaryimage\"},\"thumbnailUrl\":\"https:\\\/\\\/media.radiolitoral.com\\\/wp-content\\\/uploads\\\/2024\\\/03\\\/26083738\\\/IVFeriadelVino24.jpg\",\"keywords\":[\"D\u00e9nia\",\"FiradelVi\",\"gastronom\u00eda\",\"MarinadeD\u00e9nia\",\"Vino\"],\"articleSection\":[\"Jornades Gastron\u00f2miques\"],\"inLanguage\":\"ca\",\"potentialAction\":[{\"@type\":\"CommentAction\",\"name\":\"Comment\",\"target\":[\"https:\\\/\\\/radiolitoral.com\\\/2024\\\/03\\\/fira-del-vi-marina-de-denia-2024\\\/#respond\"]}]},{\"@type\":[\"WebPage\",\"ItemPage\"],\"@id\":\"https:\\\/\\\/radiolitoral.com\\\/2024\\\/03\\\/fira-del-vi-marina-de-denia-2024\\\/\",\"url\":\"https:\\\/\\\/radiolitoral.com\\\/2024\\\/03\\\/fira-del-vi-marina-de-denia-2024\\\/\",\"name\":\"La Feria del Vino vuelve a la Marina de D\u00e9nia este 2024 | R\u00e0dio Litoral\",\"isPartOf\":{\"@id\":\"https:\\\/\\\/radiolitoral.com\\\/#website\"},\"primaryImageOfPage\":{\"@id\":\"https:\\\/\\\/radiolitoral.com\\\/2024\\\/03\\\/fira-del-vi-marina-de-denia-2024\\\/#primaryimage\"},\"image\":{\"@id\":\"https:\\\/\\\/radiolitoral.com\\\/2024\\\/03\\\/fira-del-vi-marina-de-denia-2024\\\/#primaryimage\"},\"thumbnailUrl\":\"https:\\\/\\\/media.radiolitoral.com\\\/wp-content\\\/uploads\\\/2024\\\/03\\\/26083738\\\/IVFeriadelVino24.jpg\",\"datePublished\":\"2024-03-26T07:41:40+00:00\",\"description\":\"La IV edici\u00f3n del evento se celebrar\u00e1 los d\u00edas 24 y 25 de mayo con entrada gratuita y m\u00fasica en directo\",\"breadcrumb\":{\"@id\":\"https:\\\/\\\/radiolitoral.com\\\/2024\\\/03\\\/fira-del-vi-marina-de-denia-2024\\\/#breadcrumb\"},\"inLanguage\":\"ca\",\"potentialAction\":[{\"@type\":\"ReadAction\",\"target\":[\"https:\\\/\\\/radiolitoral.com\\\/2024\\\/03\\\/fira-del-vi-marina-de-denia-2024\\\/\"]}]},{\"@type\":\"ImageObject\",\"inLanguage\":\"ca\",\"@id\":\"https:\\\/\\\/radiolitoral.com\\\/2024\\\/03\\\/fira-del-vi-marina-de-denia-2024\\\/#primaryimage\",\"url\":\"https:\\\/\\\/media.radiolitoral.com\\\/wp-content\\\/uploads\\\/2024\\\/03\\\/26083738\\\/IVFeriadelVino24.jpg\",\"contentUrl\":\"https:\\\/\\\/media.radiolitoral.com\\\/wp-content\\\/uploads\\\/2024\\\/03\\\/26083738\\\/IVFeriadelVino24.jpg\",\"width\":2000,\"height\":1232,\"caption\":\"Fira del Vi | Marina de D\u00e9nia\"},{\"@type\":\"BreadcrumbList\",\"@id\":\"https:\\\/\\\/radiolitoral.com\\\/2024\\\/03\\\/fira-del-vi-marina-de-denia-2024\\\/#breadcrumb\",\"itemListElement\":[{\"@type\":\"ListItem\",\"position\":1,\"name\":\"Portada\",\"item\":\"https:\\\/\\\/radiolitoral.com\\\/\"},{\"@type\":\"ListItem\",\"position\":2,\"name\":\"La Feria del Vino vuelve a la Marina de D\u00e9nia este 2024\"}]},{\"@type\":\"WebSite\",\"@id\":\"https:\\\/\\\/radiolitoral.com\\\/#website\",\"url\":\"https:\\\/\\\/radiolitoral.com\\\/\",\"name\":\"Radio Litoral\",\"description\":\"La radio local de la Marina Alta\",\"publisher\":{\"@id\":\"https:\\\/\\\/radiolitoral.com\\\/#organization\"},\"alternateName\":\"Litoral FM\",\"potentialAction\":[{\"@type\":\"SearchAction\",\"target\":{\"@type\":\"EntryPoint\",\"urlTemplate\":\"https:\\\/\\\/radiolitoral.com\\\/?s={search_term_string}\"},\"query-input\":{\"@type\":\"PropertyValueSpecification\",\"valueRequired\":true,\"valueName\":\"search_term_string\"}}],\"inLanguage\":\"ca\"},{\"@type\":\"Organization\",\"@id\":\"https:\\\/\\\/radiolitoral.com\\\/#organization\",\"name\":\"Radio Litoral\",\"url\":\"https:\\\/\\\/radiolitoral.com\\\/\",\"logo\":{\"@type\":\"ImageObject\",\"inLanguage\":\"ca\",\"@id\":\"https:\\\/\\\/radiolitoral.com\\\/#\\\/schema\\\/logo\\\/image\\\/\",\"url\":\"https:\\\/\\\/media.radiolitoral.com\\\/wp-content\\\/uploads\\\/2023\\\/02\\\/24143238\\\/CL-V-RadioLitoral696.png\",\"contentUrl\":\"https:\\\/\\\/media.radiolitoral.com\\\/wp-content\\\/uploads\\\/2023\\\/02\\\/24143238\\\/CL-V-RadioLitoral696.png\",\"width\":696,\"height\":696,\"caption\":\"Radio Litoral\"},\"image\":{\"@id\":\"https:\\\/\\\/radiolitoral.com\\\/#\\\/schema\\\/logo\\\/image\\\/\"},\"sameAs\":[\"https:\\\/\\\/www.facebook.com\\\/Laradiolitoral\\\/\"]},{\"@type\":\"Person\",\"@id\":\"https:\\\/\\\/radiolitoral.com\\\/#\\\/schema\\\/person\\\/aaadc9e35663a92bd94a05f5816f296d\",\"name\":\"Redacci\u00f3n\",\"image\":{\"@type\":\"ImageObject\",\"inLanguage\":\"ca\",\"@id\":\"https:\\\/\\\/secure.gravatar.com\\\/avatar\\\/e4e253cf49afb8c76a2aca487577f1ff5c098c82b3cf2b0a85f03f83dcb96c31?s=96&d=mm&r=g\",\"url\":\"https:\\\/\\\/secure.gravatar.com\\\/avatar\\\/e4e253cf49afb8c76a2aca487577f1ff5c098c82b3cf2b0a85f03f83dcb96c31?s=96&d=mm&r=g\",\"contentUrl\":\"https:\\\/\\\/secure.gravatar.com\\\/avatar\\\/e4e253cf49afb8c76a2aca487577f1ff5c098c82b3cf2b0a85f03f83dcb96c31?s=96&d=mm&r=g\",\"caption\":\"Redacci\u00f3n\"},\"url\":\"https:\\\/\\\/radiolitoral.com\\\/ca\\\/author\\\/alba-alborch\\\/\"}]}<\/script>\n<!-- \/ Yoast SEO plugin. -->","yoast_head_json":{"title":"La Fira del Vi torna a la Marina de D\u00e9nia aquest 2024 | R\u00e0dio Litoral","description":"La IV edici\u00f3 de l&#039;esdeveniment tindr\u00e0 lloc els dies 24 i 25 de maig amb entrada gratu\u00efta i m\u00fasica en directe","robots":{"index":"index","follow":"follow","max-snippet":"max-snippet:-1","max-image-preview":"max-image-preview:large","max-video-preview":"max-video-preview:-1"},"canonical":"https:\/\/radiolitoral.com\/ca\/2024\/03\/fira-del-vi-marina-de-denia-2024\/","og_locale":"ca_ES","og_type":"article","og_title":"La Feria del Vino vuelve a la Marina de D\u00e9nia este 2024 | R\u00e0dio Litoral","og_description":"La IV edici\u00f3n del evento se celebrar\u00e1 los d\u00edas 24 y 25 de mayo con entrada gratuita y m\u00fasica en directo","og_url":"https:\/\/radiolitoral.com\/ca\/2024\/03\/fira-del-vi-marina-de-denia-2024\/","og_site_name":"R\u00e0dio Litoral","article_publisher":"https:\/\/www.facebook.com\/Laradiolitoral\/","article_published_time":"2024-03-26T07:41:40+00:00","og_image":[{"width":2000,"height":1232,"url":"https:\/\/media.radiolitoral.com\/wp-content\/uploads\/2024\/03\/26083738\/IVFeriadelVino24.jpg","type":"image\/jpeg"}],"author":"Redacci\u00f3n","twitter_card":"summary_large_image","twitter_misc":{"Escrit per":"Redacci\u00f3n","Temps estimat de lectura":"2 minuts"},"schema":{"@context":"https:\/\/schema.org","@graph":[{"@type":"NewsArticle","@id":"https:\/\/radiolitoral.com\/2024\/03\/fira-del-vi-marina-de-denia-2024\/#article","isPartOf":{"@id":"https:\/\/radiolitoral.com\/2024\/03\/fira-del-vi-marina-de-denia-2024\/"},"author":{"name":"Redacci\u00f3n","@id":"https:\/\/radiolitoral.com\/#\/schema\/person\/aaadc9e35663a92bd94a05f5816f296d"},"headline":"La Feria del Vino vuelve a la Marina de D\u00e9nia este 2024","datePublished":"2024-03-26T07:41:40+00:00","mainEntityOfPage":{"@id":"https:\/\/radiolitoral.com\/2024\/03\/fira-del-vi-marina-de-denia-2024\/"},"wordCount":382,"commentCount":0,"publisher":{"@id":"https:\/\/radiolitoral.com\/#organization"},"image":{"@id":"https:\/\/radiolitoral.com\/2024\/03\/fira-del-vi-marina-de-denia-2024\/#primaryimage"},"thumbnailUrl":"https:\/\/media.radiolitoral.com\/wp-content\/uploads\/2024\/03\/26083738\/IVFeriadelVino24.jpg","keywords":["D\u00e9nia","FiradelVi","gastronom\u00eda","MarinadeD\u00e9nia","Vino"],"articleSection":["Jornades Gastron\u00f2miques"],"inLanguage":"ca","potentialAction":[{"@type":"CommentAction","name":"Comment","target":["https:\/\/radiolitoral.com\/2024\/03\/fira-del-vi-marina-de-denia-2024\/#respond"]}]},{"@type":["WebPage","ItemPage"],"@id":"https:\/\/radiolitoral.com\/2024\/03\/fira-del-vi-marina-de-denia-2024\/","url":"https:\/\/radiolitoral.com\/2024\/03\/fira-del-vi-marina-de-denia-2024\/","name":"La Fira del Vi torna a la Marina de D\u00e9nia aquest 2024 | R\u00e0dio Litoral","isPartOf":{"@id":"https:\/\/radiolitoral.com\/#website"},"primaryImageOfPage":{"@id":"https:\/\/radiolitoral.com\/2024\/03\/fira-del-vi-marina-de-denia-2024\/#primaryimage"},"image":{"@id":"https:\/\/radiolitoral.com\/2024\/03\/fira-del-vi-marina-de-denia-2024\/#primaryimage"},"thumbnailUrl":"https:\/\/media.radiolitoral.com\/wp-content\/uploads\/2024\/03\/26083738\/IVFeriadelVino24.jpg","datePublished":"2024-03-26T07:41:40+00:00","description":"La IV edici\u00f3 de l&#039;esdeveniment tindr\u00e0 lloc els dies 24 i 25 de maig amb entrada gratu\u00efta i m\u00fasica en directe","breadcrumb":{"@id":"https:\/\/radiolitoral.com\/2024\/03\/fira-del-vi-marina-de-denia-2024\/#breadcrumb"},"inLanguage":"ca","potentialAction":[{"@type":"ReadAction","target":["https:\/\/radiolitoral.com\/2024\/03\/fira-del-vi-marina-de-denia-2024\/"]}]},{"@type":"ImageObject","inLanguage":"ca","@id":"https:\/\/radiolitoral.com\/2024\/03\/fira-del-vi-marina-de-denia-2024\/#primaryimage","url":"https:\/\/media.radiolitoral.com\/wp-content\/uploads\/2024\/03\/26083738\/IVFeriadelVino24.jpg","contentUrl":"https:\/\/media.radiolitoral.com\/wp-content\/uploads\/2024\/03\/26083738\/IVFeriadelVino24.jpg","width":2000,"height":1232,"caption":"Fira del Vi | Marina de D\u00e9nia"},{"@type":"BreadcrumbList","@id":"https:\/\/radiolitoral.com\/2024\/03\/fira-del-vi-marina-de-denia-2024\/#breadcrumb","itemListElement":[{"@type":"ListItem","position":1,"name":"Portada","item":"https:\/\/radiolitoral.com\/"},{"@type":"ListItem","position":2,"name":"La Feria del Vino vuelve a la Marina de D\u00e9nia este 2024"}]},{"@type":"WebSite","@id":"https:\/\/radiolitoral.com\/#website","url":"https:\/\/radiolitoral.com\/","name":"R\u00e0dio Litoral","description":"La r\u00e0dio local de la Marina Alta","publisher":{"@id":"https:\/\/radiolitoral.com\/#organization"},"alternateName":"Litoral FM","potentialAction":[{"@type":"SearchAction","target":{"@type":"EntryPoint","urlTemplate":"https:\/\/radiolitoral.com\/?s={search_term_string}"},"query-input":{"@type":"PropertyValueSpecification","valueRequired":true,"valueName":"search_term_string"}}],"inLanguage":"ca"},{"@type":"Organization","@id":"https:\/\/radiolitoral.com\/#organization","name":"R\u00e0dio Litoral","url":"https:\/\/radiolitoral.com\/","logo":{"@type":"ImageObject","inLanguage":"ca","@id":"https:\/\/radiolitoral.com\/#\/schema\/logo\/image\/","url":"https:\/\/media.radiolitoral.com\/wp-content\/uploads\/2023\/02\/24143238\/CL-V-RadioLitoral696.png","contentUrl":"https:\/\/media.radiolitoral.com\/wp-content\/uploads\/2023\/02\/24143238\/CL-V-RadioLitoral696.png","width":696,"height":696,"caption":"Radio Litoral"},"image":{"@id":"https:\/\/radiolitoral.com\/#\/schema\/logo\/image\/"},"sameAs":["https:\/\/www.facebook.com\/Laradiolitoral\/"]},{"@type":"Person","@id":"https:\/\/radiolitoral.com\/#\/schema\/person\/aaadc9e35663a92bd94a05f5816f296d","name":"Redacci\u00f3","image":{"@type":"ImageObject","inLanguage":"ca","@id":"https:\/\/secure.gravatar.com\/avatar\/e4e253cf49afb8c76a2aca487577f1ff5c098c82b3cf2b0a85f03f83dcb96c31?s=96&d=mm&r=g","url":"https:\/\/secure.gravatar.com\/avatar\/e4e253cf49afb8c76a2aca487577f1ff5c098c82b3cf2b0a85f03f83dcb96c31?s=96&d=mm&r=g","contentUrl":"https:\/\/secure.gravatar.com\/avatar\/e4e253cf49afb8c76a2aca487577f1ff5c098c82b3cf2b0a85f03f83dcb96c31?s=96&d=mm&r=g","caption":"Redacci\u00f3n"},"url":"https:\/\/radiolitoral.com\/ca\/author\/alba-alborch\/"}]}},"_links":{"self":[{"href":"https:\/\/radiolitoral.com\/ca\/wp-json\/wp\/v2\/posts\/7807","targetHints":{"allow":["GET"]}}],"collection":[{"href":"https:\/\/radiolitoral.com\/ca\/wp-json\/wp\/v2\/posts"}],"about":[{"href":"https:\/\/radiolitoral.com\/ca\/wp-json\/wp\/v2\/types\/post"}],"author":[{"embeddable":true,"href":"https:\/\/radiolitoral.com\/ca\/wp-json\/wp\/v2\/users\/11"}],"replies":[{"embeddable":true,"href":"https:\/\/radiolitoral.com\/ca\/wp-json\/wp\/v2\/comments?post=7807"}],"version-history":[{"count":1,"href":"https:\/\/radiolitoral.com\/ca\/wp-json\/wp\/v2\/posts\/7807\/revisions"}],"predecessor-version":[{"id":7809,"href":"https:\/\/radiolitoral.com\/ca\/wp-json\/wp\/v2\/posts\/7807\/revisions\/7809"}],"wp:featuredmedia":[{"embeddable":true,"href":"https:\/\/radiolitoral.com\/ca\/wp-json\/wp\/v2\/media\/7808"}],"wp:attachment":[{"href":"https:\/\/radiolitoral.com\/ca\/wp-json\/wp\/v2\/media?parent=7807"}],"wp:term":[{"taxonomy":"category","embeddable":true,"href":"https:\/\/radiolitoral.com\/ca\/wp-json\/wp\/v2\/categories?post=7807"},{"taxonomy":"post_tag","embeddable":true,"href":"https:\/\/radiolitoral.com\/ca\/wp-json\/wp\/v2\/tags?post=7807"}],"curies":[{"name":"wp","href":"https:\/\/api.w.org\/{rel}","templated":true}]}}