{"id":7798,"date":"2024-03-25T16:54:29","date_gmt":"2024-03-25T15:54:29","guid":{"rendered":"https:\/\/radiolitoral.com\/?p=7798"},"modified":"2024-03-25T16:54:29","modified_gmt":"2024-03-25T15:54:29","slug":"la-policia-local-de-xabia-incorpora-8-nous-agents-interins","status":"publish","type":"post","link":"https:\/\/radiolitoral.com\/ca\/2024\/03\/la-policia-local-de-xabia-incorpora-8-nuevos-agentes-interinos\/","title":{"rendered":"La Policia Local de X\u00e0bia incorpora 8 nous agents interins"},"content":{"rendered":"<div class=\"flex-1 overflow-hidden\">\n<div class=\"react-scroll-to-bottom--css-xprgm-79elbk h-full\">\n<div class=\"react-scroll-to-bottom--css-xprgm-1n7m0yu\">\n<div class=\"flex flex-col text-sm pb-9\">\n<div class=\"w-full text-token-text-primary\" data-testid=\"conversation-turn-3\">\n<div class=\"px-4 py-2 justify-center text-base md:gap-6 m-auto\">\n<div class=\"flex flex-1 text-base mx-auto gap-3 md:px-5 lg:px-1 xl:px-5 md:max-w-3xl lg:max-w-[40rem] xl:max-w-[48rem] group final-completion\">\n<div class=\"relative flex w-full flex-col agent-turn\">\n<div class=\"flex-col gap-1 md:gap-3\">\n<div class=\"flex flex-grow flex-col max-w-full\">\n<div class=\"min-h-[20px] text-message flex flex-col items-start gap-3 whitespace-pre-wrap break-words [.text-message+&amp;]:mt-5 overflow-x-auto\" data-message-author-role=\"assistant\" data-message-id=\"9e1826bc-9fda-48c1-82f5-97dfe99b20e5\">\n<div class=\"markdown prose w-full break-words dark:prose-invert light\">\n<p><strong>Ocho nuevos agentes <\/strong>se han incorporado a la plantilla de la<strong> Polic\u00eda Local de X\u00e0bia<\/strong> este lunes, marcando un hito importante en el esfuerzo continuo del gobierno local por <strong>incrementar la seguridad ciudadana<\/strong>.<\/p>\n<p>Los agentes, que han tomado posesi\u00f3n de sus plazas en calidad de interinos, han sido presentados en un acto presidido por la alcaldesa, <strong>Rosa Cardona<\/strong>, el concejal de Seguridad Ciudadana, <strong>Juan Ortol\u00e1<\/strong>, el de Personal, <strong>Enrique Escriv\u00e1<\/strong>, y el <strong>Intendente Jefe, Jos\u00e9 Antonio Monfort<\/strong>.<\/p>\n<p>La incorporaci\u00f3n de estos agentes es un paso crucial para reforzar la <strong>presencia proactiva<\/strong> en las calles de X\u00e0bia, especialmente en los barrios de <strong>Duanes, Arenal y el Centro Hist\u00f3rico<\/strong>, seg\u00fan ha explicado el propio\u00a0 Monfort. Con este refuerzo, el <strong>cuerpo local de seguridad<\/strong> eleva su n\u00famero a 60 miembros, iniciando una nueva etapa de especializaci\u00f3n y formaci\u00f3n continua, manteniendo el compromiso de ser una <strong>polic\u00eda de proximidad<\/strong>.<\/p>\n<p><strong>Escriv\u00e1<\/strong> ha destacado que esta incorporaci\u00f3n refleja el compromiso del gobierno local con la <strong>seguridad ciudadana<\/strong>, mencionando tambi\u00e9n la reciente mejora salarial del cuerpo policial, como un incentivo adicional para cubrir futuras bajas a trav\u00e9s de la figura de la comisi\u00f3n de Servicios. Esto hace de X\u00e0bia un destino atractivo para polic\u00edas de otros municipios, seg\u00fan ha se\u00f1alado.<\/p>\n<p><strong>Ortol\u00e1<\/strong> ha resaltado la determinaci\u00f3n del gobierno local de aumentar la <strong>seguridad<\/strong>, enfatizando la necesidad de m\u00e1s polic\u00edas en las calles para asegurar la tranquilidad del municipio.<\/p>\n<p>Por su parte, la alcaldesa <strong>Rosa Cardona<\/strong> ha agradecido el \u00abtrabajo silencioso\u00bb del departamento de Personal y su esfuerzo por alcanzar este punto, destacando el compromiso de su gobierno con la seguridad, una demanda constante de la ciudadan\u00eda en reuniones de barrio.<\/p>\n<p>Finalmente, Cardona ha instado a los nuevos agentes a aprender de los veteranos y a mantenerse cercanos a los vecinos, ayud\u00e1ndoles en todo lo posible para que se sientan <strong>seguros y atendidos<\/strong>, reafirmando el objetivo de la <strong>Polic\u00eda Local de X\u00e0bia<\/strong> de ser un <strong>cuerpo de seguridad de proximidad<\/strong>.<\/p>\n<\/div>\n<\/div>\n<\/div>\n<\/div>\n<\/div>\n<\/div>\n<\/div>\n<\/div>\n<\/div>\n<\/div>\n<\/div>\n<\/div>\n","protected":false},"excerpt":{"rendered":"<p>Ocho nuevos agentes se han incorporado a la plantilla de la Polic\u00eda Local de X\u00e0bia este lunes, marcando un hito importante en el esfuerzo continuo del gobierno local por incrementar la seguridad ciudadana. Los agentes, que han tomado posesi\u00f3n de sus plazas en calidad de interinos, han sido presentados en un acto presidido por la [&#8230;]<\/p>\n<p><a class=\"btn btn-secondary understrap-read-more-link\" href=\"https:\/\/radiolitoral.com\/ca\/2024\/03\/la-policia-local-de-xabia-incorpora-8-nuevos-agentes-interinos\/\">Continua llegint&#8230;<span class=\"screen-reader-text\"> from La Polic\u00eda Local de X\u00e0bia incorpora 8 nuevos agentes interinos<\/span><\/a><\/p>\n","protected":false},"author":13,"featured_media":7799,"comment_status":"open","ping_status":"closed","sticky":false,"template":"","format":"standard","meta":{"_acf_changed":false,"inline_featured_image":false,"footnotes":""},"categories":[78],"tags":[1088,323,52,196],"class_list":["post-7798","post","type-post","status-publish","format-standard","has-post-thumbnail","hentry","category-seguridad-ciudadana","tag-policia-de-barrio","tag-policia-local","tag-seguridad-ciudadana","tag-xabia","cobertura-xabia"],"acf":[],"yoast_head":"<!-- This site is optimized with the Yoast SEO plugin v27.5 - https:\/\/yoast.com\/product\/yoast-seo-wordpress\/ -->\n<title>La Polic\u00eda Local de X\u00e0bia incorpora 8 nuevos agentes interinos | R\u00e0dio Litoral<\/title>\n<meta name=\"description\" content=\"Estos se incorporar\u00e1n al servicio de Polic\u00eda de Barrio Estos se incorporar\u00e1n al servicio de Polic\u00eda de Barrio\" \/>\n<meta name=\"robots\" content=\"index, follow, max-snippet:-1, max-image-preview:large, max-video-preview:-1\" \/>\n<link rel=\"canonical\" href=\"https:\/\/radiolitoral.com\/ca\/2024\/03\/la-policia-local-de-xabia-incorpora-8-nous-agents-interins\/\" \/>\n<meta property=\"og:locale\" content=\"ca_ES\" \/>\n<meta property=\"og:type\" content=\"article\" \/>\n<meta property=\"og:title\" content=\"La Polic\u00eda Local de X\u00e0bia incorpora 8 nuevos agentes interinos | R\u00e0dio Litoral\" \/>\n<meta property=\"og:description\" content=\"Estos se incorporar\u00e1n al servicio de Polic\u00eda de Barrio Estos se incorporar\u00e1n al servicio de Polic\u00eda de Barrio\" \/>\n<meta property=\"og:url\" content=\"https:\/\/radiolitoral.com\/ca\/2024\/03\/la-policia-local-de-xabia-incorpora-8-nous-agents-interins\/\" \/>\n<meta property=\"og:site_name\" content=\"R\u00e0dio Litoral\" \/>\n<meta property=\"article:publisher\" content=\"https:\/\/www.facebook.com\/Laradiolitoral\/\" \/>\n<meta property=\"article:published_time\" content=\"2024-03-25T15:54:29+00:00\" \/>\n<meta property=\"og:image\" content=\"https:\/\/media.radiolitoral.com\/wp-content\/uploads\/2024\/03\/25165043\/AytoXabia_25MarzoSeguridadCiudadanaNuevosPolicias.jpg\" \/>\n\t<meta property=\"og:image:width\" content=\"1976\" \/>\n\t<meta property=\"og:image:height\" content=\"1380\" \/>\n\t<meta property=\"og:image:type\" content=\"image\/jpeg\" \/>\n<meta name=\"author\" content=\"Redacci\u00f3n\" \/>\n<meta name=\"twitter:card\" content=\"summary_large_image\" \/>\n<meta name=\"twitter:label1\" content=\"Escrit per\" \/>\n\t<meta name=\"twitter:data1\" content=\"Redacci\u00f3n\" \/>\n\t<meta name=\"twitter:label2\" content=\"Temps estimat de lectura\" \/>\n\t<meta name=\"twitter:data2\" content=\"2 minuts\" \/>\n<script type=\"application\/ld+json\" class=\"yoast-schema-graph\">{\"@context\":\"https:\\\/\\\/schema.org\",\"@graph\":[{\"@type\":\"NewsArticle\",\"@id\":\"https:\\\/\\\/radiolitoral.com\\\/2024\\\/03\\\/la-policia-local-de-xabia-incorpora-8-nuevos-agentes-interinos\\\/#article\",\"isPartOf\":{\"@id\":\"https:\\\/\\\/radiolitoral.com\\\/2024\\\/03\\\/la-policia-local-de-xabia-incorpora-8-nuevos-agentes-interinos\\\/\"},\"author\":{\"name\":\"Redacci\u00f3n\",\"@id\":\"https:\\\/\\\/radiolitoral.com\\\/#\\\/schema\\\/person\\\/f2b2343c49b5d721857cc1002bfdb151\"},\"headline\":\"La Polic\u00eda Local de X\u00e0bia incorpora 8 nuevos agentes interinos\",\"datePublished\":\"2024-03-25T15:54:29+00:00\",\"mainEntityOfPage\":{\"@id\":\"https:\\\/\\\/radiolitoral.com\\\/2024\\\/03\\\/la-policia-local-de-xabia-incorpora-8-nuevos-agentes-interinos\\\/\"},\"wordCount\":357,\"commentCount\":0,\"publisher\":{\"@id\":\"https:\\\/\\\/radiolitoral.com\\\/#organization\"},\"image\":{\"@id\":\"https:\\\/\\\/radiolitoral.com\\\/2024\\\/03\\\/la-policia-local-de-xabia-incorpora-8-nuevos-agentes-interinos\\\/#primaryimage\"},\"thumbnailUrl\":\"https:\\\/\\\/media.radiolitoral.com\\\/wp-content\\\/uploads\\\/2024\\\/03\\\/25165043\\\/AytoXabia_25MarzoSeguridadCiudadanaNuevosPolicias.jpg\",\"keywords\":[\"polic\u00eda de barrio\",\"Polic\u00eda Local\",\"Seguridad Ciudadana\",\"X\u00e0bia.\"],\"articleSection\":[\"Seguridad Ciudadana\"],\"inLanguage\":\"ca\",\"potentialAction\":[{\"@type\":\"CommentAction\",\"name\":\"Comment\",\"target\":[\"https:\\\/\\\/radiolitoral.com\\\/2024\\\/03\\\/la-policia-local-de-xabia-incorpora-8-nuevos-agentes-interinos\\\/#respond\"]}]},{\"@type\":[\"WebPage\",\"ItemPage\"],\"@id\":\"https:\\\/\\\/radiolitoral.com\\\/2024\\\/03\\\/la-policia-local-de-xabia-incorpora-8-nuevos-agentes-interinos\\\/\",\"url\":\"https:\\\/\\\/radiolitoral.com\\\/2024\\\/03\\\/la-policia-local-de-xabia-incorpora-8-nuevos-agentes-interinos\\\/\",\"name\":\"La Polic\u00eda Local de X\u00e0bia incorpora 8 nuevos agentes interinos | R\u00e0dio Litoral\",\"isPartOf\":{\"@id\":\"https:\\\/\\\/radiolitoral.com\\\/#website\"},\"primaryImageOfPage\":{\"@id\":\"https:\\\/\\\/radiolitoral.com\\\/2024\\\/03\\\/la-policia-local-de-xabia-incorpora-8-nuevos-agentes-interinos\\\/#primaryimage\"},\"image\":{\"@id\":\"https:\\\/\\\/radiolitoral.com\\\/2024\\\/03\\\/la-policia-local-de-xabia-incorpora-8-nuevos-agentes-interinos\\\/#primaryimage\"},\"thumbnailUrl\":\"https:\\\/\\\/media.radiolitoral.com\\\/wp-content\\\/uploads\\\/2024\\\/03\\\/25165043\\\/AytoXabia_25MarzoSeguridadCiudadanaNuevosPolicias.jpg\",\"datePublished\":\"2024-03-25T15:54:29+00:00\",\"description\":\"Estos se incorporar\u00e1n al servicio de Polic\u00eda de Barrio Estos se incorporar\u00e1n al servicio de Polic\u00eda de Barrio\",\"breadcrumb\":{\"@id\":\"https:\\\/\\\/radiolitoral.com\\\/2024\\\/03\\\/la-policia-local-de-xabia-incorpora-8-nuevos-agentes-interinos\\\/#breadcrumb\"},\"inLanguage\":\"ca\",\"potentialAction\":[{\"@type\":\"ReadAction\",\"target\":[\"https:\\\/\\\/radiolitoral.com\\\/2024\\\/03\\\/la-policia-local-de-xabia-incorpora-8-nuevos-agentes-interinos\\\/\"]}]},{\"@type\":\"ImageObject\",\"inLanguage\":\"ca\",\"@id\":\"https:\\\/\\\/radiolitoral.com\\\/2024\\\/03\\\/la-policia-local-de-xabia-incorpora-8-nuevos-agentes-interinos\\\/#primaryimage\",\"url\":\"https:\\\/\\\/media.radiolitoral.com\\\/wp-content\\\/uploads\\\/2024\\\/03\\\/25165043\\\/AytoXabia_25MarzoSeguridadCiudadanaNuevosPolicias.jpg\",\"contentUrl\":\"https:\\\/\\\/media.radiolitoral.com\\\/wp-content\\\/uploads\\\/2024\\\/03\\\/25165043\\\/AytoXabia_25MarzoSeguridadCiudadanaNuevosPolicias.jpg\",\"width\":1976,\"height\":1380},{\"@type\":\"BreadcrumbList\",\"@id\":\"https:\\\/\\\/radiolitoral.com\\\/2024\\\/03\\\/la-policia-local-de-xabia-incorpora-8-nuevos-agentes-interinos\\\/#breadcrumb\",\"itemListElement\":[{\"@type\":\"ListItem\",\"position\":1,\"name\":\"Portada\",\"item\":\"https:\\\/\\\/radiolitoral.com\\\/\"},{\"@type\":\"ListItem\",\"position\":2,\"name\":\"La Polic\u00eda Local de X\u00e0bia incorpora 8 nuevos agentes interinos\"}]},{\"@type\":\"WebSite\",\"@id\":\"https:\\\/\\\/radiolitoral.com\\\/#website\",\"url\":\"https:\\\/\\\/radiolitoral.com\\\/\",\"name\":\"Radio Litoral\",\"description\":\"La radio local de la Marina Alta\",\"publisher\":{\"@id\":\"https:\\\/\\\/radiolitoral.com\\\/#organization\"},\"alternateName\":\"Litoral FM\",\"potentialAction\":[{\"@type\":\"SearchAction\",\"target\":{\"@type\":\"EntryPoint\",\"urlTemplate\":\"https:\\\/\\\/radiolitoral.com\\\/?s={search_term_string}\"},\"query-input\":{\"@type\":\"PropertyValueSpecification\",\"valueRequired\":true,\"valueName\":\"search_term_string\"}}],\"inLanguage\":\"ca\"},{\"@type\":\"Organization\",\"@id\":\"https:\\\/\\\/radiolitoral.com\\\/#organization\",\"name\":\"Radio Litoral\",\"url\":\"https:\\\/\\\/radiolitoral.com\\\/\",\"logo\":{\"@type\":\"ImageObject\",\"inLanguage\":\"ca\",\"@id\":\"https:\\\/\\\/radiolitoral.com\\\/#\\\/schema\\\/logo\\\/image\\\/\",\"url\":\"https:\\\/\\\/media.radiolitoral.com\\\/wp-content\\\/uploads\\\/2023\\\/02\\\/24143238\\\/CL-V-RadioLitoral696.png\",\"contentUrl\":\"https:\\\/\\\/media.radiolitoral.com\\\/wp-content\\\/uploads\\\/2023\\\/02\\\/24143238\\\/CL-V-RadioLitoral696.png\",\"width\":696,\"height\":696,\"caption\":\"Radio Litoral\"},\"image\":{\"@id\":\"https:\\\/\\\/radiolitoral.com\\\/#\\\/schema\\\/logo\\\/image\\\/\"},\"sameAs\":[\"https:\\\/\\\/www.facebook.com\\\/Laradiolitoral\\\/\"]},{\"@type\":\"Person\",\"@id\":\"https:\\\/\\\/radiolitoral.com\\\/#\\\/schema\\\/person\\\/f2b2343c49b5d721857cc1002bfdb151\",\"name\":\"Redacci\u00f3n\",\"image\":{\"@type\":\"ImageObject\",\"inLanguage\":\"ca\",\"@id\":\"https:\\\/\\\/secure.gravatar.com\\\/avatar\\\/f771d896c203ad8b3382d7905cfcce5a5c9b008b84b3cd9114e9b9f4cb63f789?s=96&d=mm&r=g\",\"url\":\"https:\\\/\\\/secure.gravatar.com\\\/avatar\\\/f771d896c203ad8b3382d7905cfcce5a5c9b008b84b3cd9114e9b9f4cb63f789?s=96&d=mm&r=g\",\"contentUrl\":\"https:\\\/\\\/secure.gravatar.com\\\/avatar\\\/f771d896c203ad8b3382d7905cfcce5a5c9b008b84b3cd9114e9b9f4cb63f789?s=96&d=mm&r=g\",\"caption\":\"Redacci\u00f3n\"},\"url\":\"https:\\\/\\\/radiolitoral.com\\\/ca\\\/author\\\/miriam-pagan\\\/\"}]}<\/script>\n<!-- \/ Yoast SEO plugin. -->","yoast_head_json":{"title":"La Policia Local de X\u00e0bia incorpora vuit nous agents interins | R\u00e0dio Litoral","description":"Aquests s&#039;incorporaran al servei de Policia de Barri Aquests s&#039;incorporaran al servei de Policia de Barri","robots":{"index":"index","follow":"follow","max-snippet":"max-snippet:-1","max-image-preview":"max-image-preview:large","max-video-preview":"max-video-preview:-1"},"canonical":"https:\/\/radiolitoral.com\/ca\/2024\/03\/la-policia-local-de-xabia-incorpora-8-nous-agents-interins\/","og_locale":"ca_ES","og_type":"article","og_title":"La Polic\u00eda Local de X\u00e0bia incorpora 8 nuevos agentes interinos | R\u00e0dio Litoral","og_description":"Estos se incorporar\u00e1n al servicio de Polic\u00eda de Barrio Estos se incorporar\u00e1n al servicio de Polic\u00eda de Barrio","og_url":"https:\/\/radiolitoral.com\/ca\/2024\/03\/la-policia-local-de-xabia-incorpora-8-nous-agents-interins\/","og_site_name":"R\u00e0dio Litoral","article_publisher":"https:\/\/www.facebook.com\/Laradiolitoral\/","article_published_time":"2024-03-25T15:54:29+00:00","og_image":[{"width":1976,"height":1380,"url":"https:\/\/media.radiolitoral.com\/wp-content\/uploads\/2024\/03\/25165043\/AytoXabia_25MarzoSeguridadCiudadanaNuevosPolicias.jpg","type":"image\/jpeg"}],"author":"Redacci\u00f3n","twitter_card":"summary_large_image","twitter_misc":{"Escrit per":"Redacci\u00f3n","Temps estimat de lectura":"2 minuts"},"schema":{"@context":"https:\/\/schema.org","@graph":[{"@type":"NewsArticle","@id":"https:\/\/radiolitoral.com\/2024\/03\/la-policia-local-de-xabia-incorpora-8-nuevos-agentes-interinos\/#article","isPartOf":{"@id":"https:\/\/radiolitoral.com\/2024\/03\/la-policia-local-de-xabia-incorpora-8-nuevos-agentes-interinos\/"},"author":{"name":"Redacci\u00f3n","@id":"https:\/\/radiolitoral.com\/#\/schema\/person\/f2b2343c49b5d721857cc1002bfdb151"},"headline":"La Polic\u00eda Local de X\u00e0bia incorpora 8 nuevos agentes interinos","datePublished":"2024-03-25T15:54:29+00:00","mainEntityOfPage":{"@id":"https:\/\/radiolitoral.com\/2024\/03\/la-policia-local-de-xabia-incorpora-8-nuevos-agentes-interinos\/"},"wordCount":357,"commentCount":0,"publisher":{"@id":"https:\/\/radiolitoral.com\/#organization"},"image":{"@id":"https:\/\/radiolitoral.com\/2024\/03\/la-policia-local-de-xabia-incorpora-8-nuevos-agentes-interinos\/#primaryimage"},"thumbnailUrl":"https:\/\/media.radiolitoral.com\/wp-content\/uploads\/2024\/03\/25165043\/AytoXabia_25MarzoSeguridadCiudadanaNuevosPolicias.jpg","keywords":["polic\u00eda de barrio","Polic\u00eda Local","Seguridad Ciudadana","X\u00e0bia."],"articleSection":["Seguridad Ciudadana"],"inLanguage":"ca","potentialAction":[{"@type":"CommentAction","name":"Comment","target":["https:\/\/radiolitoral.com\/2024\/03\/la-policia-local-de-xabia-incorpora-8-nuevos-agentes-interinos\/#respond"]}]},{"@type":["WebPage","ItemPage"],"@id":"https:\/\/radiolitoral.com\/2024\/03\/la-policia-local-de-xabia-incorpora-8-nuevos-agentes-interinos\/","url":"https:\/\/radiolitoral.com\/2024\/03\/la-policia-local-de-xabia-incorpora-8-nuevos-agentes-interinos\/","name":"La Policia Local de X\u00e0bia incorpora vuit nous agents interins | R\u00e0dio Litoral","isPartOf":{"@id":"https:\/\/radiolitoral.com\/#website"},"primaryImageOfPage":{"@id":"https:\/\/radiolitoral.com\/2024\/03\/la-policia-local-de-xabia-incorpora-8-nuevos-agentes-interinos\/#primaryimage"},"image":{"@id":"https:\/\/radiolitoral.com\/2024\/03\/la-policia-local-de-xabia-incorpora-8-nuevos-agentes-interinos\/#primaryimage"},"thumbnailUrl":"https:\/\/media.radiolitoral.com\/wp-content\/uploads\/2024\/03\/25165043\/AytoXabia_25MarzoSeguridadCiudadanaNuevosPolicias.jpg","datePublished":"2024-03-25T15:54:29+00:00","description":"Aquests s&#039;incorporaran al servei de Policia de Barri Aquests s&#039;incorporaran al servei de Policia de Barri","breadcrumb":{"@id":"https:\/\/radiolitoral.com\/2024\/03\/la-policia-local-de-xabia-incorpora-8-nuevos-agentes-interinos\/#breadcrumb"},"inLanguage":"ca","potentialAction":[{"@type":"ReadAction","target":["https:\/\/radiolitoral.com\/2024\/03\/la-policia-local-de-xabia-incorpora-8-nuevos-agentes-interinos\/"]}]},{"@type":"ImageObject","inLanguage":"ca","@id":"https:\/\/radiolitoral.com\/2024\/03\/la-policia-local-de-xabia-incorpora-8-nuevos-agentes-interinos\/#primaryimage","url":"https:\/\/media.radiolitoral.com\/wp-content\/uploads\/2024\/03\/25165043\/AytoXabia_25MarzoSeguridadCiudadanaNuevosPolicias.jpg","contentUrl":"https:\/\/media.radiolitoral.com\/wp-content\/uploads\/2024\/03\/25165043\/AytoXabia_25MarzoSeguridadCiudadanaNuevosPolicias.jpg","width":1976,"height":1380},{"@type":"BreadcrumbList","@id":"https:\/\/radiolitoral.com\/2024\/03\/la-policia-local-de-xabia-incorpora-8-nuevos-agentes-interinos\/#breadcrumb","itemListElement":[{"@type":"ListItem","position":1,"name":"Portada","item":"https:\/\/radiolitoral.com\/"},{"@type":"ListItem","position":2,"name":"La Polic\u00eda Local de X\u00e0bia incorpora 8 nuevos agentes interinos"}]},{"@type":"WebSite","@id":"https:\/\/radiolitoral.com\/#website","url":"https:\/\/radiolitoral.com\/","name":"R\u00e0dio Litoral","description":"La r\u00e0dio local de la Marina Alta","publisher":{"@id":"https:\/\/radiolitoral.com\/#organization"},"alternateName":"Litoral FM","potentialAction":[{"@type":"SearchAction","target":{"@type":"EntryPoint","urlTemplate":"https:\/\/radiolitoral.com\/?s={search_term_string}"},"query-input":{"@type":"PropertyValueSpecification","valueRequired":true,"valueName":"search_term_string"}}],"inLanguage":"ca"},{"@type":"Organization","@id":"https:\/\/radiolitoral.com\/#organization","name":"R\u00e0dio Litoral","url":"https:\/\/radiolitoral.com\/","logo":{"@type":"ImageObject","inLanguage":"ca","@id":"https:\/\/radiolitoral.com\/#\/schema\/logo\/image\/","url":"https:\/\/media.radiolitoral.com\/wp-content\/uploads\/2023\/02\/24143238\/CL-V-RadioLitoral696.png","contentUrl":"https:\/\/media.radiolitoral.com\/wp-content\/uploads\/2023\/02\/24143238\/CL-V-RadioLitoral696.png","width":696,"height":696,"caption":"Radio Litoral"},"image":{"@id":"https:\/\/radiolitoral.com\/#\/schema\/logo\/image\/"},"sameAs":["https:\/\/www.facebook.com\/Laradiolitoral\/"]},{"@type":"Person","@id":"https:\/\/radiolitoral.com\/#\/schema\/person\/f2b2343c49b5d721857cc1002bfdb151","name":"Redacci\u00f3","image":{"@type":"ImageObject","inLanguage":"ca","@id":"https:\/\/secure.gravatar.com\/avatar\/f771d896c203ad8b3382d7905cfcce5a5c9b008b84b3cd9114e9b9f4cb63f789?s=96&d=mm&r=g","url":"https:\/\/secure.gravatar.com\/avatar\/f771d896c203ad8b3382d7905cfcce5a5c9b008b84b3cd9114e9b9f4cb63f789?s=96&d=mm&r=g","contentUrl":"https:\/\/secure.gravatar.com\/avatar\/f771d896c203ad8b3382d7905cfcce5a5c9b008b84b3cd9114e9b9f4cb63f789?s=96&d=mm&r=g","caption":"Redacci\u00f3n"},"url":"https:\/\/radiolitoral.com\/ca\/author\/miriam-pagan\/"}]}},"_links":{"self":[{"href":"https:\/\/radiolitoral.com\/ca\/wp-json\/wp\/v2\/posts\/7798","targetHints":{"allow":["GET"]}}],"collection":[{"href":"https:\/\/radiolitoral.com\/ca\/wp-json\/wp\/v2\/posts"}],"about":[{"href":"https:\/\/radiolitoral.com\/ca\/wp-json\/wp\/v2\/types\/post"}],"author":[{"embeddable":true,"href":"https:\/\/radiolitoral.com\/ca\/wp-json\/wp\/v2\/users\/13"}],"replies":[{"embeddable":true,"href":"https:\/\/radiolitoral.com\/ca\/wp-json\/wp\/v2\/comments?post=7798"}],"version-history":[{"count":1,"href":"https:\/\/radiolitoral.com\/ca\/wp-json\/wp\/v2\/posts\/7798\/revisions"}],"predecessor-version":[{"id":7800,"href":"https:\/\/radiolitoral.com\/ca\/wp-json\/wp\/v2\/posts\/7798\/revisions\/7800"}],"wp:featuredmedia":[{"embeddable":true,"href":"https:\/\/radiolitoral.com\/ca\/wp-json\/wp\/v2\/media\/7799"}],"wp:attachment":[{"href":"https:\/\/radiolitoral.com\/ca\/wp-json\/wp\/v2\/media?parent=7798"}],"wp:term":[{"taxonomy":"category","embeddable":true,"href":"https:\/\/radiolitoral.com\/ca\/wp-json\/wp\/v2\/categories?post=7798"},{"taxonomy":"post_tag","embeddable":true,"href":"https:\/\/radiolitoral.com\/ca\/wp-json\/wp\/v2\/tags?post=7798"}],"curies":[{"name":"wp","href":"https:\/\/api.w.org\/{rel}","templated":true}]}}