{"id":7678,"date":"2024-03-22T12:52:53","date_gmt":"2024-03-22T11:52:53","guid":{"rendered":"https:\/\/radiolitoral.com\/?p=7678"},"modified":"2024-03-22T12:52:53","modified_gmt":"2024-03-22T11:52:53","slug":"el-csif-i-acciona-arriben-a-un-acord-i-es-desconvoca-la-vaga-a-calp","status":"publish","type":"post","link":"https:\/\/radiolitoral.com\/ca\/2024\/03\/el-csif-y-acciona-llegan-a-un-acuerdo-y-se-desconvoca-la-huelga-en-calp\/","title":{"rendered":"El CSIF i Acciona arriben a un acord i es desconvoca la vaga a Calp"},"content":{"rendered":"<p>El sindicat <strong>CSIF<\/strong> ha <strong>desconvocat la vaga<\/strong> indefinida que els <strong>treballadors del servei de recollida de RSU i neteja vi\u00e0ria<\/strong> a <strong>Calp<\/strong> tenien previst iniciar a partir de dilluns, 25 de mar\u00e7. Aix\u00ed ho han anunciat aquest mat\u00ed despr\u00e9s d?arribar a un acord amb l?empresa Acciona, concession\u00e0ria d?aquest servei.<\/p>\n<p>Aquesta era una mobilitzaci\u00f3 que provocava, segons havien denunciat els treballadors, per l&#039;immobilisme de l&#039;empresa a l&#039;hora de <strong>negociar diferents millores salarials i laborals<\/strong>, entre elles actualitzar l&#039;actual conveni que data de l&#039;any 2021.<\/p>\n<p>L&#039;acord assolit contempla la implantaci\u00f3 d&#039;un <strong>nou torn rotatori<\/strong>, una <strong>pujada salarial<\/strong> d&#039;un 3% per al 2024 i d&#039;un 4% per al 2025, aix\u00ed com el reconeixement de categories per a conductors i peons conductors.<\/p>\n<p>Des de CSIF s&#039;ha mostrat la satisfacci\u00f3 per aquest acord que repercuteix en <strong>millores per als treballadors<\/strong> i que evita les mol\u00e8sties que la mobilitzaci\u00f3 causaria entre els ve\u00efns de <strong>Calp<\/strong>.<\/p>","protected":false},"excerpt":{"rendered":"<p>El sindicato CSIF ha desconvocado la huelga indefinida que los trabajadores del servicio de recogida de RSU y limpieza viaria en Calp ten\u00edan previsto iniciar a partir del lunes, 25 de marzo. As\u00ed lo han anunciado esta ma\u00f1ana tras llegar a un acuerdo con la empresa Acciona, concesionaria de este servicio. Esta era una movilizaci\u00f3n [&#8230;]<\/p>\n<p><a class=\"btn btn-secondary understrap-read-more-link\" href=\"https:\/\/radiolitoral.com\/ca\/2024\/03\/el-csif-y-acciona-llegan-a-un-acuerdo-y-se-desconvoca-la-huelga-en-calp\/\">Continua llegint&#8230;<span class=\"screen-reader-text\"> from El CSIF y Acciona llegan a un acuerdo y se desconvoca la huelga en Calp<\/span><\/a><\/p>\n","protected":false},"author":13,"featured_media":7680,"comment_status":"open","ping_status":"closed","sticky":false,"template":"","format":"standard","meta":{"_acf_changed":false,"inline_featured_image":false,"footnotes":""},"categories":[810,853],"tags":[],"class_list":["post-7678","post","type-post","status-publish","format-standard","has-post-thumbnail","hentry","category-empleo","category-movilizaciones","cobertura-calp"],"acf":[],"yoast_head":"<!-- This site is optimized with the Yoast SEO plugin v27.5 - https:\/\/yoast.com\/product\/yoast-seo-wordpress\/ -->\n<title>El CSIF y Acciona llegan a un acuerdo y se desconvoca la huelga en Calp | R\u00e0dio Litoral<\/title>\n<meta name=\"description\" content=\"El acuerdo alcanzado contempla la implantaci\u00f3n de un nuevo turno rotatorio y una subida salarial de un 3% para 2024\" \/>\n<meta name=\"robots\" content=\"index, follow, max-snippet:-1, max-image-preview:large, max-video-preview:-1\" \/>\n<link rel=\"canonical\" href=\"https:\/\/radiolitoral.com\/ca\/2024\/03\/el-csif-i-acciona-arriben-a-un-acord-i-es-desconvoca-la-vaga-a-calp\/\" \/>\n<meta property=\"og:locale\" content=\"ca_ES\" \/>\n<meta property=\"og:type\" content=\"article\" \/>\n<meta property=\"og:title\" content=\"El CSIF y Acciona llegan a un acuerdo y se desconvoca la huelga en Calp | R\u00e0dio Litoral\" \/>\n<meta property=\"og:description\" content=\"El acuerdo alcanzado contempla la implantaci\u00f3n de un nuevo turno rotatorio y una subida salarial de un 3% para 2024\" \/>\n<meta property=\"og:url\" content=\"https:\/\/radiolitoral.com\/ca\/2024\/03\/el-csif-i-acciona-arriben-a-un-acord-i-es-desconvoca-la-vaga-a-calp\/\" \/>\n<meta property=\"og:site_name\" content=\"R\u00e0dio Litoral\" \/>\n<meta property=\"article:publisher\" content=\"https:\/\/www.facebook.com\/Laradiolitoral\/\" \/>\n<meta property=\"article:published_time\" content=\"2024-03-22T11:52:53+00:00\" \/>\n<meta property=\"og:image\" content=\"https:\/\/media.radiolitoral.com\/wp-content\/uploads\/2024\/03\/22124912\/Trabajadores-Acciona-presentacion-nuevos-contenedores.jpeg\" \/>\n\t<meta property=\"og:image:width\" content=\"2000\" \/>\n\t<meta property=\"og:image:height\" content=\"1500\" \/>\n\t<meta property=\"og:image:type\" content=\"image\/jpeg\" \/>\n<meta name=\"author\" content=\"Redacci\u00f3n\" \/>\n<meta name=\"twitter:card\" content=\"summary_large_image\" \/>\n<meta name=\"twitter:label1\" content=\"Escrit per\" \/>\n\t<meta name=\"twitter:data1\" content=\"Redacci\u00f3n\" \/>\n\t<meta name=\"twitter:label2\" content=\"Temps estimat de lectura\" \/>\n\t<meta name=\"twitter:data2\" content=\"2 minuts\" \/>\n<script type=\"application\/ld+json\" class=\"yoast-schema-graph\">{\"@context\":\"https:\\\/\\\/schema.org\",\"@graph\":[{\"@type\":\"NewsArticle\",\"@id\":\"https:\\\/\\\/radiolitoral.com\\\/2024\\\/03\\\/el-csif-y-acciona-llegan-a-un-acuerdo-y-se-desconvoca-la-huelga-en-calp\\\/#article\",\"isPartOf\":{\"@id\":\"https:\\\/\\\/radiolitoral.com\\\/2024\\\/03\\\/el-csif-y-acciona-llegan-a-un-acuerdo-y-se-desconvoca-la-huelga-en-calp\\\/\"},\"author\":{\"name\":\"Redacci\u00f3n\",\"@id\":\"https:\\\/\\\/radiolitoral.com\\\/#\\\/schema\\\/person\\\/f2b2343c49b5d721857cc1002bfdb151\"},\"headline\":\"El CSIF y Acciona llegan a un acuerdo y se desconvoca la huelga en Calp\",\"datePublished\":\"2024-03-22T11:52:53+00:00\",\"mainEntityOfPage\":{\"@id\":\"https:\\\/\\\/radiolitoral.com\\\/2024\\\/03\\\/el-csif-y-acciona-llegan-a-un-acuerdo-y-se-desconvoca-la-huelga-en-calp\\\/\"},\"wordCount\":179,\"commentCount\":0,\"publisher\":{\"@id\":\"https:\\\/\\\/radiolitoral.com\\\/#organization\"},\"image\":{\"@id\":\"https:\\\/\\\/radiolitoral.com\\\/2024\\\/03\\\/el-csif-y-acciona-llegan-a-un-acuerdo-y-se-desconvoca-la-huelga-en-calp\\\/#primaryimage\"},\"thumbnailUrl\":\"https:\\\/\\\/media.radiolitoral.com\\\/wp-content\\\/uploads\\\/2024\\\/03\\\/22124912\\\/Trabajadores-Acciona-presentacion-nuevos-contenedores.jpeg\",\"articleSection\":[\"Empleo\",\"Movilizaciones\"],\"inLanguage\":\"ca\",\"potentialAction\":[{\"@type\":\"CommentAction\",\"name\":\"Comment\",\"target\":[\"https:\\\/\\\/radiolitoral.com\\\/2024\\\/03\\\/el-csif-y-acciona-llegan-a-un-acuerdo-y-se-desconvoca-la-huelga-en-calp\\\/#respond\"]}]},{\"@type\":[\"WebPage\",\"ItemPage\"],\"@id\":\"https:\\\/\\\/radiolitoral.com\\\/2024\\\/03\\\/el-csif-y-acciona-llegan-a-un-acuerdo-y-se-desconvoca-la-huelga-en-calp\\\/\",\"url\":\"https:\\\/\\\/radiolitoral.com\\\/2024\\\/03\\\/el-csif-y-acciona-llegan-a-un-acuerdo-y-se-desconvoca-la-huelga-en-calp\\\/\",\"name\":\"El CSIF y Acciona llegan a un acuerdo y se desconvoca la huelga en Calp | R\u00e0dio Litoral\",\"isPartOf\":{\"@id\":\"https:\\\/\\\/radiolitoral.com\\\/#website\"},\"primaryImageOfPage\":{\"@id\":\"https:\\\/\\\/radiolitoral.com\\\/2024\\\/03\\\/el-csif-y-acciona-llegan-a-un-acuerdo-y-se-desconvoca-la-huelga-en-calp\\\/#primaryimage\"},\"image\":{\"@id\":\"https:\\\/\\\/radiolitoral.com\\\/2024\\\/03\\\/el-csif-y-acciona-llegan-a-un-acuerdo-y-se-desconvoca-la-huelga-en-calp\\\/#primaryimage\"},\"thumbnailUrl\":\"https:\\\/\\\/media.radiolitoral.com\\\/wp-content\\\/uploads\\\/2024\\\/03\\\/22124912\\\/Trabajadores-Acciona-presentacion-nuevos-contenedores.jpeg\",\"datePublished\":\"2024-03-22T11:52:53+00:00\",\"description\":\"El acuerdo alcanzado contempla la implantaci\u00f3n de un nuevo turno rotatorio y una subida salarial de un 3% para 2024\",\"breadcrumb\":{\"@id\":\"https:\\\/\\\/radiolitoral.com\\\/2024\\\/03\\\/el-csif-y-acciona-llegan-a-un-acuerdo-y-se-desconvoca-la-huelga-en-calp\\\/#breadcrumb\"},\"inLanguage\":\"ca\",\"potentialAction\":[{\"@type\":\"ReadAction\",\"target\":[\"https:\\\/\\\/radiolitoral.com\\\/2024\\\/03\\\/el-csif-y-acciona-llegan-a-un-acuerdo-y-se-desconvoca-la-huelga-en-calp\\\/\"]}]},{\"@type\":\"ImageObject\",\"inLanguage\":\"ca\",\"@id\":\"https:\\\/\\\/radiolitoral.com\\\/2024\\\/03\\\/el-csif-y-acciona-llegan-a-un-acuerdo-y-se-desconvoca-la-huelga-en-calp\\\/#primaryimage\",\"url\":\"https:\\\/\\\/media.radiolitoral.com\\\/wp-content\\\/uploads\\\/2024\\\/03\\\/22124912\\\/Trabajadores-Acciona-presentacion-nuevos-contenedores.jpeg\",\"contentUrl\":\"https:\\\/\\\/media.radiolitoral.com\\\/wp-content\\\/uploads\\\/2024\\\/03\\\/22124912\\\/Trabajadores-Acciona-presentacion-nuevos-contenedores.jpeg\",\"width\":2000,\"height\":1500},{\"@type\":\"BreadcrumbList\",\"@id\":\"https:\\\/\\\/radiolitoral.com\\\/2024\\\/03\\\/el-csif-y-acciona-llegan-a-un-acuerdo-y-se-desconvoca-la-huelga-en-calp\\\/#breadcrumb\",\"itemListElement\":[{\"@type\":\"ListItem\",\"position\":1,\"name\":\"Portada\",\"item\":\"https:\\\/\\\/radiolitoral.com\\\/\"},{\"@type\":\"ListItem\",\"position\":2,\"name\":\"El CSIF y Acciona llegan a un acuerdo y se desconvoca la huelga en Calp\"}]},{\"@type\":\"WebSite\",\"@id\":\"https:\\\/\\\/radiolitoral.com\\\/#website\",\"url\":\"https:\\\/\\\/radiolitoral.com\\\/\",\"name\":\"Radio Litoral\",\"description\":\"La radio local de la Marina Alta\",\"publisher\":{\"@id\":\"https:\\\/\\\/radiolitoral.com\\\/#organization\"},\"alternateName\":\"Litoral FM\",\"potentialAction\":[{\"@type\":\"SearchAction\",\"target\":{\"@type\":\"EntryPoint\",\"urlTemplate\":\"https:\\\/\\\/radiolitoral.com\\\/?s={search_term_string}\"},\"query-input\":{\"@type\":\"PropertyValueSpecification\",\"valueRequired\":true,\"valueName\":\"search_term_string\"}}],\"inLanguage\":\"ca\"},{\"@type\":\"Organization\",\"@id\":\"https:\\\/\\\/radiolitoral.com\\\/#organization\",\"name\":\"Radio Litoral\",\"url\":\"https:\\\/\\\/radiolitoral.com\\\/\",\"logo\":{\"@type\":\"ImageObject\",\"inLanguage\":\"ca\",\"@id\":\"https:\\\/\\\/radiolitoral.com\\\/#\\\/schema\\\/logo\\\/image\\\/\",\"url\":\"https:\\\/\\\/media.radiolitoral.com\\\/wp-content\\\/uploads\\\/2023\\\/02\\\/24143238\\\/CL-V-RadioLitoral696.png\",\"contentUrl\":\"https:\\\/\\\/media.radiolitoral.com\\\/wp-content\\\/uploads\\\/2023\\\/02\\\/24143238\\\/CL-V-RadioLitoral696.png\",\"width\":696,\"height\":696,\"caption\":\"Radio Litoral\"},\"image\":{\"@id\":\"https:\\\/\\\/radiolitoral.com\\\/#\\\/schema\\\/logo\\\/image\\\/\"},\"sameAs\":[\"https:\\\/\\\/www.facebook.com\\\/Laradiolitoral\\\/\"]},{\"@type\":\"Person\",\"@id\":\"https:\\\/\\\/radiolitoral.com\\\/#\\\/schema\\\/person\\\/f2b2343c49b5d721857cc1002bfdb151\",\"name\":\"Redacci\u00f3n\",\"image\":{\"@type\":\"ImageObject\",\"inLanguage\":\"ca\",\"@id\":\"https:\\\/\\\/secure.gravatar.com\\\/avatar\\\/f771d896c203ad8b3382d7905cfcce5a5c9b008b84b3cd9114e9b9f4cb63f789?s=96&d=mm&r=g\",\"url\":\"https:\\\/\\\/secure.gravatar.com\\\/avatar\\\/f771d896c203ad8b3382d7905cfcce5a5c9b008b84b3cd9114e9b9f4cb63f789?s=96&d=mm&r=g\",\"contentUrl\":\"https:\\\/\\\/secure.gravatar.com\\\/avatar\\\/f771d896c203ad8b3382d7905cfcce5a5c9b008b84b3cd9114e9b9f4cb63f789?s=96&d=mm&r=g\",\"caption\":\"Redacci\u00f3n\"},\"url\":\"https:\\\/\\\/radiolitoral.com\\\/ca\\\/author\\\/miriam-pagan\\\/\"}]}<\/script>\n<!-- \/ Yoast SEO plugin. -->","yoast_head_json":{"title":"El CSIF i Acciona arriben a un acord i es desconvoca la vaga a Calp | R\u00e0dio Litoral","description":"L&#039;acord aconseguit contempla la implantaci\u00f3 d&#039;un nou torn rotatori i una pujada salarial d&#039;un 3% per al 2024","robots":{"index":"index","follow":"follow","max-snippet":"max-snippet:-1","max-image-preview":"max-image-preview:large","max-video-preview":"max-video-preview:-1"},"canonical":"https:\/\/radiolitoral.com\/ca\/2024\/03\/el-csif-i-acciona-arriben-a-un-acord-i-es-desconvoca-la-vaga-a-calp\/","og_locale":"ca_ES","og_type":"article","og_title":"El CSIF y Acciona llegan a un acuerdo y se desconvoca la huelga en Calp | R\u00e0dio Litoral","og_description":"El acuerdo alcanzado contempla la implantaci\u00f3n de un nuevo turno rotatorio y una subida salarial de un 3% para 2024","og_url":"https:\/\/radiolitoral.com\/ca\/2024\/03\/el-csif-i-acciona-arriben-a-un-acord-i-es-desconvoca-la-vaga-a-calp\/","og_site_name":"R\u00e0dio Litoral","article_publisher":"https:\/\/www.facebook.com\/Laradiolitoral\/","article_published_time":"2024-03-22T11:52:53+00:00","og_image":[{"width":2000,"height":1500,"url":"https:\/\/media.radiolitoral.com\/wp-content\/uploads\/2024\/03\/22124912\/Trabajadores-Acciona-presentacion-nuevos-contenedores.jpeg","type":"image\/jpeg"}],"author":"Redacci\u00f3n","twitter_card":"summary_large_image","twitter_misc":{"Escrit per":"Redacci\u00f3n","Temps estimat de lectura":"2 minuts"},"schema":{"@context":"https:\/\/schema.org","@graph":[{"@type":"NewsArticle","@id":"https:\/\/radiolitoral.com\/2024\/03\/el-csif-y-acciona-llegan-a-un-acuerdo-y-se-desconvoca-la-huelga-en-calp\/#article","isPartOf":{"@id":"https:\/\/radiolitoral.com\/2024\/03\/el-csif-y-acciona-llegan-a-un-acuerdo-y-se-desconvoca-la-huelga-en-calp\/"},"author":{"name":"Redacci\u00f3n","@id":"https:\/\/radiolitoral.com\/#\/schema\/person\/f2b2343c49b5d721857cc1002bfdb151"},"headline":"El CSIF y Acciona llegan a un acuerdo y se desconvoca la huelga en Calp","datePublished":"2024-03-22T11:52:53+00:00","mainEntityOfPage":{"@id":"https:\/\/radiolitoral.com\/2024\/03\/el-csif-y-acciona-llegan-a-un-acuerdo-y-se-desconvoca-la-huelga-en-calp\/"},"wordCount":179,"commentCount":0,"publisher":{"@id":"https:\/\/radiolitoral.com\/#organization"},"image":{"@id":"https:\/\/radiolitoral.com\/2024\/03\/el-csif-y-acciona-llegan-a-un-acuerdo-y-se-desconvoca-la-huelga-en-calp\/#primaryimage"},"thumbnailUrl":"https:\/\/media.radiolitoral.com\/wp-content\/uploads\/2024\/03\/22124912\/Trabajadores-Acciona-presentacion-nuevos-contenedores.jpeg","articleSection":["Empleo","Movilizaciones"],"inLanguage":"ca","potentialAction":[{"@type":"CommentAction","name":"Comment","target":["https:\/\/radiolitoral.com\/2024\/03\/el-csif-y-acciona-llegan-a-un-acuerdo-y-se-desconvoca-la-huelga-en-calp\/#respond"]}]},{"@type":["WebPage","ItemPage"],"@id":"https:\/\/radiolitoral.com\/2024\/03\/el-csif-y-acciona-llegan-a-un-acuerdo-y-se-desconvoca-la-huelga-en-calp\/","url":"https:\/\/radiolitoral.com\/2024\/03\/el-csif-y-acciona-llegan-a-un-acuerdo-y-se-desconvoca-la-huelga-en-calp\/","name":"El CSIF i Acciona arriben a un acord i es desconvoca la vaga a Calp | R\u00e0dio Litoral","isPartOf":{"@id":"https:\/\/radiolitoral.com\/#website"},"primaryImageOfPage":{"@id":"https:\/\/radiolitoral.com\/2024\/03\/el-csif-y-acciona-llegan-a-un-acuerdo-y-se-desconvoca-la-huelga-en-calp\/#primaryimage"},"image":{"@id":"https:\/\/radiolitoral.com\/2024\/03\/el-csif-y-acciona-llegan-a-un-acuerdo-y-se-desconvoca-la-huelga-en-calp\/#primaryimage"},"thumbnailUrl":"https:\/\/media.radiolitoral.com\/wp-content\/uploads\/2024\/03\/22124912\/Trabajadores-Acciona-presentacion-nuevos-contenedores.jpeg","datePublished":"2024-03-22T11:52:53+00:00","description":"L&#039;acord aconseguit contempla la implantaci\u00f3 d&#039;un nou torn rotatori i una pujada salarial d&#039;un 3% per al 2024","breadcrumb":{"@id":"https:\/\/radiolitoral.com\/2024\/03\/el-csif-y-acciona-llegan-a-un-acuerdo-y-se-desconvoca-la-huelga-en-calp\/#breadcrumb"},"inLanguage":"ca","potentialAction":[{"@type":"ReadAction","target":["https:\/\/radiolitoral.com\/2024\/03\/el-csif-y-acciona-llegan-a-un-acuerdo-y-se-desconvoca-la-huelga-en-calp\/"]}]},{"@type":"ImageObject","inLanguage":"ca","@id":"https:\/\/radiolitoral.com\/2024\/03\/el-csif-y-acciona-llegan-a-un-acuerdo-y-se-desconvoca-la-huelga-en-calp\/#primaryimage","url":"https:\/\/media.radiolitoral.com\/wp-content\/uploads\/2024\/03\/22124912\/Trabajadores-Acciona-presentacion-nuevos-contenedores.jpeg","contentUrl":"https:\/\/media.radiolitoral.com\/wp-content\/uploads\/2024\/03\/22124912\/Trabajadores-Acciona-presentacion-nuevos-contenedores.jpeg","width":2000,"height":1500},{"@type":"BreadcrumbList","@id":"https:\/\/radiolitoral.com\/2024\/03\/el-csif-y-acciona-llegan-a-un-acuerdo-y-se-desconvoca-la-huelga-en-calp\/#breadcrumb","itemListElement":[{"@type":"ListItem","position":1,"name":"Portada","item":"https:\/\/radiolitoral.com\/"},{"@type":"ListItem","position":2,"name":"El CSIF y Acciona llegan a un acuerdo y se desconvoca la huelga en Calp"}]},{"@type":"WebSite","@id":"https:\/\/radiolitoral.com\/#website","url":"https:\/\/radiolitoral.com\/","name":"R\u00e0dio Litoral","description":"La r\u00e0dio local de la Marina Alta","publisher":{"@id":"https:\/\/radiolitoral.com\/#organization"},"alternateName":"Litoral FM","potentialAction":[{"@type":"SearchAction","target":{"@type":"EntryPoint","urlTemplate":"https:\/\/radiolitoral.com\/?s={search_term_string}"},"query-input":{"@type":"PropertyValueSpecification","valueRequired":true,"valueName":"search_term_string"}}],"inLanguage":"ca"},{"@type":"Organization","@id":"https:\/\/radiolitoral.com\/#organization","name":"R\u00e0dio Litoral","url":"https:\/\/radiolitoral.com\/","logo":{"@type":"ImageObject","inLanguage":"ca","@id":"https:\/\/radiolitoral.com\/#\/schema\/logo\/image\/","url":"https:\/\/media.radiolitoral.com\/wp-content\/uploads\/2023\/02\/24143238\/CL-V-RadioLitoral696.png","contentUrl":"https:\/\/media.radiolitoral.com\/wp-content\/uploads\/2023\/02\/24143238\/CL-V-RadioLitoral696.png","width":696,"height":696,"caption":"Radio Litoral"},"image":{"@id":"https:\/\/radiolitoral.com\/#\/schema\/logo\/image\/"},"sameAs":["https:\/\/www.facebook.com\/Laradiolitoral\/"]},{"@type":"Person","@id":"https:\/\/radiolitoral.com\/#\/schema\/person\/f2b2343c49b5d721857cc1002bfdb151","name":"Redacci\u00f3","image":{"@type":"ImageObject","inLanguage":"ca","@id":"https:\/\/secure.gravatar.com\/avatar\/f771d896c203ad8b3382d7905cfcce5a5c9b008b84b3cd9114e9b9f4cb63f789?s=96&d=mm&r=g","url":"https:\/\/secure.gravatar.com\/avatar\/f771d896c203ad8b3382d7905cfcce5a5c9b008b84b3cd9114e9b9f4cb63f789?s=96&d=mm&r=g","contentUrl":"https:\/\/secure.gravatar.com\/avatar\/f771d896c203ad8b3382d7905cfcce5a5c9b008b84b3cd9114e9b9f4cb63f789?s=96&d=mm&r=g","caption":"Redacci\u00f3n"},"url":"https:\/\/radiolitoral.com\/ca\/author\/miriam-pagan\/"}]}},"_links":{"self":[{"href":"https:\/\/radiolitoral.com\/ca\/wp-json\/wp\/v2\/posts\/7678","targetHints":{"allow":["GET"]}}],"collection":[{"href":"https:\/\/radiolitoral.com\/ca\/wp-json\/wp\/v2\/posts"}],"about":[{"href":"https:\/\/radiolitoral.com\/ca\/wp-json\/wp\/v2\/types\/post"}],"author":[{"embeddable":true,"href":"https:\/\/radiolitoral.com\/ca\/wp-json\/wp\/v2\/users\/13"}],"replies":[{"embeddable":true,"href":"https:\/\/radiolitoral.com\/ca\/wp-json\/wp\/v2\/comments?post=7678"}],"version-history":[{"count":3,"href":"https:\/\/radiolitoral.com\/ca\/wp-json\/wp\/v2\/posts\/7678\/revisions"}],"predecessor-version":[{"id":7683,"href":"https:\/\/radiolitoral.com\/ca\/wp-json\/wp\/v2\/posts\/7678\/revisions\/7683"}],"wp:featuredmedia":[{"embeddable":true,"href":"https:\/\/radiolitoral.com\/ca\/wp-json\/wp\/v2\/media\/7680"}],"wp:attachment":[{"href":"https:\/\/radiolitoral.com\/ca\/wp-json\/wp\/v2\/media?parent=7678"}],"wp:term":[{"taxonomy":"category","embeddable":true,"href":"https:\/\/radiolitoral.com\/ca\/wp-json\/wp\/v2\/categories?post=7678"},{"taxonomy":"post_tag","embeddable":true,"href":"https:\/\/radiolitoral.com\/ca\/wp-json\/wp\/v2\/tags?post=7678"}],"curies":[{"name":"wp","href":"https:\/\/api.w.org\/{rel}","templated":true}]}}