{"id":7618,"date":"2024-03-21T09:06:45","date_gmt":"2024-03-21T08:06:45","guid":{"rendered":"https:\/\/radiolitoral.com\/?p=7618"},"modified":"2024-03-21T09:06:45","modified_gmt":"2024-03-21T08:06:45","slug":"premi-turisme-periodisme-xavier-aldekoa-laura-arago","status":"publish","type":"post","link":"https:\/\/radiolitoral.com\/ca\/2024\/03\/premio-turismo-periodismo-xavier-aldekoa-laura-arago\/","title":{"rendered":"X\u00e0bia reconeix Xavier Aldekoa i Laura Arag\u00f3 per la seva tasca period\u00edstica i mediambiental"},"content":{"rendered":"<p>Dimecres passat 20 de mar\u00e7, <strong>Xavier Aldekoa i Laura Arag\u00f3<\/strong> es van convertir en els primers guardonats del <strong>Premi Internacional de Periodisme i Turisme Sostenible a X\u00e0bia<\/strong>. Aquest reconeixement, nascut de la uni\u00f3 entre la Casa del Mediterrani i l&#039;Ajuntament de X\u00e0bia, t\u00e9 com a objectiu posar en valor el periodisme que promou la consci\u00e8ncia sobre el turisme sostenible i la cura del medi ambient.<\/p>\n<p>El lliurament de premis es va fer al sal\u00f3 de plens de l&#039;Ajuntament, on el jurat, integrat per figures rellevants de l&#039;\u00e0mbit period\u00edstic i tur\u00edstic, va lloar el treball d&#039;Aldekoa i Arag\u00f3. El seu article \u00ab<strong>El darrer crit de la Mediterr\u00e0nia<\/strong>\u00ab, dif\u00f3s a trav\u00e9s de La Vanguardia, va ser destacat pel tractament dels reptes mediambientals del mar Mediterrani.<\/p>\n<p>Els periodistes van agrair el guard\u00f3 i van emfatitzar la import\u00e0ncia d&#039;un periodisme que s&#039;enfronti a les problem\u00e0tiques mediambientals. Van destacar, aix\u00ed mateix, el suport rebut per La Vanguardia i la implicaci\u00f3 de les comunitats mediterr\u00e0nies en l&#039;elaboraci\u00f3 de la seva <strong>reportatge<\/strong>.<\/p>\n<p><strong>Andr\u00e9s Perell\u00f3,<\/strong> director general de Casa del Mediterrani, va assenyalar el valor del premi com a s\u00edmbol de col\u00b7laboraci\u00f3 entre institucions i la seva contribuci\u00f3 a la preservaci\u00f3 de la identitat cultural i ambiental de X\u00e0bia davant de l&#039;aven\u00e7 descontrolat. Per la seva banda, <strong>Rosa Cardona<\/strong>, alcaldessa de X\u00e0bia, va fer \u00e8mfasi en la import\u00e0ncia de l&#039;article d&#039;Aldekoa i Arag\u00f3 i la urg\u00e8ncia de generar consci\u00e8ncia sobre el canvi clim\u00e0tic i els seus impactes a la zona.<\/p>","protected":false},"excerpt":{"rendered":"<p>El pasado mi\u00e9rcoles 20 de marzo, Xavier Aldekoa y Laura Arag\u00f3 se convirtieron en los primeros galardonados del Premio Internacional de Periodismo y Turismo Sostenible en X\u00e0bia. Este reconocimiento, nacido de la uni\u00f3n entre la Casa del Mediterr\u00e1neo y el Ayuntamiento de X\u00e0bia, tiene el objetivo de poner en valor el periodismo que promueve la [&#8230;]<\/p>\n<p><a class=\"btn btn-secondary understrap-read-more-link\" href=\"https:\/\/radiolitoral.com\/ca\/2024\/03\/premio-turismo-periodismo-xavier-aldekoa-laura-arago\/\">Continua llegint&#8230;<span class=\"screen-reader-text\"> from X\u00e0bia reconoce a Xavier Aldekoa y Laura Arag\u00f3 por su labor period\u00edstica y medioambiental<\/span><\/a><\/p>\n","protected":false},"author":11,"featured_media":7619,"comment_status":"open","ping_status":"closed","sticky":false,"template":"","format":"standard","meta":{"_acf_changed":false,"inline_featured_image":false,"footnotes":""},"categories":[325],"tags":[1061,725,196,1060],"class_list":["post-7618","post","type-post","status-publish","format-standard","has-post-thumbnail","hentry","category-medioambiente","tag-laura-arago","tag-marinaalta","tag-xabia","tag-xavier-aldekoa","cobertura-xabia"],"acf":[],"yoast_head":"<!-- This site is optimized with the Yoast SEO plugin v27.5 - https:\/\/yoast.com\/product\/yoast-seo-wordpress\/ -->\n<title>X\u00e0bia reconoce a Xavier Aldekoa y Laura Arag\u00f3 por su labor period\u00edstica y medioambiental | R\u00e0dio Litoral<\/title>\n<meta name=\"description\" content=\"Los periodistas han sido galardonados con el Premio Internacional de Periodismo y Turismo Sostenible\" \/>\n<meta name=\"robots\" content=\"index, follow, max-snippet:-1, max-image-preview:large, max-video-preview:-1\" \/>\n<link rel=\"canonical\" href=\"https:\/\/radiolitoral.com\/ca\/2024\/03\/premi-turisme-periodisme-xavier-aldekoa-laura-arago\/\" \/>\n<meta property=\"og:locale\" content=\"ca_ES\" \/>\n<meta property=\"og:type\" content=\"article\" \/>\n<meta property=\"og:title\" content=\"X\u00e0bia reconoce a Xavier Aldekoa y Laura Arag\u00f3 por su labor period\u00edstica y medioambiental | R\u00e0dio Litoral\" \/>\n<meta property=\"og:description\" content=\"Los periodistas han sido galardonados con el Premio Internacional de Periodismo y Turismo Sostenible\" \/>\n<meta property=\"og:url\" content=\"https:\/\/radiolitoral.com\/ca\/2024\/03\/premi-turisme-periodisme-xavier-aldekoa-laura-arago\/\" \/>\n<meta property=\"og:site_name\" content=\"R\u00e0dio Litoral\" \/>\n<meta property=\"article:publisher\" content=\"https:\/\/www.facebook.com\/Laradiolitoral\/\" \/>\n<meta property=\"article:published_time\" content=\"2024-03-21T08:06:45+00:00\" \/>\n<meta property=\"og:image\" content=\"https:\/\/media.radiolitoral.com\/wp-content\/uploads\/2024\/03\/21083539\/AytoXabia_20Marzo_AlcaldiaCasaMediterraneoPremioPeriodismoFotoFamilia001.jpg\" \/>\n\t<meta property=\"og:image:width\" content=\"1500\" \/>\n\t<meta property=\"og:image:height\" content=\"1125\" \/>\n\t<meta property=\"og:image:type\" content=\"image\/jpeg\" \/>\n<meta name=\"author\" content=\"Redacci\u00f3n\" \/>\n<meta name=\"twitter:card\" content=\"summary_large_image\" \/>\n<meta name=\"twitter:label1\" content=\"Escrit per\" \/>\n\t<meta name=\"twitter:data1\" content=\"Redacci\u00f3n\" \/>\n\t<meta name=\"twitter:label2\" content=\"Temps estimat de lectura\" \/>\n\t<meta name=\"twitter:data2\" content=\"2 minuts\" \/>\n<script type=\"application\/ld+json\" class=\"yoast-schema-graph\">{\"@context\":\"https:\\\/\\\/schema.org\",\"@graph\":[{\"@type\":\"NewsArticle\",\"@id\":\"https:\\\/\\\/radiolitoral.com\\\/2024\\\/03\\\/premio-turismo-periodismo-xavier-aldekoa-laura-arago\\\/#article\",\"isPartOf\":{\"@id\":\"https:\\\/\\\/radiolitoral.com\\\/2024\\\/03\\\/premio-turismo-periodismo-xavier-aldekoa-laura-arago\\\/\"},\"author\":{\"name\":\"Redacci\u00f3n\",\"@id\":\"https:\\\/\\\/radiolitoral.com\\\/#\\\/schema\\\/person\\\/aaadc9e35663a92bd94a05f5816f296d\"},\"headline\":\"X\u00e0bia reconoce a Xavier Aldekoa y Laura Arag\u00f3 por su labor period\u00edstica y medioambiental\",\"datePublished\":\"2024-03-21T08:06:45+00:00\",\"mainEntityOfPage\":{\"@id\":\"https:\\\/\\\/radiolitoral.com\\\/2024\\\/03\\\/premio-turismo-periodismo-xavier-aldekoa-laura-arago\\\/\"},\"wordCount\":278,\"commentCount\":0,\"publisher\":{\"@id\":\"https:\\\/\\\/radiolitoral.com\\\/#organization\"},\"image\":{\"@id\":\"https:\\\/\\\/radiolitoral.com\\\/2024\\\/03\\\/premio-turismo-periodismo-xavier-aldekoa-laura-arago\\\/#primaryimage\"},\"thumbnailUrl\":\"https:\\\/\\\/media.radiolitoral.com\\\/wp-content\\\/uploads\\\/2024\\\/03\\\/21083539\\\/AytoXabia_20Marzo_AlcaldiaCasaMediterraneoPremioPeriodismoFotoFamilia001.jpg\",\"keywords\":[\"Laura Arag\u00f3\",\"MarinaAlta\",\"X\u00e0bia.\",\"Xavier Aldekoa\"],\"articleSection\":[\"Medioambiente\"],\"inLanguage\":\"ca\",\"potentialAction\":[{\"@type\":\"CommentAction\",\"name\":\"Comment\",\"target\":[\"https:\\\/\\\/radiolitoral.com\\\/2024\\\/03\\\/premio-turismo-periodismo-xavier-aldekoa-laura-arago\\\/#respond\"]}]},{\"@type\":[\"WebPage\",\"ItemPage\"],\"@id\":\"https:\\\/\\\/radiolitoral.com\\\/2024\\\/03\\\/premio-turismo-periodismo-xavier-aldekoa-laura-arago\\\/\",\"url\":\"https:\\\/\\\/radiolitoral.com\\\/2024\\\/03\\\/premio-turismo-periodismo-xavier-aldekoa-laura-arago\\\/\",\"name\":\"X\u00e0bia reconoce a Xavier Aldekoa y Laura Arag\u00f3 por su labor period\u00edstica y medioambiental | R\u00e0dio Litoral\",\"isPartOf\":{\"@id\":\"https:\\\/\\\/radiolitoral.com\\\/#website\"},\"primaryImageOfPage\":{\"@id\":\"https:\\\/\\\/radiolitoral.com\\\/2024\\\/03\\\/premio-turismo-periodismo-xavier-aldekoa-laura-arago\\\/#primaryimage\"},\"image\":{\"@id\":\"https:\\\/\\\/radiolitoral.com\\\/2024\\\/03\\\/premio-turismo-periodismo-xavier-aldekoa-laura-arago\\\/#primaryimage\"},\"thumbnailUrl\":\"https:\\\/\\\/media.radiolitoral.com\\\/wp-content\\\/uploads\\\/2024\\\/03\\\/21083539\\\/AytoXabia_20Marzo_AlcaldiaCasaMediterraneoPremioPeriodismoFotoFamilia001.jpg\",\"datePublished\":\"2024-03-21T08:06:45+00:00\",\"description\":\"Los periodistas han sido galardonados con el Premio Internacional de Periodismo y Turismo Sostenible\",\"breadcrumb\":{\"@id\":\"https:\\\/\\\/radiolitoral.com\\\/2024\\\/03\\\/premio-turismo-periodismo-xavier-aldekoa-laura-arago\\\/#breadcrumb\"},\"inLanguage\":\"ca\",\"potentialAction\":[{\"@type\":\"ReadAction\",\"target\":[\"https:\\\/\\\/radiolitoral.com\\\/2024\\\/03\\\/premio-turismo-periodismo-xavier-aldekoa-laura-arago\\\/\"]}]},{\"@type\":\"ImageObject\",\"inLanguage\":\"ca\",\"@id\":\"https:\\\/\\\/radiolitoral.com\\\/2024\\\/03\\\/premio-turismo-periodismo-xavier-aldekoa-laura-arago\\\/#primaryimage\",\"url\":\"https:\\\/\\\/media.radiolitoral.com\\\/wp-content\\\/uploads\\\/2024\\\/03\\\/21083539\\\/AytoXabia_20Marzo_AlcaldiaCasaMediterraneoPremioPeriodismoFotoFamilia001.jpg\",\"contentUrl\":\"https:\\\/\\\/media.radiolitoral.com\\\/wp-content\\\/uploads\\\/2024\\\/03\\\/21083539\\\/AytoXabia_20Marzo_AlcaldiaCasaMediterraneoPremioPeriodismoFotoFamilia001.jpg\",\"width\":1500,\"height\":1125,\"caption\":\"Premio Internacional de Periodismo y Medioambiente | Ayuntamiento de X\u00e0bia\"},{\"@type\":\"BreadcrumbList\",\"@id\":\"https:\\\/\\\/radiolitoral.com\\\/2024\\\/03\\\/premio-turismo-periodismo-xavier-aldekoa-laura-arago\\\/#breadcrumb\",\"itemListElement\":[{\"@type\":\"ListItem\",\"position\":1,\"name\":\"Portada\",\"item\":\"https:\\\/\\\/radiolitoral.com\\\/\"},{\"@type\":\"ListItem\",\"position\":2,\"name\":\"X\u00e0bia reconoce a Xavier Aldekoa y Laura Arag\u00f3 por su labor period\u00edstica y medioambiental\"}]},{\"@type\":\"WebSite\",\"@id\":\"https:\\\/\\\/radiolitoral.com\\\/#website\",\"url\":\"https:\\\/\\\/radiolitoral.com\\\/\",\"name\":\"Radio Litoral\",\"description\":\"La radio local de la Marina Alta\",\"publisher\":{\"@id\":\"https:\\\/\\\/radiolitoral.com\\\/#organization\"},\"alternateName\":\"Litoral FM\",\"potentialAction\":[{\"@type\":\"SearchAction\",\"target\":{\"@type\":\"EntryPoint\",\"urlTemplate\":\"https:\\\/\\\/radiolitoral.com\\\/?s={search_term_string}\"},\"query-input\":{\"@type\":\"PropertyValueSpecification\",\"valueRequired\":true,\"valueName\":\"search_term_string\"}}],\"inLanguage\":\"ca\"},{\"@type\":\"Organization\",\"@id\":\"https:\\\/\\\/radiolitoral.com\\\/#organization\",\"name\":\"Radio Litoral\",\"url\":\"https:\\\/\\\/radiolitoral.com\\\/\",\"logo\":{\"@type\":\"ImageObject\",\"inLanguage\":\"ca\",\"@id\":\"https:\\\/\\\/radiolitoral.com\\\/#\\\/schema\\\/logo\\\/image\\\/\",\"url\":\"https:\\\/\\\/media.radiolitoral.com\\\/wp-content\\\/uploads\\\/2023\\\/02\\\/24143238\\\/CL-V-RadioLitoral696.png\",\"contentUrl\":\"https:\\\/\\\/media.radiolitoral.com\\\/wp-content\\\/uploads\\\/2023\\\/02\\\/24143238\\\/CL-V-RadioLitoral696.png\",\"width\":696,\"height\":696,\"caption\":\"Radio Litoral\"},\"image\":{\"@id\":\"https:\\\/\\\/radiolitoral.com\\\/#\\\/schema\\\/logo\\\/image\\\/\"},\"sameAs\":[\"https:\\\/\\\/www.facebook.com\\\/Laradiolitoral\\\/\"]},{\"@type\":\"Person\",\"@id\":\"https:\\\/\\\/radiolitoral.com\\\/#\\\/schema\\\/person\\\/aaadc9e35663a92bd94a05f5816f296d\",\"name\":\"Redacci\u00f3n\",\"image\":{\"@type\":\"ImageObject\",\"inLanguage\":\"ca\",\"@id\":\"https:\\\/\\\/secure.gravatar.com\\\/avatar\\\/e4e253cf49afb8c76a2aca487577f1ff5c098c82b3cf2b0a85f03f83dcb96c31?s=96&d=mm&r=g\",\"url\":\"https:\\\/\\\/secure.gravatar.com\\\/avatar\\\/e4e253cf49afb8c76a2aca487577f1ff5c098c82b3cf2b0a85f03f83dcb96c31?s=96&d=mm&r=g\",\"contentUrl\":\"https:\\\/\\\/secure.gravatar.com\\\/avatar\\\/e4e253cf49afb8c76a2aca487577f1ff5c098c82b3cf2b0a85f03f83dcb96c31?s=96&d=mm&r=g\",\"caption\":\"Redacci\u00f3n\"},\"url\":\"https:\\\/\\\/radiolitoral.com\\\/ca\\\/author\\\/alba-alborch\\\/\"}]}<\/script>\n<!-- \/ Yoast SEO plugin. -->","yoast_head_json":{"title":"X\u00e0bia reconeix Xavier Aldekoa i Laura Arag\u00f3 per la seva tasca period\u00edstica i mediambiental | R\u00e0dio Litoral","description":"Els periodistes han estat guardonats amb el Premi Internacional de Periodisme i Turisme Sostenible","robots":{"index":"index","follow":"follow","max-snippet":"max-snippet:-1","max-image-preview":"max-image-preview:large","max-video-preview":"max-video-preview:-1"},"canonical":"https:\/\/radiolitoral.com\/ca\/2024\/03\/premi-turisme-periodisme-xavier-aldekoa-laura-arago\/","og_locale":"ca_ES","og_type":"article","og_title":"X\u00e0bia reconoce a Xavier Aldekoa y Laura Arag\u00f3 por su labor period\u00edstica y medioambiental | R\u00e0dio Litoral","og_description":"Los periodistas han sido galardonados con el Premio Internacional de Periodismo y Turismo Sostenible","og_url":"https:\/\/radiolitoral.com\/ca\/2024\/03\/premi-turisme-periodisme-xavier-aldekoa-laura-arago\/","og_site_name":"R\u00e0dio Litoral","article_publisher":"https:\/\/www.facebook.com\/Laradiolitoral\/","article_published_time":"2024-03-21T08:06:45+00:00","og_image":[{"width":1500,"height":1125,"url":"https:\/\/media.radiolitoral.com\/wp-content\/uploads\/2024\/03\/21083539\/AytoXabia_20Marzo_AlcaldiaCasaMediterraneoPremioPeriodismoFotoFamilia001.jpg","type":"image\/jpeg"}],"author":"Redacci\u00f3n","twitter_card":"summary_large_image","twitter_misc":{"Escrit per":"Redacci\u00f3n","Temps estimat de lectura":"2 minuts"},"schema":{"@context":"https:\/\/schema.org","@graph":[{"@type":"NewsArticle","@id":"https:\/\/radiolitoral.com\/2024\/03\/premio-turismo-periodismo-xavier-aldekoa-laura-arago\/#article","isPartOf":{"@id":"https:\/\/radiolitoral.com\/2024\/03\/premio-turismo-periodismo-xavier-aldekoa-laura-arago\/"},"author":{"name":"Redacci\u00f3n","@id":"https:\/\/radiolitoral.com\/#\/schema\/person\/aaadc9e35663a92bd94a05f5816f296d"},"headline":"X\u00e0bia reconoce a Xavier Aldekoa y Laura Arag\u00f3 por su labor period\u00edstica y medioambiental","datePublished":"2024-03-21T08:06:45+00:00","mainEntityOfPage":{"@id":"https:\/\/radiolitoral.com\/2024\/03\/premio-turismo-periodismo-xavier-aldekoa-laura-arago\/"},"wordCount":278,"commentCount":0,"publisher":{"@id":"https:\/\/radiolitoral.com\/#organization"},"image":{"@id":"https:\/\/radiolitoral.com\/2024\/03\/premio-turismo-periodismo-xavier-aldekoa-laura-arago\/#primaryimage"},"thumbnailUrl":"https:\/\/media.radiolitoral.com\/wp-content\/uploads\/2024\/03\/21083539\/AytoXabia_20Marzo_AlcaldiaCasaMediterraneoPremioPeriodismoFotoFamilia001.jpg","keywords":["Laura Arag\u00f3","MarinaAlta","X\u00e0bia.","Xavier Aldekoa"],"articleSection":["Medioambiente"],"inLanguage":"ca","potentialAction":[{"@type":"CommentAction","name":"Comment","target":["https:\/\/radiolitoral.com\/2024\/03\/premio-turismo-periodismo-xavier-aldekoa-laura-arago\/#respond"]}]},{"@type":["WebPage","ItemPage"],"@id":"https:\/\/radiolitoral.com\/2024\/03\/premio-turismo-periodismo-xavier-aldekoa-laura-arago\/","url":"https:\/\/radiolitoral.com\/2024\/03\/premio-turismo-periodismo-xavier-aldekoa-laura-arago\/","name":"X\u00e0bia reconeix Xavier Aldekoa i Laura Arag\u00f3 per la seva tasca period\u00edstica i mediambiental | R\u00e0dio Litoral","isPartOf":{"@id":"https:\/\/radiolitoral.com\/#website"},"primaryImageOfPage":{"@id":"https:\/\/radiolitoral.com\/2024\/03\/premio-turismo-periodismo-xavier-aldekoa-laura-arago\/#primaryimage"},"image":{"@id":"https:\/\/radiolitoral.com\/2024\/03\/premio-turismo-periodismo-xavier-aldekoa-laura-arago\/#primaryimage"},"thumbnailUrl":"https:\/\/media.radiolitoral.com\/wp-content\/uploads\/2024\/03\/21083539\/AytoXabia_20Marzo_AlcaldiaCasaMediterraneoPremioPeriodismoFotoFamilia001.jpg","datePublished":"2024-03-21T08:06:45+00:00","description":"Els periodistes han estat guardonats amb el Premi Internacional de Periodisme i Turisme Sostenible","breadcrumb":{"@id":"https:\/\/radiolitoral.com\/2024\/03\/premio-turismo-periodismo-xavier-aldekoa-laura-arago\/#breadcrumb"},"inLanguage":"ca","potentialAction":[{"@type":"ReadAction","target":["https:\/\/radiolitoral.com\/2024\/03\/premio-turismo-periodismo-xavier-aldekoa-laura-arago\/"]}]},{"@type":"ImageObject","inLanguage":"ca","@id":"https:\/\/radiolitoral.com\/2024\/03\/premio-turismo-periodismo-xavier-aldekoa-laura-arago\/#primaryimage","url":"https:\/\/media.radiolitoral.com\/wp-content\/uploads\/2024\/03\/21083539\/AytoXabia_20Marzo_AlcaldiaCasaMediterraneoPremioPeriodismoFotoFamilia001.jpg","contentUrl":"https:\/\/media.radiolitoral.com\/wp-content\/uploads\/2024\/03\/21083539\/AytoXabia_20Marzo_AlcaldiaCasaMediterraneoPremioPeriodismoFotoFamilia001.jpg","width":1500,"height":1125,"caption":"Premio Internacional de Periodismo y Medioambiente | Ayuntamiento de X\u00e0bia"},{"@type":"BreadcrumbList","@id":"https:\/\/radiolitoral.com\/2024\/03\/premio-turismo-periodismo-xavier-aldekoa-laura-arago\/#breadcrumb","itemListElement":[{"@type":"ListItem","position":1,"name":"Portada","item":"https:\/\/radiolitoral.com\/"},{"@type":"ListItem","position":2,"name":"X\u00e0bia reconoce a Xavier Aldekoa y Laura Arag\u00f3 por su labor period\u00edstica y medioambiental"}]},{"@type":"WebSite","@id":"https:\/\/radiolitoral.com\/#website","url":"https:\/\/radiolitoral.com\/","name":"R\u00e0dio Litoral","description":"La r\u00e0dio local de la Marina Alta","publisher":{"@id":"https:\/\/radiolitoral.com\/#organization"},"alternateName":"Litoral FM","potentialAction":[{"@type":"SearchAction","target":{"@type":"EntryPoint","urlTemplate":"https:\/\/radiolitoral.com\/?s={search_term_string}"},"query-input":{"@type":"PropertyValueSpecification","valueRequired":true,"valueName":"search_term_string"}}],"inLanguage":"ca"},{"@type":"Organization","@id":"https:\/\/radiolitoral.com\/#organization","name":"R\u00e0dio Litoral","url":"https:\/\/radiolitoral.com\/","logo":{"@type":"ImageObject","inLanguage":"ca","@id":"https:\/\/radiolitoral.com\/#\/schema\/logo\/image\/","url":"https:\/\/media.radiolitoral.com\/wp-content\/uploads\/2023\/02\/24143238\/CL-V-RadioLitoral696.png","contentUrl":"https:\/\/media.radiolitoral.com\/wp-content\/uploads\/2023\/02\/24143238\/CL-V-RadioLitoral696.png","width":696,"height":696,"caption":"Radio Litoral"},"image":{"@id":"https:\/\/radiolitoral.com\/#\/schema\/logo\/image\/"},"sameAs":["https:\/\/www.facebook.com\/Laradiolitoral\/"]},{"@type":"Person","@id":"https:\/\/radiolitoral.com\/#\/schema\/person\/aaadc9e35663a92bd94a05f5816f296d","name":"Redacci\u00f3","image":{"@type":"ImageObject","inLanguage":"ca","@id":"https:\/\/secure.gravatar.com\/avatar\/e4e253cf49afb8c76a2aca487577f1ff5c098c82b3cf2b0a85f03f83dcb96c31?s=96&d=mm&r=g","url":"https:\/\/secure.gravatar.com\/avatar\/e4e253cf49afb8c76a2aca487577f1ff5c098c82b3cf2b0a85f03f83dcb96c31?s=96&d=mm&r=g","contentUrl":"https:\/\/secure.gravatar.com\/avatar\/e4e253cf49afb8c76a2aca487577f1ff5c098c82b3cf2b0a85f03f83dcb96c31?s=96&d=mm&r=g","caption":"Redacci\u00f3n"},"url":"https:\/\/radiolitoral.com\/ca\/author\/alba-alborch\/"}]}},"_links":{"self":[{"href":"https:\/\/radiolitoral.com\/ca\/wp-json\/wp\/v2\/posts\/7618","targetHints":{"allow":["GET"]}}],"collection":[{"href":"https:\/\/radiolitoral.com\/ca\/wp-json\/wp\/v2\/posts"}],"about":[{"href":"https:\/\/radiolitoral.com\/ca\/wp-json\/wp\/v2\/types\/post"}],"author":[{"embeddable":true,"href":"https:\/\/radiolitoral.com\/ca\/wp-json\/wp\/v2\/users\/11"}],"replies":[{"embeddable":true,"href":"https:\/\/radiolitoral.com\/ca\/wp-json\/wp\/v2\/comments?post=7618"}],"version-history":[{"count":2,"href":"https:\/\/radiolitoral.com\/ca\/wp-json\/wp\/v2\/posts\/7618\/revisions"}],"predecessor-version":[{"id":7622,"href":"https:\/\/radiolitoral.com\/ca\/wp-json\/wp\/v2\/posts\/7618\/revisions\/7622"}],"wp:featuredmedia":[{"embeddable":true,"href":"https:\/\/radiolitoral.com\/ca\/wp-json\/wp\/v2\/media\/7619"}],"wp:attachment":[{"href":"https:\/\/radiolitoral.com\/ca\/wp-json\/wp\/v2\/media?parent=7618"}],"wp:term":[{"taxonomy":"category","embeddable":true,"href":"https:\/\/radiolitoral.com\/ca\/wp-json\/wp\/v2\/categories?post=7618"},{"taxonomy":"post_tag","embeddable":true,"href":"https:\/\/radiolitoral.com\/ca\/wp-json\/wp\/v2\/tags?post=7618"}],"curies":[{"name":"wp","href":"https:\/\/api.w.org\/{rel}","templated":true}]}}