{"id":7615,"date":"2024-03-20T18:06:32","date_gmt":"2024-03-20T17:06:32","guid":{"rendered":"https:\/\/radiolitoral.com\/?p=7615"},"modified":"2024-03-20T18:06:32","modified_gmt":"2024-03-20T17:06:32","slug":"els-treballadors-de-bimbo-davant-limminent-tancament-de-la-fabrica-al-verger","status":"publish","type":"post","link":"https:\/\/radiolitoral.com\/ca\/2024\/03\/los-trabajadores-de-bimbo-ante-el-inminente-cierre-de-la-fabrica-en-el-verger\/","title":{"rendered":"Els treballadors de Bimbo, davant l&#039;imminent tancament de la f\u00e0brica al Verger"},"content":{"rendered":"<div class=\"flex-1 overflow-hidden\">\n<div class=\"react-scroll-to-bottom--css-iadrn-79elbk h-full\">\n<div class=\"react-scroll-to-bottom--css-iadrn-1n7m0yu\">\n<div class=\"flex flex-col text-sm pb-9\">\n<div class=\"w-full text-token-text-primary\" data-testid=\"conversation-turn-3\">\n<div class=\"px-4 py-2 justify-center text-base md:gap-6 m-auto\">\n<div class=\"flex flex-1 text-base mx-auto gap-3 md:px-5 lg:px-1 xl:px-5 md:max-w-3xl lg:max-w-[40rem] xl:max-w-[48rem] group final-completion\">\n<div class=\"relative flex w-full flex-col agent-turn\">\n<div class=\"flex-col gap-1 md:gap-3\">\n<div class=\"flex flex-grow flex-col max-w-full\">\n<div class=\"min-h-[20px] text-message flex flex-col items-start gap-3 whitespace-pre-wrap break-words [.text-message+&amp;]:mt-5 overflow-x-auto\" data-message-author-role=\"assistant\" data-message-id=\"44e3892a-5e06-4d45-9148-aa2385f96b85\">\n<div class=\"markdown prose w-full break-words dark:prose-invert light\">\n<p>A finales de <strong>marzo<\/strong>, la <strong>f\u00e1brica Bimbo<\/strong> en <strong>El Verger<\/strong> cerrar\u00e1 sus puertas definitivamente, marcando un momento crucial para la localidad y sus <strong>trabajadores<\/strong>. Antes de este cierre, el <strong>viernes 22 de marzo<\/strong>, la producci\u00f3n en la f\u00e1brica cesar\u00e1, permitiendo que los empleados se marchen con un <strong>permiso retribuido<\/strong> hasta la fecha de cierre.<\/p>\n<p>Jos\u00e9 Gonz\u00e1lez, presidente del <strong>Comit\u00e9 de Empresa<\/strong>, ha explicado que tienen previsto llevar a cabo un <strong>acto de despedida<\/strong> planeado para compartir \u00abun rato en compa\u00f1\u00eda\u00bb y suavizar esta transici\u00f3n.<\/p>\n<p>Gonz\u00e1lez incide sobre el duro viaje hasta este punto, se\u00f1alando el impacto emocional del anuncio del cierre en <strong>enero<\/strong> de este a\u00f1o. Sin embargo, resalta que se ha conseguido \u00abuna salida digna para pr\u00e1cticamente el 100% de las personas\u00bb involucradas. El preacuerdo logrado, que luego fue ratificado por la <strong>asamblea de trabajadores<\/strong>, abarca <strong>traslados<\/strong> a otras plantas, <strong>planes de renta<\/strong> para mayores de 56 a\u00f1os, e <strong>indemnizaciones<\/strong> para quienes optaron por esta v\u00eda.<\/p>\n<p>El consenso y la unidad entre los trabajadores durante este proceso fueron destacados por Gonz\u00e1lez como lo m\u00e1s valioso, subrayando un final \u00abagridulce\u00bb pero con la convicci\u00f3n de que \u00abnadie se queda desprotegido\u00bb.<\/p>\n<\/div>\n<\/div>\n<\/div>\n<\/div>\n<\/div>\n<\/div>\n<\/div>\n<\/div>\n<\/div>\n<\/div>\n<\/div>\n<\/div>\n<div class=\"w-full pt-2 md:pt-0 dark:border-white\/20 md:border-transparent md:dark:border-transparent md:w-[calc(100%-.5rem)]\">\n<form class=\"stretch mx-2 flex flex-row gap-3 last:mb-2 md:mx-4 md:last:mb-6 lg:mx-auto lg:max-w-2xl xl:max-w-3xl\">\n<div class=\"relative flex h-full flex-1 flex-col\">\n<div class=\"absolute bottom-full left-0 right-0\"><\/div>\n<div class=\"flex w-full items-center\"><\/div>\n<\/div>\n<\/form>\n<\/div>\n","protected":false},"excerpt":{"rendered":"<p>A finales de marzo, la f\u00e1brica Bimbo en El Verger cerrar\u00e1 sus puertas definitivamente, marcando un momento crucial para la localidad y sus trabajadores. Antes de este cierre, el viernes 22 de marzo, la producci\u00f3n en la f\u00e1brica cesar\u00e1, permitiendo que los empleados se marchen con un permiso retribuido hasta la fecha de cierre. Jos\u00e9 [&#8230;]<\/p>\n<p><a class=\"btn btn-secondary understrap-read-more-link\" href=\"https:\/\/radiolitoral.com\/ca\/2024\/03\/los-trabajadores-de-bimbo-ante-el-inminente-cierre-de-la-fabrica-en-el-verger\/\">Continua llegint&#8230;<span class=\"screen-reader-text\"> from Los trabajadores de Bimbo, ante el inminente cierre de la f\u00e1brica en El Verger<\/span><\/a><\/p>\n","protected":false},"author":13,"featured_media":6456,"comment_status":"open","ping_status":"closed","sticky":false,"template":"","format":"standard","meta":{"_acf_changed":false,"inline_featured_image":false,"footnotes":""},"categories":[46],"tags":[1058,1059,1057,849],"class_list":["post-7615","post","type-post","status-publish","format-standard","has-post-thumbnail","hentry","category-sociedad","tag-bimbo","tag-comite-de-empresa","tag-el-verger","tag-empresas","cobertura-el-verger"],"acf":[],"yoast_head":"<!-- This site is optimized with the Yoast SEO plugin v27.5 - https:\/\/yoast.com\/product\/yoast-seo-wordpress\/ -->\n<title>Los trabajadores de Bimbo, ante el inminente cierre de la f\u00e1brica en El Verger | R\u00e0dio Litoral<\/title>\n<meta name=\"description\" content=\"La plantilla tiene previsto realizar un acto de despedida La plantilla tiene previsto realizar un acto de despedida\" \/>\n<meta name=\"robots\" content=\"index, follow, max-snippet:-1, max-image-preview:large, max-video-preview:-1\" \/>\n<link rel=\"canonical\" href=\"https:\/\/radiolitoral.com\/ca\/2024\/03\/els-treballadors-de-bimbo-davant-limminent-tancament-de-la-fabrica-al-verger\/\" \/>\n<meta property=\"og:locale\" content=\"ca_ES\" \/>\n<meta property=\"og:type\" content=\"article\" \/>\n<meta property=\"og:title\" content=\"Los trabajadores de Bimbo, ante el inminente cierre de la f\u00e1brica en El Verger | R\u00e0dio Litoral\" \/>\n<meta property=\"og:description\" content=\"La plantilla tiene previsto realizar un acto de despedida La plantilla tiene previsto realizar un acto de despedida\" \/>\n<meta property=\"og:url\" content=\"https:\/\/radiolitoral.com\/ca\/2024\/03\/els-treballadors-de-bimbo-davant-limminent-tancament-de-la-fabrica-al-verger\/\" \/>\n<meta property=\"og:site_name\" content=\"R\u00e0dio Litoral\" \/>\n<meta property=\"article:publisher\" content=\"https:\/\/www.facebook.com\/Laradiolitoral\/\" \/>\n<meta property=\"article:published_time\" content=\"2024-03-20T17:06:32+00:00\" \/>\n<meta property=\"og:image\" content=\"https:\/\/media.radiolitoral.com\/wp-content\/uploads\/2024\/01\/19143040\/Representantes-de-los-trabajadores-planta-Bimbo-2.-Tino-Calvo-scaled.jpg\" \/>\n\t<meta property=\"og:image:width\" content=\"2560\" \/>\n\t<meta property=\"og:image:height\" content=\"1709\" \/>\n\t<meta property=\"og:image:type\" content=\"image\/jpeg\" \/>\n<meta name=\"author\" content=\"Redacci\u00f3n\" \/>\n<meta name=\"twitter:card\" content=\"summary_large_image\" \/>\n<meta name=\"twitter:label1\" content=\"Escrit per\" \/>\n\t<meta name=\"twitter:data1\" content=\"Redacci\u00f3n\" \/>\n\t<meta name=\"twitter:label2\" content=\"Temps estimat de lectura\" \/>\n\t<meta name=\"twitter:data2\" content=\"2 minuts\" \/>\n<script type=\"application\/ld+json\" class=\"yoast-schema-graph\">{\"@context\":\"https:\\\/\\\/schema.org\",\"@graph\":[{\"@type\":\"NewsArticle\",\"@id\":\"https:\\\/\\\/radiolitoral.com\\\/2024\\\/03\\\/los-trabajadores-de-bimbo-ante-el-inminente-cierre-de-la-fabrica-en-el-verger\\\/#article\",\"isPartOf\":{\"@id\":\"https:\\\/\\\/radiolitoral.com\\\/2024\\\/03\\\/los-trabajadores-de-bimbo-ante-el-inminente-cierre-de-la-fabrica-en-el-verger\\\/\"},\"author\":{\"name\":\"Redacci\u00f3n\",\"@id\":\"https:\\\/\\\/radiolitoral.com\\\/#\\\/schema\\\/person\\\/f2b2343c49b5d721857cc1002bfdb151\"},\"headline\":\"Los trabajadores de Bimbo, ante el inminente cierre de la f\u00e1brica en El Verger\",\"datePublished\":\"2024-03-20T17:06:32+00:00\",\"mainEntityOfPage\":{\"@id\":\"https:\\\/\\\/radiolitoral.com\\\/2024\\\/03\\\/los-trabajadores-de-bimbo-ante-el-inminente-cierre-de-la-fabrica-en-el-verger\\\/\"},\"wordCount\":217,\"commentCount\":0,\"publisher\":{\"@id\":\"https:\\\/\\\/radiolitoral.com\\\/#organization\"},\"image\":{\"@id\":\"https:\\\/\\\/radiolitoral.com\\\/2024\\\/03\\\/los-trabajadores-de-bimbo-ante-el-inminente-cierre-de-la-fabrica-en-el-verger\\\/#primaryimage\"},\"thumbnailUrl\":\"https:\\\/\\\/media.radiolitoral.com\\\/wp-content\\\/uploads\\\/2024\\\/01\\\/19143040\\\/Representantes-de-los-trabajadores-planta-Bimbo-2.-Tino-Calvo-scaled.jpg\",\"keywords\":[\"Bimbo\",\"Comit\u00e9 de Empresa\",\"El Verger\",\"Empresas\"],\"articleSection\":[\"Sociedad\"],\"inLanguage\":\"ca\",\"potentialAction\":[{\"@type\":\"CommentAction\",\"name\":\"Comment\",\"target\":[\"https:\\\/\\\/radiolitoral.com\\\/2024\\\/03\\\/los-trabajadores-de-bimbo-ante-el-inminente-cierre-de-la-fabrica-en-el-verger\\\/#respond\"]}]},{\"@type\":[\"WebPage\",\"ItemPage\"],\"@id\":\"https:\\\/\\\/radiolitoral.com\\\/2024\\\/03\\\/los-trabajadores-de-bimbo-ante-el-inminente-cierre-de-la-fabrica-en-el-verger\\\/\",\"url\":\"https:\\\/\\\/radiolitoral.com\\\/2024\\\/03\\\/los-trabajadores-de-bimbo-ante-el-inminente-cierre-de-la-fabrica-en-el-verger\\\/\",\"name\":\"Los trabajadores de Bimbo, ante el inminente cierre de la f\u00e1brica en El Verger | R\u00e0dio Litoral\",\"isPartOf\":{\"@id\":\"https:\\\/\\\/radiolitoral.com\\\/#website\"},\"primaryImageOfPage\":{\"@id\":\"https:\\\/\\\/radiolitoral.com\\\/2024\\\/03\\\/los-trabajadores-de-bimbo-ante-el-inminente-cierre-de-la-fabrica-en-el-verger\\\/#primaryimage\"},\"image\":{\"@id\":\"https:\\\/\\\/radiolitoral.com\\\/2024\\\/03\\\/los-trabajadores-de-bimbo-ante-el-inminente-cierre-de-la-fabrica-en-el-verger\\\/#primaryimage\"},\"thumbnailUrl\":\"https:\\\/\\\/media.radiolitoral.com\\\/wp-content\\\/uploads\\\/2024\\\/01\\\/19143040\\\/Representantes-de-los-trabajadores-planta-Bimbo-2.-Tino-Calvo-scaled.jpg\",\"datePublished\":\"2024-03-20T17:06:32+00:00\",\"description\":\"La plantilla tiene previsto realizar un acto de despedida La plantilla tiene previsto realizar un acto de despedida\",\"breadcrumb\":{\"@id\":\"https:\\\/\\\/radiolitoral.com\\\/2024\\\/03\\\/los-trabajadores-de-bimbo-ante-el-inminente-cierre-de-la-fabrica-en-el-verger\\\/#breadcrumb\"},\"inLanguage\":\"ca\",\"potentialAction\":[{\"@type\":\"ReadAction\",\"target\":[\"https:\\\/\\\/radiolitoral.com\\\/2024\\\/03\\\/los-trabajadores-de-bimbo-ante-el-inminente-cierre-de-la-fabrica-en-el-verger\\\/\"]}]},{\"@type\":\"ImageObject\",\"inLanguage\":\"ca\",\"@id\":\"https:\\\/\\\/radiolitoral.com\\\/2024\\\/03\\\/los-trabajadores-de-bimbo-ante-el-inminente-cierre-de-la-fabrica-en-el-verger\\\/#primaryimage\",\"url\":\"https:\\\/\\\/media.radiolitoral.com\\\/wp-content\\\/uploads\\\/2024\\\/01\\\/19143040\\\/Representantes-de-los-trabajadores-planta-Bimbo-2.-Tino-Calvo-scaled.jpg\",\"contentUrl\":\"https:\\\/\\\/media.radiolitoral.com\\\/wp-content\\\/uploads\\\/2024\\\/01\\\/19143040\\\/Representantes-de-los-trabajadores-planta-Bimbo-2.-Tino-Calvo-scaled.jpg\",\"width\":2560,\"height\":1709},{\"@type\":\"BreadcrumbList\",\"@id\":\"https:\\\/\\\/radiolitoral.com\\\/2024\\\/03\\\/los-trabajadores-de-bimbo-ante-el-inminente-cierre-de-la-fabrica-en-el-verger\\\/#breadcrumb\",\"itemListElement\":[{\"@type\":\"ListItem\",\"position\":1,\"name\":\"Portada\",\"item\":\"https:\\\/\\\/radiolitoral.com\\\/\"},{\"@type\":\"ListItem\",\"position\":2,\"name\":\"Los trabajadores de Bimbo, ante el inminente cierre de la f\u00e1brica en El Verger\"}]},{\"@type\":\"WebSite\",\"@id\":\"https:\\\/\\\/radiolitoral.com\\\/#website\",\"url\":\"https:\\\/\\\/radiolitoral.com\\\/\",\"name\":\"Radio Litoral\",\"description\":\"La radio local de la Marina Alta\",\"publisher\":{\"@id\":\"https:\\\/\\\/radiolitoral.com\\\/#organization\"},\"alternateName\":\"Litoral FM\",\"potentialAction\":[{\"@type\":\"SearchAction\",\"target\":{\"@type\":\"EntryPoint\",\"urlTemplate\":\"https:\\\/\\\/radiolitoral.com\\\/?s={search_term_string}\"},\"query-input\":{\"@type\":\"PropertyValueSpecification\",\"valueRequired\":true,\"valueName\":\"search_term_string\"}}],\"inLanguage\":\"ca\"},{\"@type\":\"Organization\",\"@id\":\"https:\\\/\\\/radiolitoral.com\\\/#organization\",\"name\":\"Radio Litoral\",\"url\":\"https:\\\/\\\/radiolitoral.com\\\/\",\"logo\":{\"@type\":\"ImageObject\",\"inLanguage\":\"ca\",\"@id\":\"https:\\\/\\\/radiolitoral.com\\\/#\\\/schema\\\/logo\\\/image\\\/\",\"url\":\"https:\\\/\\\/media.radiolitoral.com\\\/wp-content\\\/uploads\\\/2023\\\/02\\\/24143238\\\/CL-V-RadioLitoral696.png\",\"contentUrl\":\"https:\\\/\\\/media.radiolitoral.com\\\/wp-content\\\/uploads\\\/2023\\\/02\\\/24143238\\\/CL-V-RadioLitoral696.png\",\"width\":696,\"height\":696,\"caption\":\"Radio Litoral\"},\"image\":{\"@id\":\"https:\\\/\\\/radiolitoral.com\\\/#\\\/schema\\\/logo\\\/image\\\/\"},\"sameAs\":[\"https:\\\/\\\/www.facebook.com\\\/Laradiolitoral\\\/\"]},{\"@type\":\"Person\",\"@id\":\"https:\\\/\\\/radiolitoral.com\\\/#\\\/schema\\\/person\\\/f2b2343c49b5d721857cc1002bfdb151\",\"name\":\"Redacci\u00f3n\",\"image\":{\"@type\":\"ImageObject\",\"inLanguage\":\"ca\",\"@id\":\"https:\\\/\\\/secure.gravatar.com\\\/avatar\\\/f771d896c203ad8b3382d7905cfcce5a5c9b008b84b3cd9114e9b9f4cb63f789?s=96&d=mm&r=g\",\"url\":\"https:\\\/\\\/secure.gravatar.com\\\/avatar\\\/f771d896c203ad8b3382d7905cfcce5a5c9b008b84b3cd9114e9b9f4cb63f789?s=96&d=mm&r=g\",\"contentUrl\":\"https:\\\/\\\/secure.gravatar.com\\\/avatar\\\/f771d896c203ad8b3382d7905cfcce5a5c9b008b84b3cd9114e9b9f4cb63f789?s=96&d=mm&r=g\",\"caption\":\"Redacci\u00f3n\"},\"url\":\"https:\\\/\\\/radiolitoral.com\\\/ca\\\/author\\\/miriam-pagan\\\/\"}]}<\/script>\n<!-- \/ Yoast SEO plugin. -->","yoast_head_json":{"title":"Els treballadors de Bimbo, davant l&#039;imminent tancament de la f\u00e0brica al Verger | R\u00e0dio Litoral","description":"La plantilla t\u00e9 previst fer un acte de comiat La plantilla t\u00e9 previst fer un acte de comiat","robots":{"index":"index","follow":"follow","max-snippet":"max-snippet:-1","max-image-preview":"max-image-preview:large","max-video-preview":"max-video-preview:-1"},"canonical":"https:\/\/radiolitoral.com\/ca\/2024\/03\/els-treballadors-de-bimbo-davant-limminent-tancament-de-la-fabrica-al-verger\/","og_locale":"ca_ES","og_type":"article","og_title":"Los trabajadores de Bimbo, ante el inminente cierre de la f\u00e1brica en El Verger | R\u00e0dio Litoral","og_description":"La plantilla tiene previsto realizar un acto de despedida La plantilla tiene previsto realizar un acto de despedida","og_url":"https:\/\/radiolitoral.com\/ca\/2024\/03\/els-treballadors-de-bimbo-davant-limminent-tancament-de-la-fabrica-al-verger\/","og_site_name":"R\u00e0dio Litoral","article_publisher":"https:\/\/www.facebook.com\/Laradiolitoral\/","article_published_time":"2024-03-20T17:06:32+00:00","og_image":[{"width":2560,"height":1709,"url":"https:\/\/media.radiolitoral.com\/wp-content\/uploads\/2024\/01\/19143040\/Representantes-de-los-trabajadores-planta-Bimbo-2.-Tino-Calvo-scaled.jpg","type":"image\/jpeg"}],"author":"Redacci\u00f3n","twitter_card":"summary_large_image","twitter_misc":{"Escrit per":"Redacci\u00f3n","Temps estimat de lectura":"2 minuts"},"schema":{"@context":"https:\/\/schema.org","@graph":[{"@type":"NewsArticle","@id":"https:\/\/radiolitoral.com\/2024\/03\/los-trabajadores-de-bimbo-ante-el-inminente-cierre-de-la-fabrica-en-el-verger\/#article","isPartOf":{"@id":"https:\/\/radiolitoral.com\/2024\/03\/los-trabajadores-de-bimbo-ante-el-inminente-cierre-de-la-fabrica-en-el-verger\/"},"author":{"name":"Redacci\u00f3n","@id":"https:\/\/radiolitoral.com\/#\/schema\/person\/f2b2343c49b5d721857cc1002bfdb151"},"headline":"Los trabajadores de Bimbo, ante el inminente cierre de la f\u00e1brica en El Verger","datePublished":"2024-03-20T17:06:32+00:00","mainEntityOfPage":{"@id":"https:\/\/radiolitoral.com\/2024\/03\/los-trabajadores-de-bimbo-ante-el-inminente-cierre-de-la-fabrica-en-el-verger\/"},"wordCount":217,"commentCount":0,"publisher":{"@id":"https:\/\/radiolitoral.com\/#organization"},"image":{"@id":"https:\/\/radiolitoral.com\/2024\/03\/los-trabajadores-de-bimbo-ante-el-inminente-cierre-de-la-fabrica-en-el-verger\/#primaryimage"},"thumbnailUrl":"https:\/\/media.radiolitoral.com\/wp-content\/uploads\/2024\/01\/19143040\/Representantes-de-los-trabajadores-planta-Bimbo-2.-Tino-Calvo-scaled.jpg","keywords":["Bimbo","Comit\u00e9 de Empresa","El Verger","Empresas"],"articleSection":["Sociedad"],"inLanguage":"ca","potentialAction":[{"@type":"CommentAction","name":"Comment","target":["https:\/\/radiolitoral.com\/2024\/03\/los-trabajadores-de-bimbo-ante-el-inminente-cierre-de-la-fabrica-en-el-verger\/#respond"]}]},{"@type":["WebPage","ItemPage"],"@id":"https:\/\/radiolitoral.com\/2024\/03\/los-trabajadores-de-bimbo-ante-el-inminente-cierre-de-la-fabrica-en-el-verger\/","url":"https:\/\/radiolitoral.com\/2024\/03\/los-trabajadores-de-bimbo-ante-el-inminente-cierre-de-la-fabrica-en-el-verger\/","name":"Els treballadors de Bimbo, davant l&#039;imminent tancament de la f\u00e0brica al Verger | R\u00e0dio Litoral","isPartOf":{"@id":"https:\/\/radiolitoral.com\/#website"},"primaryImageOfPage":{"@id":"https:\/\/radiolitoral.com\/2024\/03\/los-trabajadores-de-bimbo-ante-el-inminente-cierre-de-la-fabrica-en-el-verger\/#primaryimage"},"image":{"@id":"https:\/\/radiolitoral.com\/2024\/03\/los-trabajadores-de-bimbo-ante-el-inminente-cierre-de-la-fabrica-en-el-verger\/#primaryimage"},"thumbnailUrl":"https:\/\/media.radiolitoral.com\/wp-content\/uploads\/2024\/01\/19143040\/Representantes-de-los-trabajadores-planta-Bimbo-2.-Tino-Calvo-scaled.jpg","datePublished":"2024-03-20T17:06:32+00:00","description":"La plantilla t\u00e9 previst fer un acte de comiat La plantilla t\u00e9 previst fer un acte de comiat","breadcrumb":{"@id":"https:\/\/radiolitoral.com\/2024\/03\/los-trabajadores-de-bimbo-ante-el-inminente-cierre-de-la-fabrica-en-el-verger\/#breadcrumb"},"inLanguage":"ca","potentialAction":[{"@type":"ReadAction","target":["https:\/\/radiolitoral.com\/2024\/03\/los-trabajadores-de-bimbo-ante-el-inminente-cierre-de-la-fabrica-en-el-verger\/"]}]},{"@type":"ImageObject","inLanguage":"ca","@id":"https:\/\/radiolitoral.com\/2024\/03\/los-trabajadores-de-bimbo-ante-el-inminente-cierre-de-la-fabrica-en-el-verger\/#primaryimage","url":"https:\/\/media.radiolitoral.com\/wp-content\/uploads\/2024\/01\/19143040\/Representantes-de-los-trabajadores-planta-Bimbo-2.-Tino-Calvo-scaled.jpg","contentUrl":"https:\/\/media.radiolitoral.com\/wp-content\/uploads\/2024\/01\/19143040\/Representantes-de-los-trabajadores-planta-Bimbo-2.-Tino-Calvo-scaled.jpg","width":2560,"height":1709},{"@type":"BreadcrumbList","@id":"https:\/\/radiolitoral.com\/2024\/03\/los-trabajadores-de-bimbo-ante-el-inminente-cierre-de-la-fabrica-en-el-verger\/#breadcrumb","itemListElement":[{"@type":"ListItem","position":1,"name":"Portada","item":"https:\/\/radiolitoral.com\/"},{"@type":"ListItem","position":2,"name":"Los trabajadores de Bimbo, ante el inminente cierre de la f\u00e1brica en El Verger"}]},{"@type":"WebSite","@id":"https:\/\/radiolitoral.com\/#website","url":"https:\/\/radiolitoral.com\/","name":"R\u00e0dio Litoral","description":"La r\u00e0dio local de la Marina Alta","publisher":{"@id":"https:\/\/radiolitoral.com\/#organization"},"alternateName":"Litoral FM","potentialAction":[{"@type":"SearchAction","target":{"@type":"EntryPoint","urlTemplate":"https:\/\/radiolitoral.com\/?s={search_term_string}"},"query-input":{"@type":"PropertyValueSpecification","valueRequired":true,"valueName":"search_term_string"}}],"inLanguage":"ca"},{"@type":"Organization","@id":"https:\/\/radiolitoral.com\/#organization","name":"R\u00e0dio Litoral","url":"https:\/\/radiolitoral.com\/","logo":{"@type":"ImageObject","inLanguage":"ca","@id":"https:\/\/radiolitoral.com\/#\/schema\/logo\/image\/","url":"https:\/\/media.radiolitoral.com\/wp-content\/uploads\/2023\/02\/24143238\/CL-V-RadioLitoral696.png","contentUrl":"https:\/\/media.radiolitoral.com\/wp-content\/uploads\/2023\/02\/24143238\/CL-V-RadioLitoral696.png","width":696,"height":696,"caption":"Radio Litoral"},"image":{"@id":"https:\/\/radiolitoral.com\/#\/schema\/logo\/image\/"},"sameAs":["https:\/\/www.facebook.com\/Laradiolitoral\/"]},{"@type":"Person","@id":"https:\/\/radiolitoral.com\/#\/schema\/person\/f2b2343c49b5d721857cc1002bfdb151","name":"Redacci\u00f3","image":{"@type":"ImageObject","inLanguage":"ca","@id":"https:\/\/secure.gravatar.com\/avatar\/f771d896c203ad8b3382d7905cfcce5a5c9b008b84b3cd9114e9b9f4cb63f789?s=96&d=mm&r=g","url":"https:\/\/secure.gravatar.com\/avatar\/f771d896c203ad8b3382d7905cfcce5a5c9b008b84b3cd9114e9b9f4cb63f789?s=96&d=mm&r=g","contentUrl":"https:\/\/secure.gravatar.com\/avatar\/f771d896c203ad8b3382d7905cfcce5a5c9b008b84b3cd9114e9b9f4cb63f789?s=96&d=mm&r=g","caption":"Redacci\u00f3n"},"url":"https:\/\/radiolitoral.com\/ca\/author\/miriam-pagan\/"}]}},"_links":{"self":[{"href":"https:\/\/radiolitoral.com\/ca\/wp-json\/wp\/v2\/posts\/7615","targetHints":{"allow":["GET"]}}],"collection":[{"href":"https:\/\/radiolitoral.com\/ca\/wp-json\/wp\/v2\/posts"}],"about":[{"href":"https:\/\/radiolitoral.com\/ca\/wp-json\/wp\/v2\/types\/post"}],"author":[{"embeddable":true,"href":"https:\/\/radiolitoral.com\/ca\/wp-json\/wp\/v2\/users\/13"}],"replies":[{"embeddable":true,"href":"https:\/\/radiolitoral.com\/ca\/wp-json\/wp\/v2\/comments?post=7615"}],"version-history":[{"count":1,"href":"https:\/\/radiolitoral.com\/ca\/wp-json\/wp\/v2\/posts\/7615\/revisions"}],"predecessor-version":[{"id":7616,"href":"https:\/\/radiolitoral.com\/ca\/wp-json\/wp\/v2\/posts\/7615\/revisions\/7616"}],"wp:featuredmedia":[{"embeddable":true,"href":"https:\/\/radiolitoral.com\/ca\/wp-json\/wp\/v2\/media\/6456"}],"wp:attachment":[{"href":"https:\/\/radiolitoral.com\/ca\/wp-json\/wp\/v2\/media?parent=7615"}],"wp:term":[{"taxonomy":"category","embeddable":true,"href":"https:\/\/radiolitoral.com\/ca\/wp-json\/wp\/v2\/categories?post=7615"},{"taxonomy":"post_tag","embeddable":true,"href":"https:\/\/radiolitoral.com\/ca\/wp-json\/wp\/v2\/tags?post=7615"}],"curies":[{"name":"wp","href":"https:\/\/api.w.org\/{rel}","templated":true}]}}