{"id":7443,"date":"2024-03-14T10:56:08","date_gmt":"2024-03-14T09:56:08","guid":{"rendered":"https:\/\/radiolitoral.com\/?p=7443"},"modified":"2024-03-14T11:01:01","modified_gmt":"2024-03-14T10:01:01","slug":"espectaculars-resultats-per-al-cg-les-marines-calp","status":"publish","type":"post","link":"https:\/\/radiolitoral.com\/ca\/2024\/03\/espectaculares-resultados-para-el-cg-les-marines-calpe\/","title":{"rendered":"Espectaculars resultats per al CG Les Marines Calpe"},"content":{"rendered":"<p>El <strong>Club Gimn\u00e0stica Les Marines<\/strong> va viure un cap de setmana per recordar, amb resultats excel\u00b7lents tant a la <strong>Fase Auton\u00f2mica<\/strong> a Ontinyent com al provincial de <strong>Copa Base<\/strong> a Benissa. Les gimnastes individuals no nom\u00e9s es van classificar totes per al <strong>Campionat d\u00b4Espanya<\/strong> d&#039;abril, sin\u00f3 que tamb\u00e9 van obtenir medalles d&#039;or, plata i bronze a la competici\u00f3 auton\u00f2mica. Paral\u00b7lelament, els equips prebenjam\u00ed, benjam\u00ed i alev\u00ed de les Marines es van al\u00e7ar com a campions provincials, deixant clara la profunditat i qualitat del talent al club.<\/p>\n<p>La jornada de dissabte va comen\u00e7ar amb for\u00e7a gr\u00e0cies a l&#039;actuaci\u00f3 de <strong>Sanchia Roberts<\/strong> en la categoria cadet, l&#039;excel\u00b7lent exercici de la qual la va col\u00b7locar en la tercera posici\u00f3 auton\u00f2mica. <strong>Tatiana Crimi<\/strong>, en juvenils, va oferir un exercici gaireb\u00e9 perfecte que la va consagrar com a subcampiona auton\u00f2mica, assegurant la seva desena participaci\u00f3 en el campionat nacional. Les joves promeses de les Marines no es van quedar enrere, amb actuacions destacades a les categories benjam\u00ed i prebenjam\u00ed que van garantir la seva classificaci\u00f3 al nacional, inclosa una vict\u00f2ria auton\u00f2mica per <strong>Triana Ruano<\/strong>.<\/p>\n<figure id=\"attachment_7445\" aria-describedby=\"caption-attachment-7445\" style=\"width: 1600px\" class=\"wp-caption alignnone\"><img loading=\"lazy\" decoding=\"async\" class=\"wp-image-7445 size-full\" src=\"https:\/\/media.radiolitoral.com\/wp-content\/uploads\/2024\/03\/14105520\/image2-4.jpg\" alt=\"\" width=\"1600\" height=\"1329\" srcset=\"https:\/\/media.radiolitoral.com\/wp-content\/uploads\/2024\/03\/14105520\/image2-4.jpg 1600w, https:\/\/media.radiolitoral.com\/wp-content\/uploads\/2024\/03\/14105520\/image2-4-300x249.jpg 300w, https:\/\/media.radiolitoral.com\/wp-content\/uploads\/2024\/03\/14105520\/image2-4-1024x851.jpg 1024w, https:\/\/media.radiolitoral.com\/wp-content\/uploads\/2024\/03\/14105520\/image2-4-768x638.jpg 768w, https:\/\/media.radiolitoral.com\/wp-content\/uploads\/2024\/03\/14105520\/image2-4-1536x1276.jpg 1536w, https:\/\/media.radiolitoral.com\/wp-content\/uploads\/2024\/03\/14105520\/image2-4-14x12.jpg 14w, https:\/\/media.radiolitoral.com\/wp-content\/uploads\/2024\/03\/14105520\/image2-4-1000x831.jpg 1000w, https:\/\/media.radiolitoral.com\/wp-content\/uploads\/2024\/03\/14105520\/image2-4-100x83.jpg 100w, https:\/\/media.radiolitoral.com\/wp-content\/uploads\/2024\/03\/14105520\/image2-4-200x166.jpg 200w\" sizes=\"auto, (max-width: 1600px) 100vw, 1600px\" \/><figcaption id=\"caption-attachment-7445\" class=\"wp-caption-text\">Conjunt alev\u00ed del CG Les Marines | Les Marines<\/figcaption><\/figure>\n<p>Diumenge, el focus es va traslladar als conjunts de copa base, que van demostrar la seva excel\u00b7l\u00e8ncia a Benissa. L&#039;equip alev\u00ed, compost per <strong>Daniela Avell\u00e0<\/strong>, <strong>Noa Haba<\/strong>, <strong>Polina Zhukova<\/strong>, <strong>Vasilisa Shevtcova<\/strong> i <strong>Alessia Diaconescu<\/strong>, es va proclamar campi\u00f3 provincial sense cometre errors significatius en el seu exercici de cinc c\u00e8rcols. De manera similar, el conjunt benjam\u00ed va mostrar un nivell impressionant, assegurant l&#039;or provincial i evidenciant l&#039;alt nivell de preparaci\u00f3 i compet\u00e8ncia que caracteritza les Marines.<\/p>\n<p>Aquest \u00e8xit rotund no nom\u00e9s reflecteix l?alt nivell d?entrenament i dedicaci\u00f3 de les gimnastes i els seus entrenadors, sin\u00f3 que tamb\u00e9 destaca el comprom\u00eds del club Les Marines amb l?excel\u00b7l\u00e8ncia en gimn\u00e0stica. Classificant totes les seves gimnastes per al Campionat d&#039;Espanya Base per segon any consecutiu, Les Marines es posiciona com una for\u00e7a dominant al panorama nacional, llest per afrontar nous desafiaments i continuar la seva traject\u00f2ria de triomfs. Amb la mirada posada a Castell\u00f3 el proper abril, el club t\u00e9 grans expectatives de continuar la seva ratxa guanyadora, portant l&#039;estendard de la gimn\u00e0stica de Calp al capdamunt del podi nacional.<\/p>","protected":false},"excerpt":{"rendered":"<p>El Club Gimnasia Les Marines vivi\u00f3 un fin de semana para recordar, con resultados sobresalientes tanto en la Fase Auton\u00f3mica en Ontinyent como en el provincial de Copa Base en Benissa. Las gimnastas individuales no solo se clasificaron todas para el Campeonato de Espa\u00f1a de abril, sino que tambi\u00e9n obtuvieron medallas de oro, plata y [&#8230;]<\/p>\n<p><a class=\"btn btn-secondary understrap-read-more-link\" href=\"https:\/\/radiolitoral.com\/ca\/2024\/03\/espectaculares-resultados-para-el-cg-les-marines-calpe\/\">Continua llegint&#8230;<span class=\"screen-reader-text\"> from Espectaculares resultados para el CG Les Marines Calpe<\/span><\/a><\/p>\n","protected":false},"author":12,"featured_media":7444,"comment_status":"open","ping_status":"closed","sticky":false,"template":"","format":"standard","meta":{"_acf_changed":false,"inline_featured_image":false,"footnotes":""},"categories":[5],"tags":[998,992,880,6,995,996,993,994,879,997],"class_list":["post-7443","post","type-post","status-publish","format-standard","has-post-thumbnail","hentry","category-deportes","tag-alessia-diaconescu","tag-club-gimnasia-les-marines","tag-daniela-avella","tag-deportes","tag-noa-haba","tag-polina-zhukova","tag-sanchia-roberts","tag-tatiana-crimi","tag-triana-ruano","tag-vasilisa-shevtcova","cobertura-calp"],"acf":[],"yoast_head":"<!-- This site is optimized with the Yoast SEO plugin v27.5 - https:\/\/yoast.com\/product\/yoast-seo-wordpress\/ -->\n<title>Espectaculares resultados para el CG Les Marines Calpe | R\u00e0dio Litoral<\/title>\n<meta name=\"description\" content=\"Sus gimnastas consiguieron subir al podio en las competiciones donde participaron Sus gimnastas consiguieron subir al podio en las competiciones donde participaron\" \/>\n<meta name=\"robots\" content=\"index, follow, max-snippet:-1, max-image-preview:large, max-video-preview:-1\" \/>\n<link rel=\"canonical\" href=\"https:\/\/radiolitoral.com\/ca\/2024\/03\/espectaculars-resultats-per-al-cg-les-marines-calp\/\" \/>\n<meta property=\"og:locale\" content=\"ca_ES\" \/>\n<meta property=\"og:type\" content=\"article\" \/>\n<meta property=\"og:title\" content=\"Espectaculares resultados para el CG Les Marines Calpe | R\u00e0dio Litoral\" \/>\n<meta property=\"og:description\" content=\"Sus gimnastas consiguieron subir al podio en las competiciones donde participaron Sus gimnastas consiguieron subir al podio en las competiciones donde participaron\" \/>\n<meta property=\"og:url\" content=\"https:\/\/radiolitoral.com\/ca\/2024\/03\/espectaculars-resultats-per-al-cg-les-marines-calp\/\" \/>\n<meta property=\"og:site_name\" content=\"R\u00e0dio Litoral\" \/>\n<meta property=\"article:publisher\" content=\"https:\/\/www.facebook.com\/Laradiolitoral\/\" \/>\n<meta property=\"article:published_time\" content=\"2024-03-14T09:56:08+00:00\" \/>\n<meta property=\"article:modified_time\" content=\"2024-03-14T10:01:01+00:00\" \/>\n<meta property=\"og:image\" content=\"https:\/\/media.radiolitoral.com\/wp-content\/uploads\/2024\/03\/14105455\/image8.jpg\" \/>\n\t<meta property=\"og:image:width\" content=\"1600\" \/>\n\t<meta property=\"og:image:height\" content=\"929\" \/>\n\t<meta property=\"og:image:type\" content=\"image\/jpeg\" \/>\n<meta name=\"author\" content=\"Javier Zamora\" \/>\n<meta name=\"twitter:card\" content=\"summary_large_image\" \/>\n<meta name=\"twitter:label1\" content=\"Escrit per\" \/>\n\t<meta name=\"twitter:data1\" content=\"Javier Zamora\" \/>\n\t<meta name=\"twitter:label2\" content=\"Temps estimat de lectura\" \/>\n\t<meta name=\"twitter:data2\" content=\"3 minuts\" \/>\n<script type=\"application\/ld+json\" class=\"yoast-schema-graph\">{\"@context\":\"https:\\\/\\\/schema.org\",\"@graph\":[{\"@type\":\"NewsArticle\",\"@id\":\"https:\\\/\\\/radiolitoral.com\\\/2024\\\/03\\\/espectaculares-resultados-para-el-cg-les-marines-calpe\\\/#article\",\"isPartOf\":{\"@id\":\"https:\\\/\\\/radiolitoral.com\\\/2024\\\/03\\\/espectaculares-resultados-para-el-cg-les-marines-calpe\\\/\"},\"author\":{\"name\":\"Javier Zamora\",\"@id\":\"https:\\\/\\\/radiolitoral.com\\\/#\\\/schema\\\/person\\\/7b1480b5caeb5acdd4ec6379caf62b22\"},\"headline\":\"Espectaculares resultados para el CG Les Marines Calpe\",\"datePublished\":\"2024-03-14T09:56:08+00:00\",\"dateModified\":\"2024-03-14T10:01:01+00:00\",\"mainEntityOfPage\":{\"@id\":\"https:\\\/\\\/radiolitoral.com\\\/2024\\\/03\\\/espectaculares-resultados-para-el-cg-les-marines-calpe\\\/\"},\"wordCount\":411,\"commentCount\":0,\"publisher\":{\"@id\":\"https:\\\/\\\/radiolitoral.com\\\/#organization\"},\"image\":{\"@id\":\"https:\\\/\\\/radiolitoral.com\\\/2024\\\/03\\\/espectaculares-resultados-para-el-cg-les-marines-calpe\\\/#primaryimage\"},\"thumbnailUrl\":\"https:\\\/\\\/media.radiolitoral.com\\\/wp-content\\\/uploads\\\/2024\\\/03\\\/14105455\\\/image8.jpg\",\"keywords\":[\"Alessia Diaconescu\",\"Club Gimnasia Les Marines\",\"Daniela Avell\u00e1\",\"deportes\",\"Noa Haba\",\"Polina Zhukova\",\"Sanchia Roberts\",\"Tatiana Crimi\",\"Triana Ruano\",\"Vasilisa Shevtcova\"],\"articleSection\":[\"Deportes\"],\"inLanguage\":\"ca\",\"potentialAction\":[{\"@type\":\"CommentAction\",\"name\":\"Comment\",\"target\":[\"https:\\\/\\\/radiolitoral.com\\\/2024\\\/03\\\/espectaculares-resultados-para-el-cg-les-marines-calpe\\\/#respond\"]}]},{\"@type\":[\"WebPage\",\"ItemPage\"],\"@id\":\"https:\\\/\\\/radiolitoral.com\\\/2024\\\/03\\\/espectaculares-resultados-para-el-cg-les-marines-calpe\\\/\",\"url\":\"https:\\\/\\\/radiolitoral.com\\\/2024\\\/03\\\/espectaculares-resultados-para-el-cg-les-marines-calpe\\\/\",\"name\":\"Espectaculares resultados para el CG Les Marines Calpe | R\u00e0dio Litoral\",\"isPartOf\":{\"@id\":\"https:\\\/\\\/radiolitoral.com\\\/#website\"},\"primaryImageOfPage\":{\"@id\":\"https:\\\/\\\/radiolitoral.com\\\/2024\\\/03\\\/espectaculares-resultados-para-el-cg-les-marines-calpe\\\/#primaryimage\"},\"image\":{\"@id\":\"https:\\\/\\\/radiolitoral.com\\\/2024\\\/03\\\/espectaculares-resultados-para-el-cg-les-marines-calpe\\\/#primaryimage\"},\"thumbnailUrl\":\"https:\\\/\\\/media.radiolitoral.com\\\/wp-content\\\/uploads\\\/2024\\\/03\\\/14105455\\\/image8.jpg\",\"datePublished\":\"2024-03-14T09:56:08+00:00\",\"dateModified\":\"2024-03-14T10:01:01+00:00\",\"description\":\"Sus gimnastas consiguieron subir al podio en las competiciones donde participaron Sus gimnastas consiguieron subir al podio en las competiciones donde participaron\",\"breadcrumb\":{\"@id\":\"https:\\\/\\\/radiolitoral.com\\\/2024\\\/03\\\/espectaculares-resultados-para-el-cg-les-marines-calpe\\\/#breadcrumb\"},\"inLanguage\":\"ca\",\"potentialAction\":[{\"@type\":\"ReadAction\",\"target\":[\"https:\\\/\\\/radiolitoral.com\\\/2024\\\/03\\\/espectaculares-resultados-para-el-cg-les-marines-calpe\\\/\"]}]},{\"@type\":\"ImageObject\",\"inLanguage\":\"ca\",\"@id\":\"https:\\\/\\\/radiolitoral.com\\\/2024\\\/03\\\/espectaculares-resultados-para-el-cg-les-marines-calpe\\\/#primaryimage\",\"url\":\"https:\\\/\\\/media.radiolitoral.com\\\/wp-content\\\/uploads\\\/2024\\\/03\\\/14105455\\\/image8.jpg\",\"contentUrl\":\"https:\\\/\\\/media.radiolitoral.com\\\/wp-content\\\/uploads\\\/2024\\\/03\\\/14105455\\\/image8.jpg\",\"width\":1600,\"height\":929},{\"@type\":\"BreadcrumbList\",\"@id\":\"https:\\\/\\\/radiolitoral.com\\\/2024\\\/03\\\/espectaculares-resultados-para-el-cg-les-marines-calpe\\\/#breadcrumb\",\"itemListElement\":[{\"@type\":\"ListItem\",\"position\":1,\"name\":\"Portada\",\"item\":\"https:\\\/\\\/radiolitoral.com\\\/\"},{\"@type\":\"ListItem\",\"position\":2,\"name\":\"Espectaculares resultados para el CG Les Marines Calpe\"}]},{\"@type\":\"WebSite\",\"@id\":\"https:\\\/\\\/radiolitoral.com\\\/#website\",\"url\":\"https:\\\/\\\/radiolitoral.com\\\/\",\"name\":\"Radio Litoral\",\"description\":\"La radio local de la Marina Alta\",\"publisher\":{\"@id\":\"https:\\\/\\\/radiolitoral.com\\\/#organization\"},\"alternateName\":\"Litoral FM\",\"potentialAction\":[{\"@type\":\"SearchAction\",\"target\":{\"@type\":\"EntryPoint\",\"urlTemplate\":\"https:\\\/\\\/radiolitoral.com\\\/?s={search_term_string}\"},\"query-input\":{\"@type\":\"PropertyValueSpecification\",\"valueRequired\":true,\"valueName\":\"search_term_string\"}}],\"inLanguage\":\"ca\"},{\"@type\":\"Organization\",\"@id\":\"https:\\\/\\\/radiolitoral.com\\\/#organization\",\"name\":\"Radio Litoral\",\"url\":\"https:\\\/\\\/radiolitoral.com\\\/\",\"logo\":{\"@type\":\"ImageObject\",\"inLanguage\":\"ca\",\"@id\":\"https:\\\/\\\/radiolitoral.com\\\/#\\\/schema\\\/logo\\\/image\\\/\",\"url\":\"https:\\\/\\\/media.radiolitoral.com\\\/wp-content\\\/uploads\\\/2023\\\/02\\\/24143238\\\/CL-V-RadioLitoral696.png\",\"contentUrl\":\"https:\\\/\\\/media.radiolitoral.com\\\/wp-content\\\/uploads\\\/2023\\\/02\\\/24143238\\\/CL-V-RadioLitoral696.png\",\"width\":696,\"height\":696,\"caption\":\"Radio Litoral\"},\"image\":{\"@id\":\"https:\\\/\\\/radiolitoral.com\\\/#\\\/schema\\\/logo\\\/image\\\/\"},\"sameAs\":[\"https:\\\/\\\/www.facebook.com\\\/Laradiolitoral\\\/\"]},{\"@type\":\"Person\",\"@id\":\"https:\\\/\\\/radiolitoral.com\\\/#\\\/schema\\\/person\\\/7b1480b5caeb5acdd4ec6379caf62b22\",\"name\":\"Javier Zamora\",\"image\":{\"@type\":\"ImageObject\",\"inLanguage\":\"ca\",\"@id\":\"https:\\\/\\\/secure.gravatar.com\\\/avatar\\\/467a11f6918c7d619c4043fc6fa2d3853053107973f05b6e9c04ea6c4e3a7b3f?s=96&d=mm&r=g\",\"url\":\"https:\\\/\\\/secure.gravatar.com\\\/avatar\\\/467a11f6918c7d619c4043fc6fa2d3853053107973f05b6e9c04ea6c4e3a7b3f?s=96&d=mm&r=g\",\"contentUrl\":\"https:\\\/\\\/secure.gravatar.com\\\/avatar\\\/467a11f6918c7d619c4043fc6fa2d3853053107973f05b6e9c04ea6c4e3a7b3f?s=96&d=mm&r=g\",\"caption\":\"Javier Zamora\"},\"url\":\"https:\\\/\\\/radiolitoral.com\\\/ca\\\/author\\\/javier-zamora\\\/\"}]}<\/script>\n<!-- \/ Yoast SEO plugin. -->","yoast_head_json":{"title":"Espectaculars resultats per al CG Les Marines Calpe | R\u00e0dio Litoral","description":"Els seus gimnastes van aconseguir pujar al podi a les competicions on van participar Les seves gimnastes van aconseguir pujar al podi a les competicions on van participar","robots":{"index":"index","follow":"follow","max-snippet":"max-snippet:-1","max-image-preview":"max-image-preview:large","max-video-preview":"max-video-preview:-1"},"canonical":"https:\/\/radiolitoral.com\/ca\/2024\/03\/espectaculars-resultats-per-al-cg-les-marines-calp\/","og_locale":"ca_ES","og_type":"article","og_title":"Espectaculares resultados para el CG Les Marines Calpe | R\u00e0dio Litoral","og_description":"Sus gimnastas consiguieron subir al podio en las competiciones donde participaron Sus gimnastas consiguieron subir al podio en las competiciones donde participaron","og_url":"https:\/\/radiolitoral.com\/ca\/2024\/03\/espectaculars-resultats-per-al-cg-les-marines-calp\/","og_site_name":"R\u00e0dio Litoral","article_publisher":"https:\/\/www.facebook.com\/Laradiolitoral\/","article_published_time":"2024-03-14T09:56:08+00:00","article_modified_time":"2024-03-14T10:01:01+00:00","og_image":[{"width":1600,"height":929,"url":"https:\/\/media.radiolitoral.com\/wp-content\/uploads\/2024\/03\/14105455\/image8.jpg","type":"image\/jpeg"}],"author":"Javier Zamora","twitter_card":"summary_large_image","twitter_misc":{"Escrit per":"Javier Zamora","Temps estimat de lectura":"3 minuts"},"schema":{"@context":"https:\/\/schema.org","@graph":[{"@type":"NewsArticle","@id":"https:\/\/radiolitoral.com\/2024\/03\/espectaculares-resultados-para-el-cg-les-marines-calpe\/#article","isPartOf":{"@id":"https:\/\/radiolitoral.com\/2024\/03\/espectaculares-resultados-para-el-cg-les-marines-calpe\/"},"author":{"name":"Javier Zamora","@id":"https:\/\/radiolitoral.com\/#\/schema\/person\/7b1480b5caeb5acdd4ec6379caf62b22"},"headline":"Espectaculares resultados para el CG Les Marines Calpe","datePublished":"2024-03-14T09:56:08+00:00","dateModified":"2024-03-14T10:01:01+00:00","mainEntityOfPage":{"@id":"https:\/\/radiolitoral.com\/2024\/03\/espectaculares-resultados-para-el-cg-les-marines-calpe\/"},"wordCount":411,"commentCount":0,"publisher":{"@id":"https:\/\/radiolitoral.com\/#organization"},"image":{"@id":"https:\/\/radiolitoral.com\/2024\/03\/espectaculares-resultados-para-el-cg-les-marines-calpe\/#primaryimage"},"thumbnailUrl":"https:\/\/media.radiolitoral.com\/wp-content\/uploads\/2024\/03\/14105455\/image8.jpg","keywords":["Alessia Diaconescu","Club Gimnasia Les Marines","Daniela Avell\u00e1","deportes","Noa Haba","Polina Zhukova","Sanchia Roberts","Tatiana Crimi","Triana Ruano","Vasilisa Shevtcova"],"articleSection":["Deportes"],"inLanguage":"ca","potentialAction":[{"@type":"CommentAction","name":"Comment","target":["https:\/\/radiolitoral.com\/2024\/03\/espectaculares-resultados-para-el-cg-les-marines-calpe\/#respond"]}]},{"@type":["WebPage","ItemPage"],"@id":"https:\/\/radiolitoral.com\/2024\/03\/espectaculares-resultados-para-el-cg-les-marines-calpe\/","url":"https:\/\/radiolitoral.com\/2024\/03\/espectaculares-resultados-para-el-cg-les-marines-calpe\/","name":"Espectaculars resultats per al CG Les Marines Calpe | R\u00e0dio Litoral","isPartOf":{"@id":"https:\/\/radiolitoral.com\/#website"},"primaryImageOfPage":{"@id":"https:\/\/radiolitoral.com\/2024\/03\/espectaculares-resultados-para-el-cg-les-marines-calpe\/#primaryimage"},"image":{"@id":"https:\/\/radiolitoral.com\/2024\/03\/espectaculares-resultados-para-el-cg-les-marines-calpe\/#primaryimage"},"thumbnailUrl":"https:\/\/media.radiolitoral.com\/wp-content\/uploads\/2024\/03\/14105455\/image8.jpg","datePublished":"2024-03-14T09:56:08+00:00","dateModified":"2024-03-14T10:01:01+00:00","description":"Els seus gimnastes van aconseguir pujar al podi a les competicions on van participar Les seves gimnastes van aconseguir pujar al podi a les competicions on van participar","breadcrumb":{"@id":"https:\/\/radiolitoral.com\/2024\/03\/espectaculares-resultados-para-el-cg-les-marines-calpe\/#breadcrumb"},"inLanguage":"ca","potentialAction":[{"@type":"ReadAction","target":["https:\/\/radiolitoral.com\/2024\/03\/espectaculares-resultados-para-el-cg-les-marines-calpe\/"]}]},{"@type":"ImageObject","inLanguage":"ca","@id":"https:\/\/radiolitoral.com\/2024\/03\/espectaculares-resultados-para-el-cg-les-marines-calpe\/#primaryimage","url":"https:\/\/media.radiolitoral.com\/wp-content\/uploads\/2024\/03\/14105455\/image8.jpg","contentUrl":"https:\/\/media.radiolitoral.com\/wp-content\/uploads\/2024\/03\/14105455\/image8.jpg","width":1600,"height":929},{"@type":"BreadcrumbList","@id":"https:\/\/radiolitoral.com\/2024\/03\/espectaculares-resultados-para-el-cg-les-marines-calpe\/#breadcrumb","itemListElement":[{"@type":"ListItem","position":1,"name":"Portada","item":"https:\/\/radiolitoral.com\/"},{"@type":"ListItem","position":2,"name":"Espectaculares resultados para el CG Les Marines Calpe"}]},{"@type":"WebSite","@id":"https:\/\/radiolitoral.com\/#website","url":"https:\/\/radiolitoral.com\/","name":"R\u00e0dio Litoral","description":"La r\u00e0dio local de la Marina Alta","publisher":{"@id":"https:\/\/radiolitoral.com\/#organization"},"alternateName":"Litoral FM","potentialAction":[{"@type":"SearchAction","target":{"@type":"EntryPoint","urlTemplate":"https:\/\/radiolitoral.com\/?s={search_term_string}"},"query-input":{"@type":"PropertyValueSpecification","valueRequired":true,"valueName":"search_term_string"}}],"inLanguage":"ca"},{"@type":"Organization","@id":"https:\/\/radiolitoral.com\/#organization","name":"R\u00e0dio Litoral","url":"https:\/\/radiolitoral.com\/","logo":{"@type":"ImageObject","inLanguage":"ca","@id":"https:\/\/radiolitoral.com\/#\/schema\/logo\/image\/","url":"https:\/\/media.radiolitoral.com\/wp-content\/uploads\/2023\/02\/24143238\/CL-V-RadioLitoral696.png","contentUrl":"https:\/\/media.radiolitoral.com\/wp-content\/uploads\/2023\/02\/24143238\/CL-V-RadioLitoral696.png","width":696,"height":696,"caption":"Radio Litoral"},"image":{"@id":"https:\/\/radiolitoral.com\/#\/schema\/logo\/image\/"},"sameAs":["https:\/\/www.facebook.com\/Laradiolitoral\/"]},{"@type":"Person","@id":"https:\/\/radiolitoral.com\/#\/schema\/person\/7b1480b5caeb5acdd4ec6379caf62b22","name":"Javier Zamora","image":{"@type":"ImageObject","inLanguage":"ca","@id":"https:\/\/secure.gravatar.com\/avatar\/467a11f6918c7d619c4043fc6fa2d3853053107973f05b6e9c04ea6c4e3a7b3f?s=96&d=mm&r=g","url":"https:\/\/secure.gravatar.com\/avatar\/467a11f6918c7d619c4043fc6fa2d3853053107973f05b6e9c04ea6c4e3a7b3f?s=96&d=mm&r=g","contentUrl":"https:\/\/secure.gravatar.com\/avatar\/467a11f6918c7d619c4043fc6fa2d3853053107973f05b6e9c04ea6c4e3a7b3f?s=96&d=mm&r=g","caption":"Javier Zamora"},"url":"https:\/\/radiolitoral.com\/ca\/author\/javier-zamora\/"}]}},"_links":{"self":[{"href":"https:\/\/radiolitoral.com\/ca\/wp-json\/wp\/v2\/posts\/7443","targetHints":{"allow":["GET"]}}],"collection":[{"href":"https:\/\/radiolitoral.com\/ca\/wp-json\/wp\/v2\/posts"}],"about":[{"href":"https:\/\/radiolitoral.com\/ca\/wp-json\/wp\/v2\/types\/post"}],"author":[{"embeddable":true,"href":"https:\/\/radiolitoral.com\/ca\/wp-json\/wp\/v2\/users\/12"}],"replies":[{"embeddable":true,"href":"https:\/\/radiolitoral.com\/ca\/wp-json\/wp\/v2\/comments?post=7443"}],"version-history":[{"count":2,"href":"https:\/\/radiolitoral.com\/ca\/wp-json\/wp\/v2\/posts\/7443\/revisions"}],"predecessor-version":[{"id":7448,"href":"https:\/\/radiolitoral.com\/ca\/wp-json\/wp\/v2\/posts\/7443\/revisions\/7448"}],"wp:featuredmedia":[{"embeddable":true,"href":"https:\/\/radiolitoral.com\/ca\/wp-json\/wp\/v2\/media\/7444"}],"wp:attachment":[{"href":"https:\/\/radiolitoral.com\/ca\/wp-json\/wp\/v2\/media?parent=7443"}],"wp:term":[{"taxonomy":"category","embeddable":true,"href":"https:\/\/radiolitoral.com\/ca\/wp-json\/wp\/v2\/categories?post=7443"},{"taxonomy":"post_tag","embeddable":true,"href":"https:\/\/radiolitoral.com\/ca\/wp-json\/wp\/v2\/tags?post=7443"}],"curies":[{"name":"wp","href":"https:\/\/api.w.org\/{rel}","templated":true}]}}