{"id":7431,"date":"2024-03-14T10:11:54","date_gmt":"2024-03-14T09:11:54","guid":{"rendered":"https:\/\/radiolitoral.com\/?p=7431"},"modified":"2024-03-14T10:11:54","modified_gmt":"2024-03-14T09:11:54","slug":"la-barreta-de-pasqua-la-novetat-que-sinclou-en-viu-la-pasqua-a-benissa-2024","status":"publish","type":"post","link":"https:\/\/radiolitoral.com\/ca\/2024\/03\/la-barreta-de-pasqua-la-novedad-que-se-incluye-en-viu-la-pasqua-a-benissa-2024\/","title":{"rendered":"La Barreta de Pasqua la novetat que s&#039;inclou a Viu la Pasqua a Benissa 2024"},"content":{"rendered":"<p><strong>Benissa <\/strong>es prepara per celebrar els dies de <strong>Pasqua<\/strong>. L&#039;Ajuntament ja ha presentat la programaci\u00f3 del tradicional <strong>Viu la Pasqua<\/strong>, per a aquest 2024. Un conjunt d&#039;activitats que es desenvoluparan <strong>del 22 de mar\u00e7 al 8 dabril.<\/strong><\/p>\n<p>La gran <strong>novetat<\/strong> d&#039;aquest any, com ha explicat el <strong>regidor de Festes, Adri\u00e1n Cabrera<\/strong>, \u00e9s la <strong>\u201cBarreta de Pasqua\u201d<\/strong> organitzada per l&#039;Ajuntament amb la col\u00b7laboraci\u00f3 de les Filaes Capitans 2024. Una iniciativa que aportar\u00e0 un punt de trobada i celebraci\u00f3, el <strong>dissabte 30 de mar\u00e7<\/strong>, perqu\u00e8 els ve\u00efns del municipi, com apunta Cabrera, optin per quedar-se a Benissa. I alhora arribin m\u00e9s visitants a la localitat.<\/p>\n<p>La Barreta de Pasqua tindr\u00e0 lloc des de les 12.00 fins a les 19.00 hores. Hi haur\u00e0 servei de barra (beguda i tapes) i paella a c\u00e0rrec de les Filaes Capitanes i m\u00fasica a c\u00e0rrec de la Bandeta de B\u00e8rnia (de 12.00 a 16.00 hores) i de DJ Pepe Caste (de 16.00 a 19.00 hores). A m\u00e9s, tamb\u00e9 hi haur\u00e0 jocs infantils i alguna sorpresa m\u00e9s. Tot aix\u00f2, a la Placeta Vella.<\/p>\n<audio class=\"wp-audio-shortcode\" id=\"audio-7431-1\" preload=\"none\" style=\"width: 100%;\" controls=\"controls\"><source type=\"audio\/mpeg\" src=\"https:\/\/media.radiolitoral.com\/wp-content\/uploads\/2024\/03\/14100629\/Adrian-Cabrera-1.mp3?_=1\" \/><a href=\"https:\/\/media.radiolitoral.com\/wp-content\/uploads\/2024\/03\/14100629\/Adrian-Cabrera-1.mp3\">https:\/\/media.radiolitoral.com\/wp-content\/uploads\/2024\/03\/14100629\/Adrian-Cabrera-1.mp3<\/a><\/audio>\n<p>&nbsp;<\/p>\n<p><strong>Viu la Pasqua 2024<\/strong>, tamb\u00e9 inclou per dijous 28 de mar\u00e7 una <strong>Gimcana<\/strong> d&#039;h\u00e0bits saludables per a majors de 10 anys a la Pinada de Selva. Dimarts 2 i dimecres 3 d&#039;abril hi ha organitzat un <strong>torneig de futbol\u00ed i billar<\/strong> al Casal Jove i el dijous 4 d&#039;abril hi haur\u00e0 un <strong>taller sobre enlla\u00e7os afectius<\/strong> a l&#039;adolesc\u00e8ncia per a joves d&#039;entre 12 i 18 anys a c\u00e0rrec de la psic\u00f2loga Herm\u00ednia Miralles.<\/p>\n<p>A m\u00e9s, s&#039;ha organitzat una <strong>nova edici\u00f3 de &#039;La Mona de Pasqua&#039;,<\/strong> un conjunt de tallers i activitats l\u00fadiques per a<strong> facilitar la conciliaci\u00f3 familiar durant les vacances escolars<\/strong> de Pasqua. Aquest any s&#039;ubicar\u00e0 al Col\u00b7legi Pare Melchor i es desenvolupar\u00e0 els dies 28 de mar\u00e7, 2, 3, 4, 5 i 8 d&#039;abril de 9 a 14 hores.<\/p>\n<p>S\u00e0piguen a m\u00e9s que el servei d&#039;autob\u00fas <strong>Benibus<\/strong> estar\u00e0 disponible del 28 de mar\u00e7 a l&#039;1 d&#039;abril de 10.00 a 00.00 hores amb diversos trajectes des del nucli urb\u00e0 fins a les cales.<\/p>","protected":false},"excerpt":{"rendered":"<p>Benissa se prepara para celebrar los d\u00edas de Pascua. El Ayuntamiento ya ha presentado la programaci\u00f3n del tradicional Viu la Pasqua, para este 2024. Un conjunto de actividades que se desarrollar\u00e1n del 22 de marzo al 8 de abril. La gran novedad de este a\u00f1o, como ha explicado el concejal de Fiestas, Adri\u00e1n Cabrera, es [&#8230;]<\/p>\n<p><a class=\"btn btn-secondary understrap-read-more-link\" href=\"https:\/\/radiolitoral.com\/ca\/2024\/03\/la-barreta-de-pasqua-la-novedad-que-se-incluye-en-viu-la-pasqua-a-benissa-2024\/\">Continua llegint&#8230;<span class=\"screen-reader-text\"> from La \u00abBarreta de Pasqua\u00bb la novedad que se incluye en Viu la Pasqua a Benissa 2024<\/span><\/a><\/p>\n","protected":false},"author":21,"featured_media":7433,"comment_status":"open","ping_status":"closed","sticky":false,"template":"","format":"standard","meta":{"_acf_changed":false,"inline_featured_image":false,"footnotes":""},"categories":[276],"tags":[],"class_list":["post-7431","post","type-post","status-publish","format-standard","has-post-thumbnail","hentry","category-fiestas","cobertura-benissa"],"acf":[],"yoast_head":"<!-- This site is optimized with the Yoast SEO plugin v27.5 - https:\/\/yoast.com\/product\/yoast-seo-wordpress\/ -->\n<title>La &quot;Barreta de Pasqua&quot; la novedad que se incluye en Viu la Pasqua a Benissa 2024 | R\u00e0dio Litoral<\/title>\n<meta name=\"description\" content=\"Benissa presenta la programaci\u00f3n de Pascua, con una nueva edici\u00f3n de los talleres de conciliaci\u00f3n familiar y diferentes novedades\" \/>\n<meta name=\"robots\" content=\"index, follow, max-snippet:-1, max-image-preview:large, max-video-preview:-1\" \/>\n<link rel=\"canonical\" href=\"https:\/\/radiolitoral.com\/ca\/2024\/03\/la-barreta-de-pasqua-la-novetat-que-sinclou-en-viu-la-pasqua-a-benissa-2024\/\" \/>\n<meta property=\"og:locale\" content=\"ca_ES\" \/>\n<meta property=\"og:type\" content=\"article\" \/>\n<meta property=\"og:title\" content=\"La &quot;Barreta de Pasqua&quot; la novedad que se incluye en Viu la Pasqua a Benissa 2024 | R\u00e0dio Litoral\" \/>\n<meta property=\"og:description\" content=\"Benissa presenta la programaci\u00f3n de Pascua, con una nueva edici\u00f3n de los talleres de conciliaci\u00f3n familiar y diferentes novedades\" \/>\n<meta property=\"og:url\" content=\"https:\/\/radiolitoral.com\/ca\/2024\/03\/la-barreta-de-pasqua-la-novetat-que-sinclou-en-viu-la-pasqua-a-benissa-2024\/\" \/>\n<meta property=\"og:site_name\" content=\"R\u00e0dio Litoral\" \/>\n<meta property=\"article:publisher\" content=\"https:\/\/www.facebook.com\/Laradiolitoral\/\" \/>\n<meta property=\"article:published_time\" content=\"2024-03-14T09:11:54+00:00\" \/>\n<meta property=\"og:image\" content=\"https:\/\/media.radiolitoral.com\/wp-content\/uploads\/2024\/03\/14101008\/VIU-LA-PASQUA-BENISSA-2024-Cartell.png\" \/>\n\t<meta property=\"og:image:width\" content=\"800\" \/>\n\t<meta property=\"og:image:height\" content=\"600\" \/>\n\t<meta property=\"og:image:type\" content=\"image\/png\" \/>\n<meta name=\"author\" content=\"Mel Pescuezo\" \/>\n<meta name=\"twitter:card\" content=\"summary_large_image\" \/>\n<meta name=\"twitter:label1\" content=\"Escrit per\" \/>\n\t<meta name=\"twitter:data1\" content=\"Mel Pescuezo\" \/>\n\t<meta name=\"twitter:label2\" content=\"Temps estimat de lectura\" \/>\n\t<meta name=\"twitter:data2\" content=\"2 minuts\" \/>\n<script type=\"application\/ld+json\" class=\"yoast-schema-graph\">{\"@context\":\"https:\\\/\\\/schema.org\",\"@graph\":[{\"@type\":\"NewsArticle\",\"@id\":\"https:\\\/\\\/radiolitoral.com\\\/2024\\\/03\\\/la-barreta-de-pasqua-la-novedad-que-se-incluye-en-viu-la-pasqua-a-benissa-2024\\\/#article\",\"isPartOf\":{\"@id\":\"https:\\\/\\\/radiolitoral.com\\\/2024\\\/03\\\/la-barreta-de-pasqua-la-novedad-que-se-incluye-en-viu-la-pasqua-a-benissa-2024\\\/\"},\"author\":{\"name\":\"Mel Pescuezo\",\"@id\":\"https:\\\/\\\/radiolitoral.com\\\/#\\\/schema\\\/person\\\/aad4f72efa404f85b68e832d24cac059\"},\"headline\":\"La \u00abBarreta de Pasqua\u00bb la novedad que se incluye en Viu la Pasqua a Benissa 2024\",\"datePublished\":\"2024-03-14T09:11:54+00:00\",\"mainEntityOfPage\":{\"@id\":\"https:\\\/\\\/radiolitoral.com\\\/2024\\\/03\\\/la-barreta-de-pasqua-la-novedad-que-se-incluye-en-viu-la-pasqua-a-benissa-2024\\\/\"},\"wordCount\":376,\"commentCount\":0,\"publisher\":{\"@id\":\"https:\\\/\\\/radiolitoral.com\\\/#organization\"},\"image\":{\"@id\":\"https:\\\/\\\/radiolitoral.com\\\/2024\\\/03\\\/la-barreta-de-pasqua-la-novedad-que-se-incluye-en-viu-la-pasqua-a-benissa-2024\\\/#primaryimage\"},\"thumbnailUrl\":\"https:\\\/\\\/media.radiolitoral.com\\\/wp-content\\\/uploads\\\/2024\\\/03\\\/14101008\\\/VIU-LA-PASQUA-BENISSA-2024-Cartell.png\",\"articleSection\":[\"Fiestas\"],\"inLanguage\":\"ca\",\"potentialAction\":[{\"@type\":\"CommentAction\",\"name\":\"Comment\",\"target\":[\"https:\\\/\\\/radiolitoral.com\\\/2024\\\/03\\\/la-barreta-de-pasqua-la-novedad-que-se-incluye-en-viu-la-pasqua-a-benissa-2024\\\/#respond\"]}]},{\"@type\":[\"WebPage\",\"ItemPage\"],\"@id\":\"https:\\\/\\\/radiolitoral.com\\\/2024\\\/03\\\/la-barreta-de-pasqua-la-novedad-que-se-incluye-en-viu-la-pasqua-a-benissa-2024\\\/\",\"url\":\"https:\\\/\\\/radiolitoral.com\\\/2024\\\/03\\\/la-barreta-de-pasqua-la-novedad-que-se-incluye-en-viu-la-pasqua-a-benissa-2024\\\/\",\"name\":\"La \\\"Barreta de Pasqua\\\" la novedad que se incluye en Viu la Pasqua a Benissa 2024 | R\u00e0dio Litoral\",\"isPartOf\":{\"@id\":\"https:\\\/\\\/radiolitoral.com\\\/#website\"},\"primaryImageOfPage\":{\"@id\":\"https:\\\/\\\/radiolitoral.com\\\/2024\\\/03\\\/la-barreta-de-pasqua-la-novedad-que-se-incluye-en-viu-la-pasqua-a-benissa-2024\\\/#primaryimage\"},\"image\":{\"@id\":\"https:\\\/\\\/radiolitoral.com\\\/2024\\\/03\\\/la-barreta-de-pasqua-la-novedad-que-se-incluye-en-viu-la-pasqua-a-benissa-2024\\\/#primaryimage\"},\"thumbnailUrl\":\"https:\\\/\\\/media.radiolitoral.com\\\/wp-content\\\/uploads\\\/2024\\\/03\\\/14101008\\\/VIU-LA-PASQUA-BENISSA-2024-Cartell.png\",\"datePublished\":\"2024-03-14T09:11:54+00:00\",\"description\":\"Benissa presenta la programaci\u00f3n de Pascua, con una nueva edici\u00f3n de los talleres de conciliaci\u00f3n familiar y diferentes novedades\",\"breadcrumb\":{\"@id\":\"https:\\\/\\\/radiolitoral.com\\\/2024\\\/03\\\/la-barreta-de-pasqua-la-novedad-que-se-incluye-en-viu-la-pasqua-a-benissa-2024\\\/#breadcrumb\"},\"inLanguage\":\"ca\",\"potentialAction\":[{\"@type\":\"ReadAction\",\"target\":[\"https:\\\/\\\/radiolitoral.com\\\/2024\\\/03\\\/la-barreta-de-pasqua-la-novedad-que-se-incluye-en-viu-la-pasqua-a-benissa-2024\\\/\"]}]},{\"@type\":\"ImageObject\",\"inLanguage\":\"ca\",\"@id\":\"https:\\\/\\\/radiolitoral.com\\\/2024\\\/03\\\/la-barreta-de-pasqua-la-novedad-que-se-incluye-en-viu-la-pasqua-a-benissa-2024\\\/#primaryimage\",\"url\":\"https:\\\/\\\/media.radiolitoral.com\\\/wp-content\\\/uploads\\\/2024\\\/03\\\/14101008\\\/VIU-LA-PASQUA-BENISSA-2024-Cartell.png\",\"contentUrl\":\"https:\\\/\\\/media.radiolitoral.com\\\/wp-content\\\/uploads\\\/2024\\\/03\\\/14101008\\\/VIU-LA-PASQUA-BENISSA-2024-Cartell.png\",\"width\":800,\"height\":600},{\"@type\":\"BreadcrumbList\",\"@id\":\"https:\\\/\\\/radiolitoral.com\\\/2024\\\/03\\\/la-barreta-de-pasqua-la-novedad-que-se-incluye-en-viu-la-pasqua-a-benissa-2024\\\/#breadcrumb\",\"itemListElement\":[{\"@type\":\"ListItem\",\"position\":1,\"name\":\"Portada\",\"item\":\"https:\\\/\\\/radiolitoral.com\\\/\"},{\"@type\":\"ListItem\",\"position\":2,\"name\":\"La \u00abBarreta de Pasqua\u00bb la novedad que se incluye en Viu la Pasqua a Benissa 2024\"}]},{\"@type\":\"WebSite\",\"@id\":\"https:\\\/\\\/radiolitoral.com\\\/#website\",\"url\":\"https:\\\/\\\/radiolitoral.com\\\/\",\"name\":\"Radio Litoral\",\"description\":\"La radio local de la Marina Alta\",\"publisher\":{\"@id\":\"https:\\\/\\\/radiolitoral.com\\\/#organization\"},\"alternateName\":\"Litoral FM\",\"potentialAction\":[{\"@type\":\"SearchAction\",\"target\":{\"@type\":\"EntryPoint\",\"urlTemplate\":\"https:\\\/\\\/radiolitoral.com\\\/?s={search_term_string}\"},\"query-input\":{\"@type\":\"PropertyValueSpecification\",\"valueRequired\":true,\"valueName\":\"search_term_string\"}}],\"inLanguage\":\"ca\"},{\"@type\":\"Organization\",\"@id\":\"https:\\\/\\\/radiolitoral.com\\\/#organization\",\"name\":\"Radio Litoral\",\"url\":\"https:\\\/\\\/radiolitoral.com\\\/\",\"logo\":{\"@type\":\"ImageObject\",\"inLanguage\":\"ca\",\"@id\":\"https:\\\/\\\/radiolitoral.com\\\/#\\\/schema\\\/logo\\\/image\\\/\",\"url\":\"https:\\\/\\\/media.radiolitoral.com\\\/wp-content\\\/uploads\\\/2023\\\/02\\\/24143238\\\/CL-V-RadioLitoral696.png\",\"contentUrl\":\"https:\\\/\\\/media.radiolitoral.com\\\/wp-content\\\/uploads\\\/2023\\\/02\\\/24143238\\\/CL-V-RadioLitoral696.png\",\"width\":696,\"height\":696,\"caption\":\"Radio Litoral\"},\"image\":{\"@id\":\"https:\\\/\\\/radiolitoral.com\\\/#\\\/schema\\\/logo\\\/image\\\/\"},\"sameAs\":[\"https:\\\/\\\/www.facebook.com\\\/Laradiolitoral\\\/\"]},{\"@type\":\"Person\",\"@id\":\"https:\\\/\\\/radiolitoral.com\\\/#\\\/schema\\\/person\\\/aad4f72efa404f85b68e832d24cac059\",\"name\":\"Mel Pescuezo\",\"image\":{\"@type\":\"ImageObject\",\"inLanguage\":\"ca\",\"@id\":\"https:\\\/\\\/secure.gravatar.com\\\/avatar\\\/993975ae489c70cb0dd9bfa9413a082f0bd276582dac13661af7b33f161e7eea?s=96&d=mm&r=g\",\"url\":\"https:\\\/\\\/secure.gravatar.com\\\/avatar\\\/993975ae489c70cb0dd9bfa9413a082f0bd276582dac13661af7b33f161e7eea?s=96&d=mm&r=g\",\"contentUrl\":\"https:\\\/\\\/secure.gravatar.com\\\/avatar\\\/993975ae489c70cb0dd9bfa9413a082f0bd276582dac13661af7b33f161e7eea?s=96&d=mm&r=g\",\"caption\":\"Mel Pescuezo\"},\"url\":\"https:\\\/\\\/radiolitoral.com\\\/ca\\\/author\\\/serviciospararadios\\\/\"}]}<\/script>\n<!-- \/ Yoast SEO plugin. -->","yoast_head_json":{"title":"La Barreta de Pasqua la novetat que s&#039;inclou a Viu la Pasqua a Benissa 2024 | R\u00e0dio Litoral","description":"Benissa presenta la programaci\u00f3 de Pasqua, amb una nova edici\u00f3 dels tallers de conciliaci\u00f3 familiar i diferents novetats","robots":{"index":"index","follow":"follow","max-snippet":"max-snippet:-1","max-image-preview":"max-image-preview:large","max-video-preview":"max-video-preview:-1"},"canonical":"https:\/\/radiolitoral.com\/ca\/2024\/03\/la-barreta-de-pasqua-la-novetat-que-sinclou-en-viu-la-pasqua-a-benissa-2024\/","og_locale":"ca_ES","og_type":"article","og_title":"La \"Barreta de Pasqua\" la novedad que se incluye en Viu la Pasqua a Benissa 2024 | R\u00e0dio Litoral","og_description":"Benissa presenta la programaci\u00f3n de Pascua, con una nueva edici\u00f3n de los talleres de conciliaci\u00f3n familiar y diferentes novedades","og_url":"https:\/\/radiolitoral.com\/ca\/2024\/03\/la-barreta-de-pasqua-la-novetat-que-sinclou-en-viu-la-pasqua-a-benissa-2024\/","og_site_name":"R\u00e0dio Litoral","article_publisher":"https:\/\/www.facebook.com\/Laradiolitoral\/","article_published_time":"2024-03-14T09:11:54+00:00","og_image":[{"width":800,"height":600,"url":"https:\/\/media.radiolitoral.com\/wp-content\/uploads\/2024\/03\/14101008\/VIU-LA-PASQUA-BENISSA-2024-Cartell.png","type":"image\/png"}],"author":"Mel Pescuezo","twitter_card":"summary_large_image","twitter_misc":{"Escrit per":"Mel Pescuezo","Temps estimat de lectura":"2 minuts"},"schema":{"@context":"https:\/\/schema.org","@graph":[{"@type":"NewsArticle","@id":"https:\/\/radiolitoral.com\/2024\/03\/la-barreta-de-pasqua-la-novedad-que-se-incluye-en-viu-la-pasqua-a-benissa-2024\/#article","isPartOf":{"@id":"https:\/\/radiolitoral.com\/2024\/03\/la-barreta-de-pasqua-la-novedad-que-se-incluye-en-viu-la-pasqua-a-benissa-2024\/"},"author":{"name":"Mel Pescuezo","@id":"https:\/\/radiolitoral.com\/#\/schema\/person\/aad4f72efa404f85b68e832d24cac059"},"headline":"La \u00abBarreta de Pasqua\u00bb la novedad que se incluye en Viu la Pasqua a Benissa 2024","datePublished":"2024-03-14T09:11:54+00:00","mainEntityOfPage":{"@id":"https:\/\/radiolitoral.com\/2024\/03\/la-barreta-de-pasqua-la-novedad-que-se-incluye-en-viu-la-pasqua-a-benissa-2024\/"},"wordCount":376,"commentCount":0,"publisher":{"@id":"https:\/\/radiolitoral.com\/#organization"},"image":{"@id":"https:\/\/radiolitoral.com\/2024\/03\/la-barreta-de-pasqua-la-novedad-que-se-incluye-en-viu-la-pasqua-a-benissa-2024\/#primaryimage"},"thumbnailUrl":"https:\/\/media.radiolitoral.com\/wp-content\/uploads\/2024\/03\/14101008\/VIU-LA-PASQUA-BENISSA-2024-Cartell.png","articleSection":["Fiestas"],"inLanguage":"ca","potentialAction":[{"@type":"CommentAction","name":"Comment","target":["https:\/\/radiolitoral.com\/2024\/03\/la-barreta-de-pasqua-la-novedad-que-se-incluye-en-viu-la-pasqua-a-benissa-2024\/#respond"]}]},{"@type":["WebPage","ItemPage"],"@id":"https:\/\/radiolitoral.com\/2024\/03\/la-barreta-de-pasqua-la-novedad-que-se-incluye-en-viu-la-pasqua-a-benissa-2024\/","url":"https:\/\/radiolitoral.com\/2024\/03\/la-barreta-de-pasqua-la-novedad-que-se-incluye-en-viu-la-pasqua-a-benissa-2024\/","name":"La Barreta de Pasqua la novetat que s&#039;inclou a Viu la Pasqua a Benissa 2024 | R\u00e0dio Litoral","isPartOf":{"@id":"https:\/\/radiolitoral.com\/#website"},"primaryImageOfPage":{"@id":"https:\/\/radiolitoral.com\/2024\/03\/la-barreta-de-pasqua-la-novedad-que-se-incluye-en-viu-la-pasqua-a-benissa-2024\/#primaryimage"},"image":{"@id":"https:\/\/radiolitoral.com\/2024\/03\/la-barreta-de-pasqua-la-novedad-que-se-incluye-en-viu-la-pasqua-a-benissa-2024\/#primaryimage"},"thumbnailUrl":"https:\/\/media.radiolitoral.com\/wp-content\/uploads\/2024\/03\/14101008\/VIU-LA-PASQUA-BENISSA-2024-Cartell.png","datePublished":"2024-03-14T09:11:54+00:00","description":"Benissa presenta la programaci\u00f3 de Pasqua, amb una nova edici\u00f3 dels tallers de conciliaci\u00f3 familiar i diferents novetats","breadcrumb":{"@id":"https:\/\/radiolitoral.com\/2024\/03\/la-barreta-de-pasqua-la-novedad-que-se-incluye-en-viu-la-pasqua-a-benissa-2024\/#breadcrumb"},"inLanguage":"ca","potentialAction":[{"@type":"ReadAction","target":["https:\/\/radiolitoral.com\/2024\/03\/la-barreta-de-pasqua-la-novedad-que-se-incluye-en-viu-la-pasqua-a-benissa-2024\/"]}]},{"@type":"ImageObject","inLanguage":"ca","@id":"https:\/\/radiolitoral.com\/2024\/03\/la-barreta-de-pasqua-la-novedad-que-se-incluye-en-viu-la-pasqua-a-benissa-2024\/#primaryimage","url":"https:\/\/media.radiolitoral.com\/wp-content\/uploads\/2024\/03\/14101008\/VIU-LA-PASQUA-BENISSA-2024-Cartell.png","contentUrl":"https:\/\/media.radiolitoral.com\/wp-content\/uploads\/2024\/03\/14101008\/VIU-LA-PASQUA-BENISSA-2024-Cartell.png","width":800,"height":600},{"@type":"BreadcrumbList","@id":"https:\/\/radiolitoral.com\/2024\/03\/la-barreta-de-pasqua-la-novedad-que-se-incluye-en-viu-la-pasqua-a-benissa-2024\/#breadcrumb","itemListElement":[{"@type":"ListItem","position":1,"name":"Portada","item":"https:\/\/radiolitoral.com\/"},{"@type":"ListItem","position":2,"name":"La \u00abBarreta de Pasqua\u00bb la novedad que se incluye en Viu la Pasqua a Benissa 2024"}]},{"@type":"WebSite","@id":"https:\/\/radiolitoral.com\/#website","url":"https:\/\/radiolitoral.com\/","name":"R\u00e0dio Litoral","description":"La r\u00e0dio local de la Marina Alta","publisher":{"@id":"https:\/\/radiolitoral.com\/#organization"},"alternateName":"Litoral FM","potentialAction":[{"@type":"SearchAction","target":{"@type":"EntryPoint","urlTemplate":"https:\/\/radiolitoral.com\/?s={search_term_string}"},"query-input":{"@type":"PropertyValueSpecification","valueRequired":true,"valueName":"search_term_string"}}],"inLanguage":"ca"},{"@type":"Organization","@id":"https:\/\/radiolitoral.com\/#organization","name":"R\u00e0dio Litoral","url":"https:\/\/radiolitoral.com\/","logo":{"@type":"ImageObject","inLanguage":"ca","@id":"https:\/\/radiolitoral.com\/#\/schema\/logo\/image\/","url":"https:\/\/media.radiolitoral.com\/wp-content\/uploads\/2023\/02\/24143238\/CL-V-RadioLitoral696.png","contentUrl":"https:\/\/media.radiolitoral.com\/wp-content\/uploads\/2023\/02\/24143238\/CL-V-RadioLitoral696.png","width":696,"height":696,"caption":"Radio Litoral"},"image":{"@id":"https:\/\/radiolitoral.com\/#\/schema\/logo\/image\/"},"sameAs":["https:\/\/www.facebook.com\/Laradiolitoral\/"]},{"@type":"Person","@id":"https:\/\/radiolitoral.com\/#\/schema\/person\/aad4f72efa404f85b68e832d24cac059","name":"Mel Pescuezo","image":{"@type":"ImageObject","inLanguage":"ca","@id":"https:\/\/secure.gravatar.com\/avatar\/993975ae489c70cb0dd9bfa9413a082f0bd276582dac13661af7b33f161e7eea?s=96&d=mm&r=g","url":"https:\/\/secure.gravatar.com\/avatar\/993975ae489c70cb0dd9bfa9413a082f0bd276582dac13661af7b33f161e7eea?s=96&d=mm&r=g","contentUrl":"https:\/\/secure.gravatar.com\/avatar\/993975ae489c70cb0dd9bfa9413a082f0bd276582dac13661af7b33f161e7eea?s=96&d=mm&r=g","caption":"Mel Pescuezo"},"url":"https:\/\/radiolitoral.com\/ca\/author\/serviciospararadios\/"}]}},"_links":{"self":[{"href":"https:\/\/radiolitoral.com\/ca\/wp-json\/wp\/v2\/posts\/7431","targetHints":{"allow":["GET"]}}],"collection":[{"href":"https:\/\/radiolitoral.com\/ca\/wp-json\/wp\/v2\/posts"}],"about":[{"href":"https:\/\/radiolitoral.com\/ca\/wp-json\/wp\/v2\/types\/post"}],"author":[{"embeddable":true,"href":"https:\/\/radiolitoral.com\/ca\/wp-json\/wp\/v2\/users\/21"}],"replies":[{"embeddable":true,"href":"https:\/\/radiolitoral.com\/ca\/wp-json\/wp\/v2\/comments?post=7431"}],"version-history":[{"count":3,"href":"https:\/\/radiolitoral.com\/ca\/wp-json\/wp\/v2\/posts\/7431\/revisions"}],"predecessor-version":[{"id":7436,"href":"https:\/\/radiolitoral.com\/ca\/wp-json\/wp\/v2\/posts\/7431\/revisions\/7436"}],"wp:featuredmedia":[{"embeddable":true,"href":"https:\/\/radiolitoral.com\/ca\/wp-json\/wp\/v2\/media\/7433"}],"wp:attachment":[{"href":"https:\/\/radiolitoral.com\/ca\/wp-json\/wp\/v2\/media?parent=7431"}],"wp:term":[{"taxonomy":"category","embeddable":true,"href":"https:\/\/radiolitoral.com\/ca\/wp-json\/wp\/v2\/categories?post=7431"},{"taxonomy":"post_tag","embeddable":true,"href":"https:\/\/radiolitoral.com\/ca\/wp-json\/wp\/v2\/tags?post=7431"}],"curies":[{"name":"wp","href":"https:\/\/api.w.org\/{rel}","templated":true}]}}