{"id":7424,"date":"2024-03-13T17:13:14","date_gmt":"2024-03-13T16:13:14","guid":{"rendered":"https:\/\/radiolitoral.com\/?p=7424"},"modified":"2024-03-13T17:13:14","modified_gmt":"2024-03-13T16:13:14","slug":"denia-retalles-a-mes-de-la-meitat-els-actes-de-bous-a-la-mar","status":"publish","type":"post","link":"https:\/\/radiolitoral.com\/ca\/2024\/03\/denia-recortara-a-mas-de-la-mitad-los-actos-de-bous-a-la-mar\/","title":{"rendered":"D\u00e9nia retallar\u00e0 a m\u00e9s de la meitat els actes de bous a la mar"},"content":{"rendered":"<p>L&#039;equip de govern de <strong>D\u00e9nia<\/strong>, <strong>PSPV-Comprom\u00eds<\/strong>, ha pres la decisi\u00f3 de reduir significativament les <strong>actuacions de <em>bous a la mar<\/em><\/strong> durant les festes patronals de juliol, dedicades a la <strong>Sant\u00edssima Sang<\/strong>. Aquests esdeveniments, que gaudeixen del reconeixement com <strong>Festa d&#039;inter\u00e8s Tur\u00edstic Nacional<\/strong>, experimentaran una disminuci\u00f3 a la seva freq\u00fc\u00e8ncia.<\/p>\n<p>D&#039;acord amb les declaracions de <strong>Ra\u00fal Garc\u00eda de la Reina<\/strong>, regidor de Festes, el nombre d&#039;entrades de bous es reduir\u00e0 de tres a una, mantenint \u00fanicament la del primer dia de les celebracions. Aquesta jornada \u00e9s especialment destacada per reunir una \u00e0mplia multitud de <strong>ve\u00efns<\/strong>, <strong>visitants<\/strong> i <strong>turistes<\/strong> en un recorregut que abasta des del carrer Marqu\u00e9s de Campo fins a la pla\u00e7a de toros, passant per l&#039;esplanada del port.<\/p>\n<p>L&#039;administraci\u00f3 local tamb\u00e9 ha optat per cancel\u00b7lar totes les actuacions de <em><strong>bous a la mar<\/strong> <\/em>que tenien lloc al migdia, a la pla\u00e7a, durant les hores de m\u00e9s calor, una mesura que busca alleujar el patiment dels animals. Tot i aix\u00f2, es conservaran les actuacions vespertines. Aquesta decisi\u00f3, influenciada per la mort d&#039;un cap a les festes de l&#039;any 2023, es fonamenta en el comprom\u00eds amb el <strong>benestar animal<\/strong>.<\/p>\n<h1>Reaccions<\/h1>\n<p>La mesura ja ha generat <strong>reaccions pol\u00edtiques<\/strong>. El grup municipal <strong>Vox<\/strong> ha expressat el seu rebuig a la reducci\u00f3 d&#039;aquestes festes, argumentant que els <em><strong>bous a la mar<\/strong>,<\/em> en ser reconeguts com <strong>Festa d&#039;inter\u00e8s Tur\u00edstic Nacional<\/strong>, no haurien de ser minimitzats a una celebraci\u00f3 local menor. <strong>Vox D\u00e9nia<\/strong> insta al <strong>Ajuntament de D\u00e9nia<\/strong> a considerar el <strong>impacte tur\u00edstic<\/strong> d&#039;aquestes festes, crucials per a l&#039;economia de la ciutat, m\u00e9s enll\u00e0 de les difer\u00e8ncies pol\u00edtiques.<\/p>","protected":false},"excerpt":{"rendered":"<p>El equipo de gobierno de D\u00e9nia, PSPV-Comprom\u00eds, ha tomado la decisi\u00f3n de reducir significativamente las actuaciones de bous a la mar durante las fiestas patronales de julio, dedicadas a la Sant\u00edssima Sang. Estos eventos, que gozan del reconocimiento como Fiesta de Inter\u00e9s Tur\u00edstico Nacional, experimentar\u00e1n una disminuci\u00f3n en su frecuencia. De acuerdo con las declaraciones [&#8230;]<\/p>\n<p><a class=\"btn btn-secondary understrap-read-more-link\" href=\"https:\/\/radiolitoral.com\/ca\/2024\/03\/denia-recortara-a-mas-de-la-mitad-los-actos-de-bous-a-la-mar\/\">Continua llegint&#8230;<span class=\"screen-reader-text\"> from D\u00e9nia recortar\u00e1 a m\u00e1s de la mitad los actos de bous a la mar<\/span><\/a><\/p>\n","protected":false},"author":13,"featured_media":7425,"comment_status":"open","ping_status":"closed","sticky":false,"template":"","format":"standard","meta":{"_acf_changed":false,"inline_featured_image":false,"footnotes":""},"categories":[276],"tags":[989,988,191],"class_list":["post-7424","post","type-post","status-publish","format-standard","has-post-thumbnail","hentry","category-fiestas","tag-bienestar-animal","tag-bous-a-la-mar","tag-denia","cobertura-denia"],"acf":[],"yoast_head":"<!-- This site is optimized with the Yoast SEO plugin v27.5 - https:\/\/yoast.com\/product\/yoast-seo-wordpress\/ -->\n<title>D\u00e9nia recortar\u00e1 a m\u00e1s de la mitad los actos de bous a la mar | R\u00e0dio Litoral<\/title>\n<meta name=\"description\" content=\"Estas actuaciones taurinas se enmarcan dentro de las fiestas patronales en honor al a Sant\u00edssima Sang Estas actuaciones taurinas se enmarcan dentro de las fiestas patronales en honor al a Sant\u00edssima Sang\" \/>\n<meta name=\"robots\" content=\"index, follow, max-snippet:-1, max-image-preview:large, max-video-preview:-1\" \/>\n<link rel=\"canonical\" href=\"https:\/\/radiolitoral.com\/ca\/2024\/03\/denia-retalles-a-mes-de-la-meitat-els-actes-de-bous-a-la-mar\/\" \/>\n<meta property=\"og:locale\" content=\"ca_ES\" \/>\n<meta property=\"og:type\" content=\"article\" \/>\n<meta property=\"og:title\" content=\"D\u00e9nia recortar\u00e1 a m\u00e1s de la mitad los actos de bous a la mar | R\u00e0dio Litoral\" \/>\n<meta property=\"og:description\" content=\"Estas actuaciones taurinas se enmarcan dentro de las fiestas patronales en honor al a Sant\u00edssima Sang Estas actuaciones taurinas se enmarcan dentro de las fiestas patronales en honor al a Sant\u00edssima Sang\" \/>\n<meta property=\"og:url\" content=\"https:\/\/radiolitoral.com\/ca\/2024\/03\/denia-retalles-a-mes-de-la-meitat-els-actes-de-bous-a-la-mar\/\" \/>\n<meta property=\"og:site_name\" content=\"R\u00e0dio Litoral\" \/>\n<meta property=\"article:publisher\" content=\"https:\/\/www.facebook.com\/Laradiolitoral\/\" \/>\n<meta property=\"article:published_time\" content=\"2024-03-13T16:13:14+00:00\" \/>\n<meta property=\"og:image\" content=\"https:\/\/media.radiolitoral.com\/wp-content\/uploads\/2024\/03\/13171048\/Bous-a-la-mar-2023-3-scaled.jpg\" \/>\n\t<meta property=\"og:image:width\" content=\"2560\" \/>\n\t<meta property=\"og:image:height\" content=\"1707\" \/>\n\t<meta property=\"og:image:type\" content=\"image\/jpeg\" \/>\n<meta name=\"author\" content=\"Redacci\u00f3n\" \/>\n<meta name=\"twitter:card\" content=\"summary_large_image\" \/>\n<meta name=\"twitter:label1\" content=\"Escrit per\" \/>\n\t<meta name=\"twitter:data1\" content=\"Redacci\u00f3n\" \/>\n\t<meta name=\"twitter:label2\" content=\"Temps estimat de lectura\" \/>\n\t<meta name=\"twitter:data2\" content=\"2 minuts\" \/>\n<script type=\"application\/ld+json\" class=\"yoast-schema-graph\">{\"@context\":\"https:\\\/\\\/schema.org\",\"@graph\":[{\"@type\":\"NewsArticle\",\"@id\":\"https:\\\/\\\/radiolitoral.com\\\/2024\\\/03\\\/denia-recortara-a-mas-de-la-mitad-los-actos-de-bous-a-la-mar\\\/#article\",\"isPartOf\":{\"@id\":\"https:\\\/\\\/radiolitoral.com\\\/2024\\\/03\\\/denia-recortara-a-mas-de-la-mitad-los-actos-de-bous-a-la-mar\\\/\"},\"author\":{\"name\":\"Redacci\u00f3n\",\"@id\":\"https:\\\/\\\/radiolitoral.com\\\/#\\\/schema\\\/person\\\/f2b2343c49b5d721857cc1002bfdb151\"},\"headline\":\"D\u00e9nia recortar\u00e1 a m\u00e1s de la mitad los actos de bous a la mar\",\"datePublished\":\"2024-03-13T16:13:14+00:00\",\"mainEntityOfPage\":{\"@id\":\"https:\\\/\\\/radiolitoral.com\\\/2024\\\/03\\\/denia-recortara-a-mas-de-la-mitad-los-actos-de-bous-a-la-mar\\\/\"},\"wordCount\":316,\"commentCount\":0,\"publisher\":{\"@id\":\"https:\\\/\\\/radiolitoral.com\\\/#organization\"},\"image\":{\"@id\":\"https:\\\/\\\/radiolitoral.com\\\/2024\\\/03\\\/denia-recortara-a-mas-de-la-mitad-los-actos-de-bous-a-la-mar\\\/#primaryimage\"},\"thumbnailUrl\":\"https:\\\/\\\/media.radiolitoral.com\\\/wp-content\\\/uploads\\\/2024\\\/03\\\/13171048\\\/Bous-a-la-mar-2023-3-scaled.jpg\",\"keywords\":[\"bienestar animal\",\"bous a la mar\",\"D\u00e9nia\"],\"articleSection\":[\"Fiestas\"],\"inLanguage\":\"ca\",\"potentialAction\":[{\"@type\":\"CommentAction\",\"name\":\"Comment\",\"target\":[\"https:\\\/\\\/radiolitoral.com\\\/2024\\\/03\\\/denia-recortara-a-mas-de-la-mitad-los-actos-de-bous-a-la-mar\\\/#respond\"]}]},{\"@type\":[\"WebPage\",\"ItemPage\"],\"@id\":\"https:\\\/\\\/radiolitoral.com\\\/2024\\\/03\\\/denia-recortara-a-mas-de-la-mitad-los-actos-de-bous-a-la-mar\\\/\",\"url\":\"https:\\\/\\\/radiolitoral.com\\\/2024\\\/03\\\/denia-recortara-a-mas-de-la-mitad-los-actos-de-bous-a-la-mar\\\/\",\"name\":\"D\u00e9nia recortar\u00e1 a m\u00e1s de la mitad los actos de bous a la mar | R\u00e0dio Litoral\",\"isPartOf\":{\"@id\":\"https:\\\/\\\/radiolitoral.com\\\/#website\"},\"primaryImageOfPage\":{\"@id\":\"https:\\\/\\\/radiolitoral.com\\\/2024\\\/03\\\/denia-recortara-a-mas-de-la-mitad-los-actos-de-bous-a-la-mar\\\/#primaryimage\"},\"image\":{\"@id\":\"https:\\\/\\\/radiolitoral.com\\\/2024\\\/03\\\/denia-recortara-a-mas-de-la-mitad-los-actos-de-bous-a-la-mar\\\/#primaryimage\"},\"thumbnailUrl\":\"https:\\\/\\\/media.radiolitoral.com\\\/wp-content\\\/uploads\\\/2024\\\/03\\\/13171048\\\/Bous-a-la-mar-2023-3-scaled.jpg\",\"datePublished\":\"2024-03-13T16:13:14+00:00\",\"description\":\"Estas actuaciones taurinas se enmarcan dentro de las fiestas patronales en honor al a Sant\u00edssima Sang Estas actuaciones taurinas se enmarcan dentro de las fiestas patronales en honor al a Sant\u00edssima Sang\",\"breadcrumb\":{\"@id\":\"https:\\\/\\\/radiolitoral.com\\\/2024\\\/03\\\/denia-recortara-a-mas-de-la-mitad-los-actos-de-bous-a-la-mar\\\/#breadcrumb\"},\"inLanguage\":\"ca\",\"potentialAction\":[{\"@type\":\"ReadAction\",\"target\":[\"https:\\\/\\\/radiolitoral.com\\\/2024\\\/03\\\/denia-recortara-a-mas-de-la-mitad-los-actos-de-bous-a-la-mar\\\/\"]}]},{\"@type\":\"ImageObject\",\"inLanguage\":\"ca\",\"@id\":\"https:\\\/\\\/radiolitoral.com\\\/2024\\\/03\\\/denia-recortara-a-mas-de-la-mitad-los-actos-de-bous-a-la-mar\\\/#primaryimage\",\"url\":\"https:\\\/\\\/media.radiolitoral.com\\\/wp-content\\\/uploads\\\/2024\\\/03\\\/13171048\\\/Bous-a-la-mar-2023-3-scaled.jpg\",\"contentUrl\":\"https:\\\/\\\/media.radiolitoral.com\\\/wp-content\\\/uploads\\\/2024\\\/03\\\/13171048\\\/Bous-a-la-mar-2023-3-scaled.jpg\",\"width\":2560,\"height\":1707},{\"@type\":\"BreadcrumbList\",\"@id\":\"https:\\\/\\\/radiolitoral.com\\\/2024\\\/03\\\/denia-recortara-a-mas-de-la-mitad-los-actos-de-bous-a-la-mar\\\/#breadcrumb\",\"itemListElement\":[{\"@type\":\"ListItem\",\"position\":1,\"name\":\"Portada\",\"item\":\"https:\\\/\\\/radiolitoral.com\\\/\"},{\"@type\":\"ListItem\",\"position\":2,\"name\":\"D\u00e9nia recortar\u00e1 a m\u00e1s de la mitad los actos de bous a la mar\"}]},{\"@type\":\"WebSite\",\"@id\":\"https:\\\/\\\/radiolitoral.com\\\/#website\",\"url\":\"https:\\\/\\\/radiolitoral.com\\\/\",\"name\":\"Radio Litoral\",\"description\":\"La radio local de la Marina Alta\",\"publisher\":{\"@id\":\"https:\\\/\\\/radiolitoral.com\\\/#organization\"},\"alternateName\":\"Litoral FM\",\"potentialAction\":[{\"@type\":\"SearchAction\",\"target\":{\"@type\":\"EntryPoint\",\"urlTemplate\":\"https:\\\/\\\/radiolitoral.com\\\/?s={search_term_string}\"},\"query-input\":{\"@type\":\"PropertyValueSpecification\",\"valueRequired\":true,\"valueName\":\"search_term_string\"}}],\"inLanguage\":\"ca\"},{\"@type\":\"Organization\",\"@id\":\"https:\\\/\\\/radiolitoral.com\\\/#organization\",\"name\":\"Radio Litoral\",\"url\":\"https:\\\/\\\/radiolitoral.com\\\/\",\"logo\":{\"@type\":\"ImageObject\",\"inLanguage\":\"ca\",\"@id\":\"https:\\\/\\\/radiolitoral.com\\\/#\\\/schema\\\/logo\\\/image\\\/\",\"url\":\"https:\\\/\\\/media.radiolitoral.com\\\/wp-content\\\/uploads\\\/2023\\\/02\\\/24143238\\\/CL-V-RadioLitoral696.png\",\"contentUrl\":\"https:\\\/\\\/media.radiolitoral.com\\\/wp-content\\\/uploads\\\/2023\\\/02\\\/24143238\\\/CL-V-RadioLitoral696.png\",\"width\":696,\"height\":696,\"caption\":\"Radio Litoral\"},\"image\":{\"@id\":\"https:\\\/\\\/radiolitoral.com\\\/#\\\/schema\\\/logo\\\/image\\\/\"},\"sameAs\":[\"https:\\\/\\\/www.facebook.com\\\/Laradiolitoral\\\/\"]},{\"@type\":\"Person\",\"@id\":\"https:\\\/\\\/radiolitoral.com\\\/#\\\/schema\\\/person\\\/f2b2343c49b5d721857cc1002bfdb151\",\"name\":\"Redacci\u00f3n\",\"image\":{\"@type\":\"ImageObject\",\"inLanguage\":\"ca\",\"@id\":\"https:\\\/\\\/secure.gravatar.com\\\/avatar\\\/f771d896c203ad8b3382d7905cfcce5a5c9b008b84b3cd9114e9b9f4cb63f789?s=96&d=mm&r=g\",\"url\":\"https:\\\/\\\/secure.gravatar.com\\\/avatar\\\/f771d896c203ad8b3382d7905cfcce5a5c9b008b84b3cd9114e9b9f4cb63f789?s=96&d=mm&r=g\",\"contentUrl\":\"https:\\\/\\\/secure.gravatar.com\\\/avatar\\\/f771d896c203ad8b3382d7905cfcce5a5c9b008b84b3cd9114e9b9f4cb63f789?s=96&d=mm&r=g\",\"caption\":\"Redacci\u00f3n\"},\"url\":\"https:\\\/\\\/radiolitoral.com\\\/ca\\\/author\\\/miriam-pagan\\\/\"}]}<\/script>\n<!-- \/ Yoast SEO plugin. -->","yoast_head_json":{"title":"D\u00e9nia retallar\u00e0 a m\u00e9s de la meitat els actes de bous a la mar | R\u00e0dio Litoral","description":"Aquestes actuacions taurines s&#039;emmarquen dins les festes patronals en honor a Sant\u00edssima Sang Aquestes actuacions taurines s&#039;emmarquen dins les festes patronals en honor a Sant\u00edssima Sang","robots":{"index":"index","follow":"follow","max-snippet":"max-snippet:-1","max-image-preview":"max-image-preview:large","max-video-preview":"max-video-preview:-1"},"canonical":"https:\/\/radiolitoral.com\/ca\/2024\/03\/denia-retalles-a-mes-de-la-meitat-els-actes-de-bous-a-la-mar\/","og_locale":"ca_ES","og_type":"article","og_title":"D\u00e9nia recortar\u00e1 a m\u00e1s de la mitad los actos de bous a la mar | R\u00e0dio Litoral","og_description":"Estas actuaciones taurinas se enmarcan dentro de las fiestas patronales en honor al a Sant\u00edssima Sang Estas actuaciones taurinas se enmarcan dentro de las fiestas patronales en honor al a Sant\u00edssima Sang","og_url":"https:\/\/radiolitoral.com\/ca\/2024\/03\/denia-retalles-a-mes-de-la-meitat-els-actes-de-bous-a-la-mar\/","og_site_name":"R\u00e0dio Litoral","article_publisher":"https:\/\/www.facebook.com\/Laradiolitoral\/","article_published_time":"2024-03-13T16:13:14+00:00","og_image":[{"width":2560,"height":1707,"url":"https:\/\/media.radiolitoral.com\/wp-content\/uploads\/2024\/03\/13171048\/Bous-a-la-mar-2023-3-scaled.jpg","type":"image\/jpeg"}],"author":"Redacci\u00f3n","twitter_card":"summary_large_image","twitter_misc":{"Escrit per":"Redacci\u00f3n","Temps estimat de lectura":"2 minuts"},"schema":{"@context":"https:\/\/schema.org","@graph":[{"@type":"NewsArticle","@id":"https:\/\/radiolitoral.com\/2024\/03\/denia-recortara-a-mas-de-la-mitad-los-actos-de-bous-a-la-mar\/#article","isPartOf":{"@id":"https:\/\/radiolitoral.com\/2024\/03\/denia-recortara-a-mas-de-la-mitad-los-actos-de-bous-a-la-mar\/"},"author":{"name":"Redacci\u00f3n","@id":"https:\/\/radiolitoral.com\/#\/schema\/person\/f2b2343c49b5d721857cc1002bfdb151"},"headline":"D\u00e9nia recortar\u00e1 a m\u00e1s de la mitad los actos de bous a la mar","datePublished":"2024-03-13T16:13:14+00:00","mainEntityOfPage":{"@id":"https:\/\/radiolitoral.com\/2024\/03\/denia-recortara-a-mas-de-la-mitad-los-actos-de-bous-a-la-mar\/"},"wordCount":316,"commentCount":0,"publisher":{"@id":"https:\/\/radiolitoral.com\/#organization"},"image":{"@id":"https:\/\/radiolitoral.com\/2024\/03\/denia-recortara-a-mas-de-la-mitad-los-actos-de-bous-a-la-mar\/#primaryimage"},"thumbnailUrl":"https:\/\/media.radiolitoral.com\/wp-content\/uploads\/2024\/03\/13171048\/Bous-a-la-mar-2023-3-scaled.jpg","keywords":["bienestar animal","bous a la mar","D\u00e9nia"],"articleSection":["Fiestas"],"inLanguage":"ca","potentialAction":[{"@type":"CommentAction","name":"Comment","target":["https:\/\/radiolitoral.com\/2024\/03\/denia-recortara-a-mas-de-la-mitad-los-actos-de-bous-a-la-mar\/#respond"]}]},{"@type":["WebPage","ItemPage"],"@id":"https:\/\/radiolitoral.com\/2024\/03\/denia-recortara-a-mas-de-la-mitad-los-actos-de-bous-a-la-mar\/","url":"https:\/\/radiolitoral.com\/2024\/03\/denia-recortara-a-mas-de-la-mitad-los-actos-de-bous-a-la-mar\/","name":"D\u00e9nia retallar\u00e0 a m\u00e9s de la meitat els actes de bous a la mar | R\u00e0dio Litoral","isPartOf":{"@id":"https:\/\/radiolitoral.com\/#website"},"primaryImageOfPage":{"@id":"https:\/\/radiolitoral.com\/2024\/03\/denia-recortara-a-mas-de-la-mitad-los-actos-de-bous-a-la-mar\/#primaryimage"},"image":{"@id":"https:\/\/radiolitoral.com\/2024\/03\/denia-recortara-a-mas-de-la-mitad-los-actos-de-bous-a-la-mar\/#primaryimage"},"thumbnailUrl":"https:\/\/media.radiolitoral.com\/wp-content\/uploads\/2024\/03\/13171048\/Bous-a-la-mar-2023-3-scaled.jpg","datePublished":"2024-03-13T16:13:14+00:00","description":"Aquestes actuacions taurines s&#039;emmarquen dins les festes patronals en honor a Sant\u00edssima Sang Aquestes actuacions taurines s&#039;emmarquen dins les festes patronals en honor a Sant\u00edssima Sang","breadcrumb":{"@id":"https:\/\/radiolitoral.com\/2024\/03\/denia-recortara-a-mas-de-la-mitad-los-actos-de-bous-a-la-mar\/#breadcrumb"},"inLanguage":"ca","potentialAction":[{"@type":"ReadAction","target":["https:\/\/radiolitoral.com\/2024\/03\/denia-recortara-a-mas-de-la-mitad-los-actos-de-bous-a-la-mar\/"]}]},{"@type":"ImageObject","inLanguage":"ca","@id":"https:\/\/radiolitoral.com\/2024\/03\/denia-recortara-a-mas-de-la-mitad-los-actos-de-bous-a-la-mar\/#primaryimage","url":"https:\/\/media.radiolitoral.com\/wp-content\/uploads\/2024\/03\/13171048\/Bous-a-la-mar-2023-3-scaled.jpg","contentUrl":"https:\/\/media.radiolitoral.com\/wp-content\/uploads\/2024\/03\/13171048\/Bous-a-la-mar-2023-3-scaled.jpg","width":2560,"height":1707},{"@type":"BreadcrumbList","@id":"https:\/\/radiolitoral.com\/2024\/03\/denia-recortara-a-mas-de-la-mitad-los-actos-de-bous-a-la-mar\/#breadcrumb","itemListElement":[{"@type":"ListItem","position":1,"name":"Portada","item":"https:\/\/radiolitoral.com\/"},{"@type":"ListItem","position":2,"name":"D\u00e9nia recortar\u00e1 a m\u00e1s de la mitad los actos de bous a la mar"}]},{"@type":"WebSite","@id":"https:\/\/radiolitoral.com\/#website","url":"https:\/\/radiolitoral.com\/","name":"R\u00e0dio Litoral","description":"La r\u00e0dio local de la Marina Alta","publisher":{"@id":"https:\/\/radiolitoral.com\/#organization"},"alternateName":"Litoral FM","potentialAction":[{"@type":"SearchAction","target":{"@type":"EntryPoint","urlTemplate":"https:\/\/radiolitoral.com\/?s={search_term_string}"},"query-input":{"@type":"PropertyValueSpecification","valueRequired":true,"valueName":"search_term_string"}}],"inLanguage":"ca"},{"@type":"Organization","@id":"https:\/\/radiolitoral.com\/#organization","name":"R\u00e0dio Litoral","url":"https:\/\/radiolitoral.com\/","logo":{"@type":"ImageObject","inLanguage":"ca","@id":"https:\/\/radiolitoral.com\/#\/schema\/logo\/image\/","url":"https:\/\/media.radiolitoral.com\/wp-content\/uploads\/2023\/02\/24143238\/CL-V-RadioLitoral696.png","contentUrl":"https:\/\/media.radiolitoral.com\/wp-content\/uploads\/2023\/02\/24143238\/CL-V-RadioLitoral696.png","width":696,"height":696,"caption":"Radio Litoral"},"image":{"@id":"https:\/\/radiolitoral.com\/#\/schema\/logo\/image\/"},"sameAs":["https:\/\/www.facebook.com\/Laradiolitoral\/"]},{"@type":"Person","@id":"https:\/\/radiolitoral.com\/#\/schema\/person\/f2b2343c49b5d721857cc1002bfdb151","name":"Redacci\u00f3","image":{"@type":"ImageObject","inLanguage":"ca","@id":"https:\/\/secure.gravatar.com\/avatar\/f771d896c203ad8b3382d7905cfcce5a5c9b008b84b3cd9114e9b9f4cb63f789?s=96&d=mm&r=g","url":"https:\/\/secure.gravatar.com\/avatar\/f771d896c203ad8b3382d7905cfcce5a5c9b008b84b3cd9114e9b9f4cb63f789?s=96&d=mm&r=g","contentUrl":"https:\/\/secure.gravatar.com\/avatar\/f771d896c203ad8b3382d7905cfcce5a5c9b008b84b3cd9114e9b9f4cb63f789?s=96&d=mm&r=g","caption":"Redacci\u00f3n"},"url":"https:\/\/radiolitoral.com\/ca\/author\/miriam-pagan\/"}]}},"_links":{"self":[{"href":"https:\/\/radiolitoral.com\/ca\/wp-json\/wp\/v2\/posts\/7424","targetHints":{"allow":["GET"]}}],"collection":[{"href":"https:\/\/radiolitoral.com\/ca\/wp-json\/wp\/v2\/posts"}],"about":[{"href":"https:\/\/radiolitoral.com\/ca\/wp-json\/wp\/v2\/types\/post"}],"author":[{"embeddable":true,"href":"https:\/\/radiolitoral.com\/ca\/wp-json\/wp\/v2\/users\/13"}],"replies":[{"embeddable":true,"href":"https:\/\/radiolitoral.com\/ca\/wp-json\/wp\/v2\/comments?post=7424"}],"version-history":[{"count":1,"href":"https:\/\/radiolitoral.com\/ca\/wp-json\/wp\/v2\/posts\/7424\/revisions"}],"predecessor-version":[{"id":7426,"href":"https:\/\/radiolitoral.com\/ca\/wp-json\/wp\/v2\/posts\/7424\/revisions\/7426"}],"wp:featuredmedia":[{"embeddable":true,"href":"https:\/\/radiolitoral.com\/ca\/wp-json\/wp\/v2\/media\/7425"}],"wp:attachment":[{"href":"https:\/\/radiolitoral.com\/ca\/wp-json\/wp\/v2\/media?parent=7424"}],"wp:term":[{"taxonomy":"category","embeddable":true,"href":"https:\/\/radiolitoral.com\/ca\/wp-json\/wp\/v2\/categories?post=7424"},{"taxonomy":"post_tag","embeddable":true,"href":"https:\/\/radiolitoral.com\/ca\/wp-json\/wp\/v2\/tags?post=7424"}],"curies":[{"name":"wp","href":"https:\/\/api.w.org\/{rel}","templated":true}]}}