{"id":7406,"date":"2024-03-13T11:59:34","date_gmt":"2024-03-13T10:59:34","guid":{"rendered":"https:\/\/radiolitoral.com\/?p=7406"},"modified":"2024-03-13T11:59:34","modified_gmt":"2024-03-13T10:59:34","slug":"dons-a-la-musica-xabia-2024","status":"publish","type":"post","link":"https:\/\/radiolitoral.com\/ca\/2024\/03\/dones-en-la-musica-xabia-2024\/","title":{"rendered":"X\u00e0bia celebra el talent femen\u00ed amb el concert &#039;Dones a la M\u00fasica&#039;"},"content":{"rendered":"<p>El Conservatori de X\u00e0bia albergar\u00e0 aquest dijous 14 de mar\u00e7, a les 20:00 hores, el concert \u00ab<strong>Dones a la M\u00fasica<\/strong>\u00ab, emmarcat a les activitats commemoratives del Dia Internacional de la Dona. Aquesta actuaci\u00f3 comptar\u00e0 amb la participaci\u00f3 d&#039;alumnes del <strong>Conservatori<\/strong> que interpretaran peces d&#039;Alice G\u00f3mez, Clara Schumann i Giselle Galos en piano, percussi\u00f3 i m\u00fasica de cambra, dedicades a celebrar la contribuci\u00f3 femenina a la m\u00fasica.<\/p>\n<p>A m\u00e9s, el programa cultural de la ciutat inclou l&#039;esdeveniment \u201c<strong>Pluja de Contes<\/strong>\u201d, el qual es presentar\u00e0 divendres a les 17:30 hores a la Biblioteca del Centre Hist\u00f2ric, sota el tema \u201cLa per tamb\u00e9 te per\u201d.<\/p>\n<p>L&#039;oferta cultural s&#039;est\u00e9n a <strong>exposicions<\/strong> destacades. El Centre d&#039;Art Lambert exhibeix \u201c<strong>Ho sap el cel blau<\/strong>\u201d de Susana Garc\u00eda fins al 31 de mar\u00e7, la Casa del Cable presenta obres de <strong>Marissa Oosterlee<\/strong> durant tot el mes i el Museu Soler Blasco acull \u201c<strong>Pobladores d&#039;Art<\/strong>\u201d, una mostra col\u00b7lectiva d&#039;artistes de la Marina Alta que ofereix una varietat d&#039;expressions art\u00edstiques al p\u00fablic.<\/p>","protected":false},"excerpt":{"rendered":"<p>El Conservatorio de X\u00e0bia albergar\u00e1 este jueves 14 de marzo, a las 20:00 horas, el concierto \u00abDones en la M\u00fasica\u00ab, enmarcado en las actividades conmemorativas del D\u00eda Internacional de la Mujer. Esta actuaci\u00f3n contar\u00e1 con la participaci\u00f3n de alumnos del Conservatorio que interpretar\u00e1n piezas de Alice G\u00f3mez, Clara Schumann y Giselle Galos en piano, percusi\u00f3n [&#8230;]<\/p>\n<p><a class=\"btn btn-secondary understrap-read-more-link\" href=\"https:\/\/radiolitoral.com\/ca\/2024\/03\/dones-en-la-musica-xabia-2024\/\">Continua llegint&#8230;<span class=\"screen-reader-text\"> from X\u00e0bia celebra el talento femenino con el concierto &#8216;Dones en la M\u00fasica&#8217;<\/span><\/a><\/p>\n","protected":false},"author":11,"featured_media":7408,"comment_status":"open","ping_status":"closed","sticky":false,"template":"","format":"standard","meta":{"_acf_changed":false,"inline_featured_image":false,"footnotes":""},"categories":[60],"tags":[115,982,984,983,196],"class_list":["post-7406","post","type-post","status-publish","format-standard","has-post-thumbnail","hentry","category-ocio","tag-8m","tag-concierto","tag-conservatorio","tag-musica","tag-xabia","cobertura-xabia"],"acf":[],"yoast_head":"<!-- This site is optimized with the Yoast SEO plugin v27.5 - https:\/\/yoast.com\/product\/yoast-seo-wordpress\/ -->\n<title>X\u00e0bia celebra el talento femenino con el concierto &#039;Dones en la M\u00fasica&#039; | R\u00e0dio Litoral<\/title>\n<meta name=\"description\" content=\"Los alumnos del Conservatorio interpretar\u00e1n piezas de Alice G\u00f3mez, Clara Schumann y Giselle Galos\" \/>\n<meta name=\"robots\" content=\"index, follow, max-snippet:-1, max-image-preview:large, max-video-preview:-1\" \/>\n<link rel=\"canonical\" href=\"https:\/\/radiolitoral.com\/ca\/2024\/03\/dons-a-la-musica-xabia-2024\/\" \/>\n<meta property=\"og:locale\" content=\"ca_ES\" \/>\n<meta property=\"og:type\" content=\"article\" \/>\n<meta property=\"og:title\" content=\"X\u00e0bia celebra el talento femenino con el concierto &#039;Dones en la M\u00fasica&#039; | R\u00e0dio Litoral\" \/>\n<meta property=\"og:description\" content=\"Los alumnos del Conservatorio interpretar\u00e1n piezas de Alice G\u00f3mez, Clara Schumann y Giselle Galos\" \/>\n<meta property=\"og:url\" content=\"https:\/\/radiolitoral.com\/ca\/2024\/03\/dons-a-la-musica-xabia-2024\/\" \/>\n<meta property=\"og:site_name\" content=\"R\u00e0dio Litoral\" \/>\n<meta property=\"article:publisher\" content=\"https:\/\/www.facebook.com\/Laradiolitoral\/\" \/>\n<meta property=\"article:published_time\" content=\"2024-03-13T10:59:34+00:00\" \/>\n<meta property=\"og:image\" content=\"https:\/\/media.radiolitoral.com\/wp-content\/uploads\/2024\/03\/13115703\/ConservatorioEnero2024_FachadaInterior-scaled.jpg\" \/>\n\t<meta property=\"og:image:width\" content=\"2262\" \/>\n\t<meta property=\"og:image:height\" content=\"2560\" \/>\n\t<meta property=\"og:image:type\" content=\"image\/jpeg\" \/>\n<meta name=\"author\" content=\"Redacci\u00f3n\" \/>\n<meta name=\"twitter:card\" content=\"summary_large_image\" \/>\n<meta name=\"twitter:label1\" content=\"Escrit per\" \/>\n\t<meta name=\"twitter:data1\" content=\"Redacci\u00f3n\" \/>\n\t<meta name=\"twitter:label2\" content=\"Temps estimat de lectura\" \/>\n\t<meta name=\"twitter:data2\" content=\"2 minuts\" \/>\n<script type=\"application\/ld+json\" class=\"yoast-schema-graph\">{\"@context\":\"https:\\\/\\\/schema.org\",\"@graph\":[{\"@type\":\"NewsArticle\",\"@id\":\"https:\\\/\\\/radiolitoral.com\\\/2024\\\/03\\\/dones-en-la-musica-xabia-2024\\\/#article\",\"isPartOf\":{\"@id\":\"https:\\\/\\\/radiolitoral.com\\\/2024\\\/03\\\/dones-en-la-musica-xabia-2024\\\/\"},\"author\":{\"name\":\"Redacci\u00f3n\",\"@id\":\"https:\\\/\\\/radiolitoral.com\\\/#\\\/schema\\\/person\\\/aaadc9e35663a92bd94a05f5816f296d\"},\"headline\":\"X\u00e0bia celebra el talento femenino con el concierto &#8216;Dones en la M\u00fasica&#8217;\",\"datePublished\":\"2024-03-13T10:59:34+00:00\",\"mainEntityOfPage\":{\"@id\":\"https:\\\/\\\/radiolitoral.com\\\/2024\\\/03\\\/dones-en-la-musica-xabia-2024\\\/\"},\"wordCount\":199,\"commentCount\":0,\"publisher\":{\"@id\":\"https:\\\/\\\/radiolitoral.com\\\/#organization\"},\"image\":{\"@id\":\"https:\\\/\\\/radiolitoral.com\\\/2024\\\/03\\\/dones-en-la-musica-xabia-2024\\\/#primaryimage\"},\"thumbnailUrl\":\"https:\\\/\\\/media.radiolitoral.com\\\/wp-content\\\/uploads\\\/2024\\\/03\\\/13115703\\\/ConservatorioEnero2024_FachadaInterior-scaled.jpg\",\"keywords\":[\"8M\",\"Concierto\",\"conservatorio\",\"M\u00fasica\",\"X\u00e0bia.\"],\"articleSection\":[\"Ocio\"],\"inLanguage\":\"ca\",\"potentialAction\":[{\"@type\":\"CommentAction\",\"name\":\"Comment\",\"target\":[\"https:\\\/\\\/radiolitoral.com\\\/2024\\\/03\\\/dones-en-la-musica-xabia-2024\\\/#respond\"]}]},{\"@type\":[\"WebPage\",\"ItemPage\"],\"@id\":\"https:\\\/\\\/radiolitoral.com\\\/2024\\\/03\\\/dones-en-la-musica-xabia-2024\\\/\",\"url\":\"https:\\\/\\\/radiolitoral.com\\\/2024\\\/03\\\/dones-en-la-musica-xabia-2024\\\/\",\"name\":\"X\u00e0bia celebra el talento femenino con el concierto 'Dones en la M\u00fasica' | R\u00e0dio Litoral\",\"isPartOf\":{\"@id\":\"https:\\\/\\\/radiolitoral.com\\\/#website\"},\"primaryImageOfPage\":{\"@id\":\"https:\\\/\\\/radiolitoral.com\\\/2024\\\/03\\\/dones-en-la-musica-xabia-2024\\\/#primaryimage\"},\"image\":{\"@id\":\"https:\\\/\\\/radiolitoral.com\\\/2024\\\/03\\\/dones-en-la-musica-xabia-2024\\\/#primaryimage\"},\"thumbnailUrl\":\"https:\\\/\\\/media.radiolitoral.com\\\/wp-content\\\/uploads\\\/2024\\\/03\\\/13115703\\\/ConservatorioEnero2024_FachadaInterior-scaled.jpg\",\"datePublished\":\"2024-03-13T10:59:34+00:00\",\"description\":\"Los alumnos del Conservatorio interpretar\u00e1n piezas de Alice G\u00f3mez, Clara Schumann y Giselle Galos\",\"breadcrumb\":{\"@id\":\"https:\\\/\\\/radiolitoral.com\\\/2024\\\/03\\\/dones-en-la-musica-xabia-2024\\\/#breadcrumb\"},\"inLanguage\":\"ca\",\"potentialAction\":[{\"@type\":\"ReadAction\",\"target\":[\"https:\\\/\\\/radiolitoral.com\\\/2024\\\/03\\\/dones-en-la-musica-xabia-2024\\\/\"]}]},{\"@type\":\"ImageObject\",\"inLanguage\":\"ca\",\"@id\":\"https:\\\/\\\/radiolitoral.com\\\/2024\\\/03\\\/dones-en-la-musica-xabia-2024\\\/#primaryimage\",\"url\":\"https:\\\/\\\/media.radiolitoral.com\\\/wp-content\\\/uploads\\\/2024\\\/03\\\/13115703\\\/ConservatorioEnero2024_FachadaInterior-scaled.jpg\",\"contentUrl\":\"https:\\\/\\\/media.radiolitoral.com\\\/wp-content\\\/uploads\\\/2024\\\/03\\\/13115703\\\/ConservatorioEnero2024_FachadaInterior-scaled.jpg\",\"width\":2262,\"height\":2560,\"caption\":\"Conservatorio | Ayuntamiento de X\u00e0bia\"},{\"@type\":\"BreadcrumbList\",\"@id\":\"https:\\\/\\\/radiolitoral.com\\\/2024\\\/03\\\/dones-en-la-musica-xabia-2024\\\/#breadcrumb\",\"itemListElement\":[{\"@type\":\"ListItem\",\"position\":1,\"name\":\"Portada\",\"item\":\"https:\\\/\\\/radiolitoral.com\\\/\"},{\"@type\":\"ListItem\",\"position\":2,\"name\":\"X\u00e0bia celebra el talento femenino con el concierto &#8216;Dones en la M\u00fasica&#8217;\"}]},{\"@type\":\"WebSite\",\"@id\":\"https:\\\/\\\/radiolitoral.com\\\/#website\",\"url\":\"https:\\\/\\\/radiolitoral.com\\\/\",\"name\":\"Radio Litoral\",\"description\":\"La radio local de la Marina Alta\",\"publisher\":{\"@id\":\"https:\\\/\\\/radiolitoral.com\\\/#organization\"},\"alternateName\":\"Litoral FM\",\"potentialAction\":[{\"@type\":\"SearchAction\",\"target\":{\"@type\":\"EntryPoint\",\"urlTemplate\":\"https:\\\/\\\/radiolitoral.com\\\/?s={search_term_string}\"},\"query-input\":{\"@type\":\"PropertyValueSpecification\",\"valueRequired\":true,\"valueName\":\"search_term_string\"}}],\"inLanguage\":\"ca\"},{\"@type\":\"Organization\",\"@id\":\"https:\\\/\\\/radiolitoral.com\\\/#organization\",\"name\":\"Radio Litoral\",\"url\":\"https:\\\/\\\/radiolitoral.com\\\/\",\"logo\":{\"@type\":\"ImageObject\",\"inLanguage\":\"ca\",\"@id\":\"https:\\\/\\\/radiolitoral.com\\\/#\\\/schema\\\/logo\\\/image\\\/\",\"url\":\"https:\\\/\\\/media.radiolitoral.com\\\/wp-content\\\/uploads\\\/2023\\\/02\\\/24143238\\\/CL-V-RadioLitoral696.png\",\"contentUrl\":\"https:\\\/\\\/media.radiolitoral.com\\\/wp-content\\\/uploads\\\/2023\\\/02\\\/24143238\\\/CL-V-RadioLitoral696.png\",\"width\":696,\"height\":696,\"caption\":\"Radio Litoral\"},\"image\":{\"@id\":\"https:\\\/\\\/radiolitoral.com\\\/#\\\/schema\\\/logo\\\/image\\\/\"},\"sameAs\":[\"https:\\\/\\\/www.facebook.com\\\/Laradiolitoral\\\/\"]},{\"@type\":\"Person\",\"@id\":\"https:\\\/\\\/radiolitoral.com\\\/#\\\/schema\\\/person\\\/aaadc9e35663a92bd94a05f5816f296d\",\"name\":\"Redacci\u00f3n\",\"image\":{\"@type\":\"ImageObject\",\"inLanguage\":\"ca\",\"@id\":\"https:\\\/\\\/secure.gravatar.com\\\/avatar\\\/e4e253cf49afb8c76a2aca487577f1ff5c098c82b3cf2b0a85f03f83dcb96c31?s=96&d=mm&r=g\",\"url\":\"https:\\\/\\\/secure.gravatar.com\\\/avatar\\\/e4e253cf49afb8c76a2aca487577f1ff5c098c82b3cf2b0a85f03f83dcb96c31?s=96&d=mm&r=g\",\"contentUrl\":\"https:\\\/\\\/secure.gravatar.com\\\/avatar\\\/e4e253cf49afb8c76a2aca487577f1ff5c098c82b3cf2b0a85f03f83dcb96c31?s=96&d=mm&r=g\",\"caption\":\"Redacci\u00f3n\"},\"url\":\"https:\\\/\\\/radiolitoral.com\\\/ca\\\/author\\\/alba-alborch\\\/\"}]}<\/script>\n<!-- \/ Yoast SEO plugin. -->","yoast_head_json":{"title":"X\u00e0bia celebra el talent femen\u00ed amb el concert &#039;Dones a la M\u00fasica&#039; | R\u00e0dio Litoral","description":"Els alumnes del Conservatori interpretaran peces d&#039;Alice G\u00f3mez, Clara Schumann i Giselle Galos","robots":{"index":"index","follow":"follow","max-snippet":"max-snippet:-1","max-image-preview":"max-image-preview:large","max-video-preview":"max-video-preview:-1"},"canonical":"https:\/\/radiolitoral.com\/ca\/2024\/03\/dons-a-la-musica-xabia-2024\/","og_locale":"ca_ES","og_type":"article","og_title":"X\u00e0bia celebra el talento femenino con el concierto 'Dones en la M\u00fasica' | R\u00e0dio Litoral","og_description":"Los alumnos del Conservatorio interpretar\u00e1n piezas de Alice G\u00f3mez, Clara Schumann y Giselle Galos","og_url":"https:\/\/radiolitoral.com\/ca\/2024\/03\/dons-a-la-musica-xabia-2024\/","og_site_name":"R\u00e0dio Litoral","article_publisher":"https:\/\/www.facebook.com\/Laradiolitoral\/","article_published_time":"2024-03-13T10:59:34+00:00","og_image":[{"width":2262,"height":2560,"url":"https:\/\/media.radiolitoral.com\/wp-content\/uploads\/2024\/03\/13115703\/ConservatorioEnero2024_FachadaInterior-scaled.jpg","type":"image\/jpeg"}],"author":"Redacci\u00f3n","twitter_card":"summary_large_image","twitter_misc":{"Escrit per":"Redacci\u00f3n","Temps estimat de lectura":"2 minuts"},"schema":{"@context":"https:\/\/schema.org","@graph":[{"@type":"NewsArticle","@id":"https:\/\/radiolitoral.com\/2024\/03\/dones-en-la-musica-xabia-2024\/#article","isPartOf":{"@id":"https:\/\/radiolitoral.com\/2024\/03\/dones-en-la-musica-xabia-2024\/"},"author":{"name":"Redacci\u00f3n","@id":"https:\/\/radiolitoral.com\/#\/schema\/person\/aaadc9e35663a92bd94a05f5816f296d"},"headline":"X\u00e0bia celebra el talento femenino con el concierto &#8216;Dones en la M\u00fasica&#8217;","datePublished":"2024-03-13T10:59:34+00:00","mainEntityOfPage":{"@id":"https:\/\/radiolitoral.com\/2024\/03\/dones-en-la-musica-xabia-2024\/"},"wordCount":199,"commentCount":0,"publisher":{"@id":"https:\/\/radiolitoral.com\/#organization"},"image":{"@id":"https:\/\/radiolitoral.com\/2024\/03\/dones-en-la-musica-xabia-2024\/#primaryimage"},"thumbnailUrl":"https:\/\/media.radiolitoral.com\/wp-content\/uploads\/2024\/03\/13115703\/ConservatorioEnero2024_FachadaInterior-scaled.jpg","keywords":["8M","Concierto","conservatorio","M\u00fasica","X\u00e0bia."],"articleSection":["Ocio"],"inLanguage":"ca","potentialAction":[{"@type":"CommentAction","name":"Comment","target":["https:\/\/radiolitoral.com\/2024\/03\/dones-en-la-musica-xabia-2024\/#respond"]}]},{"@type":["WebPage","ItemPage"],"@id":"https:\/\/radiolitoral.com\/2024\/03\/dones-en-la-musica-xabia-2024\/","url":"https:\/\/radiolitoral.com\/2024\/03\/dones-en-la-musica-xabia-2024\/","name":"X\u00e0bia celebra el talent femen\u00ed amb el concert &#039;Dones a la M\u00fasica&#039; | R\u00e0dio Litoral","isPartOf":{"@id":"https:\/\/radiolitoral.com\/#website"},"primaryImageOfPage":{"@id":"https:\/\/radiolitoral.com\/2024\/03\/dones-en-la-musica-xabia-2024\/#primaryimage"},"image":{"@id":"https:\/\/radiolitoral.com\/2024\/03\/dones-en-la-musica-xabia-2024\/#primaryimage"},"thumbnailUrl":"https:\/\/media.radiolitoral.com\/wp-content\/uploads\/2024\/03\/13115703\/ConservatorioEnero2024_FachadaInterior-scaled.jpg","datePublished":"2024-03-13T10:59:34+00:00","description":"Els alumnes del Conservatori interpretaran peces d&#039;Alice G\u00f3mez, Clara Schumann i Giselle Galos","breadcrumb":{"@id":"https:\/\/radiolitoral.com\/2024\/03\/dones-en-la-musica-xabia-2024\/#breadcrumb"},"inLanguage":"ca","potentialAction":[{"@type":"ReadAction","target":["https:\/\/radiolitoral.com\/2024\/03\/dones-en-la-musica-xabia-2024\/"]}]},{"@type":"ImageObject","inLanguage":"ca","@id":"https:\/\/radiolitoral.com\/2024\/03\/dones-en-la-musica-xabia-2024\/#primaryimage","url":"https:\/\/media.radiolitoral.com\/wp-content\/uploads\/2024\/03\/13115703\/ConservatorioEnero2024_FachadaInterior-scaled.jpg","contentUrl":"https:\/\/media.radiolitoral.com\/wp-content\/uploads\/2024\/03\/13115703\/ConservatorioEnero2024_FachadaInterior-scaled.jpg","width":2262,"height":2560,"caption":"Conservatorio | Ayuntamiento de X\u00e0bia"},{"@type":"BreadcrumbList","@id":"https:\/\/radiolitoral.com\/2024\/03\/dones-en-la-musica-xabia-2024\/#breadcrumb","itemListElement":[{"@type":"ListItem","position":1,"name":"Portada","item":"https:\/\/radiolitoral.com\/"},{"@type":"ListItem","position":2,"name":"X\u00e0bia celebra el talento femenino con el concierto &#8216;Dones en la M\u00fasica&#8217;"}]},{"@type":"WebSite","@id":"https:\/\/radiolitoral.com\/#website","url":"https:\/\/radiolitoral.com\/","name":"R\u00e0dio Litoral","description":"La r\u00e0dio local de la Marina Alta","publisher":{"@id":"https:\/\/radiolitoral.com\/#organization"},"alternateName":"Litoral FM","potentialAction":[{"@type":"SearchAction","target":{"@type":"EntryPoint","urlTemplate":"https:\/\/radiolitoral.com\/?s={search_term_string}"},"query-input":{"@type":"PropertyValueSpecification","valueRequired":true,"valueName":"search_term_string"}}],"inLanguage":"ca"},{"@type":"Organization","@id":"https:\/\/radiolitoral.com\/#organization","name":"R\u00e0dio Litoral","url":"https:\/\/radiolitoral.com\/","logo":{"@type":"ImageObject","inLanguage":"ca","@id":"https:\/\/radiolitoral.com\/#\/schema\/logo\/image\/","url":"https:\/\/media.radiolitoral.com\/wp-content\/uploads\/2023\/02\/24143238\/CL-V-RadioLitoral696.png","contentUrl":"https:\/\/media.radiolitoral.com\/wp-content\/uploads\/2023\/02\/24143238\/CL-V-RadioLitoral696.png","width":696,"height":696,"caption":"Radio Litoral"},"image":{"@id":"https:\/\/radiolitoral.com\/#\/schema\/logo\/image\/"},"sameAs":["https:\/\/www.facebook.com\/Laradiolitoral\/"]},{"@type":"Person","@id":"https:\/\/radiolitoral.com\/#\/schema\/person\/aaadc9e35663a92bd94a05f5816f296d","name":"Redacci\u00f3","image":{"@type":"ImageObject","inLanguage":"ca","@id":"https:\/\/secure.gravatar.com\/avatar\/e4e253cf49afb8c76a2aca487577f1ff5c098c82b3cf2b0a85f03f83dcb96c31?s=96&d=mm&r=g","url":"https:\/\/secure.gravatar.com\/avatar\/e4e253cf49afb8c76a2aca487577f1ff5c098c82b3cf2b0a85f03f83dcb96c31?s=96&d=mm&r=g","contentUrl":"https:\/\/secure.gravatar.com\/avatar\/e4e253cf49afb8c76a2aca487577f1ff5c098c82b3cf2b0a85f03f83dcb96c31?s=96&d=mm&r=g","caption":"Redacci\u00f3n"},"url":"https:\/\/radiolitoral.com\/ca\/author\/alba-alborch\/"}]}},"_links":{"self":[{"href":"https:\/\/radiolitoral.com\/ca\/wp-json\/wp\/v2\/posts\/7406","targetHints":{"allow":["GET"]}}],"collection":[{"href":"https:\/\/radiolitoral.com\/ca\/wp-json\/wp\/v2\/posts"}],"about":[{"href":"https:\/\/radiolitoral.com\/ca\/wp-json\/wp\/v2\/types\/post"}],"author":[{"embeddable":true,"href":"https:\/\/radiolitoral.com\/ca\/wp-json\/wp\/v2\/users\/11"}],"replies":[{"embeddable":true,"href":"https:\/\/radiolitoral.com\/ca\/wp-json\/wp\/v2\/comments?post=7406"}],"version-history":[{"count":2,"href":"https:\/\/radiolitoral.com\/ca\/wp-json\/wp\/v2\/posts\/7406\/revisions"}],"predecessor-version":[{"id":7410,"href":"https:\/\/radiolitoral.com\/ca\/wp-json\/wp\/v2\/posts\/7406\/revisions\/7410"}],"wp:featuredmedia":[{"embeddable":true,"href":"https:\/\/radiolitoral.com\/ca\/wp-json\/wp\/v2\/media\/7408"}],"wp:attachment":[{"href":"https:\/\/radiolitoral.com\/ca\/wp-json\/wp\/v2\/media?parent=7406"}],"wp:term":[{"taxonomy":"category","embeddable":true,"href":"https:\/\/radiolitoral.com\/ca\/wp-json\/wp\/v2\/categories?post=7406"},{"taxonomy":"post_tag","embeddable":true,"href":"https:\/\/radiolitoral.com\/ca\/wp-json\/wp\/v2\/tags?post=7406"}],"curies":[{"name":"wp","href":"https:\/\/api.w.org\/{rel}","templated":true}]}}