{"id":7376,"date":"2024-03-12T14:23:14","date_gmt":"2024-03-12T13:23:14","guid":{"rendered":"https:\/\/radiolitoral.com\/?p=7376"},"modified":"2024-03-12T14:23:14","modified_gmt":"2024-03-12T13:23:14","slug":"aprovat-definitivament-el-pressupost-de-lajuntament-de-denia-que-puja-a-747-milions-deuros","status":"publish","type":"post","link":"https:\/\/radiolitoral.com\/ca\/2024\/03\/aprobado-definitivamente-el-presupuesto-del-ayuntamiento-de-denia-que-asciende-a-747-millones-de-euros\/","title":{"rendered":"Aprovat definitivament el pressupost de l&#039;Ajuntament de D\u00e9nia que puja a 74,7 milions d&#039;euros"},"content":{"rendered":"<p>Una vegada transcorregut el per\u00edode d&#039;exposici\u00f3 p\u00fablica, i en no haver-se rebut cap al\u00b7legaci\u00f3, queda aprovat, definitivament, el <strong>pressupost<\/strong> general de l&#039;Ajuntament de D\u00e9nia per a aquest 2024, que <strong>puja a 74,7 milions d&#039;euros<\/strong>. Aquesta planificaci\u00f3 econ\u00f2mica <strong>entra en vigor dimecres 13 de mar\u00e7<\/strong>, despr\u00e9s de la seva publicaci\u00f3, el dimarts dia 12, al BOP, Butllet\u00ed Oficial de la Prov\u00edncia.<\/p>\n<p>En aquest pressupost destaca un augment del\u00a0<strong>13,56% de la despesa real a Inversions<\/strong>, que puja a\u00a0<strong>7.275.290,12 euros<\/strong>; una disminuci\u00f3 dels\u00a0<strong>despeses financeres<\/strong>\u00a0per la\u00a0<strong>amortitzaci\u00f3 anticipada de pr\u00e9stecs<\/strong>\u00a0i una pujada del\u00a0<strong>despesa corrent en b\u00e9ns i serveis<\/strong>\u00a0de prop del\u00a0<strong>40% a causa de la inflaci\u00f3<\/strong>.<\/p>\n<p>Pel que fa al cap\u00edtol de\u00a0<strong>Ingressos<\/strong>, existeix un augment del\u00a0<strong>10,30% a l&#039;ingr\u00e9s previst pel cobrament de l&#039;impost sobre b\u00e9ns immobles (IBI)<\/strong>, que puja a\u00a0<strong>25.532.217,72 euros<\/strong>; i una baixada del\u00a0<strong>14,35% als ingressos procedents de la recaptaci\u00f3 de l&#039;ICIO (Impost sobre Construccions, Instal\u00b7lacions i Obres)<\/strong>\u00a0i del\u00a0<strong>6,19% en concepte de plusv\u00e0lua<\/strong>. El pressupost contempla tamb\u00e9 la previsi\u00f3 d&#039;un\u00a0<strong>fons de conting\u00e8ncia de 724.000 euros<\/strong>\u00a0per fer front al\u00a0<strong>pagament de sent\u00e8ncies urban\u00edstiques anteriors<\/strong>.<\/p>\n<p>Les inversions principals previstes per a aquest exercici s\u00f3n la rehabilitaci\u00f3 de l&#039;edifici de Torrecremada, obra cofinan\u00e7ada per l&#039;Ajuntament de D\u00e9nia i la Generalitat Valenciana que est\u00e0 previst finalitzar aquest any; l&#039;execuci\u00f3 de projectes seleccionats per la ciutadania a les darreres edicions dels Pressupostos Participatius o la reurbanitzaci\u00f3 del carrer Elx i diversos carrers del barri de les Roques, entre d&#039;altres.<\/p>","protected":false},"excerpt":{"rendered":"<p>Una vez transcurrido el periodo de exposici\u00f3n p\u00fablica, y al no haberse recibido alegaci\u00f3n alguna, queda aprobado, definitivamente, el presupuesto general del Ayuntamiento de D\u00e9nia para este 2024, que asciende a 74,7 millones de euros. Esta planificaci\u00f3n econ\u00f3mica entra en vigor el mi\u00e9rcoles 13 de marzo, tras su publicaci\u00f3n, el martes d\u00eda 12, en el [&#8230;]<\/p>\n<p><a class=\"btn btn-secondary understrap-read-more-link\" href=\"https:\/\/radiolitoral.com\/ca\/2024\/03\/aprobado-definitivamente-el-presupuesto-del-ayuntamiento-de-denia-que-asciende-a-747-millones-de-euros\/\">Continua llegint&#8230;<span class=\"screen-reader-text\"> from Aprobado definitivamente el presupuesto del Ayuntamiento de D\u00e9nia que asciende a 74,7 millones de euros<\/span><\/a><\/p>\n","protected":false},"author":13,"featured_media":7377,"comment_status":"open","ping_status":"closed","sticky":false,"template":"","format":"standard","meta":{"_acf_changed":false,"inline_featured_image":false,"footnotes":""},"categories":[861],"tags":[191,976,977,862],"class_list":["post-7376","post","type-post","status-publish","format-standard","has-post-thumbnail","hentry","category-presupuestos","tag-denia","tag-politica-municipal","tag-presupuesto-municipal","tag-presupuestos","cobertura-denia"],"acf":[],"yoast_head":"<!-- This site is optimized with the Yoast SEO plugin v27.5 - https:\/\/yoast.com\/product\/yoast-seo-wordpress\/ -->\n<title>Aprobado definitivamente el presupuesto del Ayuntamiento de D\u00e9nia que asciende a 74,7 millones de euros | R\u00e0dio Litoral<\/title>\n<meta name=\"description\" content=\"Esta planificaci\u00f3n econ\u00f3mica entra en vigor el mi\u00e9rcoles 13 de marzo Esta planificaci\u00f3n econ\u00f3mica entra en vigor el mi\u00e9rcoles 13 de marzo\" \/>\n<meta name=\"robots\" content=\"index, follow, max-snippet:-1, max-image-preview:large, max-video-preview:-1\" \/>\n<link rel=\"canonical\" href=\"https:\/\/radiolitoral.com\/ca\/2024\/03\/aprovat-definitivament-el-pressupost-de-lajuntament-de-denia-que-puja-a-747-milions-deuros\/\" \/>\n<meta property=\"og:locale\" content=\"ca_ES\" \/>\n<meta property=\"og:type\" content=\"article\" \/>\n<meta property=\"og:title\" content=\"Aprobado definitivamente el presupuesto del Ayuntamiento de D\u00e9nia que asciende a 74,7 millones de euros | R\u00e0dio Litoral\" \/>\n<meta property=\"og:description\" content=\"Esta planificaci\u00f3n econ\u00f3mica entra en vigor el mi\u00e9rcoles 13 de marzo Esta planificaci\u00f3n econ\u00f3mica entra en vigor el mi\u00e9rcoles 13 de marzo\" \/>\n<meta property=\"og:url\" content=\"https:\/\/radiolitoral.com\/ca\/2024\/03\/aprovat-definitivament-el-pressupost-de-lajuntament-de-denia-que-puja-a-747-milions-deuros\/\" \/>\n<meta property=\"og:site_name\" content=\"R\u00e0dio Litoral\" \/>\n<meta property=\"article:publisher\" content=\"https:\/\/www.facebook.com\/Laradiolitoral\/\" \/>\n<meta property=\"article:published_time\" content=\"2024-03-12T13:23:14+00:00\" \/>\n<meta property=\"og:image\" content=\"https:\/\/media.radiolitoral.com\/wp-content\/uploads\/2024\/03\/12142250\/Ayuntamiento-de-Denia.jpg\" \/>\n\t<meta property=\"og:image:width\" content=\"1349\" \/>\n\t<meta property=\"og:image:height\" content=\"759\" \/>\n\t<meta property=\"og:image:type\" content=\"image\/jpeg\" \/>\n<meta name=\"author\" content=\"Redacci\u00f3n\" \/>\n<meta name=\"twitter:card\" content=\"summary_large_image\" \/>\n<meta name=\"twitter:label1\" content=\"Escrit per\" \/>\n\t<meta name=\"twitter:data1\" content=\"Redacci\u00f3n\" \/>\n\t<meta name=\"twitter:label2\" content=\"Temps estimat de lectura\" \/>\n\t<meta name=\"twitter:data2\" content=\"2 minuts\" \/>\n<script type=\"application\/ld+json\" class=\"yoast-schema-graph\">{\"@context\":\"https:\\\/\\\/schema.org\",\"@graph\":[{\"@type\":\"NewsArticle\",\"@id\":\"https:\\\/\\\/radiolitoral.com\\\/2024\\\/03\\\/aprobado-definitivamente-el-presupuesto-del-ayuntamiento-de-denia-que-asciende-a-747-millones-de-euros\\\/#article\",\"isPartOf\":{\"@id\":\"https:\\\/\\\/radiolitoral.com\\\/2024\\\/03\\\/aprobado-definitivamente-el-presupuesto-del-ayuntamiento-de-denia-que-asciende-a-747-millones-de-euros\\\/\"},\"author\":{\"name\":\"Redacci\u00f3n\",\"@id\":\"https:\\\/\\\/radiolitoral.com\\\/#\\\/schema\\\/person\\\/f2b2343c49b5d721857cc1002bfdb151\"},\"headline\":\"Aprobado definitivamente el presupuesto del Ayuntamiento de D\u00e9nia que asciende a 74,7 millones de euros\",\"datePublished\":\"2024-03-12T13:23:14+00:00\",\"mainEntityOfPage\":{\"@id\":\"https:\\\/\\\/radiolitoral.com\\\/2024\\\/03\\\/aprobado-definitivamente-el-presupuesto-del-ayuntamiento-de-denia-que-asciende-a-747-millones-de-euros\\\/\"},\"wordCount\":281,\"commentCount\":0,\"publisher\":{\"@id\":\"https:\\\/\\\/radiolitoral.com\\\/#organization\"},\"image\":{\"@id\":\"https:\\\/\\\/radiolitoral.com\\\/2024\\\/03\\\/aprobado-definitivamente-el-presupuesto-del-ayuntamiento-de-denia-que-asciende-a-747-millones-de-euros\\\/#primaryimage\"},\"thumbnailUrl\":\"https:\\\/\\\/media.radiolitoral.com\\\/wp-content\\\/uploads\\\/2024\\\/03\\\/12142250\\\/Ayuntamiento-de-Denia.jpg\",\"keywords\":[\"D\u00e9nia\",\"pol\u00edtica municipal\",\"presupuesto municipal\",\"Presupuestos\"],\"articleSection\":[\"Presupuestos\"],\"inLanguage\":\"ca\",\"potentialAction\":[{\"@type\":\"CommentAction\",\"name\":\"Comment\",\"target\":[\"https:\\\/\\\/radiolitoral.com\\\/2024\\\/03\\\/aprobado-definitivamente-el-presupuesto-del-ayuntamiento-de-denia-que-asciende-a-747-millones-de-euros\\\/#respond\"]}]},{\"@type\":[\"WebPage\",\"ItemPage\"],\"@id\":\"https:\\\/\\\/radiolitoral.com\\\/2024\\\/03\\\/aprobado-definitivamente-el-presupuesto-del-ayuntamiento-de-denia-que-asciende-a-747-millones-de-euros\\\/\",\"url\":\"https:\\\/\\\/radiolitoral.com\\\/2024\\\/03\\\/aprobado-definitivamente-el-presupuesto-del-ayuntamiento-de-denia-que-asciende-a-747-millones-de-euros\\\/\",\"name\":\"Aprobado definitivamente el presupuesto del Ayuntamiento de D\u00e9nia que asciende a 74,7 millones de euros | R\u00e0dio Litoral\",\"isPartOf\":{\"@id\":\"https:\\\/\\\/radiolitoral.com\\\/#website\"},\"primaryImageOfPage\":{\"@id\":\"https:\\\/\\\/radiolitoral.com\\\/2024\\\/03\\\/aprobado-definitivamente-el-presupuesto-del-ayuntamiento-de-denia-que-asciende-a-747-millones-de-euros\\\/#primaryimage\"},\"image\":{\"@id\":\"https:\\\/\\\/radiolitoral.com\\\/2024\\\/03\\\/aprobado-definitivamente-el-presupuesto-del-ayuntamiento-de-denia-que-asciende-a-747-millones-de-euros\\\/#primaryimage\"},\"thumbnailUrl\":\"https:\\\/\\\/media.radiolitoral.com\\\/wp-content\\\/uploads\\\/2024\\\/03\\\/12142250\\\/Ayuntamiento-de-Denia.jpg\",\"datePublished\":\"2024-03-12T13:23:14+00:00\",\"description\":\"Esta planificaci\u00f3n econ\u00f3mica entra en vigor el mi\u00e9rcoles 13 de marzo Esta planificaci\u00f3n econ\u00f3mica entra en vigor el mi\u00e9rcoles 13 de marzo\",\"breadcrumb\":{\"@id\":\"https:\\\/\\\/radiolitoral.com\\\/2024\\\/03\\\/aprobado-definitivamente-el-presupuesto-del-ayuntamiento-de-denia-que-asciende-a-747-millones-de-euros\\\/#breadcrumb\"},\"inLanguage\":\"ca\",\"potentialAction\":[{\"@type\":\"ReadAction\",\"target\":[\"https:\\\/\\\/radiolitoral.com\\\/2024\\\/03\\\/aprobado-definitivamente-el-presupuesto-del-ayuntamiento-de-denia-que-asciende-a-747-millones-de-euros\\\/\"]}]},{\"@type\":\"ImageObject\",\"inLanguage\":\"ca\",\"@id\":\"https:\\\/\\\/radiolitoral.com\\\/2024\\\/03\\\/aprobado-definitivamente-el-presupuesto-del-ayuntamiento-de-denia-que-asciende-a-747-millones-de-euros\\\/#primaryimage\",\"url\":\"https:\\\/\\\/media.radiolitoral.com\\\/wp-content\\\/uploads\\\/2024\\\/03\\\/12142250\\\/Ayuntamiento-de-Denia.jpg\",\"contentUrl\":\"https:\\\/\\\/media.radiolitoral.com\\\/wp-content\\\/uploads\\\/2024\\\/03\\\/12142250\\\/Ayuntamiento-de-Denia.jpg\",\"width\":1349,\"height\":759},{\"@type\":\"BreadcrumbList\",\"@id\":\"https:\\\/\\\/radiolitoral.com\\\/2024\\\/03\\\/aprobado-definitivamente-el-presupuesto-del-ayuntamiento-de-denia-que-asciende-a-747-millones-de-euros\\\/#breadcrumb\",\"itemListElement\":[{\"@type\":\"ListItem\",\"position\":1,\"name\":\"Portada\",\"item\":\"https:\\\/\\\/radiolitoral.com\\\/\"},{\"@type\":\"ListItem\",\"position\":2,\"name\":\"Aprobado definitivamente el presupuesto del Ayuntamiento de D\u00e9nia que asciende a 74,7 millones de euros\"}]},{\"@type\":\"WebSite\",\"@id\":\"https:\\\/\\\/radiolitoral.com\\\/#website\",\"url\":\"https:\\\/\\\/radiolitoral.com\\\/\",\"name\":\"Radio Litoral\",\"description\":\"La radio local de la Marina Alta\",\"publisher\":{\"@id\":\"https:\\\/\\\/radiolitoral.com\\\/#organization\"},\"alternateName\":\"Litoral FM\",\"potentialAction\":[{\"@type\":\"SearchAction\",\"target\":{\"@type\":\"EntryPoint\",\"urlTemplate\":\"https:\\\/\\\/radiolitoral.com\\\/?s={search_term_string}\"},\"query-input\":{\"@type\":\"PropertyValueSpecification\",\"valueRequired\":true,\"valueName\":\"search_term_string\"}}],\"inLanguage\":\"ca\"},{\"@type\":\"Organization\",\"@id\":\"https:\\\/\\\/radiolitoral.com\\\/#organization\",\"name\":\"Radio Litoral\",\"url\":\"https:\\\/\\\/radiolitoral.com\\\/\",\"logo\":{\"@type\":\"ImageObject\",\"inLanguage\":\"ca\",\"@id\":\"https:\\\/\\\/radiolitoral.com\\\/#\\\/schema\\\/logo\\\/image\\\/\",\"url\":\"https:\\\/\\\/media.radiolitoral.com\\\/wp-content\\\/uploads\\\/2023\\\/02\\\/24143238\\\/CL-V-RadioLitoral696.png\",\"contentUrl\":\"https:\\\/\\\/media.radiolitoral.com\\\/wp-content\\\/uploads\\\/2023\\\/02\\\/24143238\\\/CL-V-RadioLitoral696.png\",\"width\":696,\"height\":696,\"caption\":\"Radio Litoral\"},\"image\":{\"@id\":\"https:\\\/\\\/radiolitoral.com\\\/#\\\/schema\\\/logo\\\/image\\\/\"},\"sameAs\":[\"https:\\\/\\\/www.facebook.com\\\/Laradiolitoral\\\/\"]},{\"@type\":\"Person\",\"@id\":\"https:\\\/\\\/radiolitoral.com\\\/#\\\/schema\\\/person\\\/f2b2343c49b5d721857cc1002bfdb151\",\"name\":\"Redacci\u00f3n\",\"image\":{\"@type\":\"ImageObject\",\"inLanguage\":\"ca\",\"@id\":\"https:\\\/\\\/secure.gravatar.com\\\/avatar\\\/f771d896c203ad8b3382d7905cfcce5a5c9b008b84b3cd9114e9b9f4cb63f789?s=96&d=mm&r=g\",\"url\":\"https:\\\/\\\/secure.gravatar.com\\\/avatar\\\/f771d896c203ad8b3382d7905cfcce5a5c9b008b84b3cd9114e9b9f4cb63f789?s=96&d=mm&r=g\",\"contentUrl\":\"https:\\\/\\\/secure.gravatar.com\\\/avatar\\\/f771d896c203ad8b3382d7905cfcce5a5c9b008b84b3cd9114e9b9f4cb63f789?s=96&d=mm&r=g\",\"caption\":\"Redacci\u00f3n\"},\"url\":\"https:\\\/\\\/radiolitoral.com\\\/ca\\\/author\\\/miriam-pagan\\\/\"}]}<\/script>\n<!-- \/ Yoast SEO plugin. -->","yoast_head_json":{"title":"Aprovat definitivament el pressupost de l&#039;Ajuntament de D\u00e9nia que puja a 74,7 milions d&#039;euros | R\u00e0dio Litoral","description":"Aquesta planificaci\u00f3 econ\u00f2mica entra en vigor el dimecres 13 de mar\u00e7 Aquesta planificaci\u00f3 econ\u00f2mica entra en vigor el dimecres 13 de mar\u00e7","robots":{"index":"index","follow":"follow","max-snippet":"max-snippet:-1","max-image-preview":"max-image-preview:large","max-video-preview":"max-video-preview:-1"},"canonical":"https:\/\/radiolitoral.com\/ca\/2024\/03\/aprovat-definitivament-el-pressupost-de-lajuntament-de-denia-que-puja-a-747-milions-deuros\/","og_locale":"ca_ES","og_type":"article","og_title":"Aprobado definitivamente el presupuesto del Ayuntamiento de D\u00e9nia que asciende a 74,7 millones de euros | R\u00e0dio Litoral","og_description":"Esta planificaci\u00f3n econ\u00f3mica entra en vigor el mi\u00e9rcoles 13 de marzo Esta planificaci\u00f3n econ\u00f3mica entra en vigor el mi\u00e9rcoles 13 de marzo","og_url":"https:\/\/radiolitoral.com\/ca\/2024\/03\/aprovat-definitivament-el-pressupost-de-lajuntament-de-denia-que-puja-a-747-milions-deuros\/","og_site_name":"R\u00e0dio Litoral","article_publisher":"https:\/\/www.facebook.com\/Laradiolitoral\/","article_published_time":"2024-03-12T13:23:14+00:00","og_image":[{"width":1349,"height":759,"url":"https:\/\/media.radiolitoral.com\/wp-content\/uploads\/2024\/03\/12142250\/Ayuntamiento-de-Denia.jpg","type":"image\/jpeg"}],"author":"Redacci\u00f3n","twitter_card":"summary_large_image","twitter_misc":{"Escrit per":"Redacci\u00f3n","Temps estimat de lectura":"2 minuts"},"schema":{"@context":"https:\/\/schema.org","@graph":[{"@type":"NewsArticle","@id":"https:\/\/radiolitoral.com\/2024\/03\/aprobado-definitivamente-el-presupuesto-del-ayuntamiento-de-denia-que-asciende-a-747-millones-de-euros\/#article","isPartOf":{"@id":"https:\/\/radiolitoral.com\/2024\/03\/aprobado-definitivamente-el-presupuesto-del-ayuntamiento-de-denia-que-asciende-a-747-millones-de-euros\/"},"author":{"name":"Redacci\u00f3n","@id":"https:\/\/radiolitoral.com\/#\/schema\/person\/f2b2343c49b5d721857cc1002bfdb151"},"headline":"Aprobado definitivamente el presupuesto del Ayuntamiento de D\u00e9nia que asciende a 74,7 millones de euros","datePublished":"2024-03-12T13:23:14+00:00","mainEntityOfPage":{"@id":"https:\/\/radiolitoral.com\/2024\/03\/aprobado-definitivamente-el-presupuesto-del-ayuntamiento-de-denia-que-asciende-a-747-millones-de-euros\/"},"wordCount":281,"commentCount":0,"publisher":{"@id":"https:\/\/radiolitoral.com\/#organization"},"image":{"@id":"https:\/\/radiolitoral.com\/2024\/03\/aprobado-definitivamente-el-presupuesto-del-ayuntamiento-de-denia-que-asciende-a-747-millones-de-euros\/#primaryimage"},"thumbnailUrl":"https:\/\/media.radiolitoral.com\/wp-content\/uploads\/2024\/03\/12142250\/Ayuntamiento-de-Denia.jpg","keywords":["D\u00e9nia","pol\u00edtica municipal","presupuesto municipal","Presupuestos"],"articleSection":["Presupuestos"],"inLanguage":"ca","potentialAction":[{"@type":"CommentAction","name":"Comment","target":["https:\/\/radiolitoral.com\/2024\/03\/aprobado-definitivamente-el-presupuesto-del-ayuntamiento-de-denia-que-asciende-a-747-millones-de-euros\/#respond"]}]},{"@type":["WebPage","ItemPage"],"@id":"https:\/\/radiolitoral.com\/2024\/03\/aprobado-definitivamente-el-presupuesto-del-ayuntamiento-de-denia-que-asciende-a-747-millones-de-euros\/","url":"https:\/\/radiolitoral.com\/2024\/03\/aprobado-definitivamente-el-presupuesto-del-ayuntamiento-de-denia-que-asciende-a-747-millones-de-euros\/","name":"Aprovat definitivament el pressupost de l&#039;Ajuntament de D\u00e9nia que puja a 74,7 milions d&#039;euros | R\u00e0dio Litoral","isPartOf":{"@id":"https:\/\/radiolitoral.com\/#website"},"primaryImageOfPage":{"@id":"https:\/\/radiolitoral.com\/2024\/03\/aprobado-definitivamente-el-presupuesto-del-ayuntamiento-de-denia-que-asciende-a-747-millones-de-euros\/#primaryimage"},"image":{"@id":"https:\/\/radiolitoral.com\/2024\/03\/aprobado-definitivamente-el-presupuesto-del-ayuntamiento-de-denia-que-asciende-a-747-millones-de-euros\/#primaryimage"},"thumbnailUrl":"https:\/\/media.radiolitoral.com\/wp-content\/uploads\/2024\/03\/12142250\/Ayuntamiento-de-Denia.jpg","datePublished":"2024-03-12T13:23:14+00:00","description":"Aquesta planificaci\u00f3 econ\u00f2mica entra en vigor el dimecres 13 de mar\u00e7 Aquesta planificaci\u00f3 econ\u00f2mica entra en vigor el dimecres 13 de mar\u00e7","breadcrumb":{"@id":"https:\/\/radiolitoral.com\/2024\/03\/aprobado-definitivamente-el-presupuesto-del-ayuntamiento-de-denia-que-asciende-a-747-millones-de-euros\/#breadcrumb"},"inLanguage":"ca","potentialAction":[{"@type":"ReadAction","target":["https:\/\/radiolitoral.com\/2024\/03\/aprobado-definitivamente-el-presupuesto-del-ayuntamiento-de-denia-que-asciende-a-747-millones-de-euros\/"]}]},{"@type":"ImageObject","inLanguage":"ca","@id":"https:\/\/radiolitoral.com\/2024\/03\/aprobado-definitivamente-el-presupuesto-del-ayuntamiento-de-denia-que-asciende-a-747-millones-de-euros\/#primaryimage","url":"https:\/\/media.radiolitoral.com\/wp-content\/uploads\/2024\/03\/12142250\/Ayuntamiento-de-Denia.jpg","contentUrl":"https:\/\/media.radiolitoral.com\/wp-content\/uploads\/2024\/03\/12142250\/Ayuntamiento-de-Denia.jpg","width":1349,"height":759},{"@type":"BreadcrumbList","@id":"https:\/\/radiolitoral.com\/2024\/03\/aprobado-definitivamente-el-presupuesto-del-ayuntamiento-de-denia-que-asciende-a-747-millones-de-euros\/#breadcrumb","itemListElement":[{"@type":"ListItem","position":1,"name":"Portada","item":"https:\/\/radiolitoral.com\/"},{"@type":"ListItem","position":2,"name":"Aprobado definitivamente el presupuesto del Ayuntamiento de D\u00e9nia que asciende a 74,7 millones de euros"}]},{"@type":"WebSite","@id":"https:\/\/radiolitoral.com\/#website","url":"https:\/\/radiolitoral.com\/","name":"R\u00e0dio Litoral","description":"La r\u00e0dio local de la Marina Alta","publisher":{"@id":"https:\/\/radiolitoral.com\/#organization"},"alternateName":"Litoral FM","potentialAction":[{"@type":"SearchAction","target":{"@type":"EntryPoint","urlTemplate":"https:\/\/radiolitoral.com\/?s={search_term_string}"},"query-input":{"@type":"PropertyValueSpecification","valueRequired":true,"valueName":"search_term_string"}}],"inLanguage":"ca"},{"@type":"Organization","@id":"https:\/\/radiolitoral.com\/#organization","name":"R\u00e0dio Litoral","url":"https:\/\/radiolitoral.com\/","logo":{"@type":"ImageObject","inLanguage":"ca","@id":"https:\/\/radiolitoral.com\/#\/schema\/logo\/image\/","url":"https:\/\/media.radiolitoral.com\/wp-content\/uploads\/2023\/02\/24143238\/CL-V-RadioLitoral696.png","contentUrl":"https:\/\/media.radiolitoral.com\/wp-content\/uploads\/2023\/02\/24143238\/CL-V-RadioLitoral696.png","width":696,"height":696,"caption":"Radio Litoral"},"image":{"@id":"https:\/\/radiolitoral.com\/#\/schema\/logo\/image\/"},"sameAs":["https:\/\/www.facebook.com\/Laradiolitoral\/"]},{"@type":"Person","@id":"https:\/\/radiolitoral.com\/#\/schema\/person\/f2b2343c49b5d721857cc1002bfdb151","name":"Redacci\u00f3","image":{"@type":"ImageObject","inLanguage":"ca","@id":"https:\/\/secure.gravatar.com\/avatar\/f771d896c203ad8b3382d7905cfcce5a5c9b008b84b3cd9114e9b9f4cb63f789?s=96&d=mm&r=g","url":"https:\/\/secure.gravatar.com\/avatar\/f771d896c203ad8b3382d7905cfcce5a5c9b008b84b3cd9114e9b9f4cb63f789?s=96&d=mm&r=g","contentUrl":"https:\/\/secure.gravatar.com\/avatar\/f771d896c203ad8b3382d7905cfcce5a5c9b008b84b3cd9114e9b9f4cb63f789?s=96&d=mm&r=g","caption":"Redacci\u00f3n"},"url":"https:\/\/radiolitoral.com\/ca\/author\/miriam-pagan\/"}]}},"_links":{"self":[{"href":"https:\/\/radiolitoral.com\/ca\/wp-json\/wp\/v2\/posts\/7376","targetHints":{"allow":["GET"]}}],"collection":[{"href":"https:\/\/radiolitoral.com\/ca\/wp-json\/wp\/v2\/posts"}],"about":[{"href":"https:\/\/radiolitoral.com\/ca\/wp-json\/wp\/v2\/types\/post"}],"author":[{"embeddable":true,"href":"https:\/\/radiolitoral.com\/ca\/wp-json\/wp\/v2\/users\/13"}],"replies":[{"embeddable":true,"href":"https:\/\/radiolitoral.com\/ca\/wp-json\/wp\/v2\/comments?post=7376"}],"version-history":[{"count":1,"href":"https:\/\/radiolitoral.com\/ca\/wp-json\/wp\/v2\/posts\/7376\/revisions"}],"predecessor-version":[{"id":7378,"href":"https:\/\/radiolitoral.com\/ca\/wp-json\/wp\/v2\/posts\/7376\/revisions\/7378"}],"wp:featuredmedia":[{"embeddable":true,"href":"https:\/\/radiolitoral.com\/ca\/wp-json\/wp\/v2\/media\/7377"}],"wp:attachment":[{"href":"https:\/\/radiolitoral.com\/ca\/wp-json\/wp\/v2\/media?parent=7376"}],"wp:term":[{"taxonomy":"category","embeddable":true,"href":"https:\/\/radiolitoral.com\/ca\/wp-json\/wp\/v2\/categories?post=7376"},{"taxonomy":"post_tag","embeddable":true,"href":"https:\/\/radiolitoral.com\/ca\/wp-json\/wp\/v2\/tags?post=7376"}],"curies":[{"name":"wp","href":"https:\/\/api.w.org\/{rel}","templated":true}]}}