{"id":7330,"date":"2024-03-12T10:36:06","date_gmt":"2024-03-12T09:36:06","guid":{"rendered":"https:\/\/radiolitoral.com\/?p=7330"},"modified":"2024-03-12T10:36:06","modified_gmt":"2024-03-12T09:36:06","slug":"crucial-triomf-del-denia-bc-davant-el-cd-moixent-71-58","status":"publish","type":"post","link":"https:\/\/radiolitoral.com\/ca\/2024\/03\/crucial-triunfo-del-denia-bc-ante-el-cd-moixent-71-58\/","title":{"rendered":"Crucial triomf del D\u00e9nia BC davant el CD Moixent (71-58)"},"content":{"rendered":"<div class=\"flex-1 overflow-hidden\">\n<div class=\"react-scroll-to-bottom--css-wcacy-79elbk h-full\">\n<div class=\"react-scroll-to-bottom--css-wcacy-1n7m0yu\">\n<div class=\"flex flex-col text-sm pb-9\">\n<div class=\"w-full text-token-text-primary\" data-testid=\"conversation-turn-3\">\n<div class=\"px-4 py-2 justify-center text-base md:gap-6 m-auto\">\n<div class=\"flex flex-1 text-base mx-auto gap-3 md:px-5 lg:px-1 xl:px-5 md:max-w-3xl lg:max-w-[40rem] xl:max-w-[48rem] group final-completion\">\n<div class=\"relative flex w-full flex-col agent-turn\">\n<div class=\"flex-col gap-1 md:gap-3\">\n<div class=\"flex flex-grow flex-col max-w-full\">\n<div class=\"min-h-[20px] text-message flex flex-col items-start gap-3 whitespace-pre-wrap break-words [.text-message+&amp;]:mt-5 overflow-x-auto\" data-message-author-role=\"assistant\" data-message-id=\"9140d3dd-3dc7-416a-812e-a55a5624aa8b\">\n<div class=\"markdown prose w-full break-words dark:prose-invert light\">\n<p>En una jornada crucial para las aspiraciones de ascenso, el <strong>D\u00e9nia B\u00e1squet SUMA<\/strong> demostr\u00f3 su fuerza y determinaci\u00f3n al vencer al <strong>CD Moixent<\/strong> por un marcador de <strong>71-58<\/strong>. Bajo la direcci\u00f3n de <strong>Eduardo Clavero<\/strong>, el equipo valenciano exhibi\u00f3 una impresionante forma f\u00edsica y t\u00e1ctica, crucial para sus ambiciones en la recta final de la temporada. Este enfrentamiento era m\u00e1s que un simple partido; era una batalla por mantenerse en la lucha por un lugar en las eliminatorias de ascenso a <strong>Liga EBA<\/strong>, donde solo los ocho mejores equipos tienen cabida.<\/p>\n<p>La victoria sobre Moixent no solo permite al D\u00e9nia B\u00e1squet adelantarse en la clasificaci\u00f3n, sino tambi\u00e9n mantener el paso con los equipos que les preceden en la tabla. Una derrota, en cambio, habr\u00eda complicado sus aspiraciones, empuj\u00e1ndolos a una lucha intensa por asegurar su posici\u00f3n entre los ocho primeros hasta el \u00faltimo momento de la primera fase.<\/p>\n<p>El partido arranc\u00f3 de manera ideal para los locales, quienes desde el principio pusieron un fuerte \u00e9nfasis en la defensa, mientras que en ataque las jugadas flu\u00edan con naturalidad. Esta combinaci\u00f3n les otorg\u00f3 una ventaja considerable frente a un Moixent que hist\u00f3ricamente se ha mostrado como un rival complicado. Al final del primer periodo, D\u00e9nia ya lideraba por doce puntos (18-06), evidenciando su dominio temprano en el juego.<\/p>\n<p>Sin embargo, la formaci\u00f3n valenciana no se dio por vencida f\u00e1cilmente. Reaccion\u00f3 aumentando la presi\u00f3n, lo que provoc\u00f3 que D\u00e9nia acumulara faltas y permiti\u00f3 a los visitantes mejorar su efectividad en tiros de larga distancia, recortando la ventaja a solo seis puntos al medio tiempo (34-28).<\/p>\n<p>El tercer cuarto fue clave para los anfitriones, quienes supieron manejar con inteligencia el problema de las faltas y volvieron a imponer su juego en ambos extremos de la cancha. Esto les permiti\u00f3 despegarse en el marcador hasta alcanzar una ventaja de dieciocho puntos (53-35), dejando poco espacio para la reacci\u00f3n de su adversario.<\/p>\n<p>Aunque el resultado parec\u00eda sellado, Moixent intent\u00f3 una \u00faltima embestida, acerc\u00e1ndose a diez puntos con dos minutos restantes. Esto oblig\u00f3 al D\u00e9nia B\u00e1squet a no bajar la guardia y mantenerse concentrados hasta el sonido final, asegurando una victoria que los acerca a su objetivo de ascenso.<\/p>\n<p>Este triunfo no solo subraya la solidez de D\u00e9nia en momentos decisivos, sino que tambi\u00e9n resalta su capacidad para enfrentar y superar adversidades, perfil\u00e1ndose como un serio contendiente para el ascenso. Con el final de la temporada regular en el horizonte, el equipo se posiciona en un lugar prometedor, listo para alcanzar sus metas y desafiar los l\u00edmites de su potencial.<\/p>\n<\/div>\n<\/div>\n<\/div>\n<div class=\"mt-1 flex justify-start gap-3 empty:hidden\">\n<div class=\"text-gray-400 flex self-end lg:self-center items-center justify-center lg:justify-start mt-0 -ml-1 h-7 gap-[2px] visible\">\n<div class=\"flex items-center gap-1.5 text-xs\"><\/div>\n<\/div>\n<\/div>\n<div class=\"pr-2 lg:pr-0\"><\/div>\n<\/div>\n<div class=\"absolute\">\n<div class=\"flex w-full gap-2 items-center justify-center\"><\/div>\n<\/div>\n<\/div>\n<\/div>\n<\/div>\n<\/div>\n<\/div>\n<\/div>\n<\/div>\n<\/div>\n<div class=\"w-full pt-2 md:pt-0 dark:border-white\/20 md:border-transparent md:dark:border-transparent md:w-[calc(100%-.5rem)]\">\n<form class=\"stretch mx-2 flex flex-row gap-3 last:mb-2 md:mx-4 md:last:mb-6 lg:mx-auto lg:max-w-2xl xl:max-w-3xl\">\n<div class=\"relative flex h-full flex-1 flex-col\">\n<div class=\"flex w-full items-center\"><\/div>\n<\/div>\n<\/form>\n<\/div>\n","protected":false},"excerpt":{"rendered":"<p>En una jornada crucial para las aspiraciones de ascenso, el D\u00e9nia B\u00e1squet SUMA demostr\u00f3 su fuerza y determinaci\u00f3n al vencer al CD Moixent por un marcador de 71-58. Bajo la direcci\u00f3n de Eduardo Clavero, el equipo valenciano exhibi\u00f3 una impresionante forma f\u00edsica y t\u00e1ctica, crucial para sus ambiciones en la recta final de la temporada. [&#8230;]<\/p>\n<p><a class=\"btn btn-secondary understrap-read-more-link\" href=\"https:\/\/radiolitoral.com\/ca\/2024\/03\/crucial-triunfo-del-denia-bc-ante-el-cd-moixent-71-58\/\">Continua llegint&#8230;<span class=\"screen-reader-text\"> from Crucial triunfo del D\u00e9nia BC ante el CD Moixent (71-58)<\/span><\/a><\/p>\n","protected":false},"author":12,"featured_media":7332,"comment_status":"open","ping_status":"closed","sticky":false,"template":"","format":"standard","meta":{"_acf_changed":false,"inline_featured_image":false,"footnotes":""},"categories":[5],"tags":[964,963,6,965,966],"class_list":["post-7330","post","type-post","status-publish","format-standard","has-post-thumbnail","hentry","category-deportes","tag-cd-moixent","tag-denia-basquet-suma","tag-deportes","tag-eduardo-clavero","tag-liga-eba","cobertura-denia"],"acf":[],"yoast_head":"<!-- This site is optimized with the Yoast SEO plugin v27.5 - https:\/\/yoast.com\/product\/yoast-seo-wordpress\/ -->\n<title>Crucial triunfo del D\u00e9nia BC ante el CD Moixent (71-58) | R\u00e0dio Litoral<\/title>\n<meta name=\"description\" content=\"La victoria mantiene intactas las posibilidades dianenses por estar en la fase de ascenso La victoria mantiene intactas las posibilidades dianenses por estar en la fase de ascenso\" \/>\n<meta name=\"robots\" content=\"index, follow, max-snippet:-1, max-image-preview:large, max-video-preview:-1\" \/>\n<link rel=\"canonical\" href=\"https:\/\/radiolitoral.com\/ca\/2024\/03\/crucial-triomf-del-denia-bc-davant-el-cd-moixent-71-58\/\" \/>\n<meta property=\"og:locale\" content=\"ca_ES\" \/>\n<meta property=\"og:type\" content=\"article\" \/>\n<meta property=\"og:title\" content=\"Crucial triunfo del D\u00e9nia BC ante el CD Moixent (71-58) | R\u00e0dio Litoral\" \/>\n<meta property=\"og:description\" content=\"La victoria mantiene intactas las posibilidades dianenses por estar en la fase de ascenso La victoria mantiene intactas las posibilidades dianenses por estar en la fase de ascenso\" \/>\n<meta property=\"og:url\" content=\"https:\/\/radiolitoral.com\/ca\/2024\/03\/crucial-triomf-del-denia-bc-davant-el-cd-moixent-71-58\/\" \/>\n<meta property=\"og:site_name\" content=\"R\u00e0dio Litoral\" \/>\n<meta property=\"article:publisher\" content=\"https:\/\/www.facebook.com\/Laradiolitoral\/\" \/>\n<meta property=\"article:published_time\" content=\"2024-03-12T09:36:06+00:00\" \/>\n<meta property=\"og:image\" content=\"https:\/\/media.radiolitoral.com\/wp-content\/uploads\/2024\/03\/12103438\/DBC-SENIOR-MASCULINO-NACIONAL-PIERDE-EN-ALBUBASKET.jpg\" \/>\n\t<meta property=\"og:image:width\" content=\"2000\" \/>\n\t<meta property=\"og:image:height\" content=\"1333\" \/>\n\t<meta property=\"og:image:type\" content=\"image\/jpeg\" \/>\n<meta name=\"author\" content=\"Javier Zamora\" \/>\n<meta name=\"twitter:card\" content=\"summary_large_image\" \/>\n<meta name=\"twitter:label1\" content=\"Escrit per\" \/>\n\t<meta name=\"twitter:data1\" content=\"Javier Zamora\" \/>\n\t<meta name=\"twitter:label2\" content=\"Temps estimat de lectura\" \/>\n\t<meta name=\"twitter:data2\" content=\"3 minuts\" \/>\n<script type=\"application\/ld+json\" class=\"yoast-schema-graph\">{\"@context\":\"https:\\\/\\\/schema.org\",\"@graph\":[{\"@type\":\"NewsArticle\",\"@id\":\"https:\\\/\\\/radiolitoral.com\\\/2024\\\/03\\\/crucial-triunfo-del-denia-bc-ante-el-cd-moixent-71-58\\\/#article\",\"isPartOf\":{\"@id\":\"https:\\\/\\\/radiolitoral.com\\\/2024\\\/03\\\/crucial-triunfo-del-denia-bc-ante-el-cd-moixent-71-58\\\/\"},\"author\":{\"name\":\"Javier Zamora\",\"@id\":\"https:\\\/\\\/radiolitoral.com\\\/#\\\/schema\\\/person\\\/7b1480b5caeb5acdd4ec6379caf62b22\"},\"headline\":\"Crucial triunfo del D\u00e9nia BC ante el CD Moixent (71-58)\",\"datePublished\":\"2024-03-12T09:36:06+00:00\",\"mainEntityOfPage\":{\"@id\":\"https:\\\/\\\/radiolitoral.com\\\/2024\\\/03\\\/crucial-triunfo-del-denia-bc-ante-el-cd-moixent-71-58\\\/\"},\"wordCount\":464,\"commentCount\":0,\"publisher\":{\"@id\":\"https:\\\/\\\/radiolitoral.com\\\/#organization\"},\"image\":{\"@id\":\"https:\\\/\\\/radiolitoral.com\\\/2024\\\/03\\\/crucial-triunfo-del-denia-bc-ante-el-cd-moixent-71-58\\\/#primaryimage\"},\"thumbnailUrl\":\"https:\\\/\\\/media.radiolitoral.com\\\/wp-content\\\/uploads\\\/2024\\\/03\\\/12103438\\\/DBC-SENIOR-MASCULINO-NACIONAL-PIERDE-EN-ALBUBASKET.jpg\",\"keywords\":[\"CD Moixent\",\"D\u00e9nia B\u00e1squet SUMA\",\"deportes\",\"Eduardo Clavero\",\"Liga EBA\"],\"articleSection\":[\"Deportes\"],\"inLanguage\":\"ca\",\"potentialAction\":[{\"@type\":\"CommentAction\",\"name\":\"Comment\",\"target\":[\"https:\\\/\\\/radiolitoral.com\\\/2024\\\/03\\\/crucial-triunfo-del-denia-bc-ante-el-cd-moixent-71-58\\\/#respond\"]}]},{\"@type\":[\"WebPage\",\"ItemPage\"],\"@id\":\"https:\\\/\\\/radiolitoral.com\\\/2024\\\/03\\\/crucial-triunfo-del-denia-bc-ante-el-cd-moixent-71-58\\\/\",\"url\":\"https:\\\/\\\/radiolitoral.com\\\/2024\\\/03\\\/crucial-triunfo-del-denia-bc-ante-el-cd-moixent-71-58\\\/\",\"name\":\"Crucial triunfo del D\u00e9nia BC ante el CD Moixent (71-58) | R\u00e0dio Litoral\",\"isPartOf\":{\"@id\":\"https:\\\/\\\/radiolitoral.com\\\/#website\"},\"primaryImageOfPage\":{\"@id\":\"https:\\\/\\\/radiolitoral.com\\\/2024\\\/03\\\/crucial-triunfo-del-denia-bc-ante-el-cd-moixent-71-58\\\/#primaryimage\"},\"image\":{\"@id\":\"https:\\\/\\\/radiolitoral.com\\\/2024\\\/03\\\/crucial-triunfo-del-denia-bc-ante-el-cd-moixent-71-58\\\/#primaryimage\"},\"thumbnailUrl\":\"https:\\\/\\\/media.radiolitoral.com\\\/wp-content\\\/uploads\\\/2024\\\/03\\\/12103438\\\/DBC-SENIOR-MASCULINO-NACIONAL-PIERDE-EN-ALBUBASKET.jpg\",\"datePublished\":\"2024-03-12T09:36:06+00:00\",\"description\":\"La victoria mantiene intactas las posibilidades dianenses por estar en la fase de ascenso La victoria mantiene intactas las posibilidades dianenses por estar en la fase de ascenso\",\"breadcrumb\":{\"@id\":\"https:\\\/\\\/radiolitoral.com\\\/2024\\\/03\\\/crucial-triunfo-del-denia-bc-ante-el-cd-moixent-71-58\\\/#breadcrumb\"},\"inLanguage\":\"ca\",\"potentialAction\":[{\"@type\":\"ReadAction\",\"target\":[\"https:\\\/\\\/radiolitoral.com\\\/2024\\\/03\\\/crucial-triunfo-del-denia-bc-ante-el-cd-moixent-71-58\\\/\"]}]},{\"@type\":\"ImageObject\",\"inLanguage\":\"ca\",\"@id\":\"https:\\\/\\\/radiolitoral.com\\\/2024\\\/03\\\/crucial-triunfo-del-denia-bc-ante-el-cd-moixent-71-58\\\/#primaryimage\",\"url\":\"https:\\\/\\\/media.radiolitoral.com\\\/wp-content\\\/uploads\\\/2024\\\/03\\\/12103438\\\/DBC-SENIOR-MASCULINO-NACIONAL-PIERDE-EN-ALBUBASKET.jpg\",\"contentUrl\":\"https:\\\/\\\/media.radiolitoral.com\\\/wp-content\\\/uploads\\\/2024\\\/03\\\/12103438\\\/DBC-SENIOR-MASCULINO-NACIONAL-PIERDE-EN-ALBUBASKET.jpg\",\"width\":2000,\"height\":1333},{\"@type\":\"BreadcrumbList\",\"@id\":\"https:\\\/\\\/radiolitoral.com\\\/2024\\\/03\\\/crucial-triunfo-del-denia-bc-ante-el-cd-moixent-71-58\\\/#breadcrumb\",\"itemListElement\":[{\"@type\":\"ListItem\",\"position\":1,\"name\":\"Portada\",\"item\":\"https:\\\/\\\/radiolitoral.com\\\/\"},{\"@type\":\"ListItem\",\"position\":2,\"name\":\"Crucial triunfo del D\u00e9nia BC ante el CD Moixent (71-58)\"}]},{\"@type\":\"WebSite\",\"@id\":\"https:\\\/\\\/radiolitoral.com\\\/#website\",\"url\":\"https:\\\/\\\/radiolitoral.com\\\/\",\"name\":\"Radio Litoral\",\"description\":\"La radio local de la Marina Alta\",\"publisher\":{\"@id\":\"https:\\\/\\\/radiolitoral.com\\\/#organization\"},\"alternateName\":\"Litoral FM\",\"potentialAction\":[{\"@type\":\"SearchAction\",\"target\":{\"@type\":\"EntryPoint\",\"urlTemplate\":\"https:\\\/\\\/radiolitoral.com\\\/?s={search_term_string}\"},\"query-input\":{\"@type\":\"PropertyValueSpecification\",\"valueRequired\":true,\"valueName\":\"search_term_string\"}}],\"inLanguage\":\"ca\"},{\"@type\":\"Organization\",\"@id\":\"https:\\\/\\\/radiolitoral.com\\\/#organization\",\"name\":\"Radio Litoral\",\"url\":\"https:\\\/\\\/radiolitoral.com\\\/\",\"logo\":{\"@type\":\"ImageObject\",\"inLanguage\":\"ca\",\"@id\":\"https:\\\/\\\/radiolitoral.com\\\/#\\\/schema\\\/logo\\\/image\\\/\",\"url\":\"https:\\\/\\\/media.radiolitoral.com\\\/wp-content\\\/uploads\\\/2023\\\/02\\\/24143238\\\/CL-V-RadioLitoral696.png\",\"contentUrl\":\"https:\\\/\\\/media.radiolitoral.com\\\/wp-content\\\/uploads\\\/2023\\\/02\\\/24143238\\\/CL-V-RadioLitoral696.png\",\"width\":696,\"height\":696,\"caption\":\"Radio Litoral\"},\"image\":{\"@id\":\"https:\\\/\\\/radiolitoral.com\\\/#\\\/schema\\\/logo\\\/image\\\/\"},\"sameAs\":[\"https:\\\/\\\/www.facebook.com\\\/Laradiolitoral\\\/\"]},{\"@type\":\"Person\",\"@id\":\"https:\\\/\\\/radiolitoral.com\\\/#\\\/schema\\\/person\\\/7b1480b5caeb5acdd4ec6379caf62b22\",\"name\":\"Javier Zamora\",\"image\":{\"@type\":\"ImageObject\",\"inLanguage\":\"ca\",\"@id\":\"https:\\\/\\\/secure.gravatar.com\\\/avatar\\\/467a11f6918c7d619c4043fc6fa2d3853053107973f05b6e9c04ea6c4e3a7b3f?s=96&d=mm&r=g\",\"url\":\"https:\\\/\\\/secure.gravatar.com\\\/avatar\\\/467a11f6918c7d619c4043fc6fa2d3853053107973f05b6e9c04ea6c4e3a7b3f?s=96&d=mm&r=g\",\"contentUrl\":\"https:\\\/\\\/secure.gravatar.com\\\/avatar\\\/467a11f6918c7d619c4043fc6fa2d3853053107973f05b6e9c04ea6c4e3a7b3f?s=96&d=mm&r=g\",\"caption\":\"Javier Zamora\"},\"url\":\"https:\\\/\\\/radiolitoral.com\\\/ca\\\/author\\\/javier-zamora\\\/\"}]}<\/script>\n<!-- \/ Yoast SEO plugin. -->","yoast_head_json":{"title":"Crucial triomf del D\u00e9nia BC davant el CD Moixent (71-58) | R\u00e0dio Litoral","description":"La vict\u00f2ria mant\u00e9 intactes les possibilitats dianenques per estar a la fase d&#039;ascens La vict\u00f2ria mant\u00e9 intactes les possibilitats dianenques per estar a la fase d&#039;ascens","robots":{"index":"index","follow":"follow","max-snippet":"max-snippet:-1","max-image-preview":"max-image-preview:large","max-video-preview":"max-video-preview:-1"},"canonical":"https:\/\/radiolitoral.com\/ca\/2024\/03\/crucial-triomf-del-denia-bc-davant-el-cd-moixent-71-58\/","og_locale":"ca_ES","og_type":"article","og_title":"Crucial triunfo del D\u00e9nia BC ante el CD Moixent (71-58) | R\u00e0dio Litoral","og_description":"La victoria mantiene intactas las posibilidades dianenses por estar en la fase de ascenso La victoria mantiene intactas las posibilidades dianenses por estar en la fase de ascenso","og_url":"https:\/\/radiolitoral.com\/ca\/2024\/03\/crucial-triomf-del-denia-bc-davant-el-cd-moixent-71-58\/","og_site_name":"R\u00e0dio Litoral","article_publisher":"https:\/\/www.facebook.com\/Laradiolitoral\/","article_published_time":"2024-03-12T09:36:06+00:00","og_image":[{"width":2000,"height":1333,"url":"https:\/\/media.radiolitoral.com\/wp-content\/uploads\/2024\/03\/12103438\/DBC-SENIOR-MASCULINO-NACIONAL-PIERDE-EN-ALBUBASKET.jpg","type":"image\/jpeg"}],"author":"Javier Zamora","twitter_card":"summary_large_image","twitter_misc":{"Escrit per":"Javier Zamora","Temps estimat de lectura":"3 minuts"},"schema":{"@context":"https:\/\/schema.org","@graph":[{"@type":"NewsArticle","@id":"https:\/\/radiolitoral.com\/2024\/03\/crucial-triunfo-del-denia-bc-ante-el-cd-moixent-71-58\/#article","isPartOf":{"@id":"https:\/\/radiolitoral.com\/2024\/03\/crucial-triunfo-del-denia-bc-ante-el-cd-moixent-71-58\/"},"author":{"name":"Javier Zamora","@id":"https:\/\/radiolitoral.com\/#\/schema\/person\/7b1480b5caeb5acdd4ec6379caf62b22"},"headline":"Crucial triunfo del D\u00e9nia BC ante el CD Moixent (71-58)","datePublished":"2024-03-12T09:36:06+00:00","mainEntityOfPage":{"@id":"https:\/\/radiolitoral.com\/2024\/03\/crucial-triunfo-del-denia-bc-ante-el-cd-moixent-71-58\/"},"wordCount":464,"commentCount":0,"publisher":{"@id":"https:\/\/radiolitoral.com\/#organization"},"image":{"@id":"https:\/\/radiolitoral.com\/2024\/03\/crucial-triunfo-del-denia-bc-ante-el-cd-moixent-71-58\/#primaryimage"},"thumbnailUrl":"https:\/\/media.radiolitoral.com\/wp-content\/uploads\/2024\/03\/12103438\/DBC-SENIOR-MASCULINO-NACIONAL-PIERDE-EN-ALBUBASKET.jpg","keywords":["CD Moixent","D\u00e9nia B\u00e1squet SUMA","deportes","Eduardo Clavero","Liga EBA"],"articleSection":["Deportes"],"inLanguage":"ca","potentialAction":[{"@type":"CommentAction","name":"Comment","target":["https:\/\/radiolitoral.com\/2024\/03\/crucial-triunfo-del-denia-bc-ante-el-cd-moixent-71-58\/#respond"]}]},{"@type":["WebPage","ItemPage"],"@id":"https:\/\/radiolitoral.com\/2024\/03\/crucial-triunfo-del-denia-bc-ante-el-cd-moixent-71-58\/","url":"https:\/\/radiolitoral.com\/2024\/03\/crucial-triunfo-del-denia-bc-ante-el-cd-moixent-71-58\/","name":"Crucial triomf del D\u00e9nia BC davant el CD Moixent (71-58) | R\u00e0dio Litoral","isPartOf":{"@id":"https:\/\/radiolitoral.com\/#website"},"primaryImageOfPage":{"@id":"https:\/\/radiolitoral.com\/2024\/03\/crucial-triunfo-del-denia-bc-ante-el-cd-moixent-71-58\/#primaryimage"},"image":{"@id":"https:\/\/radiolitoral.com\/2024\/03\/crucial-triunfo-del-denia-bc-ante-el-cd-moixent-71-58\/#primaryimage"},"thumbnailUrl":"https:\/\/media.radiolitoral.com\/wp-content\/uploads\/2024\/03\/12103438\/DBC-SENIOR-MASCULINO-NACIONAL-PIERDE-EN-ALBUBASKET.jpg","datePublished":"2024-03-12T09:36:06+00:00","description":"La vict\u00f2ria mant\u00e9 intactes les possibilitats dianenques per estar a la fase d&#039;ascens La vict\u00f2ria mant\u00e9 intactes les possibilitats dianenques per estar a la fase d&#039;ascens","breadcrumb":{"@id":"https:\/\/radiolitoral.com\/2024\/03\/crucial-triunfo-del-denia-bc-ante-el-cd-moixent-71-58\/#breadcrumb"},"inLanguage":"ca","potentialAction":[{"@type":"ReadAction","target":["https:\/\/radiolitoral.com\/2024\/03\/crucial-triunfo-del-denia-bc-ante-el-cd-moixent-71-58\/"]}]},{"@type":"ImageObject","inLanguage":"ca","@id":"https:\/\/radiolitoral.com\/2024\/03\/crucial-triunfo-del-denia-bc-ante-el-cd-moixent-71-58\/#primaryimage","url":"https:\/\/media.radiolitoral.com\/wp-content\/uploads\/2024\/03\/12103438\/DBC-SENIOR-MASCULINO-NACIONAL-PIERDE-EN-ALBUBASKET.jpg","contentUrl":"https:\/\/media.radiolitoral.com\/wp-content\/uploads\/2024\/03\/12103438\/DBC-SENIOR-MASCULINO-NACIONAL-PIERDE-EN-ALBUBASKET.jpg","width":2000,"height":1333},{"@type":"BreadcrumbList","@id":"https:\/\/radiolitoral.com\/2024\/03\/crucial-triunfo-del-denia-bc-ante-el-cd-moixent-71-58\/#breadcrumb","itemListElement":[{"@type":"ListItem","position":1,"name":"Portada","item":"https:\/\/radiolitoral.com\/"},{"@type":"ListItem","position":2,"name":"Crucial triunfo del D\u00e9nia BC ante el CD Moixent (71-58)"}]},{"@type":"WebSite","@id":"https:\/\/radiolitoral.com\/#website","url":"https:\/\/radiolitoral.com\/","name":"R\u00e0dio Litoral","description":"La r\u00e0dio local de la Marina Alta","publisher":{"@id":"https:\/\/radiolitoral.com\/#organization"},"alternateName":"Litoral FM","potentialAction":[{"@type":"SearchAction","target":{"@type":"EntryPoint","urlTemplate":"https:\/\/radiolitoral.com\/?s={search_term_string}"},"query-input":{"@type":"PropertyValueSpecification","valueRequired":true,"valueName":"search_term_string"}}],"inLanguage":"ca"},{"@type":"Organization","@id":"https:\/\/radiolitoral.com\/#organization","name":"R\u00e0dio Litoral","url":"https:\/\/radiolitoral.com\/","logo":{"@type":"ImageObject","inLanguage":"ca","@id":"https:\/\/radiolitoral.com\/#\/schema\/logo\/image\/","url":"https:\/\/media.radiolitoral.com\/wp-content\/uploads\/2023\/02\/24143238\/CL-V-RadioLitoral696.png","contentUrl":"https:\/\/media.radiolitoral.com\/wp-content\/uploads\/2023\/02\/24143238\/CL-V-RadioLitoral696.png","width":696,"height":696,"caption":"Radio Litoral"},"image":{"@id":"https:\/\/radiolitoral.com\/#\/schema\/logo\/image\/"},"sameAs":["https:\/\/www.facebook.com\/Laradiolitoral\/"]},{"@type":"Person","@id":"https:\/\/radiolitoral.com\/#\/schema\/person\/7b1480b5caeb5acdd4ec6379caf62b22","name":"Javier Zamora","image":{"@type":"ImageObject","inLanguage":"ca","@id":"https:\/\/secure.gravatar.com\/avatar\/467a11f6918c7d619c4043fc6fa2d3853053107973f05b6e9c04ea6c4e3a7b3f?s=96&d=mm&r=g","url":"https:\/\/secure.gravatar.com\/avatar\/467a11f6918c7d619c4043fc6fa2d3853053107973f05b6e9c04ea6c4e3a7b3f?s=96&d=mm&r=g","contentUrl":"https:\/\/secure.gravatar.com\/avatar\/467a11f6918c7d619c4043fc6fa2d3853053107973f05b6e9c04ea6c4e3a7b3f?s=96&d=mm&r=g","caption":"Javier Zamora"},"url":"https:\/\/radiolitoral.com\/ca\/author\/javier-zamora\/"}]}},"_links":{"self":[{"href":"https:\/\/radiolitoral.com\/ca\/wp-json\/wp\/v2\/posts\/7330","targetHints":{"allow":["GET"]}}],"collection":[{"href":"https:\/\/radiolitoral.com\/ca\/wp-json\/wp\/v2\/posts"}],"about":[{"href":"https:\/\/radiolitoral.com\/ca\/wp-json\/wp\/v2\/types\/post"}],"author":[{"embeddable":true,"href":"https:\/\/radiolitoral.com\/ca\/wp-json\/wp\/v2\/users\/12"}],"replies":[{"embeddable":true,"href":"https:\/\/radiolitoral.com\/ca\/wp-json\/wp\/v2\/comments?post=7330"}],"version-history":[{"count":2,"href":"https:\/\/radiolitoral.com\/ca\/wp-json\/wp\/v2\/posts\/7330\/revisions"}],"predecessor-version":[{"id":7334,"href":"https:\/\/radiolitoral.com\/ca\/wp-json\/wp\/v2\/posts\/7330\/revisions\/7334"}],"wp:featuredmedia":[{"embeddable":true,"href":"https:\/\/radiolitoral.com\/ca\/wp-json\/wp\/v2\/media\/7332"}],"wp:attachment":[{"href":"https:\/\/radiolitoral.com\/ca\/wp-json\/wp\/v2\/media?parent=7330"}],"wp:term":[{"taxonomy":"category","embeddable":true,"href":"https:\/\/radiolitoral.com\/ca\/wp-json\/wp\/v2\/categories?post=7330"},{"taxonomy":"post_tag","embeddable":true,"href":"https:\/\/radiolitoral.com\/ca\/wp-json\/wp\/v2\/tags?post=7330"}],"curies":[{"name":"wp","href":"https:\/\/api.w.org\/{rel}","templated":true}]}}