{"id":7261,"date":"2024-03-11T11:57:33","date_gmt":"2024-03-11T10:57:33","guid":{"rendered":"https:\/\/radiolitoral.com\/?p=7261"},"modified":"2024-03-11T11:57:33","modified_gmt":"2024-03-11T10:57:33","slug":"mocio-xabia-sector-agricola-ramader","status":"publish","type":"post","link":"https:\/\/radiolitoral.com\/ca\/2024\/03\/mocion-xabia-sector-agricola-ganadero\/","title":{"rendered":"El ple de l&#039;Ajuntament de X\u00e0bia s&#039;uneix per recolzar el sector agrari i ramader"},"content":{"rendered":"<p>L&#039;Ajuntament de X\u00e0bia ha aprovat una <strong>moci\u00f3 de suport al sector agrari i ramader<\/strong>. La decisi\u00f3, amb un <strong>respatller majoritari<\/strong>, reflecteix la necessitat de prendre mesures a nivell local, nacional i europeu per impulsar aquestes activitats fonamentals.<\/p>\n<p>La moci\u00f3, aprovada amb el suport del govern local i de Comprom\u00eds, ressalta la <strong>urg\u00e8ncia de reduir els impostos<\/strong> sobre el combustible, millorar els preus dels productes agr\u00edcoles i flexibilitzar la normativa mediambiental de la UE. A m\u00e9s, s\u201fha determinat la redacci\u00f3 d\u201fun pla estrat\u00e8gic local en mat\u00e8ria d\u201fagricultura, pesca i alimentaci\u00f3.<\/p>\n<p>L&#039;acord tamb\u00e9 insta el Govern central a <strong>garantir la lliure circulaci\u00f3<\/strong> mercaderies ia promoure la prohibici\u00f3 d&#039;importar productes tractats amb fitosanitaris no autoritzats a la UE. Se sol\u00b7licita un refor\u00e7ament dels controls sanitaris a les fronteres per prevenir l&#039;entrada de plagues i malalties que podrien perjudicar el sector.<\/p>\n<p>A <strong>nivell nacional<\/strong>, es demana la modificaci\u00f3 i ampliaci\u00f3 de la Llei de la Cadena Agroaliment\u00e0ria per prohibir pr\u00e0ctiques deslleials i assegurar que els preus cobreixin els costos de producci\u00f3. S&#039;urgeix a flexibilitzar i simplificar la Pol\u00edtica Agr\u00e0ria Comuna (PAC) ia augmentar l&#039;aportaci\u00f3 en mat\u00e8ria d&#039;assegurances agr\u00e0ries per part del Govern central.<\/p>\n<p>Al<strong> \u00e0mbit local<\/strong>, es recolza el control cineg\u00e8tic per evitar danys a l&#039;agricultura i la ramaderia, es promou la voluntarietat a l&#039;aplicaci\u00f3 de la Llei de Benestar Animal i se sol\u00b7licita inversi\u00f3 en la modernitzaci\u00f3 del regadiu i obres hidr\u00e0uliques.<\/p>\n<p>Despr\u00e9s de l&#039;aprovaci\u00f3 d&#039;aquesta moci\u00f3, l&#039;alcaldessa de X\u00e0bia, <strong>Rosa Cardona<\/strong>, ha rem\u00e8s l&#039;acord al Govern central ia les associacions agr\u00edcoles, ramaderes i agroaliment\u00e0ries de la prov\u00edncia d&#039;Alacant i el Pa\u00eds Valenci\u00e0.<\/p>","protected":false},"excerpt":{"rendered":"<p>El Ayuntamiento de X\u00e0bia ha aprobado una moci\u00f3n de apoyo al sector agrario y ganadero. La decisi\u00f3n, con un respaldo mayoritario, refleja la necesidad de tomar medidas a nivel local, nacional y europeo para impulsar estas actividades fundamentales. La moci\u00f3n, aprobada con el apoyo del gobierno local y de Comprom\u00eds, resalta la urgencia de reducir [&#8230;]<\/p>\n<p><a class=\"btn btn-secondary understrap-read-more-link\" href=\"https:\/\/radiolitoral.com\/ca\/2024\/03\/mocion-xabia-sector-agricola-ganadero\/\">Continua llegint&#8230;<span class=\"screen-reader-text\"> from El pleno del Ayuntamiento de X\u00e0bia se une para respaldar al sector agrario y ganadero<\/span><\/a><\/p>\n","protected":false},"author":11,"featured_media":7266,"comment_status":"open","ping_status":"closed","sticky":false,"template":"","format":"standard","meta":{"_acf_changed":false,"inline_featured_image":false,"footnotes":""},"categories":[859],"tags":[930,929,931],"class_list":["post-7261","post","type-post","status-publish","format-standard","has-post-thumbnail","hentry","category-agricultura-2","tag-ayuntamientoxabia","tag-mocion","tag-sectoragricola","cobertura-xabia"],"acf":[],"yoast_head":"<!-- This site is optimized with the Yoast SEO plugin v27.5 - https:\/\/yoast.com\/product\/yoast-seo-wordpress\/ -->\n<title>El pleno del Ayuntamiento de X\u00e0bia se une para respaldar al sector agrario y ganadero | R\u00e0dio Litoral<\/title>\n<meta name=\"description\" content=\"La decisi\u00f3n refleja la necesidad de tomar medidas en defensa del sector primario\" \/>\n<meta name=\"robots\" content=\"index, follow, max-snippet:-1, max-image-preview:large, max-video-preview:-1\" \/>\n<link rel=\"canonical\" href=\"https:\/\/radiolitoral.com\/ca\/2024\/03\/mocio-xabia-sector-agricola-ramader\/\" \/>\n<meta property=\"og:locale\" content=\"ca_ES\" \/>\n<meta property=\"og:type\" content=\"article\" \/>\n<meta property=\"og:title\" content=\"El pleno del Ayuntamiento de X\u00e0bia se une para respaldar al sector agrario y ganadero | R\u00e0dio Litoral\" \/>\n<meta property=\"og:description\" content=\"La decisi\u00f3n refleja la necesidad de tomar medidas en defensa del sector primario\" \/>\n<meta property=\"og:url\" content=\"https:\/\/radiolitoral.com\/ca\/2024\/03\/mocio-xabia-sector-agricola-ramader\/\" \/>\n<meta property=\"og:site_name\" content=\"R\u00e0dio Litoral\" \/>\n<meta property=\"article:publisher\" content=\"https:\/\/www.facebook.com\/Laradiolitoral\/\" \/>\n<meta property=\"article:published_time\" content=\"2024-03-11T10:57:33+00:00\" \/>\n<meta property=\"og:image\" content=\"https:\/\/media.radiolitoral.com\/wp-content\/uploads\/2024\/03\/11104606\/AytoXabia_AlcaldiaPlenoEnero2.jpg\" \/>\n\t<meta property=\"og:image:width\" content=\"1816\" \/>\n\t<meta property=\"og:image:height\" content=\"1152\" \/>\n\t<meta property=\"og:image:type\" content=\"image\/jpeg\" \/>\n<meta name=\"author\" content=\"Redacci\u00f3n\" \/>\n<meta name=\"twitter:card\" content=\"summary_large_image\" \/>\n<meta name=\"twitter:label1\" content=\"Escrit per\" \/>\n\t<meta name=\"twitter:data1\" content=\"Redacci\u00f3n\" \/>\n\t<meta name=\"twitter:label2\" content=\"Temps estimat de lectura\" \/>\n\t<meta name=\"twitter:data2\" content=\"2 minuts\" \/>\n<script type=\"application\/ld+json\" class=\"yoast-schema-graph\">{\"@context\":\"https:\\\/\\\/schema.org\",\"@graph\":[{\"@type\":\"NewsArticle\",\"@id\":\"https:\\\/\\\/radiolitoral.com\\\/2024\\\/03\\\/mocion-xabia-sector-agricola-ganadero\\\/#article\",\"isPartOf\":{\"@id\":\"https:\\\/\\\/radiolitoral.com\\\/2024\\\/03\\\/mocion-xabia-sector-agricola-ganadero\\\/\"},\"author\":{\"name\":\"Redacci\u00f3n\",\"@id\":\"https:\\\/\\\/radiolitoral.com\\\/#\\\/schema\\\/person\\\/aaadc9e35663a92bd94a05f5816f296d\"},\"headline\":\"El pleno del Ayuntamiento de X\u00e0bia se une para respaldar al sector agrario y ganadero\",\"datePublished\":\"2024-03-11T10:57:33+00:00\",\"mainEntityOfPage\":{\"@id\":\"https:\\\/\\\/radiolitoral.com\\\/2024\\\/03\\\/mocion-xabia-sector-agricola-ganadero\\\/\"},\"wordCount\":332,\"commentCount\":0,\"publisher\":{\"@id\":\"https:\\\/\\\/radiolitoral.com\\\/#organization\"},\"image\":{\"@id\":\"https:\\\/\\\/radiolitoral.com\\\/2024\\\/03\\\/mocion-xabia-sector-agricola-ganadero\\\/#primaryimage\"},\"thumbnailUrl\":\"https:\\\/\\\/media.radiolitoral.com\\\/wp-content\\\/uploads\\\/2024\\\/03\\\/11104606\\\/AytoXabia_AlcaldiaPlenoEnero2.jpg\",\"keywords\":[\"AyuntamientoX\u00e0bia\",\"Moci\u00f3n\",\"SectorAgr\u00edcola\"],\"articleSection\":[\"Agricultura\"],\"inLanguage\":\"ca\",\"potentialAction\":[{\"@type\":\"CommentAction\",\"name\":\"Comment\",\"target\":[\"https:\\\/\\\/radiolitoral.com\\\/2024\\\/03\\\/mocion-xabia-sector-agricola-ganadero\\\/#respond\"]}]},{\"@type\":[\"WebPage\",\"ItemPage\"],\"@id\":\"https:\\\/\\\/radiolitoral.com\\\/2024\\\/03\\\/mocion-xabia-sector-agricola-ganadero\\\/\",\"url\":\"https:\\\/\\\/radiolitoral.com\\\/2024\\\/03\\\/mocion-xabia-sector-agricola-ganadero\\\/\",\"name\":\"El pleno del Ayuntamiento de X\u00e0bia se une para respaldar al sector agrario y ganadero | R\u00e0dio Litoral\",\"isPartOf\":{\"@id\":\"https:\\\/\\\/radiolitoral.com\\\/#website\"},\"primaryImageOfPage\":{\"@id\":\"https:\\\/\\\/radiolitoral.com\\\/2024\\\/03\\\/mocion-xabia-sector-agricola-ganadero\\\/#primaryimage\"},\"image\":{\"@id\":\"https:\\\/\\\/radiolitoral.com\\\/2024\\\/03\\\/mocion-xabia-sector-agricola-ganadero\\\/#primaryimage\"},\"thumbnailUrl\":\"https:\\\/\\\/media.radiolitoral.com\\\/wp-content\\\/uploads\\\/2024\\\/03\\\/11104606\\\/AytoXabia_AlcaldiaPlenoEnero2.jpg\",\"datePublished\":\"2024-03-11T10:57:33+00:00\",\"description\":\"La decisi\u00f3n refleja la necesidad de tomar medidas en defensa del sector primario\",\"breadcrumb\":{\"@id\":\"https:\\\/\\\/radiolitoral.com\\\/2024\\\/03\\\/mocion-xabia-sector-agricola-ganadero\\\/#breadcrumb\"},\"inLanguage\":\"ca\",\"potentialAction\":[{\"@type\":\"ReadAction\",\"target\":[\"https:\\\/\\\/radiolitoral.com\\\/2024\\\/03\\\/mocion-xabia-sector-agricola-ganadero\\\/\"]}]},{\"@type\":\"ImageObject\",\"inLanguage\":\"ca\",\"@id\":\"https:\\\/\\\/radiolitoral.com\\\/2024\\\/03\\\/mocion-xabia-sector-agricola-ganadero\\\/#primaryimage\",\"url\":\"https:\\\/\\\/media.radiolitoral.com\\\/wp-content\\\/uploads\\\/2024\\\/03\\\/11104606\\\/AytoXabia_AlcaldiaPlenoEnero2.jpg\",\"contentUrl\":\"https:\\\/\\\/media.radiolitoral.com\\\/wp-content\\\/uploads\\\/2024\\\/03\\\/11104606\\\/AytoXabia_AlcaldiaPlenoEnero2.jpg\",\"width\":1816,\"height\":1152,\"caption\":\"Pleno X\u00e0bia | Ayuntamiento de X\u00e0bia\"},{\"@type\":\"BreadcrumbList\",\"@id\":\"https:\\\/\\\/radiolitoral.com\\\/2024\\\/03\\\/mocion-xabia-sector-agricola-ganadero\\\/#breadcrumb\",\"itemListElement\":[{\"@type\":\"ListItem\",\"position\":1,\"name\":\"Portada\",\"item\":\"https:\\\/\\\/radiolitoral.com\\\/\"},{\"@type\":\"ListItem\",\"position\":2,\"name\":\"El pleno del Ayuntamiento de X\u00e0bia se une para respaldar al sector agrario y ganadero\"}]},{\"@type\":\"WebSite\",\"@id\":\"https:\\\/\\\/radiolitoral.com\\\/#website\",\"url\":\"https:\\\/\\\/radiolitoral.com\\\/\",\"name\":\"Radio Litoral\",\"description\":\"La radio local de la Marina Alta\",\"publisher\":{\"@id\":\"https:\\\/\\\/radiolitoral.com\\\/#organization\"},\"alternateName\":\"Litoral FM\",\"potentialAction\":[{\"@type\":\"SearchAction\",\"target\":{\"@type\":\"EntryPoint\",\"urlTemplate\":\"https:\\\/\\\/radiolitoral.com\\\/?s={search_term_string}\"},\"query-input\":{\"@type\":\"PropertyValueSpecification\",\"valueRequired\":true,\"valueName\":\"search_term_string\"}}],\"inLanguage\":\"ca\"},{\"@type\":\"Organization\",\"@id\":\"https:\\\/\\\/radiolitoral.com\\\/#organization\",\"name\":\"Radio Litoral\",\"url\":\"https:\\\/\\\/radiolitoral.com\\\/\",\"logo\":{\"@type\":\"ImageObject\",\"inLanguage\":\"ca\",\"@id\":\"https:\\\/\\\/radiolitoral.com\\\/#\\\/schema\\\/logo\\\/image\\\/\",\"url\":\"https:\\\/\\\/media.radiolitoral.com\\\/wp-content\\\/uploads\\\/2023\\\/02\\\/24143238\\\/CL-V-RadioLitoral696.png\",\"contentUrl\":\"https:\\\/\\\/media.radiolitoral.com\\\/wp-content\\\/uploads\\\/2023\\\/02\\\/24143238\\\/CL-V-RadioLitoral696.png\",\"width\":696,\"height\":696,\"caption\":\"Radio Litoral\"},\"image\":{\"@id\":\"https:\\\/\\\/radiolitoral.com\\\/#\\\/schema\\\/logo\\\/image\\\/\"},\"sameAs\":[\"https:\\\/\\\/www.facebook.com\\\/Laradiolitoral\\\/\"]},{\"@type\":\"Person\",\"@id\":\"https:\\\/\\\/radiolitoral.com\\\/#\\\/schema\\\/person\\\/aaadc9e35663a92bd94a05f5816f296d\",\"name\":\"Redacci\u00f3n\",\"image\":{\"@type\":\"ImageObject\",\"inLanguage\":\"ca\",\"@id\":\"https:\\\/\\\/secure.gravatar.com\\\/avatar\\\/e4e253cf49afb8c76a2aca487577f1ff5c098c82b3cf2b0a85f03f83dcb96c31?s=96&d=mm&r=g\",\"url\":\"https:\\\/\\\/secure.gravatar.com\\\/avatar\\\/e4e253cf49afb8c76a2aca487577f1ff5c098c82b3cf2b0a85f03f83dcb96c31?s=96&d=mm&r=g\",\"contentUrl\":\"https:\\\/\\\/secure.gravatar.com\\\/avatar\\\/e4e253cf49afb8c76a2aca487577f1ff5c098c82b3cf2b0a85f03f83dcb96c31?s=96&d=mm&r=g\",\"caption\":\"Redacci\u00f3n\"},\"url\":\"https:\\\/\\\/radiolitoral.com\\\/ca\\\/author\\\/alba-alborch\\\/\"}]}<\/script>\n<!-- \/ Yoast SEO plugin. -->","yoast_head_json":{"title":"El ple de l&#039;Ajuntament de X\u00e0bia s&#039;uneix per recolzar el sector agrari i el ramader | R\u00e0dio Litoral","description":"La decisi\u00f3 reflecteix la necessitat de prendre mesures en defensa del sector primari","robots":{"index":"index","follow":"follow","max-snippet":"max-snippet:-1","max-image-preview":"max-image-preview:large","max-video-preview":"max-video-preview:-1"},"canonical":"https:\/\/radiolitoral.com\/ca\/2024\/03\/mocio-xabia-sector-agricola-ramader\/","og_locale":"ca_ES","og_type":"article","og_title":"El pleno del Ayuntamiento de X\u00e0bia se une para respaldar al sector agrario y ganadero | R\u00e0dio Litoral","og_description":"La decisi\u00f3n refleja la necesidad de tomar medidas en defensa del sector primario","og_url":"https:\/\/radiolitoral.com\/ca\/2024\/03\/mocio-xabia-sector-agricola-ramader\/","og_site_name":"R\u00e0dio Litoral","article_publisher":"https:\/\/www.facebook.com\/Laradiolitoral\/","article_published_time":"2024-03-11T10:57:33+00:00","og_image":[{"width":1816,"height":1152,"url":"https:\/\/media.radiolitoral.com\/wp-content\/uploads\/2024\/03\/11104606\/AytoXabia_AlcaldiaPlenoEnero2.jpg","type":"image\/jpeg"}],"author":"Redacci\u00f3n","twitter_card":"summary_large_image","twitter_misc":{"Escrit per":"Redacci\u00f3n","Temps estimat de lectura":"2 minuts"},"schema":{"@context":"https:\/\/schema.org","@graph":[{"@type":"NewsArticle","@id":"https:\/\/radiolitoral.com\/2024\/03\/mocion-xabia-sector-agricola-ganadero\/#article","isPartOf":{"@id":"https:\/\/radiolitoral.com\/2024\/03\/mocion-xabia-sector-agricola-ganadero\/"},"author":{"name":"Redacci\u00f3n","@id":"https:\/\/radiolitoral.com\/#\/schema\/person\/aaadc9e35663a92bd94a05f5816f296d"},"headline":"El pleno del Ayuntamiento de X\u00e0bia se une para respaldar al sector agrario y ganadero","datePublished":"2024-03-11T10:57:33+00:00","mainEntityOfPage":{"@id":"https:\/\/radiolitoral.com\/2024\/03\/mocion-xabia-sector-agricola-ganadero\/"},"wordCount":332,"commentCount":0,"publisher":{"@id":"https:\/\/radiolitoral.com\/#organization"},"image":{"@id":"https:\/\/radiolitoral.com\/2024\/03\/mocion-xabia-sector-agricola-ganadero\/#primaryimage"},"thumbnailUrl":"https:\/\/media.radiolitoral.com\/wp-content\/uploads\/2024\/03\/11104606\/AytoXabia_AlcaldiaPlenoEnero2.jpg","keywords":["AyuntamientoX\u00e0bia","Moci\u00f3n","SectorAgr\u00edcola"],"articleSection":["Agricultura"],"inLanguage":"ca","potentialAction":[{"@type":"CommentAction","name":"Comment","target":["https:\/\/radiolitoral.com\/2024\/03\/mocion-xabia-sector-agricola-ganadero\/#respond"]}]},{"@type":["WebPage","ItemPage"],"@id":"https:\/\/radiolitoral.com\/2024\/03\/mocion-xabia-sector-agricola-ganadero\/","url":"https:\/\/radiolitoral.com\/2024\/03\/mocion-xabia-sector-agricola-ganadero\/","name":"El ple de l&#039;Ajuntament de X\u00e0bia s&#039;uneix per recolzar el sector agrari i el ramader | R\u00e0dio Litoral","isPartOf":{"@id":"https:\/\/radiolitoral.com\/#website"},"primaryImageOfPage":{"@id":"https:\/\/radiolitoral.com\/2024\/03\/mocion-xabia-sector-agricola-ganadero\/#primaryimage"},"image":{"@id":"https:\/\/radiolitoral.com\/2024\/03\/mocion-xabia-sector-agricola-ganadero\/#primaryimage"},"thumbnailUrl":"https:\/\/media.radiolitoral.com\/wp-content\/uploads\/2024\/03\/11104606\/AytoXabia_AlcaldiaPlenoEnero2.jpg","datePublished":"2024-03-11T10:57:33+00:00","description":"La decisi\u00f3 reflecteix la necessitat de prendre mesures en defensa del sector primari","breadcrumb":{"@id":"https:\/\/radiolitoral.com\/2024\/03\/mocion-xabia-sector-agricola-ganadero\/#breadcrumb"},"inLanguage":"ca","potentialAction":[{"@type":"ReadAction","target":["https:\/\/radiolitoral.com\/2024\/03\/mocion-xabia-sector-agricola-ganadero\/"]}]},{"@type":"ImageObject","inLanguage":"ca","@id":"https:\/\/radiolitoral.com\/2024\/03\/mocion-xabia-sector-agricola-ganadero\/#primaryimage","url":"https:\/\/media.radiolitoral.com\/wp-content\/uploads\/2024\/03\/11104606\/AytoXabia_AlcaldiaPlenoEnero2.jpg","contentUrl":"https:\/\/media.radiolitoral.com\/wp-content\/uploads\/2024\/03\/11104606\/AytoXabia_AlcaldiaPlenoEnero2.jpg","width":1816,"height":1152,"caption":"Pleno X\u00e0bia | Ayuntamiento de X\u00e0bia"},{"@type":"BreadcrumbList","@id":"https:\/\/radiolitoral.com\/2024\/03\/mocion-xabia-sector-agricola-ganadero\/#breadcrumb","itemListElement":[{"@type":"ListItem","position":1,"name":"Portada","item":"https:\/\/radiolitoral.com\/"},{"@type":"ListItem","position":2,"name":"El pleno del Ayuntamiento de X\u00e0bia se une para respaldar al sector agrario y ganadero"}]},{"@type":"WebSite","@id":"https:\/\/radiolitoral.com\/#website","url":"https:\/\/radiolitoral.com\/","name":"R\u00e0dio Litoral","description":"La r\u00e0dio local de la Marina Alta","publisher":{"@id":"https:\/\/radiolitoral.com\/#organization"},"alternateName":"Litoral FM","potentialAction":[{"@type":"SearchAction","target":{"@type":"EntryPoint","urlTemplate":"https:\/\/radiolitoral.com\/?s={search_term_string}"},"query-input":{"@type":"PropertyValueSpecification","valueRequired":true,"valueName":"search_term_string"}}],"inLanguage":"ca"},{"@type":"Organization","@id":"https:\/\/radiolitoral.com\/#organization","name":"R\u00e0dio Litoral","url":"https:\/\/radiolitoral.com\/","logo":{"@type":"ImageObject","inLanguage":"ca","@id":"https:\/\/radiolitoral.com\/#\/schema\/logo\/image\/","url":"https:\/\/media.radiolitoral.com\/wp-content\/uploads\/2023\/02\/24143238\/CL-V-RadioLitoral696.png","contentUrl":"https:\/\/media.radiolitoral.com\/wp-content\/uploads\/2023\/02\/24143238\/CL-V-RadioLitoral696.png","width":696,"height":696,"caption":"Radio Litoral"},"image":{"@id":"https:\/\/radiolitoral.com\/#\/schema\/logo\/image\/"},"sameAs":["https:\/\/www.facebook.com\/Laradiolitoral\/"]},{"@type":"Person","@id":"https:\/\/radiolitoral.com\/#\/schema\/person\/aaadc9e35663a92bd94a05f5816f296d","name":"Redacci\u00f3","image":{"@type":"ImageObject","inLanguage":"ca","@id":"https:\/\/secure.gravatar.com\/avatar\/e4e253cf49afb8c76a2aca487577f1ff5c098c82b3cf2b0a85f03f83dcb96c31?s=96&d=mm&r=g","url":"https:\/\/secure.gravatar.com\/avatar\/e4e253cf49afb8c76a2aca487577f1ff5c098c82b3cf2b0a85f03f83dcb96c31?s=96&d=mm&r=g","contentUrl":"https:\/\/secure.gravatar.com\/avatar\/e4e253cf49afb8c76a2aca487577f1ff5c098c82b3cf2b0a85f03f83dcb96c31?s=96&d=mm&r=g","caption":"Redacci\u00f3n"},"url":"https:\/\/radiolitoral.com\/ca\/author\/alba-alborch\/"}]}},"_links":{"self":[{"href":"https:\/\/radiolitoral.com\/ca\/wp-json\/wp\/v2\/posts\/7261","targetHints":{"allow":["GET"]}}],"collection":[{"href":"https:\/\/radiolitoral.com\/ca\/wp-json\/wp\/v2\/posts"}],"about":[{"href":"https:\/\/radiolitoral.com\/ca\/wp-json\/wp\/v2\/types\/post"}],"author":[{"embeddable":true,"href":"https:\/\/radiolitoral.com\/ca\/wp-json\/wp\/v2\/users\/11"}],"replies":[{"embeddable":true,"href":"https:\/\/radiolitoral.com\/ca\/wp-json\/wp\/v2\/comments?post=7261"}],"version-history":[{"count":2,"href":"https:\/\/radiolitoral.com\/ca\/wp-json\/wp\/v2\/posts\/7261\/revisions"}],"predecessor-version":[{"id":7273,"href":"https:\/\/radiolitoral.com\/ca\/wp-json\/wp\/v2\/posts\/7261\/revisions\/7273"}],"wp:featuredmedia":[{"embeddable":true,"href":"https:\/\/radiolitoral.com\/ca\/wp-json\/wp\/v2\/media\/7266"}],"wp:attachment":[{"href":"https:\/\/radiolitoral.com\/ca\/wp-json\/wp\/v2\/media?parent=7261"}],"wp:term":[{"taxonomy":"category","embeddable":true,"href":"https:\/\/radiolitoral.com\/ca\/wp-json\/wp\/v2\/categories?post=7261"},{"taxonomy":"post_tag","embeddable":true,"href":"https:\/\/radiolitoral.com\/ca\/wp-json\/wp\/v2\/tags?post=7261"}],"curies":[{"name":"wp","href":"https:\/\/api.w.org\/{rel}","templated":true}]}}