{"id":7218,"date":"2024-03-08T12:48:28","date_gmt":"2024-03-08T11:48:28","guid":{"rendered":"https:\/\/radiolitoral.com\/?p=7218"},"modified":"2024-03-08T12:48:28","modified_gmt":"2024-03-08T11:48:28","slug":"tractorada-reivindicativa-a-la-marina-alta","status":"publish","type":"post","link":"https:\/\/radiolitoral.com\/ca\/2024\/03\/tractorada-reivindicativa-en-la-marina-alta\/","title":{"rendered":"Tractorada reivindicativa a la Marina Alta"},"content":{"rendered":"<p>Agricultors, ramaders, apicultors i pescadors de la <strong>Marina Alta<\/strong> portaran a terme, dem\u00e0 dissabte, 9 de mar\u00e7, una <strong>protesta davant la deficient situaci\u00f3 en qu\u00e8 es troba el sector primari.<\/strong> Una <strong>tractorada<\/strong> que prendr\u00e0 com a punt de trobada el p\u00e0rquing del Manuel Bru de <strong>Benissa<\/strong>. A les 9 del mat\u00ed. Des d&#039;aqu\u00ed tots els vehicles que se sumin a la protesta ocuparan la carretera en direcci\u00f3 a <strong>D\u00e9nia<\/strong>.<\/p>\n<p>Aix\u00ed ho han anunciat a trav\u00e9s de les xarxes socials els promotors i els seguidors d&#039;aquesta mobilitzaci\u00f3, que segons indiquen compta amb tots els permisos pertinents.<\/p>\n<p>Amb aquesta convocat\u00f2ria, igual que les que es fan per tot el pa\u00eds, els treballadors del camp i la mar, pretenen posar de manifest les dificultats a qu\u00e8 s&#039;enfronten, la manca de rendibilitat d&#039;un sector b\u00e0sic, i el risc en l&#039;aband\u00f3 de les explotacions. Demanen preus justos per a les seves produccions, reduir la burocr\u00e0cia i els impostos, m\u00e9s ajudes i rebaixar les exig\u00e8ncies de la pol\u00edtica agr\u00e0ria comuna.<\/p>\n<p>Un dels suports m\u00e9s medi\u00e0tics que s&#039;uniran a aquesta tractorada \u00e9s <strong>Juanvi \u201cEl Palleter\u201d.<\/strong><\/p>\n<audio class=\"wp-audio-shortcode\" id=\"audio-7218-1\" preload=\"none\" style=\"width: 100%;\" controls=\"controls\"><source type=\"audio\/mpeg\" src=\"https:\/\/media.radiolitoral.com\/wp-content\/uploads\/2024\/03\/08124241\/Juanvi-Palleter-Tractorada.mp3?_=1\" \/><a href=\"https:\/\/media.radiolitoral.com\/wp-content\/uploads\/2024\/03\/08124241\/Juanvi-Palleter-Tractorada.mp3\">https:\/\/media.radiolitoral.com\/wp-content\/uploads\/2024\/03\/08124241\/Juanvi-Palleter-Tractorada.mp3<\/a><\/audio>\n<p><strong>\u00a0<\/strong><\/p>\n<p><strong>\u00a0<\/strong><\/p>","protected":false},"excerpt":{"rendered":"<p>Agricultores, ganaderos, apicultores y pescadores de la Marina Alta llevar\u00e1n a cabo, ma\u00f1ana s\u00e1bado, 9 de marzo, una protesta frente a la deficiente situaci\u00f3n en la que se encuentra el sector primario. Una tractorada que tomar\u00e1 como punto de encuentro el parking del Manuel Bru de Benissa. A las 9 de la ma\u00f1ana. Desde ah\u00ed [&#8230;]<\/p>\n<p><a class=\"btn btn-secondary understrap-read-more-link\" href=\"https:\/\/radiolitoral.com\/ca\/2024\/03\/tractorada-reivindicativa-en-la-marina-alta\/\">Continua llegint&#8230;<span class=\"screen-reader-text\"> from Tractorada reivindicativa en la Marina Alta<\/span><\/a><\/p>\n","protected":false},"author":13,"featured_media":7220,"comment_status":"open","ping_status":"closed","sticky":false,"template":"","format":"standard","meta":{"_acf_changed":false,"inline_featured_image":false,"footnotes":""},"categories":[859,853],"tags":[],"class_list":["post-7218","post","type-post","status-publish","format-standard","has-post-thumbnail","hentry","category-agricultura-2","category-movilizaciones","cobertura-benissa","cobertura-denia","cobertura-marina-alta"],"acf":[],"yoast_head":"<!-- This site is optimized with the Yoast SEO plugin v27.5 - https:\/\/yoast.com\/product\/yoast-seo-wordpress\/ -->\n<title>Tractorada reivindicativa en la Marina Alta | R\u00e0dio Litoral<\/title>\n<meta name=\"description\" content=\"Convocada una movilizaci\u00f3n de agricultores, ganaderos y pescadores para ma\u00f1ana s\u00e1bado 9 de marzo desde Benissa hasta Denia\" \/>\n<meta name=\"robots\" content=\"index, follow, max-snippet:-1, max-image-preview:large, max-video-preview:-1\" \/>\n<link rel=\"canonical\" href=\"https:\/\/radiolitoral.com\/ca\/2024\/03\/tractorada-reivindicativa-a-la-marina-alta\/\" \/>\n<meta property=\"og:locale\" content=\"ca_ES\" \/>\n<meta property=\"og:type\" content=\"article\" \/>\n<meta property=\"og:title\" content=\"Tractorada reivindicativa en la Marina Alta | R\u00e0dio Litoral\" \/>\n<meta property=\"og:description\" content=\"Convocada una movilizaci\u00f3n de agricultores, ganaderos y pescadores para ma\u00f1ana s\u00e1bado 9 de marzo desde Benissa hasta Denia\" \/>\n<meta property=\"og:url\" content=\"https:\/\/radiolitoral.com\/ca\/2024\/03\/tractorada-reivindicativa-a-la-marina-alta\/\" \/>\n<meta property=\"og:site_name\" content=\"R\u00e0dio Litoral\" \/>\n<meta property=\"article:publisher\" content=\"https:\/\/www.facebook.com\/Laradiolitoral\/\" \/>\n<meta property=\"article:published_time\" content=\"2024-03-08T11:48:28+00:00\" \/>\n<meta property=\"og:image\" content=\"https:\/\/media.radiolitoral.com\/wp-content\/uploads\/2024\/03\/08124620\/Movilizacion-sector-agrario-en-Benissa.-Archivo-scaled-e1709898453896.jpg\" \/>\n\t<meta property=\"og:image:width\" content=\"1706\" \/>\n\t<meta property=\"og:image:height\" content=\"1305\" \/>\n\t<meta property=\"og:image:type\" content=\"image\/jpeg\" \/>\n<meta name=\"author\" content=\"Redacci\u00f3n\" \/>\n<meta name=\"twitter:card\" content=\"summary_large_image\" \/>\n<meta name=\"twitter:label1\" content=\"Escrit per\" \/>\n\t<meta name=\"twitter:data1\" content=\"Redacci\u00f3n\" \/>\n\t<meta name=\"twitter:label2\" content=\"Temps estimat de lectura\" \/>\n\t<meta name=\"twitter:data2\" content=\"2 minuts\" \/>\n<script type=\"application\/ld+json\" class=\"yoast-schema-graph\">{\"@context\":\"https:\\\/\\\/schema.org\",\"@graph\":[{\"@type\":\"NewsArticle\",\"@id\":\"https:\\\/\\\/radiolitoral.com\\\/2024\\\/03\\\/tractorada-reivindicativa-en-la-marina-alta\\\/#article\",\"isPartOf\":{\"@id\":\"https:\\\/\\\/radiolitoral.com\\\/2024\\\/03\\\/tractorada-reivindicativa-en-la-marina-alta\\\/\"},\"author\":{\"name\":\"Redacci\u00f3n\",\"@id\":\"https:\\\/\\\/radiolitoral.com\\\/#\\\/schema\\\/person\\\/f2b2343c49b5d721857cc1002bfdb151\"},\"headline\":\"Tractorada reivindicativa en la Marina Alta\",\"datePublished\":\"2024-03-08T11:48:28+00:00\",\"mainEntityOfPage\":{\"@id\":\"https:\\\/\\\/radiolitoral.com\\\/2024\\\/03\\\/tractorada-reivindicativa-en-la-marina-alta\\\/\"},\"wordCount\":220,\"commentCount\":0,\"publisher\":{\"@id\":\"https:\\\/\\\/radiolitoral.com\\\/#organization\"},\"image\":{\"@id\":\"https:\\\/\\\/radiolitoral.com\\\/2024\\\/03\\\/tractorada-reivindicativa-en-la-marina-alta\\\/#primaryimage\"},\"thumbnailUrl\":\"https:\\\/\\\/media.radiolitoral.com\\\/wp-content\\\/uploads\\\/2024\\\/03\\\/08124620\\\/Movilizacion-sector-agrario-en-Benissa.-Archivo-scaled-e1709898453896.jpg\",\"articleSection\":[\"Agricultura\",\"Movilizaciones\"],\"inLanguage\":\"ca\",\"potentialAction\":[{\"@type\":\"CommentAction\",\"name\":\"Comment\",\"target\":[\"https:\\\/\\\/radiolitoral.com\\\/2024\\\/03\\\/tractorada-reivindicativa-en-la-marina-alta\\\/#respond\"]}]},{\"@type\":[\"WebPage\",\"ItemPage\"],\"@id\":\"https:\\\/\\\/radiolitoral.com\\\/2024\\\/03\\\/tractorada-reivindicativa-en-la-marina-alta\\\/\",\"url\":\"https:\\\/\\\/radiolitoral.com\\\/2024\\\/03\\\/tractorada-reivindicativa-en-la-marina-alta\\\/\",\"name\":\"Tractorada reivindicativa en la Marina Alta | R\u00e0dio Litoral\",\"isPartOf\":{\"@id\":\"https:\\\/\\\/radiolitoral.com\\\/#website\"},\"primaryImageOfPage\":{\"@id\":\"https:\\\/\\\/radiolitoral.com\\\/2024\\\/03\\\/tractorada-reivindicativa-en-la-marina-alta\\\/#primaryimage\"},\"image\":{\"@id\":\"https:\\\/\\\/radiolitoral.com\\\/2024\\\/03\\\/tractorada-reivindicativa-en-la-marina-alta\\\/#primaryimage\"},\"thumbnailUrl\":\"https:\\\/\\\/media.radiolitoral.com\\\/wp-content\\\/uploads\\\/2024\\\/03\\\/08124620\\\/Movilizacion-sector-agrario-en-Benissa.-Archivo-scaled-e1709898453896.jpg\",\"datePublished\":\"2024-03-08T11:48:28+00:00\",\"description\":\"Convocada una movilizaci\u00f3n de agricultores, ganaderos y pescadores para ma\u00f1ana s\u00e1bado 9 de marzo desde Benissa hasta Denia\",\"breadcrumb\":{\"@id\":\"https:\\\/\\\/radiolitoral.com\\\/2024\\\/03\\\/tractorada-reivindicativa-en-la-marina-alta\\\/#breadcrumb\"},\"inLanguage\":\"ca\",\"potentialAction\":[{\"@type\":\"ReadAction\",\"target\":[\"https:\\\/\\\/radiolitoral.com\\\/2024\\\/03\\\/tractorada-reivindicativa-en-la-marina-alta\\\/\"]}]},{\"@type\":\"ImageObject\",\"inLanguage\":\"ca\",\"@id\":\"https:\\\/\\\/radiolitoral.com\\\/2024\\\/03\\\/tractorada-reivindicativa-en-la-marina-alta\\\/#primaryimage\",\"url\":\"https:\\\/\\\/media.radiolitoral.com\\\/wp-content\\\/uploads\\\/2024\\\/03\\\/08124620\\\/Movilizacion-sector-agrario-en-Benissa.-Archivo-scaled-e1709898453896.jpg\",\"contentUrl\":\"https:\\\/\\\/media.radiolitoral.com\\\/wp-content\\\/uploads\\\/2024\\\/03\\\/08124620\\\/Movilizacion-sector-agrario-en-Benissa.-Archivo-scaled-e1709898453896.jpg\",\"width\":1706,\"height\":1305,\"caption\":\"????????????????????????????????????\"},{\"@type\":\"BreadcrumbList\",\"@id\":\"https:\\\/\\\/radiolitoral.com\\\/2024\\\/03\\\/tractorada-reivindicativa-en-la-marina-alta\\\/#breadcrumb\",\"itemListElement\":[{\"@type\":\"ListItem\",\"position\":1,\"name\":\"Portada\",\"item\":\"https:\\\/\\\/radiolitoral.com\\\/\"},{\"@type\":\"ListItem\",\"position\":2,\"name\":\"Tractorada reivindicativa en la Marina Alta\"}]},{\"@type\":\"WebSite\",\"@id\":\"https:\\\/\\\/radiolitoral.com\\\/#website\",\"url\":\"https:\\\/\\\/radiolitoral.com\\\/\",\"name\":\"Radio Litoral\",\"description\":\"La radio local de la Marina Alta\",\"publisher\":{\"@id\":\"https:\\\/\\\/radiolitoral.com\\\/#organization\"},\"alternateName\":\"Litoral FM\",\"potentialAction\":[{\"@type\":\"SearchAction\",\"target\":{\"@type\":\"EntryPoint\",\"urlTemplate\":\"https:\\\/\\\/radiolitoral.com\\\/?s={search_term_string}\"},\"query-input\":{\"@type\":\"PropertyValueSpecification\",\"valueRequired\":true,\"valueName\":\"search_term_string\"}}],\"inLanguage\":\"ca\"},{\"@type\":\"Organization\",\"@id\":\"https:\\\/\\\/radiolitoral.com\\\/#organization\",\"name\":\"Radio Litoral\",\"url\":\"https:\\\/\\\/radiolitoral.com\\\/\",\"logo\":{\"@type\":\"ImageObject\",\"inLanguage\":\"ca\",\"@id\":\"https:\\\/\\\/radiolitoral.com\\\/#\\\/schema\\\/logo\\\/image\\\/\",\"url\":\"https:\\\/\\\/media.radiolitoral.com\\\/wp-content\\\/uploads\\\/2023\\\/02\\\/24143238\\\/CL-V-RadioLitoral696.png\",\"contentUrl\":\"https:\\\/\\\/media.radiolitoral.com\\\/wp-content\\\/uploads\\\/2023\\\/02\\\/24143238\\\/CL-V-RadioLitoral696.png\",\"width\":696,\"height\":696,\"caption\":\"Radio Litoral\"},\"image\":{\"@id\":\"https:\\\/\\\/radiolitoral.com\\\/#\\\/schema\\\/logo\\\/image\\\/\"},\"sameAs\":[\"https:\\\/\\\/www.facebook.com\\\/Laradiolitoral\\\/\"]},{\"@type\":\"Person\",\"@id\":\"https:\\\/\\\/radiolitoral.com\\\/#\\\/schema\\\/person\\\/f2b2343c49b5d721857cc1002bfdb151\",\"name\":\"Redacci\u00f3n\",\"image\":{\"@type\":\"ImageObject\",\"inLanguage\":\"ca\",\"@id\":\"https:\\\/\\\/secure.gravatar.com\\\/avatar\\\/f771d896c203ad8b3382d7905cfcce5a5c9b008b84b3cd9114e9b9f4cb63f789?s=96&d=mm&r=g\",\"url\":\"https:\\\/\\\/secure.gravatar.com\\\/avatar\\\/f771d896c203ad8b3382d7905cfcce5a5c9b008b84b3cd9114e9b9f4cb63f789?s=96&d=mm&r=g\",\"contentUrl\":\"https:\\\/\\\/secure.gravatar.com\\\/avatar\\\/f771d896c203ad8b3382d7905cfcce5a5c9b008b84b3cd9114e9b9f4cb63f789?s=96&d=mm&r=g\",\"caption\":\"Redacci\u00f3n\"},\"url\":\"https:\\\/\\\/radiolitoral.com\\\/ca\\\/author\\\/miriam-pagan\\\/\"}]}<\/script>\n<!-- \/ Yoast SEO plugin. -->","yoast_head_json":{"title":"Tractorada reivindicativa a la Marina Alta | R\u00e0dio Litoral","description":"Convocada una mobilitzaci\u00f3 de pagesos, ramaders i pescadors per dem\u00e0 dissabte 9 de mar\u00e7 des de Benissa fins a D\u00e9nia","robots":{"index":"index","follow":"follow","max-snippet":"max-snippet:-1","max-image-preview":"max-image-preview:large","max-video-preview":"max-video-preview:-1"},"canonical":"https:\/\/radiolitoral.com\/ca\/2024\/03\/tractorada-reivindicativa-a-la-marina-alta\/","og_locale":"ca_ES","og_type":"article","og_title":"Tractorada reivindicativa en la Marina Alta | R\u00e0dio Litoral","og_description":"Convocada una movilizaci\u00f3n de agricultores, ganaderos y pescadores para ma\u00f1ana s\u00e1bado 9 de marzo desde Benissa hasta Denia","og_url":"https:\/\/radiolitoral.com\/ca\/2024\/03\/tractorada-reivindicativa-a-la-marina-alta\/","og_site_name":"R\u00e0dio Litoral","article_publisher":"https:\/\/www.facebook.com\/Laradiolitoral\/","article_published_time":"2024-03-08T11:48:28+00:00","og_image":[{"width":1706,"height":1305,"url":"https:\/\/media.radiolitoral.com\/wp-content\/uploads\/2024\/03\/08124620\/Movilizacion-sector-agrario-en-Benissa.-Archivo-scaled-e1709898453896.jpg","type":"image\/jpeg"}],"author":"Redacci\u00f3n","twitter_card":"summary_large_image","twitter_misc":{"Escrit per":"Redacci\u00f3n","Temps estimat de lectura":"2 minuts"},"schema":{"@context":"https:\/\/schema.org","@graph":[{"@type":"NewsArticle","@id":"https:\/\/radiolitoral.com\/2024\/03\/tractorada-reivindicativa-en-la-marina-alta\/#article","isPartOf":{"@id":"https:\/\/radiolitoral.com\/2024\/03\/tractorada-reivindicativa-en-la-marina-alta\/"},"author":{"name":"Redacci\u00f3n","@id":"https:\/\/radiolitoral.com\/#\/schema\/person\/f2b2343c49b5d721857cc1002bfdb151"},"headline":"Tractorada reivindicativa en la Marina Alta","datePublished":"2024-03-08T11:48:28+00:00","mainEntityOfPage":{"@id":"https:\/\/radiolitoral.com\/2024\/03\/tractorada-reivindicativa-en-la-marina-alta\/"},"wordCount":220,"commentCount":0,"publisher":{"@id":"https:\/\/radiolitoral.com\/#organization"},"image":{"@id":"https:\/\/radiolitoral.com\/2024\/03\/tractorada-reivindicativa-en-la-marina-alta\/#primaryimage"},"thumbnailUrl":"https:\/\/media.radiolitoral.com\/wp-content\/uploads\/2024\/03\/08124620\/Movilizacion-sector-agrario-en-Benissa.-Archivo-scaled-e1709898453896.jpg","articleSection":["Agricultura","Movilizaciones"],"inLanguage":"ca","potentialAction":[{"@type":"CommentAction","name":"Comment","target":["https:\/\/radiolitoral.com\/2024\/03\/tractorada-reivindicativa-en-la-marina-alta\/#respond"]}]},{"@type":["WebPage","ItemPage"],"@id":"https:\/\/radiolitoral.com\/2024\/03\/tractorada-reivindicativa-en-la-marina-alta\/","url":"https:\/\/radiolitoral.com\/2024\/03\/tractorada-reivindicativa-en-la-marina-alta\/","name":"Tractorada reivindicativa a la Marina Alta | R\u00e0dio Litoral","isPartOf":{"@id":"https:\/\/radiolitoral.com\/#website"},"primaryImageOfPage":{"@id":"https:\/\/radiolitoral.com\/2024\/03\/tractorada-reivindicativa-en-la-marina-alta\/#primaryimage"},"image":{"@id":"https:\/\/radiolitoral.com\/2024\/03\/tractorada-reivindicativa-en-la-marina-alta\/#primaryimage"},"thumbnailUrl":"https:\/\/media.radiolitoral.com\/wp-content\/uploads\/2024\/03\/08124620\/Movilizacion-sector-agrario-en-Benissa.-Archivo-scaled-e1709898453896.jpg","datePublished":"2024-03-08T11:48:28+00:00","description":"Convocada una mobilitzaci\u00f3 de pagesos, ramaders i pescadors per dem\u00e0 dissabte 9 de mar\u00e7 des de Benissa fins a D\u00e9nia","breadcrumb":{"@id":"https:\/\/radiolitoral.com\/2024\/03\/tractorada-reivindicativa-en-la-marina-alta\/#breadcrumb"},"inLanguage":"ca","potentialAction":[{"@type":"ReadAction","target":["https:\/\/radiolitoral.com\/2024\/03\/tractorada-reivindicativa-en-la-marina-alta\/"]}]},{"@type":"ImageObject","inLanguage":"ca","@id":"https:\/\/radiolitoral.com\/2024\/03\/tractorada-reivindicativa-en-la-marina-alta\/#primaryimage","url":"https:\/\/media.radiolitoral.com\/wp-content\/uploads\/2024\/03\/08124620\/Movilizacion-sector-agrario-en-Benissa.-Archivo-scaled-e1709898453896.jpg","contentUrl":"https:\/\/media.radiolitoral.com\/wp-content\/uploads\/2024\/03\/08124620\/Movilizacion-sector-agrario-en-Benissa.-Archivo-scaled-e1709898453896.jpg","width":1706,"height":1305,"caption":"????????????????????????????????????"},{"@type":"BreadcrumbList","@id":"https:\/\/radiolitoral.com\/2024\/03\/tractorada-reivindicativa-en-la-marina-alta\/#breadcrumb","itemListElement":[{"@type":"ListItem","position":1,"name":"Portada","item":"https:\/\/radiolitoral.com\/"},{"@type":"ListItem","position":2,"name":"Tractorada reivindicativa en la Marina Alta"}]},{"@type":"WebSite","@id":"https:\/\/radiolitoral.com\/#website","url":"https:\/\/radiolitoral.com\/","name":"R\u00e0dio Litoral","description":"La r\u00e0dio local de la Marina Alta","publisher":{"@id":"https:\/\/radiolitoral.com\/#organization"},"alternateName":"Litoral FM","potentialAction":[{"@type":"SearchAction","target":{"@type":"EntryPoint","urlTemplate":"https:\/\/radiolitoral.com\/?s={search_term_string}"},"query-input":{"@type":"PropertyValueSpecification","valueRequired":true,"valueName":"search_term_string"}}],"inLanguage":"ca"},{"@type":"Organization","@id":"https:\/\/radiolitoral.com\/#organization","name":"R\u00e0dio Litoral","url":"https:\/\/radiolitoral.com\/","logo":{"@type":"ImageObject","inLanguage":"ca","@id":"https:\/\/radiolitoral.com\/#\/schema\/logo\/image\/","url":"https:\/\/media.radiolitoral.com\/wp-content\/uploads\/2023\/02\/24143238\/CL-V-RadioLitoral696.png","contentUrl":"https:\/\/media.radiolitoral.com\/wp-content\/uploads\/2023\/02\/24143238\/CL-V-RadioLitoral696.png","width":696,"height":696,"caption":"Radio Litoral"},"image":{"@id":"https:\/\/radiolitoral.com\/#\/schema\/logo\/image\/"},"sameAs":["https:\/\/www.facebook.com\/Laradiolitoral\/"]},{"@type":"Person","@id":"https:\/\/radiolitoral.com\/#\/schema\/person\/f2b2343c49b5d721857cc1002bfdb151","name":"Redacci\u00f3","image":{"@type":"ImageObject","inLanguage":"ca","@id":"https:\/\/secure.gravatar.com\/avatar\/f771d896c203ad8b3382d7905cfcce5a5c9b008b84b3cd9114e9b9f4cb63f789?s=96&d=mm&r=g","url":"https:\/\/secure.gravatar.com\/avatar\/f771d896c203ad8b3382d7905cfcce5a5c9b008b84b3cd9114e9b9f4cb63f789?s=96&d=mm&r=g","contentUrl":"https:\/\/secure.gravatar.com\/avatar\/f771d896c203ad8b3382d7905cfcce5a5c9b008b84b3cd9114e9b9f4cb63f789?s=96&d=mm&r=g","caption":"Redacci\u00f3n"},"url":"https:\/\/radiolitoral.com\/ca\/author\/miriam-pagan\/"}]}},"_links":{"self":[{"href":"https:\/\/radiolitoral.com\/ca\/wp-json\/wp\/v2\/posts\/7218","targetHints":{"allow":["GET"]}}],"collection":[{"href":"https:\/\/radiolitoral.com\/ca\/wp-json\/wp\/v2\/posts"}],"about":[{"href":"https:\/\/radiolitoral.com\/ca\/wp-json\/wp\/v2\/types\/post"}],"author":[{"embeddable":true,"href":"https:\/\/radiolitoral.com\/ca\/wp-json\/wp\/v2\/users\/13"}],"replies":[{"embeddable":true,"href":"https:\/\/radiolitoral.com\/ca\/wp-json\/wp\/v2\/comments?post=7218"}],"version-history":[{"count":2,"href":"https:\/\/radiolitoral.com\/ca\/wp-json\/wp\/v2\/posts\/7218\/revisions"}],"predecessor-version":[{"id":7223,"href":"https:\/\/radiolitoral.com\/ca\/wp-json\/wp\/v2\/posts\/7218\/revisions\/7223"}],"wp:featuredmedia":[{"embeddable":true,"href":"https:\/\/radiolitoral.com\/ca\/wp-json\/wp\/v2\/media\/7220"}],"wp:attachment":[{"href":"https:\/\/radiolitoral.com\/ca\/wp-json\/wp\/v2\/media?parent=7218"}],"wp:term":[{"taxonomy":"category","embeddable":true,"href":"https:\/\/radiolitoral.com\/ca\/wp-json\/wp\/v2\/categories?post=7218"},{"taxonomy":"post_tag","embeddable":true,"href":"https:\/\/radiolitoral.com\/ca\/wp-json\/wp\/v2\/tags?post=7218"}],"curies":[{"name":"wp","href":"https:\/\/api.w.org\/{rel}","templated":true}]}}