{"id":7199,"date":"2024-03-08T12:17:58","date_gmt":"2024-03-08T11:17:58","guid":{"rendered":"https:\/\/radiolitoral.com\/?p=7199"},"modified":"2024-03-08T12:17:58","modified_gmt":"2024-03-08T11:17:58","slug":"benissa-llanca-en-moviment-programa-innovador-per-al-benestar-dels-grans","status":"publish","type":"post","link":"https:\/\/radiolitoral.com\/ca\/2024\/03\/benissa-lanza-en-moviment-programa-innovador-para-el-bienestar-de-los-mayores\/","title":{"rendered":"Benissa llan\u00e7a \u00abA Moviment\u00bb, programa innovador per al benestar dels grans"},"content":{"rendered":"<div class=\"flex-1 overflow-hidden\">\n<div class=\"react-scroll-to-bottom--css-vyhrb-79elbk h-full\">\n<div class=\"react-scroll-to-bottom--css-vyhrb-1n7m0yu\">\n<div class=\"flex flex-col text-sm pb-9\">\n<div class=\"w-full text-token-text-primary\" data-testid=\"conversation-turn-3\">\n<div class=\"px-4 py-2 justify-center text-base md:gap-6 m-auto\">\n<div class=\"flex flex-1 text-base mx-auto gap-3 md:px-5 lg:px-1 xl:px-5 md:max-w-3xl lg:max-w-[40rem] xl:max-w-[48rem] group final-completion\">\n<div class=\"relative flex w-full flex-col agent-turn\">\n<div class=\"flex-col gap-1 md:gap-3\">\n<div class=\"flex flex-grow flex-col max-w-full\">\n<div class=\"min-h-[20px] text-message flex flex-col items-start gap-3 whitespace-pre-wrap break-words [.text-message+&amp;]:mt-5 overflow-x-auto\" data-message-author-role=\"assistant\" data-message-id=\"ac995765-85b8-452d-acd6-485cdd7d03c2\">\n<div class=\"markdown prose w-full break-words dark:prose-invert light\">\n<p>En un esfuerzo pionero por fusionar la salud y el deporte, el municipio de Benissa ha presentado <strong>\u00abEn Moviment\u00bb<\/strong>, un programa revolucionario dirigido a mejorar la vida de las personas mayores de 60 a\u00f1os. Esta iniciativa, fruto de la colaboraci\u00f3n entre el <strong>Ayuntamiento de Benissa<\/strong>, la <strong>Conselleria de Sanitat<\/strong>, la C<strong>onselleria de Cultura y Deporte<\/strong>, y la <strong>Federaci\u00f3n Valenciana de Municipios y Provincias<\/strong>, marca un hito en la integraci\u00f3n de la salud p\u00fablica y la actividad f\u00edsica.<\/p>\n<p>Para impulsar este proyecto ambicioso, se ha creado la <strong>Unidad de Actividad y Ejercicio F\u00edsico<\/strong> (UAEF), un equipo multidisciplinario compuesto por <strong>Adri\u00e1n Cabrera<\/strong>, concejal de Deportes; <strong>Raquel Oltra<\/strong>, concejala de Sanidad; y <strong>Anabel Cap\u00f3<\/strong>, preparadora f\u00edsica del programa, entre otros profesionales. La UAEF se centra en ofrecer un programa de ejercicio f\u00edsico prescrito desde el centro de Atenci\u00f3n Primaria, enfatizando un enfoque preventivo y de bienestar para los mayores.<\/p>\n<p>\u00abEn Moviment\u00bb est\u00e1 especialmente dise\u00f1ado para aquellos entre 60 y 75 a\u00f1os que sufren de enfermedades cr\u00f3nicas, tienen m\u00faltiples patolog\u00edas o experimentan soledad no deseada. La selecci\u00f3n de participantes se realiza cuidadosamente por profesionales sanitarios del Centro de Salud de Benissa, quienes derivan a los mayores a expertos en actividad f\u00edsica del Ayuntamiento para comenzar un plan de ejercicios personalizado.<\/p>\n<p>El programa, que comenzar\u00e1 en abril y se extender\u00e1 durante seis meses, no solo busca mejorar la calidad de vida de los mayores a trav\u00e9s del deporte, sino que tambi\u00e9n es una iniciativa completamente gratuita, facilitando as\u00ed el acceso a programas de salud sin las limitaciones econ\u00f3micas habituales.<\/p>\n<p>Este proyecto conjunto no solo destaca la importancia del ejercicio f\u00edsico en la mejora de la salud y la calidad de vida de las personas mayores, sino que tambi\u00e9n establece un modelo de colaboraci\u00f3n entre los sectores deportivo y de salud p\u00fablica. Con \u00abEn Moviment\u00bb, Benissa se propone crear una comunidad m\u00e1s saludable y feliz, demostrando un compromiso inquebrantable con el cuidado hol\u00edstico y personalizado de sus mayores.<\/p>\n<\/div>\n<\/div>\n<\/div>\n<div class=\"mt-1 flex justify-start gap-3 empty:hidden\">\n<div class=\"text-gray-400 flex self-end lg:self-center justify-center lg:justify-start mt-0 -ml-1 h-7 visible\"><button class=\"flex items-center gap-1 gap-1.5 rounded-md p-1 text-xs text-token-text-tertiary hover:text-token-text-primary md:invisible md:group-hover:visible md:group-[.final-completion]:visible\"><\/button><button class=\"flex items-center gap-1.5 rounded-md p-1 text-xs text-token-text-tertiary hover:text-token-text-primary md:invisible md:group-hover:visible md:group-[.final-completion]:visible\"><\/button><\/p>\n<div class=\"flex items-center gap-1.5 text-xs\"><\/div>\n<\/div>\n<\/div>\n<div class=\"pr-2 lg:pr-0\"><\/div>\n<\/div>\n<div class=\"absolute\">\n<div class=\"flex w-full gap-2 items-center justify-center\"><\/div>\n<\/div>\n<\/div>\n<\/div>\n<\/div>\n<\/div>\n<\/div>\n<\/div>\n<\/div>\n<\/div>\n<div class=\"w-full pt-2 md:pt-0 dark:border-white\/20 md:border-transparent md:dark:border-transparent md:w-[calc(100%-.5rem)]\">\n<form class=\"stretch mx-2 flex flex-row gap-3 last:mb-2 md:mx-4 md:last:mb-6 lg:mx-auto lg:max-w-2xl xl:max-w-3xl\">\n<div class=\"relative flex h-full flex-1 flex-col\">\n<div class=\"flex w-full items-center\"><\/div>\n<\/div>\n<\/form>\n<\/div>\n","protected":false},"excerpt":{"rendered":"<p>En un esfuerzo pionero por fusionar la salud y el deporte, el municipio de Benissa ha presentado \u00abEn Moviment\u00bb, un programa revolucionario dirigido a mejorar la vida de las personas mayores de 60 a\u00f1os. Esta iniciativa, fruto de la colaboraci\u00f3n entre el Ayuntamiento de Benissa, la Conselleria de Sanitat, la Conselleria de Cultura y Deporte, [&#8230;]<\/p>\n<p><a class=\"btn btn-secondary understrap-read-more-link\" href=\"https:\/\/radiolitoral.com\/ca\/2024\/03\/benissa-lanza-en-moviment-programa-innovador-para-el-bienestar-de-los-mayores\/\">Continua llegint&#8230;<span class=\"screen-reader-text\"> from Benissa lanza \u00abEn Moviment\u00bb, programa innovador para el bienestar de los mayores<\/span><\/a><\/p>\n","protected":false},"author":12,"featured_media":7201,"comment_status":"open","ping_status":"closed","sticky":false,"template":"","format":"standard","meta":{"_acf_changed":false,"inline_featured_image":false,"footnotes":""},"categories":[5],"tags":[886,888,882,883,6,885,884,887],"class_list":["post-7199","post","type-post","status-publish","format-standard","has-post-thumbnail","hentry","category-deportes","tag-adrian-cabrera","tag-anabel-capo","tag-ayuntamiento-de-benissa","tag-conselleria-de-sanitat","tag-deportes","tag-federacion-valenciana-de-municipios-y-provincias","tag-onselleria-de-cultura-y-deporte","tag-raquel-oltra","cobertura-benissa"],"acf":[],"yoast_head":"<!-- This site is optimized with the Yoast SEO plugin v27.5 - https:\/\/yoast.com\/product\/yoast-seo-wordpress\/ -->\n<title>Benissa lanza &quot;En Moviment&quot;, programa innovador para el bienestar de los mayores | R\u00e0dio Litoral<\/title>\n<meta name=\"description\" content=\"Programa revolucionario dirigido a mejorar la vida de las personas mayores de 60 a\u00f1os Programa revolucionario dirigido a mejorar la vida de las personas mayores de 60 a\u00f1os\" \/>\n<meta name=\"robots\" content=\"index, follow, max-snippet:-1, max-image-preview:large, max-video-preview:-1\" \/>\n<link rel=\"canonical\" href=\"https:\/\/radiolitoral.com\/ca\/2024\/03\/benissa-llanca-en-moviment-programa-innovador-per-al-benestar-dels-grans\/\" \/>\n<meta property=\"og:locale\" content=\"ca_ES\" \/>\n<meta property=\"og:type\" content=\"article\" \/>\n<meta property=\"og:title\" content=\"Benissa lanza &quot;En Moviment&quot;, programa innovador para el bienestar de los mayores | R\u00e0dio Litoral\" \/>\n<meta property=\"og:description\" content=\"Programa revolucionario dirigido a mejorar la vida de las personas mayores de 60 a\u00f1os Programa revolucionario dirigido a mejorar la vida de las personas mayores de 60 a\u00f1os\" \/>\n<meta property=\"og:url\" content=\"https:\/\/radiolitoral.com\/ca\/2024\/03\/benissa-llanca-en-moviment-programa-innovador-per-al-benestar-dels-grans\/\" \/>\n<meta property=\"og:site_name\" content=\"R\u00e0dio Litoral\" \/>\n<meta property=\"article:publisher\" content=\"https:\/\/www.facebook.com\/Laradiolitoral\/\" \/>\n<meta property=\"article:published_time\" content=\"2024-03-08T11:17:58+00:00\" \/>\n<meta property=\"og:image\" content=\"https:\/\/media.radiolitoral.com\/wp-content\/uploads\/2024\/03\/08121734\/Unitat-dActivitat-i-Exercici-Fisic-de-Benissa-.jpg\" \/>\n\t<meta property=\"og:image:width\" content=\"1200\" \/>\n\t<meta property=\"og:image:height\" content=\"859\" \/>\n\t<meta property=\"og:image:type\" content=\"image\/jpeg\" \/>\n<meta name=\"author\" content=\"Javier Zamora\" \/>\n<meta name=\"twitter:card\" content=\"summary_large_image\" \/>\n<meta name=\"twitter:label1\" content=\"Escrit per\" \/>\n\t<meta name=\"twitter:data1\" content=\"Javier Zamora\" \/>\n\t<meta name=\"twitter:label2\" content=\"Temps estimat de lectura\" \/>\n\t<meta name=\"twitter:data2\" content=\"2 minuts\" \/>\n<script type=\"application\/ld+json\" class=\"yoast-schema-graph\">{\"@context\":\"https:\\\/\\\/schema.org\",\"@graph\":[{\"@type\":\"NewsArticle\",\"@id\":\"https:\\\/\\\/radiolitoral.com\\\/2024\\\/03\\\/benissa-lanza-en-moviment-programa-innovador-para-el-bienestar-de-los-mayores\\\/#article\",\"isPartOf\":{\"@id\":\"https:\\\/\\\/radiolitoral.com\\\/2024\\\/03\\\/benissa-lanza-en-moviment-programa-innovador-para-el-bienestar-de-los-mayores\\\/\"},\"author\":{\"name\":\"Javier Zamora\",\"@id\":\"https:\\\/\\\/radiolitoral.com\\\/#\\\/schema\\\/person\\\/7b1480b5caeb5acdd4ec6379caf62b22\"},\"headline\":\"Benissa lanza \u00abEn Moviment\u00bb, programa innovador para el bienestar de los mayores\",\"datePublished\":\"2024-03-08T11:17:58+00:00\",\"mainEntityOfPage\":{\"@id\":\"https:\\\/\\\/radiolitoral.com\\\/2024\\\/03\\\/benissa-lanza-en-moviment-programa-innovador-para-el-bienestar-de-los-mayores\\\/\"},\"wordCount\":358,\"commentCount\":0,\"publisher\":{\"@id\":\"https:\\\/\\\/radiolitoral.com\\\/#organization\"},\"image\":{\"@id\":\"https:\\\/\\\/radiolitoral.com\\\/2024\\\/03\\\/benissa-lanza-en-moviment-programa-innovador-para-el-bienestar-de-los-mayores\\\/#primaryimage\"},\"thumbnailUrl\":\"https:\\\/\\\/media.radiolitoral.com\\\/wp-content\\\/uploads\\\/2024\\\/03\\\/08121734\\\/Unitat-dActivitat-i-Exercici-Fisic-de-Benissa-.jpg\",\"keywords\":[\"Adri\u00e1n Cabrera\",\"Anabel Cap\u00f3\",\"Ayuntamiento de Benissa\",\"Conselleria de Sanitat\",\"deportes\",\"Federaci\u00f3n Valenciana de Municipios y Provincias\",\"onselleria de Cultura y Deporte\",\"Raquel Oltra\"],\"articleSection\":[\"Deportes\"],\"inLanguage\":\"ca\",\"potentialAction\":[{\"@type\":\"CommentAction\",\"name\":\"Comment\",\"target\":[\"https:\\\/\\\/radiolitoral.com\\\/2024\\\/03\\\/benissa-lanza-en-moviment-programa-innovador-para-el-bienestar-de-los-mayores\\\/#respond\"]}]},{\"@type\":[\"WebPage\",\"ItemPage\"],\"@id\":\"https:\\\/\\\/radiolitoral.com\\\/2024\\\/03\\\/benissa-lanza-en-moviment-programa-innovador-para-el-bienestar-de-los-mayores\\\/\",\"url\":\"https:\\\/\\\/radiolitoral.com\\\/2024\\\/03\\\/benissa-lanza-en-moviment-programa-innovador-para-el-bienestar-de-los-mayores\\\/\",\"name\":\"Benissa lanza \\\"En Moviment\\\", programa innovador para el bienestar de los mayores | R\u00e0dio Litoral\",\"isPartOf\":{\"@id\":\"https:\\\/\\\/radiolitoral.com\\\/#website\"},\"primaryImageOfPage\":{\"@id\":\"https:\\\/\\\/radiolitoral.com\\\/2024\\\/03\\\/benissa-lanza-en-moviment-programa-innovador-para-el-bienestar-de-los-mayores\\\/#primaryimage\"},\"image\":{\"@id\":\"https:\\\/\\\/radiolitoral.com\\\/2024\\\/03\\\/benissa-lanza-en-moviment-programa-innovador-para-el-bienestar-de-los-mayores\\\/#primaryimage\"},\"thumbnailUrl\":\"https:\\\/\\\/media.radiolitoral.com\\\/wp-content\\\/uploads\\\/2024\\\/03\\\/08121734\\\/Unitat-dActivitat-i-Exercici-Fisic-de-Benissa-.jpg\",\"datePublished\":\"2024-03-08T11:17:58+00:00\",\"description\":\"Programa revolucionario dirigido a mejorar la vida de las personas mayores de 60 a\u00f1os Programa revolucionario dirigido a mejorar la vida de las personas mayores de 60 a\u00f1os\",\"breadcrumb\":{\"@id\":\"https:\\\/\\\/radiolitoral.com\\\/2024\\\/03\\\/benissa-lanza-en-moviment-programa-innovador-para-el-bienestar-de-los-mayores\\\/#breadcrumb\"},\"inLanguage\":\"ca\",\"potentialAction\":[{\"@type\":\"ReadAction\",\"target\":[\"https:\\\/\\\/radiolitoral.com\\\/2024\\\/03\\\/benissa-lanza-en-moviment-programa-innovador-para-el-bienestar-de-los-mayores\\\/\"]}]},{\"@type\":\"ImageObject\",\"inLanguage\":\"ca\",\"@id\":\"https:\\\/\\\/radiolitoral.com\\\/2024\\\/03\\\/benissa-lanza-en-moviment-programa-innovador-para-el-bienestar-de-los-mayores\\\/#primaryimage\",\"url\":\"https:\\\/\\\/media.radiolitoral.com\\\/wp-content\\\/uploads\\\/2024\\\/03\\\/08121734\\\/Unitat-dActivitat-i-Exercici-Fisic-de-Benissa-.jpg\",\"contentUrl\":\"https:\\\/\\\/media.radiolitoral.com\\\/wp-content\\\/uploads\\\/2024\\\/03\\\/08121734\\\/Unitat-dActivitat-i-Exercici-Fisic-de-Benissa-.jpg\",\"width\":1200,\"height\":859},{\"@type\":\"BreadcrumbList\",\"@id\":\"https:\\\/\\\/radiolitoral.com\\\/2024\\\/03\\\/benissa-lanza-en-moviment-programa-innovador-para-el-bienestar-de-los-mayores\\\/#breadcrumb\",\"itemListElement\":[{\"@type\":\"ListItem\",\"position\":1,\"name\":\"Portada\",\"item\":\"https:\\\/\\\/radiolitoral.com\\\/\"},{\"@type\":\"ListItem\",\"position\":2,\"name\":\"Benissa lanza \u00abEn Moviment\u00bb, programa innovador para el bienestar de los mayores\"}]},{\"@type\":\"WebSite\",\"@id\":\"https:\\\/\\\/radiolitoral.com\\\/#website\",\"url\":\"https:\\\/\\\/radiolitoral.com\\\/\",\"name\":\"Radio Litoral\",\"description\":\"La radio local de la Marina Alta\",\"publisher\":{\"@id\":\"https:\\\/\\\/radiolitoral.com\\\/#organization\"},\"alternateName\":\"Litoral FM\",\"potentialAction\":[{\"@type\":\"SearchAction\",\"target\":{\"@type\":\"EntryPoint\",\"urlTemplate\":\"https:\\\/\\\/radiolitoral.com\\\/?s={search_term_string}\"},\"query-input\":{\"@type\":\"PropertyValueSpecification\",\"valueRequired\":true,\"valueName\":\"search_term_string\"}}],\"inLanguage\":\"ca\"},{\"@type\":\"Organization\",\"@id\":\"https:\\\/\\\/radiolitoral.com\\\/#organization\",\"name\":\"Radio Litoral\",\"url\":\"https:\\\/\\\/radiolitoral.com\\\/\",\"logo\":{\"@type\":\"ImageObject\",\"inLanguage\":\"ca\",\"@id\":\"https:\\\/\\\/radiolitoral.com\\\/#\\\/schema\\\/logo\\\/image\\\/\",\"url\":\"https:\\\/\\\/media.radiolitoral.com\\\/wp-content\\\/uploads\\\/2023\\\/02\\\/24143238\\\/CL-V-RadioLitoral696.png\",\"contentUrl\":\"https:\\\/\\\/media.radiolitoral.com\\\/wp-content\\\/uploads\\\/2023\\\/02\\\/24143238\\\/CL-V-RadioLitoral696.png\",\"width\":696,\"height\":696,\"caption\":\"Radio Litoral\"},\"image\":{\"@id\":\"https:\\\/\\\/radiolitoral.com\\\/#\\\/schema\\\/logo\\\/image\\\/\"},\"sameAs\":[\"https:\\\/\\\/www.facebook.com\\\/Laradiolitoral\\\/\"]},{\"@type\":\"Person\",\"@id\":\"https:\\\/\\\/radiolitoral.com\\\/#\\\/schema\\\/person\\\/7b1480b5caeb5acdd4ec6379caf62b22\",\"name\":\"Javier Zamora\",\"image\":{\"@type\":\"ImageObject\",\"inLanguage\":\"ca\",\"@id\":\"https:\\\/\\\/secure.gravatar.com\\\/avatar\\\/467a11f6918c7d619c4043fc6fa2d3853053107973f05b6e9c04ea6c4e3a7b3f?s=96&d=mm&r=g\",\"url\":\"https:\\\/\\\/secure.gravatar.com\\\/avatar\\\/467a11f6918c7d619c4043fc6fa2d3853053107973f05b6e9c04ea6c4e3a7b3f?s=96&d=mm&r=g\",\"contentUrl\":\"https:\\\/\\\/secure.gravatar.com\\\/avatar\\\/467a11f6918c7d619c4043fc6fa2d3853053107973f05b6e9c04ea6c4e3a7b3f?s=96&d=mm&r=g\",\"caption\":\"Javier Zamora\"},\"url\":\"https:\\\/\\\/radiolitoral.com\\\/ca\\\/author\\\/javier-zamora\\\/\"}]}<\/script>\n<!-- \/ Yoast SEO plugin. -->","yoast_head_json":{"title":"Benissa llan\u00e7a &quot;A Moviment&quot;, programa innovador per al benestar dels grans | R\u00e0dio Litoral","description":"Programa revolucionari adre\u00e7at a millorar la vida de les persones m\u00e9s grans de 60 anys Programa revolucionari adre\u00e7at a millorar la vida de les persones m\u00e9s grans de 60 anys","robots":{"index":"index","follow":"follow","max-snippet":"max-snippet:-1","max-image-preview":"max-image-preview:large","max-video-preview":"max-video-preview:-1"},"canonical":"https:\/\/radiolitoral.com\/ca\/2024\/03\/benissa-llanca-en-moviment-programa-innovador-per-al-benestar-dels-grans\/","og_locale":"ca_ES","og_type":"article","og_title":"Benissa lanza \"En Moviment\", programa innovador para el bienestar de los mayores | R\u00e0dio Litoral","og_description":"Programa revolucionario dirigido a mejorar la vida de las personas mayores de 60 a\u00f1os Programa revolucionario dirigido a mejorar la vida de las personas mayores de 60 a\u00f1os","og_url":"https:\/\/radiolitoral.com\/ca\/2024\/03\/benissa-llanca-en-moviment-programa-innovador-per-al-benestar-dels-grans\/","og_site_name":"R\u00e0dio Litoral","article_publisher":"https:\/\/www.facebook.com\/Laradiolitoral\/","article_published_time":"2024-03-08T11:17:58+00:00","og_image":[{"width":1200,"height":859,"url":"https:\/\/media.radiolitoral.com\/wp-content\/uploads\/2024\/03\/08121734\/Unitat-dActivitat-i-Exercici-Fisic-de-Benissa-.jpg","type":"image\/jpeg"}],"author":"Javier Zamora","twitter_card":"summary_large_image","twitter_misc":{"Escrit per":"Javier Zamora","Temps estimat de lectura":"2 minuts"},"schema":{"@context":"https:\/\/schema.org","@graph":[{"@type":"NewsArticle","@id":"https:\/\/radiolitoral.com\/2024\/03\/benissa-lanza-en-moviment-programa-innovador-para-el-bienestar-de-los-mayores\/#article","isPartOf":{"@id":"https:\/\/radiolitoral.com\/2024\/03\/benissa-lanza-en-moviment-programa-innovador-para-el-bienestar-de-los-mayores\/"},"author":{"name":"Javier Zamora","@id":"https:\/\/radiolitoral.com\/#\/schema\/person\/7b1480b5caeb5acdd4ec6379caf62b22"},"headline":"Benissa lanza \u00abEn Moviment\u00bb, programa innovador para el bienestar de los mayores","datePublished":"2024-03-08T11:17:58+00:00","mainEntityOfPage":{"@id":"https:\/\/radiolitoral.com\/2024\/03\/benissa-lanza-en-moviment-programa-innovador-para-el-bienestar-de-los-mayores\/"},"wordCount":358,"commentCount":0,"publisher":{"@id":"https:\/\/radiolitoral.com\/#organization"},"image":{"@id":"https:\/\/radiolitoral.com\/2024\/03\/benissa-lanza-en-moviment-programa-innovador-para-el-bienestar-de-los-mayores\/#primaryimage"},"thumbnailUrl":"https:\/\/media.radiolitoral.com\/wp-content\/uploads\/2024\/03\/08121734\/Unitat-dActivitat-i-Exercici-Fisic-de-Benissa-.jpg","keywords":["Adri\u00e1n Cabrera","Anabel Cap\u00f3","Ayuntamiento de Benissa","Conselleria de Sanitat","deportes","Federaci\u00f3n Valenciana de Municipios y Provincias","onselleria de Cultura y Deporte","Raquel Oltra"],"articleSection":["Deportes"],"inLanguage":"ca","potentialAction":[{"@type":"CommentAction","name":"Comment","target":["https:\/\/radiolitoral.com\/2024\/03\/benissa-lanza-en-moviment-programa-innovador-para-el-bienestar-de-los-mayores\/#respond"]}]},{"@type":["WebPage","ItemPage"],"@id":"https:\/\/radiolitoral.com\/2024\/03\/benissa-lanza-en-moviment-programa-innovador-para-el-bienestar-de-los-mayores\/","url":"https:\/\/radiolitoral.com\/2024\/03\/benissa-lanza-en-moviment-programa-innovador-para-el-bienestar-de-los-mayores\/","name":"Benissa llan\u00e7a &quot;A Moviment&quot;, programa innovador per al benestar dels grans | R\u00e0dio Litoral","isPartOf":{"@id":"https:\/\/radiolitoral.com\/#website"},"primaryImageOfPage":{"@id":"https:\/\/radiolitoral.com\/2024\/03\/benissa-lanza-en-moviment-programa-innovador-para-el-bienestar-de-los-mayores\/#primaryimage"},"image":{"@id":"https:\/\/radiolitoral.com\/2024\/03\/benissa-lanza-en-moviment-programa-innovador-para-el-bienestar-de-los-mayores\/#primaryimage"},"thumbnailUrl":"https:\/\/media.radiolitoral.com\/wp-content\/uploads\/2024\/03\/08121734\/Unitat-dActivitat-i-Exercici-Fisic-de-Benissa-.jpg","datePublished":"2024-03-08T11:17:58+00:00","description":"Programa revolucionari adre\u00e7at a millorar la vida de les persones m\u00e9s grans de 60 anys Programa revolucionari adre\u00e7at a millorar la vida de les persones m\u00e9s grans de 60 anys","breadcrumb":{"@id":"https:\/\/radiolitoral.com\/2024\/03\/benissa-lanza-en-moviment-programa-innovador-para-el-bienestar-de-los-mayores\/#breadcrumb"},"inLanguage":"ca","potentialAction":[{"@type":"ReadAction","target":["https:\/\/radiolitoral.com\/2024\/03\/benissa-lanza-en-moviment-programa-innovador-para-el-bienestar-de-los-mayores\/"]}]},{"@type":"ImageObject","inLanguage":"ca","@id":"https:\/\/radiolitoral.com\/2024\/03\/benissa-lanza-en-moviment-programa-innovador-para-el-bienestar-de-los-mayores\/#primaryimage","url":"https:\/\/media.radiolitoral.com\/wp-content\/uploads\/2024\/03\/08121734\/Unitat-dActivitat-i-Exercici-Fisic-de-Benissa-.jpg","contentUrl":"https:\/\/media.radiolitoral.com\/wp-content\/uploads\/2024\/03\/08121734\/Unitat-dActivitat-i-Exercici-Fisic-de-Benissa-.jpg","width":1200,"height":859},{"@type":"BreadcrumbList","@id":"https:\/\/radiolitoral.com\/2024\/03\/benissa-lanza-en-moviment-programa-innovador-para-el-bienestar-de-los-mayores\/#breadcrumb","itemListElement":[{"@type":"ListItem","position":1,"name":"Portada","item":"https:\/\/radiolitoral.com\/"},{"@type":"ListItem","position":2,"name":"Benissa lanza \u00abEn Moviment\u00bb, programa innovador para el bienestar de los mayores"}]},{"@type":"WebSite","@id":"https:\/\/radiolitoral.com\/#website","url":"https:\/\/radiolitoral.com\/","name":"R\u00e0dio Litoral","description":"La r\u00e0dio local de la Marina Alta","publisher":{"@id":"https:\/\/radiolitoral.com\/#organization"},"alternateName":"Litoral FM","potentialAction":[{"@type":"SearchAction","target":{"@type":"EntryPoint","urlTemplate":"https:\/\/radiolitoral.com\/?s={search_term_string}"},"query-input":{"@type":"PropertyValueSpecification","valueRequired":true,"valueName":"search_term_string"}}],"inLanguage":"ca"},{"@type":"Organization","@id":"https:\/\/radiolitoral.com\/#organization","name":"R\u00e0dio Litoral","url":"https:\/\/radiolitoral.com\/","logo":{"@type":"ImageObject","inLanguage":"ca","@id":"https:\/\/radiolitoral.com\/#\/schema\/logo\/image\/","url":"https:\/\/media.radiolitoral.com\/wp-content\/uploads\/2023\/02\/24143238\/CL-V-RadioLitoral696.png","contentUrl":"https:\/\/media.radiolitoral.com\/wp-content\/uploads\/2023\/02\/24143238\/CL-V-RadioLitoral696.png","width":696,"height":696,"caption":"Radio Litoral"},"image":{"@id":"https:\/\/radiolitoral.com\/#\/schema\/logo\/image\/"},"sameAs":["https:\/\/www.facebook.com\/Laradiolitoral\/"]},{"@type":"Person","@id":"https:\/\/radiolitoral.com\/#\/schema\/person\/7b1480b5caeb5acdd4ec6379caf62b22","name":"Javier Zamora","image":{"@type":"ImageObject","inLanguage":"ca","@id":"https:\/\/secure.gravatar.com\/avatar\/467a11f6918c7d619c4043fc6fa2d3853053107973f05b6e9c04ea6c4e3a7b3f?s=96&d=mm&r=g","url":"https:\/\/secure.gravatar.com\/avatar\/467a11f6918c7d619c4043fc6fa2d3853053107973f05b6e9c04ea6c4e3a7b3f?s=96&d=mm&r=g","contentUrl":"https:\/\/secure.gravatar.com\/avatar\/467a11f6918c7d619c4043fc6fa2d3853053107973f05b6e9c04ea6c4e3a7b3f?s=96&d=mm&r=g","caption":"Javier Zamora"},"url":"https:\/\/radiolitoral.com\/ca\/author\/javier-zamora\/"}]}},"_links":{"self":[{"href":"https:\/\/radiolitoral.com\/ca\/wp-json\/wp\/v2\/posts\/7199","targetHints":{"allow":["GET"]}}],"collection":[{"href":"https:\/\/radiolitoral.com\/ca\/wp-json\/wp\/v2\/posts"}],"about":[{"href":"https:\/\/radiolitoral.com\/ca\/wp-json\/wp\/v2\/types\/post"}],"author":[{"embeddable":true,"href":"https:\/\/radiolitoral.com\/ca\/wp-json\/wp\/v2\/users\/12"}],"replies":[{"embeddable":true,"href":"https:\/\/radiolitoral.com\/ca\/wp-json\/wp\/v2\/comments?post=7199"}],"version-history":[{"count":2,"href":"https:\/\/radiolitoral.com\/ca\/wp-json\/wp\/v2\/posts\/7199\/revisions"}],"predecessor-version":[{"id":7203,"href":"https:\/\/radiolitoral.com\/ca\/wp-json\/wp\/v2\/posts\/7199\/revisions\/7203"}],"wp:featuredmedia":[{"embeddable":true,"href":"https:\/\/radiolitoral.com\/ca\/wp-json\/wp\/v2\/media\/7201"}],"wp:attachment":[{"href":"https:\/\/radiolitoral.com\/ca\/wp-json\/wp\/v2\/media?parent=7199"}],"wp:term":[{"taxonomy":"category","embeddable":true,"href":"https:\/\/radiolitoral.com\/ca\/wp-json\/wp\/v2\/categories?post=7199"},{"taxonomy":"post_tag","embeddable":true,"href":"https:\/\/radiolitoral.com\/ca\/wp-json\/wp\/v2\/tags?post=7199"}],"curies":[{"name":"wp","href":"https:\/\/api.w.org\/{rel}","templated":true}]}}