{"id":7188,"date":"2024-03-08T12:09:55","date_gmt":"2024-03-08T11:09:55","guid":{"rendered":"https:\/\/radiolitoral.com\/?p=7188"},"modified":"2024-03-08T12:09:55","modified_gmt":"2024-03-08T11:09:55","slug":"paper-estel%c2%b7lar-del-cg-les-marines-al-provincial","status":"publish","type":"post","link":"https:\/\/radiolitoral.com\/ca\/2024\/03\/papel-estelar-del-cg-les-marines-en-el-provincial\/","title":{"rendered":"Paper estel\u00b7lar del CG Les Marines al Provincial"},"content":{"rendered":"<div class=\"flex-1 overflow-hidden\">\n<div class=\"react-scroll-to-bottom--css-wrxra-79elbk h-full\">\n<div class=\"react-scroll-to-bottom--css-wrxra-1n7m0yu\">\n<div class=\"flex flex-col text-sm pb-9\">\n<div class=\"w-full text-token-text-primary\" data-testid=\"conversation-turn-3\">\n<div class=\"px-4 py-2 justify-center text-base md:gap-6 m-auto\">\n<div class=\"flex flex-1 text-base mx-auto gap-3 md:px-5 lg:px-1 xl:px-5 md:max-w-3xl lg:max-w-[40rem] xl:max-w-[48rem] group final-completion\">\n<div class=\"relative flex w-full flex-col agent-turn\">\n<div class=\"flex-col gap-1 md:gap-3\">\n<div class=\"flex flex-grow flex-col max-w-full\">\n<div class=\"min-h-[20px] text-message flex flex-col items-start gap-3 whitespace-pre-wrap break-words [.text-message+&amp;]:mt-5 overflow-x-auto\" data-message-author-role=\"assistant\" data-message-id=\"d4f11dbd-66e9-4b6d-9cb1-fa85b6e15dea\">\n<div class=\"markdown prose w-full break-words dark:prose-invert light\">\n<p>En una emocionante haza\u00f1a deportiva que desafi\u00f3 las adversidades, el <strong>Club Gimnasia Les Marines de Calp<\/strong> brill\u00f3 intensamente en la fase provincial del <strong>Campeonato de Espa\u00f1a Base individual<\/strong>, un evento que no solo tuvo que sortear la reprogramaci\u00f3n debido a los devastadores incendios de Campanar sino que tambi\u00e9n se enfrent\u00f3 al reto de acoger un n\u00famero extraordinariamente alto de participantes. Esta situaci\u00f3n llev\u00f3 a la organizaci\u00f3n a dividir la competencia en dos jornadas cargadas de emoci\u00f3n y talento: el s\u00e1bado se dedic\u00f3 a las categor\u00edas prebenjam\u00edn y benjam\u00edn, mientras que el domingo acogi\u00f3 a las restantes, permitiendo al club destacarse en casi todas las categor\u00edas con un total de 13 gimnastas compitiendo.<\/p>\n<p>La jornada del s\u00e1bado en Oliva se convirti\u00f3 en un escaparate de futuras estrellas, donde <strong>Almudena Buigues<\/strong>, <strong>Paula Garc\u00eda<\/strong> y <strong>Zaira Bessa<\/strong>, pese a los nervios y la intensa competencia, lograron clasificarse para la fase auton\u00f3mica. Zaira, en particular, se llev\u00f3 las miradas al alcanzar un impresionante cuarto puesto provincial. Pero fue <strong>Triana Ruano<\/strong> quien captur\u00f3 los corazones en la categor\u00eda prebenjam\u00edn, conquistando la medalla de bronce provincial y garantizando su lugar en la fase auton\u00f3mica con una actuaci\u00f3n que roz\u00f3 la perfecci\u00f3n.<\/p>\n<figure id=\"attachment_7193\" aria-describedby=\"caption-attachment-7193\" style=\"width: 784px\" class=\"wp-caption alignnone\"><img loading=\"lazy\" decoding=\"async\" class=\"wp-image-7193 size-full\" src=\"https:\/\/media.radiolitoral.com\/wp-content\/uploads\/2024\/03\/08120921\/Daniela-Avella-luciendo-su-medalla-784x490-1.jpg\" alt=\"\" width=\"784\" height=\"490\" srcset=\"https:\/\/media.radiolitoral.com\/wp-content\/uploads\/2024\/03\/08120921\/Daniela-Avella-luciendo-su-medalla-784x490-1.jpg 784w, https:\/\/media.radiolitoral.com\/wp-content\/uploads\/2024\/03\/08120921\/Daniela-Avella-luciendo-su-medalla-784x490-1-300x188.jpg 300w, https:\/\/media.radiolitoral.com\/wp-content\/uploads\/2024\/03\/08120921\/Daniela-Avella-luciendo-su-medalla-784x490-1-768x480.jpg 768w, https:\/\/media.radiolitoral.com\/wp-content\/uploads\/2024\/03\/08120921\/Daniela-Avella-luciendo-su-medalla-784x490-1-18x12.jpg 18w, https:\/\/media.radiolitoral.com\/wp-content\/uploads\/2024\/03\/08120921\/Daniela-Avella-luciendo-su-medalla-784x490-1-100x63.jpg 100w, https:\/\/media.radiolitoral.com\/wp-content\/uploads\/2024\/03\/08120921\/Daniela-Avella-luciendo-su-medalla-784x490-1-200x125.jpg 200w\" sizes=\"auto, (max-width: 784px) 100vw, 784px\" \/><figcaption id=\"caption-attachment-7193\" class=\"wp-caption-text\">Daniela Avell\u00e1 luciendo medalla | CG Les Marines<\/figcaption><\/figure>\n<p>El domingo en Almussafes, el tel\u00f3n se levant\u00f3 nuevamente para las gimnastas de Les Marines, quienes enfrentaron el reto con determinaci\u00f3n y coraje. En esta jornada, <strong>Daniela Avell\u00e1<\/strong> se erigi\u00f3 como la figura destacada, alz\u00e1ndose con el t\u00edtulo de <strong>Campeona Provincial en la categor\u00eda Alev\u00edn 2013<\/strong>, demostrando no solo habilidad y gracia en el tapiz sino tambi\u00e9n un carisma que cautiv\u00f3 tanto al p\u00fablico como al jurado. Otras actuaciones notables incluyeron a <strong>Sofia Bacanu<\/strong>, cuyo desempe\u00f1o encantador asegur\u00f3 su clasificaci\u00f3n para el auton\u00f3mico.<\/p>\n<p>Con ocho gimnastas ya en camino a la fase auton\u00f3mica, el Club Gimnasia Les Marines mira hacia el futuro con esperanza y determinaci\u00f3n, no solo por los logros alcanzados sino tambi\u00e9n por el esp\u00edritu de superaci\u00f3n y compa\u00f1erismo demostrado. Este club no solo se ha consolidado como un destacado representante de la gimnasia en la comunidad, sino que tambi\u00e9n se ha erigido como un s\u00edmbolo de la resiliencia y la pasi\u00f3n por el deporte.<\/p>\n<p>Ahora, con la mirada puesta en los pr\u00f3ximos desaf\u00edos, tanto para las clasificadas como para aquellos que competir\u00e1n en la fase provincial de Copa Base, el Club Gimnasia Les Marines se prepara para continuar su viaje, aspirando a alcanzar nuevos triunfos y llevar su talento al escenario nacional.<\/p>\n<\/div>\n<\/div>\n<\/div>\n<div class=\"mt-1 flex justify-start gap-3 empty:hidden\">\n<div class=\"text-gray-400 flex self-end lg:self-center justify-center lg:justify-start mt-0 -ml-1 h-7 visible\">\n<div class=\"flex items-center gap-1.5 text-xs\"><\/div>\n<\/div>\n<\/div>\n<div class=\"pr-2 lg:pr-0\"><\/div>\n<\/div>\n<div class=\"absolute\">\n<div class=\"flex w-full gap-2 items-center justify-center\"><\/div>\n<\/div>\n<\/div>\n<\/div>\n<\/div>\n<\/div>\n<\/div>\n<\/div>\n<\/div>\n<\/div>\n<div class=\"w-full pt-2 md:pt-0 dark:border-white\/20 md:border-transparent md:dark:border-transparent md:w-[calc(100%-.5rem)]\">\n<form class=\"stretch mx-2 flex flex-row gap-3 last:mb-2 md:mx-4 md:last:mb-6 lg:mx-auto lg:max-w-2xl xl:max-w-3xl\">\n<div class=\"relative flex h-full flex-1 flex-col\">\n<div class=\"flex w-full items-center\"><\/div>\n<\/div>\n<\/form>\n<\/div>\n","protected":false},"excerpt":{"rendered":"<p>En una emocionante haza\u00f1a deportiva que desafi\u00f3 las adversidades, el Club Gimnasia Les Marines de Calp brill\u00f3 intensamente en la fase provincial del Campeonato de Espa\u00f1a Base individual, un evento que no solo tuvo que sortear la reprogramaci\u00f3n debido a los devastadores incendios de Campanar sino que tambi\u00e9n se enfrent\u00f3 al reto de acoger un [&#8230;]<\/p>\n<p><a class=\"btn btn-secondary understrap-read-more-link\" href=\"https:\/\/radiolitoral.com\/ca\/2024\/03\/papel-estelar-del-cg-les-marines-en-el-provincial\/\">Continua llegint&#8230;<span class=\"screen-reader-text\"> from Papel estelar del CG Les Marines en el Provincial<\/span><\/a><\/p>\n","protected":false},"author":12,"featured_media":7191,"comment_status":"open","ping_status":"closed","sticky":false,"template":"","format":"standard","meta":{"_acf_changed":false,"inline_featured_image":false,"footnotes":""},"categories":[5],"tags":[877,876,880,6,878,881,879],"class_list":["post-7188","post","type-post","status-publish","format-standard","has-post-thumbnail","hentry","category-deportes","tag-almudena-buigues","tag-cg-les-marines","tag-daniela-avella","tag-deportes","tag-paula-garcia","tag-sofia-bacanu","tag-triana-ruano","cobertura-calp"],"acf":[],"yoast_head":"<!-- This site is optimized with the Yoast SEO plugin v27.5 - https:\/\/yoast.com\/product\/yoast-seo-wordpress\/ -->\n<title>Papel estelar del CG Les Marines en el Provincial | R\u00e0dio Litoral<\/title>\n<meta name=\"description\" content=\"Daniela Avell\u00e1 fue campeona Provincial en la categor\u00eda Alev\u00edn Daniela Avell\u00e1 fue campeona Provincial en la categor\u00eda Alev\u00edn\" \/>\n<meta name=\"robots\" content=\"index, follow, max-snippet:-1, max-image-preview:large, max-video-preview:-1\" \/>\n<link rel=\"canonical\" href=\"https:\/\/radiolitoral.com\/ca\/2024\/03\/paper-estel\u00b7lar-del-cg-les-marines-al-provincial\/\" \/>\n<meta property=\"og:locale\" content=\"ca_ES\" \/>\n<meta property=\"og:type\" content=\"article\" \/>\n<meta property=\"og:title\" content=\"Papel estelar del CG Les Marines en el Provincial | R\u00e0dio Litoral\" \/>\n<meta property=\"og:description\" content=\"Daniela Avell\u00e1 fue campeona Provincial en la categor\u00eda Alev\u00edn Daniela Avell\u00e1 fue campeona Provincial en la categor\u00eda Alev\u00edn\" \/>\n<meta property=\"og:url\" content=\"https:\/\/radiolitoral.com\/ca\/2024\/03\/paper-estel\u00b7lar-del-cg-les-marines-al-provincial\/\" \/>\n<meta property=\"og:site_name\" content=\"R\u00e0dio Litoral\" \/>\n<meta property=\"article:publisher\" content=\"https:\/\/www.facebook.com\/Laradiolitoral\/\" \/>\n<meta property=\"article:published_time\" content=\"2024-03-08T11:09:55+00:00\" \/>\n<meta property=\"og:image\" content=\"https:\/\/media.radiolitoral.com\/wp-content\/uploads\/2024\/03\/08120739\/gimnastas-del-CG-Les-Marines.jpg\" \/>\n\t<meta property=\"og:image:width\" content=\"1600\" \/>\n\t<meta property=\"og:image:height\" content=\"878\" \/>\n\t<meta property=\"og:image:type\" content=\"image\/jpeg\" \/>\n<meta name=\"author\" content=\"Javier Zamora\" \/>\n<meta name=\"twitter:card\" content=\"summary_large_image\" \/>\n<meta name=\"twitter:label1\" content=\"Escrit per\" \/>\n\t<meta name=\"twitter:data1\" content=\"Javier Zamora\" \/>\n\t<meta name=\"twitter:label2\" content=\"Temps estimat de lectura\" \/>\n\t<meta name=\"twitter:data2\" content=\"3 minuts\" \/>\n<script type=\"application\/ld+json\" class=\"yoast-schema-graph\">{\"@context\":\"https:\\\/\\\/schema.org\",\"@graph\":[{\"@type\":\"NewsArticle\",\"@id\":\"https:\\\/\\\/radiolitoral.com\\\/2024\\\/03\\\/papel-estelar-del-cg-les-marines-en-el-provincial\\\/#article\",\"isPartOf\":{\"@id\":\"https:\\\/\\\/radiolitoral.com\\\/2024\\\/03\\\/papel-estelar-del-cg-les-marines-en-el-provincial\\\/\"},\"author\":{\"name\":\"Javier Zamora\",\"@id\":\"https:\\\/\\\/radiolitoral.com\\\/#\\\/schema\\\/person\\\/7b1480b5caeb5acdd4ec6379caf62b22\"},\"headline\":\"Papel estelar del CG Les Marines en el Provincial\",\"datePublished\":\"2024-03-08T11:09:55+00:00\",\"mainEntityOfPage\":{\"@id\":\"https:\\\/\\\/radiolitoral.com\\\/2024\\\/03\\\/papel-estelar-del-cg-les-marines-en-el-provincial\\\/\"},\"wordCount\":465,\"commentCount\":0,\"publisher\":{\"@id\":\"https:\\\/\\\/radiolitoral.com\\\/#organization\"},\"image\":{\"@id\":\"https:\\\/\\\/radiolitoral.com\\\/2024\\\/03\\\/papel-estelar-del-cg-les-marines-en-el-provincial\\\/#primaryimage\"},\"thumbnailUrl\":\"https:\\\/\\\/media.radiolitoral.com\\\/wp-content\\\/uploads\\\/2024\\\/03\\\/08120739\\\/gimnastas-del-CG-Les-Marines.jpg\",\"keywords\":[\"Almudena Buigues\",\"CG Les Marines\",\"Daniela Avell\u00e1\",\"deportes\",\"Paula Garc\u00eda\",\"Sofia Bacanu\",\"Triana Ruano\"],\"articleSection\":[\"Deportes\"],\"inLanguage\":\"ca\",\"potentialAction\":[{\"@type\":\"CommentAction\",\"name\":\"Comment\",\"target\":[\"https:\\\/\\\/radiolitoral.com\\\/2024\\\/03\\\/papel-estelar-del-cg-les-marines-en-el-provincial\\\/#respond\"]}]},{\"@type\":[\"WebPage\",\"ItemPage\"],\"@id\":\"https:\\\/\\\/radiolitoral.com\\\/2024\\\/03\\\/papel-estelar-del-cg-les-marines-en-el-provincial\\\/\",\"url\":\"https:\\\/\\\/radiolitoral.com\\\/2024\\\/03\\\/papel-estelar-del-cg-les-marines-en-el-provincial\\\/\",\"name\":\"Papel estelar del CG Les Marines en el Provincial | R\u00e0dio Litoral\",\"isPartOf\":{\"@id\":\"https:\\\/\\\/radiolitoral.com\\\/#website\"},\"primaryImageOfPage\":{\"@id\":\"https:\\\/\\\/radiolitoral.com\\\/2024\\\/03\\\/papel-estelar-del-cg-les-marines-en-el-provincial\\\/#primaryimage\"},\"image\":{\"@id\":\"https:\\\/\\\/radiolitoral.com\\\/2024\\\/03\\\/papel-estelar-del-cg-les-marines-en-el-provincial\\\/#primaryimage\"},\"thumbnailUrl\":\"https:\\\/\\\/media.radiolitoral.com\\\/wp-content\\\/uploads\\\/2024\\\/03\\\/08120739\\\/gimnastas-del-CG-Les-Marines.jpg\",\"datePublished\":\"2024-03-08T11:09:55+00:00\",\"description\":\"Daniela Avell\u00e1 fue campeona Provincial en la categor\u00eda Alev\u00edn Daniela Avell\u00e1 fue campeona Provincial en la categor\u00eda Alev\u00edn\",\"breadcrumb\":{\"@id\":\"https:\\\/\\\/radiolitoral.com\\\/2024\\\/03\\\/papel-estelar-del-cg-les-marines-en-el-provincial\\\/#breadcrumb\"},\"inLanguage\":\"ca\",\"potentialAction\":[{\"@type\":\"ReadAction\",\"target\":[\"https:\\\/\\\/radiolitoral.com\\\/2024\\\/03\\\/papel-estelar-del-cg-les-marines-en-el-provincial\\\/\"]}]},{\"@type\":\"ImageObject\",\"inLanguage\":\"ca\",\"@id\":\"https:\\\/\\\/radiolitoral.com\\\/2024\\\/03\\\/papel-estelar-del-cg-les-marines-en-el-provincial\\\/#primaryimage\",\"url\":\"https:\\\/\\\/media.radiolitoral.com\\\/wp-content\\\/uploads\\\/2024\\\/03\\\/08120739\\\/gimnastas-del-CG-Les-Marines.jpg\",\"contentUrl\":\"https:\\\/\\\/media.radiolitoral.com\\\/wp-content\\\/uploads\\\/2024\\\/03\\\/08120739\\\/gimnastas-del-CG-Les-Marines.jpg\",\"width\":1600,\"height\":878},{\"@type\":\"BreadcrumbList\",\"@id\":\"https:\\\/\\\/radiolitoral.com\\\/2024\\\/03\\\/papel-estelar-del-cg-les-marines-en-el-provincial\\\/#breadcrumb\",\"itemListElement\":[{\"@type\":\"ListItem\",\"position\":1,\"name\":\"Portada\",\"item\":\"https:\\\/\\\/radiolitoral.com\\\/\"},{\"@type\":\"ListItem\",\"position\":2,\"name\":\"Papel estelar del CG Les Marines en el Provincial\"}]},{\"@type\":\"WebSite\",\"@id\":\"https:\\\/\\\/radiolitoral.com\\\/#website\",\"url\":\"https:\\\/\\\/radiolitoral.com\\\/\",\"name\":\"Radio Litoral\",\"description\":\"La radio local de la Marina Alta\",\"publisher\":{\"@id\":\"https:\\\/\\\/radiolitoral.com\\\/#organization\"},\"alternateName\":\"Litoral FM\",\"potentialAction\":[{\"@type\":\"SearchAction\",\"target\":{\"@type\":\"EntryPoint\",\"urlTemplate\":\"https:\\\/\\\/radiolitoral.com\\\/?s={search_term_string}\"},\"query-input\":{\"@type\":\"PropertyValueSpecification\",\"valueRequired\":true,\"valueName\":\"search_term_string\"}}],\"inLanguage\":\"ca\"},{\"@type\":\"Organization\",\"@id\":\"https:\\\/\\\/radiolitoral.com\\\/#organization\",\"name\":\"Radio Litoral\",\"url\":\"https:\\\/\\\/radiolitoral.com\\\/\",\"logo\":{\"@type\":\"ImageObject\",\"inLanguage\":\"ca\",\"@id\":\"https:\\\/\\\/radiolitoral.com\\\/#\\\/schema\\\/logo\\\/image\\\/\",\"url\":\"https:\\\/\\\/media.radiolitoral.com\\\/wp-content\\\/uploads\\\/2023\\\/02\\\/24143238\\\/CL-V-RadioLitoral696.png\",\"contentUrl\":\"https:\\\/\\\/media.radiolitoral.com\\\/wp-content\\\/uploads\\\/2023\\\/02\\\/24143238\\\/CL-V-RadioLitoral696.png\",\"width\":696,\"height\":696,\"caption\":\"Radio Litoral\"},\"image\":{\"@id\":\"https:\\\/\\\/radiolitoral.com\\\/#\\\/schema\\\/logo\\\/image\\\/\"},\"sameAs\":[\"https:\\\/\\\/www.facebook.com\\\/Laradiolitoral\\\/\"]},{\"@type\":\"Person\",\"@id\":\"https:\\\/\\\/radiolitoral.com\\\/#\\\/schema\\\/person\\\/7b1480b5caeb5acdd4ec6379caf62b22\",\"name\":\"Javier Zamora\",\"image\":{\"@type\":\"ImageObject\",\"inLanguage\":\"ca\",\"@id\":\"https:\\\/\\\/secure.gravatar.com\\\/avatar\\\/467a11f6918c7d619c4043fc6fa2d3853053107973f05b6e9c04ea6c4e3a7b3f?s=96&d=mm&r=g\",\"url\":\"https:\\\/\\\/secure.gravatar.com\\\/avatar\\\/467a11f6918c7d619c4043fc6fa2d3853053107973f05b6e9c04ea6c4e3a7b3f?s=96&d=mm&r=g\",\"contentUrl\":\"https:\\\/\\\/secure.gravatar.com\\\/avatar\\\/467a11f6918c7d619c4043fc6fa2d3853053107973f05b6e9c04ea6c4e3a7b3f?s=96&d=mm&r=g\",\"caption\":\"Javier Zamora\"},\"url\":\"https:\\\/\\\/radiolitoral.com\\\/ca\\\/author\\\/javier-zamora\\\/\"}]}<\/script>\n<!-- \/ Yoast SEO plugin. -->","yoast_head_json":{"title":"Paper estel\u00b7lar del CG Les Marines al Provincial | R\u00e0dio Litoral","description":"Daniela Avell\u00e1 va ser campiona Provincial a la categoria Alev\u00ed Daniela Avell\u00e1 va ser campiona Provincial a la categoria Alev\u00ed","robots":{"index":"index","follow":"follow","max-snippet":"max-snippet:-1","max-image-preview":"max-image-preview:large","max-video-preview":"max-video-preview:-1"},"canonical":"https:\/\/radiolitoral.com\/ca\/2024\/03\/paper-estel\u00b7lar-del-cg-les-marines-al-provincial\/","og_locale":"ca_ES","og_type":"article","og_title":"Papel estelar del CG Les Marines en el Provincial | R\u00e0dio Litoral","og_description":"Daniela Avell\u00e1 fue campeona Provincial en la categor\u00eda Alev\u00edn Daniela Avell\u00e1 fue campeona Provincial en la categor\u00eda Alev\u00edn","og_url":"https:\/\/radiolitoral.com\/ca\/2024\/03\/paper-estel\u00b7lar-del-cg-les-marines-al-provincial\/","og_site_name":"R\u00e0dio Litoral","article_publisher":"https:\/\/www.facebook.com\/Laradiolitoral\/","article_published_time":"2024-03-08T11:09:55+00:00","og_image":[{"width":1600,"height":878,"url":"https:\/\/media.radiolitoral.com\/wp-content\/uploads\/2024\/03\/08120739\/gimnastas-del-CG-Les-Marines.jpg","type":"image\/jpeg"}],"author":"Javier Zamora","twitter_card":"summary_large_image","twitter_misc":{"Escrit per":"Javier Zamora","Temps estimat de lectura":"3 minuts"},"schema":{"@context":"https:\/\/schema.org","@graph":[{"@type":"NewsArticle","@id":"https:\/\/radiolitoral.com\/2024\/03\/papel-estelar-del-cg-les-marines-en-el-provincial\/#article","isPartOf":{"@id":"https:\/\/radiolitoral.com\/2024\/03\/papel-estelar-del-cg-les-marines-en-el-provincial\/"},"author":{"name":"Javier Zamora","@id":"https:\/\/radiolitoral.com\/#\/schema\/person\/7b1480b5caeb5acdd4ec6379caf62b22"},"headline":"Papel estelar del CG Les Marines en el Provincial","datePublished":"2024-03-08T11:09:55+00:00","mainEntityOfPage":{"@id":"https:\/\/radiolitoral.com\/2024\/03\/papel-estelar-del-cg-les-marines-en-el-provincial\/"},"wordCount":465,"commentCount":0,"publisher":{"@id":"https:\/\/radiolitoral.com\/#organization"},"image":{"@id":"https:\/\/radiolitoral.com\/2024\/03\/papel-estelar-del-cg-les-marines-en-el-provincial\/#primaryimage"},"thumbnailUrl":"https:\/\/media.radiolitoral.com\/wp-content\/uploads\/2024\/03\/08120739\/gimnastas-del-CG-Les-Marines.jpg","keywords":["Almudena Buigues","CG Les Marines","Daniela Avell\u00e1","deportes","Paula Garc\u00eda","Sofia Bacanu","Triana Ruano"],"articleSection":["Deportes"],"inLanguage":"ca","potentialAction":[{"@type":"CommentAction","name":"Comment","target":["https:\/\/radiolitoral.com\/2024\/03\/papel-estelar-del-cg-les-marines-en-el-provincial\/#respond"]}]},{"@type":["WebPage","ItemPage"],"@id":"https:\/\/radiolitoral.com\/2024\/03\/papel-estelar-del-cg-les-marines-en-el-provincial\/","url":"https:\/\/radiolitoral.com\/2024\/03\/papel-estelar-del-cg-les-marines-en-el-provincial\/","name":"Paper estel\u00b7lar del CG Les Marines al Provincial | R\u00e0dio Litoral","isPartOf":{"@id":"https:\/\/radiolitoral.com\/#website"},"primaryImageOfPage":{"@id":"https:\/\/radiolitoral.com\/2024\/03\/papel-estelar-del-cg-les-marines-en-el-provincial\/#primaryimage"},"image":{"@id":"https:\/\/radiolitoral.com\/2024\/03\/papel-estelar-del-cg-les-marines-en-el-provincial\/#primaryimage"},"thumbnailUrl":"https:\/\/media.radiolitoral.com\/wp-content\/uploads\/2024\/03\/08120739\/gimnastas-del-CG-Les-Marines.jpg","datePublished":"2024-03-08T11:09:55+00:00","description":"Daniela Avell\u00e1 va ser campiona Provincial a la categoria Alev\u00ed Daniela Avell\u00e1 va ser campiona Provincial a la categoria Alev\u00ed","breadcrumb":{"@id":"https:\/\/radiolitoral.com\/2024\/03\/papel-estelar-del-cg-les-marines-en-el-provincial\/#breadcrumb"},"inLanguage":"ca","potentialAction":[{"@type":"ReadAction","target":["https:\/\/radiolitoral.com\/2024\/03\/papel-estelar-del-cg-les-marines-en-el-provincial\/"]}]},{"@type":"ImageObject","inLanguage":"ca","@id":"https:\/\/radiolitoral.com\/2024\/03\/papel-estelar-del-cg-les-marines-en-el-provincial\/#primaryimage","url":"https:\/\/media.radiolitoral.com\/wp-content\/uploads\/2024\/03\/08120739\/gimnastas-del-CG-Les-Marines.jpg","contentUrl":"https:\/\/media.radiolitoral.com\/wp-content\/uploads\/2024\/03\/08120739\/gimnastas-del-CG-Les-Marines.jpg","width":1600,"height":878},{"@type":"BreadcrumbList","@id":"https:\/\/radiolitoral.com\/2024\/03\/papel-estelar-del-cg-les-marines-en-el-provincial\/#breadcrumb","itemListElement":[{"@type":"ListItem","position":1,"name":"Portada","item":"https:\/\/radiolitoral.com\/"},{"@type":"ListItem","position":2,"name":"Papel estelar del CG Les Marines en el Provincial"}]},{"@type":"WebSite","@id":"https:\/\/radiolitoral.com\/#website","url":"https:\/\/radiolitoral.com\/","name":"R\u00e0dio Litoral","description":"La r\u00e0dio local de la Marina Alta","publisher":{"@id":"https:\/\/radiolitoral.com\/#organization"},"alternateName":"Litoral FM","potentialAction":[{"@type":"SearchAction","target":{"@type":"EntryPoint","urlTemplate":"https:\/\/radiolitoral.com\/?s={search_term_string}"},"query-input":{"@type":"PropertyValueSpecification","valueRequired":true,"valueName":"search_term_string"}}],"inLanguage":"ca"},{"@type":"Organization","@id":"https:\/\/radiolitoral.com\/#organization","name":"R\u00e0dio Litoral","url":"https:\/\/radiolitoral.com\/","logo":{"@type":"ImageObject","inLanguage":"ca","@id":"https:\/\/radiolitoral.com\/#\/schema\/logo\/image\/","url":"https:\/\/media.radiolitoral.com\/wp-content\/uploads\/2023\/02\/24143238\/CL-V-RadioLitoral696.png","contentUrl":"https:\/\/media.radiolitoral.com\/wp-content\/uploads\/2023\/02\/24143238\/CL-V-RadioLitoral696.png","width":696,"height":696,"caption":"Radio Litoral"},"image":{"@id":"https:\/\/radiolitoral.com\/#\/schema\/logo\/image\/"},"sameAs":["https:\/\/www.facebook.com\/Laradiolitoral\/"]},{"@type":"Person","@id":"https:\/\/radiolitoral.com\/#\/schema\/person\/7b1480b5caeb5acdd4ec6379caf62b22","name":"Javier Zamora","image":{"@type":"ImageObject","inLanguage":"ca","@id":"https:\/\/secure.gravatar.com\/avatar\/467a11f6918c7d619c4043fc6fa2d3853053107973f05b6e9c04ea6c4e3a7b3f?s=96&d=mm&r=g","url":"https:\/\/secure.gravatar.com\/avatar\/467a11f6918c7d619c4043fc6fa2d3853053107973f05b6e9c04ea6c4e3a7b3f?s=96&d=mm&r=g","contentUrl":"https:\/\/secure.gravatar.com\/avatar\/467a11f6918c7d619c4043fc6fa2d3853053107973f05b6e9c04ea6c4e3a7b3f?s=96&d=mm&r=g","caption":"Javier Zamora"},"url":"https:\/\/radiolitoral.com\/ca\/author\/javier-zamora\/"}]}},"_links":{"self":[{"href":"https:\/\/radiolitoral.com\/ca\/wp-json\/wp\/v2\/posts\/7188","targetHints":{"allow":["GET"]}}],"collection":[{"href":"https:\/\/radiolitoral.com\/ca\/wp-json\/wp\/v2\/posts"}],"about":[{"href":"https:\/\/radiolitoral.com\/ca\/wp-json\/wp\/v2\/types\/post"}],"author":[{"embeddable":true,"href":"https:\/\/radiolitoral.com\/ca\/wp-json\/wp\/v2\/users\/12"}],"replies":[{"embeddable":true,"href":"https:\/\/radiolitoral.com\/ca\/wp-json\/wp\/v2\/comments?post=7188"}],"version-history":[{"count":3,"href":"https:\/\/radiolitoral.com\/ca\/wp-json\/wp\/v2\/posts\/7188\/revisions"}],"predecessor-version":[{"id":7195,"href":"https:\/\/radiolitoral.com\/ca\/wp-json\/wp\/v2\/posts\/7188\/revisions\/7195"}],"wp:featuredmedia":[{"embeddable":true,"href":"https:\/\/radiolitoral.com\/ca\/wp-json\/wp\/v2\/media\/7191"}],"wp:attachment":[{"href":"https:\/\/radiolitoral.com\/ca\/wp-json\/wp\/v2\/media?parent=7188"}],"wp:term":[{"taxonomy":"category","embeddable":true,"href":"https:\/\/radiolitoral.com\/ca\/wp-json\/wp\/v2\/categories?post=7188"},{"taxonomy":"post_tag","embeddable":true,"href":"https:\/\/radiolitoral.com\/ca\/wp-json\/wp\/v2\/tags?post=7188"}],"curies":[{"name":"wp","href":"https:\/\/api.w.org\/{rel}","templated":true}]}}