{"id":7087,"date":"2024-03-01T17:35:31","date_gmt":"2024-03-01T16:35:31","guid":{"rendered":"https:\/\/radiolitoral.com\/?p=7087"},"modified":"2024-03-01T17:35:31","modified_gmt":"2024-03-01T16:35:31","slug":"el-partit-popular-aprova-en-solitari-el-pressupost-de-benissa-per-a-aquest-2024","status":"publish","type":"post","link":"https:\/\/radiolitoral.com\/ca\/2024\/03\/el-partido-popular-aprueba-en-solitario-el-presupuesto-de-benissa-para-este-2024\/","title":{"rendered":"El Partit Popular aprova en solitari el pressupost de Benissa per a aquest 2024"},"content":{"rendered":"<p><strong>Benissa<\/strong> va donar ahir a la nit, en ple extraordinari, llum verda als seus<a href=\"https:\/\/radiolitoral.com\/ca\/2024\/02\/benissa-eleva-a-aprovacio-els-seus-comptes-2024-amb-un-import-de-mes-de-21-milions-deuros\/\"><strong> pressupostos del 2024<\/strong> <\/a>amb els <strong>\u00fanics vots favorables de l&#039;equip de govern, del Partit Popular<\/strong>. Des de l?oposici\u00f3 van votar en contra en bloc.<\/p>\n<p>Un document econ\u00f2mic que suma un <strong>muntant m\u00e9s de 21&#039;1 milions d&#039;euros<\/strong>, la qual cosa implica un increment d&#039;uns 6 milions d&#039;euros respecte als darrers pressupostos aprovats, els del 2020, que havien estat prorrogats fins al passat exercici.<\/p>\n<p>S\u00f3n uns comptes, que des de l&#039;executiu van defensar, assegurant que s\u00f3n el resultat de diversos mesos de treball i de l&#039;adaptaci\u00f3 realista a l&#039;actual situaci\u00f3 econ\u00f2mica. El <strong>Alcalde, Arturo Poquet,<\/strong> en la seva intervenci\u00f3, va posar en valor el treball tant del regidor d&#039;Hisenda com dels t\u00e8cnics com de les cr\u00edtiques constructives de l&#039;oposici\u00f3 per dur a terme aquest document. Uns comptes, que el mun\u00edcipe va remarcar, pretenen invertir en els projectes necessaris per a Benissa.<\/p>\n<audio class=\"wp-audio-shortcode\" id=\"audio-7087-1\" preload=\"none\" style=\"width: 100%;\" controls=\"controls\"><source type=\"audio\/mpeg\" src=\"https:\/\/media.radiolitoral.com\/wp-content\/uploads\/2024\/03\/01171003\/Arturo-Poquet-pleno-Ptos.mp3?_=1\" \/><a href=\"https:\/\/media.radiolitoral.com\/wp-content\/uploads\/2024\/03\/01171003\/Arturo-Poquet-pleno-Ptos.mp3\">https:\/\/media.radiolitoral.com\/wp-content\/uploads\/2024\/03\/01171003\/Arturo-Poquet-pleno-Ptos.mp3<\/a><\/audio>\n<p>Els pressupostos contemplen partides amb qu\u00e8 tirar endavant el demandat <strong>Centre de Dia<\/strong>, -projecte que desperta molts dubtes a l&#039;oposici\u00f3-, la construcci\u00f3 de la <strong>pista d&#039;atletisme<\/strong>, la instal\u00b7laci\u00f3 de les c<strong>\u00e0mares de videovigil\u00e0ncia<\/strong> i la restauraci\u00f3 de la <strong>Torre Tros de les Calcides.<\/strong>\u00a0Tamb\u00e9 s&#039;incrementa la partida destinada a la <strong>neteja vi\u00e0ria<\/strong>, refor\u00e7ant en un 48% la quantitat destinada a la mercantil Benissa Impuls. I s&#039;hi inclou un important dedicat a l&#039;asfaltat i la millora de camins rurals.<\/p>\n<p><strong>OPOSICI\u00d3<\/strong><\/p>\n<p>Des de l&#039;oposici\u00f3, <strong>Reiniciem Benissa<\/strong>, li va recriminar a l&#039;executiu no haver tingut en compte cap de les seves propostes. El portaveu de la formaci\u00f3, <strong>Juan Carlos Mut<\/strong>, va criticar el <strong>augment d&#039;algunes de les despeses,<\/strong> com els sous o com la llum, posant de manifest la necessitat invertir en plaques solars. Al mateix temps que va retreure que <strong>baixen les partides<\/strong> per a la protecci\u00f3 i millora del medi ambient, per a igualtat o per a lescola de m\u00fasica.<\/p>\n<audio class=\"wp-audio-shortcode\" id=\"audio-7087-2\" preload=\"none\" style=\"width: 100%;\" controls=\"controls\"><source type=\"audio\/mpeg\" src=\"https:\/\/media.radiolitoral.com\/wp-content\/uploads\/2024\/03\/01171308\/Reiniciem-Benissa-Ptos.mp3?_=2\" \/><a href=\"https:\/\/media.radiolitoral.com\/wp-content\/uploads\/2024\/03\/01171308\/Reiniciem-Benissa-Ptos.mp3\">https:\/\/media.radiolitoral.com\/wp-content\/uploads\/2024\/03\/01171308\/Reiniciem-Benissa-Ptos.mp3<\/a><\/audio>\n<p>El <strong>PSOE<\/strong> tamb\u00e9 va votar en contra de la proposta pressupost\u00e0ria en considerar que aquests no s\u00f3n els comptes que el seu grup hagu\u00e9s proposat, a m\u00e9s, la portaveu, <strong>Marina Renner<\/strong>, va lamentar que algunes propostes del grup socialista han estat ignorades. Tamb\u00e9 va rebutjar el que no s&#039;ha retallat al <strong>despesa corrent<\/strong>. I va remarcar que havien sol\u00b7licitat <strong>m\u00e9s habitatges socials<\/strong>. Pel que fa al <strong>Centre de Dia<\/strong>, la portaveu socialista va mostrar els dubtes que aquest projecte despertava en preveure fer una inversi\u00f3 en un edifici privat, la Resid\u00e8ncia d&#039;Ancians San Joaqu\u00edn i Santa Ana, cosa en qu\u00e8 van coincidir la resta de grups de l&#039;oposici\u00f3.<\/p>\n<audio class=\"wp-audio-shortcode\" id=\"audio-7087-3\" preload=\"none\" style=\"width: 100%;\" controls=\"controls\"><source type=\"audio\/mpeg\" src=\"https:\/\/media.radiolitoral.com\/wp-content\/uploads\/2024\/03\/01171648\/Marina-Renner-pleno-Ptos.mp3?_=3\" \/><a href=\"https:\/\/media.radiolitoral.com\/wp-content\/uploads\/2024\/03\/01171648\/Marina-Renner-pleno-Ptos.mp3\">https:\/\/media.radiolitoral.com\/wp-content\/uploads\/2024\/03\/01171648\/Marina-Renner-pleno-Ptos.mp3<\/a><\/audio>\n<p>L&#039;edil de <strong>Comprom\u00eds, Mari Carme Ronda,<\/strong> va fer refer\u00e8ncia a les al\u00b7legacions presentades <strong>contra la pujada de l&#039;IBI<\/strong>, va criticar que 6 dels 9 regidors de l&#039;executiu local percebien de l&#039;ajuntament <strong>importants quantitats retributives<\/strong>. I va repassar les<strong> inversions compromeses<\/strong> pel PP que no s&#039;han incl\u00f2s als comptes del 2024.<\/p>\n<p>&nbsp;<\/p>\n<audio class=\"wp-audio-shortcode\" id=\"audio-7087-4\" preload=\"none\" style=\"width: 100%;\" controls=\"controls\"><source type=\"audio\/mpeg\" src=\"https:\/\/media.radiolitoral.com\/wp-content\/uploads\/2024\/03\/01171829\/Compromis-Ptos.mp3?_=4\" \/><a href=\"https:\/\/media.radiolitoral.com\/wp-content\/uploads\/2024\/03\/01171829\/Compromis-Ptos.mp3\">https:\/\/media.radiolitoral.com\/wp-content\/uploads\/2024\/03\/01171829\/Compromis-Ptos.mp3<\/a><\/audio>\n<p>El regidor del <strong>CIBE<\/strong>, <strong>Isidor Moll\u00e0<\/strong>, va incidir en els sous que estan cobrant els populars, denunciant la caritat que l&#039;equip de govern li resulta als benissers. Va mostrar la seva decepci\u00f3 per la <strong>t\u00f2nica de \u201cmalbaratament\u201d<\/strong> per la qual es regeix el PP a l&#039;executiu local i va lamentar el <strong>baix percentatge<\/strong> que del muntant total del pressupost es destina <strong>a inversions<\/strong>.<\/p>\n<audio class=\"wp-audio-shortcode\" id=\"audio-7087-5\" preload=\"none\" style=\"width: 100%;\" controls=\"controls\"><source type=\"audio\/mpeg\" src=\"https:\/\/media.radiolitoral.com\/wp-content\/uploads\/2024\/03\/01172205\/CIBE-PTOS.mp3?_=5\" \/><a href=\"https:\/\/media.radiolitoral.com\/wp-content\/uploads\/2024\/03\/01172205\/CIBE-PTOS.mp3\">https:\/\/media.radiolitoral.com\/wp-content\/uploads\/2024\/03\/01172205\/CIBE-PTOS.mp3<\/a><\/audio>\n<p>&nbsp;<\/p>","protected":false},"excerpt":{"rendered":"<p>Benissa dio anoche, en pleno extraordinario, luz verde a sus presupuestos de 2024 con los \u00fanicos votos favorables del equipo de gobierno, del Partido Popular. Desde la oposici\u00f3n votaron en contra en bloque. Un documento econ\u00f3mico que suma un montante de m\u00e1s de 21\u20191 millones de euros, lo que implica un incremento de unos 6 [&#8230;]<\/p>\n<p><a class=\"btn btn-secondary understrap-read-more-link\" href=\"https:\/\/radiolitoral.com\/ca\/2024\/03\/el-partido-popular-aprueba-en-solitario-el-presupuesto-de-benissa-para-este-2024\/\">Continua llegint&#8230;<span class=\"screen-reader-text\"> from El Partido Popular aprueba en solitario el presupuesto de Benissa para este 2024<\/span><\/a><\/p>\n","protected":false},"author":13,"featured_media":6186,"comment_status":"open","ping_status":"closed","sticky":false,"template":"","format":"standard","meta":{"_acf_changed":false,"inline_featured_image":false,"footnotes":""},"categories":[861],"tags":[],"class_list":["post-7087","post","type-post","status-publish","format-standard","has-post-thumbnail","hentry","category-presupuestos","cobertura-benissa"],"acf":[],"yoast_head":"<!-- This site is optimized with the Yoast SEO plugin v27.5 - https:\/\/yoast.com\/product\/yoast-seo-wordpress\/ -->\n<title>El Partido Popular aprueba en solitario el presupuesto de Benissa para este 2024 | R\u00e0dio Litoral<\/title>\n<meta name=\"description\" content=\"Desde la oposici\u00f3n critican la bajada en distintas partidas, la subida de los sueldos de los concejales y el bajo porcentaje en inversiones\" \/>\n<meta name=\"robots\" content=\"index, follow, max-snippet:-1, max-image-preview:large, max-video-preview:-1\" \/>\n<link rel=\"canonical\" href=\"https:\/\/radiolitoral.com\/ca\/2024\/03\/el-partit-popular-aprova-en-solitari-el-pressupost-de-benissa-per-a-aquest-2024\/\" \/>\n<meta property=\"og:locale\" content=\"ca_ES\" \/>\n<meta property=\"og:type\" content=\"article\" \/>\n<meta property=\"og:title\" content=\"El Partido Popular aprueba en solitario el presupuesto de Benissa para este 2024 | R\u00e0dio Litoral\" \/>\n<meta property=\"og:description\" content=\"Desde la oposici\u00f3n critican la bajada en distintas partidas, la subida de los sueldos de los concejales y el bajo porcentaje en inversiones\" \/>\n<meta property=\"og:url\" content=\"https:\/\/radiolitoral.com\/ca\/2024\/03\/el-partit-popular-aprova-en-solitari-el-pressupost-de-benissa-per-a-aquest-2024\/\" \/>\n<meta property=\"og:site_name\" content=\"R\u00e0dio Litoral\" \/>\n<meta property=\"article:publisher\" content=\"https:\/\/www.facebook.com\/Laradiolitoral\/\" \/>\n<meta property=\"article:published_time\" content=\"2024-03-01T16:35:31+00:00\" \/>\n<meta property=\"og:image\" content=\"https:\/\/media.radiolitoral.com\/wp-content\/uploads\/2024\/01\/03182517\/Pleno-Benissa-Archivo-1.jpeg\" \/>\n\t<meta property=\"og:image:width\" content=\"2000\" \/>\n\t<meta property=\"og:image:height\" content=\"1500\" \/>\n\t<meta property=\"og:image:type\" content=\"image\/jpeg\" \/>\n<meta name=\"author\" content=\"Redacci\u00f3n\" \/>\n<meta name=\"twitter:card\" content=\"summary_large_image\" \/>\n<meta name=\"twitter:label1\" content=\"Escrit per\" \/>\n\t<meta name=\"twitter:data1\" content=\"Redacci\u00f3n\" \/>\n\t<meta name=\"twitter:label2\" content=\"Temps estimat de lectura\" \/>\n\t<meta name=\"twitter:data2\" content=\"3 minuts\" \/>\n<script type=\"application\/ld+json\" class=\"yoast-schema-graph\">{\"@context\":\"https:\\\/\\\/schema.org\",\"@graph\":[{\"@type\":\"NewsArticle\",\"@id\":\"https:\\\/\\\/radiolitoral.com\\\/2024\\\/03\\\/el-partido-popular-aprueba-en-solitario-el-presupuesto-de-benissa-para-este-2024\\\/#article\",\"isPartOf\":{\"@id\":\"https:\\\/\\\/radiolitoral.com\\\/2024\\\/03\\\/el-partido-popular-aprueba-en-solitario-el-presupuesto-de-benissa-para-este-2024\\\/\"},\"author\":{\"name\":\"Redacci\u00f3n\",\"@id\":\"https:\\\/\\\/radiolitoral.com\\\/#\\\/schema\\\/person\\\/f2b2343c49b5d721857cc1002bfdb151\"},\"headline\":\"El Partido Popular aprueba en solitario el presupuesto de Benissa para este 2024\",\"datePublished\":\"2024-03-01T16:35:31+00:00\",\"mainEntityOfPage\":{\"@id\":\"https:\\\/\\\/radiolitoral.com\\\/2024\\\/03\\\/el-partido-popular-aprueba-en-solitario-el-presupuesto-de-benissa-para-este-2024\\\/\"},\"wordCount\":623,\"commentCount\":0,\"publisher\":{\"@id\":\"https:\\\/\\\/radiolitoral.com\\\/#organization\"},\"image\":{\"@id\":\"https:\\\/\\\/radiolitoral.com\\\/2024\\\/03\\\/el-partido-popular-aprueba-en-solitario-el-presupuesto-de-benissa-para-este-2024\\\/#primaryimage\"},\"thumbnailUrl\":\"https:\\\/\\\/media.radiolitoral.com\\\/wp-content\\\/uploads\\\/2024\\\/01\\\/03182517\\\/Pleno-Benissa-Archivo-1.jpeg\",\"articleSection\":[\"Presupuestos\"],\"inLanguage\":\"ca\",\"potentialAction\":[{\"@type\":\"CommentAction\",\"name\":\"Comment\",\"target\":[\"https:\\\/\\\/radiolitoral.com\\\/2024\\\/03\\\/el-partido-popular-aprueba-en-solitario-el-presupuesto-de-benissa-para-este-2024\\\/#respond\"]}]},{\"@type\":[\"WebPage\",\"ItemPage\"],\"@id\":\"https:\\\/\\\/radiolitoral.com\\\/2024\\\/03\\\/el-partido-popular-aprueba-en-solitario-el-presupuesto-de-benissa-para-este-2024\\\/\",\"url\":\"https:\\\/\\\/radiolitoral.com\\\/2024\\\/03\\\/el-partido-popular-aprueba-en-solitario-el-presupuesto-de-benissa-para-este-2024\\\/\",\"name\":\"El Partido Popular aprueba en solitario el presupuesto de Benissa para este 2024 | R\u00e0dio Litoral\",\"isPartOf\":{\"@id\":\"https:\\\/\\\/radiolitoral.com\\\/#website\"},\"primaryImageOfPage\":{\"@id\":\"https:\\\/\\\/radiolitoral.com\\\/2024\\\/03\\\/el-partido-popular-aprueba-en-solitario-el-presupuesto-de-benissa-para-este-2024\\\/#primaryimage\"},\"image\":{\"@id\":\"https:\\\/\\\/radiolitoral.com\\\/2024\\\/03\\\/el-partido-popular-aprueba-en-solitario-el-presupuesto-de-benissa-para-este-2024\\\/#primaryimage\"},\"thumbnailUrl\":\"https:\\\/\\\/media.radiolitoral.com\\\/wp-content\\\/uploads\\\/2024\\\/01\\\/03182517\\\/Pleno-Benissa-Archivo-1.jpeg\",\"datePublished\":\"2024-03-01T16:35:31+00:00\",\"description\":\"Desde la oposici\u00f3n critican la bajada en distintas partidas, la subida de los sueldos de los concejales y el bajo porcentaje en inversiones\",\"breadcrumb\":{\"@id\":\"https:\\\/\\\/radiolitoral.com\\\/2024\\\/03\\\/el-partido-popular-aprueba-en-solitario-el-presupuesto-de-benissa-para-este-2024\\\/#breadcrumb\"},\"inLanguage\":\"ca\",\"potentialAction\":[{\"@type\":\"ReadAction\",\"target\":[\"https:\\\/\\\/radiolitoral.com\\\/2024\\\/03\\\/el-partido-popular-aprueba-en-solitario-el-presupuesto-de-benissa-para-este-2024\\\/\"]}]},{\"@type\":\"ImageObject\",\"inLanguage\":\"ca\",\"@id\":\"https:\\\/\\\/radiolitoral.com\\\/2024\\\/03\\\/el-partido-popular-aprueba-en-solitario-el-presupuesto-de-benissa-para-este-2024\\\/#primaryimage\",\"url\":\"https:\\\/\\\/media.radiolitoral.com\\\/wp-content\\\/uploads\\\/2024\\\/01\\\/03182517\\\/Pleno-Benissa-Archivo-1.jpeg\",\"contentUrl\":\"https:\\\/\\\/media.radiolitoral.com\\\/wp-content\\\/uploads\\\/2024\\\/01\\\/03182517\\\/Pleno-Benissa-Archivo-1.jpeg\",\"width\":2000,\"height\":1500},{\"@type\":\"BreadcrumbList\",\"@id\":\"https:\\\/\\\/radiolitoral.com\\\/2024\\\/03\\\/el-partido-popular-aprueba-en-solitario-el-presupuesto-de-benissa-para-este-2024\\\/#breadcrumb\",\"itemListElement\":[{\"@type\":\"ListItem\",\"position\":1,\"name\":\"Portada\",\"item\":\"https:\\\/\\\/radiolitoral.com\\\/\"},{\"@type\":\"ListItem\",\"position\":2,\"name\":\"El Partido Popular aprueba en solitario el presupuesto de Benissa para este 2024\"}]},{\"@type\":\"WebSite\",\"@id\":\"https:\\\/\\\/radiolitoral.com\\\/#website\",\"url\":\"https:\\\/\\\/radiolitoral.com\\\/\",\"name\":\"Radio Litoral\",\"description\":\"La radio local de la Marina Alta\",\"publisher\":{\"@id\":\"https:\\\/\\\/radiolitoral.com\\\/#organization\"},\"alternateName\":\"Litoral FM\",\"potentialAction\":[{\"@type\":\"SearchAction\",\"target\":{\"@type\":\"EntryPoint\",\"urlTemplate\":\"https:\\\/\\\/radiolitoral.com\\\/?s={search_term_string}\"},\"query-input\":{\"@type\":\"PropertyValueSpecification\",\"valueRequired\":true,\"valueName\":\"search_term_string\"}}],\"inLanguage\":\"ca\"},{\"@type\":\"Organization\",\"@id\":\"https:\\\/\\\/radiolitoral.com\\\/#organization\",\"name\":\"Radio Litoral\",\"url\":\"https:\\\/\\\/radiolitoral.com\\\/\",\"logo\":{\"@type\":\"ImageObject\",\"inLanguage\":\"ca\",\"@id\":\"https:\\\/\\\/radiolitoral.com\\\/#\\\/schema\\\/logo\\\/image\\\/\",\"url\":\"https:\\\/\\\/media.radiolitoral.com\\\/wp-content\\\/uploads\\\/2023\\\/02\\\/24143238\\\/CL-V-RadioLitoral696.png\",\"contentUrl\":\"https:\\\/\\\/media.radiolitoral.com\\\/wp-content\\\/uploads\\\/2023\\\/02\\\/24143238\\\/CL-V-RadioLitoral696.png\",\"width\":696,\"height\":696,\"caption\":\"Radio Litoral\"},\"image\":{\"@id\":\"https:\\\/\\\/radiolitoral.com\\\/#\\\/schema\\\/logo\\\/image\\\/\"},\"sameAs\":[\"https:\\\/\\\/www.facebook.com\\\/Laradiolitoral\\\/\"]},{\"@type\":\"Person\",\"@id\":\"https:\\\/\\\/radiolitoral.com\\\/#\\\/schema\\\/person\\\/f2b2343c49b5d721857cc1002bfdb151\",\"name\":\"Redacci\u00f3n\",\"image\":{\"@type\":\"ImageObject\",\"inLanguage\":\"ca\",\"@id\":\"https:\\\/\\\/secure.gravatar.com\\\/avatar\\\/f771d896c203ad8b3382d7905cfcce5a5c9b008b84b3cd9114e9b9f4cb63f789?s=96&d=mm&r=g\",\"url\":\"https:\\\/\\\/secure.gravatar.com\\\/avatar\\\/f771d896c203ad8b3382d7905cfcce5a5c9b008b84b3cd9114e9b9f4cb63f789?s=96&d=mm&r=g\",\"contentUrl\":\"https:\\\/\\\/secure.gravatar.com\\\/avatar\\\/f771d896c203ad8b3382d7905cfcce5a5c9b008b84b3cd9114e9b9f4cb63f789?s=96&d=mm&r=g\",\"caption\":\"Redacci\u00f3n\"},\"url\":\"https:\\\/\\\/radiolitoral.com\\\/ca\\\/author\\\/miriam-pagan\\\/\"}]}<\/script>\n<!-- \/ Yoast SEO plugin. -->","yoast_head_json":{"title":"El Partit Popular aprova en solitari el pressupost de Benissa per a aquest 2024 | R\u00e0dio Litoral","description":"Des de l&#039;oposici\u00f3 critiquen la baixada en diferents partides, la pujada dels sous dels regidors i el percentatge baix en inversions","robots":{"index":"index","follow":"follow","max-snippet":"max-snippet:-1","max-image-preview":"max-image-preview:large","max-video-preview":"max-video-preview:-1"},"canonical":"https:\/\/radiolitoral.com\/ca\/2024\/03\/el-partit-popular-aprova-en-solitari-el-pressupost-de-benissa-per-a-aquest-2024\/","og_locale":"ca_ES","og_type":"article","og_title":"El Partido Popular aprueba en solitario el presupuesto de Benissa para este 2024 | R\u00e0dio Litoral","og_description":"Desde la oposici\u00f3n critican la bajada en distintas partidas, la subida de los sueldos de los concejales y el bajo porcentaje en inversiones","og_url":"https:\/\/radiolitoral.com\/ca\/2024\/03\/el-partit-popular-aprova-en-solitari-el-pressupost-de-benissa-per-a-aquest-2024\/","og_site_name":"R\u00e0dio Litoral","article_publisher":"https:\/\/www.facebook.com\/Laradiolitoral\/","article_published_time":"2024-03-01T16:35:31+00:00","og_image":[{"width":2000,"height":1500,"url":"https:\/\/media.radiolitoral.com\/wp-content\/uploads\/2024\/01\/03182517\/Pleno-Benissa-Archivo-1.jpeg","type":"image\/jpeg"}],"author":"Redacci\u00f3n","twitter_card":"summary_large_image","twitter_misc":{"Escrit per":"Redacci\u00f3n","Temps estimat de lectura":"3 minuts"},"schema":{"@context":"https:\/\/schema.org","@graph":[{"@type":"NewsArticle","@id":"https:\/\/radiolitoral.com\/2024\/03\/el-partido-popular-aprueba-en-solitario-el-presupuesto-de-benissa-para-este-2024\/#article","isPartOf":{"@id":"https:\/\/radiolitoral.com\/2024\/03\/el-partido-popular-aprueba-en-solitario-el-presupuesto-de-benissa-para-este-2024\/"},"author":{"name":"Redacci\u00f3n","@id":"https:\/\/radiolitoral.com\/#\/schema\/person\/f2b2343c49b5d721857cc1002bfdb151"},"headline":"El Partido Popular aprueba en solitario el presupuesto de Benissa para este 2024","datePublished":"2024-03-01T16:35:31+00:00","mainEntityOfPage":{"@id":"https:\/\/radiolitoral.com\/2024\/03\/el-partido-popular-aprueba-en-solitario-el-presupuesto-de-benissa-para-este-2024\/"},"wordCount":623,"commentCount":0,"publisher":{"@id":"https:\/\/radiolitoral.com\/#organization"},"image":{"@id":"https:\/\/radiolitoral.com\/2024\/03\/el-partido-popular-aprueba-en-solitario-el-presupuesto-de-benissa-para-este-2024\/#primaryimage"},"thumbnailUrl":"https:\/\/media.radiolitoral.com\/wp-content\/uploads\/2024\/01\/03182517\/Pleno-Benissa-Archivo-1.jpeg","articleSection":["Presupuestos"],"inLanguage":"ca","potentialAction":[{"@type":"CommentAction","name":"Comment","target":["https:\/\/radiolitoral.com\/2024\/03\/el-partido-popular-aprueba-en-solitario-el-presupuesto-de-benissa-para-este-2024\/#respond"]}]},{"@type":["WebPage","ItemPage"],"@id":"https:\/\/radiolitoral.com\/2024\/03\/el-partido-popular-aprueba-en-solitario-el-presupuesto-de-benissa-para-este-2024\/","url":"https:\/\/radiolitoral.com\/2024\/03\/el-partido-popular-aprueba-en-solitario-el-presupuesto-de-benissa-para-este-2024\/","name":"El Partit Popular aprova en solitari el pressupost de Benissa per a aquest 2024 | R\u00e0dio Litoral","isPartOf":{"@id":"https:\/\/radiolitoral.com\/#website"},"primaryImageOfPage":{"@id":"https:\/\/radiolitoral.com\/2024\/03\/el-partido-popular-aprueba-en-solitario-el-presupuesto-de-benissa-para-este-2024\/#primaryimage"},"image":{"@id":"https:\/\/radiolitoral.com\/2024\/03\/el-partido-popular-aprueba-en-solitario-el-presupuesto-de-benissa-para-este-2024\/#primaryimage"},"thumbnailUrl":"https:\/\/media.radiolitoral.com\/wp-content\/uploads\/2024\/01\/03182517\/Pleno-Benissa-Archivo-1.jpeg","datePublished":"2024-03-01T16:35:31+00:00","description":"Des de l&#039;oposici\u00f3 critiquen la baixada en diferents partides, la pujada dels sous dels regidors i el percentatge baix en inversions","breadcrumb":{"@id":"https:\/\/radiolitoral.com\/2024\/03\/el-partido-popular-aprueba-en-solitario-el-presupuesto-de-benissa-para-este-2024\/#breadcrumb"},"inLanguage":"ca","potentialAction":[{"@type":"ReadAction","target":["https:\/\/radiolitoral.com\/2024\/03\/el-partido-popular-aprueba-en-solitario-el-presupuesto-de-benissa-para-este-2024\/"]}]},{"@type":"ImageObject","inLanguage":"ca","@id":"https:\/\/radiolitoral.com\/2024\/03\/el-partido-popular-aprueba-en-solitario-el-presupuesto-de-benissa-para-este-2024\/#primaryimage","url":"https:\/\/media.radiolitoral.com\/wp-content\/uploads\/2024\/01\/03182517\/Pleno-Benissa-Archivo-1.jpeg","contentUrl":"https:\/\/media.radiolitoral.com\/wp-content\/uploads\/2024\/01\/03182517\/Pleno-Benissa-Archivo-1.jpeg","width":2000,"height":1500},{"@type":"BreadcrumbList","@id":"https:\/\/radiolitoral.com\/2024\/03\/el-partido-popular-aprueba-en-solitario-el-presupuesto-de-benissa-para-este-2024\/#breadcrumb","itemListElement":[{"@type":"ListItem","position":1,"name":"Portada","item":"https:\/\/radiolitoral.com\/"},{"@type":"ListItem","position":2,"name":"El Partido Popular aprueba en solitario el presupuesto de Benissa para este 2024"}]},{"@type":"WebSite","@id":"https:\/\/radiolitoral.com\/#website","url":"https:\/\/radiolitoral.com\/","name":"R\u00e0dio Litoral","description":"La r\u00e0dio local de la Marina Alta","publisher":{"@id":"https:\/\/radiolitoral.com\/#organization"},"alternateName":"Litoral FM","potentialAction":[{"@type":"SearchAction","target":{"@type":"EntryPoint","urlTemplate":"https:\/\/radiolitoral.com\/?s={search_term_string}"},"query-input":{"@type":"PropertyValueSpecification","valueRequired":true,"valueName":"search_term_string"}}],"inLanguage":"ca"},{"@type":"Organization","@id":"https:\/\/radiolitoral.com\/#organization","name":"R\u00e0dio Litoral","url":"https:\/\/radiolitoral.com\/","logo":{"@type":"ImageObject","inLanguage":"ca","@id":"https:\/\/radiolitoral.com\/#\/schema\/logo\/image\/","url":"https:\/\/media.radiolitoral.com\/wp-content\/uploads\/2023\/02\/24143238\/CL-V-RadioLitoral696.png","contentUrl":"https:\/\/media.radiolitoral.com\/wp-content\/uploads\/2023\/02\/24143238\/CL-V-RadioLitoral696.png","width":696,"height":696,"caption":"Radio Litoral"},"image":{"@id":"https:\/\/radiolitoral.com\/#\/schema\/logo\/image\/"},"sameAs":["https:\/\/www.facebook.com\/Laradiolitoral\/"]},{"@type":"Person","@id":"https:\/\/radiolitoral.com\/#\/schema\/person\/f2b2343c49b5d721857cc1002bfdb151","name":"Redacci\u00f3","image":{"@type":"ImageObject","inLanguage":"ca","@id":"https:\/\/secure.gravatar.com\/avatar\/f771d896c203ad8b3382d7905cfcce5a5c9b008b84b3cd9114e9b9f4cb63f789?s=96&d=mm&r=g","url":"https:\/\/secure.gravatar.com\/avatar\/f771d896c203ad8b3382d7905cfcce5a5c9b008b84b3cd9114e9b9f4cb63f789?s=96&d=mm&r=g","contentUrl":"https:\/\/secure.gravatar.com\/avatar\/f771d896c203ad8b3382d7905cfcce5a5c9b008b84b3cd9114e9b9f4cb63f789?s=96&d=mm&r=g","caption":"Redacci\u00f3n"},"url":"https:\/\/radiolitoral.com\/ca\/author\/miriam-pagan\/"}]}},"_links":{"self":[{"href":"https:\/\/radiolitoral.com\/ca\/wp-json\/wp\/v2\/posts\/7087","targetHints":{"allow":["GET"]}}],"collection":[{"href":"https:\/\/radiolitoral.com\/ca\/wp-json\/wp\/v2\/posts"}],"about":[{"href":"https:\/\/radiolitoral.com\/ca\/wp-json\/wp\/v2\/types\/post"}],"author":[{"embeddable":true,"href":"https:\/\/radiolitoral.com\/ca\/wp-json\/wp\/v2\/users\/13"}],"replies":[{"embeddable":true,"href":"https:\/\/radiolitoral.com\/ca\/wp-json\/wp\/v2\/comments?post=7087"}],"version-history":[{"count":3,"href":"https:\/\/radiolitoral.com\/ca\/wp-json\/wp\/v2\/posts\/7087\/revisions"}],"predecessor-version":[{"id":7095,"href":"https:\/\/radiolitoral.com\/ca\/wp-json\/wp\/v2\/posts\/7087\/revisions\/7095"}],"wp:featuredmedia":[{"embeddable":true,"href":"https:\/\/radiolitoral.com\/ca\/wp-json\/wp\/v2\/media\/6186"}],"wp:attachment":[{"href":"https:\/\/radiolitoral.com\/ca\/wp-json\/wp\/v2\/media?parent=7087"}],"wp:term":[{"taxonomy":"category","embeddable":true,"href":"https:\/\/radiolitoral.com\/ca\/wp-json\/wp\/v2\/categories?post=7087"},{"taxonomy":"post_tag","embeddable":true,"href":"https:\/\/radiolitoral.com\/ca\/wp-json\/wp\/v2\/tags?post=7087"}],"curies":[{"name":"wp","href":"https:\/\/api.w.org\/{rel}","templated":true}]}}