{"id":7078,"date":"2024-02-29T14:15:56","date_gmt":"2024-02-29T13:15:56","guid":{"rendered":"https:\/\/radiolitoral.com\/?p=7078"},"modified":"2024-02-29T14:15:56","modified_gmt":"2024-02-29T13:15:56","slug":"conselleria-reforca-la-unitat-dhospitalitzacio-a-domicili-amb-mes-personal-i-nous-vehicles","status":"publish","type":"post","link":"https:\/\/radiolitoral.com\/ca\/2024\/02\/conselleria-refuerza-la-unidad-de-hospitalizacion-a-domicilio-con-mas-personal-y-nuevos-vehiculos\/","title":{"rendered":"Conselleria refor\u00e7a la Unitat d&#039;Hospitalitzaci\u00f3 a Domicili amb m\u00e9s personal i vehicles nous"},"content":{"rendered":"<p>Despr\u00e9s de fer-se efectiva la reversi\u00f3 sanit\u00e0ria, segueixen arribant a la <strong>Marina Alta<\/strong> canvis i millores al <strong>Departament de Salut de D\u00e9nia -DSD-<\/strong>. L&#039;\u00faltim, la <strong>Conselleria de Sanitat<\/strong> ha destinat <strong>set nous cotxes<\/strong> a la <strong>Unitat d&#039;Hospitalitzaci\u00f3 a Domicili del DSD<\/strong>, equipats amb la darrera tecnologia en mat\u00e8ria de seguretat i confort.<\/p>\n<p>A m\u00e9s, els vehicles incorporen un sistema innovador de tra\u00e7abilitat, que permet con\u00e8ixer en tot moment la ubicaci\u00f3 del cotxe i del conductor, cosa que facilita l&#039;organitzaci\u00f3 de la feina i la gesti\u00f3 de les incid\u00e8ncies, com ha explicat la <strong>Cap de la unitat, Charo Baydal.<\/strong><\/p>\n<audio class=\"wp-audio-shortcode\" id=\"audio-7078-1\" preload=\"none\" style=\"width: 100%;\" controls=\"controls\"><source type=\"audio\/mpeg\" src=\"https:\/\/media.radiolitoral.com\/wp-content\/uploads\/2024\/02\/29140940\/Charo-Baydal.mp3?_=1\" \/><a href=\"https:\/\/media.radiolitoral.com\/wp-content\/uploads\/2024\/02\/29140940\/Charo-Baydal.mp3\">https:\/\/media.radiolitoral.com\/wp-content\/uploads\/2024\/02\/29140940\/Charo-Baydal.mp3<\/a><\/audio>\n<p>A m\u00e9s, la Unitat d&#039;Hospitalitzaci\u00f3 a Domicili tamb\u00e9 <strong>ha augmentat la plantilla estructural amb un facultatiu i dues infermeres addicionals<\/strong>. Aquestes darreres s&#039;incorporaran a l&#039;equip les properes setmanes.<\/p>\n<p>La unitat de D\u00e9nia \u00e9s una alternativa a l&#039;hospitalitzaci\u00f3 tradicional, que <strong>at\u00e9n 30 pacients diaris<\/strong> -900 a l&#039;any-, amb una estada mitjana de 9,8 dies. \u00c9s una unitat multidisciplinar, formada per: metges, infermeres, TCAES (T\u00e8cnics a Cures Auxiliars d&#039;Infermeria) i psic\u00f2legs.<strong>\u00a0<\/strong><\/p>\n<p>L&#039;equip s&#039;encarrega de dispensar-ne una <strong>atenci\u00f3 integral al pacient a casa seva<\/strong>, amb l&#039;objectiu de millorar tant la qualitat de vida com la de la fam\u00edlia.<\/p>","protected":false},"excerpt":{"rendered":"<p>Tras hacerse efectiva la reversi\u00f3n sanitaria, siguen llegando a la Marina Alta cambios y mejoras en el Departamento de Salud de D\u00e9nia -DSD-. Lo \u00faltimo, la Conselleria de Sanidad ha destinado siete nuevos coches a la Unidad de Hospitalizaci\u00f3n a Domicilio del DSD, equipados con la \u00faltima tecnolog\u00eda en materia de seguridad y confort. Adem\u00e1s, [&#8230;]<\/p>\n<p><a class=\"btn btn-secondary understrap-read-more-link\" href=\"https:\/\/radiolitoral.com\/ca\/2024\/02\/conselleria-refuerza-la-unidad-de-hospitalizacion-a-domicilio-con-mas-personal-y-nuevos-vehiculos\/\">Continua llegint&#8230;<span class=\"screen-reader-text\"> from Conselleria refuerza la Unidad de Hospitalizaci\u00f3n a Domicilio con m\u00e1s personal y nuevos veh\u00edculos<\/span><\/a><\/p>\n","protected":false},"author":21,"featured_media":7080,"comment_status":"open","ping_status":"closed","sticky":false,"template":"","format":"standard","meta":{"_acf_changed":false,"inline_featured_image":false,"footnotes":""},"categories":[380],"tags":[],"class_list":["post-7078","post","type-post","status-publish","format-standard","has-post-thumbnail","hentry","category-sanidad","cobertura-marina-alta"],"acf":[],"yoast_head":"<!-- This site is optimized with the Yoast SEO plugin v27.5 - https:\/\/yoast.com\/product\/yoast-seo-wordpress\/ -->\n<title>Conselleria refuerza la Unidad de Hospitalizaci\u00f3n a Domicilio con m\u00e1s personal y nuevos veh\u00edculos | R\u00e0dio Litoral<\/title>\n<meta name=\"description\" content=\"Un servicio del DSD que atiende a unos 30 pacientes diarios hospitalizados en sus propias casas y que ve mejorados sus recursos\" \/>\n<meta name=\"robots\" content=\"index, follow, max-snippet:-1, max-image-preview:large, max-video-preview:-1\" \/>\n<link rel=\"canonical\" href=\"https:\/\/radiolitoral.com\/ca\/2024\/02\/conselleria-reforca-la-unitat-dhospitalitzacio-a-domicili-amb-mes-personal-i-nous-vehicles\/\" \/>\n<meta property=\"og:locale\" content=\"ca_ES\" \/>\n<meta property=\"og:type\" content=\"article\" \/>\n<meta property=\"og:title\" content=\"Conselleria refuerza la Unidad de Hospitalizaci\u00f3n a Domicilio con m\u00e1s personal y nuevos veh\u00edculos | R\u00e0dio Litoral\" \/>\n<meta property=\"og:description\" content=\"Un servicio del DSD que atiende a unos 30 pacientes diarios hospitalizados en sus propias casas y que ve mejorados sus recursos\" \/>\n<meta property=\"og:url\" content=\"https:\/\/radiolitoral.com\/ca\/2024\/02\/conselleria-reforca-la-unitat-dhospitalitzacio-a-domicili-amb-mes-personal-i-nous-vehicles\/\" \/>\n<meta property=\"og:site_name\" content=\"R\u00e0dio Litoral\" \/>\n<meta property=\"article:publisher\" content=\"https:\/\/www.facebook.com\/Laradiolitoral\/\" \/>\n<meta property=\"article:published_time\" content=\"2024-02-29T13:15:56+00:00\" \/>\n<meta property=\"og:image\" content=\"https:\/\/media.radiolitoral.com\/wp-content\/uploads\/2024\/02\/29141447\/UHD_Hospital_Denia_GVA_DSD_28_02_2024_3-002.jpg\" \/>\n\t<meta property=\"og:image:width\" content=\"2000\" \/>\n\t<meta property=\"og:image:height\" content=\"1333\" \/>\n\t<meta property=\"og:image:type\" content=\"image\/jpeg\" \/>\n<meta name=\"author\" content=\"Mel Pescuezo\" \/>\n<meta name=\"twitter:card\" content=\"summary_large_image\" \/>\n<meta name=\"twitter:label1\" content=\"Escrit per\" \/>\n\t<meta name=\"twitter:data1\" content=\"Mel Pescuezo\" \/>\n\t<meta name=\"twitter:label2\" content=\"Temps estimat de lectura\" \/>\n\t<meta name=\"twitter:data2\" content=\"2 minuts\" \/>\n<script type=\"application\/ld+json\" class=\"yoast-schema-graph\">{\"@context\":\"https:\\\/\\\/schema.org\",\"@graph\":[{\"@type\":\"NewsArticle\",\"@id\":\"https:\\\/\\\/radiolitoral.com\\\/2024\\\/02\\\/conselleria-refuerza-la-unidad-de-hospitalizacion-a-domicilio-con-mas-personal-y-nuevos-vehiculos\\\/#article\",\"isPartOf\":{\"@id\":\"https:\\\/\\\/radiolitoral.com\\\/2024\\\/02\\\/conselleria-refuerza-la-unidad-de-hospitalizacion-a-domicilio-con-mas-personal-y-nuevos-vehiculos\\\/\"},\"author\":{\"name\":\"Mel Pescuezo\",\"@id\":\"https:\\\/\\\/radiolitoral.com\\\/#\\\/schema\\\/person\\\/aad4f72efa404f85b68e832d24cac059\"},\"headline\":\"Conselleria refuerza la Unidad de Hospitalizaci\u00f3n a Domicilio con m\u00e1s personal y nuevos veh\u00edculos\",\"datePublished\":\"2024-02-29T13:15:56+00:00\",\"mainEntityOfPage\":{\"@id\":\"https:\\\/\\\/radiolitoral.com\\\/2024\\\/02\\\/conselleria-refuerza-la-unidad-de-hospitalizacion-a-domicilio-con-mas-personal-y-nuevos-vehiculos\\\/\"},\"wordCount\":251,\"commentCount\":0,\"publisher\":{\"@id\":\"https:\\\/\\\/radiolitoral.com\\\/#organization\"},\"image\":{\"@id\":\"https:\\\/\\\/radiolitoral.com\\\/2024\\\/02\\\/conselleria-refuerza-la-unidad-de-hospitalizacion-a-domicilio-con-mas-personal-y-nuevos-vehiculos\\\/#primaryimage\"},\"thumbnailUrl\":\"https:\\\/\\\/media.radiolitoral.com\\\/wp-content\\\/uploads\\\/2024\\\/02\\\/29141447\\\/UHD_Hospital_Denia_GVA_DSD_28_02_2024_3-002.jpg\",\"articleSection\":[\"Sanidad\"],\"inLanguage\":\"ca\",\"potentialAction\":[{\"@type\":\"CommentAction\",\"name\":\"Comment\",\"target\":[\"https:\\\/\\\/radiolitoral.com\\\/2024\\\/02\\\/conselleria-refuerza-la-unidad-de-hospitalizacion-a-domicilio-con-mas-personal-y-nuevos-vehiculos\\\/#respond\"]}]},{\"@type\":[\"WebPage\",\"ItemPage\"],\"@id\":\"https:\\\/\\\/radiolitoral.com\\\/2024\\\/02\\\/conselleria-refuerza-la-unidad-de-hospitalizacion-a-domicilio-con-mas-personal-y-nuevos-vehiculos\\\/\",\"url\":\"https:\\\/\\\/radiolitoral.com\\\/2024\\\/02\\\/conselleria-refuerza-la-unidad-de-hospitalizacion-a-domicilio-con-mas-personal-y-nuevos-vehiculos\\\/\",\"name\":\"Conselleria refuerza la Unidad de Hospitalizaci\u00f3n a Domicilio con m\u00e1s personal y nuevos veh\u00edculos | R\u00e0dio Litoral\",\"isPartOf\":{\"@id\":\"https:\\\/\\\/radiolitoral.com\\\/#website\"},\"primaryImageOfPage\":{\"@id\":\"https:\\\/\\\/radiolitoral.com\\\/2024\\\/02\\\/conselleria-refuerza-la-unidad-de-hospitalizacion-a-domicilio-con-mas-personal-y-nuevos-vehiculos\\\/#primaryimage\"},\"image\":{\"@id\":\"https:\\\/\\\/radiolitoral.com\\\/2024\\\/02\\\/conselleria-refuerza-la-unidad-de-hospitalizacion-a-domicilio-con-mas-personal-y-nuevos-vehiculos\\\/#primaryimage\"},\"thumbnailUrl\":\"https:\\\/\\\/media.radiolitoral.com\\\/wp-content\\\/uploads\\\/2024\\\/02\\\/29141447\\\/UHD_Hospital_Denia_GVA_DSD_28_02_2024_3-002.jpg\",\"datePublished\":\"2024-02-29T13:15:56+00:00\",\"description\":\"Un servicio del DSD que atiende a unos 30 pacientes diarios hospitalizados en sus propias casas y que ve mejorados sus recursos\",\"breadcrumb\":{\"@id\":\"https:\\\/\\\/radiolitoral.com\\\/2024\\\/02\\\/conselleria-refuerza-la-unidad-de-hospitalizacion-a-domicilio-con-mas-personal-y-nuevos-vehiculos\\\/#breadcrumb\"},\"inLanguage\":\"ca\",\"potentialAction\":[{\"@type\":\"ReadAction\",\"target\":[\"https:\\\/\\\/radiolitoral.com\\\/2024\\\/02\\\/conselleria-refuerza-la-unidad-de-hospitalizacion-a-domicilio-con-mas-personal-y-nuevos-vehiculos\\\/\"]}]},{\"@type\":\"ImageObject\",\"inLanguage\":\"ca\",\"@id\":\"https:\\\/\\\/radiolitoral.com\\\/2024\\\/02\\\/conselleria-refuerza-la-unidad-de-hospitalizacion-a-domicilio-con-mas-personal-y-nuevos-vehiculos\\\/#primaryimage\",\"url\":\"https:\\\/\\\/media.radiolitoral.com\\\/wp-content\\\/uploads\\\/2024\\\/02\\\/29141447\\\/UHD_Hospital_Denia_GVA_DSD_28_02_2024_3-002.jpg\",\"contentUrl\":\"https:\\\/\\\/media.radiolitoral.com\\\/wp-content\\\/uploads\\\/2024\\\/02\\\/29141447\\\/UHD_Hospital_Denia_GVA_DSD_28_02_2024_3-002.jpg\",\"width\":2000,\"height\":1333},{\"@type\":\"BreadcrumbList\",\"@id\":\"https:\\\/\\\/radiolitoral.com\\\/2024\\\/02\\\/conselleria-refuerza-la-unidad-de-hospitalizacion-a-domicilio-con-mas-personal-y-nuevos-vehiculos\\\/#breadcrumb\",\"itemListElement\":[{\"@type\":\"ListItem\",\"position\":1,\"name\":\"Portada\",\"item\":\"https:\\\/\\\/radiolitoral.com\\\/\"},{\"@type\":\"ListItem\",\"position\":2,\"name\":\"Conselleria refuerza la Unidad de Hospitalizaci\u00f3n a Domicilio con m\u00e1s personal y nuevos veh\u00edculos\"}]},{\"@type\":\"WebSite\",\"@id\":\"https:\\\/\\\/radiolitoral.com\\\/#website\",\"url\":\"https:\\\/\\\/radiolitoral.com\\\/\",\"name\":\"Radio Litoral\",\"description\":\"La radio local de la Marina Alta\",\"publisher\":{\"@id\":\"https:\\\/\\\/radiolitoral.com\\\/#organization\"},\"alternateName\":\"Litoral FM\",\"potentialAction\":[{\"@type\":\"SearchAction\",\"target\":{\"@type\":\"EntryPoint\",\"urlTemplate\":\"https:\\\/\\\/radiolitoral.com\\\/?s={search_term_string}\"},\"query-input\":{\"@type\":\"PropertyValueSpecification\",\"valueRequired\":true,\"valueName\":\"search_term_string\"}}],\"inLanguage\":\"ca\"},{\"@type\":\"Organization\",\"@id\":\"https:\\\/\\\/radiolitoral.com\\\/#organization\",\"name\":\"Radio Litoral\",\"url\":\"https:\\\/\\\/radiolitoral.com\\\/\",\"logo\":{\"@type\":\"ImageObject\",\"inLanguage\":\"ca\",\"@id\":\"https:\\\/\\\/radiolitoral.com\\\/#\\\/schema\\\/logo\\\/image\\\/\",\"url\":\"https:\\\/\\\/media.radiolitoral.com\\\/wp-content\\\/uploads\\\/2023\\\/02\\\/24143238\\\/CL-V-RadioLitoral696.png\",\"contentUrl\":\"https:\\\/\\\/media.radiolitoral.com\\\/wp-content\\\/uploads\\\/2023\\\/02\\\/24143238\\\/CL-V-RadioLitoral696.png\",\"width\":696,\"height\":696,\"caption\":\"Radio Litoral\"},\"image\":{\"@id\":\"https:\\\/\\\/radiolitoral.com\\\/#\\\/schema\\\/logo\\\/image\\\/\"},\"sameAs\":[\"https:\\\/\\\/www.facebook.com\\\/Laradiolitoral\\\/\"]},{\"@type\":\"Person\",\"@id\":\"https:\\\/\\\/radiolitoral.com\\\/#\\\/schema\\\/person\\\/aad4f72efa404f85b68e832d24cac059\",\"name\":\"Mel Pescuezo\",\"image\":{\"@type\":\"ImageObject\",\"inLanguage\":\"ca\",\"@id\":\"https:\\\/\\\/secure.gravatar.com\\\/avatar\\\/993975ae489c70cb0dd9bfa9413a082f0bd276582dac13661af7b33f161e7eea?s=96&d=mm&r=g\",\"url\":\"https:\\\/\\\/secure.gravatar.com\\\/avatar\\\/993975ae489c70cb0dd9bfa9413a082f0bd276582dac13661af7b33f161e7eea?s=96&d=mm&r=g\",\"contentUrl\":\"https:\\\/\\\/secure.gravatar.com\\\/avatar\\\/993975ae489c70cb0dd9bfa9413a082f0bd276582dac13661af7b33f161e7eea?s=96&d=mm&r=g\",\"caption\":\"Mel Pescuezo\"},\"url\":\"https:\\\/\\\/radiolitoral.com\\\/ca\\\/author\\\/serviciospararadios\\\/\"}]}<\/script>\n<!-- \/ Yoast SEO plugin. -->","yoast_head_json":{"title":"Conselleria refor\u00e7a la Unitat d&#039;Hospitalitzaci\u00f3 Domicili amb m\u00e9s personal i nous vehicles | R\u00e0dio Litoral","description":"Un servei del DSD que at\u00e9n uns 30 pacients diaris hospitalitzats a casa i que veu millorats els seus recursos","robots":{"index":"index","follow":"follow","max-snippet":"max-snippet:-1","max-image-preview":"max-image-preview:large","max-video-preview":"max-video-preview:-1"},"canonical":"https:\/\/radiolitoral.com\/ca\/2024\/02\/conselleria-reforca-la-unitat-dhospitalitzacio-a-domicili-amb-mes-personal-i-nous-vehicles\/","og_locale":"ca_ES","og_type":"article","og_title":"Conselleria refuerza la Unidad de Hospitalizaci\u00f3n a Domicilio con m\u00e1s personal y nuevos veh\u00edculos | R\u00e0dio Litoral","og_description":"Un servicio del DSD que atiende a unos 30 pacientes diarios hospitalizados en sus propias casas y que ve mejorados sus recursos","og_url":"https:\/\/radiolitoral.com\/ca\/2024\/02\/conselleria-reforca-la-unitat-dhospitalitzacio-a-domicili-amb-mes-personal-i-nous-vehicles\/","og_site_name":"R\u00e0dio Litoral","article_publisher":"https:\/\/www.facebook.com\/Laradiolitoral\/","article_published_time":"2024-02-29T13:15:56+00:00","og_image":[{"width":2000,"height":1333,"url":"https:\/\/media.radiolitoral.com\/wp-content\/uploads\/2024\/02\/29141447\/UHD_Hospital_Denia_GVA_DSD_28_02_2024_3-002.jpg","type":"image\/jpeg"}],"author":"Mel Pescuezo","twitter_card":"summary_large_image","twitter_misc":{"Escrit per":"Mel Pescuezo","Temps estimat de lectura":"2 minuts"},"schema":{"@context":"https:\/\/schema.org","@graph":[{"@type":"NewsArticle","@id":"https:\/\/radiolitoral.com\/2024\/02\/conselleria-refuerza-la-unidad-de-hospitalizacion-a-domicilio-con-mas-personal-y-nuevos-vehiculos\/#article","isPartOf":{"@id":"https:\/\/radiolitoral.com\/2024\/02\/conselleria-refuerza-la-unidad-de-hospitalizacion-a-domicilio-con-mas-personal-y-nuevos-vehiculos\/"},"author":{"name":"Mel Pescuezo","@id":"https:\/\/radiolitoral.com\/#\/schema\/person\/aad4f72efa404f85b68e832d24cac059"},"headline":"Conselleria refuerza la Unidad de Hospitalizaci\u00f3n a Domicilio con m\u00e1s personal y nuevos veh\u00edculos","datePublished":"2024-02-29T13:15:56+00:00","mainEntityOfPage":{"@id":"https:\/\/radiolitoral.com\/2024\/02\/conselleria-refuerza-la-unidad-de-hospitalizacion-a-domicilio-con-mas-personal-y-nuevos-vehiculos\/"},"wordCount":251,"commentCount":0,"publisher":{"@id":"https:\/\/radiolitoral.com\/#organization"},"image":{"@id":"https:\/\/radiolitoral.com\/2024\/02\/conselleria-refuerza-la-unidad-de-hospitalizacion-a-domicilio-con-mas-personal-y-nuevos-vehiculos\/#primaryimage"},"thumbnailUrl":"https:\/\/media.radiolitoral.com\/wp-content\/uploads\/2024\/02\/29141447\/UHD_Hospital_Denia_GVA_DSD_28_02_2024_3-002.jpg","articleSection":["Sanidad"],"inLanguage":"ca","potentialAction":[{"@type":"CommentAction","name":"Comment","target":["https:\/\/radiolitoral.com\/2024\/02\/conselleria-refuerza-la-unidad-de-hospitalizacion-a-domicilio-con-mas-personal-y-nuevos-vehiculos\/#respond"]}]},{"@type":["WebPage","ItemPage"],"@id":"https:\/\/radiolitoral.com\/2024\/02\/conselleria-refuerza-la-unidad-de-hospitalizacion-a-domicilio-con-mas-personal-y-nuevos-vehiculos\/","url":"https:\/\/radiolitoral.com\/2024\/02\/conselleria-refuerza-la-unidad-de-hospitalizacion-a-domicilio-con-mas-personal-y-nuevos-vehiculos\/","name":"Conselleria refor\u00e7a la Unitat d&#039;Hospitalitzaci\u00f3 Domicili amb m\u00e9s personal i nous vehicles | R\u00e0dio Litoral","isPartOf":{"@id":"https:\/\/radiolitoral.com\/#website"},"primaryImageOfPage":{"@id":"https:\/\/radiolitoral.com\/2024\/02\/conselleria-refuerza-la-unidad-de-hospitalizacion-a-domicilio-con-mas-personal-y-nuevos-vehiculos\/#primaryimage"},"image":{"@id":"https:\/\/radiolitoral.com\/2024\/02\/conselleria-refuerza-la-unidad-de-hospitalizacion-a-domicilio-con-mas-personal-y-nuevos-vehiculos\/#primaryimage"},"thumbnailUrl":"https:\/\/media.radiolitoral.com\/wp-content\/uploads\/2024\/02\/29141447\/UHD_Hospital_Denia_GVA_DSD_28_02_2024_3-002.jpg","datePublished":"2024-02-29T13:15:56+00:00","description":"Un servei del DSD que at\u00e9n uns 30 pacients diaris hospitalitzats a casa i que veu millorats els seus recursos","breadcrumb":{"@id":"https:\/\/radiolitoral.com\/2024\/02\/conselleria-refuerza-la-unidad-de-hospitalizacion-a-domicilio-con-mas-personal-y-nuevos-vehiculos\/#breadcrumb"},"inLanguage":"ca","potentialAction":[{"@type":"ReadAction","target":["https:\/\/radiolitoral.com\/2024\/02\/conselleria-refuerza-la-unidad-de-hospitalizacion-a-domicilio-con-mas-personal-y-nuevos-vehiculos\/"]}]},{"@type":"ImageObject","inLanguage":"ca","@id":"https:\/\/radiolitoral.com\/2024\/02\/conselleria-refuerza-la-unidad-de-hospitalizacion-a-domicilio-con-mas-personal-y-nuevos-vehiculos\/#primaryimage","url":"https:\/\/media.radiolitoral.com\/wp-content\/uploads\/2024\/02\/29141447\/UHD_Hospital_Denia_GVA_DSD_28_02_2024_3-002.jpg","contentUrl":"https:\/\/media.radiolitoral.com\/wp-content\/uploads\/2024\/02\/29141447\/UHD_Hospital_Denia_GVA_DSD_28_02_2024_3-002.jpg","width":2000,"height":1333},{"@type":"BreadcrumbList","@id":"https:\/\/radiolitoral.com\/2024\/02\/conselleria-refuerza-la-unidad-de-hospitalizacion-a-domicilio-con-mas-personal-y-nuevos-vehiculos\/#breadcrumb","itemListElement":[{"@type":"ListItem","position":1,"name":"Portada","item":"https:\/\/radiolitoral.com\/"},{"@type":"ListItem","position":2,"name":"Conselleria refuerza la Unidad de Hospitalizaci\u00f3n a Domicilio con m\u00e1s personal y nuevos veh\u00edculos"}]},{"@type":"WebSite","@id":"https:\/\/radiolitoral.com\/#website","url":"https:\/\/radiolitoral.com\/","name":"R\u00e0dio Litoral","description":"La r\u00e0dio local de la Marina Alta","publisher":{"@id":"https:\/\/radiolitoral.com\/#organization"},"alternateName":"Litoral FM","potentialAction":[{"@type":"SearchAction","target":{"@type":"EntryPoint","urlTemplate":"https:\/\/radiolitoral.com\/?s={search_term_string}"},"query-input":{"@type":"PropertyValueSpecification","valueRequired":true,"valueName":"search_term_string"}}],"inLanguage":"ca"},{"@type":"Organization","@id":"https:\/\/radiolitoral.com\/#organization","name":"R\u00e0dio Litoral","url":"https:\/\/radiolitoral.com\/","logo":{"@type":"ImageObject","inLanguage":"ca","@id":"https:\/\/radiolitoral.com\/#\/schema\/logo\/image\/","url":"https:\/\/media.radiolitoral.com\/wp-content\/uploads\/2023\/02\/24143238\/CL-V-RadioLitoral696.png","contentUrl":"https:\/\/media.radiolitoral.com\/wp-content\/uploads\/2023\/02\/24143238\/CL-V-RadioLitoral696.png","width":696,"height":696,"caption":"Radio Litoral"},"image":{"@id":"https:\/\/radiolitoral.com\/#\/schema\/logo\/image\/"},"sameAs":["https:\/\/www.facebook.com\/Laradiolitoral\/"]},{"@type":"Person","@id":"https:\/\/radiolitoral.com\/#\/schema\/person\/aad4f72efa404f85b68e832d24cac059","name":"Mel Pescuezo","image":{"@type":"ImageObject","inLanguage":"ca","@id":"https:\/\/secure.gravatar.com\/avatar\/993975ae489c70cb0dd9bfa9413a082f0bd276582dac13661af7b33f161e7eea?s=96&d=mm&r=g","url":"https:\/\/secure.gravatar.com\/avatar\/993975ae489c70cb0dd9bfa9413a082f0bd276582dac13661af7b33f161e7eea?s=96&d=mm&r=g","contentUrl":"https:\/\/secure.gravatar.com\/avatar\/993975ae489c70cb0dd9bfa9413a082f0bd276582dac13661af7b33f161e7eea?s=96&d=mm&r=g","caption":"Mel Pescuezo"},"url":"https:\/\/radiolitoral.com\/ca\/author\/serviciospararadios\/"}]}},"_links":{"self":[{"href":"https:\/\/radiolitoral.com\/ca\/wp-json\/wp\/v2\/posts\/7078","targetHints":{"allow":["GET"]}}],"collection":[{"href":"https:\/\/radiolitoral.com\/ca\/wp-json\/wp\/v2\/posts"}],"about":[{"href":"https:\/\/radiolitoral.com\/ca\/wp-json\/wp\/v2\/types\/post"}],"author":[{"embeddable":true,"href":"https:\/\/radiolitoral.com\/ca\/wp-json\/wp\/v2\/users\/21"}],"replies":[{"embeddable":true,"href":"https:\/\/radiolitoral.com\/ca\/wp-json\/wp\/v2\/comments?post=7078"}],"version-history":[{"count":2,"href":"https:\/\/radiolitoral.com\/ca\/wp-json\/wp\/v2\/posts\/7078\/revisions"}],"predecessor-version":[{"id":7082,"href":"https:\/\/radiolitoral.com\/ca\/wp-json\/wp\/v2\/posts\/7078\/revisions\/7082"}],"wp:featuredmedia":[{"embeddable":true,"href":"https:\/\/radiolitoral.com\/ca\/wp-json\/wp\/v2\/media\/7080"}],"wp:attachment":[{"href":"https:\/\/radiolitoral.com\/ca\/wp-json\/wp\/v2\/media?parent=7078"}],"wp:term":[{"taxonomy":"category","embeddable":true,"href":"https:\/\/radiolitoral.com\/ca\/wp-json\/wp\/v2\/categories?post=7078"},{"taxonomy":"post_tag","embeddable":true,"href":"https:\/\/radiolitoral.com\/ca\/wp-json\/wp\/v2\/tags?post=7078"}],"curies":[{"name":"wp","href":"https:\/\/api.w.org\/{rel}","templated":true}]}}