{"id":7068,"date":"2024-02-29T12:28:46","date_gmt":"2024-02-29T11:28:46","guid":{"rendered":"https:\/\/radiolitoral.com\/?p=7068"},"modified":"2024-02-29T12:28:46","modified_gmt":"2024-02-29T11:28:46","slug":"benissa-eleva-a-aprovacio-els-seus-comptes-2024-amb-un-import-de-mes-de-21-milions-deuros","status":"publish","type":"post","link":"https:\/\/radiolitoral.com\/ca\/2024\/02\/benissa-eleva-a-aprobacion-sus-cuentas-2024-con-un-importe-de-mas-de-21-millones-de-euros\/","title":{"rendered":"Benissa eleva a aprovaci\u00f3 els comptes 2024 amb un import de m\u00e9s de 21 milions d&#039;euros"},"content":{"rendered":"<p><strong>Benissa<\/strong> eleva aquesta tarda a ple els <strong>pressupostos municipals de 2024<\/strong> per al debat i aprovaci\u00f3 inicial. Un document econ\u00f2mic que s&#039;ha presentat aquest mat\u00ed davant dels mitjans de comunicaci\u00f3 i que segons ha remarcat el <strong>regidor d&#039;Hisenda, Vicente Ferrer<\/strong>, s\u00f3n una<strong> comptes assenyats, executables i realistes<\/strong>. Un full de ruta, ha afegit Ferrer, resultat de diversos mesos de treball i de l&#039;adaptaci\u00f3 feta a l&#039;actual situaci\u00f3 econ\u00f2mica.<\/p>\n<p>Aquest document econ\u00f2mic suma <strong>una mica m\u00e9s de 21 milions d&#039;euros<\/strong>, la qual cosa implica un increment d&#039;uns 6 milions d&#039;euros respecte als darrers pressupostos aprovats, els del 2020, que havien estat prorrogats fins al passat exercici.<\/p>\n<audio class=\"wp-audio-shortcode\" id=\"audio-7068-1\" preload=\"none\" style=\"width: 100%;\" controls=\"controls\"><source type=\"audio\/mpeg\" src=\"https:\/\/media.radiolitoral.com\/wp-content\/uploads\/2024\/02\/29122441\/Vicente-Ferrer-1.mp3?_=1\" \/><a href=\"https:\/\/media.radiolitoral.com\/wp-content\/uploads\/2024\/02\/29122441\/Vicente-Ferrer-1.mp3\">https:\/\/media.radiolitoral.com\/wp-content\/uploads\/2024\/02\/29122441\/Vicente-Ferrer-1.mp3<\/a><\/audio>\n<p>En aquests comptes s&#039;incrementa el cap\u00edtol 1, el de personal, que suposa el 40% del total total del pressupost. Tamb\u00e9 puja el cap\u00edtol 2, destinat a la despesa corrent de les regidories. Des de l&#039;executiu destaquen que amb aquests pressupostos se&#039;n destina una <strong>m\u00e9s inversi\u00f3 en neteja, en seguretat i serveis socials.<\/strong> S&#039;incrementa la plantilla de l&#039;Ajuntament amb la contractaci\u00f3 de 3 agents nous de la policia local i de personal per al departament de serveis socials.<\/p>\n<p>Els pressupostos contemplen partides amb qu\u00e8 tirar endavant el demandat <strong>Centre de Dia<\/strong>, la construcci\u00f3 de la <strong>pista d&#039;atletisme<\/strong>, la instal\u00b7laci\u00f3 de les<strong> c\u00e0meres de videovigil\u00e0ncia<\/strong> i la restauraci\u00f3 de la <strong>Torre Tros de les Calcides.<\/strong>\u00a0Tamb\u00e9 s&#039;incrementa la partida destinada a la <strong>neteja vi\u00e0ria,<\/strong> especialment a la zona costanera, i se seguir\u00e0 invertint a la <strong>piscina municipal.<\/strong><\/p>\n<p>Aix\u00ed ho ha posat de manifest Arturo Poquet, alcalde de Benissa.<\/p>\n<audio class=\"wp-audio-shortcode\" id=\"audio-7068-2\" preload=\"none\" style=\"width: 100%;\" controls=\"controls\"><source type=\"audio\/mpeg\" src=\"https:\/\/media.radiolitoral.com\/wp-content\/uploads\/2024\/02\/29122642\/Arturo-Poquet-Ptos-1.mp3?_=2\" \/><a href=\"https:\/\/media.radiolitoral.com\/wp-content\/uploads\/2024\/02\/29122642\/Arturo-Poquet-Ptos-1.mp3\">https:\/\/media.radiolitoral.com\/wp-content\/uploads\/2024\/02\/29122642\/Arturo-Poquet-Ptos-1.mp3<\/a><\/audio>\n<p>El ple extraordinari per donar llum verda a aquests comptes s&#039;ha<strong> convocat a les 20 hores<\/strong>. Ser\u00e0 a les cases del Batlle, i <strong>es podr\u00e0 seguir en directe a trav\u00e9s del canal de YouTube de l&#039;Ajuntament<\/strong>.<\/p>","protected":false},"excerpt":{"rendered":"<p>Benissa eleva esta tarde a pleno los presupuestos municipales de 2024 para su debate y aprobaci\u00f3n inicial. Un documento econ\u00f3mico que se ha presentado esta ma\u00f1ana ante los medios de comunicaci\u00f3n y que seg\u00fan ha remarcado el concejal de Hacienda, Vicente Ferrer, son una cuentas sensatas, ejecutables y realistas. Una hoja de ruta, ha agregado [&#8230;]<\/p>\n<p><a class=\"btn btn-secondary understrap-read-more-link\" href=\"https:\/\/radiolitoral.com\/ca\/2024\/02\/benissa-eleva-a-aprobacion-sus-cuentas-2024-con-un-importe-de-mas-de-21-millones-de-euros\/\">Continua llegint&#8230;<span class=\"screen-reader-text\"> from Benissa eleva a aprobaci\u00f3n sus cuentas 2024 con un importe de m\u00e1s de 21 millones de euros<\/span><\/a><\/p>\n","protected":false},"author":13,"featured_media":7071,"comment_status":"open","ping_status":"closed","sticky":false,"template":"","format":"standard","meta":{"_acf_changed":false,"inline_featured_image":false,"footnotes":""},"categories":[861],"tags":[],"class_list":["post-7068","post","type-post","status-publish","format-standard","has-post-thumbnail","hentry","category-presupuestos","cobertura-benissa"],"acf":[],"yoast_head":"<!-- This site is optimized with the Yoast SEO plugin v27.5 - https:\/\/yoast.com\/product\/yoast-seo-wordpress\/ -->\n<title>Benissa eleva a aprobaci\u00f3n sus cuentas 2024 con un importe de m\u00e1s de 21 millones de euros | R\u00e0dio Litoral<\/title>\n<meta name=\"description\" content=\"El ejecutivo de Benissa asegura que con estos presupuestos se destina una mayor inversi\u00f3n en limpieza, seguridad y servicios sociales\" \/>\n<meta name=\"robots\" content=\"index, follow, max-snippet:-1, max-image-preview:large, max-video-preview:-1\" \/>\n<link rel=\"canonical\" href=\"https:\/\/radiolitoral.com\/ca\/2024\/02\/benissa-eleva-a-aprovacio-els-seus-comptes-2024-amb-un-import-de-mes-de-21-milions-deuros\/\" \/>\n<meta property=\"og:locale\" content=\"ca_ES\" \/>\n<meta property=\"og:type\" content=\"article\" \/>\n<meta property=\"og:title\" content=\"Benissa eleva a aprobaci\u00f3n sus cuentas 2024 con un importe de m\u00e1s de 21 millones de euros | R\u00e0dio Litoral\" \/>\n<meta property=\"og:description\" content=\"El ejecutivo de Benissa asegura que con estos presupuestos se destina una mayor inversi\u00f3n en limpieza, seguridad y servicios sociales\" \/>\n<meta property=\"og:url\" content=\"https:\/\/radiolitoral.com\/ca\/2024\/02\/benissa-eleva-a-aprovacio-els-seus-comptes-2024-amb-un-import-de-mes-de-21-milions-deuros\/\" \/>\n<meta property=\"og:site_name\" content=\"R\u00e0dio Litoral\" \/>\n<meta property=\"article:publisher\" content=\"https:\/\/www.facebook.com\/Laradiolitoral\/\" \/>\n<meta property=\"article:published_time\" content=\"2024-02-29T11:28:46+00:00\" \/>\n<meta property=\"og:image\" content=\"https:\/\/media.radiolitoral.com\/wp-content\/uploads\/2024\/02\/29122754\/Equipo-de-gobierno-presentacion-Presupuestos-Municipales-2024-Bssa-scaled.jpg\" \/>\n\t<meta property=\"og:image:width\" content=\"2560\" \/>\n\t<meta property=\"og:image:height\" content=\"1675\" \/>\n\t<meta property=\"og:image:type\" content=\"image\/jpeg\" \/>\n<meta name=\"author\" content=\"Redacci\u00f3n\" \/>\n<meta name=\"twitter:card\" content=\"summary_large_image\" \/>\n<meta name=\"twitter:label1\" content=\"Escrit per\" \/>\n\t<meta name=\"twitter:data1\" content=\"Redacci\u00f3n\" \/>\n\t<meta name=\"twitter:label2\" content=\"Temps estimat de lectura\" \/>\n\t<meta name=\"twitter:data2\" content=\"2 minuts\" \/>\n<script type=\"application\/ld+json\" class=\"yoast-schema-graph\">{\"@context\":\"https:\\\/\\\/schema.org\",\"@graph\":[{\"@type\":\"NewsArticle\",\"@id\":\"https:\\\/\\\/radiolitoral.com\\\/2024\\\/02\\\/benissa-eleva-a-aprobacion-sus-cuentas-2024-con-un-importe-de-mas-de-21-millones-de-euros\\\/#article\",\"isPartOf\":{\"@id\":\"https:\\\/\\\/radiolitoral.com\\\/2024\\\/02\\\/benissa-eleva-a-aprobacion-sus-cuentas-2024-con-un-importe-de-mas-de-21-millones-de-euros\\\/\"},\"author\":{\"name\":\"Redacci\u00f3n\",\"@id\":\"https:\\\/\\\/radiolitoral.com\\\/#\\\/schema\\\/person\\\/f2b2343c49b5d721857cc1002bfdb151\"},\"headline\":\"Benissa eleva a aprobaci\u00f3n sus cuentas 2024 con un importe de m\u00e1s de 21 millones de euros\",\"datePublished\":\"2024-02-29T11:28:46+00:00\",\"mainEntityOfPage\":{\"@id\":\"https:\\\/\\\/radiolitoral.com\\\/2024\\\/02\\\/benissa-eleva-a-aprobacion-sus-cuentas-2024-con-un-importe-de-mas-de-21-millones-de-euros\\\/\"},\"wordCount\":350,\"commentCount\":0,\"publisher\":{\"@id\":\"https:\\\/\\\/radiolitoral.com\\\/#organization\"},\"image\":{\"@id\":\"https:\\\/\\\/radiolitoral.com\\\/2024\\\/02\\\/benissa-eleva-a-aprobacion-sus-cuentas-2024-con-un-importe-de-mas-de-21-millones-de-euros\\\/#primaryimage\"},\"thumbnailUrl\":\"https:\\\/\\\/media.radiolitoral.com\\\/wp-content\\\/uploads\\\/2024\\\/02\\\/29122754\\\/Equipo-de-gobierno-presentacion-Presupuestos-Municipales-2024-Bssa-scaled.jpg\",\"articleSection\":[\"Presupuestos\"],\"inLanguage\":\"ca\",\"potentialAction\":[{\"@type\":\"CommentAction\",\"name\":\"Comment\",\"target\":[\"https:\\\/\\\/radiolitoral.com\\\/2024\\\/02\\\/benissa-eleva-a-aprobacion-sus-cuentas-2024-con-un-importe-de-mas-de-21-millones-de-euros\\\/#respond\"]}]},{\"@type\":[\"WebPage\",\"ItemPage\"],\"@id\":\"https:\\\/\\\/radiolitoral.com\\\/2024\\\/02\\\/benissa-eleva-a-aprobacion-sus-cuentas-2024-con-un-importe-de-mas-de-21-millones-de-euros\\\/\",\"url\":\"https:\\\/\\\/radiolitoral.com\\\/2024\\\/02\\\/benissa-eleva-a-aprobacion-sus-cuentas-2024-con-un-importe-de-mas-de-21-millones-de-euros\\\/\",\"name\":\"Benissa eleva a aprobaci\u00f3n sus cuentas 2024 con un importe de m\u00e1s de 21 millones de euros | R\u00e0dio Litoral\",\"isPartOf\":{\"@id\":\"https:\\\/\\\/radiolitoral.com\\\/#website\"},\"primaryImageOfPage\":{\"@id\":\"https:\\\/\\\/radiolitoral.com\\\/2024\\\/02\\\/benissa-eleva-a-aprobacion-sus-cuentas-2024-con-un-importe-de-mas-de-21-millones-de-euros\\\/#primaryimage\"},\"image\":{\"@id\":\"https:\\\/\\\/radiolitoral.com\\\/2024\\\/02\\\/benissa-eleva-a-aprobacion-sus-cuentas-2024-con-un-importe-de-mas-de-21-millones-de-euros\\\/#primaryimage\"},\"thumbnailUrl\":\"https:\\\/\\\/media.radiolitoral.com\\\/wp-content\\\/uploads\\\/2024\\\/02\\\/29122754\\\/Equipo-de-gobierno-presentacion-Presupuestos-Municipales-2024-Bssa-scaled.jpg\",\"datePublished\":\"2024-02-29T11:28:46+00:00\",\"description\":\"El ejecutivo de Benissa asegura que con estos presupuestos se destina una mayor inversi\u00f3n en limpieza, seguridad y servicios sociales\",\"breadcrumb\":{\"@id\":\"https:\\\/\\\/radiolitoral.com\\\/2024\\\/02\\\/benissa-eleva-a-aprobacion-sus-cuentas-2024-con-un-importe-de-mas-de-21-millones-de-euros\\\/#breadcrumb\"},\"inLanguage\":\"ca\",\"potentialAction\":[{\"@type\":\"ReadAction\",\"target\":[\"https:\\\/\\\/radiolitoral.com\\\/2024\\\/02\\\/benissa-eleva-a-aprobacion-sus-cuentas-2024-con-un-importe-de-mas-de-21-millones-de-euros\\\/\"]}]},{\"@type\":\"ImageObject\",\"inLanguage\":\"ca\",\"@id\":\"https:\\\/\\\/radiolitoral.com\\\/2024\\\/02\\\/benissa-eleva-a-aprobacion-sus-cuentas-2024-con-un-importe-de-mas-de-21-millones-de-euros\\\/#primaryimage\",\"url\":\"https:\\\/\\\/media.radiolitoral.com\\\/wp-content\\\/uploads\\\/2024\\\/02\\\/29122754\\\/Equipo-de-gobierno-presentacion-Presupuestos-Municipales-2024-Bssa-scaled.jpg\",\"contentUrl\":\"https:\\\/\\\/media.radiolitoral.com\\\/wp-content\\\/uploads\\\/2024\\\/02\\\/29122754\\\/Equipo-de-gobierno-presentacion-Presupuestos-Municipales-2024-Bssa-scaled.jpg\",\"width\":2560,\"height\":1675},{\"@type\":\"BreadcrumbList\",\"@id\":\"https:\\\/\\\/radiolitoral.com\\\/2024\\\/02\\\/benissa-eleva-a-aprobacion-sus-cuentas-2024-con-un-importe-de-mas-de-21-millones-de-euros\\\/#breadcrumb\",\"itemListElement\":[{\"@type\":\"ListItem\",\"position\":1,\"name\":\"Portada\",\"item\":\"https:\\\/\\\/radiolitoral.com\\\/\"},{\"@type\":\"ListItem\",\"position\":2,\"name\":\"Benissa eleva a aprobaci\u00f3n sus cuentas 2024 con un importe de m\u00e1s de 21 millones de euros\"}]},{\"@type\":\"WebSite\",\"@id\":\"https:\\\/\\\/radiolitoral.com\\\/#website\",\"url\":\"https:\\\/\\\/radiolitoral.com\\\/\",\"name\":\"Radio Litoral\",\"description\":\"La radio local de la Marina Alta\",\"publisher\":{\"@id\":\"https:\\\/\\\/radiolitoral.com\\\/#organization\"},\"alternateName\":\"Litoral FM\",\"potentialAction\":[{\"@type\":\"SearchAction\",\"target\":{\"@type\":\"EntryPoint\",\"urlTemplate\":\"https:\\\/\\\/radiolitoral.com\\\/?s={search_term_string}\"},\"query-input\":{\"@type\":\"PropertyValueSpecification\",\"valueRequired\":true,\"valueName\":\"search_term_string\"}}],\"inLanguage\":\"ca\"},{\"@type\":\"Organization\",\"@id\":\"https:\\\/\\\/radiolitoral.com\\\/#organization\",\"name\":\"Radio Litoral\",\"url\":\"https:\\\/\\\/radiolitoral.com\\\/\",\"logo\":{\"@type\":\"ImageObject\",\"inLanguage\":\"ca\",\"@id\":\"https:\\\/\\\/radiolitoral.com\\\/#\\\/schema\\\/logo\\\/image\\\/\",\"url\":\"https:\\\/\\\/media.radiolitoral.com\\\/wp-content\\\/uploads\\\/2023\\\/02\\\/24143238\\\/CL-V-RadioLitoral696.png\",\"contentUrl\":\"https:\\\/\\\/media.radiolitoral.com\\\/wp-content\\\/uploads\\\/2023\\\/02\\\/24143238\\\/CL-V-RadioLitoral696.png\",\"width\":696,\"height\":696,\"caption\":\"Radio Litoral\"},\"image\":{\"@id\":\"https:\\\/\\\/radiolitoral.com\\\/#\\\/schema\\\/logo\\\/image\\\/\"},\"sameAs\":[\"https:\\\/\\\/www.facebook.com\\\/Laradiolitoral\\\/\"]},{\"@type\":\"Person\",\"@id\":\"https:\\\/\\\/radiolitoral.com\\\/#\\\/schema\\\/person\\\/f2b2343c49b5d721857cc1002bfdb151\",\"name\":\"Redacci\u00f3n\",\"image\":{\"@type\":\"ImageObject\",\"inLanguage\":\"ca\",\"@id\":\"https:\\\/\\\/secure.gravatar.com\\\/avatar\\\/f771d896c203ad8b3382d7905cfcce5a5c9b008b84b3cd9114e9b9f4cb63f789?s=96&d=mm&r=g\",\"url\":\"https:\\\/\\\/secure.gravatar.com\\\/avatar\\\/f771d896c203ad8b3382d7905cfcce5a5c9b008b84b3cd9114e9b9f4cb63f789?s=96&d=mm&r=g\",\"contentUrl\":\"https:\\\/\\\/secure.gravatar.com\\\/avatar\\\/f771d896c203ad8b3382d7905cfcce5a5c9b008b84b3cd9114e9b9f4cb63f789?s=96&d=mm&r=g\",\"caption\":\"Redacci\u00f3n\"},\"url\":\"https:\\\/\\\/radiolitoral.com\\\/ca\\\/author\\\/miriam-pagan\\\/\"}]}<\/script>\n<!-- \/ Yoast SEO plugin. -->","yoast_head_json":{"title":"Benissa eleva a aprovaci\u00f3 els comptes 2024 amb un import de m\u00e9s de 21 milions d&#039;euros | R\u00e0dio Litoral","description":"L&#039;executiu de Benissa assegura que amb aquests pressupostos es destina una inversi\u00f3 m\u00e9s gran en neteja, seguretat i serveis socials","robots":{"index":"index","follow":"follow","max-snippet":"max-snippet:-1","max-image-preview":"max-image-preview:large","max-video-preview":"max-video-preview:-1"},"canonical":"https:\/\/radiolitoral.com\/ca\/2024\/02\/benissa-eleva-a-aprovacio-els-seus-comptes-2024-amb-un-import-de-mes-de-21-milions-deuros\/","og_locale":"ca_ES","og_type":"article","og_title":"Benissa eleva a aprobaci\u00f3n sus cuentas 2024 con un importe de m\u00e1s de 21 millones de euros | R\u00e0dio Litoral","og_description":"El ejecutivo de Benissa asegura que con estos presupuestos se destina una mayor inversi\u00f3n en limpieza, seguridad y servicios sociales","og_url":"https:\/\/radiolitoral.com\/ca\/2024\/02\/benissa-eleva-a-aprovacio-els-seus-comptes-2024-amb-un-import-de-mes-de-21-milions-deuros\/","og_site_name":"R\u00e0dio Litoral","article_publisher":"https:\/\/www.facebook.com\/Laradiolitoral\/","article_published_time":"2024-02-29T11:28:46+00:00","og_image":[{"width":2560,"height":1675,"url":"https:\/\/media.radiolitoral.com\/wp-content\/uploads\/2024\/02\/29122754\/Equipo-de-gobierno-presentacion-Presupuestos-Municipales-2024-Bssa-scaled.jpg","type":"image\/jpeg"}],"author":"Redacci\u00f3n","twitter_card":"summary_large_image","twitter_misc":{"Escrit per":"Redacci\u00f3n","Temps estimat de lectura":"2 minuts"},"schema":{"@context":"https:\/\/schema.org","@graph":[{"@type":"NewsArticle","@id":"https:\/\/radiolitoral.com\/2024\/02\/benissa-eleva-a-aprobacion-sus-cuentas-2024-con-un-importe-de-mas-de-21-millones-de-euros\/#article","isPartOf":{"@id":"https:\/\/radiolitoral.com\/2024\/02\/benissa-eleva-a-aprobacion-sus-cuentas-2024-con-un-importe-de-mas-de-21-millones-de-euros\/"},"author":{"name":"Redacci\u00f3n","@id":"https:\/\/radiolitoral.com\/#\/schema\/person\/f2b2343c49b5d721857cc1002bfdb151"},"headline":"Benissa eleva a aprobaci\u00f3n sus cuentas 2024 con un importe de m\u00e1s de 21 millones de euros","datePublished":"2024-02-29T11:28:46+00:00","mainEntityOfPage":{"@id":"https:\/\/radiolitoral.com\/2024\/02\/benissa-eleva-a-aprobacion-sus-cuentas-2024-con-un-importe-de-mas-de-21-millones-de-euros\/"},"wordCount":350,"commentCount":0,"publisher":{"@id":"https:\/\/radiolitoral.com\/#organization"},"image":{"@id":"https:\/\/radiolitoral.com\/2024\/02\/benissa-eleva-a-aprobacion-sus-cuentas-2024-con-un-importe-de-mas-de-21-millones-de-euros\/#primaryimage"},"thumbnailUrl":"https:\/\/media.radiolitoral.com\/wp-content\/uploads\/2024\/02\/29122754\/Equipo-de-gobierno-presentacion-Presupuestos-Municipales-2024-Bssa-scaled.jpg","articleSection":["Presupuestos"],"inLanguage":"ca","potentialAction":[{"@type":"CommentAction","name":"Comment","target":["https:\/\/radiolitoral.com\/2024\/02\/benissa-eleva-a-aprobacion-sus-cuentas-2024-con-un-importe-de-mas-de-21-millones-de-euros\/#respond"]}]},{"@type":["WebPage","ItemPage"],"@id":"https:\/\/radiolitoral.com\/2024\/02\/benissa-eleva-a-aprobacion-sus-cuentas-2024-con-un-importe-de-mas-de-21-millones-de-euros\/","url":"https:\/\/radiolitoral.com\/2024\/02\/benissa-eleva-a-aprobacion-sus-cuentas-2024-con-un-importe-de-mas-de-21-millones-de-euros\/","name":"Benissa eleva a aprovaci\u00f3 els comptes 2024 amb un import de m\u00e9s de 21 milions d&#039;euros | R\u00e0dio Litoral","isPartOf":{"@id":"https:\/\/radiolitoral.com\/#website"},"primaryImageOfPage":{"@id":"https:\/\/radiolitoral.com\/2024\/02\/benissa-eleva-a-aprobacion-sus-cuentas-2024-con-un-importe-de-mas-de-21-millones-de-euros\/#primaryimage"},"image":{"@id":"https:\/\/radiolitoral.com\/2024\/02\/benissa-eleva-a-aprobacion-sus-cuentas-2024-con-un-importe-de-mas-de-21-millones-de-euros\/#primaryimage"},"thumbnailUrl":"https:\/\/media.radiolitoral.com\/wp-content\/uploads\/2024\/02\/29122754\/Equipo-de-gobierno-presentacion-Presupuestos-Municipales-2024-Bssa-scaled.jpg","datePublished":"2024-02-29T11:28:46+00:00","description":"L&#039;executiu de Benissa assegura que amb aquests pressupostos es destina una inversi\u00f3 m\u00e9s gran en neteja, seguretat i serveis socials","breadcrumb":{"@id":"https:\/\/radiolitoral.com\/2024\/02\/benissa-eleva-a-aprobacion-sus-cuentas-2024-con-un-importe-de-mas-de-21-millones-de-euros\/#breadcrumb"},"inLanguage":"ca","potentialAction":[{"@type":"ReadAction","target":["https:\/\/radiolitoral.com\/2024\/02\/benissa-eleva-a-aprobacion-sus-cuentas-2024-con-un-importe-de-mas-de-21-millones-de-euros\/"]}]},{"@type":"ImageObject","inLanguage":"ca","@id":"https:\/\/radiolitoral.com\/2024\/02\/benissa-eleva-a-aprobacion-sus-cuentas-2024-con-un-importe-de-mas-de-21-millones-de-euros\/#primaryimage","url":"https:\/\/media.radiolitoral.com\/wp-content\/uploads\/2024\/02\/29122754\/Equipo-de-gobierno-presentacion-Presupuestos-Municipales-2024-Bssa-scaled.jpg","contentUrl":"https:\/\/media.radiolitoral.com\/wp-content\/uploads\/2024\/02\/29122754\/Equipo-de-gobierno-presentacion-Presupuestos-Municipales-2024-Bssa-scaled.jpg","width":2560,"height":1675},{"@type":"BreadcrumbList","@id":"https:\/\/radiolitoral.com\/2024\/02\/benissa-eleva-a-aprobacion-sus-cuentas-2024-con-un-importe-de-mas-de-21-millones-de-euros\/#breadcrumb","itemListElement":[{"@type":"ListItem","position":1,"name":"Portada","item":"https:\/\/radiolitoral.com\/"},{"@type":"ListItem","position":2,"name":"Benissa eleva a aprobaci\u00f3n sus cuentas 2024 con un importe de m\u00e1s de 21 millones de euros"}]},{"@type":"WebSite","@id":"https:\/\/radiolitoral.com\/#website","url":"https:\/\/radiolitoral.com\/","name":"R\u00e0dio Litoral","description":"La r\u00e0dio local de la Marina Alta","publisher":{"@id":"https:\/\/radiolitoral.com\/#organization"},"alternateName":"Litoral FM","potentialAction":[{"@type":"SearchAction","target":{"@type":"EntryPoint","urlTemplate":"https:\/\/radiolitoral.com\/?s={search_term_string}"},"query-input":{"@type":"PropertyValueSpecification","valueRequired":true,"valueName":"search_term_string"}}],"inLanguage":"ca"},{"@type":"Organization","@id":"https:\/\/radiolitoral.com\/#organization","name":"R\u00e0dio Litoral","url":"https:\/\/radiolitoral.com\/","logo":{"@type":"ImageObject","inLanguage":"ca","@id":"https:\/\/radiolitoral.com\/#\/schema\/logo\/image\/","url":"https:\/\/media.radiolitoral.com\/wp-content\/uploads\/2023\/02\/24143238\/CL-V-RadioLitoral696.png","contentUrl":"https:\/\/media.radiolitoral.com\/wp-content\/uploads\/2023\/02\/24143238\/CL-V-RadioLitoral696.png","width":696,"height":696,"caption":"Radio Litoral"},"image":{"@id":"https:\/\/radiolitoral.com\/#\/schema\/logo\/image\/"},"sameAs":["https:\/\/www.facebook.com\/Laradiolitoral\/"]},{"@type":"Person","@id":"https:\/\/radiolitoral.com\/#\/schema\/person\/f2b2343c49b5d721857cc1002bfdb151","name":"Redacci\u00f3","image":{"@type":"ImageObject","inLanguage":"ca","@id":"https:\/\/secure.gravatar.com\/avatar\/f771d896c203ad8b3382d7905cfcce5a5c9b008b84b3cd9114e9b9f4cb63f789?s=96&d=mm&r=g","url":"https:\/\/secure.gravatar.com\/avatar\/f771d896c203ad8b3382d7905cfcce5a5c9b008b84b3cd9114e9b9f4cb63f789?s=96&d=mm&r=g","contentUrl":"https:\/\/secure.gravatar.com\/avatar\/f771d896c203ad8b3382d7905cfcce5a5c9b008b84b3cd9114e9b9f4cb63f789?s=96&d=mm&r=g","caption":"Redacci\u00f3n"},"url":"https:\/\/radiolitoral.com\/ca\/author\/miriam-pagan\/"}]}},"_links":{"self":[{"href":"https:\/\/radiolitoral.com\/ca\/wp-json\/wp\/v2\/posts\/7068","targetHints":{"allow":["GET"]}}],"collection":[{"href":"https:\/\/radiolitoral.com\/ca\/wp-json\/wp\/v2\/posts"}],"about":[{"href":"https:\/\/radiolitoral.com\/ca\/wp-json\/wp\/v2\/types\/post"}],"author":[{"embeddable":true,"href":"https:\/\/radiolitoral.com\/ca\/wp-json\/wp\/v2\/users\/13"}],"replies":[{"embeddable":true,"href":"https:\/\/radiolitoral.com\/ca\/wp-json\/wp\/v2\/comments?post=7068"}],"version-history":[{"count":2,"href":"https:\/\/radiolitoral.com\/ca\/wp-json\/wp\/v2\/posts\/7068\/revisions"}],"predecessor-version":[{"id":7073,"href":"https:\/\/radiolitoral.com\/ca\/wp-json\/wp\/v2\/posts\/7068\/revisions\/7073"}],"wp:featuredmedia":[{"embeddable":true,"href":"https:\/\/radiolitoral.com\/ca\/wp-json\/wp\/v2\/media\/7071"}],"wp:attachment":[{"href":"https:\/\/radiolitoral.com\/ca\/wp-json\/wp\/v2\/media?parent=7068"}],"wp:term":[{"taxonomy":"category","embeddable":true,"href":"https:\/\/radiolitoral.com\/ca\/wp-json\/wp\/v2\/categories?post=7068"},{"taxonomy":"post_tag","embeddable":true,"href":"https:\/\/radiolitoral.com\/ca\/wp-json\/wp\/v2\/tags?post=7068"}],"curies":[{"name":"wp","href":"https:\/\/api.w.org\/{rel}","templated":true}]}}