{"id":7039,"date":"2024-02-27T18:10:44","date_gmt":"2024-02-27T17:10:44","guid":{"rendered":"https:\/\/radiolitoral.com\/?p=7039"},"modified":"2024-02-27T18:10:44","modified_gmt":"2024-02-27T17:10:44","slug":"lajuntament-de-teulada-promou-el-primer-equip-de-futbol-femeni-de-la-localitat","status":"publish","type":"post","link":"https:\/\/radiolitoral.com\/ca\/2024\/02\/el-ayuntamiento-de-teulada-promueve-el-primer-equipo-de-futbol-femenino-de-la-localidad\/","title":{"rendered":"L&#039;Ajuntament de Teulada promou el primer equip de futbol femen\u00ed de la localitat"},"content":{"rendered":"<p><strong>Teulada<\/strong> anuncia la posada en marxa de la seva <strong>primer equip de futbol femen\u00ed<\/strong>. Aix\u00ed ho ha confirmat el regidor d\u02bbEsports, Josep Ivars. Aquest nou projecte t\u00e9 com a objectiu <strong>fomentar la participaci\u00f3 de les dones al futbol<\/strong>, les quals no tenien, fins ara, un equip amb qu\u00e8 desenvolupar aquesta activitat esportiva.<\/p>\n<p>Aix\u00ed doncs, els entrenaments comen\u00e7aran la setmana que ve, ja al mes de mar\u00e7, dimarts i dijous, a l&#039;Estadi Municipal Bernardo Font de Teulada. L&#039;horari establert ser\u00e0 de 20.30 hores a 22.00 hores. Aquesta \u00e9s una proposta oberta a joves de m\u00e9s de 10 anys que vulguin formar part del nou equip.<\/p>\n<p>Les interessades ja es poden inscriure.<\/p>\n<audio class=\"wp-audio-shortcode\" id=\"audio-7039-1\" preload=\"none\" style=\"width: 100%;\" controls=\"controls\"><source type=\"audio\/mpeg\" src=\"https:\/\/media.radiolitoral.com\/wp-content\/uploads\/2024\/02\/27180712\/Josep-Ivars-futbol-femeni.mp3?_=1\" \/><a href=\"https:\/\/media.radiolitoral.com\/wp-content\/uploads\/2024\/02\/27180712\/Josep-Ivars-futbol-femeni.mp3\">https:\/\/media.radiolitoral.com\/wp-content\/uploads\/2024\/02\/27180712\/Josep-Ivars-futbol-femeni.mp3<\/a><\/audio>\n<p>&nbsp;<\/p>","protected":false},"excerpt":{"rendered":"<p>Teulada anuncia la puesta en marcha de su primer equipo de f\u00fatbol femenino. As\u00ed lo ha confirmado el concejal de Deportes, Josep Ivars. Este nuevo proyecto tiene como objetivo fomentar la participaci\u00f3n de las mujeres en el f\u00fatbol, las cuales no ten\u00edan, hasta ahora, un equipo con el que desarrollar esta actividad deportiva. As\u00ed pues, [&#8230;]<\/p>\n<p><a class=\"btn btn-secondary understrap-read-more-link\" href=\"https:\/\/radiolitoral.com\/ca\/2024\/02\/el-ayuntamiento-de-teulada-promueve-el-primer-equipo-de-futbol-femenino-de-la-localidad\/\">Continua llegint&#8230;<span class=\"screen-reader-text\"> from El Ayuntamiento de Teulada promueve el primer equipo de f\u00fatbol femenino de la localidad<\/span><\/a><\/p>\n","protected":false},"author":21,"featured_media":7041,"comment_status":"open","ping_status":"closed","sticky":false,"template":"","format":"standard","meta":{"_acf_changed":false,"inline_featured_image":false,"footnotes":""},"categories":[5],"tags":[],"class_list":["post-7039","post","type-post","status-publish","format-standard","has-post-thumbnail","hentry","category-deportes","cobertura-teulada-moraira"],"acf":[],"yoast_head":"<!-- This site is optimized with the Yoast SEO plugin v27.5 - https:\/\/yoast.com\/product\/yoast-seo-wordpress\/ -->\n<title>El Ayuntamiento de Teulada promueve el primer equipo de f\u00fatbol femenino de la localidad | R\u00e0dio Litoral<\/title>\n<meta name=\"description\" content=\"Las ni\u00f1as y j\u00f3venes interesadas en formar parte del nuevo equipo de f\u00fatbol de Teulada ya pueden inscribirse\" \/>\n<meta name=\"robots\" content=\"index, follow, max-snippet:-1, max-image-preview:large, max-video-preview:-1\" \/>\n<link rel=\"canonical\" href=\"https:\/\/radiolitoral.com\/ca\/2024\/02\/lajuntament-de-teulada-promou-el-primer-equip-de-futbol-femeni-de-la-localitat\/\" \/>\n<meta property=\"og:locale\" content=\"ca_ES\" \/>\n<meta property=\"og:type\" content=\"article\" \/>\n<meta property=\"og:title\" content=\"El Ayuntamiento de Teulada promueve el primer equipo de f\u00fatbol femenino de la localidad | R\u00e0dio Litoral\" \/>\n<meta property=\"og:description\" content=\"Las ni\u00f1as y j\u00f3venes interesadas en formar parte del nuevo equipo de f\u00fatbol de Teulada ya pueden inscribirse\" \/>\n<meta property=\"og:url\" content=\"https:\/\/radiolitoral.com\/ca\/2024\/02\/lajuntament-de-teulada-promou-el-primer-equip-de-futbol-femeni-de-la-localitat\/\" \/>\n<meta property=\"og:site_name\" content=\"R\u00e0dio Litoral\" \/>\n<meta property=\"article:publisher\" content=\"https:\/\/www.facebook.com\/Laradiolitoral\/\" \/>\n<meta property=\"article:published_time\" content=\"2024-02-27T17:10:44+00:00\" \/>\n<meta property=\"og:image\" content=\"https:\/\/media.radiolitoral.com\/wp-content\/uploads\/2024\/02\/27180840\/foto-equipo-futbol-femenino-scaled-e1709053800469.jpg\" \/>\n\t<meta property=\"og:image:width\" content=\"1817\" \/>\n\t<meta property=\"og:image:height\" content=\"1446\" \/>\n\t<meta property=\"og:image:type\" content=\"image\/jpeg\" \/>\n<meta name=\"author\" content=\"Mel Pescuezo\" \/>\n<meta name=\"twitter:card\" content=\"summary_large_image\" \/>\n<meta name=\"twitter:label1\" content=\"Escrit per\" \/>\n\t<meta name=\"twitter:data1\" content=\"Mel Pescuezo\" \/>\n\t<meta name=\"twitter:label2\" content=\"Temps estimat de lectura\" \/>\n\t<meta name=\"twitter:data2\" content=\"1 minut\" \/>\n<script type=\"application\/ld+json\" class=\"yoast-schema-graph\">{\"@context\":\"https:\\\/\\\/schema.org\",\"@graph\":[{\"@type\":\"NewsArticle\",\"@id\":\"https:\\\/\\\/radiolitoral.com\\\/2024\\\/02\\\/el-ayuntamiento-de-teulada-promueve-el-primer-equipo-de-futbol-femenino-de-la-localidad\\\/#article\",\"isPartOf\":{\"@id\":\"https:\\\/\\\/radiolitoral.com\\\/2024\\\/02\\\/el-ayuntamiento-de-teulada-promueve-el-primer-equipo-de-futbol-femenino-de-la-localidad\\\/\"},\"author\":{\"name\":\"Mel Pescuezo\",\"@id\":\"https:\\\/\\\/radiolitoral.com\\\/#\\\/schema\\\/person\\\/aad4f72efa404f85b68e832d24cac059\"},\"headline\":\"El Ayuntamiento de Teulada promueve el primer equipo de f\u00fatbol femenino de la localidad\",\"datePublished\":\"2024-02-27T17:10:44+00:00\",\"mainEntityOfPage\":{\"@id\":\"https:\\\/\\\/radiolitoral.com\\\/2024\\\/02\\\/el-ayuntamiento-de-teulada-promueve-el-primer-equipo-de-futbol-femenino-de-la-localidad\\\/\"},\"wordCount\":144,\"commentCount\":0,\"publisher\":{\"@id\":\"https:\\\/\\\/radiolitoral.com\\\/#organization\"},\"image\":{\"@id\":\"https:\\\/\\\/radiolitoral.com\\\/2024\\\/02\\\/el-ayuntamiento-de-teulada-promueve-el-primer-equipo-de-futbol-femenino-de-la-localidad\\\/#primaryimage\"},\"thumbnailUrl\":\"https:\\\/\\\/media.radiolitoral.com\\\/wp-content\\\/uploads\\\/2024\\\/02\\\/27180840\\\/foto-equipo-futbol-femenino-scaled-e1709053800469.jpg\",\"articleSection\":[\"Deportes\"],\"inLanguage\":\"ca\",\"potentialAction\":[{\"@type\":\"CommentAction\",\"name\":\"Comment\",\"target\":[\"https:\\\/\\\/radiolitoral.com\\\/2024\\\/02\\\/el-ayuntamiento-de-teulada-promueve-el-primer-equipo-de-futbol-femenino-de-la-localidad\\\/#respond\"]}]},{\"@type\":[\"WebPage\",\"ItemPage\"],\"@id\":\"https:\\\/\\\/radiolitoral.com\\\/2024\\\/02\\\/el-ayuntamiento-de-teulada-promueve-el-primer-equipo-de-futbol-femenino-de-la-localidad\\\/\",\"url\":\"https:\\\/\\\/radiolitoral.com\\\/2024\\\/02\\\/el-ayuntamiento-de-teulada-promueve-el-primer-equipo-de-futbol-femenino-de-la-localidad\\\/\",\"name\":\"El Ayuntamiento de Teulada promueve el primer equipo de f\u00fatbol femenino de la localidad | R\u00e0dio Litoral\",\"isPartOf\":{\"@id\":\"https:\\\/\\\/radiolitoral.com\\\/#website\"},\"primaryImageOfPage\":{\"@id\":\"https:\\\/\\\/radiolitoral.com\\\/2024\\\/02\\\/el-ayuntamiento-de-teulada-promueve-el-primer-equipo-de-futbol-femenino-de-la-localidad\\\/#primaryimage\"},\"image\":{\"@id\":\"https:\\\/\\\/radiolitoral.com\\\/2024\\\/02\\\/el-ayuntamiento-de-teulada-promueve-el-primer-equipo-de-futbol-femenino-de-la-localidad\\\/#primaryimage\"},\"thumbnailUrl\":\"https:\\\/\\\/media.radiolitoral.com\\\/wp-content\\\/uploads\\\/2024\\\/02\\\/27180840\\\/foto-equipo-futbol-femenino-scaled-e1709053800469.jpg\",\"datePublished\":\"2024-02-27T17:10:44+00:00\",\"description\":\"Las ni\u00f1as y j\u00f3venes interesadas en formar parte del nuevo equipo de f\u00fatbol de Teulada ya pueden inscribirse\",\"breadcrumb\":{\"@id\":\"https:\\\/\\\/radiolitoral.com\\\/2024\\\/02\\\/el-ayuntamiento-de-teulada-promueve-el-primer-equipo-de-futbol-femenino-de-la-localidad\\\/#breadcrumb\"},\"inLanguage\":\"ca\",\"potentialAction\":[{\"@type\":\"ReadAction\",\"target\":[\"https:\\\/\\\/radiolitoral.com\\\/2024\\\/02\\\/el-ayuntamiento-de-teulada-promueve-el-primer-equipo-de-futbol-femenino-de-la-localidad\\\/\"]}]},{\"@type\":\"ImageObject\",\"inLanguage\":\"ca\",\"@id\":\"https:\\\/\\\/radiolitoral.com\\\/2024\\\/02\\\/el-ayuntamiento-de-teulada-promueve-el-primer-equipo-de-futbol-femenino-de-la-localidad\\\/#primaryimage\",\"url\":\"https:\\\/\\\/media.radiolitoral.com\\\/wp-content\\\/uploads\\\/2024\\\/02\\\/27180840\\\/foto-equipo-futbol-femenino-scaled-e1709053800469.jpg\",\"contentUrl\":\"https:\\\/\\\/media.radiolitoral.com\\\/wp-content\\\/uploads\\\/2024\\\/02\\\/27180840\\\/foto-equipo-futbol-femenino-scaled-e1709053800469.jpg\",\"width\":1817,\"height\":1446},{\"@type\":\"BreadcrumbList\",\"@id\":\"https:\\\/\\\/radiolitoral.com\\\/2024\\\/02\\\/el-ayuntamiento-de-teulada-promueve-el-primer-equipo-de-futbol-femenino-de-la-localidad\\\/#breadcrumb\",\"itemListElement\":[{\"@type\":\"ListItem\",\"position\":1,\"name\":\"Portada\",\"item\":\"https:\\\/\\\/radiolitoral.com\\\/\"},{\"@type\":\"ListItem\",\"position\":2,\"name\":\"El Ayuntamiento de Teulada promueve el primer equipo de f\u00fatbol femenino de la localidad\"}]},{\"@type\":\"WebSite\",\"@id\":\"https:\\\/\\\/radiolitoral.com\\\/#website\",\"url\":\"https:\\\/\\\/radiolitoral.com\\\/\",\"name\":\"Radio Litoral\",\"description\":\"La radio local de la Marina Alta\",\"publisher\":{\"@id\":\"https:\\\/\\\/radiolitoral.com\\\/#organization\"},\"alternateName\":\"Litoral FM\",\"potentialAction\":[{\"@type\":\"SearchAction\",\"target\":{\"@type\":\"EntryPoint\",\"urlTemplate\":\"https:\\\/\\\/radiolitoral.com\\\/?s={search_term_string}\"},\"query-input\":{\"@type\":\"PropertyValueSpecification\",\"valueRequired\":true,\"valueName\":\"search_term_string\"}}],\"inLanguage\":\"ca\"},{\"@type\":\"Organization\",\"@id\":\"https:\\\/\\\/radiolitoral.com\\\/#organization\",\"name\":\"Radio Litoral\",\"url\":\"https:\\\/\\\/radiolitoral.com\\\/\",\"logo\":{\"@type\":\"ImageObject\",\"inLanguage\":\"ca\",\"@id\":\"https:\\\/\\\/radiolitoral.com\\\/#\\\/schema\\\/logo\\\/image\\\/\",\"url\":\"https:\\\/\\\/media.radiolitoral.com\\\/wp-content\\\/uploads\\\/2023\\\/02\\\/24143238\\\/CL-V-RadioLitoral696.png\",\"contentUrl\":\"https:\\\/\\\/media.radiolitoral.com\\\/wp-content\\\/uploads\\\/2023\\\/02\\\/24143238\\\/CL-V-RadioLitoral696.png\",\"width\":696,\"height\":696,\"caption\":\"Radio Litoral\"},\"image\":{\"@id\":\"https:\\\/\\\/radiolitoral.com\\\/#\\\/schema\\\/logo\\\/image\\\/\"},\"sameAs\":[\"https:\\\/\\\/www.facebook.com\\\/Laradiolitoral\\\/\"]},{\"@type\":\"Person\",\"@id\":\"https:\\\/\\\/radiolitoral.com\\\/#\\\/schema\\\/person\\\/aad4f72efa404f85b68e832d24cac059\",\"name\":\"Mel Pescuezo\",\"image\":{\"@type\":\"ImageObject\",\"inLanguage\":\"ca\",\"@id\":\"https:\\\/\\\/secure.gravatar.com\\\/avatar\\\/993975ae489c70cb0dd9bfa9413a082f0bd276582dac13661af7b33f161e7eea?s=96&d=mm&r=g\",\"url\":\"https:\\\/\\\/secure.gravatar.com\\\/avatar\\\/993975ae489c70cb0dd9bfa9413a082f0bd276582dac13661af7b33f161e7eea?s=96&d=mm&r=g\",\"contentUrl\":\"https:\\\/\\\/secure.gravatar.com\\\/avatar\\\/993975ae489c70cb0dd9bfa9413a082f0bd276582dac13661af7b33f161e7eea?s=96&d=mm&r=g\",\"caption\":\"Mel Pescuezo\"},\"url\":\"https:\\\/\\\/radiolitoral.com\\\/ca\\\/author\\\/serviciospararadios\\\/\"}]}<\/script>\n<!-- \/ Yoast SEO plugin. -->","yoast_head_json":{"title":"L&#039;Ajuntament de Teulada promou el primer equip de futbol femen\u00ed de la localitat R\u00e0dio Litoral","description":"Les nenes i joves interessades a formar part del nou equip de futbol de Teulada ja es poden inscriure","robots":{"index":"index","follow":"follow","max-snippet":"max-snippet:-1","max-image-preview":"max-image-preview:large","max-video-preview":"max-video-preview:-1"},"canonical":"https:\/\/radiolitoral.com\/ca\/2024\/02\/lajuntament-de-teulada-promou-el-primer-equip-de-futbol-femeni-de-la-localitat\/","og_locale":"ca_ES","og_type":"article","og_title":"El Ayuntamiento de Teulada promueve el primer equipo de f\u00fatbol femenino de la localidad | R\u00e0dio Litoral","og_description":"Las ni\u00f1as y j\u00f3venes interesadas en formar parte del nuevo equipo de f\u00fatbol de Teulada ya pueden inscribirse","og_url":"https:\/\/radiolitoral.com\/ca\/2024\/02\/lajuntament-de-teulada-promou-el-primer-equip-de-futbol-femeni-de-la-localitat\/","og_site_name":"R\u00e0dio Litoral","article_publisher":"https:\/\/www.facebook.com\/Laradiolitoral\/","article_published_time":"2024-02-27T17:10:44+00:00","og_image":[{"width":1817,"height":1446,"url":"https:\/\/media.radiolitoral.com\/wp-content\/uploads\/2024\/02\/27180840\/foto-equipo-futbol-femenino-scaled-e1709053800469.jpg","type":"image\/jpeg"}],"author":"Mel Pescuezo","twitter_card":"summary_large_image","twitter_misc":{"Escrit per":"Mel Pescuezo","Temps estimat de lectura":"1 minut"},"schema":{"@context":"https:\/\/schema.org","@graph":[{"@type":"NewsArticle","@id":"https:\/\/radiolitoral.com\/2024\/02\/el-ayuntamiento-de-teulada-promueve-el-primer-equipo-de-futbol-femenino-de-la-localidad\/#article","isPartOf":{"@id":"https:\/\/radiolitoral.com\/2024\/02\/el-ayuntamiento-de-teulada-promueve-el-primer-equipo-de-futbol-femenino-de-la-localidad\/"},"author":{"name":"Mel Pescuezo","@id":"https:\/\/radiolitoral.com\/#\/schema\/person\/aad4f72efa404f85b68e832d24cac059"},"headline":"El Ayuntamiento de Teulada promueve el primer equipo de f\u00fatbol femenino de la localidad","datePublished":"2024-02-27T17:10:44+00:00","mainEntityOfPage":{"@id":"https:\/\/radiolitoral.com\/2024\/02\/el-ayuntamiento-de-teulada-promueve-el-primer-equipo-de-futbol-femenino-de-la-localidad\/"},"wordCount":144,"commentCount":0,"publisher":{"@id":"https:\/\/radiolitoral.com\/#organization"},"image":{"@id":"https:\/\/radiolitoral.com\/2024\/02\/el-ayuntamiento-de-teulada-promueve-el-primer-equipo-de-futbol-femenino-de-la-localidad\/#primaryimage"},"thumbnailUrl":"https:\/\/media.radiolitoral.com\/wp-content\/uploads\/2024\/02\/27180840\/foto-equipo-futbol-femenino-scaled-e1709053800469.jpg","articleSection":["Deportes"],"inLanguage":"ca","potentialAction":[{"@type":"CommentAction","name":"Comment","target":["https:\/\/radiolitoral.com\/2024\/02\/el-ayuntamiento-de-teulada-promueve-el-primer-equipo-de-futbol-femenino-de-la-localidad\/#respond"]}]},{"@type":["WebPage","ItemPage"],"@id":"https:\/\/radiolitoral.com\/2024\/02\/el-ayuntamiento-de-teulada-promueve-el-primer-equipo-de-futbol-femenino-de-la-localidad\/","url":"https:\/\/radiolitoral.com\/2024\/02\/el-ayuntamiento-de-teulada-promueve-el-primer-equipo-de-futbol-femenino-de-la-localidad\/","name":"L&#039;Ajuntament de Teulada promou el primer equip de futbol femen\u00ed de la localitat R\u00e0dio Litoral","isPartOf":{"@id":"https:\/\/radiolitoral.com\/#website"},"primaryImageOfPage":{"@id":"https:\/\/radiolitoral.com\/2024\/02\/el-ayuntamiento-de-teulada-promueve-el-primer-equipo-de-futbol-femenino-de-la-localidad\/#primaryimage"},"image":{"@id":"https:\/\/radiolitoral.com\/2024\/02\/el-ayuntamiento-de-teulada-promueve-el-primer-equipo-de-futbol-femenino-de-la-localidad\/#primaryimage"},"thumbnailUrl":"https:\/\/media.radiolitoral.com\/wp-content\/uploads\/2024\/02\/27180840\/foto-equipo-futbol-femenino-scaled-e1709053800469.jpg","datePublished":"2024-02-27T17:10:44+00:00","description":"Les nenes i joves interessades a formar part del nou equip de futbol de Teulada ja es poden inscriure","breadcrumb":{"@id":"https:\/\/radiolitoral.com\/2024\/02\/el-ayuntamiento-de-teulada-promueve-el-primer-equipo-de-futbol-femenino-de-la-localidad\/#breadcrumb"},"inLanguage":"ca","potentialAction":[{"@type":"ReadAction","target":["https:\/\/radiolitoral.com\/2024\/02\/el-ayuntamiento-de-teulada-promueve-el-primer-equipo-de-futbol-femenino-de-la-localidad\/"]}]},{"@type":"ImageObject","inLanguage":"ca","@id":"https:\/\/radiolitoral.com\/2024\/02\/el-ayuntamiento-de-teulada-promueve-el-primer-equipo-de-futbol-femenino-de-la-localidad\/#primaryimage","url":"https:\/\/media.radiolitoral.com\/wp-content\/uploads\/2024\/02\/27180840\/foto-equipo-futbol-femenino-scaled-e1709053800469.jpg","contentUrl":"https:\/\/media.radiolitoral.com\/wp-content\/uploads\/2024\/02\/27180840\/foto-equipo-futbol-femenino-scaled-e1709053800469.jpg","width":1817,"height":1446},{"@type":"BreadcrumbList","@id":"https:\/\/radiolitoral.com\/2024\/02\/el-ayuntamiento-de-teulada-promueve-el-primer-equipo-de-futbol-femenino-de-la-localidad\/#breadcrumb","itemListElement":[{"@type":"ListItem","position":1,"name":"Portada","item":"https:\/\/radiolitoral.com\/"},{"@type":"ListItem","position":2,"name":"El Ayuntamiento de Teulada promueve el primer equipo de f\u00fatbol femenino de la localidad"}]},{"@type":"WebSite","@id":"https:\/\/radiolitoral.com\/#website","url":"https:\/\/radiolitoral.com\/","name":"R\u00e0dio Litoral","description":"La r\u00e0dio local de la Marina Alta","publisher":{"@id":"https:\/\/radiolitoral.com\/#organization"},"alternateName":"Litoral FM","potentialAction":[{"@type":"SearchAction","target":{"@type":"EntryPoint","urlTemplate":"https:\/\/radiolitoral.com\/?s={search_term_string}"},"query-input":{"@type":"PropertyValueSpecification","valueRequired":true,"valueName":"search_term_string"}}],"inLanguage":"ca"},{"@type":"Organization","@id":"https:\/\/radiolitoral.com\/#organization","name":"R\u00e0dio Litoral","url":"https:\/\/radiolitoral.com\/","logo":{"@type":"ImageObject","inLanguage":"ca","@id":"https:\/\/radiolitoral.com\/#\/schema\/logo\/image\/","url":"https:\/\/media.radiolitoral.com\/wp-content\/uploads\/2023\/02\/24143238\/CL-V-RadioLitoral696.png","contentUrl":"https:\/\/media.radiolitoral.com\/wp-content\/uploads\/2023\/02\/24143238\/CL-V-RadioLitoral696.png","width":696,"height":696,"caption":"Radio Litoral"},"image":{"@id":"https:\/\/radiolitoral.com\/#\/schema\/logo\/image\/"},"sameAs":["https:\/\/www.facebook.com\/Laradiolitoral\/"]},{"@type":"Person","@id":"https:\/\/radiolitoral.com\/#\/schema\/person\/aad4f72efa404f85b68e832d24cac059","name":"Mel Pescuezo","image":{"@type":"ImageObject","inLanguage":"ca","@id":"https:\/\/secure.gravatar.com\/avatar\/993975ae489c70cb0dd9bfa9413a082f0bd276582dac13661af7b33f161e7eea?s=96&d=mm&r=g","url":"https:\/\/secure.gravatar.com\/avatar\/993975ae489c70cb0dd9bfa9413a082f0bd276582dac13661af7b33f161e7eea?s=96&d=mm&r=g","contentUrl":"https:\/\/secure.gravatar.com\/avatar\/993975ae489c70cb0dd9bfa9413a082f0bd276582dac13661af7b33f161e7eea?s=96&d=mm&r=g","caption":"Mel Pescuezo"},"url":"https:\/\/radiolitoral.com\/ca\/author\/serviciospararadios\/"}]}},"_links":{"self":[{"href":"https:\/\/radiolitoral.com\/ca\/wp-json\/wp\/v2\/posts\/7039","targetHints":{"allow":["GET"]}}],"collection":[{"href":"https:\/\/radiolitoral.com\/ca\/wp-json\/wp\/v2\/posts"}],"about":[{"href":"https:\/\/radiolitoral.com\/ca\/wp-json\/wp\/v2\/types\/post"}],"author":[{"embeddable":true,"href":"https:\/\/radiolitoral.com\/ca\/wp-json\/wp\/v2\/users\/21"}],"replies":[{"embeddable":true,"href":"https:\/\/radiolitoral.com\/ca\/wp-json\/wp\/v2\/comments?post=7039"}],"version-history":[{"count":3,"href":"https:\/\/radiolitoral.com\/ca\/wp-json\/wp\/v2\/posts\/7039\/revisions"}],"predecessor-version":[{"id":7044,"href":"https:\/\/radiolitoral.com\/ca\/wp-json\/wp\/v2\/posts\/7039\/revisions\/7044"}],"wp:featuredmedia":[{"embeddable":true,"href":"https:\/\/radiolitoral.com\/ca\/wp-json\/wp\/v2\/media\/7041"}],"wp:attachment":[{"href":"https:\/\/radiolitoral.com\/ca\/wp-json\/wp\/v2\/media?parent=7039"}],"wp:term":[{"taxonomy":"category","embeddable":true,"href":"https:\/\/radiolitoral.com\/ca\/wp-json\/wp\/v2\/categories?post=7039"},{"taxonomy":"post_tag","embeddable":true,"href":"https:\/\/radiolitoral.com\/ca\/wp-json\/wp\/v2\/tags?post=7039"}],"curies":[{"name":"wp","href":"https:\/\/api.w.org\/{rel}","templated":true}]}}