{"id":6915,"date":"2024-02-20T20:34:08","date_gmt":"2024-02-20T19:34:08","guid":{"rendered":"https:\/\/radiolitoral.com\/?p=6915"},"modified":"2024-02-20T20:34:08","modified_gmt":"2024-02-20T19:34:08","slug":"el-comerc-de-teulada-acomiada-la-temporada-amb-una-nova-edicio-de-bye-bye-hivern","status":"publish","type":"post","link":"https:\/\/radiolitoral.com\/ca\/2024\/02\/el-comercio-de-teulada-despide-la-temporada-con-una-nueva-edicion-de-bye-bye-invierno\/","title":{"rendered":"El comer\u00e7 de Teulada acomiada la temporada amb una nova edici\u00f3 de Bye Bye Hivern"},"content":{"rendered":"<p><strong>Teulada <\/strong>acomiada l&#039;\u00e8poca de fred amb <strong>&#039;Bye Bye Hivern&#039; 2024<\/strong>. Una convocat\u00f2ria ja tradicional per al comer\u00e7 local, amb qu\u00e8 la localitat es prepara per a l&#039;arribada de la primavera i remata les compres de la temporada. L&#039;esdeveniment &#039;Bye Bye Hivern&#039;, tindr\u00e0 lloc aquest <strong>diumenge, 25 de febrer, a l&#039;esplanada del Castell de Moraira.<\/strong><\/p>\n<p>Com ha explicat la <strong>regidora de Foment, Pilar Vidal<\/strong>, els comer\u00e7os associats a <strong>AECO<\/strong>, associaci\u00f3 que aglutina el teixit empresarial local, obriran les portes al p\u00fablic des de les 10:00h fins a les 18:00h, oferint una \u00e0mplia varietat de productes que inclouen roba, cal\u00e7at, complements, decoraci\u00f3, begudes, aix\u00ed com tapes a preus populars i m\u00e9s assequibles. A m\u00e9s, la jornada estar\u00e0 amenitzada amb m\u00fasica en viu. Una jornada dedicada a les compres i reactivar l&#039;activitat comercial de la localitat.<\/p>\n<p><strong>Vidal<\/strong> anima els ve\u00efns a recolzar el comer\u00e7 local i aprofitar els bons preus amb qu\u00e8 s&#039;ofereixen els productes de fi de temporada. Una proposta amb qu\u00e8 es pret\u00e9n <strong>impulsar l&#039;activitat econ\u00f2mica<\/strong> a <strong>Teulada Moraira.<\/strong><\/p>\n<audio class=\"wp-audio-shortcode\" id=\"audio-6915-1\" preload=\"none\" style=\"width: 100%;\" controls=\"controls\"><source type=\"audio\/mpeg\" src=\"https:\/\/media.radiolitoral.com\/wp-content\/uploads\/2024\/02\/20203104\/Pilar-Vidal-1.mp3?_=1\" \/><a href=\"https:\/\/media.radiolitoral.com\/wp-content\/uploads\/2024\/02\/20203104\/Pilar-Vidal-1.mp3\">https:\/\/media.radiolitoral.com\/wp-content\/uploads\/2024\/02\/20203104\/Pilar-Vidal-1.mp3<\/a><\/audio>","protected":false},"excerpt":{"rendered":"<p>Teulada despide la \u00e9poca de fr\u00edo con &#8216;Bye Bye Invierno&#8217; 2024. Una convocatoria ya tradicional para el comercio local, con la que la localidad se prepara para la llegada de la primavera y remata las compras de la temporada.\u00a0El evento &#8216;Bye Bye Invierno&#8217;, tendr\u00e1 lugar este domingo, 25 de febrero, en la explanada del Castillo [&#8230;]<\/p>\n<p><a class=\"btn btn-secondary understrap-read-more-link\" href=\"https:\/\/radiolitoral.com\/ca\/2024\/02\/el-comercio-de-teulada-despide-la-temporada-con-una-nueva-edicion-de-bye-bye-invierno\/\">Continua llegint&#8230;<span class=\"screen-reader-text\"> from El comercio de Teulada despide la temporada con una nueva edici\u00f3n de \u00abBye Bye Invierno\u00bb<\/span><\/a><\/p>\n","protected":false},"author":21,"featured_media":6917,"comment_status":"open","ping_status":"closed","sticky":false,"template":"","format":"standard","meta":{"_acf_changed":false,"inline_featured_image":false,"footnotes":""},"categories":[230],"tags":[],"class_list":["post-6915","post","type-post","status-publish","format-standard","has-post-thumbnail","hentry","category-comercio","cobertura-teulada-moraira"],"acf":[],"yoast_head":"<!-- This site is optimized with the Yoast SEO plugin v27.5 - https:\/\/yoast.com\/product\/yoast-seo-wordpress\/ -->\n<title>El comercio de Teulada despide la temporada con una nueva edici\u00f3n de &quot;Bye Bye Invierno&quot; | R\u00e0dio Litoral<\/title>\n<meta name=\"description\" content=\"La cita es este domingo 25 de febrero en la explanada del Castillo de Moraira para impulsar la actividad econ\u00f3mica en el municipio\" \/>\n<meta name=\"robots\" content=\"index, follow, max-snippet:-1, max-image-preview:large, max-video-preview:-1\" \/>\n<link rel=\"canonical\" href=\"https:\/\/radiolitoral.com\/ca\/2024\/02\/el-comerc-de-teulada-acomiada-la-temporada-amb-una-nova-edicio-de-bye-bye-hivern\/\" \/>\n<meta property=\"og:locale\" content=\"ca_ES\" \/>\n<meta property=\"og:type\" content=\"article\" \/>\n<meta property=\"og:title\" content=\"El comercio de Teulada despide la temporada con una nueva edici\u00f3n de &quot;Bye Bye Invierno&quot; | R\u00e0dio Litoral\" \/>\n<meta property=\"og:description\" content=\"La cita es este domingo 25 de febrero en la explanada del Castillo de Moraira para impulsar la actividad econ\u00f3mica en el municipio\" \/>\n<meta property=\"og:url\" content=\"https:\/\/radiolitoral.com\/ca\/2024\/02\/el-comerc-de-teulada-acomiada-la-temporada-amb-una-nova-edicio-de-bye-bye-hivern\/\" \/>\n<meta property=\"og:site_name\" content=\"R\u00e0dio Litoral\" \/>\n<meta property=\"article:publisher\" content=\"https:\/\/www.facebook.com\/Laradiolitoral\/\" \/>\n<meta property=\"article:published_time\" content=\"2024-02-20T19:34:08+00:00\" \/>\n<meta property=\"og:image\" content=\"https:\/\/media.radiolitoral.com\/wp-content\/uploads\/2024\/02\/20203225\/Teulada.-Comercio-Teulada-Moraira-de-tiendas-Archivo-1024x567.png\" \/>\n\t<meta property=\"og:image:width\" content=\"1024\" \/>\n\t<meta property=\"og:image:height\" content=\"567\" \/>\n\t<meta property=\"og:image:type\" content=\"image\/png\" \/>\n<meta name=\"author\" content=\"Mel Pescuezo\" \/>\n<meta name=\"twitter:card\" content=\"summary_large_image\" \/>\n<meta name=\"twitter:label1\" content=\"Escrit per\" \/>\n\t<meta name=\"twitter:data1\" content=\"Mel Pescuezo\" \/>\n\t<meta name=\"twitter:label2\" content=\"Temps estimat de lectura\" \/>\n\t<meta name=\"twitter:data2\" content=\"2 minuts\" \/>\n<script type=\"application\/ld+json\" class=\"yoast-schema-graph\">{\"@context\":\"https:\\\/\\\/schema.org\",\"@graph\":[{\"@type\":\"NewsArticle\",\"@id\":\"https:\\\/\\\/radiolitoral.com\\\/2024\\\/02\\\/el-comercio-de-teulada-despide-la-temporada-con-una-nueva-edicion-de-bye-bye-invierno\\\/#article\",\"isPartOf\":{\"@id\":\"https:\\\/\\\/radiolitoral.com\\\/2024\\\/02\\\/el-comercio-de-teulada-despide-la-temporada-con-una-nueva-edicion-de-bye-bye-invierno\\\/\"},\"author\":{\"name\":\"Mel Pescuezo\",\"@id\":\"https:\\\/\\\/radiolitoral.com\\\/#\\\/schema\\\/person\\\/aad4f72efa404f85b68e832d24cac059\"},\"headline\":\"El comercio de Teulada despide la temporada con una nueva edici\u00f3n de \u00abBye Bye Invierno\u00bb\",\"datePublished\":\"2024-02-20T19:34:08+00:00\",\"mainEntityOfPage\":{\"@id\":\"https:\\\/\\\/radiolitoral.com\\\/2024\\\/02\\\/el-comercio-de-teulada-despide-la-temporada-con-una-nueva-edicion-de-bye-bye-invierno\\\/\"},\"wordCount\":209,\"commentCount\":0,\"publisher\":{\"@id\":\"https:\\\/\\\/radiolitoral.com\\\/#organization\"},\"image\":{\"@id\":\"https:\\\/\\\/radiolitoral.com\\\/2024\\\/02\\\/el-comercio-de-teulada-despide-la-temporada-con-una-nueva-edicion-de-bye-bye-invierno\\\/#primaryimage\"},\"thumbnailUrl\":\"https:\\\/\\\/media.radiolitoral.com\\\/wp-content\\\/uploads\\\/2024\\\/02\\\/20203225\\\/Teulada.-Comercio-Teulada-Moraira-de-tiendas-Archivo.png\",\"articleSection\":[\"Comercio\"],\"inLanguage\":\"ca\",\"potentialAction\":[{\"@type\":\"CommentAction\",\"name\":\"Comment\",\"target\":[\"https:\\\/\\\/radiolitoral.com\\\/2024\\\/02\\\/el-comercio-de-teulada-despide-la-temporada-con-una-nueva-edicion-de-bye-bye-invierno\\\/#respond\"]}]},{\"@type\":[\"WebPage\",\"ItemPage\"],\"@id\":\"https:\\\/\\\/radiolitoral.com\\\/2024\\\/02\\\/el-comercio-de-teulada-despide-la-temporada-con-una-nueva-edicion-de-bye-bye-invierno\\\/\",\"url\":\"https:\\\/\\\/radiolitoral.com\\\/2024\\\/02\\\/el-comercio-de-teulada-despide-la-temporada-con-una-nueva-edicion-de-bye-bye-invierno\\\/\",\"name\":\"El comercio de Teulada despide la temporada con una nueva edici\u00f3n de \\\"Bye Bye Invierno\\\" | R\u00e0dio Litoral\",\"isPartOf\":{\"@id\":\"https:\\\/\\\/radiolitoral.com\\\/#website\"},\"primaryImageOfPage\":{\"@id\":\"https:\\\/\\\/radiolitoral.com\\\/2024\\\/02\\\/el-comercio-de-teulada-despide-la-temporada-con-una-nueva-edicion-de-bye-bye-invierno\\\/#primaryimage\"},\"image\":{\"@id\":\"https:\\\/\\\/radiolitoral.com\\\/2024\\\/02\\\/el-comercio-de-teulada-despide-la-temporada-con-una-nueva-edicion-de-bye-bye-invierno\\\/#primaryimage\"},\"thumbnailUrl\":\"https:\\\/\\\/media.radiolitoral.com\\\/wp-content\\\/uploads\\\/2024\\\/02\\\/20203225\\\/Teulada.-Comercio-Teulada-Moraira-de-tiendas-Archivo.png\",\"datePublished\":\"2024-02-20T19:34:08+00:00\",\"description\":\"La cita es este domingo 25 de febrero en la explanada del Castillo de Moraira para impulsar la actividad econ\u00f3mica en el municipio\",\"breadcrumb\":{\"@id\":\"https:\\\/\\\/radiolitoral.com\\\/2024\\\/02\\\/el-comercio-de-teulada-despide-la-temporada-con-una-nueva-edicion-de-bye-bye-invierno\\\/#breadcrumb\"},\"inLanguage\":\"ca\",\"potentialAction\":[{\"@type\":\"ReadAction\",\"target\":[\"https:\\\/\\\/radiolitoral.com\\\/2024\\\/02\\\/el-comercio-de-teulada-despide-la-temporada-con-una-nueva-edicion-de-bye-bye-invierno\\\/\"]}]},{\"@type\":\"ImageObject\",\"inLanguage\":\"ca\",\"@id\":\"https:\\\/\\\/radiolitoral.com\\\/2024\\\/02\\\/el-comercio-de-teulada-despide-la-temporada-con-una-nueva-edicion-de-bye-bye-invierno\\\/#primaryimage\",\"url\":\"https:\\\/\\\/media.radiolitoral.com\\\/wp-content\\\/uploads\\\/2024\\\/02\\\/20203225\\\/Teulada.-Comercio-Teulada-Moraira-de-tiendas-Archivo.png\",\"contentUrl\":\"https:\\\/\\\/media.radiolitoral.com\\\/wp-content\\\/uploads\\\/2024\\\/02\\\/20203225\\\/Teulada.-Comercio-Teulada-Moraira-de-tiendas-Archivo.png\",\"width\":1700,\"height\":942},{\"@type\":\"BreadcrumbList\",\"@id\":\"https:\\\/\\\/radiolitoral.com\\\/2024\\\/02\\\/el-comercio-de-teulada-despide-la-temporada-con-una-nueva-edicion-de-bye-bye-invierno\\\/#breadcrumb\",\"itemListElement\":[{\"@type\":\"ListItem\",\"position\":1,\"name\":\"Portada\",\"item\":\"https:\\\/\\\/radiolitoral.com\\\/\"},{\"@type\":\"ListItem\",\"position\":2,\"name\":\"El comercio de Teulada despide la temporada con una nueva edici\u00f3n de \u00abBye Bye Invierno\u00bb\"}]},{\"@type\":\"WebSite\",\"@id\":\"https:\\\/\\\/radiolitoral.com\\\/#website\",\"url\":\"https:\\\/\\\/radiolitoral.com\\\/\",\"name\":\"Radio Litoral\",\"description\":\"La radio local de la Marina Alta\",\"publisher\":{\"@id\":\"https:\\\/\\\/radiolitoral.com\\\/#organization\"},\"alternateName\":\"Litoral FM\",\"potentialAction\":[{\"@type\":\"SearchAction\",\"target\":{\"@type\":\"EntryPoint\",\"urlTemplate\":\"https:\\\/\\\/radiolitoral.com\\\/?s={search_term_string}\"},\"query-input\":{\"@type\":\"PropertyValueSpecification\",\"valueRequired\":true,\"valueName\":\"search_term_string\"}}],\"inLanguage\":\"ca\"},{\"@type\":\"Organization\",\"@id\":\"https:\\\/\\\/radiolitoral.com\\\/#organization\",\"name\":\"Radio Litoral\",\"url\":\"https:\\\/\\\/radiolitoral.com\\\/\",\"logo\":{\"@type\":\"ImageObject\",\"inLanguage\":\"ca\",\"@id\":\"https:\\\/\\\/radiolitoral.com\\\/#\\\/schema\\\/logo\\\/image\\\/\",\"url\":\"https:\\\/\\\/media.radiolitoral.com\\\/wp-content\\\/uploads\\\/2023\\\/02\\\/24143238\\\/CL-V-RadioLitoral696.png\",\"contentUrl\":\"https:\\\/\\\/media.radiolitoral.com\\\/wp-content\\\/uploads\\\/2023\\\/02\\\/24143238\\\/CL-V-RadioLitoral696.png\",\"width\":696,\"height\":696,\"caption\":\"Radio Litoral\"},\"image\":{\"@id\":\"https:\\\/\\\/radiolitoral.com\\\/#\\\/schema\\\/logo\\\/image\\\/\"},\"sameAs\":[\"https:\\\/\\\/www.facebook.com\\\/Laradiolitoral\\\/\"]},{\"@type\":\"Person\",\"@id\":\"https:\\\/\\\/radiolitoral.com\\\/#\\\/schema\\\/person\\\/aad4f72efa404f85b68e832d24cac059\",\"name\":\"Mel Pescuezo\",\"image\":{\"@type\":\"ImageObject\",\"inLanguage\":\"ca\",\"@id\":\"https:\\\/\\\/secure.gravatar.com\\\/avatar\\\/993975ae489c70cb0dd9bfa9413a082f0bd276582dac13661af7b33f161e7eea?s=96&d=mm&r=g\",\"url\":\"https:\\\/\\\/secure.gravatar.com\\\/avatar\\\/993975ae489c70cb0dd9bfa9413a082f0bd276582dac13661af7b33f161e7eea?s=96&d=mm&r=g\",\"contentUrl\":\"https:\\\/\\\/secure.gravatar.com\\\/avatar\\\/993975ae489c70cb0dd9bfa9413a082f0bd276582dac13661af7b33f161e7eea?s=96&d=mm&r=g\",\"caption\":\"Mel Pescuezo\"},\"url\":\"https:\\\/\\\/radiolitoral.com\\\/ca\\\/author\\\/serviciospararadios\\\/\"}]}<\/script>\n<!-- \/ Yoast SEO plugin. -->","yoast_head_json":{"title":"El comer\u00e7 de Teulada acomiada la temporada amb una nova edici\u00f3 de &quot;Bye Bye Hivern&quot; | R\u00e0dio Litoral","description":"La cita \u00e9s aquest diumenge 25 de febrer a l&#039;esplanada del Castell de Moraira per impulsar l&#039;activitat econ\u00f2mica al municipi","robots":{"index":"index","follow":"follow","max-snippet":"max-snippet:-1","max-image-preview":"max-image-preview:large","max-video-preview":"max-video-preview:-1"},"canonical":"https:\/\/radiolitoral.com\/ca\/2024\/02\/el-comerc-de-teulada-acomiada-la-temporada-amb-una-nova-edicio-de-bye-bye-hivern\/","og_locale":"ca_ES","og_type":"article","og_title":"El comercio de Teulada despide la temporada con una nueva edici\u00f3n de \"Bye Bye Invierno\" | R\u00e0dio Litoral","og_description":"La cita es este domingo 25 de febrero en la explanada del Castillo de Moraira para impulsar la actividad econ\u00f3mica en el municipio","og_url":"https:\/\/radiolitoral.com\/ca\/2024\/02\/el-comerc-de-teulada-acomiada-la-temporada-amb-una-nova-edicio-de-bye-bye-hivern\/","og_site_name":"R\u00e0dio Litoral","article_publisher":"https:\/\/www.facebook.com\/Laradiolitoral\/","article_published_time":"2024-02-20T19:34:08+00:00","og_image":[{"width":1024,"height":567,"url":"https:\/\/media.radiolitoral.com\/wp-content\/uploads\/2024\/02\/20203225\/Teulada.-Comercio-Teulada-Moraira-de-tiendas-Archivo-1024x567.png","type":"image\/png"}],"author":"Mel Pescuezo","twitter_card":"summary_large_image","twitter_misc":{"Escrit per":"Mel Pescuezo","Temps estimat de lectura":"2 minuts"},"schema":{"@context":"https:\/\/schema.org","@graph":[{"@type":"NewsArticle","@id":"https:\/\/radiolitoral.com\/2024\/02\/el-comercio-de-teulada-despide-la-temporada-con-una-nueva-edicion-de-bye-bye-invierno\/#article","isPartOf":{"@id":"https:\/\/radiolitoral.com\/2024\/02\/el-comercio-de-teulada-despide-la-temporada-con-una-nueva-edicion-de-bye-bye-invierno\/"},"author":{"name":"Mel Pescuezo","@id":"https:\/\/radiolitoral.com\/#\/schema\/person\/aad4f72efa404f85b68e832d24cac059"},"headline":"El comercio de Teulada despide la temporada con una nueva edici\u00f3n de \u00abBye Bye Invierno\u00bb","datePublished":"2024-02-20T19:34:08+00:00","mainEntityOfPage":{"@id":"https:\/\/radiolitoral.com\/2024\/02\/el-comercio-de-teulada-despide-la-temporada-con-una-nueva-edicion-de-bye-bye-invierno\/"},"wordCount":209,"commentCount":0,"publisher":{"@id":"https:\/\/radiolitoral.com\/#organization"},"image":{"@id":"https:\/\/radiolitoral.com\/2024\/02\/el-comercio-de-teulada-despide-la-temporada-con-una-nueva-edicion-de-bye-bye-invierno\/#primaryimage"},"thumbnailUrl":"https:\/\/media.radiolitoral.com\/wp-content\/uploads\/2024\/02\/20203225\/Teulada.-Comercio-Teulada-Moraira-de-tiendas-Archivo.png","articleSection":["Comercio"],"inLanguage":"ca","potentialAction":[{"@type":"CommentAction","name":"Comment","target":["https:\/\/radiolitoral.com\/2024\/02\/el-comercio-de-teulada-despide-la-temporada-con-una-nueva-edicion-de-bye-bye-invierno\/#respond"]}]},{"@type":["WebPage","ItemPage"],"@id":"https:\/\/radiolitoral.com\/2024\/02\/el-comercio-de-teulada-despide-la-temporada-con-una-nueva-edicion-de-bye-bye-invierno\/","url":"https:\/\/radiolitoral.com\/2024\/02\/el-comercio-de-teulada-despide-la-temporada-con-una-nueva-edicion-de-bye-bye-invierno\/","name":"El comer\u00e7 de Teulada acomiada la temporada amb una nova edici\u00f3 de &quot;Bye Bye Hivern&quot; | R\u00e0dio Litoral","isPartOf":{"@id":"https:\/\/radiolitoral.com\/#website"},"primaryImageOfPage":{"@id":"https:\/\/radiolitoral.com\/2024\/02\/el-comercio-de-teulada-despide-la-temporada-con-una-nueva-edicion-de-bye-bye-invierno\/#primaryimage"},"image":{"@id":"https:\/\/radiolitoral.com\/2024\/02\/el-comercio-de-teulada-despide-la-temporada-con-una-nueva-edicion-de-bye-bye-invierno\/#primaryimage"},"thumbnailUrl":"https:\/\/media.radiolitoral.com\/wp-content\/uploads\/2024\/02\/20203225\/Teulada.-Comercio-Teulada-Moraira-de-tiendas-Archivo.png","datePublished":"2024-02-20T19:34:08+00:00","description":"La cita \u00e9s aquest diumenge 25 de febrer a l&#039;esplanada del Castell de Moraira per impulsar l&#039;activitat econ\u00f2mica al municipi","breadcrumb":{"@id":"https:\/\/radiolitoral.com\/2024\/02\/el-comercio-de-teulada-despide-la-temporada-con-una-nueva-edicion-de-bye-bye-invierno\/#breadcrumb"},"inLanguage":"ca","potentialAction":[{"@type":"ReadAction","target":["https:\/\/radiolitoral.com\/2024\/02\/el-comercio-de-teulada-despide-la-temporada-con-una-nueva-edicion-de-bye-bye-invierno\/"]}]},{"@type":"ImageObject","inLanguage":"ca","@id":"https:\/\/radiolitoral.com\/2024\/02\/el-comercio-de-teulada-despide-la-temporada-con-una-nueva-edicion-de-bye-bye-invierno\/#primaryimage","url":"https:\/\/media.radiolitoral.com\/wp-content\/uploads\/2024\/02\/20203225\/Teulada.-Comercio-Teulada-Moraira-de-tiendas-Archivo.png","contentUrl":"https:\/\/media.radiolitoral.com\/wp-content\/uploads\/2024\/02\/20203225\/Teulada.-Comercio-Teulada-Moraira-de-tiendas-Archivo.png","width":1700,"height":942},{"@type":"BreadcrumbList","@id":"https:\/\/radiolitoral.com\/2024\/02\/el-comercio-de-teulada-despide-la-temporada-con-una-nueva-edicion-de-bye-bye-invierno\/#breadcrumb","itemListElement":[{"@type":"ListItem","position":1,"name":"Portada","item":"https:\/\/radiolitoral.com\/"},{"@type":"ListItem","position":2,"name":"El comercio de Teulada despide la temporada con una nueva edici\u00f3n de \u00abBye Bye Invierno\u00bb"}]},{"@type":"WebSite","@id":"https:\/\/radiolitoral.com\/#website","url":"https:\/\/radiolitoral.com\/","name":"R\u00e0dio Litoral","description":"La r\u00e0dio local de la Marina Alta","publisher":{"@id":"https:\/\/radiolitoral.com\/#organization"},"alternateName":"Litoral FM","potentialAction":[{"@type":"SearchAction","target":{"@type":"EntryPoint","urlTemplate":"https:\/\/radiolitoral.com\/?s={search_term_string}"},"query-input":{"@type":"PropertyValueSpecification","valueRequired":true,"valueName":"search_term_string"}}],"inLanguage":"ca"},{"@type":"Organization","@id":"https:\/\/radiolitoral.com\/#organization","name":"R\u00e0dio Litoral","url":"https:\/\/radiolitoral.com\/","logo":{"@type":"ImageObject","inLanguage":"ca","@id":"https:\/\/radiolitoral.com\/#\/schema\/logo\/image\/","url":"https:\/\/media.radiolitoral.com\/wp-content\/uploads\/2023\/02\/24143238\/CL-V-RadioLitoral696.png","contentUrl":"https:\/\/media.radiolitoral.com\/wp-content\/uploads\/2023\/02\/24143238\/CL-V-RadioLitoral696.png","width":696,"height":696,"caption":"Radio Litoral"},"image":{"@id":"https:\/\/radiolitoral.com\/#\/schema\/logo\/image\/"},"sameAs":["https:\/\/www.facebook.com\/Laradiolitoral\/"]},{"@type":"Person","@id":"https:\/\/radiolitoral.com\/#\/schema\/person\/aad4f72efa404f85b68e832d24cac059","name":"Mel Pescuezo","image":{"@type":"ImageObject","inLanguage":"ca","@id":"https:\/\/secure.gravatar.com\/avatar\/993975ae489c70cb0dd9bfa9413a082f0bd276582dac13661af7b33f161e7eea?s=96&d=mm&r=g","url":"https:\/\/secure.gravatar.com\/avatar\/993975ae489c70cb0dd9bfa9413a082f0bd276582dac13661af7b33f161e7eea?s=96&d=mm&r=g","contentUrl":"https:\/\/secure.gravatar.com\/avatar\/993975ae489c70cb0dd9bfa9413a082f0bd276582dac13661af7b33f161e7eea?s=96&d=mm&r=g","caption":"Mel Pescuezo"},"url":"https:\/\/radiolitoral.com\/ca\/author\/serviciospararadios\/"}]}},"_links":{"self":[{"href":"https:\/\/radiolitoral.com\/ca\/wp-json\/wp\/v2\/posts\/6915","targetHints":{"allow":["GET"]}}],"collection":[{"href":"https:\/\/radiolitoral.com\/ca\/wp-json\/wp\/v2\/posts"}],"about":[{"href":"https:\/\/radiolitoral.com\/ca\/wp-json\/wp\/v2\/types\/post"}],"author":[{"embeddable":true,"href":"https:\/\/radiolitoral.com\/ca\/wp-json\/wp\/v2\/users\/21"}],"replies":[{"embeddable":true,"href":"https:\/\/radiolitoral.com\/ca\/wp-json\/wp\/v2\/comments?post=6915"}],"version-history":[{"count":3,"href":"https:\/\/radiolitoral.com\/ca\/wp-json\/wp\/v2\/posts\/6915\/revisions"}],"predecessor-version":[{"id":6920,"href":"https:\/\/radiolitoral.com\/ca\/wp-json\/wp\/v2\/posts\/6915\/revisions\/6920"}],"wp:featuredmedia":[{"embeddable":true,"href":"https:\/\/radiolitoral.com\/ca\/wp-json\/wp\/v2\/media\/6917"}],"wp:attachment":[{"href":"https:\/\/radiolitoral.com\/ca\/wp-json\/wp\/v2\/media?parent=6915"}],"wp:term":[{"taxonomy":"category","embeddable":true,"href":"https:\/\/radiolitoral.com\/ca\/wp-json\/wp\/v2\/categories?post=6915"},{"taxonomy":"post_tag","embeddable":true,"href":"https:\/\/radiolitoral.com\/ca\/wp-json\/wp\/v2\/tags?post=6915"}],"curies":[{"name":"wp","href":"https:\/\/api.w.org\/{rel}","templated":true}]}}