{"id":6907,"date":"2024-02-20T15:00:39","date_gmt":"2024-02-20T14:00:39","guid":{"rendered":"https:\/\/radiolitoral.com\/?p=6907"},"modified":"2024-02-20T15:00:39","modified_gmt":"2024-02-20T14:00:39","slug":"el-consell-pressupostada-143-milions-deuros-per-a-inversions-a-la-marina-alta","status":"publish","type":"post","link":"https:\/\/radiolitoral.com\/ca\/2024\/02\/el-consell-presupuesta-143-millones-de-euros-para-inversiones-en-la-marina-alta\/","title":{"rendered":"El Consell pressuposta 14,3 milions d&#039;euros per a inversions a la Marina Alta"},"content":{"rendered":"<p>La <strong>diputada auton\u00f2mica de Calp, Noelia C\u00edscar<\/strong>, va presentar ahir a <strong>Benissa<\/strong> la inversi\u00f3 de <strong>14,3 milions d&#039;euros<\/strong> que el Consell destinar\u00e0 a la <strong>Marina Alta<\/strong> dins el pressupost 2024 de la Generalitat Valenciana. Al costat de C\u00edscar han mantingut una trobada amb alcaldes i portaveus del PP a la comarca, els tamb\u00e9 diputats a les Corts, Jos\u00e9 Ram\u00f3n Gonz\u00e1lez de Z\u00e1rate, Javier Guti\u00e9rrez, Nando Pastor i Manuel P\u00e9rez Fenoll.<\/p>\n<p>En aquests comptes, la Generalitat Valenciana destina el 2024 m\u00e9s de <strong>8,5 milions<\/strong> d&#039;euros en noves partides per <strong>infraestructures educatives<\/strong>, amb fons per a la millora o construcci\u00f3 dels centres educatius a <strong>Els Poblets, Gata de Gorgos, D\u00e9nia Benitatxell, Ondara, Orba, Parcent, Teulada, Vall de la Gallinera o X\u00e0bia. <\/strong><\/p>\n<p><strong>Noelia C\u00edscar<\/strong> ha remarcat que amb aquests comptes es pret\u00e9n donar resposta a les necessitats m\u00e9s urgents de la poblaci\u00f3 valenciana.<\/p>\n<audio class=\"wp-audio-shortcode\" id=\"audio-6907-1\" preload=\"none\" style=\"width: 100%;\" controls=\"controls\"><source type=\"audio\/mpeg\" src=\"https:\/\/media.radiolitoral.com\/wp-content\/uploads\/2024\/02\/20145708\/Noelia-Ciscar-1.mp3?_=1\" \/><a href=\"https:\/\/media.radiolitoral.com\/wp-content\/uploads\/2024\/02\/20145708\/Noelia-Ciscar-1.mp3\">https:\/\/media.radiolitoral.com\/wp-content\/uploads\/2024\/02\/20145708\/Noelia-Ciscar-1.mp3<\/a><\/audio>\n<p>Segons han remarcat els populars els comptes de la Generalitat tamb\u00e9 inclouen grans projectes per a la Marina Alta per a aquest 2024. Entre ells destaquen una partida de<strong> 856.000\u20ac<\/strong> per comen\u00e7ar amb l&#039;obra del nou <strong>Centre de Salut de Pedreguer<\/strong> i els <strong>685.000\u20ac<\/strong> que es destinen al projecte del nou <strong>viaducte Quisi<\/strong> al seu pas per <strong>Benissa<\/strong>. Tamb\u00e9 es preveuen <strong>2 milions d&#039;euros<\/strong> per a la reforma del <strong>Hospital de la Pedrera<\/strong>.<\/p>\n<p>Com ha indicat C\u00edscar, la sanitat \u00e9s una de les prioritats en aquests pressupostos molt centrats en les persones.<\/p>\n<audio class=\"wp-audio-shortcode\" id=\"audio-6907-2\" preload=\"none\" style=\"width: 100%;\" controls=\"controls\"><source type=\"audio\/mpeg\" src=\"https:\/\/media.radiolitoral.com\/wp-content\/uploads\/2024\/02\/20145822\/Noelia-Ciscar-2.mp3?_=2\" \/><a href=\"https:\/\/media.radiolitoral.com\/wp-content\/uploads\/2024\/02\/20145822\/Noelia-Ciscar-2.mp3\">https:\/\/media.radiolitoral.com\/wp-content\/uploads\/2024\/02\/20145822\/Noelia-Ciscar-2.mp3<\/a><\/audio>","protected":false},"excerpt":{"rendered":"<p>La diputada auton\u00f3mica de Calp, Noelia C\u00edscar, present\u00f3 ayer en Benissa la inversi\u00f3n de 14,3 millones de euros que el Consell va a destinar a la Marina Alta dentro del presupuesto 2024 de la Generalitat Valenciana. \u00a0Junto a C\u00edscar han mantenido un encuentro con alcaldes y portavoces del PP en la comarca, los tambi\u00e9n diputados [&#8230;]<\/p>\n<p><a class=\"btn btn-secondary understrap-read-more-link\" href=\"https:\/\/radiolitoral.com\/ca\/2024\/02\/el-consell-presupuesta-143-millones-de-euros-para-inversiones-en-la-marina-alta\/\">Continua llegint&#8230;<span class=\"screen-reader-text\"> from El Consell presupuesta 14,3 millones de euros para inversiones en la Marina Alta<\/span><\/a><\/p>\n","protected":false},"author":13,"featured_media":6910,"comment_status":"open","ping_status":"closed","sticky":false,"template":"","format":"standard","meta":{"_acf_changed":false,"inline_featured_image":false,"footnotes":""},"categories":[13,861],"tags":[],"class_list":["post-6907","post","type-post","status-publish","format-standard","has-post-thumbnail","hentry","category-politica","category-presupuestos","cobertura-benissa","cobertura-marina-alta"],"acf":[],"yoast_head":"<!-- This site is optimized with the Yoast SEO plugin v27.5 - https:\/\/yoast.com\/product\/yoast-seo-wordpress\/ -->\n<title>El Consell presupuesta 14,3 millones de euros para inversiones en la Marina Alta | R\u00e0dio Litoral<\/title>\n<meta name=\"description\" content=\"El Partido Popular presenta en Benissa los presupuestos de 2024 de la Generalitat Valenciana para este 2024\" \/>\n<meta name=\"robots\" content=\"index, follow, max-snippet:-1, max-image-preview:large, max-video-preview:-1\" \/>\n<link rel=\"canonical\" href=\"https:\/\/radiolitoral.com\/ca\/2024\/02\/el-consell-pressupostada-143-milions-deuros-per-a-inversions-a-la-marina-alta\/\" \/>\n<meta property=\"og:locale\" content=\"ca_ES\" \/>\n<meta property=\"og:type\" content=\"article\" \/>\n<meta property=\"og:title\" content=\"El Consell presupuesta 14,3 millones de euros para inversiones en la Marina Alta | R\u00e0dio Litoral\" \/>\n<meta property=\"og:description\" content=\"El Partido Popular presenta en Benissa los presupuestos de 2024 de la Generalitat Valenciana para este 2024\" \/>\n<meta property=\"og:url\" content=\"https:\/\/radiolitoral.com\/ca\/2024\/02\/el-consell-pressupostada-143-milions-deuros-per-a-inversions-a-la-marina-alta\/\" \/>\n<meta property=\"og:site_name\" content=\"R\u00e0dio Litoral\" \/>\n<meta property=\"article:publisher\" content=\"https:\/\/www.facebook.com\/Laradiolitoral\/\" \/>\n<meta property=\"article:published_time\" content=\"2024-02-20T14:00:39+00:00\" \/>\n<meta property=\"og:image\" content=\"https:\/\/media.radiolitoral.com\/wp-content\/uploads\/2024\/02\/20145921\/PP-reunion-comarcal-en-Benissa--1024x768.png\" \/>\n\t<meta property=\"og:image:width\" content=\"1024\" \/>\n\t<meta property=\"og:image:height\" content=\"768\" \/>\n\t<meta property=\"og:image:type\" content=\"image\/png\" \/>\n<meta name=\"author\" content=\"Redacci\u00f3n\" \/>\n<meta name=\"twitter:card\" content=\"summary_large_image\" \/>\n<meta name=\"twitter:label1\" content=\"Escrit per\" \/>\n\t<meta name=\"twitter:data1\" content=\"Redacci\u00f3n\" \/>\n\t<meta name=\"twitter:label2\" content=\"Temps estimat de lectura\" \/>\n\t<meta name=\"twitter:data2\" content=\"2 minuts\" \/>\n<script type=\"application\/ld+json\" class=\"yoast-schema-graph\">{\"@context\":\"https:\\\/\\\/schema.org\",\"@graph\":[{\"@type\":\"NewsArticle\",\"@id\":\"https:\\\/\\\/radiolitoral.com\\\/2024\\\/02\\\/el-consell-presupuesta-143-millones-de-euros-para-inversiones-en-la-marina-alta\\\/#article\",\"isPartOf\":{\"@id\":\"https:\\\/\\\/radiolitoral.com\\\/2024\\\/02\\\/el-consell-presupuesta-143-millones-de-euros-para-inversiones-en-la-marina-alta\\\/\"},\"author\":{\"name\":\"Redacci\u00f3n\",\"@id\":\"https:\\\/\\\/radiolitoral.com\\\/#\\\/schema\\\/person\\\/f2b2343c49b5d721857cc1002bfdb151\"},\"headline\":\"El Consell presupuesta 14,3 millones de euros para inversiones en la Marina Alta\",\"datePublished\":\"2024-02-20T14:00:39+00:00\",\"mainEntityOfPage\":{\"@id\":\"https:\\\/\\\/radiolitoral.com\\\/2024\\\/02\\\/el-consell-presupuesta-143-millones-de-euros-para-inversiones-en-la-marina-alta\\\/\"},\"wordCount\":280,\"commentCount\":0,\"publisher\":{\"@id\":\"https:\\\/\\\/radiolitoral.com\\\/#organization\"},\"image\":{\"@id\":\"https:\\\/\\\/radiolitoral.com\\\/2024\\\/02\\\/el-consell-presupuesta-143-millones-de-euros-para-inversiones-en-la-marina-alta\\\/#primaryimage\"},\"thumbnailUrl\":\"https:\\\/\\\/media.radiolitoral.com\\\/wp-content\\\/uploads\\\/2024\\\/02\\\/20145921\\\/PP-reunion-comarcal-en-Benissa-.png\",\"articleSection\":[\"Pol\u00edtica\",\"Presupuestos\"],\"inLanguage\":\"ca\",\"potentialAction\":[{\"@type\":\"CommentAction\",\"name\":\"Comment\",\"target\":[\"https:\\\/\\\/radiolitoral.com\\\/2024\\\/02\\\/el-consell-presupuesta-143-millones-de-euros-para-inversiones-en-la-marina-alta\\\/#respond\"]}]},{\"@type\":[\"WebPage\",\"ItemPage\"],\"@id\":\"https:\\\/\\\/radiolitoral.com\\\/2024\\\/02\\\/el-consell-presupuesta-143-millones-de-euros-para-inversiones-en-la-marina-alta\\\/\",\"url\":\"https:\\\/\\\/radiolitoral.com\\\/2024\\\/02\\\/el-consell-presupuesta-143-millones-de-euros-para-inversiones-en-la-marina-alta\\\/\",\"name\":\"El Consell presupuesta 14,3 millones de euros para inversiones en la Marina Alta | R\u00e0dio Litoral\",\"isPartOf\":{\"@id\":\"https:\\\/\\\/radiolitoral.com\\\/#website\"},\"primaryImageOfPage\":{\"@id\":\"https:\\\/\\\/radiolitoral.com\\\/2024\\\/02\\\/el-consell-presupuesta-143-millones-de-euros-para-inversiones-en-la-marina-alta\\\/#primaryimage\"},\"image\":{\"@id\":\"https:\\\/\\\/radiolitoral.com\\\/2024\\\/02\\\/el-consell-presupuesta-143-millones-de-euros-para-inversiones-en-la-marina-alta\\\/#primaryimage\"},\"thumbnailUrl\":\"https:\\\/\\\/media.radiolitoral.com\\\/wp-content\\\/uploads\\\/2024\\\/02\\\/20145921\\\/PP-reunion-comarcal-en-Benissa-.png\",\"datePublished\":\"2024-02-20T14:00:39+00:00\",\"description\":\"El Partido Popular presenta en Benissa los presupuestos de 2024 de la Generalitat Valenciana para este 2024\",\"breadcrumb\":{\"@id\":\"https:\\\/\\\/radiolitoral.com\\\/2024\\\/02\\\/el-consell-presupuesta-143-millones-de-euros-para-inversiones-en-la-marina-alta\\\/#breadcrumb\"},\"inLanguage\":\"ca\",\"potentialAction\":[{\"@type\":\"ReadAction\",\"target\":[\"https:\\\/\\\/radiolitoral.com\\\/2024\\\/02\\\/el-consell-presupuesta-143-millones-de-euros-para-inversiones-en-la-marina-alta\\\/\"]}]},{\"@type\":\"ImageObject\",\"inLanguage\":\"ca\",\"@id\":\"https:\\\/\\\/radiolitoral.com\\\/2024\\\/02\\\/el-consell-presupuesta-143-millones-de-euros-para-inversiones-en-la-marina-alta\\\/#primaryimage\",\"url\":\"https:\\\/\\\/media.radiolitoral.com\\\/wp-content\\\/uploads\\\/2024\\\/02\\\/20145921\\\/PP-reunion-comarcal-en-Benissa-.png\",\"contentUrl\":\"https:\\\/\\\/media.radiolitoral.com\\\/wp-content\\\/uploads\\\/2024\\\/02\\\/20145921\\\/PP-reunion-comarcal-en-Benissa-.png\",\"width\":1600,\"height\":1200},{\"@type\":\"BreadcrumbList\",\"@id\":\"https:\\\/\\\/radiolitoral.com\\\/2024\\\/02\\\/el-consell-presupuesta-143-millones-de-euros-para-inversiones-en-la-marina-alta\\\/#breadcrumb\",\"itemListElement\":[{\"@type\":\"ListItem\",\"position\":1,\"name\":\"Portada\",\"item\":\"https:\\\/\\\/radiolitoral.com\\\/\"},{\"@type\":\"ListItem\",\"position\":2,\"name\":\"El Consell presupuesta 14,3 millones de euros para inversiones en la Marina Alta\"}]},{\"@type\":\"WebSite\",\"@id\":\"https:\\\/\\\/radiolitoral.com\\\/#website\",\"url\":\"https:\\\/\\\/radiolitoral.com\\\/\",\"name\":\"Radio Litoral\",\"description\":\"La radio local de la Marina Alta\",\"publisher\":{\"@id\":\"https:\\\/\\\/radiolitoral.com\\\/#organization\"},\"alternateName\":\"Litoral FM\",\"potentialAction\":[{\"@type\":\"SearchAction\",\"target\":{\"@type\":\"EntryPoint\",\"urlTemplate\":\"https:\\\/\\\/radiolitoral.com\\\/?s={search_term_string}\"},\"query-input\":{\"@type\":\"PropertyValueSpecification\",\"valueRequired\":true,\"valueName\":\"search_term_string\"}}],\"inLanguage\":\"ca\"},{\"@type\":\"Organization\",\"@id\":\"https:\\\/\\\/radiolitoral.com\\\/#organization\",\"name\":\"Radio Litoral\",\"url\":\"https:\\\/\\\/radiolitoral.com\\\/\",\"logo\":{\"@type\":\"ImageObject\",\"inLanguage\":\"ca\",\"@id\":\"https:\\\/\\\/radiolitoral.com\\\/#\\\/schema\\\/logo\\\/image\\\/\",\"url\":\"https:\\\/\\\/media.radiolitoral.com\\\/wp-content\\\/uploads\\\/2023\\\/02\\\/24143238\\\/CL-V-RadioLitoral696.png\",\"contentUrl\":\"https:\\\/\\\/media.radiolitoral.com\\\/wp-content\\\/uploads\\\/2023\\\/02\\\/24143238\\\/CL-V-RadioLitoral696.png\",\"width\":696,\"height\":696,\"caption\":\"Radio Litoral\"},\"image\":{\"@id\":\"https:\\\/\\\/radiolitoral.com\\\/#\\\/schema\\\/logo\\\/image\\\/\"},\"sameAs\":[\"https:\\\/\\\/www.facebook.com\\\/Laradiolitoral\\\/\"]},{\"@type\":\"Person\",\"@id\":\"https:\\\/\\\/radiolitoral.com\\\/#\\\/schema\\\/person\\\/f2b2343c49b5d721857cc1002bfdb151\",\"name\":\"Redacci\u00f3n\",\"image\":{\"@type\":\"ImageObject\",\"inLanguage\":\"ca\",\"@id\":\"https:\\\/\\\/secure.gravatar.com\\\/avatar\\\/f771d896c203ad8b3382d7905cfcce5a5c9b008b84b3cd9114e9b9f4cb63f789?s=96&d=mm&r=g\",\"url\":\"https:\\\/\\\/secure.gravatar.com\\\/avatar\\\/f771d896c203ad8b3382d7905cfcce5a5c9b008b84b3cd9114e9b9f4cb63f789?s=96&d=mm&r=g\",\"contentUrl\":\"https:\\\/\\\/secure.gravatar.com\\\/avatar\\\/f771d896c203ad8b3382d7905cfcce5a5c9b008b84b3cd9114e9b9f4cb63f789?s=96&d=mm&r=g\",\"caption\":\"Redacci\u00f3n\"},\"url\":\"https:\\\/\\\/radiolitoral.com\\\/ca\\\/author\\\/miriam-pagan\\\/\"}]}<\/script>\n<!-- \/ Yoast SEO plugin. -->","yoast_head_json":{"title":"El Consell pressuposta 14,3 milions d&#039;euros per a inversions a la Marina Alta | R\u00e0dio Litoral","description":"El Partit Popular presenta a Benissa els pressupostos de 2024 de la Generalitat Valenciana per a aquest 2024","robots":{"index":"index","follow":"follow","max-snippet":"max-snippet:-1","max-image-preview":"max-image-preview:large","max-video-preview":"max-video-preview:-1"},"canonical":"https:\/\/radiolitoral.com\/ca\/2024\/02\/el-consell-pressupostada-143-milions-deuros-per-a-inversions-a-la-marina-alta\/","og_locale":"ca_ES","og_type":"article","og_title":"El Consell presupuesta 14,3 millones de euros para inversiones en la Marina Alta | R\u00e0dio Litoral","og_description":"El Partido Popular presenta en Benissa los presupuestos de 2024 de la Generalitat Valenciana para este 2024","og_url":"https:\/\/radiolitoral.com\/ca\/2024\/02\/el-consell-pressupostada-143-milions-deuros-per-a-inversions-a-la-marina-alta\/","og_site_name":"R\u00e0dio Litoral","article_publisher":"https:\/\/www.facebook.com\/Laradiolitoral\/","article_published_time":"2024-02-20T14:00:39+00:00","og_image":[{"width":1024,"height":768,"url":"https:\/\/media.radiolitoral.com\/wp-content\/uploads\/2024\/02\/20145921\/PP-reunion-comarcal-en-Benissa--1024x768.png","type":"image\/png"}],"author":"Redacci\u00f3n","twitter_card":"summary_large_image","twitter_misc":{"Escrit per":"Redacci\u00f3n","Temps estimat de lectura":"2 minuts"},"schema":{"@context":"https:\/\/schema.org","@graph":[{"@type":"NewsArticle","@id":"https:\/\/radiolitoral.com\/2024\/02\/el-consell-presupuesta-143-millones-de-euros-para-inversiones-en-la-marina-alta\/#article","isPartOf":{"@id":"https:\/\/radiolitoral.com\/2024\/02\/el-consell-presupuesta-143-millones-de-euros-para-inversiones-en-la-marina-alta\/"},"author":{"name":"Redacci\u00f3n","@id":"https:\/\/radiolitoral.com\/#\/schema\/person\/f2b2343c49b5d721857cc1002bfdb151"},"headline":"El Consell presupuesta 14,3 millones de euros para inversiones en la Marina Alta","datePublished":"2024-02-20T14:00:39+00:00","mainEntityOfPage":{"@id":"https:\/\/radiolitoral.com\/2024\/02\/el-consell-presupuesta-143-millones-de-euros-para-inversiones-en-la-marina-alta\/"},"wordCount":280,"commentCount":0,"publisher":{"@id":"https:\/\/radiolitoral.com\/#organization"},"image":{"@id":"https:\/\/radiolitoral.com\/2024\/02\/el-consell-presupuesta-143-millones-de-euros-para-inversiones-en-la-marina-alta\/#primaryimage"},"thumbnailUrl":"https:\/\/media.radiolitoral.com\/wp-content\/uploads\/2024\/02\/20145921\/PP-reunion-comarcal-en-Benissa-.png","articleSection":["Pol\u00edtica","Presupuestos"],"inLanguage":"ca","potentialAction":[{"@type":"CommentAction","name":"Comment","target":["https:\/\/radiolitoral.com\/2024\/02\/el-consell-presupuesta-143-millones-de-euros-para-inversiones-en-la-marina-alta\/#respond"]}]},{"@type":["WebPage","ItemPage"],"@id":"https:\/\/radiolitoral.com\/2024\/02\/el-consell-presupuesta-143-millones-de-euros-para-inversiones-en-la-marina-alta\/","url":"https:\/\/radiolitoral.com\/2024\/02\/el-consell-presupuesta-143-millones-de-euros-para-inversiones-en-la-marina-alta\/","name":"El Consell pressuposta 14,3 milions d&#039;euros per a inversions a la Marina Alta | R\u00e0dio Litoral","isPartOf":{"@id":"https:\/\/radiolitoral.com\/#website"},"primaryImageOfPage":{"@id":"https:\/\/radiolitoral.com\/2024\/02\/el-consell-presupuesta-143-millones-de-euros-para-inversiones-en-la-marina-alta\/#primaryimage"},"image":{"@id":"https:\/\/radiolitoral.com\/2024\/02\/el-consell-presupuesta-143-millones-de-euros-para-inversiones-en-la-marina-alta\/#primaryimage"},"thumbnailUrl":"https:\/\/media.radiolitoral.com\/wp-content\/uploads\/2024\/02\/20145921\/PP-reunion-comarcal-en-Benissa-.png","datePublished":"2024-02-20T14:00:39+00:00","description":"El Partit Popular presenta a Benissa els pressupostos de 2024 de la Generalitat Valenciana per a aquest 2024","breadcrumb":{"@id":"https:\/\/radiolitoral.com\/2024\/02\/el-consell-presupuesta-143-millones-de-euros-para-inversiones-en-la-marina-alta\/#breadcrumb"},"inLanguage":"ca","potentialAction":[{"@type":"ReadAction","target":["https:\/\/radiolitoral.com\/2024\/02\/el-consell-presupuesta-143-millones-de-euros-para-inversiones-en-la-marina-alta\/"]}]},{"@type":"ImageObject","inLanguage":"ca","@id":"https:\/\/radiolitoral.com\/2024\/02\/el-consell-presupuesta-143-millones-de-euros-para-inversiones-en-la-marina-alta\/#primaryimage","url":"https:\/\/media.radiolitoral.com\/wp-content\/uploads\/2024\/02\/20145921\/PP-reunion-comarcal-en-Benissa-.png","contentUrl":"https:\/\/media.radiolitoral.com\/wp-content\/uploads\/2024\/02\/20145921\/PP-reunion-comarcal-en-Benissa-.png","width":1600,"height":1200},{"@type":"BreadcrumbList","@id":"https:\/\/radiolitoral.com\/2024\/02\/el-consell-presupuesta-143-millones-de-euros-para-inversiones-en-la-marina-alta\/#breadcrumb","itemListElement":[{"@type":"ListItem","position":1,"name":"Portada","item":"https:\/\/radiolitoral.com\/"},{"@type":"ListItem","position":2,"name":"El Consell presupuesta 14,3 millones de euros para inversiones en la Marina Alta"}]},{"@type":"WebSite","@id":"https:\/\/radiolitoral.com\/#website","url":"https:\/\/radiolitoral.com\/","name":"R\u00e0dio Litoral","description":"La r\u00e0dio local de la Marina Alta","publisher":{"@id":"https:\/\/radiolitoral.com\/#organization"},"alternateName":"Litoral FM","potentialAction":[{"@type":"SearchAction","target":{"@type":"EntryPoint","urlTemplate":"https:\/\/radiolitoral.com\/?s={search_term_string}"},"query-input":{"@type":"PropertyValueSpecification","valueRequired":true,"valueName":"search_term_string"}}],"inLanguage":"ca"},{"@type":"Organization","@id":"https:\/\/radiolitoral.com\/#organization","name":"R\u00e0dio Litoral","url":"https:\/\/radiolitoral.com\/","logo":{"@type":"ImageObject","inLanguage":"ca","@id":"https:\/\/radiolitoral.com\/#\/schema\/logo\/image\/","url":"https:\/\/media.radiolitoral.com\/wp-content\/uploads\/2023\/02\/24143238\/CL-V-RadioLitoral696.png","contentUrl":"https:\/\/media.radiolitoral.com\/wp-content\/uploads\/2023\/02\/24143238\/CL-V-RadioLitoral696.png","width":696,"height":696,"caption":"Radio Litoral"},"image":{"@id":"https:\/\/radiolitoral.com\/#\/schema\/logo\/image\/"},"sameAs":["https:\/\/www.facebook.com\/Laradiolitoral\/"]},{"@type":"Person","@id":"https:\/\/radiolitoral.com\/#\/schema\/person\/f2b2343c49b5d721857cc1002bfdb151","name":"Redacci\u00f3","image":{"@type":"ImageObject","inLanguage":"ca","@id":"https:\/\/secure.gravatar.com\/avatar\/f771d896c203ad8b3382d7905cfcce5a5c9b008b84b3cd9114e9b9f4cb63f789?s=96&d=mm&r=g","url":"https:\/\/secure.gravatar.com\/avatar\/f771d896c203ad8b3382d7905cfcce5a5c9b008b84b3cd9114e9b9f4cb63f789?s=96&d=mm&r=g","contentUrl":"https:\/\/secure.gravatar.com\/avatar\/f771d896c203ad8b3382d7905cfcce5a5c9b008b84b3cd9114e9b9f4cb63f789?s=96&d=mm&r=g","caption":"Redacci\u00f3n"},"url":"https:\/\/radiolitoral.com\/ca\/author\/miriam-pagan\/"}]}},"_links":{"self":[{"href":"https:\/\/radiolitoral.com\/ca\/wp-json\/wp\/v2\/posts\/6907","targetHints":{"allow":["GET"]}}],"collection":[{"href":"https:\/\/radiolitoral.com\/ca\/wp-json\/wp\/v2\/posts"}],"about":[{"href":"https:\/\/radiolitoral.com\/ca\/wp-json\/wp\/v2\/types\/post"}],"author":[{"embeddable":true,"href":"https:\/\/radiolitoral.com\/ca\/wp-json\/wp\/v2\/users\/13"}],"replies":[{"embeddable":true,"href":"https:\/\/radiolitoral.com\/ca\/wp-json\/wp\/v2\/comments?post=6907"}],"version-history":[{"count":2,"href":"https:\/\/radiolitoral.com\/ca\/wp-json\/wp\/v2\/posts\/6907\/revisions"}],"predecessor-version":[{"id":6912,"href":"https:\/\/radiolitoral.com\/ca\/wp-json\/wp\/v2\/posts\/6907\/revisions\/6912"}],"wp:featuredmedia":[{"embeddable":true,"href":"https:\/\/radiolitoral.com\/ca\/wp-json\/wp\/v2\/media\/6910"}],"wp:attachment":[{"href":"https:\/\/radiolitoral.com\/ca\/wp-json\/wp\/v2\/media?parent=6907"}],"wp:term":[{"taxonomy":"category","embeddable":true,"href":"https:\/\/radiolitoral.com\/ca\/wp-json\/wp\/v2\/categories?post=6907"},{"taxonomy":"post_tag","embeddable":true,"href":"https:\/\/radiolitoral.com\/ca\/wp-json\/wp\/v2\/tags?post=6907"}],"curies":[{"name":"wp","href":"https:\/\/api.w.org\/{rel}","templated":true}]}}