{"id":6880,"date":"2024-02-19T19:21:48","date_gmt":"2024-02-19T18:21:48","guid":{"rendered":"https:\/\/radiolitoral.com\/?p=6880"},"modified":"2024-02-19T19:21:48","modified_gmt":"2024-02-19T18:21:48","slug":"3-000-persones-es-manifesten-a-lliber-contra-el-pai-medina","status":"publish","type":"post","link":"https:\/\/radiolitoral.com\/ca\/2024\/02\/3-000-personas-se-manifiestan-en-lliber-contra-el-pai-medina\/","title":{"rendered":"3.000 persones es manifesten a Lliber contra el PAI Medina"},"content":{"rendered":"<p>Al voltant de<strong> 3.000 persones<\/strong> es van donar cita ahir diumenge a <strong>Lliber<\/strong> per participar a la<strong> multitudin\u00e0ria mobilitzaci\u00f3<\/strong> en defensa del territori, la protecci\u00f3 del paisatge i dels recursos h\u00eddrics, convocada per la <strong>Plataforma Salvem la Vall<\/strong> i recolzada per m\u00e9s de 70 entitats i col\u00b7lectius ecologistes, c\u00edvics, culturals o sindicals. Una mostra ferma de rebuig a la construcci\u00f3 dels 488 habitatges que conformen el <strong>PAI Medina<\/strong> de <strong>Lliber<\/strong>, les obres preliminars de la qual ja han arrencat a la coneguda com Muntanya Llarga.<\/p>\n<p>Ve\u00efns de les poblacions que conformen la Vall i d&#039;altres punts de la comarca, fins i tot de la resta del territori valenci\u00e0 s&#039;han sumat a aquesta mobilitzaci\u00f3 amb qu\u00e8 exigir la paralitzaci\u00f3 d&#039;aquest PAI i evitar les greus conseq\u00fc\u00e8ncies mediambientals, paisatg\u00edstiques i socioecon\u00f2miques que la seua execuci\u00f3 comportaran.<\/p>\n<p><img loading=\"lazy\" decoding=\"async\" class=\"size-medium wp-image-6887 alignright\" src=\"https:\/\/media.radiolitoral.com\/wp-content\/uploads\/2024\/02\/19191116\/Mani-Lliber-4-300x225.jpg\" alt=\"\" width=\"300\" height=\"225\" srcset=\"https:\/\/media.radiolitoral.com\/wp-content\/uploads\/2024\/02\/19191116\/Mani-Lliber-4-300x225.jpg 300w, https:\/\/media.radiolitoral.com\/wp-content\/uploads\/2024\/02\/19191116\/Mani-Lliber-4-1024x768.jpg 1024w, https:\/\/media.radiolitoral.com\/wp-content\/uploads\/2024\/02\/19191116\/Mani-Lliber-4-768x576.jpg 768w, https:\/\/media.radiolitoral.com\/wp-content\/uploads\/2024\/02\/19191116\/Mani-Lliber-4-1536x1152.jpg 1536w, https:\/\/media.radiolitoral.com\/wp-content\/uploads\/2024\/02\/19191116\/Mani-Lliber-4-16x12.jpg 16w, https:\/\/media.radiolitoral.com\/wp-content\/uploads\/2024\/02\/19191116\/Mani-Lliber-4-1000x750.jpg 1000w, https:\/\/media.radiolitoral.com\/wp-content\/uploads\/2024\/02\/19191116\/Mani-Lliber-4-100x75.jpg 100w, https:\/\/media.radiolitoral.com\/wp-content\/uploads\/2024\/02\/19191116\/Mani-Lliber-4-200x150.jpg 200w, https:\/\/media.radiolitoral.com\/wp-content\/uploads\/2024\/02\/19191116\/Mani-Lliber-4.jpg 2000w\" sizes=\"auto, (max-width: 300px) 100vw, 300px\" \/><\/p>\n<p>Entre pancartes on es podia llegir \u201cSense aigua no hi ha vida, sense paisatge no hi ha identitat\u201d; \u201cPer la dignitat i el territori\u201d; \u201cSalvem les nostres muntanyes\u201d; \u201cDefensem els nostres pobles de la destrucci\u00f3\u201d o \u201cNo als macro PAIs\u201d, els manifestants van rec\u00f3rrer els carrers de la petita poblaci\u00f3 de Lliber. Una mobilitzaci\u00f3 que tamb\u00e9 ha comptat amb la participaci\u00f3 de la Muxeranga de Seg\u00e0ria i la Batukada Ondaratak, aix\u00ed com dol\u00e7ainers de diferents pobles de la Marina Alta i la cantant d&#039;albas Bel\u00e9n Ivars.<\/p>\n<audio class=\"wp-audio-shortcode\" id=\"audio-6880-1\" preload=\"none\" style=\"width: 100%;\" controls=\"controls\"><source type=\"audio\/mpeg\" src=\"https:\/\/media.radiolitoral.com\/wp-content\/uploads\/2024\/02\/19185308\/Crits-1.mp3?_=1\" \/><a href=\"https:\/\/media.radiolitoral.com\/wp-content\/uploads\/2024\/02\/19185308\/Crits-1.mp3\">https:\/\/media.radiolitoral.com\/wp-content\/uploads\/2024\/02\/19185308\/Crits-1.mp3<\/a><\/audio>\n<p><img loading=\"lazy\" decoding=\"async\" class=\"size-medium wp-image-6891 alignleft\" src=\"https:\/\/media.radiolitoral.com\/wp-content\/uploads\/2024\/02\/19191435\/Mani-Lliber-8-300x225.jpg\" alt=\"\" width=\"300\" height=\"225\" srcset=\"https:\/\/media.radiolitoral.com\/wp-content\/uploads\/2024\/02\/19191435\/Mani-Lliber-8-300x225.jpg 300w, https:\/\/media.radiolitoral.com\/wp-content\/uploads\/2024\/02\/19191435\/Mani-Lliber-8-1024x768.jpg 1024w, https:\/\/media.radiolitoral.com\/wp-content\/uploads\/2024\/02\/19191435\/Mani-Lliber-8-768x576.jpg 768w, https:\/\/media.radiolitoral.com\/wp-content\/uploads\/2024\/02\/19191435\/Mani-Lliber-8-1536x1152.jpg 1536w, https:\/\/media.radiolitoral.com\/wp-content\/uploads\/2024\/02\/19191435\/Mani-Lliber-8-16x12.jpg 16w, https:\/\/media.radiolitoral.com\/wp-content\/uploads\/2024\/02\/19191435\/Mani-Lliber-8-1000x750.jpg 1000w, https:\/\/media.radiolitoral.com\/wp-content\/uploads\/2024\/02\/19191435\/Mani-Lliber-8-100x75.jpg 100w, https:\/\/media.radiolitoral.com\/wp-content\/uploads\/2024\/02\/19191435\/Mani-Lliber-8-200x150.jpg 200w, https:\/\/media.radiolitoral.com\/wp-content\/uploads\/2024\/02\/19191435\/Mani-Lliber-8.jpg 2000w\" sizes=\"auto, (max-width: 300px) 100vw, 300px\" \/><\/p>\n<p>Arribats a la Pla\u00e7a Major, es<strong> va llegir un manifest<\/strong>, amb qu\u00e8 exposar les irregularitats detectades en el projecte, aix\u00ed com la p\u00e8rdua de biodiversitat, alteraci\u00f3 dels cicles h\u00eddrics, p\u00e8rdua del patrimoni cultural, contaminaci\u00f3, el deteriorament del s\u00f2l i el risc d&#039;incendis que comporta la construcci\u00f3 del macro-PAI. Poetes de la comarca van posar veu al text: <strong>Joan Femen\u00eda, Carles Mulet, Bernia Vives i Julia Vela.<br \/>\n<\/strong><\/p>\n<audio class=\"wp-audio-shortcode\" id=\"audio-6880-2\" preload=\"none\" style=\"width: 100%;\" controls=\"controls\"><source type=\"audio\/mpeg\" src=\"https:\/\/media.radiolitoral.com\/wp-content\/uploads\/2024\/02\/19185434\/Manifest-1.mp3?_=2\" \/><a href=\"https:\/\/media.radiolitoral.com\/wp-content\/uploads\/2024\/02\/19185434\/Manifest-1.mp3\">https:\/\/media.radiolitoral.com\/wp-content\/uploads\/2024\/02\/19185434\/Manifest-1.mp3<\/a><\/audio>\n<p>Entre els participants representants pol\u00edtics de <strong>Coalici\u00f3 Comprom\u00eds<\/strong> de tota la comarca, i tamb\u00e9 representants auton\u00f2mics com els Diputats a les Corts, <strong>Joan Baldov\u00ed<\/strong>, portaveu de la Coalici\u00f3, <strong>Gerard Fullana, Maria Josep Calabuig i Paula Espinosa<\/strong>. Baldov\u00ed va qualificar aquest PAI d&#039;\u201caut\u00e8ntic disbarat\u201d, una actuaci\u00f3 \u00fanicament centrada en els beneficis dels constructors i que no pensa en les persones, va indicar el l\u00edder valencianista. Un projecte que es vol tirar endavant, va recordar Baldov\u00ed, amb una autoritzaci\u00f3 que es remunta a m\u00e9s de 20 anys, sense respectar els requeriments mediambientals i h\u00eddrics. Baldov\u00ed va fer refer\u00e8ncia que s&#039;est\u00e0 esperant que <a href=\"https:\/\/radiolitoral.com\/ca\/2024\/02\/compromis-pedira-a-institucions-europees-que-es-pronunciin-sobre-el-pai-de-lliber\/\">la Comissi\u00f3 Europea es pronuncia sobre les irregularitats<\/a> detectades en aquest PAI.<\/p>\n<p><img loading=\"lazy\" decoding=\"async\" class=\"size-medium wp-image-6886 alignleft\" src=\"https:\/\/media.radiolitoral.com\/wp-content\/uploads\/2024\/02\/19191113\/Mani-Lliber-3-300x225.jpg\" alt=\"\" width=\"300\" height=\"225\" srcset=\"https:\/\/media.radiolitoral.com\/wp-content\/uploads\/2024\/02\/19191113\/Mani-Lliber-3-300x225.jpg 300w, https:\/\/media.radiolitoral.com\/wp-content\/uploads\/2024\/02\/19191113\/Mani-Lliber-3-1024x768.jpg 1024w, https:\/\/media.radiolitoral.com\/wp-content\/uploads\/2024\/02\/19191113\/Mani-Lliber-3-768x576.jpg 768w, https:\/\/media.radiolitoral.com\/wp-content\/uploads\/2024\/02\/19191113\/Mani-Lliber-3-1536x1152.jpg 1536w, https:\/\/media.radiolitoral.com\/wp-content\/uploads\/2024\/02\/19191113\/Mani-Lliber-3-16x12.jpg 16w, https:\/\/media.radiolitoral.com\/wp-content\/uploads\/2024\/02\/19191113\/Mani-Lliber-3-1000x750.jpg 1000w, https:\/\/media.radiolitoral.com\/wp-content\/uploads\/2024\/02\/19191113\/Mani-Lliber-3-100x75.jpg 100w, https:\/\/media.radiolitoral.com\/wp-content\/uploads\/2024\/02\/19191113\/Mani-Lliber-3-200x150.jpg 200w, https:\/\/media.radiolitoral.com\/wp-content\/uploads\/2024\/02\/19191113\/Mani-Lliber-3.jpg 2000w\" sizes=\"auto, (max-width: 300px) 100vw, 300px\" \/> \u00a0 <img loading=\"lazy\" decoding=\"async\" class=\"size-medium wp-image-6889 alignright\" src=\"https:\/\/media.radiolitoral.com\/wp-content\/uploads\/2024\/02\/19191122\/Mani-Lliber-6.jpg-300x225.jpeg\" alt=\"\" width=\"300\" height=\"225\" srcset=\"https:\/\/media.radiolitoral.com\/wp-content\/uploads\/2024\/02\/19191122\/Mani-Lliber-6.jpg-300x225.jpeg 300w, https:\/\/media.radiolitoral.com\/wp-content\/uploads\/2024\/02\/19191122\/Mani-Lliber-6.jpg-1024x768.jpeg 1024w, https:\/\/media.radiolitoral.com\/wp-content\/uploads\/2024\/02\/19191122\/Mani-Lliber-6.jpg-768x576.jpeg 768w, https:\/\/media.radiolitoral.com\/wp-content\/uploads\/2024\/02\/19191122\/Mani-Lliber-6.jpg-1536x1152.jpeg 1536w, https:\/\/media.radiolitoral.com\/wp-content\/uploads\/2024\/02\/19191122\/Mani-Lliber-6.jpg-16x12.jpeg 16w, https:\/\/media.radiolitoral.com\/wp-content\/uploads\/2024\/02\/19191122\/Mani-Lliber-6.jpg-1000x750.jpeg 1000w, https:\/\/media.radiolitoral.com\/wp-content\/uploads\/2024\/02\/19191122\/Mani-Lliber-6.jpg-100x75.jpeg 100w, https:\/\/media.radiolitoral.com\/wp-content\/uploads\/2024\/02\/19191122\/Mani-Lliber-6.jpg-200x150.jpeg 200w, https:\/\/media.radiolitoral.com\/wp-content\/uploads\/2024\/02\/19191122\/Mani-Lliber-6.jpg.jpeg 1600w\" sizes=\"auto, (max-width: 300px) 100vw, 300px\" \/><\/p>\n<audio class=\"wp-audio-shortcode\" id=\"audio-6880-3\" preload=\"none\" style=\"width: 100%;\" controls=\"controls\"><source type=\"audio\/mpeg\" src=\"https:\/\/media.radiolitoral.com\/wp-content\/uploads\/2024\/02\/19190129\/Baldovi-Mani.mp3?_=3\" \/><a href=\"https:\/\/media.radiolitoral.com\/wp-content\/uploads\/2024\/02\/19190129\/Baldovi-Mani.mp3\">https:\/\/media.radiolitoral.com\/wp-content\/uploads\/2024\/02\/19190129\/Baldovi-Mani.mp3<\/a><\/audio>","protected":false},"excerpt":{"rendered":"<p>En torno a 3.000 personas se dieron cita ayer domingo en Lliber para participar en la multitudinaria movilizaci\u00f3n en defensa del territorio, la protecci\u00f3n del paisaje y de los recursos h\u00eddricos, convocada por la Plataforma Salvem la Vall y apoyada por m\u00e1s de 70 entidades y colectivos ecologistas, c\u00edvicos, culturales o sindicales. Una muestra firme [&#8230;]<\/p>\n<p><a class=\"btn btn-secondary understrap-read-more-link\" href=\"https:\/\/radiolitoral.com\/ca\/2024\/02\/3-000-personas-se-manifiestan-en-lliber-contra-el-pai-medina\/\">Continua llegint&#8230;<span class=\"screen-reader-text\"> from 3.000 personas se manifiestan en Lliber contra el PAI Medina<\/span><\/a><\/p>\n","protected":false},"author":13,"featured_media":6884,"comment_status":"open","ping_status":"closed","sticky":false,"template":"","format":"standard","meta":{"_acf_changed":false,"inline_featured_image":false,"footnotes":""},"categories":[853],"tags":[],"class_list":["post-6880","post","type-post","status-publish","format-standard","has-post-thumbnail","hentry","category-movilizaciones","cobertura-lliber","cobertura-marina-alta"],"acf":[],"yoast_head":"<!-- This site is optimized with the Yoast SEO plugin v27.5 - https:\/\/yoast.com\/product\/yoast-seo-wordpress\/ -->\n<title>3.000 personas se manifiestan en Lliber contra el PAI Medina | R\u00e0dio Litoral<\/title>\n<meta name=\"description\" content=\"Vecinos de la Vall de Pop, de la Marina Alta y llegados desde todo el territorio valenciano suman sus voces para decir &quot;no al PAI de Lliber&quot;\" \/>\n<meta name=\"robots\" content=\"index, follow, max-snippet:-1, max-image-preview:large, max-video-preview:-1\" \/>\n<link rel=\"canonical\" href=\"https:\/\/radiolitoral.com\/ca\/2024\/02\/3-000-persones-es-manifesten-a-lliber-contra-el-pai-medina\/\" \/>\n<meta property=\"og:locale\" content=\"ca_ES\" \/>\n<meta property=\"og:type\" content=\"article\" \/>\n<meta property=\"og:title\" content=\"3.000 personas se manifiestan en Lliber contra el PAI Medina | R\u00e0dio Litoral\" \/>\n<meta property=\"og:description\" content=\"Vecinos de la Vall de Pop, de la Marina Alta y llegados desde todo el territorio valenciano suman sus voces para decir &quot;no al PAI de Lliber&quot;\" \/>\n<meta property=\"og:url\" content=\"https:\/\/radiolitoral.com\/ca\/2024\/02\/3-000-persones-es-manifesten-a-lliber-contra-el-pai-medina\/\" \/>\n<meta property=\"og:site_name\" content=\"R\u00e0dio Litoral\" \/>\n<meta property=\"article:publisher\" content=\"https:\/\/www.facebook.com\/Laradiolitoral\/\" \/>\n<meta property=\"article:published_time\" content=\"2024-02-19T18:21:48+00:00\" \/>\n<meta property=\"og:image\" content=\"https:\/\/media.radiolitoral.com\/wp-content\/uploads\/2024\/02\/19191107\/Mani-Lliber-1.jpg\" \/>\n\t<meta property=\"og:image:width\" content=\"2000\" \/>\n\t<meta property=\"og:image:height\" content=\"1500\" \/>\n\t<meta property=\"og:image:type\" content=\"image\/jpeg\" \/>\n<meta name=\"author\" content=\"Redacci\u00f3n\" \/>\n<meta name=\"twitter:card\" content=\"summary_large_image\" \/>\n<meta name=\"twitter:label1\" content=\"Escrit per\" \/>\n\t<meta name=\"twitter:data1\" content=\"Redacci\u00f3n\" \/>\n\t<meta name=\"twitter:label2\" content=\"Temps estimat de lectura\" \/>\n\t<meta name=\"twitter:data2\" content=\"4 minuts\" \/>\n<script type=\"application\/ld+json\" class=\"yoast-schema-graph\">{\"@context\":\"https:\\\/\\\/schema.org\",\"@graph\":[{\"@type\":\"NewsArticle\",\"@id\":\"https:\\\/\\\/radiolitoral.com\\\/2024\\\/02\\\/3-000-personas-se-manifiestan-en-lliber-contra-el-pai-medina\\\/#article\",\"isPartOf\":{\"@id\":\"https:\\\/\\\/radiolitoral.com\\\/2024\\\/02\\\/3-000-personas-se-manifiestan-en-lliber-contra-el-pai-medina\\\/\"},\"author\":{\"name\":\"Redacci\u00f3n\",\"@id\":\"https:\\\/\\\/radiolitoral.com\\\/#\\\/schema\\\/person\\\/f2b2343c49b5d721857cc1002bfdb151\"},\"headline\":\"3.000 personas se manifiestan en Lliber contra el PAI Medina\",\"datePublished\":\"2024-02-19T18:21:48+00:00\",\"mainEntityOfPage\":{\"@id\":\"https:\\\/\\\/radiolitoral.com\\\/2024\\\/02\\\/3-000-personas-se-manifiestan-en-lliber-contra-el-pai-medina\\\/\"},\"wordCount\":479,\"commentCount\":0,\"publisher\":{\"@id\":\"https:\\\/\\\/radiolitoral.com\\\/#organization\"},\"image\":{\"@id\":\"https:\\\/\\\/radiolitoral.com\\\/2024\\\/02\\\/3-000-personas-se-manifiestan-en-lliber-contra-el-pai-medina\\\/#primaryimage\"},\"thumbnailUrl\":\"https:\\\/\\\/media.radiolitoral.com\\\/wp-content\\\/uploads\\\/2024\\\/02\\\/19191107\\\/Mani-Lliber-1.jpg\",\"articleSection\":[\"Movilizaciones\"],\"inLanguage\":\"ca\",\"potentialAction\":[{\"@type\":\"CommentAction\",\"name\":\"Comment\",\"target\":[\"https:\\\/\\\/radiolitoral.com\\\/2024\\\/02\\\/3-000-personas-se-manifiestan-en-lliber-contra-el-pai-medina\\\/#respond\"]}]},{\"@type\":[\"WebPage\",\"ItemPage\"],\"@id\":\"https:\\\/\\\/radiolitoral.com\\\/2024\\\/02\\\/3-000-personas-se-manifiestan-en-lliber-contra-el-pai-medina\\\/\",\"url\":\"https:\\\/\\\/radiolitoral.com\\\/2024\\\/02\\\/3-000-personas-se-manifiestan-en-lliber-contra-el-pai-medina\\\/\",\"name\":\"3.000 personas se manifiestan en Lliber contra el PAI Medina | R\u00e0dio Litoral\",\"isPartOf\":{\"@id\":\"https:\\\/\\\/radiolitoral.com\\\/#website\"},\"primaryImageOfPage\":{\"@id\":\"https:\\\/\\\/radiolitoral.com\\\/2024\\\/02\\\/3-000-personas-se-manifiestan-en-lliber-contra-el-pai-medina\\\/#primaryimage\"},\"image\":{\"@id\":\"https:\\\/\\\/radiolitoral.com\\\/2024\\\/02\\\/3-000-personas-se-manifiestan-en-lliber-contra-el-pai-medina\\\/#primaryimage\"},\"thumbnailUrl\":\"https:\\\/\\\/media.radiolitoral.com\\\/wp-content\\\/uploads\\\/2024\\\/02\\\/19191107\\\/Mani-Lliber-1.jpg\",\"datePublished\":\"2024-02-19T18:21:48+00:00\",\"description\":\"Vecinos de la Vall de Pop, de la Marina Alta y llegados desde todo el territorio valenciano suman sus voces para decir \\\"no al PAI de Lliber\\\"\",\"breadcrumb\":{\"@id\":\"https:\\\/\\\/radiolitoral.com\\\/2024\\\/02\\\/3-000-personas-se-manifiestan-en-lliber-contra-el-pai-medina\\\/#breadcrumb\"},\"inLanguage\":\"ca\",\"potentialAction\":[{\"@type\":\"ReadAction\",\"target\":[\"https:\\\/\\\/radiolitoral.com\\\/2024\\\/02\\\/3-000-personas-se-manifiestan-en-lliber-contra-el-pai-medina\\\/\"]}]},{\"@type\":\"ImageObject\",\"inLanguage\":\"ca\",\"@id\":\"https:\\\/\\\/radiolitoral.com\\\/2024\\\/02\\\/3-000-personas-se-manifiestan-en-lliber-contra-el-pai-medina\\\/#primaryimage\",\"url\":\"https:\\\/\\\/media.radiolitoral.com\\\/wp-content\\\/uploads\\\/2024\\\/02\\\/19191107\\\/Mani-Lliber-1.jpg\",\"contentUrl\":\"https:\\\/\\\/media.radiolitoral.com\\\/wp-content\\\/uploads\\\/2024\\\/02\\\/19191107\\\/Mani-Lliber-1.jpg\",\"width\":2000,\"height\":1500},{\"@type\":\"BreadcrumbList\",\"@id\":\"https:\\\/\\\/radiolitoral.com\\\/2024\\\/02\\\/3-000-personas-se-manifiestan-en-lliber-contra-el-pai-medina\\\/#breadcrumb\",\"itemListElement\":[{\"@type\":\"ListItem\",\"position\":1,\"name\":\"Portada\",\"item\":\"https:\\\/\\\/radiolitoral.com\\\/\"},{\"@type\":\"ListItem\",\"position\":2,\"name\":\"3.000 personas se manifiestan en Lliber contra el PAI Medina\"}]},{\"@type\":\"WebSite\",\"@id\":\"https:\\\/\\\/radiolitoral.com\\\/#website\",\"url\":\"https:\\\/\\\/radiolitoral.com\\\/\",\"name\":\"Radio Litoral\",\"description\":\"La radio local de la Marina Alta\",\"publisher\":{\"@id\":\"https:\\\/\\\/radiolitoral.com\\\/#organization\"},\"alternateName\":\"Litoral FM\",\"potentialAction\":[{\"@type\":\"SearchAction\",\"target\":{\"@type\":\"EntryPoint\",\"urlTemplate\":\"https:\\\/\\\/radiolitoral.com\\\/?s={search_term_string}\"},\"query-input\":{\"@type\":\"PropertyValueSpecification\",\"valueRequired\":true,\"valueName\":\"search_term_string\"}}],\"inLanguage\":\"ca\"},{\"@type\":\"Organization\",\"@id\":\"https:\\\/\\\/radiolitoral.com\\\/#organization\",\"name\":\"Radio Litoral\",\"url\":\"https:\\\/\\\/radiolitoral.com\\\/\",\"logo\":{\"@type\":\"ImageObject\",\"inLanguage\":\"ca\",\"@id\":\"https:\\\/\\\/radiolitoral.com\\\/#\\\/schema\\\/logo\\\/image\\\/\",\"url\":\"https:\\\/\\\/media.radiolitoral.com\\\/wp-content\\\/uploads\\\/2023\\\/02\\\/24143238\\\/CL-V-RadioLitoral696.png\",\"contentUrl\":\"https:\\\/\\\/media.radiolitoral.com\\\/wp-content\\\/uploads\\\/2023\\\/02\\\/24143238\\\/CL-V-RadioLitoral696.png\",\"width\":696,\"height\":696,\"caption\":\"Radio Litoral\"},\"image\":{\"@id\":\"https:\\\/\\\/radiolitoral.com\\\/#\\\/schema\\\/logo\\\/image\\\/\"},\"sameAs\":[\"https:\\\/\\\/www.facebook.com\\\/Laradiolitoral\\\/\"]},{\"@type\":\"Person\",\"@id\":\"https:\\\/\\\/radiolitoral.com\\\/#\\\/schema\\\/person\\\/f2b2343c49b5d721857cc1002bfdb151\",\"name\":\"Redacci\u00f3n\",\"image\":{\"@type\":\"ImageObject\",\"inLanguage\":\"ca\",\"@id\":\"https:\\\/\\\/secure.gravatar.com\\\/avatar\\\/f771d896c203ad8b3382d7905cfcce5a5c9b008b84b3cd9114e9b9f4cb63f789?s=96&d=mm&r=g\",\"url\":\"https:\\\/\\\/secure.gravatar.com\\\/avatar\\\/f771d896c203ad8b3382d7905cfcce5a5c9b008b84b3cd9114e9b9f4cb63f789?s=96&d=mm&r=g\",\"contentUrl\":\"https:\\\/\\\/secure.gravatar.com\\\/avatar\\\/f771d896c203ad8b3382d7905cfcce5a5c9b008b84b3cd9114e9b9f4cb63f789?s=96&d=mm&r=g\",\"caption\":\"Redacci\u00f3n\"},\"url\":\"https:\\\/\\\/radiolitoral.com\\\/ca\\\/author\\\/miriam-pagan\\\/\"}]}<\/script>\n<!-- \/ Yoast SEO plugin. -->","yoast_head_json":{"title":"3.000 persones es manifesten a Lliber contra el PAI Medina | R\u00e0dio Litoral","description":"Ve\u00efns de la Vall de Pop, de la Marina Alta i arribats des de tot el territori valenci\u00e0 sumen les seues veus per dir &quot;no al PAI de Lliber&quot;","robots":{"index":"index","follow":"follow","max-snippet":"max-snippet:-1","max-image-preview":"max-image-preview:large","max-video-preview":"max-video-preview:-1"},"canonical":"https:\/\/radiolitoral.com\/ca\/2024\/02\/3-000-persones-es-manifesten-a-lliber-contra-el-pai-medina\/","og_locale":"ca_ES","og_type":"article","og_title":"3.000 personas se manifiestan en Lliber contra el PAI Medina | R\u00e0dio Litoral","og_description":"Vecinos de la Vall de Pop, de la Marina Alta y llegados desde todo el territorio valenciano suman sus voces para decir \"no al PAI de Lliber\"","og_url":"https:\/\/radiolitoral.com\/ca\/2024\/02\/3-000-persones-es-manifesten-a-lliber-contra-el-pai-medina\/","og_site_name":"R\u00e0dio Litoral","article_publisher":"https:\/\/www.facebook.com\/Laradiolitoral\/","article_published_time":"2024-02-19T18:21:48+00:00","og_image":[{"width":2000,"height":1500,"url":"https:\/\/media.radiolitoral.com\/wp-content\/uploads\/2024\/02\/19191107\/Mani-Lliber-1.jpg","type":"image\/jpeg"}],"author":"Redacci\u00f3n","twitter_card":"summary_large_image","twitter_misc":{"Escrit per":"Redacci\u00f3n","Temps estimat de lectura":"4 minuts"},"schema":{"@context":"https:\/\/schema.org","@graph":[{"@type":"NewsArticle","@id":"https:\/\/radiolitoral.com\/2024\/02\/3-000-personas-se-manifiestan-en-lliber-contra-el-pai-medina\/#article","isPartOf":{"@id":"https:\/\/radiolitoral.com\/2024\/02\/3-000-personas-se-manifiestan-en-lliber-contra-el-pai-medina\/"},"author":{"name":"Redacci\u00f3n","@id":"https:\/\/radiolitoral.com\/#\/schema\/person\/f2b2343c49b5d721857cc1002bfdb151"},"headline":"3.000 personas se manifiestan en Lliber contra el PAI Medina","datePublished":"2024-02-19T18:21:48+00:00","mainEntityOfPage":{"@id":"https:\/\/radiolitoral.com\/2024\/02\/3-000-personas-se-manifiestan-en-lliber-contra-el-pai-medina\/"},"wordCount":479,"commentCount":0,"publisher":{"@id":"https:\/\/radiolitoral.com\/#organization"},"image":{"@id":"https:\/\/radiolitoral.com\/2024\/02\/3-000-personas-se-manifiestan-en-lliber-contra-el-pai-medina\/#primaryimage"},"thumbnailUrl":"https:\/\/media.radiolitoral.com\/wp-content\/uploads\/2024\/02\/19191107\/Mani-Lliber-1.jpg","articleSection":["Movilizaciones"],"inLanguage":"ca","potentialAction":[{"@type":"CommentAction","name":"Comment","target":["https:\/\/radiolitoral.com\/2024\/02\/3-000-personas-se-manifiestan-en-lliber-contra-el-pai-medina\/#respond"]}]},{"@type":["WebPage","ItemPage"],"@id":"https:\/\/radiolitoral.com\/2024\/02\/3-000-personas-se-manifiestan-en-lliber-contra-el-pai-medina\/","url":"https:\/\/radiolitoral.com\/2024\/02\/3-000-personas-se-manifiestan-en-lliber-contra-el-pai-medina\/","name":"3.000 persones es manifesten a Lliber contra el PAI Medina | R\u00e0dio Litoral","isPartOf":{"@id":"https:\/\/radiolitoral.com\/#website"},"primaryImageOfPage":{"@id":"https:\/\/radiolitoral.com\/2024\/02\/3-000-personas-se-manifiestan-en-lliber-contra-el-pai-medina\/#primaryimage"},"image":{"@id":"https:\/\/radiolitoral.com\/2024\/02\/3-000-personas-se-manifiestan-en-lliber-contra-el-pai-medina\/#primaryimage"},"thumbnailUrl":"https:\/\/media.radiolitoral.com\/wp-content\/uploads\/2024\/02\/19191107\/Mani-Lliber-1.jpg","datePublished":"2024-02-19T18:21:48+00:00","description":"Ve\u00efns de la Vall de Pop, de la Marina Alta i arribats des de tot el territori valenci\u00e0 sumen les seues veus per dir &quot;no al PAI de Lliber&quot;","breadcrumb":{"@id":"https:\/\/radiolitoral.com\/2024\/02\/3-000-personas-se-manifiestan-en-lliber-contra-el-pai-medina\/#breadcrumb"},"inLanguage":"ca","potentialAction":[{"@type":"ReadAction","target":["https:\/\/radiolitoral.com\/2024\/02\/3-000-personas-se-manifiestan-en-lliber-contra-el-pai-medina\/"]}]},{"@type":"ImageObject","inLanguage":"ca","@id":"https:\/\/radiolitoral.com\/2024\/02\/3-000-personas-se-manifiestan-en-lliber-contra-el-pai-medina\/#primaryimage","url":"https:\/\/media.radiolitoral.com\/wp-content\/uploads\/2024\/02\/19191107\/Mani-Lliber-1.jpg","contentUrl":"https:\/\/media.radiolitoral.com\/wp-content\/uploads\/2024\/02\/19191107\/Mani-Lliber-1.jpg","width":2000,"height":1500},{"@type":"BreadcrumbList","@id":"https:\/\/radiolitoral.com\/2024\/02\/3-000-personas-se-manifiestan-en-lliber-contra-el-pai-medina\/#breadcrumb","itemListElement":[{"@type":"ListItem","position":1,"name":"Portada","item":"https:\/\/radiolitoral.com\/"},{"@type":"ListItem","position":2,"name":"3.000 personas se manifiestan en Lliber contra el PAI Medina"}]},{"@type":"WebSite","@id":"https:\/\/radiolitoral.com\/#website","url":"https:\/\/radiolitoral.com\/","name":"R\u00e0dio Litoral","description":"La r\u00e0dio local de la Marina Alta","publisher":{"@id":"https:\/\/radiolitoral.com\/#organization"},"alternateName":"Litoral FM","potentialAction":[{"@type":"SearchAction","target":{"@type":"EntryPoint","urlTemplate":"https:\/\/radiolitoral.com\/?s={search_term_string}"},"query-input":{"@type":"PropertyValueSpecification","valueRequired":true,"valueName":"search_term_string"}}],"inLanguage":"ca"},{"@type":"Organization","@id":"https:\/\/radiolitoral.com\/#organization","name":"R\u00e0dio Litoral","url":"https:\/\/radiolitoral.com\/","logo":{"@type":"ImageObject","inLanguage":"ca","@id":"https:\/\/radiolitoral.com\/#\/schema\/logo\/image\/","url":"https:\/\/media.radiolitoral.com\/wp-content\/uploads\/2023\/02\/24143238\/CL-V-RadioLitoral696.png","contentUrl":"https:\/\/media.radiolitoral.com\/wp-content\/uploads\/2023\/02\/24143238\/CL-V-RadioLitoral696.png","width":696,"height":696,"caption":"Radio Litoral"},"image":{"@id":"https:\/\/radiolitoral.com\/#\/schema\/logo\/image\/"},"sameAs":["https:\/\/www.facebook.com\/Laradiolitoral\/"]},{"@type":"Person","@id":"https:\/\/radiolitoral.com\/#\/schema\/person\/f2b2343c49b5d721857cc1002bfdb151","name":"Redacci\u00f3","image":{"@type":"ImageObject","inLanguage":"ca","@id":"https:\/\/secure.gravatar.com\/avatar\/f771d896c203ad8b3382d7905cfcce5a5c9b008b84b3cd9114e9b9f4cb63f789?s=96&d=mm&r=g","url":"https:\/\/secure.gravatar.com\/avatar\/f771d896c203ad8b3382d7905cfcce5a5c9b008b84b3cd9114e9b9f4cb63f789?s=96&d=mm&r=g","contentUrl":"https:\/\/secure.gravatar.com\/avatar\/f771d896c203ad8b3382d7905cfcce5a5c9b008b84b3cd9114e9b9f4cb63f789?s=96&d=mm&r=g","caption":"Redacci\u00f3n"},"url":"https:\/\/radiolitoral.com\/ca\/author\/miriam-pagan\/"}]}},"_links":{"self":[{"href":"https:\/\/radiolitoral.com\/ca\/wp-json\/wp\/v2\/posts\/6880","targetHints":{"allow":["GET"]}}],"collection":[{"href":"https:\/\/radiolitoral.com\/ca\/wp-json\/wp\/v2\/posts"}],"about":[{"href":"https:\/\/radiolitoral.com\/ca\/wp-json\/wp\/v2\/types\/post"}],"author":[{"embeddable":true,"href":"https:\/\/radiolitoral.com\/ca\/wp-json\/wp\/v2\/users\/13"}],"replies":[{"embeddable":true,"href":"https:\/\/radiolitoral.com\/ca\/wp-json\/wp\/v2\/comments?post=6880"}],"version-history":[{"count":3,"href":"https:\/\/radiolitoral.com\/ca\/wp-json\/wp\/v2\/posts\/6880\/revisions"}],"predecessor-version":[{"id":6894,"href":"https:\/\/radiolitoral.com\/ca\/wp-json\/wp\/v2\/posts\/6880\/revisions\/6894"}],"wp:featuredmedia":[{"embeddable":true,"href":"https:\/\/radiolitoral.com\/ca\/wp-json\/wp\/v2\/media\/6884"}],"wp:attachment":[{"href":"https:\/\/radiolitoral.com\/ca\/wp-json\/wp\/v2\/media?parent=6880"}],"wp:term":[{"taxonomy":"category","embeddable":true,"href":"https:\/\/radiolitoral.com\/ca\/wp-json\/wp\/v2\/categories?post=6880"},{"taxonomy":"post_tag","embeddable":true,"href":"https:\/\/radiolitoral.com\/ca\/wp-json\/wp\/v2\/tags?post=6880"}],"curies":[{"name":"wp","href":"https:\/\/api.w.org\/{rel}","templated":true}]}}