{"id":6815,"date":"2024-02-13T18:34:34","date_gmt":"2024-02-13T17:34:34","guid":{"rendered":"https:\/\/radiolitoral.com\/?p=6815"},"modified":"2024-02-13T18:34:34","modified_gmt":"2024-02-13T17:34:34","slug":"la-segona-edicio-del-benissatlo-se-celebrara-el-13-doctubre","status":"publish","type":"post","link":"https:\/\/radiolitoral.com\/ca\/2024\/02\/la-segunda-edicion-del-benissatlo-se-celebrara-el-13-de-octubre\/","title":{"rendered":"La segona edici\u00f3 del Benissatl\u00f3 tindr\u00e0 lloc el 13 d&#039;octubre"},"content":{"rendered":"<p>El 13 d&#039;octubre \u00e9s la data escollida per celebrar el <strong>Benissatl\u00f3<\/strong>, el triatl\u00f3 de <strong>Benissa<\/strong>. Aix\u00ed ho han anunciat des de l&#039;Ajuntament en presentar la segona edici\u00f3 d&#039;aquesta prova biennal que vol convertir-se en una de les cites esportives m\u00e9s importants del municipi.<\/p>\n<p>Una presentaci\u00f3 que han protagonitzat <strong>l&#039;alcalde de Benissa, Arturo Poquet,<\/strong> el c<strong>regidor d&#039;Esports, Adri\u00e1n Cabrera<\/strong>, i el gerent de l&#039;empresa local, <strong>Villas Holidays, Ximo Crespo<\/strong>, el principal patrocinador de la prova.<\/p>\n<p>El <strong>Benissatl\u00f3<\/strong> \u00e9s un triatl\u00f3 amb unes caracter\u00edstiques molt particulars que donen un plus de dificultat al triatleta, tenint en compte que, fins i tot, inclou un port de muntanya al circuit de bicicleta. Per\u00f2 a m\u00e9s, el Benissatl\u00f3 \u00e9s un <strong>atraient tur\u00edstic<\/strong> m\u00e9s, una activitat que suposa oferir el municipi per als amants de l&#039;esport, per\u00f2 tamb\u00e9 els que gaudeixen de la natura, els paisatges i la gastronomia. Aix\u00ed ho ha presentat <strong>Arturo Poquet, alcalde de Benissa.<\/strong><\/p>\n<audio class=\"wp-audio-shortcode\" id=\"audio-6815-1\" preload=\"none\" style=\"width: 100%;\" controls=\"controls\"><source type=\"audio\/mpeg\" src=\"https:\/\/media.radiolitoral.com\/wp-content\/uploads\/2024\/02\/13182612\/Arturo-Poquet.mp3?_=1\" \/><a href=\"https:\/\/media.radiolitoral.com\/wp-content\/uploads\/2024\/02\/13182612\/Arturo-Poquet.mp3\">https:\/\/media.radiolitoral.com\/wp-content\/uploads\/2024\/02\/13182612\/Arturo-Poquet.mp3<\/a><\/audio>\n<p>El Benissatl\u00f3 \u00e9s una mostra m\u00e9s de l&#039;aposta de l&#039;Ajuntament de <strong>Benissa<\/strong> pel projecte <strong>NaturSport<\/strong> que vol continuar potenciant una oferta tur\u00edstica de qualitat durant tot l&#039;any. En aquesta segona edici\u00f3 la <strong>empresa local Villas Holidays<\/strong> tornar\u00e0 a repetir com <strong>patrocinador de l&#039;esdeveniment<\/strong>, creient com assegura <strong>Ximo Crespo,<\/strong> que aquest \u00e9s un projecte que aporta una oportunitat per a Benissa com a destinaci\u00f3 tur\u00edstica.<\/p>\n<audio class=\"wp-audio-shortcode\" id=\"audio-6815-2\" preload=\"none\" style=\"width: 100%;\" controls=\"controls\"><source type=\"audio\/mpeg\" src=\"https:\/\/media.radiolitoral.com\/wp-content\/uploads\/2024\/02\/13182731\/Ximo-Crespo.mp3?_=2\" \/><a href=\"https:\/\/media.radiolitoral.com\/wp-content\/uploads\/2024\/02\/13182731\/Ximo-Crespo.mp3\">https:\/\/media.radiolitoral.com\/wp-content\/uploads\/2024\/02\/13182731\/Ximo-Crespo.mp3<\/a><\/audio>","protected":false},"excerpt":{"rendered":"<p>El 13 de octubre es la fecha elegida para celebrar el Benissatl\u00f3, el triatl\u00f3n de Benissa. As\u00ed lo han anunciado desde el Ayuntamiento al presentar la segunda edici\u00f3n de esta prueba bienal que pretende convertirse en una de las citas deportivas m\u00e1s importantes del municipio. Una presentaci\u00f3n que han protagonizado el alcalde de Benissa, Arturo [&#8230;]<\/p>\n<p><a class=\"btn btn-secondary understrap-read-more-link\" href=\"https:\/\/radiolitoral.com\/ca\/2024\/02\/la-segunda-edicion-del-benissatlo-se-celebrara-el-13-de-octubre\/\">Continua llegint&#8230;<span class=\"screen-reader-text\"> from La segunda edici\u00f3n del Benissatl\u00f3 se celebrar\u00e1 el 13 de octubre<\/span><\/a><\/p>\n","protected":false},"author":21,"featured_media":6818,"comment_status":"open","ping_status":"closed","sticky":false,"template":"","format":"standard","meta":{"_acf_changed":false,"inline_featured_image":false,"footnotes":""},"categories":[5,144],"tags":[],"class_list":["post-6815","post","type-post","status-publish","format-standard","has-post-thumbnail","hentry","category-deportes","category-turismo","cobertura-benissa"],"acf":[],"yoast_head":"<!-- This site is optimized with the Yoast SEO plugin v27.5 - https:\/\/yoast.com\/product\/yoast-seo-wordpress\/ -->\n<title>La segunda edici\u00f3n del Benissatl\u00f3 se celebrar\u00e1 el 13 de octubre | R\u00e0dio Litoral<\/title>\n<meta name=\"description\" content=\"Benissa presenta esta prueba deportiva incluida en NaturSport como un atrayente tur\u00edstico con el que desestacionalizar el sector\" \/>\n<meta name=\"robots\" content=\"index, follow, max-snippet:-1, max-image-preview:large, max-video-preview:-1\" \/>\n<link rel=\"canonical\" href=\"https:\/\/radiolitoral.com\/ca\/2024\/02\/la-segona-edicio-del-benissatlo-se-celebrara-el-13-doctubre\/\" \/>\n<meta property=\"og:locale\" content=\"ca_ES\" \/>\n<meta property=\"og:type\" content=\"article\" \/>\n<meta property=\"og:title\" content=\"La segunda edici\u00f3n del Benissatl\u00f3 se celebrar\u00e1 el 13 de octubre | R\u00e0dio Litoral\" \/>\n<meta property=\"og:description\" content=\"Benissa presenta esta prueba deportiva incluida en NaturSport como un atrayente tur\u00edstico con el que desestacionalizar el sector\" \/>\n<meta property=\"og:url\" content=\"https:\/\/radiolitoral.com\/ca\/2024\/02\/la-segona-edicio-del-benissatlo-se-celebrara-el-13-doctubre\/\" \/>\n<meta property=\"og:site_name\" content=\"R\u00e0dio Litoral\" \/>\n<meta property=\"article:publisher\" content=\"https:\/\/www.facebook.com\/Laradiolitoral\/\" \/>\n<meta property=\"article:published_time\" content=\"2024-02-13T17:34:34+00:00\" \/>\n<meta property=\"og:image\" content=\"https:\/\/media.radiolitoral.com\/wp-content\/uploads\/2024\/02\/13183154\/Benissatlo-2024.-Arturo-Poquet-Adrian-Cabrera-y-Ximo-Crespo-1024x835.jpg\" \/>\n\t<meta property=\"og:image:width\" content=\"1024\" \/>\n\t<meta property=\"og:image:height\" content=\"835\" \/>\n\t<meta property=\"og:image:type\" content=\"image\/jpeg\" \/>\n<meta name=\"author\" content=\"Mel Pescuezo\" \/>\n<meta name=\"twitter:card\" content=\"summary_large_image\" \/>\n<meta name=\"twitter:label1\" content=\"Escrit per\" \/>\n\t<meta name=\"twitter:data1\" content=\"Mel Pescuezo\" \/>\n\t<meta name=\"twitter:label2\" content=\"Temps estimat de lectura\" \/>\n\t<meta name=\"twitter:data2\" content=\"2 minuts\" \/>\n<script type=\"application\/ld+json\" class=\"yoast-schema-graph\">{\"@context\":\"https:\\\/\\\/schema.org\",\"@graph\":[{\"@type\":\"NewsArticle\",\"@id\":\"https:\\\/\\\/radiolitoral.com\\\/2024\\\/02\\\/la-segunda-edicion-del-benissatlo-se-celebrara-el-13-de-octubre\\\/#article\",\"isPartOf\":{\"@id\":\"https:\\\/\\\/radiolitoral.com\\\/2024\\\/02\\\/la-segunda-edicion-del-benissatlo-se-celebrara-el-13-de-octubre\\\/\"},\"author\":{\"name\":\"Mel Pescuezo\",\"@id\":\"https:\\\/\\\/radiolitoral.com\\\/#\\\/schema\\\/person\\\/aad4f72efa404f85b68e832d24cac059\"},\"headline\":\"La segunda edici\u00f3n del Benissatl\u00f3 se celebrar\u00e1 el 13 de octubre\",\"datePublished\":\"2024-02-13T17:34:34+00:00\",\"mainEntityOfPage\":{\"@id\":\"https:\\\/\\\/radiolitoral.com\\\/2024\\\/02\\\/la-segunda-edicion-del-benissatlo-se-celebrara-el-13-de-octubre\\\/\"},\"wordCount\":270,\"commentCount\":0,\"publisher\":{\"@id\":\"https:\\\/\\\/radiolitoral.com\\\/#organization\"},\"image\":{\"@id\":\"https:\\\/\\\/radiolitoral.com\\\/2024\\\/02\\\/la-segunda-edicion-del-benissatlo-se-celebrara-el-13-de-octubre\\\/#primaryimage\"},\"thumbnailUrl\":\"https:\\\/\\\/media.radiolitoral.com\\\/wp-content\\\/uploads\\\/2024\\\/02\\\/13183154\\\/Benissatlo-2024.-Arturo-Poquet-Adrian-Cabrera-y-Ximo-Crespo.jpg\",\"articleSection\":[\"Deportes\",\"Turismo\"],\"inLanguage\":\"ca\",\"potentialAction\":[{\"@type\":\"CommentAction\",\"name\":\"Comment\",\"target\":[\"https:\\\/\\\/radiolitoral.com\\\/2024\\\/02\\\/la-segunda-edicion-del-benissatlo-se-celebrara-el-13-de-octubre\\\/#respond\"]}]},{\"@type\":[\"WebPage\",\"ItemPage\"],\"@id\":\"https:\\\/\\\/radiolitoral.com\\\/2024\\\/02\\\/la-segunda-edicion-del-benissatlo-se-celebrara-el-13-de-octubre\\\/\",\"url\":\"https:\\\/\\\/radiolitoral.com\\\/2024\\\/02\\\/la-segunda-edicion-del-benissatlo-se-celebrara-el-13-de-octubre\\\/\",\"name\":\"La segunda edici\u00f3n del Benissatl\u00f3 se celebrar\u00e1 el 13 de octubre | R\u00e0dio Litoral\",\"isPartOf\":{\"@id\":\"https:\\\/\\\/radiolitoral.com\\\/#website\"},\"primaryImageOfPage\":{\"@id\":\"https:\\\/\\\/radiolitoral.com\\\/2024\\\/02\\\/la-segunda-edicion-del-benissatlo-se-celebrara-el-13-de-octubre\\\/#primaryimage\"},\"image\":{\"@id\":\"https:\\\/\\\/radiolitoral.com\\\/2024\\\/02\\\/la-segunda-edicion-del-benissatlo-se-celebrara-el-13-de-octubre\\\/#primaryimage\"},\"thumbnailUrl\":\"https:\\\/\\\/media.radiolitoral.com\\\/wp-content\\\/uploads\\\/2024\\\/02\\\/13183154\\\/Benissatlo-2024.-Arturo-Poquet-Adrian-Cabrera-y-Ximo-Crespo.jpg\",\"datePublished\":\"2024-02-13T17:34:34+00:00\",\"description\":\"Benissa presenta esta prueba deportiva incluida en NaturSport como un atrayente tur\u00edstico con el que desestacionalizar el sector\",\"breadcrumb\":{\"@id\":\"https:\\\/\\\/radiolitoral.com\\\/2024\\\/02\\\/la-segunda-edicion-del-benissatlo-se-celebrara-el-13-de-octubre\\\/#breadcrumb\"},\"inLanguage\":\"ca\",\"potentialAction\":[{\"@type\":\"ReadAction\",\"target\":[\"https:\\\/\\\/radiolitoral.com\\\/2024\\\/02\\\/la-segunda-edicion-del-benissatlo-se-celebrara-el-13-de-octubre\\\/\"]}]},{\"@type\":\"ImageObject\",\"inLanguage\":\"ca\",\"@id\":\"https:\\\/\\\/radiolitoral.com\\\/2024\\\/02\\\/la-segunda-edicion-del-benissatlo-se-celebrara-el-13-de-octubre\\\/#primaryimage\",\"url\":\"https:\\\/\\\/media.radiolitoral.com\\\/wp-content\\\/uploads\\\/2024\\\/02\\\/13183154\\\/Benissatlo-2024.-Arturo-Poquet-Adrian-Cabrera-y-Ximo-Crespo.jpg\",\"contentUrl\":\"https:\\\/\\\/media.radiolitoral.com\\\/wp-content\\\/uploads\\\/2024\\\/02\\\/13183154\\\/Benissatlo-2024.-Arturo-Poquet-Adrian-Cabrera-y-Ximo-Crespo.jpg\",\"width\":2513,\"height\":2048},{\"@type\":\"BreadcrumbList\",\"@id\":\"https:\\\/\\\/radiolitoral.com\\\/2024\\\/02\\\/la-segunda-edicion-del-benissatlo-se-celebrara-el-13-de-octubre\\\/#breadcrumb\",\"itemListElement\":[{\"@type\":\"ListItem\",\"position\":1,\"name\":\"Portada\",\"item\":\"https:\\\/\\\/radiolitoral.com\\\/\"},{\"@type\":\"ListItem\",\"position\":2,\"name\":\"La segunda edici\u00f3n del Benissatl\u00f3 se celebrar\u00e1 el 13 de octubre\"}]},{\"@type\":\"WebSite\",\"@id\":\"https:\\\/\\\/radiolitoral.com\\\/#website\",\"url\":\"https:\\\/\\\/radiolitoral.com\\\/\",\"name\":\"Radio Litoral\",\"description\":\"La radio local de la Marina Alta\",\"publisher\":{\"@id\":\"https:\\\/\\\/radiolitoral.com\\\/#organization\"},\"alternateName\":\"Litoral FM\",\"potentialAction\":[{\"@type\":\"SearchAction\",\"target\":{\"@type\":\"EntryPoint\",\"urlTemplate\":\"https:\\\/\\\/radiolitoral.com\\\/?s={search_term_string}\"},\"query-input\":{\"@type\":\"PropertyValueSpecification\",\"valueRequired\":true,\"valueName\":\"search_term_string\"}}],\"inLanguage\":\"ca\"},{\"@type\":\"Organization\",\"@id\":\"https:\\\/\\\/radiolitoral.com\\\/#organization\",\"name\":\"Radio Litoral\",\"url\":\"https:\\\/\\\/radiolitoral.com\\\/\",\"logo\":{\"@type\":\"ImageObject\",\"inLanguage\":\"ca\",\"@id\":\"https:\\\/\\\/radiolitoral.com\\\/#\\\/schema\\\/logo\\\/image\\\/\",\"url\":\"https:\\\/\\\/media.radiolitoral.com\\\/wp-content\\\/uploads\\\/2023\\\/02\\\/24143238\\\/CL-V-RadioLitoral696.png\",\"contentUrl\":\"https:\\\/\\\/media.radiolitoral.com\\\/wp-content\\\/uploads\\\/2023\\\/02\\\/24143238\\\/CL-V-RadioLitoral696.png\",\"width\":696,\"height\":696,\"caption\":\"Radio Litoral\"},\"image\":{\"@id\":\"https:\\\/\\\/radiolitoral.com\\\/#\\\/schema\\\/logo\\\/image\\\/\"},\"sameAs\":[\"https:\\\/\\\/www.facebook.com\\\/Laradiolitoral\\\/\"]},{\"@type\":\"Person\",\"@id\":\"https:\\\/\\\/radiolitoral.com\\\/#\\\/schema\\\/person\\\/aad4f72efa404f85b68e832d24cac059\",\"name\":\"Mel Pescuezo\",\"image\":{\"@type\":\"ImageObject\",\"inLanguage\":\"ca\",\"@id\":\"https:\\\/\\\/secure.gravatar.com\\\/avatar\\\/993975ae489c70cb0dd9bfa9413a082f0bd276582dac13661af7b33f161e7eea?s=96&d=mm&r=g\",\"url\":\"https:\\\/\\\/secure.gravatar.com\\\/avatar\\\/993975ae489c70cb0dd9bfa9413a082f0bd276582dac13661af7b33f161e7eea?s=96&d=mm&r=g\",\"contentUrl\":\"https:\\\/\\\/secure.gravatar.com\\\/avatar\\\/993975ae489c70cb0dd9bfa9413a082f0bd276582dac13661af7b33f161e7eea?s=96&d=mm&r=g\",\"caption\":\"Mel Pescuezo\"},\"url\":\"https:\\\/\\\/radiolitoral.com\\\/ca\\\/author\\\/serviciospararadios\\\/\"}]}<\/script>\n<!-- \/ Yoast SEO plugin. -->","yoast_head_json":{"title":"La segona edici\u00f3 del Benissatl\u00f3 tindr\u00e0 lloc el 13 d&#039;octubre | R\u00e0dio Litoral","description":"Benissa presenta aquesta prova esportiva inclosa a NaturSport com un atraient tur\u00edstic amb qu\u00e8 desestacionalitzar el sector","robots":{"index":"index","follow":"follow","max-snippet":"max-snippet:-1","max-image-preview":"max-image-preview:large","max-video-preview":"max-video-preview:-1"},"canonical":"https:\/\/radiolitoral.com\/ca\/2024\/02\/la-segona-edicio-del-benissatlo-se-celebrara-el-13-doctubre\/","og_locale":"ca_ES","og_type":"article","og_title":"La segunda edici\u00f3n del Benissatl\u00f3 se celebrar\u00e1 el 13 de octubre | R\u00e0dio Litoral","og_description":"Benissa presenta esta prueba deportiva incluida en NaturSport como un atrayente tur\u00edstico con el que desestacionalizar el sector","og_url":"https:\/\/radiolitoral.com\/ca\/2024\/02\/la-segona-edicio-del-benissatlo-se-celebrara-el-13-doctubre\/","og_site_name":"R\u00e0dio Litoral","article_publisher":"https:\/\/www.facebook.com\/Laradiolitoral\/","article_published_time":"2024-02-13T17:34:34+00:00","og_image":[{"width":1024,"height":835,"url":"https:\/\/media.radiolitoral.com\/wp-content\/uploads\/2024\/02\/13183154\/Benissatlo-2024.-Arturo-Poquet-Adrian-Cabrera-y-Ximo-Crespo-1024x835.jpg","type":"image\/jpeg"}],"author":"Mel Pescuezo","twitter_card":"summary_large_image","twitter_misc":{"Escrit per":"Mel Pescuezo","Temps estimat de lectura":"2 minuts"},"schema":{"@context":"https:\/\/schema.org","@graph":[{"@type":"NewsArticle","@id":"https:\/\/radiolitoral.com\/2024\/02\/la-segunda-edicion-del-benissatlo-se-celebrara-el-13-de-octubre\/#article","isPartOf":{"@id":"https:\/\/radiolitoral.com\/2024\/02\/la-segunda-edicion-del-benissatlo-se-celebrara-el-13-de-octubre\/"},"author":{"name":"Mel Pescuezo","@id":"https:\/\/radiolitoral.com\/#\/schema\/person\/aad4f72efa404f85b68e832d24cac059"},"headline":"La segunda edici\u00f3n del Benissatl\u00f3 se celebrar\u00e1 el 13 de octubre","datePublished":"2024-02-13T17:34:34+00:00","mainEntityOfPage":{"@id":"https:\/\/radiolitoral.com\/2024\/02\/la-segunda-edicion-del-benissatlo-se-celebrara-el-13-de-octubre\/"},"wordCount":270,"commentCount":0,"publisher":{"@id":"https:\/\/radiolitoral.com\/#organization"},"image":{"@id":"https:\/\/radiolitoral.com\/2024\/02\/la-segunda-edicion-del-benissatlo-se-celebrara-el-13-de-octubre\/#primaryimage"},"thumbnailUrl":"https:\/\/media.radiolitoral.com\/wp-content\/uploads\/2024\/02\/13183154\/Benissatlo-2024.-Arturo-Poquet-Adrian-Cabrera-y-Ximo-Crespo.jpg","articleSection":["Deportes","Turismo"],"inLanguage":"ca","potentialAction":[{"@type":"CommentAction","name":"Comment","target":["https:\/\/radiolitoral.com\/2024\/02\/la-segunda-edicion-del-benissatlo-se-celebrara-el-13-de-octubre\/#respond"]}]},{"@type":["WebPage","ItemPage"],"@id":"https:\/\/radiolitoral.com\/2024\/02\/la-segunda-edicion-del-benissatlo-se-celebrara-el-13-de-octubre\/","url":"https:\/\/radiolitoral.com\/2024\/02\/la-segunda-edicion-del-benissatlo-se-celebrara-el-13-de-octubre\/","name":"La segona edici\u00f3 del Benissatl\u00f3 tindr\u00e0 lloc el 13 d&#039;octubre | R\u00e0dio Litoral","isPartOf":{"@id":"https:\/\/radiolitoral.com\/#website"},"primaryImageOfPage":{"@id":"https:\/\/radiolitoral.com\/2024\/02\/la-segunda-edicion-del-benissatlo-se-celebrara-el-13-de-octubre\/#primaryimage"},"image":{"@id":"https:\/\/radiolitoral.com\/2024\/02\/la-segunda-edicion-del-benissatlo-se-celebrara-el-13-de-octubre\/#primaryimage"},"thumbnailUrl":"https:\/\/media.radiolitoral.com\/wp-content\/uploads\/2024\/02\/13183154\/Benissatlo-2024.-Arturo-Poquet-Adrian-Cabrera-y-Ximo-Crespo.jpg","datePublished":"2024-02-13T17:34:34+00:00","description":"Benissa presenta aquesta prova esportiva inclosa a NaturSport com un atraient tur\u00edstic amb qu\u00e8 desestacionalitzar el sector","breadcrumb":{"@id":"https:\/\/radiolitoral.com\/2024\/02\/la-segunda-edicion-del-benissatlo-se-celebrara-el-13-de-octubre\/#breadcrumb"},"inLanguage":"ca","potentialAction":[{"@type":"ReadAction","target":["https:\/\/radiolitoral.com\/2024\/02\/la-segunda-edicion-del-benissatlo-se-celebrara-el-13-de-octubre\/"]}]},{"@type":"ImageObject","inLanguage":"ca","@id":"https:\/\/radiolitoral.com\/2024\/02\/la-segunda-edicion-del-benissatlo-se-celebrara-el-13-de-octubre\/#primaryimage","url":"https:\/\/media.radiolitoral.com\/wp-content\/uploads\/2024\/02\/13183154\/Benissatlo-2024.-Arturo-Poquet-Adrian-Cabrera-y-Ximo-Crespo.jpg","contentUrl":"https:\/\/media.radiolitoral.com\/wp-content\/uploads\/2024\/02\/13183154\/Benissatlo-2024.-Arturo-Poquet-Adrian-Cabrera-y-Ximo-Crespo.jpg","width":2513,"height":2048},{"@type":"BreadcrumbList","@id":"https:\/\/radiolitoral.com\/2024\/02\/la-segunda-edicion-del-benissatlo-se-celebrara-el-13-de-octubre\/#breadcrumb","itemListElement":[{"@type":"ListItem","position":1,"name":"Portada","item":"https:\/\/radiolitoral.com\/"},{"@type":"ListItem","position":2,"name":"La segunda edici\u00f3n del Benissatl\u00f3 se celebrar\u00e1 el 13 de octubre"}]},{"@type":"WebSite","@id":"https:\/\/radiolitoral.com\/#website","url":"https:\/\/radiolitoral.com\/","name":"R\u00e0dio Litoral","description":"La r\u00e0dio local de la Marina Alta","publisher":{"@id":"https:\/\/radiolitoral.com\/#organization"},"alternateName":"Litoral FM","potentialAction":[{"@type":"SearchAction","target":{"@type":"EntryPoint","urlTemplate":"https:\/\/radiolitoral.com\/?s={search_term_string}"},"query-input":{"@type":"PropertyValueSpecification","valueRequired":true,"valueName":"search_term_string"}}],"inLanguage":"ca"},{"@type":"Organization","@id":"https:\/\/radiolitoral.com\/#organization","name":"R\u00e0dio Litoral","url":"https:\/\/radiolitoral.com\/","logo":{"@type":"ImageObject","inLanguage":"ca","@id":"https:\/\/radiolitoral.com\/#\/schema\/logo\/image\/","url":"https:\/\/media.radiolitoral.com\/wp-content\/uploads\/2023\/02\/24143238\/CL-V-RadioLitoral696.png","contentUrl":"https:\/\/media.radiolitoral.com\/wp-content\/uploads\/2023\/02\/24143238\/CL-V-RadioLitoral696.png","width":696,"height":696,"caption":"Radio Litoral"},"image":{"@id":"https:\/\/radiolitoral.com\/#\/schema\/logo\/image\/"},"sameAs":["https:\/\/www.facebook.com\/Laradiolitoral\/"]},{"@type":"Person","@id":"https:\/\/radiolitoral.com\/#\/schema\/person\/aad4f72efa404f85b68e832d24cac059","name":"Mel Pescuezo","image":{"@type":"ImageObject","inLanguage":"ca","@id":"https:\/\/secure.gravatar.com\/avatar\/993975ae489c70cb0dd9bfa9413a082f0bd276582dac13661af7b33f161e7eea?s=96&d=mm&r=g","url":"https:\/\/secure.gravatar.com\/avatar\/993975ae489c70cb0dd9bfa9413a082f0bd276582dac13661af7b33f161e7eea?s=96&d=mm&r=g","contentUrl":"https:\/\/secure.gravatar.com\/avatar\/993975ae489c70cb0dd9bfa9413a082f0bd276582dac13661af7b33f161e7eea?s=96&d=mm&r=g","caption":"Mel Pescuezo"},"url":"https:\/\/radiolitoral.com\/ca\/author\/serviciospararadios\/"}]}},"_links":{"self":[{"href":"https:\/\/radiolitoral.com\/ca\/wp-json\/wp\/v2\/posts\/6815","targetHints":{"allow":["GET"]}}],"collection":[{"href":"https:\/\/radiolitoral.com\/ca\/wp-json\/wp\/v2\/posts"}],"about":[{"href":"https:\/\/radiolitoral.com\/ca\/wp-json\/wp\/v2\/types\/post"}],"author":[{"embeddable":true,"href":"https:\/\/radiolitoral.com\/ca\/wp-json\/wp\/v2\/users\/21"}],"replies":[{"embeddable":true,"href":"https:\/\/radiolitoral.com\/ca\/wp-json\/wp\/v2\/comments?post=6815"}],"version-history":[{"count":3,"href":"https:\/\/radiolitoral.com\/ca\/wp-json\/wp\/v2\/posts\/6815\/revisions"}],"predecessor-version":[{"id":6821,"href":"https:\/\/radiolitoral.com\/ca\/wp-json\/wp\/v2\/posts\/6815\/revisions\/6821"}],"wp:featuredmedia":[{"embeddable":true,"href":"https:\/\/radiolitoral.com\/ca\/wp-json\/wp\/v2\/media\/6818"}],"wp:attachment":[{"href":"https:\/\/radiolitoral.com\/ca\/wp-json\/wp\/v2\/media?parent=6815"}],"wp:term":[{"taxonomy":"category","embeddable":true,"href":"https:\/\/radiolitoral.com\/ca\/wp-json\/wp\/v2\/categories?post=6815"},{"taxonomy":"post_tag","embeddable":true,"href":"https:\/\/radiolitoral.com\/ca\/wp-json\/wp\/v2\/tags?post=6815"}],"curies":[{"name":"wp","href":"https:\/\/api.w.org\/{rel}","templated":true}]}}