{"id":6790,"date":"2024-02-12T14:40:24","date_gmt":"2024-02-12T13:40:24","guid":{"rendered":"https:\/\/radiolitoral.com\/?p=6790"},"modified":"2024-02-12T14:40:24","modified_gmt":"2024-02-12T13:40:24","slug":"la-fiscalia-demana-preso-per-a-un-exregidor-de-calp-acusat-dexhumar-il%c2%b7licitament-restes-mortals","status":"publish","type":"post","link":"https:\/\/radiolitoral.com\/ca\/2024\/02\/la-fiscalia-pide-prision-para-un-ex-concejal-de-calp-acusado-de-exhumar-ilicitamente-restos-mortales\/","title":{"rendered":"La fiscalia demana pres\u00f3 per a un exregidor de Calp acusat d&#039;exhumar il\u00b7l\u00edcitament restes mortals"},"content":{"rendered":"<p>Aquesta setmana, dimecres 14 de febrer, est\u00e0 previst el <strong>judici contra l&#039;exregidor del PP de Calp<\/strong>, <strong>Bernat Moll<\/strong>, i el que era<strong> cap de recursos humans<\/strong> del consistori, Antonio Cabrera, acusats de <strong>exhumar les restes mortals<\/strong> d&#039;un n\u00ednxol al <strong>cementiri municipal<\/strong> per enterrar l&#039;\u00e0via del funcionari.<\/p>\n<p>El fiscal demana <strong>13 anys d&#039;inhabilitaci\u00f3<\/strong> per als dos acusats i <strong>un any de pres\u00f3<\/strong> per a l&#039;exregidor per un delicte de prevaricaci\u00f3 en concurs amb un delicte contra la mem\u00f2ria dels morts. En el cas de l&#039;exregidor, el fiscal sol\u00b7licita a m\u00e9s <strong>un any de pres\u00f3 per un delicte d?assetjament laboral. <\/strong><\/p>\n<p>El cad\u00e0ver que ocupava el n\u00ednxol era d&#039;un resident alemany que havia mort el 1973 i que s&#039;hi havia de quedar a perpetu\u00eftat. Els fets que es jutgen aquesta setmana van passar entre el 2018 i el 2019. Segons explica la fiscalia els processats van intentar aconseguir el seu objectiu pressionant la treballadora responsable del cementiri.<\/p>","protected":false},"excerpt":{"rendered":"<p>Esta semana, el mi\u00e9rcoles 14 de febrero, est\u00e1 previsto el juicio contra el exconcejal del PP de Calp, Bernardo Moll, y el que era jefe de recursos humanos del consistorio, Antonio Cabrera, acusados de exhumar los restos mortales de un nicho en el cementerio municipal para enterrar a la abuela del funcionario. El Fiscal pide [&#8230;]<\/p>\n<p><a class=\"btn btn-secondary understrap-read-more-link\" href=\"https:\/\/radiolitoral.com\/ca\/2024\/02\/la-fiscalia-pide-prision-para-un-ex-concejal-de-calp-acusado-de-exhumar-ilicitamente-restos-mortales\/\">Continua llegint&#8230;<span class=\"screen-reader-text\"> from La fiscal\u00eda pide prisi\u00f3n para un ex concejal de Calp acusado de exhumar il\u00edcitamente restos mortales<\/span><\/a><\/p>\n","protected":false},"author":21,"featured_media":6791,"comment_status":"open","ping_status":"closed","sticky":false,"template":"","format":"standard","meta":{"_acf_changed":false,"inline_featured_image":false,"footnotes":""},"categories":[21],"tags":[],"class_list":["post-6790","post","type-post","status-publish","format-standard","has-post-thumbnail","hentry","category-tribunales","cobertura-calp"],"acf":[],"yoast_head":"<!-- This site is optimized with the Yoast SEO plugin v27.5 - https:\/\/yoast.com\/product\/yoast-seo-wordpress\/ -->\n<title>La fiscal\u00eda pide prisi\u00f3n para un ex concejal de Calp acusado de exhumar il\u00edcitamente restos mortales | R\u00e0dio Litoral<\/title>\n<meta name=\"description\" content=\"El exconcejal responsable del cementerio est\u00e1 acusado de prevaricaci\u00f3n, acoso laboral y de un delito contra la memoria de los muertos\" \/>\n<meta name=\"robots\" content=\"index, follow, max-snippet:-1, max-image-preview:large, max-video-preview:-1\" \/>\n<link rel=\"canonical\" href=\"https:\/\/radiolitoral.com\/ca\/2024\/02\/la-fiscalia-demana-preso-per-a-un-exregidor-de-calp-acusat-dexhumar-il\u00b7licitament-restes-mortals\/\" \/>\n<meta property=\"og:locale\" content=\"ca_ES\" \/>\n<meta property=\"og:type\" content=\"article\" \/>\n<meta property=\"og:title\" content=\"La fiscal\u00eda pide prisi\u00f3n para un ex concejal de Calp acusado de exhumar il\u00edcitamente restos mortales | R\u00e0dio Litoral\" \/>\n<meta property=\"og:description\" content=\"El exconcejal responsable del cementerio est\u00e1 acusado de prevaricaci\u00f3n, acoso laboral y de un delito contra la memoria de los muertos\" \/>\n<meta property=\"og:url\" content=\"https:\/\/radiolitoral.com\/ca\/2024\/02\/la-fiscalia-demana-preso-per-a-un-exregidor-de-calp-acusat-dexhumar-il\u00b7licitament-restes-mortals\/\" \/>\n<meta property=\"og:site_name\" content=\"R\u00e0dio Litoral\" \/>\n<meta property=\"article:publisher\" content=\"https:\/\/www.facebook.com\/Laradiolitoral\/\" \/>\n<meta property=\"article:published_time\" content=\"2024-02-12T13:40:24+00:00\" \/>\n<meta property=\"og:image\" content=\"https:\/\/media.radiolitoral.com\/wp-content\/uploads\/2024\/02\/12143931\/Calp-cementerio-municipal-2.jpg\" \/>\n\t<meta property=\"og:image:width\" content=\"1599\" \/>\n\t<meta property=\"og:image:height\" content=\"1200\" \/>\n\t<meta property=\"og:image:type\" content=\"image\/jpeg\" \/>\n<meta name=\"author\" content=\"Mel Pescuezo\" \/>\n<meta name=\"twitter:card\" content=\"summary_large_image\" \/>\n<meta name=\"twitter:label1\" content=\"Escrit per\" \/>\n\t<meta name=\"twitter:data1\" content=\"Mel Pescuezo\" \/>\n\t<meta name=\"twitter:label2\" content=\"Temps estimat de lectura\" \/>\n\t<meta name=\"twitter:data2\" content=\"2 minuts\" \/>\n<script type=\"application\/ld+json\" class=\"yoast-schema-graph\">{\"@context\":\"https:\\\/\\\/schema.org\",\"@graph\":[{\"@type\":\"NewsArticle\",\"@id\":\"https:\\\/\\\/radiolitoral.com\\\/2024\\\/02\\\/la-fiscalia-pide-prision-para-un-ex-concejal-de-calp-acusado-de-exhumar-ilicitamente-restos-mortales\\\/#article\",\"isPartOf\":{\"@id\":\"https:\\\/\\\/radiolitoral.com\\\/2024\\\/02\\\/la-fiscalia-pide-prision-para-un-ex-concejal-de-calp-acusado-de-exhumar-ilicitamente-restos-mortales\\\/\"},\"author\":{\"name\":\"Mel Pescuezo\",\"@id\":\"https:\\\/\\\/radiolitoral.com\\\/#\\\/schema\\\/person\\\/aad4f72efa404f85b68e832d24cac059\"},\"headline\":\"La fiscal\u00eda pide prisi\u00f3n para un ex concejal de Calp acusado de exhumar il\u00edcitamente restos mortales\",\"datePublished\":\"2024-02-12T13:40:24+00:00\",\"mainEntityOfPage\":{\"@id\":\"https:\\\/\\\/radiolitoral.com\\\/2024\\\/02\\\/la-fiscalia-pide-prision-para-un-ex-concejal-de-calp-acusado-de-exhumar-ilicitamente-restos-mortales\\\/\"},\"wordCount\":187,\"commentCount\":0,\"publisher\":{\"@id\":\"https:\\\/\\\/radiolitoral.com\\\/#organization\"},\"image\":{\"@id\":\"https:\\\/\\\/radiolitoral.com\\\/2024\\\/02\\\/la-fiscalia-pide-prision-para-un-ex-concejal-de-calp-acusado-de-exhumar-ilicitamente-restos-mortales\\\/#primaryimage\"},\"thumbnailUrl\":\"https:\\\/\\\/media.radiolitoral.com\\\/wp-content\\\/uploads\\\/2024\\\/02\\\/12143931\\\/Calp-cementerio-municipal-2.jpg\",\"articleSection\":[\"Tribunales\"],\"inLanguage\":\"ca\",\"potentialAction\":[{\"@type\":\"CommentAction\",\"name\":\"Comment\",\"target\":[\"https:\\\/\\\/radiolitoral.com\\\/2024\\\/02\\\/la-fiscalia-pide-prision-para-un-ex-concejal-de-calp-acusado-de-exhumar-ilicitamente-restos-mortales\\\/#respond\"]}]},{\"@type\":[\"WebPage\",\"ItemPage\"],\"@id\":\"https:\\\/\\\/radiolitoral.com\\\/2024\\\/02\\\/la-fiscalia-pide-prision-para-un-ex-concejal-de-calp-acusado-de-exhumar-ilicitamente-restos-mortales\\\/\",\"url\":\"https:\\\/\\\/radiolitoral.com\\\/2024\\\/02\\\/la-fiscalia-pide-prision-para-un-ex-concejal-de-calp-acusado-de-exhumar-ilicitamente-restos-mortales\\\/\",\"name\":\"La fiscal\u00eda pide prisi\u00f3n para un ex concejal de Calp acusado de exhumar il\u00edcitamente restos mortales | R\u00e0dio Litoral\",\"isPartOf\":{\"@id\":\"https:\\\/\\\/radiolitoral.com\\\/#website\"},\"primaryImageOfPage\":{\"@id\":\"https:\\\/\\\/radiolitoral.com\\\/2024\\\/02\\\/la-fiscalia-pide-prision-para-un-ex-concejal-de-calp-acusado-de-exhumar-ilicitamente-restos-mortales\\\/#primaryimage\"},\"image\":{\"@id\":\"https:\\\/\\\/radiolitoral.com\\\/2024\\\/02\\\/la-fiscalia-pide-prision-para-un-ex-concejal-de-calp-acusado-de-exhumar-ilicitamente-restos-mortales\\\/#primaryimage\"},\"thumbnailUrl\":\"https:\\\/\\\/media.radiolitoral.com\\\/wp-content\\\/uploads\\\/2024\\\/02\\\/12143931\\\/Calp-cementerio-municipal-2.jpg\",\"datePublished\":\"2024-02-12T13:40:24+00:00\",\"description\":\"El exconcejal responsable del cementerio est\u00e1 acusado de prevaricaci\u00f3n, acoso laboral y de un delito contra la memoria de los muertos\",\"breadcrumb\":{\"@id\":\"https:\\\/\\\/radiolitoral.com\\\/2024\\\/02\\\/la-fiscalia-pide-prision-para-un-ex-concejal-de-calp-acusado-de-exhumar-ilicitamente-restos-mortales\\\/#breadcrumb\"},\"inLanguage\":\"ca\",\"potentialAction\":[{\"@type\":\"ReadAction\",\"target\":[\"https:\\\/\\\/radiolitoral.com\\\/2024\\\/02\\\/la-fiscalia-pide-prision-para-un-ex-concejal-de-calp-acusado-de-exhumar-ilicitamente-restos-mortales\\\/\"]}]},{\"@type\":\"ImageObject\",\"inLanguage\":\"ca\",\"@id\":\"https:\\\/\\\/radiolitoral.com\\\/2024\\\/02\\\/la-fiscalia-pide-prision-para-un-ex-concejal-de-calp-acusado-de-exhumar-ilicitamente-restos-mortales\\\/#primaryimage\",\"url\":\"https:\\\/\\\/media.radiolitoral.com\\\/wp-content\\\/uploads\\\/2024\\\/02\\\/12143931\\\/Calp-cementerio-municipal-2.jpg\",\"contentUrl\":\"https:\\\/\\\/media.radiolitoral.com\\\/wp-content\\\/uploads\\\/2024\\\/02\\\/12143931\\\/Calp-cementerio-municipal-2.jpg\",\"width\":1599,\"height\":1200},{\"@type\":\"BreadcrumbList\",\"@id\":\"https:\\\/\\\/radiolitoral.com\\\/2024\\\/02\\\/la-fiscalia-pide-prision-para-un-ex-concejal-de-calp-acusado-de-exhumar-ilicitamente-restos-mortales\\\/#breadcrumb\",\"itemListElement\":[{\"@type\":\"ListItem\",\"position\":1,\"name\":\"Portada\",\"item\":\"https:\\\/\\\/radiolitoral.com\\\/\"},{\"@type\":\"ListItem\",\"position\":2,\"name\":\"La fiscal\u00eda pide prisi\u00f3n para un ex concejal de Calp acusado de exhumar il\u00edcitamente restos mortales\"}]},{\"@type\":\"WebSite\",\"@id\":\"https:\\\/\\\/radiolitoral.com\\\/#website\",\"url\":\"https:\\\/\\\/radiolitoral.com\\\/\",\"name\":\"Radio Litoral\",\"description\":\"La radio local de la Marina Alta\",\"publisher\":{\"@id\":\"https:\\\/\\\/radiolitoral.com\\\/#organization\"},\"alternateName\":\"Litoral FM\",\"potentialAction\":[{\"@type\":\"SearchAction\",\"target\":{\"@type\":\"EntryPoint\",\"urlTemplate\":\"https:\\\/\\\/radiolitoral.com\\\/?s={search_term_string}\"},\"query-input\":{\"@type\":\"PropertyValueSpecification\",\"valueRequired\":true,\"valueName\":\"search_term_string\"}}],\"inLanguage\":\"ca\"},{\"@type\":\"Organization\",\"@id\":\"https:\\\/\\\/radiolitoral.com\\\/#organization\",\"name\":\"Radio Litoral\",\"url\":\"https:\\\/\\\/radiolitoral.com\\\/\",\"logo\":{\"@type\":\"ImageObject\",\"inLanguage\":\"ca\",\"@id\":\"https:\\\/\\\/radiolitoral.com\\\/#\\\/schema\\\/logo\\\/image\\\/\",\"url\":\"https:\\\/\\\/media.radiolitoral.com\\\/wp-content\\\/uploads\\\/2023\\\/02\\\/24143238\\\/CL-V-RadioLitoral696.png\",\"contentUrl\":\"https:\\\/\\\/media.radiolitoral.com\\\/wp-content\\\/uploads\\\/2023\\\/02\\\/24143238\\\/CL-V-RadioLitoral696.png\",\"width\":696,\"height\":696,\"caption\":\"Radio Litoral\"},\"image\":{\"@id\":\"https:\\\/\\\/radiolitoral.com\\\/#\\\/schema\\\/logo\\\/image\\\/\"},\"sameAs\":[\"https:\\\/\\\/www.facebook.com\\\/Laradiolitoral\\\/\"]},{\"@type\":\"Person\",\"@id\":\"https:\\\/\\\/radiolitoral.com\\\/#\\\/schema\\\/person\\\/aad4f72efa404f85b68e832d24cac059\",\"name\":\"Mel Pescuezo\",\"image\":{\"@type\":\"ImageObject\",\"inLanguage\":\"ca\",\"@id\":\"https:\\\/\\\/secure.gravatar.com\\\/avatar\\\/993975ae489c70cb0dd9bfa9413a082f0bd276582dac13661af7b33f161e7eea?s=96&d=mm&r=g\",\"url\":\"https:\\\/\\\/secure.gravatar.com\\\/avatar\\\/993975ae489c70cb0dd9bfa9413a082f0bd276582dac13661af7b33f161e7eea?s=96&d=mm&r=g\",\"contentUrl\":\"https:\\\/\\\/secure.gravatar.com\\\/avatar\\\/993975ae489c70cb0dd9bfa9413a082f0bd276582dac13661af7b33f161e7eea?s=96&d=mm&r=g\",\"caption\":\"Mel Pescuezo\"},\"url\":\"https:\\\/\\\/radiolitoral.com\\\/ca\\\/author\\\/serviciospararadios\\\/\"}]}<\/script>\n<!-- \/ Yoast SEO plugin. -->","yoast_head_json":{"title":"La fiscalia demana pres\u00f3 per a un exregidor de Calp acusat d&#039;exhumar il\u00b7l\u00edcitament restes mortals | R\u00e0dio Litoral","description":"L&#039;exregidor responsable del cementiri est\u00e0 acusat de prevaricaci\u00f3, assetjament laboral i un delicte contra la mem\u00f2ria dels morts","robots":{"index":"index","follow":"follow","max-snippet":"max-snippet:-1","max-image-preview":"max-image-preview:large","max-video-preview":"max-video-preview:-1"},"canonical":"https:\/\/radiolitoral.com\/ca\/2024\/02\/la-fiscalia-demana-preso-per-a-un-exregidor-de-calp-acusat-dexhumar-il\u00b7licitament-restes-mortals\/","og_locale":"ca_ES","og_type":"article","og_title":"La fiscal\u00eda pide prisi\u00f3n para un ex concejal de Calp acusado de exhumar il\u00edcitamente restos mortales | R\u00e0dio Litoral","og_description":"El exconcejal responsable del cementerio est\u00e1 acusado de prevaricaci\u00f3n, acoso laboral y de un delito contra la memoria de los muertos","og_url":"https:\/\/radiolitoral.com\/ca\/2024\/02\/la-fiscalia-demana-preso-per-a-un-exregidor-de-calp-acusat-dexhumar-il\u00b7licitament-restes-mortals\/","og_site_name":"R\u00e0dio Litoral","article_publisher":"https:\/\/www.facebook.com\/Laradiolitoral\/","article_published_time":"2024-02-12T13:40:24+00:00","og_image":[{"width":1599,"height":1200,"url":"https:\/\/media.radiolitoral.com\/wp-content\/uploads\/2024\/02\/12143931\/Calp-cementerio-municipal-2.jpg","type":"image\/jpeg"}],"author":"Mel Pescuezo","twitter_card":"summary_large_image","twitter_misc":{"Escrit per":"Mel Pescuezo","Temps estimat de lectura":"2 minuts"},"schema":{"@context":"https:\/\/schema.org","@graph":[{"@type":"NewsArticle","@id":"https:\/\/radiolitoral.com\/2024\/02\/la-fiscalia-pide-prision-para-un-ex-concejal-de-calp-acusado-de-exhumar-ilicitamente-restos-mortales\/#article","isPartOf":{"@id":"https:\/\/radiolitoral.com\/2024\/02\/la-fiscalia-pide-prision-para-un-ex-concejal-de-calp-acusado-de-exhumar-ilicitamente-restos-mortales\/"},"author":{"name":"Mel Pescuezo","@id":"https:\/\/radiolitoral.com\/#\/schema\/person\/aad4f72efa404f85b68e832d24cac059"},"headline":"La fiscal\u00eda pide prisi\u00f3n para un ex concejal de Calp acusado de exhumar il\u00edcitamente restos mortales","datePublished":"2024-02-12T13:40:24+00:00","mainEntityOfPage":{"@id":"https:\/\/radiolitoral.com\/2024\/02\/la-fiscalia-pide-prision-para-un-ex-concejal-de-calp-acusado-de-exhumar-ilicitamente-restos-mortales\/"},"wordCount":187,"commentCount":0,"publisher":{"@id":"https:\/\/radiolitoral.com\/#organization"},"image":{"@id":"https:\/\/radiolitoral.com\/2024\/02\/la-fiscalia-pide-prision-para-un-ex-concejal-de-calp-acusado-de-exhumar-ilicitamente-restos-mortales\/#primaryimage"},"thumbnailUrl":"https:\/\/media.radiolitoral.com\/wp-content\/uploads\/2024\/02\/12143931\/Calp-cementerio-municipal-2.jpg","articleSection":["Tribunales"],"inLanguage":"ca","potentialAction":[{"@type":"CommentAction","name":"Comment","target":["https:\/\/radiolitoral.com\/2024\/02\/la-fiscalia-pide-prision-para-un-ex-concejal-de-calp-acusado-de-exhumar-ilicitamente-restos-mortales\/#respond"]}]},{"@type":["WebPage","ItemPage"],"@id":"https:\/\/radiolitoral.com\/2024\/02\/la-fiscalia-pide-prision-para-un-ex-concejal-de-calp-acusado-de-exhumar-ilicitamente-restos-mortales\/","url":"https:\/\/radiolitoral.com\/2024\/02\/la-fiscalia-pide-prision-para-un-ex-concejal-de-calp-acusado-de-exhumar-ilicitamente-restos-mortales\/","name":"La fiscalia demana pres\u00f3 per a un exregidor de Calp acusat d&#039;exhumar il\u00b7l\u00edcitament restes mortals | R\u00e0dio Litoral","isPartOf":{"@id":"https:\/\/radiolitoral.com\/#website"},"primaryImageOfPage":{"@id":"https:\/\/radiolitoral.com\/2024\/02\/la-fiscalia-pide-prision-para-un-ex-concejal-de-calp-acusado-de-exhumar-ilicitamente-restos-mortales\/#primaryimage"},"image":{"@id":"https:\/\/radiolitoral.com\/2024\/02\/la-fiscalia-pide-prision-para-un-ex-concejal-de-calp-acusado-de-exhumar-ilicitamente-restos-mortales\/#primaryimage"},"thumbnailUrl":"https:\/\/media.radiolitoral.com\/wp-content\/uploads\/2024\/02\/12143931\/Calp-cementerio-municipal-2.jpg","datePublished":"2024-02-12T13:40:24+00:00","description":"L&#039;exregidor responsable del cementiri est\u00e0 acusat de prevaricaci\u00f3, assetjament laboral i un delicte contra la mem\u00f2ria dels morts","breadcrumb":{"@id":"https:\/\/radiolitoral.com\/2024\/02\/la-fiscalia-pide-prision-para-un-ex-concejal-de-calp-acusado-de-exhumar-ilicitamente-restos-mortales\/#breadcrumb"},"inLanguage":"ca","potentialAction":[{"@type":"ReadAction","target":["https:\/\/radiolitoral.com\/2024\/02\/la-fiscalia-pide-prision-para-un-ex-concejal-de-calp-acusado-de-exhumar-ilicitamente-restos-mortales\/"]}]},{"@type":"ImageObject","inLanguage":"ca","@id":"https:\/\/radiolitoral.com\/2024\/02\/la-fiscalia-pide-prision-para-un-ex-concejal-de-calp-acusado-de-exhumar-ilicitamente-restos-mortales\/#primaryimage","url":"https:\/\/media.radiolitoral.com\/wp-content\/uploads\/2024\/02\/12143931\/Calp-cementerio-municipal-2.jpg","contentUrl":"https:\/\/media.radiolitoral.com\/wp-content\/uploads\/2024\/02\/12143931\/Calp-cementerio-municipal-2.jpg","width":1599,"height":1200},{"@type":"BreadcrumbList","@id":"https:\/\/radiolitoral.com\/2024\/02\/la-fiscalia-pide-prision-para-un-ex-concejal-de-calp-acusado-de-exhumar-ilicitamente-restos-mortales\/#breadcrumb","itemListElement":[{"@type":"ListItem","position":1,"name":"Portada","item":"https:\/\/radiolitoral.com\/"},{"@type":"ListItem","position":2,"name":"La fiscal\u00eda pide prisi\u00f3n para un ex concejal de Calp acusado de exhumar il\u00edcitamente restos mortales"}]},{"@type":"WebSite","@id":"https:\/\/radiolitoral.com\/#website","url":"https:\/\/radiolitoral.com\/","name":"R\u00e0dio Litoral","description":"La r\u00e0dio local de la Marina Alta","publisher":{"@id":"https:\/\/radiolitoral.com\/#organization"},"alternateName":"Litoral FM","potentialAction":[{"@type":"SearchAction","target":{"@type":"EntryPoint","urlTemplate":"https:\/\/radiolitoral.com\/?s={search_term_string}"},"query-input":{"@type":"PropertyValueSpecification","valueRequired":true,"valueName":"search_term_string"}}],"inLanguage":"ca"},{"@type":"Organization","@id":"https:\/\/radiolitoral.com\/#organization","name":"R\u00e0dio Litoral","url":"https:\/\/radiolitoral.com\/","logo":{"@type":"ImageObject","inLanguage":"ca","@id":"https:\/\/radiolitoral.com\/#\/schema\/logo\/image\/","url":"https:\/\/media.radiolitoral.com\/wp-content\/uploads\/2023\/02\/24143238\/CL-V-RadioLitoral696.png","contentUrl":"https:\/\/media.radiolitoral.com\/wp-content\/uploads\/2023\/02\/24143238\/CL-V-RadioLitoral696.png","width":696,"height":696,"caption":"Radio Litoral"},"image":{"@id":"https:\/\/radiolitoral.com\/#\/schema\/logo\/image\/"},"sameAs":["https:\/\/www.facebook.com\/Laradiolitoral\/"]},{"@type":"Person","@id":"https:\/\/radiolitoral.com\/#\/schema\/person\/aad4f72efa404f85b68e832d24cac059","name":"Mel Pescuezo","image":{"@type":"ImageObject","inLanguage":"ca","@id":"https:\/\/secure.gravatar.com\/avatar\/993975ae489c70cb0dd9bfa9413a082f0bd276582dac13661af7b33f161e7eea?s=96&d=mm&r=g","url":"https:\/\/secure.gravatar.com\/avatar\/993975ae489c70cb0dd9bfa9413a082f0bd276582dac13661af7b33f161e7eea?s=96&d=mm&r=g","contentUrl":"https:\/\/secure.gravatar.com\/avatar\/993975ae489c70cb0dd9bfa9413a082f0bd276582dac13661af7b33f161e7eea?s=96&d=mm&r=g","caption":"Mel Pescuezo"},"url":"https:\/\/radiolitoral.com\/ca\/author\/serviciospararadios\/"}]}},"_links":{"self":[{"href":"https:\/\/radiolitoral.com\/ca\/wp-json\/wp\/v2\/posts\/6790","targetHints":{"allow":["GET"]}}],"collection":[{"href":"https:\/\/radiolitoral.com\/ca\/wp-json\/wp\/v2\/posts"}],"about":[{"href":"https:\/\/radiolitoral.com\/ca\/wp-json\/wp\/v2\/types\/post"}],"author":[{"embeddable":true,"href":"https:\/\/radiolitoral.com\/ca\/wp-json\/wp\/v2\/users\/21"}],"replies":[{"embeddable":true,"href":"https:\/\/radiolitoral.com\/ca\/wp-json\/wp\/v2\/comments?post=6790"}],"version-history":[{"count":2,"href":"https:\/\/radiolitoral.com\/ca\/wp-json\/wp\/v2\/posts\/6790\/revisions"}],"predecessor-version":[{"id":6793,"href":"https:\/\/radiolitoral.com\/ca\/wp-json\/wp\/v2\/posts\/6790\/revisions\/6793"}],"wp:featuredmedia":[{"embeddable":true,"href":"https:\/\/radiolitoral.com\/ca\/wp-json\/wp\/v2\/media\/6791"}],"wp:attachment":[{"href":"https:\/\/radiolitoral.com\/ca\/wp-json\/wp\/v2\/media?parent=6790"}],"wp:term":[{"taxonomy":"category","embeddable":true,"href":"https:\/\/radiolitoral.com\/ca\/wp-json\/wp\/v2\/categories?post=6790"},{"taxonomy":"post_tag","embeddable":true,"href":"https:\/\/radiolitoral.com\/ca\/wp-json\/wp\/v2\/tags?post=6790"}],"curies":[{"name":"wp","href":"https:\/\/api.w.org\/{rel}","templated":true}]}}