{"id":6766,"date":"2024-02-07T18:41:06","date_gmt":"2024-02-07T17:41:06","guid":{"rendered":"https:\/\/radiolitoral.com\/?p=6766"},"modified":"2024-02-07T18:41:06","modified_gmt":"2024-02-07T17:41:06","slug":"el-carnaval-omplira-aquest-cap-de-setmana-de-musica-i-colorit-els-carrers-de-la-marina-alta","status":"publish","type":"post","link":"https:\/\/radiolitoral.com\/ca\/2024\/02\/el-carnaval-llenara-este-fin-de-semana-de-musica-y-colorido-las-calles-de-la-marina-alta\/","title":{"rendered":"El Carnaval omplir\u00e0 aquest cap de setmana de m\u00fasica i colorit els carrers de la Marina Alta"},"content":{"rendered":"<p>Aquest cap de setmana el <strong>Carnestoltes<\/strong> omplir\u00e0 de colorit, m\u00fasica i diversi\u00f3 els carrers i places dels municipis del sud de la Marina Alta. A <strong>Benissa<\/strong>, els primers a posar-se les seves m\u00e0scares i disfresses, seran els nens i nenes. Des de l&#039;Ajuntament s&#039;ha organitzat una gran desfilada carnavalera per al dissabte, dia 10 de febrer, a partir de les 17.30 hores des de la Placeta de l&#039;Esgl\u00e9sia Vella. El recorregut marcat portar\u00e0 els participants fins a la glorieta Dolores Piera. Tot seguit, es repartir\u00e0 xocolata i es podr\u00e0 gaudir d&#039;una disco m\u00f2bil infantil.<\/p>\n<p>Des del departament de Joventut tamb\u00e9 s&#039;ha organitzat una festa de carnestoltes per als adolescents, tamb\u00e9 ser\u00e0 dissabte, per\u00f2 a partir de les 19.00 hores, amb concurs de disfresses i discoteca. El punt de trobada \u00e9s el Casal Jove.<\/p>\n<p>La programaci\u00f3 carnavalera a <strong>Teulada Moraira<\/strong> inclou actes del 8 al 11 de febrer. Activitats organitzades per la Junta Ve\u00efnal de Moraira Cap d&#039;Or de Moraira, en col\u00b7laboraci\u00f3 amb la Comissi\u00f3 de Festes de Moraira 2024, i l&#039;Ajuntament.<\/p>\n<p>Dem\u00e0, dijous 8 de febrer, arrenca la programaci\u00f3 amb una cercavila escolar de l&#039;alumnat del CEIP Cap d&#039;Or de Moraira. Divendres, ser\u00e0 el torn dels escolars del CEIP Sant Vicent Ferrer. Tamb\u00e9 s&#039;ha previst, de 18.00 a 20.00 hores, un taller Infantil sota el t\u00edtol &#039;Els Rastres&#039;, per a la confecci\u00f3 de tires de llaunes. Tot seguit s&#039;explicar\u00e0 la hist\u00f2ria d&#039;&#039;Els Rastres&#039;. El punt de trobada \u00e9s la seu de la Junta Ve\u00efnal de Moraira.<\/p>\n<p>La programaci\u00f3 seguir\u00e0 durant el cap de setmana recuperant la tradici\u00f3 de fer sonar pels carrers \u201cels rastres\u201d, tamb\u00e9 es duran a terme jocs, tallers i petit disc. A m\u00e9s de cercavila, menjar popular i actuacions musicals.<\/p>\n<p>A <strong>Calp<\/strong>, els m\u00e9s petits estan convocats a acudir amb disfressa i cares pintades aquest dissabte, dia 10, a les 17 hores per participar en una cercavila infantil de disfresses. Una festa carnavalera que prendr\u00e0 com a epicentre la Pla\u00e7a Major. L&#039;organitzaci\u00f3 ha previst berenar i minidisc. A les 19.30 hores tindr\u00e0 lloc un Correfocs, i, a la nit, actuar\u00e0 el grup Space Elephants fins a les 4 de la matinada.<\/p>","protected":false},"excerpt":{"rendered":"<p>Este fin de semana el Carnaval llenar\u00e1 de colorido, m\u00fasica y diversi\u00f3n las calles y plazas de los municipios del sur de la Marina Alta. En Benissa, los primeros en ponerse sus mascaras y disfraces, ser\u00e1n los ni\u00f1os y las ni\u00f1as. Desde el Ayuntamiento se ha organizado un gran desfile carnavalero para el s\u00e1bado, d\u00eda [&#8230;]<\/p>\n<p><a class=\"btn btn-secondary understrap-read-more-link\" href=\"https:\/\/radiolitoral.com\/ca\/2024\/02\/el-carnaval-llenara-este-fin-de-semana-de-musica-y-colorido-las-calles-de-la-marina-alta\/\">Continua llegint&#8230;<span class=\"screen-reader-text\"> from El Carnaval llenar\u00e1 este fin de semana de m\u00fasica y colorido las calles de la Marina Alta<\/span><\/a><\/p>\n","protected":false},"author":21,"featured_media":6767,"comment_status":"open","ping_status":"closed","sticky":false,"template":"","format":"standard","meta":{"_acf_changed":false,"inline_featured_image":false,"footnotes":""},"categories":[276],"tags":[],"class_list":["post-6766","post","type-post","status-publish","format-standard","has-post-thumbnail","hentry","category-fiestas","cobertura-benissa","cobertura-calp","cobertura-marina-alta","cobertura-teulada-moraira"],"acf":[],"yoast_head":"<!-- This site is optimized with the Yoast SEO plugin v27.5 - https:\/\/yoast.com\/product\/yoast-seo-wordpress\/ -->\n<title>El Carnaval llenar\u00e1 este fin de semana de m\u00fasica y colorido las calles de la Marina Alta | R\u00e0dio Litoral<\/title>\n<meta name=\"description\" content=\"Benissa, Calp y Teulada organizan desfiles de disfraces, meriendas populares, y actuaciones musicales para celebrar el Carnaval\" \/>\n<meta name=\"robots\" content=\"index, follow, max-snippet:-1, max-image-preview:large, max-video-preview:-1\" \/>\n<link rel=\"canonical\" href=\"https:\/\/radiolitoral.com\/ca\/2024\/02\/el-carnaval-omplira-aquest-cap-de-setmana-de-musica-i-colorit-els-carrers-de-la-marina-alta\/\" \/>\n<meta property=\"og:locale\" content=\"ca_ES\" \/>\n<meta property=\"og:type\" content=\"article\" \/>\n<meta property=\"og:title\" content=\"El Carnaval llenar\u00e1 este fin de semana de m\u00fasica y colorido las calles de la Marina Alta | R\u00e0dio Litoral\" \/>\n<meta property=\"og:description\" content=\"Benissa, Calp y Teulada organizan desfiles de disfraces, meriendas populares, y actuaciones musicales para celebrar el Carnaval\" \/>\n<meta property=\"og:url\" content=\"https:\/\/radiolitoral.com\/ca\/2024\/02\/el-carnaval-omplira-aquest-cap-de-setmana-de-musica-i-colorit-els-carrers-de-la-marina-alta\/\" \/>\n<meta property=\"og:site_name\" content=\"R\u00e0dio Litoral\" \/>\n<meta property=\"article:publisher\" content=\"https:\/\/www.facebook.com\/Laradiolitoral\/\" \/>\n<meta property=\"article:published_time\" content=\"2024-02-07T17:41:06+00:00\" \/>\n<meta property=\"og:image\" content=\"https:\/\/media.radiolitoral.com\/wp-content\/uploads\/2024\/02\/07183957\/Benissa.-Carnaval-11.jpg\" \/>\n\t<meta property=\"og:image:width\" content=\"670\" \/>\n\t<meta property=\"og:image:height\" content=\"361\" \/>\n\t<meta property=\"og:image:type\" content=\"image\/jpeg\" \/>\n<meta name=\"author\" content=\"Mel Pescuezo\" \/>\n<meta name=\"twitter:card\" content=\"summary_large_image\" \/>\n<meta name=\"twitter:label1\" content=\"Escrit per\" \/>\n\t<meta name=\"twitter:data1\" content=\"Mel Pescuezo\" \/>\n\t<meta name=\"twitter:label2\" content=\"Temps estimat de lectura\" \/>\n\t<meta name=\"twitter:data2\" content=\"2 minuts\" \/>\n<script type=\"application\/ld+json\" class=\"yoast-schema-graph\">{\"@context\":\"https:\\\/\\\/schema.org\",\"@graph\":[{\"@type\":\"NewsArticle\",\"@id\":\"https:\\\/\\\/radiolitoral.com\\\/2024\\\/02\\\/el-carnaval-llenara-este-fin-de-semana-de-musica-y-colorido-las-calles-de-la-marina-alta\\\/#article\",\"isPartOf\":{\"@id\":\"https:\\\/\\\/radiolitoral.com\\\/2024\\\/02\\\/el-carnaval-llenara-este-fin-de-semana-de-musica-y-colorido-las-calles-de-la-marina-alta\\\/\"},\"author\":{\"name\":\"Mel Pescuezo\",\"@id\":\"https:\\\/\\\/radiolitoral.com\\\/#\\\/schema\\\/person\\\/aad4f72efa404f85b68e832d24cac059\"},\"headline\":\"El Carnaval llenar\u00e1 este fin de semana de m\u00fasica y colorido las calles de la Marina Alta\",\"datePublished\":\"2024-02-07T17:41:06+00:00\",\"mainEntityOfPage\":{\"@id\":\"https:\\\/\\\/radiolitoral.com\\\/2024\\\/02\\\/el-carnaval-llenara-este-fin-de-semana-de-musica-y-colorido-las-calles-de-la-marina-alta\\\/\"},\"wordCount\":406,\"commentCount\":0,\"publisher\":{\"@id\":\"https:\\\/\\\/radiolitoral.com\\\/#organization\"},\"image\":{\"@id\":\"https:\\\/\\\/radiolitoral.com\\\/2024\\\/02\\\/el-carnaval-llenara-este-fin-de-semana-de-musica-y-colorido-las-calles-de-la-marina-alta\\\/#primaryimage\"},\"thumbnailUrl\":\"https:\\\/\\\/media.radiolitoral.com\\\/wp-content\\\/uploads\\\/2024\\\/02\\\/07183957\\\/Benissa.-Carnaval-11.jpg\",\"articleSection\":[\"Fiestas\"],\"inLanguage\":\"ca\",\"potentialAction\":[{\"@type\":\"CommentAction\",\"name\":\"Comment\",\"target\":[\"https:\\\/\\\/radiolitoral.com\\\/2024\\\/02\\\/el-carnaval-llenara-este-fin-de-semana-de-musica-y-colorido-las-calles-de-la-marina-alta\\\/#respond\"]}]},{\"@type\":[\"WebPage\",\"ItemPage\"],\"@id\":\"https:\\\/\\\/radiolitoral.com\\\/2024\\\/02\\\/el-carnaval-llenara-este-fin-de-semana-de-musica-y-colorido-las-calles-de-la-marina-alta\\\/\",\"url\":\"https:\\\/\\\/radiolitoral.com\\\/2024\\\/02\\\/el-carnaval-llenara-este-fin-de-semana-de-musica-y-colorido-las-calles-de-la-marina-alta\\\/\",\"name\":\"El Carnaval llenar\u00e1 este fin de semana de m\u00fasica y colorido las calles de la Marina Alta | R\u00e0dio Litoral\",\"isPartOf\":{\"@id\":\"https:\\\/\\\/radiolitoral.com\\\/#website\"},\"primaryImageOfPage\":{\"@id\":\"https:\\\/\\\/radiolitoral.com\\\/2024\\\/02\\\/el-carnaval-llenara-este-fin-de-semana-de-musica-y-colorido-las-calles-de-la-marina-alta\\\/#primaryimage\"},\"image\":{\"@id\":\"https:\\\/\\\/radiolitoral.com\\\/2024\\\/02\\\/el-carnaval-llenara-este-fin-de-semana-de-musica-y-colorido-las-calles-de-la-marina-alta\\\/#primaryimage\"},\"thumbnailUrl\":\"https:\\\/\\\/media.radiolitoral.com\\\/wp-content\\\/uploads\\\/2024\\\/02\\\/07183957\\\/Benissa.-Carnaval-11.jpg\",\"datePublished\":\"2024-02-07T17:41:06+00:00\",\"description\":\"Benissa, Calp y Teulada organizan desfiles de disfraces, meriendas populares, y actuaciones musicales para celebrar el Carnaval\",\"breadcrumb\":{\"@id\":\"https:\\\/\\\/radiolitoral.com\\\/2024\\\/02\\\/el-carnaval-llenara-este-fin-de-semana-de-musica-y-colorido-las-calles-de-la-marina-alta\\\/#breadcrumb\"},\"inLanguage\":\"ca\",\"potentialAction\":[{\"@type\":\"ReadAction\",\"target\":[\"https:\\\/\\\/radiolitoral.com\\\/2024\\\/02\\\/el-carnaval-llenara-este-fin-de-semana-de-musica-y-colorido-las-calles-de-la-marina-alta\\\/\"]}]},{\"@type\":\"ImageObject\",\"inLanguage\":\"ca\",\"@id\":\"https:\\\/\\\/radiolitoral.com\\\/2024\\\/02\\\/el-carnaval-llenara-este-fin-de-semana-de-musica-y-colorido-las-calles-de-la-marina-alta\\\/#primaryimage\",\"url\":\"https:\\\/\\\/media.radiolitoral.com\\\/wp-content\\\/uploads\\\/2024\\\/02\\\/07183957\\\/Benissa.-Carnaval-11.jpg\",\"contentUrl\":\"https:\\\/\\\/media.radiolitoral.com\\\/wp-content\\\/uploads\\\/2024\\\/02\\\/07183957\\\/Benissa.-Carnaval-11.jpg\",\"width\":670,\"height\":361},{\"@type\":\"BreadcrumbList\",\"@id\":\"https:\\\/\\\/radiolitoral.com\\\/2024\\\/02\\\/el-carnaval-llenara-este-fin-de-semana-de-musica-y-colorido-las-calles-de-la-marina-alta\\\/#breadcrumb\",\"itemListElement\":[{\"@type\":\"ListItem\",\"position\":1,\"name\":\"Portada\",\"item\":\"https:\\\/\\\/radiolitoral.com\\\/\"},{\"@type\":\"ListItem\",\"position\":2,\"name\":\"El Carnaval llenar\u00e1 este fin de semana de m\u00fasica y colorido las calles de la Marina Alta\"}]},{\"@type\":\"WebSite\",\"@id\":\"https:\\\/\\\/radiolitoral.com\\\/#website\",\"url\":\"https:\\\/\\\/radiolitoral.com\\\/\",\"name\":\"Radio Litoral\",\"description\":\"La radio local de la Marina Alta\",\"publisher\":{\"@id\":\"https:\\\/\\\/radiolitoral.com\\\/#organization\"},\"alternateName\":\"Litoral FM\",\"potentialAction\":[{\"@type\":\"SearchAction\",\"target\":{\"@type\":\"EntryPoint\",\"urlTemplate\":\"https:\\\/\\\/radiolitoral.com\\\/?s={search_term_string}\"},\"query-input\":{\"@type\":\"PropertyValueSpecification\",\"valueRequired\":true,\"valueName\":\"search_term_string\"}}],\"inLanguage\":\"ca\"},{\"@type\":\"Organization\",\"@id\":\"https:\\\/\\\/radiolitoral.com\\\/#organization\",\"name\":\"Radio Litoral\",\"url\":\"https:\\\/\\\/radiolitoral.com\\\/\",\"logo\":{\"@type\":\"ImageObject\",\"inLanguage\":\"ca\",\"@id\":\"https:\\\/\\\/radiolitoral.com\\\/#\\\/schema\\\/logo\\\/image\\\/\",\"url\":\"https:\\\/\\\/media.radiolitoral.com\\\/wp-content\\\/uploads\\\/2023\\\/02\\\/24143238\\\/CL-V-RadioLitoral696.png\",\"contentUrl\":\"https:\\\/\\\/media.radiolitoral.com\\\/wp-content\\\/uploads\\\/2023\\\/02\\\/24143238\\\/CL-V-RadioLitoral696.png\",\"width\":696,\"height\":696,\"caption\":\"Radio Litoral\"},\"image\":{\"@id\":\"https:\\\/\\\/radiolitoral.com\\\/#\\\/schema\\\/logo\\\/image\\\/\"},\"sameAs\":[\"https:\\\/\\\/www.facebook.com\\\/Laradiolitoral\\\/\"]},{\"@type\":\"Person\",\"@id\":\"https:\\\/\\\/radiolitoral.com\\\/#\\\/schema\\\/person\\\/aad4f72efa404f85b68e832d24cac059\",\"name\":\"Mel Pescuezo\",\"image\":{\"@type\":\"ImageObject\",\"inLanguage\":\"ca\",\"@id\":\"https:\\\/\\\/secure.gravatar.com\\\/avatar\\\/993975ae489c70cb0dd9bfa9413a082f0bd276582dac13661af7b33f161e7eea?s=96&d=mm&r=g\",\"url\":\"https:\\\/\\\/secure.gravatar.com\\\/avatar\\\/993975ae489c70cb0dd9bfa9413a082f0bd276582dac13661af7b33f161e7eea?s=96&d=mm&r=g\",\"contentUrl\":\"https:\\\/\\\/secure.gravatar.com\\\/avatar\\\/993975ae489c70cb0dd9bfa9413a082f0bd276582dac13661af7b33f161e7eea?s=96&d=mm&r=g\",\"caption\":\"Mel Pescuezo\"},\"url\":\"https:\\\/\\\/radiolitoral.com\\\/ca\\\/author\\\/serviciospararadios\\\/\"}]}<\/script>\n<!-- \/ Yoast SEO plugin. -->","yoast_head_json":{"title":"El Carnaval omplir\u00e0 aquest cap de setmana de m\u00fasica i colorit els carrers de la Marina Alta | R\u00e0dio Litoral","description":"Benissa, Calp i Teulada organitzen desfilades de disfresses, berenars populars, i actuacions musicals per celebrar el Carnaval","robots":{"index":"index","follow":"follow","max-snippet":"max-snippet:-1","max-image-preview":"max-image-preview:large","max-video-preview":"max-video-preview:-1"},"canonical":"https:\/\/radiolitoral.com\/ca\/2024\/02\/el-carnaval-omplira-aquest-cap-de-setmana-de-musica-i-colorit-els-carrers-de-la-marina-alta\/","og_locale":"ca_ES","og_type":"article","og_title":"El Carnaval llenar\u00e1 este fin de semana de m\u00fasica y colorido las calles de la Marina Alta | R\u00e0dio Litoral","og_description":"Benissa, Calp y Teulada organizan desfiles de disfraces, meriendas populares, y actuaciones musicales para celebrar el Carnaval","og_url":"https:\/\/radiolitoral.com\/ca\/2024\/02\/el-carnaval-omplira-aquest-cap-de-setmana-de-musica-i-colorit-els-carrers-de-la-marina-alta\/","og_site_name":"R\u00e0dio Litoral","article_publisher":"https:\/\/www.facebook.com\/Laradiolitoral\/","article_published_time":"2024-02-07T17:41:06+00:00","og_image":[{"width":670,"height":361,"url":"https:\/\/media.radiolitoral.com\/wp-content\/uploads\/2024\/02\/07183957\/Benissa.-Carnaval-11.jpg","type":"image\/jpeg"}],"author":"Mel Pescuezo","twitter_card":"summary_large_image","twitter_misc":{"Escrit per":"Mel Pescuezo","Temps estimat de lectura":"2 minuts"},"schema":{"@context":"https:\/\/schema.org","@graph":[{"@type":"NewsArticle","@id":"https:\/\/radiolitoral.com\/2024\/02\/el-carnaval-llenara-este-fin-de-semana-de-musica-y-colorido-las-calles-de-la-marina-alta\/#article","isPartOf":{"@id":"https:\/\/radiolitoral.com\/2024\/02\/el-carnaval-llenara-este-fin-de-semana-de-musica-y-colorido-las-calles-de-la-marina-alta\/"},"author":{"name":"Mel Pescuezo","@id":"https:\/\/radiolitoral.com\/#\/schema\/person\/aad4f72efa404f85b68e832d24cac059"},"headline":"El Carnaval llenar\u00e1 este fin de semana de m\u00fasica y colorido las calles de la Marina Alta","datePublished":"2024-02-07T17:41:06+00:00","mainEntityOfPage":{"@id":"https:\/\/radiolitoral.com\/2024\/02\/el-carnaval-llenara-este-fin-de-semana-de-musica-y-colorido-las-calles-de-la-marina-alta\/"},"wordCount":406,"commentCount":0,"publisher":{"@id":"https:\/\/radiolitoral.com\/#organization"},"image":{"@id":"https:\/\/radiolitoral.com\/2024\/02\/el-carnaval-llenara-este-fin-de-semana-de-musica-y-colorido-las-calles-de-la-marina-alta\/#primaryimage"},"thumbnailUrl":"https:\/\/media.radiolitoral.com\/wp-content\/uploads\/2024\/02\/07183957\/Benissa.-Carnaval-11.jpg","articleSection":["Fiestas"],"inLanguage":"ca","potentialAction":[{"@type":"CommentAction","name":"Comment","target":["https:\/\/radiolitoral.com\/2024\/02\/el-carnaval-llenara-este-fin-de-semana-de-musica-y-colorido-las-calles-de-la-marina-alta\/#respond"]}]},{"@type":["WebPage","ItemPage"],"@id":"https:\/\/radiolitoral.com\/2024\/02\/el-carnaval-llenara-este-fin-de-semana-de-musica-y-colorido-las-calles-de-la-marina-alta\/","url":"https:\/\/radiolitoral.com\/2024\/02\/el-carnaval-llenara-este-fin-de-semana-de-musica-y-colorido-las-calles-de-la-marina-alta\/","name":"El Carnaval omplir\u00e0 aquest cap de setmana de m\u00fasica i colorit els carrers de la Marina Alta | R\u00e0dio Litoral","isPartOf":{"@id":"https:\/\/radiolitoral.com\/#website"},"primaryImageOfPage":{"@id":"https:\/\/radiolitoral.com\/2024\/02\/el-carnaval-llenara-este-fin-de-semana-de-musica-y-colorido-las-calles-de-la-marina-alta\/#primaryimage"},"image":{"@id":"https:\/\/radiolitoral.com\/2024\/02\/el-carnaval-llenara-este-fin-de-semana-de-musica-y-colorido-las-calles-de-la-marina-alta\/#primaryimage"},"thumbnailUrl":"https:\/\/media.radiolitoral.com\/wp-content\/uploads\/2024\/02\/07183957\/Benissa.-Carnaval-11.jpg","datePublished":"2024-02-07T17:41:06+00:00","description":"Benissa, Calp i Teulada organitzen desfilades de disfresses, berenars populars, i actuacions musicals per celebrar el Carnaval","breadcrumb":{"@id":"https:\/\/radiolitoral.com\/2024\/02\/el-carnaval-llenara-este-fin-de-semana-de-musica-y-colorido-las-calles-de-la-marina-alta\/#breadcrumb"},"inLanguage":"ca","potentialAction":[{"@type":"ReadAction","target":["https:\/\/radiolitoral.com\/2024\/02\/el-carnaval-llenara-este-fin-de-semana-de-musica-y-colorido-las-calles-de-la-marina-alta\/"]}]},{"@type":"ImageObject","inLanguage":"ca","@id":"https:\/\/radiolitoral.com\/2024\/02\/el-carnaval-llenara-este-fin-de-semana-de-musica-y-colorido-las-calles-de-la-marina-alta\/#primaryimage","url":"https:\/\/media.radiolitoral.com\/wp-content\/uploads\/2024\/02\/07183957\/Benissa.-Carnaval-11.jpg","contentUrl":"https:\/\/media.radiolitoral.com\/wp-content\/uploads\/2024\/02\/07183957\/Benissa.-Carnaval-11.jpg","width":670,"height":361},{"@type":"BreadcrumbList","@id":"https:\/\/radiolitoral.com\/2024\/02\/el-carnaval-llenara-este-fin-de-semana-de-musica-y-colorido-las-calles-de-la-marina-alta\/#breadcrumb","itemListElement":[{"@type":"ListItem","position":1,"name":"Portada","item":"https:\/\/radiolitoral.com\/"},{"@type":"ListItem","position":2,"name":"El Carnaval llenar\u00e1 este fin de semana de m\u00fasica y colorido las calles de la Marina Alta"}]},{"@type":"WebSite","@id":"https:\/\/radiolitoral.com\/#website","url":"https:\/\/radiolitoral.com\/","name":"R\u00e0dio Litoral","description":"La r\u00e0dio local de la Marina Alta","publisher":{"@id":"https:\/\/radiolitoral.com\/#organization"},"alternateName":"Litoral FM","potentialAction":[{"@type":"SearchAction","target":{"@type":"EntryPoint","urlTemplate":"https:\/\/radiolitoral.com\/?s={search_term_string}"},"query-input":{"@type":"PropertyValueSpecification","valueRequired":true,"valueName":"search_term_string"}}],"inLanguage":"ca"},{"@type":"Organization","@id":"https:\/\/radiolitoral.com\/#organization","name":"R\u00e0dio Litoral","url":"https:\/\/radiolitoral.com\/","logo":{"@type":"ImageObject","inLanguage":"ca","@id":"https:\/\/radiolitoral.com\/#\/schema\/logo\/image\/","url":"https:\/\/media.radiolitoral.com\/wp-content\/uploads\/2023\/02\/24143238\/CL-V-RadioLitoral696.png","contentUrl":"https:\/\/media.radiolitoral.com\/wp-content\/uploads\/2023\/02\/24143238\/CL-V-RadioLitoral696.png","width":696,"height":696,"caption":"Radio Litoral"},"image":{"@id":"https:\/\/radiolitoral.com\/#\/schema\/logo\/image\/"},"sameAs":["https:\/\/www.facebook.com\/Laradiolitoral\/"]},{"@type":"Person","@id":"https:\/\/radiolitoral.com\/#\/schema\/person\/aad4f72efa404f85b68e832d24cac059","name":"Mel Pescuezo","image":{"@type":"ImageObject","inLanguage":"ca","@id":"https:\/\/secure.gravatar.com\/avatar\/993975ae489c70cb0dd9bfa9413a082f0bd276582dac13661af7b33f161e7eea?s=96&d=mm&r=g","url":"https:\/\/secure.gravatar.com\/avatar\/993975ae489c70cb0dd9bfa9413a082f0bd276582dac13661af7b33f161e7eea?s=96&d=mm&r=g","contentUrl":"https:\/\/secure.gravatar.com\/avatar\/993975ae489c70cb0dd9bfa9413a082f0bd276582dac13661af7b33f161e7eea?s=96&d=mm&r=g","caption":"Mel Pescuezo"},"url":"https:\/\/radiolitoral.com\/ca\/author\/serviciospararadios\/"}]}},"_links":{"self":[{"href":"https:\/\/radiolitoral.com\/ca\/wp-json\/wp\/v2\/posts\/6766","targetHints":{"allow":["GET"]}}],"collection":[{"href":"https:\/\/radiolitoral.com\/ca\/wp-json\/wp\/v2\/posts"}],"about":[{"href":"https:\/\/radiolitoral.com\/ca\/wp-json\/wp\/v2\/types\/post"}],"author":[{"embeddable":true,"href":"https:\/\/radiolitoral.com\/ca\/wp-json\/wp\/v2\/users\/21"}],"replies":[{"embeddable":true,"href":"https:\/\/radiolitoral.com\/ca\/wp-json\/wp\/v2\/comments?post=6766"}],"version-history":[{"count":2,"href":"https:\/\/radiolitoral.com\/ca\/wp-json\/wp\/v2\/posts\/6766\/revisions"}],"predecessor-version":[{"id":6769,"href":"https:\/\/radiolitoral.com\/ca\/wp-json\/wp\/v2\/posts\/6766\/revisions\/6769"}],"wp:featuredmedia":[{"embeddable":true,"href":"https:\/\/radiolitoral.com\/ca\/wp-json\/wp\/v2\/media\/6767"}],"wp:attachment":[{"href":"https:\/\/radiolitoral.com\/ca\/wp-json\/wp\/v2\/media?parent=6766"}],"wp:term":[{"taxonomy":"category","embeddable":true,"href":"https:\/\/radiolitoral.com\/ca\/wp-json\/wp\/v2\/categories?post=6766"},{"taxonomy":"post_tag","embeddable":true,"href":"https:\/\/radiolitoral.com\/ca\/wp-json\/wp\/v2\/tags?post=6766"}],"curies":[{"name":"wp","href":"https:\/\/api.w.org\/{rel}","templated":true}]}}