{"id":6755,"date":"2024-02-07T10:04:51","date_gmt":"2024-02-07T09:04:51","guid":{"rendered":"https:\/\/radiolitoral.com\/?p=6755"},"modified":"2024-02-07T10:04:51","modified_gmt":"2024-02-07T09:04:51","slug":"benissa-presenta-lesborrany-dels-pressupostos-municipals-2024","status":"publish","type":"post","link":"https:\/\/radiolitoral.com\/ca\/2024\/02\/benissa-presenta-el-borrador-de-los-presupuestos-municipales-2024\/","title":{"rendered":"Benissa presenta l&#039;esborrany dels pressupostos municipals 2024"},"content":{"rendered":"<p><strong>Benissa<\/strong> ha presentat l&#039;esborrany del<strong> Pressupost Municipal 2024<\/strong>. Un document econ\u00f2mic del qual destaca, segons l&#039;executiu local, una inversi\u00f3 m\u00e9s gran en neteja, seguretat i serveis socials. Un document econ\u00f2mic que va ser debatut ahir, dimarts 6 de febrer, a la Comissi\u00f3 Informativa Extraordin\u00e0ria.<\/p>\n<p>El pressupost per a aquest 2024 <strong>puja a 21 milions d&#039;euros<\/strong> i \u00e9s ent\u00e8s com el full de ruta que marcar\u00e0 la gesti\u00f3 aquest 2024. Un document \u201csensat amb un control responsable de la despesa p\u00fablica\u201d, segons apunten des de l&#039;executiu local.<\/p>\n<p>Des del govern asseguren que durant aquest exercici es pret\u00e9n tirar endavant les inversions m\u00e9s importants de la legislatura. Aix\u00ed, l&#039;actual esborrany del pressupost contempla la creaci\u00f3 del demandat <strong>Centre de Dia<\/strong>, la construcci\u00f3 de la <strong>pista d&#039;atletisme<\/strong>, la instal\u00b7laci\u00f3 de les <strong>c\u00e0meres de videovigil\u00e0ncia<\/strong> i la restauraci\u00f3 de <strong>la Torre Tros de les Calcides.\u00a0 <\/strong><\/p>\n<p>Aix\u00ed ho ha explicat <strong>l&#039;alcalde, Arturo Poquet.<\/strong><\/p>\n<audio class=\"wp-audio-shortcode\" id=\"audio-6755-1\" preload=\"none\" style=\"width: 100%;\" controls=\"controls\"><source type=\"audio\/mpeg\" src=\"https:\/\/media.radiolitoral.com\/wp-content\/uploads\/2024\/02\/07095805\/Arturo-Poquet-Ptos.mp3?_=1\" \/><a href=\"https:\/\/media.radiolitoral.com\/wp-content\/uploads\/2024\/02\/07095805\/Arturo-Poquet-Ptos.mp3\">https:\/\/media.radiolitoral.com\/wp-content\/uploads\/2024\/02\/07095805\/Arturo-Poquet-Ptos.mp3<\/a><\/audio>\n<p>El mun\u00edcipe afegeix, que a m\u00e9s, aquest any tamb\u00e9 es podran fer <strong>altres inversions<\/strong> clau a cost zero per a les arques municipals gr\u00e0cies als 2,4 milions d&#039;euros que Benissa va rebre el 2021 de <strong>fons Next Generation<\/strong>. Entre les inversions m\u00e9s destacades d&#039;aquest exercici hi ha les obres del desenvolupament de <strong>una \u00e0rea recreativa i centre base d&#039;esports de muntanya<\/strong> a La Solana, i el <strong>projecte &#039;Forest Fire Detection&#039;<\/strong> que permetr\u00e0 sensoritzar les \u00e0rees forestals del municipi per disposar d&#039;una detecci\u00f3 primerenca d&#039;incendis i l&#039;aplicaci\u00f3 de la <strong>gesti\u00f3 telem\u00e0tica al parc de comptadors<\/strong> daigua que permetr\u00e0 que es redueixi el nombre de fuites.<\/p>\n<p>En mat\u00e8ria de <strong>serveis socials<\/strong> i <strong>seguretat ciutadana<\/strong>, l&#039;esborrany pressupostari planteja la incorporaci\u00f3 de 8 nous treballadors a la plantilla de Serveis Socials i 3 noves places de policia local.<\/p>\n<p>Pel que fa a la millora del servei de neteja, contempla un increment de la partida destinada a <strong>Benissa Impuls<\/strong> que repercutir\u00e0 directament en la millora del servei de recollida i neteja vi\u00e0ria.<\/p>\n<audio class=\"wp-audio-shortcode\" id=\"audio-6755-2\" preload=\"none\" style=\"width: 100%;\" controls=\"controls\"><source type=\"audio\/mpeg\" src=\"https:\/\/media.radiolitoral.com\/wp-content\/uploads\/2024\/02\/07100100\/Arturo-Poquet-Ptos-2.mp3?_=2\" \/><a href=\"https:\/\/media.radiolitoral.com\/wp-content\/uploads\/2024\/02\/07100100\/Arturo-Poquet-Ptos-2.mp3\">https:\/\/media.radiolitoral.com\/wp-content\/uploads\/2024\/02\/07100100\/Arturo-Poquet-Ptos-2.mp3<\/a><\/audio>","protected":false},"excerpt":{"rendered":"<p>Benissa ha presentado el borrador del Presupuesto Municipal 2024. Un documento econ\u00f3mico del que destaca, seg\u00fan el ejecutivo local, una mayor inversi\u00f3n en limpieza, seguridad y servicios sociales. Un documento econ\u00f3mico que fue debatido ayer, martes 6 de febrero, en Comisi\u00f3n Informativa Extraordinaria. El presupuesto para este 2024 asciende a 21 millones de euros y [&#8230;]<\/p>\n<p><a class=\"btn btn-secondary understrap-read-more-link\" href=\"https:\/\/radiolitoral.com\/ca\/2024\/02\/benissa-presenta-el-borrador-de-los-presupuestos-municipales-2024\/\">Continua llegint&#8230;<span class=\"screen-reader-text\"> from Benissa presenta el borrador de los presupuestos municipales 2024<\/span><\/a><\/p>\n","protected":false},"author":21,"featured_media":6758,"comment_status":"open","ping_status":"closed","sticky":false,"template":"","format":"standard","meta":{"_acf_changed":false,"inline_featured_image":false,"footnotes":""},"categories":[13,861],"tags":[],"class_list":["post-6755","post","type-post","status-publish","format-standard","has-post-thumbnail","hentry","category-politica","category-presupuestos","cobertura-benissa"],"acf":[],"yoast_head":"<!-- This site is optimized with the Yoast SEO plugin v27.5 - https:\/\/yoast.com\/product\/yoast-seo-wordpress\/ -->\n<title>Benissa presenta el borrador de los presupuestos municipales 2024 | R\u00e0dio Litoral<\/title>\n<meta name=\"description\" content=\"Unas cuentas que incluyen partida para el Centro de D\u00eda, una pista de atletismo e instalaci\u00f3n de c\u00e1maras de videovigilancia\" \/>\n<meta name=\"robots\" content=\"index, follow, max-snippet:-1, max-image-preview:large, max-video-preview:-1\" \/>\n<link rel=\"canonical\" href=\"https:\/\/radiolitoral.com\/ca\/2024\/02\/benissa-presenta-lesborrany-dels-pressupostos-municipals-2024\/\" \/>\n<meta property=\"og:locale\" content=\"ca_ES\" \/>\n<meta property=\"og:type\" content=\"article\" \/>\n<meta property=\"og:title\" content=\"Benissa presenta el borrador de los presupuestos municipales 2024 | R\u00e0dio Litoral\" \/>\n<meta property=\"og:description\" content=\"Unas cuentas que incluyen partida para el Centro de D\u00eda, una pista de atletismo e instalaci\u00f3n de c\u00e1maras de videovigilancia\" \/>\n<meta property=\"og:url\" content=\"https:\/\/radiolitoral.com\/ca\/2024\/02\/benissa-presenta-lesborrany-dels-pressupostos-municipals-2024\/\" \/>\n<meta property=\"og:site_name\" content=\"R\u00e0dio Litoral\" \/>\n<meta property=\"article:publisher\" content=\"https:\/\/www.facebook.com\/Laradiolitoral\/\" \/>\n<meta property=\"article:published_time\" content=\"2024-02-07T09:04:51+00:00\" \/>\n<meta property=\"og:image\" content=\"https:\/\/media.radiolitoral.com\/wp-content\/uploads\/2024\/02\/07100338\/Benissa.-Ajuntament-AO-scaled.jpg\" \/>\n\t<meta property=\"og:image:width\" content=\"2560\" \/>\n\t<meta property=\"og:image:height\" content=\"2413\" \/>\n\t<meta property=\"og:image:type\" content=\"image\/jpeg\" \/>\n<meta name=\"author\" content=\"Mel Pescuezo\" \/>\n<meta name=\"twitter:card\" content=\"summary_large_image\" \/>\n<meta name=\"twitter:label1\" content=\"Escrit per\" \/>\n\t<meta name=\"twitter:data1\" content=\"Mel Pescuezo\" \/>\n\t<meta name=\"twitter:label2\" content=\"Temps estimat de lectura\" \/>\n\t<meta name=\"twitter:data2\" content=\"2 minuts\" \/>\n<script type=\"application\/ld+json\" class=\"yoast-schema-graph\">{\"@context\":\"https:\\\/\\\/schema.org\",\"@graph\":[{\"@type\":\"NewsArticle\",\"@id\":\"https:\\\/\\\/radiolitoral.com\\\/2024\\\/02\\\/benissa-presenta-el-borrador-de-los-presupuestos-municipales-2024\\\/#article\",\"isPartOf\":{\"@id\":\"https:\\\/\\\/radiolitoral.com\\\/2024\\\/02\\\/benissa-presenta-el-borrador-de-los-presupuestos-municipales-2024\\\/\"},\"author\":{\"name\":\"Mel Pescuezo\",\"@id\":\"https:\\\/\\\/radiolitoral.com\\\/#\\\/schema\\\/person\\\/aad4f72efa404f85b68e832d24cac059\"},\"headline\":\"Benissa presenta el borrador de los presupuestos municipales 2024\",\"datePublished\":\"2024-02-07T09:04:51+00:00\",\"mainEntityOfPage\":{\"@id\":\"https:\\\/\\\/radiolitoral.com\\\/2024\\\/02\\\/benissa-presenta-el-borrador-de-los-presupuestos-municipales-2024\\\/\"},\"wordCount\":370,\"commentCount\":0,\"publisher\":{\"@id\":\"https:\\\/\\\/radiolitoral.com\\\/#organization\"},\"image\":{\"@id\":\"https:\\\/\\\/radiolitoral.com\\\/2024\\\/02\\\/benissa-presenta-el-borrador-de-los-presupuestos-municipales-2024\\\/#primaryimage\"},\"thumbnailUrl\":\"https:\\\/\\\/media.radiolitoral.com\\\/wp-content\\\/uploads\\\/2024\\\/02\\\/07100338\\\/Benissa.-Ajuntament-AO-scaled.jpg\",\"articleSection\":[\"Pol\u00edtica\",\"Presupuestos\"],\"inLanguage\":\"ca\",\"potentialAction\":[{\"@type\":\"CommentAction\",\"name\":\"Comment\",\"target\":[\"https:\\\/\\\/radiolitoral.com\\\/2024\\\/02\\\/benissa-presenta-el-borrador-de-los-presupuestos-municipales-2024\\\/#respond\"]}]},{\"@type\":[\"WebPage\",\"ItemPage\"],\"@id\":\"https:\\\/\\\/radiolitoral.com\\\/2024\\\/02\\\/benissa-presenta-el-borrador-de-los-presupuestos-municipales-2024\\\/\",\"url\":\"https:\\\/\\\/radiolitoral.com\\\/2024\\\/02\\\/benissa-presenta-el-borrador-de-los-presupuestos-municipales-2024\\\/\",\"name\":\"Benissa presenta el borrador de los presupuestos municipales 2024 | R\u00e0dio Litoral\",\"isPartOf\":{\"@id\":\"https:\\\/\\\/radiolitoral.com\\\/#website\"},\"primaryImageOfPage\":{\"@id\":\"https:\\\/\\\/radiolitoral.com\\\/2024\\\/02\\\/benissa-presenta-el-borrador-de-los-presupuestos-municipales-2024\\\/#primaryimage\"},\"image\":{\"@id\":\"https:\\\/\\\/radiolitoral.com\\\/2024\\\/02\\\/benissa-presenta-el-borrador-de-los-presupuestos-municipales-2024\\\/#primaryimage\"},\"thumbnailUrl\":\"https:\\\/\\\/media.radiolitoral.com\\\/wp-content\\\/uploads\\\/2024\\\/02\\\/07100338\\\/Benissa.-Ajuntament-AO-scaled.jpg\",\"datePublished\":\"2024-02-07T09:04:51+00:00\",\"description\":\"Unas cuentas que incluyen partida para el Centro de D\u00eda, una pista de atletismo e instalaci\u00f3n de c\u00e1maras de videovigilancia\",\"breadcrumb\":{\"@id\":\"https:\\\/\\\/radiolitoral.com\\\/2024\\\/02\\\/benissa-presenta-el-borrador-de-los-presupuestos-municipales-2024\\\/#breadcrumb\"},\"inLanguage\":\"ca\",\"potentialAction\":[{\"@type\":\"ReadAction\",\"target\":[\"https:\\\/\\\/radiolitoral.com\\\/2024\\\/02\\\/benissa-presenta-el-borrador-de-los-presupuestos-municipales-2024\\\/\"]}]},{\"@type\":\"ImageObject\",\"inLanguage\":\"ca\",\"@id\":\"https:\\\/\\\/radiolitoral.com\\\/2024\\\/02\\\/benissa-presenta-el-borrador-de-los-presupuestos-municipales-2024\\\/#primaryimage\",\"url\":\"https:\\\/\\\/media.radiolitoral.com\\\/wp-content\\\/uploads\\\/2024\\\/02\\\/07100338\\\/Benissa.-Ajuntament-AO-scaled.jpg\",\"contentUrl\":\"https:\\\/\\\/media.radiolitoral.com\\\/wp-content\\\/uploads\\\/2024\\\/02\\\/07100338\\\/Benissa.-Ajuntament-AO-scaled.jpg\",\"width\":2560,\"height\":2413,\"caption\":\"????????????????????????????????????\"},{\"@type\":\"BreadcrumbList\",\"@id\":\"https:\\\/\\\/radiolitoral.com\\\/2024\\\/02\\\/benissa-presenta-el-borrador-de-los-presupuestos-municipales-2024\\\/#breadcrumb\",\"itemListElement\":[{\"@type\":\"ListItem\",\"position\":1,\"name\":\"Portada\",\"item\":\"https:\\\/\\\/radiolitoral.com\\\/\"},{\"@type\":\"ListItem\",\"position\":2,\"name\":\"Benissa presenta el borrador de los presupuestos municipales 2024\"}]},{\"@type\":\"WebSite\",\"@id\":\"https:\\\/\\\/radiolitoral.com\\\/#website\",\"url\":\"https:\\\/\\\/radiolitoral.com\\\/\",\"name\":\"Radio Litoral\",\"description\":\"La radio local de la Marina Alta\",\"publisher\":{\"@id\":\"https:\\\/\\\/radiolitoral.com\\\/#organization\"},\"alternateName\":\"Litoral FM\",\"potentialAction\":[{\"@type\":\"SearchAction\",\"target\":{\"@type\":\"EntryPoint\",\"urlTemplate\":\"https:\\\/\\\/radiolitoral.com\\\/?s={search_term_string}\"},\"query-input\":{\"@type\":\"PropertyValueSpecification\",\"valueRequired\":true,\"valueName\":\"search_term_string\"}}],\"inLanguage\":\"ca\"},{\"@type\":\"Organization\",\"@id\":\"https:\\\/\\\/radiolitoral.com\\\/#organization\",\"name\":\"Radio Litoral\",\"url\":\"https:\\\/\\\/radiolitoral.com\\\/\",\"logo\":{\"@type\":\"ImageObject\",\"inLanguage\":\"ca\",\"@id\":\"https:\\\/\\\/radiolitoral.com\\\/#\\\/schema\\\/logo\\\/image\\\/\",\"url\":\"https:\\\/\\\/media.radiolitoral.com\\\/wp-content\\\/uploads\\\/2023\\\/02\\\/24143238\\\/CL-V-RadioLitoral696.png\",\"contentUrl\":\"https:\\\/\\\/media.radiolitoral.com\\\/wp-content\\\/uploads\\\/2023\\\/02\\\/24143238\\\/CL-V-RadioLitoral696.png\",\"width\":696,\"height\":696,\"caption\":\"Radio Litoral\"},\"image\":{\"@id\":\"https:\\\/\\\/radiolitoral.com\\\/#\\\/schema\\\/logo\\\/image\\\/\"},\"sameAs\":[\"https:\\\/\\\/www.facebook.com\\\/Laradiolitoral\\\/\"]},{\"@type\":\"Person\",\"@id\":\"https:\\\/\\\/radiolitoral.com\\\/#\\\/schema\\\/person\\\/aad4f72efa404f85b68e832d24cac059\",\"name\":\"Mel Pescuezo\",\"image\":{\"@type\":\"ImageObject\",\"inLanguage\":\"ca\",\"@id\":\"https:\\\/\\\/secure.gravatar.com\\\/avatar\\\/993975ae489c70cb0dd9bfa9413a082f0bd276582dac13661af7b33f161e7eea?s=96&d=mm&r=g\",\"url\":\"https:\\\/\\\/secure.gravatar.com\\\/avatar\\\/993975ae489c70cb0dd9bfa9413a082f0bd276582dac13661af7b33f161e7eea?s=96&d=mm&r=g\",\"contentUrl\":\"https:\\\/\\\/secure.gravatar.com\\\/avatar\\\/993975ae489c70cb0dd9bfa9413a082f0bd276582dac13661af7b33f161e7eea?s=96&d=mm&r=g\",\"caption\":\"Mel Pescuezo\"},\"url\":\"https:\\\/\\\/radiolitoral.com\\\/ca\\\/author\\\/serviciospararadios\\\/\"}]}<\/script>\n<!-- \/ Yoast SEO plugin. -->","yoast_head_json":{"title":"Benissa presenta l&#039;esborrany dels pressupostos municipals 2024 R\u00e0dio Litoral","description":"Uns comptes que inclouen partida per al Centre de Dia, una pista d&#039;atletisme i instal\u00b7laci\u00f3 de c\u00e0meres de videovigil\u00e0ncia","robots":{"index":"index","follow":"follow","max-snippet":"max-snippet:-1","max-image-preview":"max-image-preview:large","max-video-preview":"max-video-preview:-1"},"canonical":"https:\/\/radiolitoral.com\/ca\/2024\/02\/benissa-presenta-lesborrany-dels-pressupostos-municipals-2024\/","og_locale":"ca_ES","og_type":"article","og_title":"Benissa presenta el borrador de los presupuestos municipales 2024 | R\u00e0dio Litoral","og_description":"Unas cuentas que incluyen partida para el Centro de D\u00eda, una pista de atletismo e instalaci\u00f3n de c\u00e1maras de videovigilancia","og_url":"https:\/\/radiolitoral.com\/ca\/2024\/02\/benissa-presenta-lesborrany-dels-pressupostos-municipals-2024\/","og_site_name":"R\u00e0dio Litoral","article_publisher":"https:\/\/www.facebook.com\/Laradiolitoral\/","article_published_time":"2024-02-07T09:04:51+00:00","og_image":[{"width":2560,"height":2413,"url":"https:\/\/media.radiolitoral.com\/wp-content\/uploads\/2024\/02\/07100338\/Benissa.-Ajuntament-AO-scaled.jpg","type":"image\/jpeg"}],"author":"Mel Pescuezo","twitter_card":"summary_large_image","twitter_misc":{"Escrit per":"Mel Pescuezo","Temps estimat de lectura":"2 minuts"},"schema":{"@context":"https:\/\/schema.org","@graph":[{"@type":"NewsArticle","@id":"https:\/\/radiolitoral.com\/2024\/02\/benissa-presenta-el-borrador-de-los-presupuestos-municipales-2024\/#article","isPartOf":{"@id":"https:\/\/radiolitoral.com\/2024\/02\/benissa-presenta-el-borrador-de-los-presupuestos-municipales-2024\/"},"author":{"name":"Mel Pescuezo","@id":"https:\/\/radiolitoral.com\/#\/schema\/person\/aad4f72efa404f85b68e832d24cac059"},"headline":"Benissa presenta el borrador de los presupuestos municipales 2024","datePublished":"2024-02-07T09:04:51+00:00","mainEntityOfPage":{"@id":"https:\/\/radiolitoral.com\/2024\/02\/benissa-presenta-el-borrador-de-los-presupuestos-municipales-2024\/"},"wordCount":370,"commentCount":0,"publisher":{"@id":"https:\/\/radiolitoral.com\/#organization"},"image":{"@id":"https:\/\/radiolitoral.com\/2024\/02\/benissa-presenta-el-borrador-de-los-presupuestos-municipales-2024\/#primaryimage"},"thumbnailUrl":"https:\/\/media.radiolitoral.com\/wp-content\/uploads\/2024\/02\/07100338\/Benissa.-Ajuntament-AO-scaled.jpg","articleSection":["Pol\u00edtica","Presupuestos"],"inLanguage":"ca","potentialAction":[{"@type":"CommentAction","name":"Comment","target":["https:\/\/radiolitoral.com\/2024\/02\/benissa-presenta-el-borrador-de-los-presupuestos-municipales-2024\/#respond"]}]},{"@type":["WebPage","ItemPage"],"@id":"https:\/\/radiolitoral.com\/2024\/02\/benissa-presenta-el-borrador-de-los-presupuestos-municipales-2024\/","url":"https:\/\/radiolitoral.com\/2024\/02\/benissa-presenta-el-borrador-de-los-presupuestos-municipales-2024\/","name":"Benissa presenta l&#039;esborrany dels pressupostos municipals 2024 R\u00e0dio Litoral","isPartOf":{"@id":"https:\/\/radiolitoral.com\/#website"},"primaryImageOfPage":{"@id":"https:\/\/radiolitoral.com\/2024\/02\/benissa-presenta-el-borrador-de-los-presupuestos-municipales-2024\/#primaryimage"},"image":{"@id":"https:\/\/radiolitoral.com\/2024\/02\/benissa-presenta-el-borrador-de-los-presupuestos-municipales-2024\/#primaryimage"},"thumbnailUrl":"https:\/\/media.radiolitoral.com\/wp-content\/uploads\/2024\/02\/07100338\/Benissa.-Ajuntament-AO-scaled.jpg","datePublished":"2024-02-07T09:04:51+00:00","description":"Uns comptes que inclouen partida per al Centre de Dia, una pista d&#039;atletisme i instal\u00b7laci\u00f3 de c\u00e0meres de videovigil\u00e0ncia","breadcrumb":{"@id":"https:\/\/radiolitoral.com\/2024\/02\/benissa-presenta-el-borrador-de-los-presupuestos-municipales-2024\/#breadcrumb"},"inLanguage":"ca","potentialAction":[{"@type":"ReadAction","target":["https:\/\/radiolitoral.com\/2024\/02\/benissa-presenta-el-borrador-de-los-presupuestos-municipales-2024\/"]}]},{"@type":"ImageObject","inLanguage":"ca","@id":"https:\/\/radiolitoral.com\/2024\/02\/benissa-presenta-el-borrador-de-los-presupuestos-municipales-2024\/#primaryimage","url":"https:\/\/media.radiolitoral.com\/wp-content\/uploads\/2024\/02\/07100338\/Benissa.-Ajuntament-AO-scaled.jpg","contentUrl":"https:\/\/media.radiolitoral.com\/wp-content\/uploads\/2024\/02\/07100338\/Benissa.-Ajuntament-AO-scaled.jpg","width":2560,"height":2413,"caption":"????????????????????????????????????"},{"@type":"BreadcrumbList","@id":"https:\/\/radiolitoral.com\/2024\/02\/benissa-presenta-el-borrador-de-los-presupuestos-municipales-2024\/#breadcrumb","itemListElement":[{"@type":"ListItem","position":1,"name":"Portada","item":"https:\/\/radiolitoral.com\/"},{"@type":"ListItem","position":2,"name":"Benissa presenta el borrador de los presupuestos municipales 2024"}]},{"@type":"WebSite","@id":"https:\/\/radiolitoral.com\/#website","url":"https:\/\/radiolitoral.com\/","name":"R\u00e0dio Litoral","description":"La r\u00e0dio local de la Marina Alta","publisher":{"@id":"https:\/\/radiolitoral.com\/#organization"},"alternateName":"Litoral FM","potentialAction":[{"@type":"SearchAction","target":{"@type":"EntryPoint","urlTemplate":"https:\/\/radiolitoral.com\/?s={search_term_string}"},"query-input":{"@type":"PropertyValueSpecification","valueRequired":true,"valueName":"search_term_string"}}],"inLanguage":"ca"},{"@type":"Organization","@id":"https:\/\/radiolitoral.com\/#organization","name":"R\u00e0dio Litoral","url":"https:\/\/radiolitoral.com\/","logo":{"@type":"ImageObject","inLanguage":"ca","@id":"https:\/\/radiolitoral.com\/#\/schema\/logo\/image\/","url":"https:\/\/media.radiolitoral.com\/wp-content\/uploads\/2023\/02\/24143238\/CL-V-RadioLitoral696.png","contentUrl":"https:\/\/media.radiolitoral.com\/wp-content\/uploads\/2023\/02\/24143238\/CL-V-RadioLitoral696.png","width":696,"height":696,"caption":"Radio Litoral"},"image":{"@id":"https:\/\/radiolitoral.com\/#\/schema\/logo\/image\/"},"sameAs":["https:\/\/www.facebook.com\/Laradiolitoral\/"]},{"@type":"Person","@id":"https:\/\/radiolitoral.com\/#\/schema\/person\/aad4f72efa404f85b68e832d24cac059","name":"Mel Pescuezo","image":{"@type":"ImageObject","inLanguage":"ca","@id":"https:\/\/secure.gravatar.com\/avatar\/993975ae489c70cb0dd9bfa9413a082f0bd276582dac13661af7b33f161e7eea?s=96&d=mm&r=g","url":"https:\/\/secure.gravatar.com\/avatar\/993975ae489c70cb0dd9bfa9413a082f0bd276582dac13661af7b33f161e7eea?s=96&d=mm&r=g","contentUrl":"https:\/\/secure.gravatar.com\/avatar\/993975ae489c70cb0dd9bfa9413a082f0bd276582dac13661af7b33f161e7eea?s=96&d=mm&r=g","caption":"Mel Pescuezo"},"url":"https:\/\/radiolitoral.com\/ca\/author\/serviciospararadios\/"}]}},"_links":{"self":[{"href":"https:\/\/radiolitoral.com\/ca\/wp-json\/wp\/v2\/posts\/6755","targetHints":{"allow":["GET"]}}],"collection":[{"href":"https:\/\/radiolitoral.com\/ca\/wp-json\/wp\/v2\/posts"}],"about":[{"href":"https:\/\/radiolitoral.com\/ca\/wp-json\/wp\/v2\/types\/post"}],"author":[{"embeddable":true,"href":"https:\/\/radiolitoral.com\/ca\/wp-json\/wp\/v2\/users\/21"}],"replies":[{"embeddable":true,"href":"https:\/\/radiolitoral.com\/ca\/wp-json\/wp\/v2\/comments?post=6755"}],"version-history":[{"count":2,"href":"https:\/\/radiolitoral.com\/ca\/wp-json\/wp\/v2\/posts\/6755\/revisions"}],"predecessor-version":[{"id":6760,"href":"https:\/\/radiolitoral.com\/ca\/wp-json\/wp\/v2\/posts\/6755\/revisions\/6760"}],"wp:featuredmedia":[{"embeddable":true,"href":"https:\/\/radiolitoral.com\/ca\/wp-json\/wp\/v2\/media\/6758"}],"wp:attachment":[{"href":"https:\/\/radiolitoral.com\/ca\/wp-json\/wp\/v2\/media?parent=6755"}],"wp:term":[{"taxonomy":"category","embeddable":true,"href":"https:\/\/radiolitoral.com\/ca\/wp-json\/wp\/v2\/categories?post=6755"},{"taxonomy":"post_tag","embeddable":true,"href":"https:\/\/radiolitoral.com\/ca\/wp-json\/wp\/v2\/tags?post=6755"}],"curies":[{"name":"wp","href":"https:\/\/api.w.org\/{rel}","templated":true}]}}