{"id":6674,"date":"2024-01-30T14:42:37","date_gmt":"2024-01-30T13:42:37","guid":{"rendered":"https:\/\/radiolitoral.com\/?p=6674"},"modified":"2024-01-30T14:42:37","modified_gmt":"2024-01-30T13:42:37","slug":"benitatxell-convoca-fotodona-concurs-per-empoderar-la-imatge-de-la-dona","status":"publish","type":"post","link":"https:\/\/radiolitoral.com\/ca\/2024\/01\/benitatxell-convoca-fotodona-concurso-para-empoderar-la-imagen-de-la-mujer\/","title":{"rendered":"Benitatxell convoca Fotodona, concurs per empoderar la imatge de la dona"},"content":{"rendered":"<p>La Regidoria d&#039;Igualtat i Pol\u00edtiques de G\u00e8nere de <strong>El Poble Nou de Benitatxell<\/strong> llan\u00e7a un any m\u00e9s el <strong>Concurs de Fotografia Fotodona<\/strong>, que aquest any aconsegueix la seva novena edici\u00f3. L&#039;objectiu \u00e9s donar a con\u00e8ixer una visi\u00f3 personal del 8 de mar\u00e7, <strong>Dia Internacional de la Dona<\/strong>, mitjan\u00e7ant imatges que <strong>empoderin<\/strong> a les dones.<\/p>\n<p>Donada l&#039;acceptaci\u00f3 i el creixement amb qu\u00e8 ha comptat el concurs les darreres edicions, fa dos anys es va decidir incrementar el nombre de fotos premiades de dues a quatre. Aix\u00ed, es lliuraran un primer, un segon i un tercer premi, amb 300, 100 i 50 euros respectivament, i un acc\u00e8ssit local dotat amb una quantia de 200 euros. A m\u00e9s, tamb\u00e9 hi poden participar persones menors d&#039;edat a partir de 16 anys amb autoritzaci\u00f3 d&#039;una persona adulta.<\/p>\n<p>Les fotografies es presentaran en format digital JPG. El <strong>termini de presentaci\u00f3 de fotografies finalitza el 29 de febrer.<\/strong><\/p>","protected":false},"excerpt":{"rendered":"<p>La Concejal\u00eda de Igualdad y Pol\u00edticas de G\u00e9nero de El Poble Nou de Benitatxell lanza un a\u00f1o m\u00e1s el Concurso de Fotograf\u00eda Fotodona, que este a\u00f1o alcanza su novena edici\u00f3n. El objetivo es dar a conocer una visi\u00f3n personal del 8 de marzo, D\u00eda Internacional de la Mujer, mediante im\u00e1genes que empoderen a las mujeres. [&#8230;]<\/p>\n<p><a class=\"btn btn-secondary understrap-read-more-link\" href=\"https:\/\/radiolitoral.com\/ca\/2024\/01\/benitatxell-convoca-fotodona-concurso-para-empoderar-la-imagen-de-la-mujer\/\">Continua llegint&#8230;<span class=\"screen-reader-text\"> from Benitatxell convoca Fotodona, concurso para empoderar la imagen de la mujer<\/span><\/a><\/p>\n","protected":false},"author":21,"featured_media":6676,"comment_status":"open","ping_status":"closed","sticky":false,"template":"","format":"standard","meta":{"_acf_changed":false,"inline_featured_image":false,"footnotes":""},"categories":[55,114],"tags":[],"class_list":["post-6674","post","type-post","status-publish","format-standard","has-post-thumbnail","hentry","category-cultura","category-igualdad","cobertura-poble-nou-de-benitatxell"],"acf":[],"yoast_head":"<!-- This site is optimized with the Yoast SEO plugin v27.5 - https:\/\/yoast.com\/product\/yoast-seo-wordpress\/ -->\n<title>Benitatxell convoca Fotodona, concurso para empoderar la imagen de la mujer | R\u00e0dio Litoral<\/title>\n<meta name=\"description\" content=\"IX edici\u00f3n del concurso fotogr\u00e1fico ligado a la programaci\u00f3n del 8 de marzo, D\u00eda Internacional de la Mujer\" \/>\n<meta name=\"robots\" content=\"index, follow, max-snippet:-1, max-image-preview:large, max-video-preview:-1\" \/>\n<link rel=\"canonical\" href=\"https:\/\/radiolitoral.com\/ca\/2024\/01\/benitatxell-convoca-fotodona-concurs-per-empoderar-la-imatge-de-la-dona\/\" \/>\n<meta property=\"og:locale\" content=\"ca_ES\" \/>\n<meta property=\"og:type\" content=\"article\" \/>\n<meta property=\"og:title\" content=\"Benitatxell convoca Fotodona, concurso para empoderar la imagen de la mujer | R\u00e0dio Litoral\" \/>\n<meta property=\"og:description\" content=\"IX edici\u00f3n del concurso fotogr\u00e1fico ligado a la programaci\u00f3n del 8 de marzo, D\u00eda Internacional de la Mujer\" \/>\n<meta property=\"og:url\" content=\"https:\/\/radiolitoral.com\/ca\/2024\/01\/benitatxell-convoca-fotodona-concurs-per-empoderar-la-imatge-de-la-dona\/\" \/>\n<meta property=\"og:site_name\" content=\"R\u00e0dio Litoral\" \/>\n<meta property=\"article:publisher\" content=\"https:\/\/www.facebook.com\/Laradiolitoral\/\" \/>\n<meta property=\"article:published_time\" content=\"2024-01-30T13:42:37+00:00\" \/>\n<meta property=\"og:image\" content=\"https:\/\/media.radiolitoral.com\/wp-content\/uploads\/2024\/01\/30144130\/Fotografia-premiada-edicion-anterior-Fotodona--scaled.jpg\" \/>\n\t<meta property=\"og:image:width\" content=\"1837\" \/>\n\t<meta property=\"og:image:height\" content=\"2560\" \/>\n\t<meta property=\"og:image:type\" content=\"image\/jpeg\" \/>\n<meta name=\"author\" content=\"Mel Pescuezo\" \/>\n<meta name=\"twitter:card\" content=\"summary_large_image\" \/>\n<meta name=\"twitter:label1\" content=\"Escrit per\" \/>\n\t<meta name=\"twitter:data1\" content=\"Mel Pescuezo\" \/>\n\t<meta name=\"twitter:label2\" content=\"Temps estimat de lectura\" \/>\n\t<meta name=\"twitter:data2\" content=\"2 minuts\" \/>\n<script type=\"application\/ld+json\" class=\"yoast-schema-graph\">{\"@context\":\"https:\\\/\\\/schema.org\",\"@graph\":[{\"@type\":\"NewsArticle\",\"@id\":\"https:\\\/\\\/radiolitoral.com\\\/2024\\\/01\\\/benitatxell-convoca-fotodona-concurso-para-empoderar-la-imagen-de-la-mujer\\\/#article\",\"isPartOf\":{\"@id\":\"https:\\\/\\\/radiolitoral.com\\\/2024\\\/01\\\/benitatxell-convoca-fotodona-concurso-para-empoderar-la-imagen-de-la-mujer\\\/\"},\"author\":{\"name\":\"Mel Pescuezo\",\"@id\":\"https:\\\/\\\/radiolitoral.com\\\/#\\\/schema\\\/person\\\/aad4f72efa404f85b68e832d24cac059\"},\"headline\":\"Benitatxell convoca Fotodona, concurso para empoderar la imagen de la mujer\",\"datePublished\":\"2024-01-30T13:42:37+00:00\",\"mainEntityOfPage\":{\"@id\":\"https:\\\/\\\/radiolitoral.com\\\/2024\\\/01\\\/benitatxell-convoca-fotodona-concurso-para-empoderar-la-imagen-de-la-mujer\\\/\"},\"wordCount\":182,\"commentCount\":0,\"publisher\":{\"@id\":\"https:\\\/\\\/radiolitoral.com\\\/#organization\"},\"image\":{\"@id\":\"https:\\\/\\\/radiolitoral.com\\\/2024\\\/01\\\/benitatxell-convoca-fotodona-concurso-para-empoderar-la-imagen-de-la-mujer\\\/#primaryimage\"},\"thumbnailUrl\":\"https:\\\/\\\/media.radiolitoral.com\\\/wp-content\\\/uploads\\\/2024\\\/01\\\/30144130\\\/Fotografia-premiada-edicion-anterior-Fotodona--scaled.jpg\",\"articleSection\":[\"Cultura\",\"Igualdad\"],\"inLanguage\":\"ca\",\"potentialAction\":[{\"@type\":\"CommentAction\",\"name\":\"Comment\",\"target\":[\"https:\\\/\\\/radiolitoral.com\\\/2024\\\/01\\\/benitatxell-convoca-fotodona-concurso-para-empoderar-la-imagen-de-la-mujer\\\/#respond\"]}]},{\"@type\":[\"WebPage\",\"ItemPage\"],\"@id\":\"https:\\\/\\\/radiolitoral.com\\\/2024\\\/01\\\/benitatxell-convoca-fotodona-concurso-para-empoderar-la-imagen-de-la-mujer\\\/\",\"url\":\"https:\\\/\\\/radiolitoral.com\\\/2024\\\/01\\\/benitatxell-convoca-fotodona-concurso-para-empoderar-la-imagen-de-la-mujer\\\/\",\"name\":\"Benitatxell convoca Fotodona, concurso para empoderar la imagen de la mujer | R\u00e0dio Litoral\",\"isPartOf\":{\"@id\":\"https:\\\/\\\/radiolitoral.com\\\/#website\"},\"primaryImageOfPage\":{\"@id\":\"https:\\\/\\\/radiolitoral.com\\\/2024\\\/01\\\/benitatxell-convoca-fotodona-concurso-para-empoderar-la-imagen-de-la-mujer\\\/#primaryimage\"},\"image\":{\"@id\":\"https:\\\/\\\/radiolitoral.com\\\/2024\\\/01\\\/benitatxell-convoca-fotodona-concurso-para-empoderar-la-imagen-de-la-mujer\\\/#primaryimage\"},\"thumbnailUrl\":\"https:\\\/\\\/media.radiolitoral.com\\\/wp-content\\\/uploads\\\/2024\\\/01\\\/30144130\\\/Fotografia-premiada-edicion-anterior-Fotodona--scaled.jpg\",\"datePublished\":\"2024-01-30T13:42:37+00:00\",\"description\":\"IX edici\u00f3n del concurso fotogr\u00e1fico ligado a la programaci\u00f3n del 8 de marzo, D\u00eda Internacional de la Mujer\",\"breadcrumb\":{\"@id\":\"https:\\\/\\\/radiolitoral.com\\\/2024\\\/01\\\/benitatxell-convoca-fotodona-concurso-para-empoderar-la-imagen-de-la-mujer\\\/#breadcrumb\"},\"inLanguage\":\"ca\",\"potentialAction\":[{\"@type\":\"ReadAction\",\"target\":[\"https:\\\/\\\/radiolitoral.com\\\/2024\\\/01\\\/benitatxell-convoca-fotodona-concurso-para-empoderar-la-imagen-de-la-mujer\\\/\"]}]},{\"@type\":\"ImageObject\",\"inLanguage\":\"ca\",\"@id\":\"https:\\\/\\\/radiolitoral.com\\\/2024\\\/01\\\/benitatxell-convoca-fotodona-concurso-para-empoderar-la-imagen-de-la-mujer\\\/#primaryimage\",\"url\":\"https:\\\/\\\/media.radiolitoral.com\\\/wp-content\\\/uploads\\\/2024\\\/01\\\/30144130\\\/Fotografia-premiada-edicion-anterior-Fotodona--scaled.jpg\",\"contentUrl\":\"https:\\\/\\\/media.radiolitoral.com\\\/wp-content\\\/uploads\\\/2024\\\/01\\\/30144130\\\/Fotografia-premiada-edicion-anterior-Fotodona--scaled.jpg\",\"width\":1837,\"height\":2560},{\"@type\":\"BreadcrumbList\",\"@id\":\"https:\\\/\\\/radiolitoral.com\\\/2024\\\/01\\\/benitatxell-convoca-fotodona-concurso-para-empoderar-la-imagen-de-la-mujer\\\/#breadcrumb\",\"itemListElement\":[{\"@type\":\"ListItem\",\"position\":1,\"name\":\"Portada\",\"item\":\"https:\\\/\\\/radiolitoral.com\\\/\"},{\"@type\":\"ListItem\",\"position\":2,\"name\":\"Benitatxell convoca Fotodona, concurso para empoderar la imagen de la mujer\"}]},{\"@type\":\"WebSite\",\"@id\":\"https:\\\/\\\/radiolitoral.com\\\/#website\",\"url\":\"https:\\\/\\\/radiolitoral.com\\\/\",\"name\":\"Radio Litoral\",\"description\":\"La radio local de la Marina Alta\",\"publisher\":{\"@id\":\"https:\\\/\\\/radiolitoral.com\\\/#organization\"},\"alternateName\":\"Litoral FM\",\"potentialAction\":[{\"@type\":\"SearchAction\",\"target\":{\"@type\":\"EntryPoint\",\"urlTemplate\":\"https:\\\/\\\/radiolitoral.com\\\/?s={search_term_string}\"},\"query-input\":{\"@type\":\"PropertyValueSpecification\",\"valueRequired\":true,\"valueName\":\"search_term_string\"}}],\"inLanguage\":\"ca\"},{\"@type\":\"Organization\",\"@id\":\"https:\\\/\\\/radiolitoral.com\\\/#organization\",\"name\":\"Radio Litoral\",\"url\":\"https:\\\/\\\/radiolitoral.com\\\/\",\"logo\":{\"@type\":\"ImageObject\",\"inLanguage\":\"ca\",\"@id\":\"https:\\\/\\\/radiolitoral.com\\\/#\\\/schema\\\/logo\\\/image\\\/\",\"url\":\"https:\\\/\\\/media.radiolitoral.com\\\/wp-content\\\/uploads\\\/2023\\\/02\\\/24143238\\\/CL-V-RadioLitoral696.png\",\"contentUrl\":\"https:\\\/\\\/media.radiolitoral.com\\\/wp-content\\\/uploads\\\/2023\\\/02\\\/24143238\\\/CL-V-RadioLitoral696.png\",\"width\":696,\"height\":696,\"caption\":\"Radio Litoral\"},\"image\":{\"@id\":\"https:\\\/\\\/radiolitoral.com\\\/#\\\/schema\\\/logo\\\/image\\\/\"},\"sameAs\":[\"https:\\\/\\\/www.facebook.com\\\/Laradiolitoral\\\/\"]},{\"@type\":\"Person\",\"@id\":\"https:\\\/\\\/radiolitoral.com\\\/#\\\/schema\\\/person\\\/aad4f72efa404f85b68e832d24cac059\",\"name\":\"Mel Pescuezo\",\"image\":{\"@type\":\"ImageObject\",\"inLanguage\":\"ca\",\"@id\":\"https:\\\/\\\/secure.gravatar.com\\\/avatar\\\/993975ae489c70cb0dd9bfa9413a082f0bd276582dac13661af7b33f161e7eea?s=96&d=mm&r=g\",\"url\":\"https:\\\/\\\/secure.gravatar.com\\\/avatar\\\/993975ae489c70cb0dd9bfa9413a082f0bd276582dac13661af7b33f161e7eea?s=96&d=mm&r=g\",\"contentUrl\":\"https:\\\/\\\/secure.gravatar.com\\\/avatar\\\/993975ae489c70cb0dd9bfa9413a082f0bd276582dac13661af7b33f161e7eea?s=96&d=mm&r=g\",\"caption\":\"Mel Pescuezo\"},\"url\":\"https:\\\/\\\/radiolitoral.com\\\/ca\\\/author\\\/serviciospararadios\\\/\"}]}<\/script>\n<!-- \/ Yoast SEO plugin. -->","yoast_head_json":{"title":"Benitatxell convoca Fotodona, concurs per empoderar la imatge de la dona | R\u00e0dio Litoral","description":"IX edici\u00f3 del concurs fotogr\u00e0fic lligat a la programaci\u00f3 del 8 de mar\u00e7, Dia Internacional de la Dona","robots":{"index":"index","follow":"follow","max-snippet":"max-snippet:-1","max-image-preview":"max-image-preview:large","max-video-preview":"max-video-preview:-1"},"canonical":"https:\/\/radiolitoral.com\/ca\/2024\/01\/benitatxell-convoca-fotodona-concurs-per-empoderar-la-imatge-de-la-dona\/","og_locale":"ca_ES","og_type":"article","og_title":"Benitatxell convoca Fotodona, concurso para empoderar la imagen de la mujer | R\u00e0dio Litoral","og_description":"IX edici\u00f3n del concurso fotogr\u00e1fico ligado a la programaci\u00f3n del 8 de marzo, D\u00eda Internacional de la Mujer","og_url":"https:\/\/radiolitoral.com\/ca\/2024\/01\/benitatxell-convoca-fotodona-concurs-per-empoderar-la-imatge-de-la-dona\/","og_site_name":"R\u00e0dio Litoral","article_publisher":"https:\/\/www.facebook.com\/Laradiolitoral\/","article_published_time":"2024-01-30T13:42:37+00:00","og_image":[{"width":1837,"height":2560,"url":"https:\/\/media.radiolitoral.com\/wp-content\/uploads\/2024\/01\/30144130\/Fotografia-premiada-edicion-anterior-Fotodona--scaled.jpg","type":"image\/jpeg"}],"author":"Mel Pescuezo","twitter_card":"summary_large_image","twitter_misc":{"Escrit per":"Mel Pescuezo","Temps estimat de lectura":"2 minuts"},"schema":{"@context":"https:\/\/schema.org","@graph":[{"@type":"NewsArticle","@id":"https:\/\/radiolitoral.com\/2024\/01\/benitatxell-convoca-fotodona-concurso-para-empoderar-la-imagen-de-la-mujer\/#article","isPartOf":{"@id":"https:\/\/radiolitoral.com\/2024\/01\/benitatxell-convoca-fotodona-concurso-para-empoderar-la-imagen-de-la-mujer\/"},"author":{"name":"Mel Pescuezo","@id":"https:\/\/radiolitoral.com\/#\/schema\/person\/aad4f72efa404f85b68e832d24cac059"},"headline":"Benitatxell convoca Fotodona, concurso para empoderar la imagen de la mujer","datePublished":"2024-01-30T13:42:37+00:00","mainEntityOfPage":{"@id":"https:\/\/radiolitoral.com\/2024\/01\/benitatxell-convoca-fotodona-concurso-para-empoderar-la-imagen-de-la-mujer\/"},"wordCount":182,"commentCount":0,"publisher":{"@id":"https:\/\/radiolitoral.com\/#organization"},"image":{"@id":"https:\/\/radiolitoral.com\/2024\/01\/benitatxell-convoca-fotodona-concurso-para-empoderar-la-imagen-de-la-mujer\/#primaryimage"},"thumbnailUrl":"https:\/\/media.radiolitoral.com\/wp-content\/uploads\/2024\/01\/30144130\/Fotografia-premiada-edicion-anterior-Fotodona--scaled.jpg","articleSection":["Cultura","Igualdad"],"inLanguage":"ca","potentialAction":[{"@type":"CommentAction","name":"Comment","target":["https:\/\/radiolitoral.com\/2024\/01\/benitatxell-convoca-fotodona-concurso-para-empoderar-la-imagen-de-la-mujer\/#respond"]}]},{"@type":["WebPage","ItemPage"],"@id":"https:\/\/radiolitoral.com\/2024\/01\/benitatxell-convoca-fotodona-concurso-para-empoderar-la-imagen-de-la-mujer\/","url":"https:\/\/radiolitoral.com\/2024\/01\/benitatxell-convoca-fotodona-concurso-para-empoderar-la-imagen-de-la-mujer\/","name":"Benitatxell convoca Fotodona, concurs per empoderar la imatge de la dona | R\u00e0dio Litoral","isPartOf":{"@id":"https:\/\/radiolitoral.com\/#website"},"primaryImageOfPage":{"@id":"https:\/\/radiolitoral.com\/2024\/01\/benitatxell-convoca-fotodona-concurso-para-empoderar-la-imagen-de-la-mujer\/#primaryimage"},"image":{"@id":"https:\/\/radiolitoral.com\/2024\/01\/benitatxell-convoca-fotodona-concurso-para-empoderar-la-imagen-de-la-mujer\/#primaryimage"},"thumbnailUrl":"https:\/\/media.radiolitoral.com\/wp-content\/uploads\/2024\/01\/30144130\/Fotografia-premiada-edicion-anterior-Fotodona--scaled.jpg","datePublished":"2024-01-30T13:42:37+00:00","description":"IX edici\u00f3 del concurs fotogr\u00e0fic lligat a la programaci\u00f3 del 8 de mar\u00e7, Dia Internacional de la Dona","breadcrumb":{"@id":"https:\/\/radiolitoral.com\/2024\/01\/benitatxell-convoca-fotodona-concurso-para-empoderar-la-imagen-de-la-mujer\/#breadcrumb"},"inLanguage":"ca","potentialAction":[{"@type":"ReadAction","target":["https:\/\/radiolitoral.com\/2024\/01\/benitatxell-convoca-fotodona-concurso-para-empoderar-la-imagen-de-la-mujer\/"]}]},{"@type":"ImageObject","inLanguage":"ca","@id":"https:\/\/radiolitoral.com\/2024\/01\/benitatxell-convoca-fotodona-concurso-para-empoderar-la-imagen-de-la-mujer\/#primaryimage","url":"https:\/\/media.radiolitoral.com\/wp-content\/uploads\/2024\/01\/30144130\/Fotografia-premiada-edicion-anterior-Fotodona--scaled.jpg","contentUrl":"https:\/\/media.radiolitoral.com\/wp-content\/uploads\/2024\/01\/30144130\/Fotografia-premiada-edicion-anterior-Fotodona--scaled.jpg","width":1837,"height":2560},{"@type":"BreadcrumbList","@id":"https:\/\/radiolitoral.com\/2024\/01\/benitatxell-convoca-fotodona-concurso-para-empoderar-la-imagen-de-la-mujer\/#breadcrumb","itemListElement":[{"@type":"ListItem","position":1,"name":"Portada","item":"https:\/\/radiolitoral.com\/"},{"@type":"ListItem","position":2,"name":"Benitatxell convoca Fotodona, concurso para empoderar la imagen de la mujer"}]},{"@type":"WebSite","@id":"https:\/\/radiolitoral.com\/#website","url":"https:\/\/radiolitoral.com\/","name":"R\u00e0dio Litoral","description":"La r\u00e0dio local de la Marina Alta","publisher":{"@id":"https:\/\/radiolitoral.com\/#organization"},"alternateName":"Litoral FM","potentialAction":[{"@type":"SearchAction","target":{"@type":"EntryPoint","urlTemplate":"https:\/\/radiolitoral.com\/?s={search_term_string}"},"query-input":{"@type":"PropertyValueSpecification","valueRequired":true,"valueName":"search_term_string"}}],"inLanguage":"ca"},{"@type":"Organization","@id":"https:\/\/radiolitoral.com\/#organization","name":"R\u00e0dio Litoral","url":"https:\/\/radiolitoral.com\/","logo":{"@type":"ImageObject","inLanguage":"ca","@id":"https:\/\/radiolitoral.com\/#\/schema\/logo\/image\/","url":"https:\/\/media.radiolitoral.com\/wp-content\/uploads\/2023\/02\/24143238\/CL-V-RadioLitoral696.png","contentUrl":"https:\/\/media.radiolitoral.com\/wp-content\/uploads\/2023\/02\/24143238\/CL-V-RadioLitoral696.png","width":696,"height":696,"caption":"Radio Litoral"},"image":{"@id":"https:\/\/radiolitoral.com\/#\/schema\/logo\/image\/"},"sameAs":["https:\/\/www.facebook.com\/Laradiolitoral\/"]},{"@type":"Person","@id":"https:\/\/radiolitoral.com\/#\/schema\/person\/aad4f72efa404f85b68e832d24cac059","name":"Mel Pescuezo","image":{"@type":"ImageObject","inLanguage":"ca","@id":"https:\/\/secure.gravatar.com\/avatar\/993975ae489c70cb0dd9bfa9413a082f0bd276582dac13661af7b33f161e7eea?s=96&d=mm&r=g","url":"https:\/\/secure.gravatar.com\/avatar\/993975ae489c70cb0dd9bfa9413a082f0bd276582dac13661af7b33f161e7eea?s=96&d=mm&r=g","contentUrl":"https:\/\/secure.gravatar.com\/avatar\/993975ae489c70cb0dd9bfa9413a082f0bd276582dac13661af7b33f161e7eea?s=96&d=mm&r=g","caption":"Mel Pescuezo"},"url":"https:\/\/radiolitoral.com\/ca\/author\/serviciospararadios\/"}]}},"_links":{"self":[{"href":"https:\/\/radiolitoral.com\/ca\/wp-json\/wp\/v2\/posts\/6674","targetHints":{"allow":["GET"]}}],"collection":[{"href":"https:\/\/radiolitoral.com\/ca\/wp-json\/wp\/v2\/posts"}],"about":[{"href":"https:\/\/radiolitoral.com\/ca\/wp-json\/wp\/v2\/types\/post"}],"author":[{"embeddable":true,"href":"https:\/\/radiolitoral.com\/ca\/wp-json\/wp\/v2\/users\/21"}],"replies":[{"embeddable":true,"href":"https:\/\/radiolitoral.com\/ca\/wp-json\/wp\/v2\/comments?post=6674"}],"version-history":[{"count":3,"href":"https:\/\/radiolitoral.com\/ca\/wp-json\/wp\/v2\/posts\/6674\/revisions"}],"predecessor-version":[{"id":6678,"href":"https:\/\/radiolitoral.com\/ca\/wp-json\/wp\/v2\/posts\/6674\/revisions\/6678"}],"wp:featuredmedia":[{"embeddable":true,"href":"https:\/\/radiolitoral.com\/ca\/wp-json\/wp\/v2\/media\/6676"}],"wp:attachment":[{"href":"https:\/\/radiolitoral.com\/ca\/wp-json\/wp\/v2\/media?parent=6674"}],"wp:term":[{"taxonomy":"category","embeddable":true,"href":"https:\/\/radiolitoral.com\/ca\/wp-json\/wp\/v2\/categories?post=6674"},{"taxonomy":"post_tag","embeddable":true,"href":"https:\/\/radiolitoral.com\/ca\/wp-json\/wp\/v2\/tags?post=6674"}],"curies":[{"name":"wp","href":"https:\/\/api.w.org\/{rel}","templated":true}]}}