{"id":6667,"date":"2024-01-30T14:24:57","date_gmt":"2024-01-30T13:24:57","guid":{"rendered":"https:\/\/radiolitoral.com\/?p=6667"},"modified":"2024-01-30T14:24:57","modified_gmt":"2024-01-30T13:24:57","slug":"davant-la-reivindicada-reversio-sanitaria-al-dsd-l1-de-febrer","status":"publish","type":"post","link":"https:\/\/radiolitoral.com\/ca\/2024\/01\/ante-la-reivindicada-reversion-sanitaria-en-el-dsd-el-1-de-febrero\/","title":{"rendered":"Davant la reivindicada reversi\u00f3 sanit\u00e0ria al DSD l&#039;1 de febrer"},"content":{"rendered":"<p>Febrer \u00e9s a tocar i amb ell, el <strong>Departament de Salut de D\u00e9nia, DSD<\/strong>, gestionat a trav\u00e9s d&#039;una concessi\u00f3 administrativa des de la seva obertura, el 2009, passar\u00e0, aquest <strong>dijous, 1 de febrer<\/strong>, a la gesti\u00f3 p\u00fablica directa. Amb la reversi\u00f3 sanit\u00e0ria es d\u00f3na resposta a una demanda de la ciutadania, dels treballadors i fins i tot dels responsables pol\u00edtics de la comarca. Un canvi en el model de gesti\u00f3 que el <strong>Consell<\/strong> espera que es faci de manera <strong>\u00abordenada, efica\u00e7 i eficient\u00bb<\/strong> i \u00abconsensuada\u00bb amb els treballadors.<\/p>\n<p>Cal recordar que la Conselleria de Sanitat <a href=\"https:\/\/radiolitoral.com\/ca\/2023\/11\/sanitat-avanca-la-data-de-reversio-del-dsd-sera-l1-de-febrer\/\">va anunciar el 20 d&#039;octubre del 2023 que assumiria la gesti\u00f3 directa<\/a> del Departament de Salut de D\u00e9nia, que d\u00f3na cobertura a tota la<strong> Marina Alta<\/strong>, en atenci\u00f3 sanit\u00e0ria hospital\u00e0ria i prim\u00e0ria.<\/p>\n<p>La setmana passada el DOGV publicava el <a href=\"https:\/\/radiolitoral.com\/ca\/2024\/01\/el-consell-aprova-el-decret-que-regula-les-condicions-del-personal-del-dsd-davant-la-reversio\/\">decret que regula les condicions laborals<\/a> del personal del departament davant de l&#039;extinci\u00f3 del contracte per concessi\u00f3. Aix\u00f2 vol dir que, a partir de dijous, el personal sanitari de la Marina Alta s&#039;integrar\u00e0 a la plantilla del Sistema Valenci\u00e0 de Salut.<\/p>\n<p>Un canvi que tant els usuaris del DSD com els mateixos treballadors sanitaris aniran percebent de forma progressiva, per arribar-hi, aquest \u00e9s l&#039;objectiu, a <strong>igualar-se amb la resta de departaments sanitaris<\/strong> de la Comunitat Valenciana, quant a serveis i caracter\u00edstiques. Aix\u00ed ho ha indicat<strong> Joan Sarri\u00f3<\/strong>, que \u00e9s el <strong>president del comit\u00e8 d&#039;empresa de Marina Salud. \u00a0<\/strong><\/p>\n<audio class=\"wp-audio-shortcode\" id=\"audio-6667-1\" preload=\"none\" style=\"width: 100%;\" controls=\"controls\"><source type=\"audio\/mpeg\" src=\"https:\/\/media.radiolitoral.com\/wp-content\/uploads\/2024\/01\/30142325\/Joan-Sarrio-1.mp3?_=1\" \/><a href=\"https:\/\/media.radiolitoral.com\/wp-content\/uploads\/2024\/01\/30142325\/Joan-Sarrio-1.mp3\">https:\/\/media.radiolitoral.com\/wp-content\/uploads\/2024\/01\/30142325\/Joan-Sarrio-1.mp3<\/a><\/audio>","protected":false},"excerpt":{"rendered":"<p>Febrero est\u00e1 a la vuelta de la esquina y con \u00e9l, el Departamento de Salud de D\u00e9nia, DSD, gestionado a trav\u00e9s de una concesi\u00f3n administrativa desde su apertura, en 2009, pasar\u00e1, este jueves, 1 de febrero, a la gesti\u00f3n p\u00fablica directa. Con la reversi\u00f3n sanitaria se da respuesta a una demanda de la ciudadan\u00eda, de [&#8230;]<\/p>\n<p><a class=\"btn btn-secondary understrap-read-more-link\" href=\"https:\/\/radiolitoral.com\/ca\/2024\/01\/ante-la-reivindicada-reversion-sanitaria-en-el-dsd-el-1-de-febrero\/\">Continua llegint&#8230;<span class=\"screen-reader-text\"> from Ante la reivindicada reversi\u00f3n sanitaria en el DSD el 1 de febrero<\/span><\/a><\/p>\n","protected":false},"author":21,"featured_media":6669,"comment_status":"open","ping_status":"closed","sticky":false,"template":"","format":"standard","meta":{"_acf_changed":false,"inline_featured_image":false,"footnotes":""},"categories":[380],"tags":[],"class_list":["post-6667","post","type-post","status-publish","format-standard","has-post-thumbnail","hentry","category-sanidad","cobertura-marina-alta"],"acf":[],"yoast_head":"<!-- This site is optimized with the Yoast SEO plugin v27.5 - https:\/\/yoast.com\/product\/yoast-seo-wordpress\/ -->\n<title>Ante la reivindicada reversi\u00f3n sanitaria en el DSD el 1 de febrero | R\u00e0dio Litoral<\/title>\n<meta name=\"description\" content=\"El Consell espera que se haga de forma &quot;ordenada, eficaz y eficiente&quot;\" \/>\n<meta name=\"robots\" content=\"index, follow, max-snippet:-1, max-image-preview:large, max-video-preview:-1\" \/>\n<link rel=\"canonical\" href=\"https:\/\/radiolitoral.com\/ca\/2024\/01\/davant-la-reivindicada-reversio-sanitaria-al-dsd-l1-de-febrer\/\" \/>\n<meta property=\"og:locale\" content=\"ca_ES\" \/>\n<meta property=\"og:type\" content=\"article\" \/>\n<meta property=\"og:title\" content=\"Ante la reivindicada reversi\u00f3n sanitaria en el DSD el 1 de febrero | R\u00e0dio Litoral\" \/>\n<meta property=\"og:description\" content=\"El Consell espera que se haga de forma &quot;ordenada, eficaz y eficiente&quot;\" \/>\n<meta property=\"og:url\" content=\"https:\/\/radiolitoral.com\/ca\/2024\/01\/davant-la-reivindicada-reversio-sanitaria-al-dsd-l1-de-febrer\/\" \/>\n<meta property=\"og:site_name\" content=\"R\u00e0dio Litoral\" \/>\n<meta property=\"article:publisher\" content=\"https:\/\/www.facebook.com\/Laradiolitoral\/\" \/>\n<meta property=\"article:published_time\" content=\"2024-01-30T13:24:57+00:00\" \/>\n<meta property=\"og:image\" content=\"https:\/\/media.radiolitoral.com\/wp-content\/uploads\/2024\/01\/30142420\/Hospital-Comarcal-Marina-Salud-en-Denia.jpg\" \/>\n\t<meta property=\"og:image:width\" content=\"1024\" \/>\n\t<meta property=\"og:image:height\" content=\"768\" \/>\n\t<meta property=\"og:image:type\" content=\"image\/jpeg\" \/>\n<meta name=\"author\" content=\"Mel Pescuezo\" \/>\n<meta name=\"twitter:card\" content=\"summary_large_image\" \/>\n<meta name=\"twitter:label1\" content=\"Escrit per\" \/>\n\t<meta name=\"twitter:data1\" content=\"Mel Pescuezo\" \/>\n\t<meta name=\"twitter:label2\" content=\"Temps estimat de lectura\" \/>\n\t<meta name=\"twitter:data2\" content=\"2 minuts\" \/>\n<script type=\"application\/ld+json\" class=\"yoast-schema-graph\">{\"@context\":\"https:\\\/\\\/schema.org\",\"@graph\":[{\"@type\":\"NewsArticle\",\"@id\":\"https:\\\/\\\/radiolitoral.com\\\/2024\\\/01\\\/ante-la-reivindicada-reversion-sanitaria-en-el-dsd-el-1-de-febrero\\\/#article\",\"isPartOf\":{\"@id\":\"https:\\\/\\\/radiolitoral.com\\\/2024\\\/01\\\/ante-la-reivindicada-reversion-sanitaria-en-el-dsd-el-1-de-febrero\\\/\"},\"author\":{\"name\":\"Mel Pescuezo\",\"@id\":\"https:\\\/\\\/radiolitoral.com\\\/#\\\/schema\\\/person\\\/aad4f72efa404f85b68e832d24cac059\"},\"headline\":\"Ante la reivindicada reversi\u00f3n sanitaria en el DSD el 1 de febrero\",\"datePublished\":\"2024-01-30T13:24:57+00:00\",\"mainEntityOfPage\":{\"@id\":\"https:\\\/\\\/radiolitoral.com\\\/2024\\\/01\\\/ante-la-reivindicada-reversion-sanitaria-en-el-dsd-el-1-de-febrero\\\/\"},\"wordCount\":272,\"commentCount\":0,\"publisher\":{\"@id\":\"https:\\\/\\\/radiolitoral.com\\\/#organization\"},\"image\":{\"@id\":\"https:\\\/\\\/radiolitoral.com\\\/2024\\\/01\\\/ante-la-reivindicada-reversion-sanitaria-en-el-dsd-el-1-de-febrero\\\/#primaryimage\"},\"thumbnailUrl\":\"https:\\\/\\\/media.radiolitoral.com\\\/wp-content\\\/uploads\\\/2024\\\/01\\\/30142420\\\/Hospital-Comarcal-Marina-Salud-en-Denia.jpg\",\"articleSection\":[\"Sanidad\"],\"inLanguage\":\"ca\",\"potentialAction\":[{\"@type\":\"CommentAction\",\"name\":\"Comment\",\"target\":[\"https:\\\/\\\/radiolitoral.com\\\/2024\\\/01\\\/ante-la-reivindicada-reversion-sanitaria-en-el-dsd-el-1-de-febrero\\\/#respond\"]}]},{\"@type\":[\"WebPage\",\"ItemPage\"],\"@id\":\"https:\\\/\\\/radiolitoral.com\\\/2024\\\/01\\\/ante-la-reivindicada-reversion-sanitaria-en-el-dsd-el-1-de-febrero\\\/\",\"url\":\"https:\\\/\\\/radiolitoral.com\\\/2024\\\/01\\\/ante-la-reivindicada-reversion-sanitaria-en-el-dsd-el-1-de-febrero\\\/\",\"name\":\"Ante la reivindicada reversi\u00f3n sanitaria en el DSD el 1 de febrero | R\u00e0dio Litoral\",\"isPartOf\":{\"@id\":\"https:\\\/\\\/radiolitoral.com\\\/#website\"},\"primaryImageOfPage\":{\"@id\":\"https:\\\/\\\/radiolitoral.com\\\/2024\\\/01\\\/ante-la-reivindicada-reversion-sanitaria-en-el-dsd-el-1-de-febrero\\\/#primaryimage\"},\"image\":{\"@id\":\"https:\\\/\\\/radiolitoral.com\\\/2024\\\/01\\\/ante-la-reivindicada-reversion-sanitaria-en-el-dsd-el-1-de-febrero\\\/#primaryimage\"},\"thumbnailUrl\":\"https:\\\/\\\/media.radiolitoral.com\\\/wp-content\\\/uploads\\\/2024\\\/01\\\/30142420\\\/Hospital-Comarcal-Marina-Salud-en-Denia.jpg\",\"datePublished\":\"2024-01-30T13:24:57+00:00\",\"description\":\"El Consell espera que se haga de forma \\\"ordenada, eficaz y eficiente\\\"\",\"breadcrumb\":{\"@id\":\"https:\\\/\\\/radiolitoral.com\\\/2024\\\/01\\\/ante-la-reivindicada-reversion-sanitaria-en-el-dsd-el-1-de-febrero\\\/#breadcrumb\"},\"inLanguage\":\"ca\",\"potentialAction\":[{\"@type\":\"ReadAction\",\"target\":[\"https:\\\/\\\/radiolitoral.com\\\/2024\\\/01\\\/ante-la-reivindicada-reversion-sanitaria-en-el-dsd-el-1-de-febrero\\\/\"]}]},{\"@type\":\"ImageObject\",\"inLanguage\":\"ca\",\"@id\":\"https:\\\/\\\/radiolitoral.com\\\/2024\\\/01\\\/ante-la-reivindicada-reversion-sanitaria-en-el-dsd-el-1-de-febrero\\\/#primaryimage\",\"url\":\"https:\\\/\\\/media.radiolitoral.com\\\/wp-content\\\/uploads\\\/2024\\\/01\\\/30142420\\\/Hospital-Comarcal-Marina-Salud-en-Denia.jpg\",\"contentUrl\":\"https:\\\/\\\/media.radiolitoral.com\\\/wp-content\\\/uploads\\\/2024\\\/01\\\/30142420\\\/Hospital-Comarcal-Marina-Salud-en-Denia.jpg\",\"width\":1024,\"height\":768},{\"@type\":\"BreadcrumbList\",\"@id\":\"https:\\\/\\\/radiolitoral.com\\\/2024\\\/01\\\/ante-la-reivindicada-reversion-sanitaria-en-el-dsd-el-1-de-febrero\\\/#breadcrumb\",\"itemListElement\":[{\"@type\":\"ListItem\",\"position\":1,\"name\":\"Portada\",\"item\":\"https:\\\/\\\/radiolitoral.com\\\/\"},{\"@type\":\"ListItem\",\"position\":2,\"name\":\"Ante la reivindicada reversi\u00f3n sanitaria en el DSD el 1 de febrero\"}]},{\"@type\":\"WebSite\",\"@id\":\"https:\\\/\\\/radiolitoral.com\\\/#website\",\"url\":\"https:\\\/\\\/radiolitoral.com\\\/\",\"name\":\"Radio Litoral\",\"description\":\"La radio local de la Marina Alta\",\"publisher\":{\"@id\":\"https:\\\/\\\/radiolitoral.com\\\/#organization\"},\"alternateName\":\"Litoral FM\",\"potentialAction\":[{\"@type\":\"SearchAction\",\"target\":{\"@type\":\"EntryPoint\",\"urlTemplate\":\"https:\\\/\\\/radiolitoral.com\\\/?s={search_term_string}\"},\"query-input\":{\"@type\":\"PropertyValueSpecification\",\"valueRequired\":true,\"valueName\":\"search_term_string\"}}],\"inLanguage\":\"ca\"},{\"@type\":\"Organization\",\"@id\":\"https:\\\/\\\/radiolitoral.com\\\/#organization\",\"name\":\"Radio Litoral\",\"url\":\"https:\\\/\\\/radiolitoral.com\\\/\",\"logo\":{\"@type\":\"ImageObject\",\"inLanguage\":\"ca\",\"@id\":\"https:\\\/\\\/radiolitoral.com\\\/#\\\/schema\\\/logo\\\/image\\\/\",\"url\":\"https:\\\/\\\/media.radiolitoral.com\\\/wp-content\\\/uploads\\\/2023\\\/02\\\/24143238\\\/CL-V-RadioLitoral696.png\",\"contentUrl\":\"https:\\\/\\\/media.radiolitoral.com\\\/wp-content\\\/uploads\\\/2023\\\/02\\\/24143238\\\/CL-V-RadioLitoral696.png\",\"width\":696,\"height\":696,\"caption\":\"Radio Litoral\"},\"image\":{\"@id\":\"https:\\\/\\\/radiolitoral.com\\\/#\\\/schema\\\/logo\\\/image\\\/\"},\"sameAs\":[\"https:\\\/\\\/www.facebook.com\\\/Laradiolitoral\\\/\"]},{\"@type\":\"Person\",\"@id\":\"https:\\\/\\\/radiolitoral.com\\\/#\\\/schema\\\/person\\\/aad4f72efa404f85b68e832d24cac059\",\"name\":\"Mel Pescuezo\",\"image\":{\"@type\":\"ImageObject\",\"inLanguage\":\"ca\",\"@id\":\"https:\\\/\\\/secure.gravatar.com\\\/avatar\\\/993975ae489c70cb0dd9bfa9413a082f0bd276582dac13661af7b33f161e7eea?s=96&d=mm&r=g\",\"url\":\"https:\\\/\\\/secure.gravatar.com\\\/avatar\\\/993975ae489c70cb0dd9bfa9413a082f0bd276582dac13661af7b33f161e7eea?s=96&d=mm&r=g\",\"contentUrl\":\"https:\\\/\\\/secure.gravatar.com\\\/avatar\\\/993975ae489c70cb0dd9bfa9413a082f0bd276582dac13661af7b33f161e7eea?s=96&d=mm&r=g\",\"caption\":\"Mel Pescuezo\"},\"url\":\"https:\\\/\\\/radiolitoral.com\\\/ca\\\/author\\\/serviciospararadios\\\/\"}]}<\/script>\n<!-- \/ Yoast SEO plugin. -->","yoast_head_json":{"title":"Davant la reivindicada reversi\u00f3 sanit\u00e0ria al DSD l&#039;1 de febrer | R\u00e0dio Litoral","description":"El Consell espera que es faci de forma \u201cordenada, efica\u00e7 i eficient\u201d","robots":{"index":"index","follow":"follow","max-snippet":"max-snippet:-1","max-image-preview":"max-image-preview:large","max-video-preview":"max-video-preview:-1"},"canonical":"https:\/\/radiolitoral.com\/ca\/2024\/01\/davant-la-reivindicada-reversio-sanitaria-al-dsd-l1-de-febrer\/","og_locale":"ca_ES","og_type":"article","og_title":"Ante la reivindicada reversi\u00f3n sanitaria en el DSD el 1 de febrero | R\u00e0dio Litoral","og_description":"El Consell espera que se haga de forma \"ordenada, eficaz y eficiente\"","og_url":"https:\/\/radiolitoral.com\/ca\/2024\/01\/davant-la-reivindicada-reversio-sanitaria-al-dsd-l1-de-febrer\/","og_site_name":"R\u00e0dio Litoral","article_publisher":"https:\/\/www.facebook.com\/Laradiolitoral\/","article_published_time":"2024-01-30T13:24:57+00:00","og_image":[{"width":1024,"height":768,"url":"https:\/\/media.radiolitoral.com\/wp-content\/uploads\/2024\/01\/30142420\/Hospital-Comarcal-Marina-Salud-en-Denia.jpg","type":"image\/jpeg"}],"author":"Mel Pescuezo","twitter_card":"summary_large_image","twitter_misc":{"Escrit per":"Mel Pescuezo","Temps estimat de lectura":"2 minuts"},"schema":{"@context":"https:\/\/schema.org","@graph":[{"@type":"NewsArticle","@id":"https:\/\/radiolitoral.com\/2024\/01\/ante-la-reivindicada-reversion-sanitaria-en-el-dsd-el-1-de-febrero\/#article","isPartOf":{"@id":"https:\/\/radiolitoral.com\/2024\/01\/ante-la-reivindicada-reversion-sanitaria-en-el-dsd-el-1-de-febrero\/"},"author":{"name":"Mel Pescuezo","@id":"https:\/\/radiolitoral.com\/#\/schema\/person\/aad4f72efa404f85b68e832d24cac059"},"headline":"Ante la reivindicada reversi\u00f3n sanitaria en el DSD el 1 de febrero","datePublished":"2024-01-30T13:24:57+00:00","mainEntityOfPage":{"@id":"https:\/\/radiolitoral.com\/2024\/01\/ante-la-reivindicada-reversion-sanitaria-en-el-dsd-el-1-de-febrero\/"},"wordCount":272,"commentCount":0,"publisher":{"@id":"https:\/\/radiolitoral.com\/#organization"},"image":{"@id":"https:\/\/radiolitoral.com\/2024\/01\/ante-la-reivindicada-reversion-sanitaria-en-el-dsd-el-1-de-febrero\/#primaryimage"},"thumbnailUrl":"https:\/\/media.radiolitoral.com\/wp-content\/uploads\/2024\/01\/30142420\/Hospital-Comarcal-Marina-Salud-en-Denia.jpg","articleSection":["Sanidad"],"inLanguage":"ca","potentialAction":[{"@type":"CommentAction","name":"Comment","target":["https:\/\/radiolitoral.com\/2024\/01\/ante-la-reivindicada-reversion-sanitaria-en-el-dsd-el-1-de-febrero\/#respond"]}]},{"@type":["WebPage","ItemPage"],"@id":"https:\/\/radiolitoral.com\/2024\/01\/ante-la-reivindicada-reversion-sanitaria-en-el-dsd-el-1-de-febrero\/","url":"https:\/\/radiolitoral.com\/2024\/01\/ante-la-reivindicada-reversion-sanitaria-en-el-dsd-el-1-de-febrero\/","name":"Davant la reivindicada reversi\u00f3 sanit\u00e0ria al DSD l&#039;1 de febrer | R\u00e0dio Litoral","isPartOf":{"@id":"https:\/\/radiolitoral.com\/#website"},"primaryImageOfPage":{"@id":"https:\/\/radiolitoral.com\/2024\/01\/ante-la-reivindicada-reversion-sanitaria-en-el-dsd-el-1-de-febrero\/#primaryimage"},"image":{"@id":"https:\/\/radiolitoral.com\/2024\/01\/ante-la-reivindicada-reversion-sanitaria-en-el-dsd-el-1-de-febrero\/#primaryimage"},"thumbnailUrl":"https:\/\/media.radiolitoral.com\/wp-content\/uploads\/2024\/01\/30142420\/Hospital-Comarcal-Marina-Salud-en-Denia.jpg","datePublished":"2024-01-30T13:24:57+00:00","description":"El Consell espera que es faci de forma \u201cordenada, efica\u00e7 i eficient\u201d","breadcrumb":{"@id":"https:\/\/radiolitoral.com\/2024\/01\/ante-la-reivindicada-reversion-sanitaria-en-el-dsd-el-1-de-febrero\/#breadcrumb"},"inLanguage":"ca","potentialAction":[{"@type":"ReadAction","target":["https:\/\/radiolitoral.com\/2024\/01\/ante-la-reivindicada-reversion-sanitaria-en-el-dsd-el-1-de-febrero\/"]}]},{"@type":"ImageObject","inLanguage":"ca","@id":"https:\/\/radiolitoral.com\/2024\/01\/ante-la-reivindicada-reversion-sanitaria-en-el-dsd-el-1-de-febrero\/#primaryimage","url":"https:\/\/media.radiolitoral.com\/wp-content\/uploads\/2024\/01\/30142420\/Hospital-Comarcal-Marina-Salud-en-Denia.jpg","contentUrl":"https:\/\/media.radiolitoral.com\/wp-content\/uploads\/2024\/01\/30142420\/Hospital-Comarcal-Marina-Salud-en-Denia.jpg","width":1024,"height":768},{"@type":"BreadcrumbList","@id":"https:\/\/radiolitoral.com\/2024\/01\/ante-la-reivindicada-reversion-sanitaria-en-el-dsd-el-1-de-febrero\/#breadcrumb","itemListElement":[{"@type":"ListItem","position":1,"name":"Portada","item":"https:\/\/radiolitoral.com\/"},{"@type":"ListItem","position":2,"name":"Ante la reivindicada reversi\u00f3n sanitaria en el DSD el 1 de febrero"}]},{"@type":"WebSite","@id":"https:\/\/radiolitoral.com\/#website","url":"https:\/\/radiolitoral.com\/","name":"R\u00e0dio Litoral","description":"La r\u00e0dio local de la Marina Alta","publisher":{"@id":"https:\/\/radiolitoral.com\/#organization"},"alternateName":"Litoral FM","potentialAction":[{"@type":"SearchAction","target":{"@type":"EntryPoint","urlTemplate":"https:\/\/radiolitoral.com\/?s={search_term_string}"},"query-input":{"@type":"PropertyValueSpecification","valueRequired":true,"valueName":"search_term_string"}}],"inLanguage":"ca"},{"@type":"Organization","@id":"https:\/\/radiolitoral.com\/#organization","name":"R\u00e0dio Litoral","url":"https:\/\/radiolitoral.com\/","logo":{"@type":"ImageObject","inLanguage":"ca","@id":"https:\/\/radiolitoral.com\/#\/schema\/logo\/image\/","url":"https:\/\/media.radiolitoral.com\/wp-content\/uploads\/2023\/02\/24143238\/CL-V-RadioLitoral696.png","contentUrl":"https:\/\/media.radiolitoral.com\/wp-content\/uploads\/2023\/02\/24143238\/CL-V-RadioLitoral696.png","width":696,"height":696,"caption":"Radio Litoral"},"image":{"@id":"https:\/\/radiolitoral.com\/#\/schema\/logo\/image\/"},"sameAs":["https:\/\/www.facebook.com\/Laradiolitoral\/"]},{"@type":"Person","@id":"https:\/\/radiolitoral.com\/#\/schema\/person\/aad4f72efa404f85b68e832d24cac059","name":"Mel Pescuezo","image":{"@type":"ImageObject","inLanguage":"ca","@id":"https:\/\/secure.gravatar.com\/avatar\/993975ae489c70cb0dd9bfa9413a082f0bd276582dac13661af7b33f161e7eea?s=96&d=mm&r=g","url":"https:\/\/secure.gravatar.com\/avatar\/993975ae489c70cb0dd9bfa9413a082f0bd276582dac13661af7b33f161e7eea?s=96&d=mm&r=g","contentUrl":"https:\/\/secure.gravatar.com\/avatar\/993975ae489c70cb0dd9bfa9413a082f0bd276582dac13661af7b33f161e7eea?s=96&d=mm&r=g","caption":"Mel Pescuezo"},"url":"https:\/\/radiolitoral.com\/ca\/author\/serviciospararadios\/"}]}},"_links":{"self":[{"href":"https:\/\/radiolitoral.com\/ca\/wp-json\/wp\/v2\/posts\/6667","targetHints":{"allow":["GET"]}}],"collection":[{"href":"https:\/\/radiolitoral.com\/ca\/wp-json\/wp\/v2\/posts"}],"about":[{"href":"https:\/\/radiolitoral.com\/ca\/wp-json\/wp\/v2\/types\/post"}],"author":[{"embeddable":true,"href":"https:\/\/radiolitoral.com\/ca\/wp-json\/wp\/v2\/users\/21"}],"replies":[{"embeddable":true,"href":"https:\/\/radiolitoral.com\/ca\/wp-json\/wp\/v2\/comments?post=6667"}],"version-history":[{"count":3,"href":"https:\/\/radiolitoral.com\/ca\/wp-json\/wp\/v2\/posts\/6667\/revisions"}],"predecessor-version":[{"id":6672,"href":"https:\/\/radiolitoral.com\/ca\/wp-json\/wp\/v2\/posts\/6667\/revisions\/6672"}],"wp:featuredmedia":[{"embeddable":true,"href":"https:\/\/radiolitoral.com\/ca\/wp-json\/wp\/v2\/media\/6669"}],"wp:attachment":[{"href":"https:\/\/radiolitoral.com\/ca\/wp-json\/wp\/v2\/media?parent=6667"}],"wp:term":[{"taxonomy":"category","embeddable":true,"href":"https:\/\/radiolitoral.com\/ca\/wp-json\/wp\/v2\/categories?post=6667"},{"taxonomy":"post_tag","embeddable":true,"href":"https:\/\/radiolitoral.com\/ca\/wp-json\/wp\/v2\/tags?post=6667"}],"curies":[{"name":"wp","href":"https:\/\/api.w.org\/{rel}","templated":true}]}}