{"id":6631,"date":"2024-01-29T14:14:24","date_gmt":"2024-01-29T13:14:24","guid":{"rendered":"https:\/\/radiolitoral.com\/?p=6631"},"modified":"2024-01-29T14:14:24","modified_gmt":"2024-01-29T13:14:24","slug":"desmantellada-una-plantacio-de-marihuana-a-benissa","status":"publish","type":"post","link":"https:\/\/radiolitoral.com\/ca\/2024\/01\/desmantelada-una-plantacion-de-marihuana-en-benissa\/","title":{"rendered":"Desmantellada una plantaci\u00f3 de marihuana a Benissa"},"content":{"rendered":"<p>La <strong>Gu\u00e0rdia Civil<\/strong> del lloc de <strong>Moraira<\/strong> ha desmantellat una <strong>plantaci\u00f3 de marihuana indoor<\/strong> a <strong>Benissa<\/strong> i detingut els seus responsables. S\u00f3n dos residents brit\u00e0nics, als quals se&#039;ls imputen delictes contra la salut p\u00fablica, per elaboraci\u00f3 i cultiu de marihuana, defraudaci\u00f3 de fluid el\u00e8ctric, falsedat documental i danys a l&#039;immoble que tenien llogat.<\/p>\n<p>Durant l&#039;operatiu els agents han<strong> intervingut 768 plantes de marihuana<\/strong>, equips per al seu cultiu i manteniment, aix\u00ed com dispositius de telefonia m\u00f2bil i documentaci\u00f3 personal falsificada.<\/p>\n<p>Els detinguts han estat posats a disposici\u00f3 del Jutjat d&#039;Instrucci\u00f3 n\u00fam. 2 de D\u00e9nia, que ha decretat la posada en llibertat de tots dos <strong>mesures cautelars<\/strong>.<\/p>","protected":false},"excerpt":{"rendered":"<p>La Guardia Civil del puesto de Moraira ha desmantelado una plantaci\u00f3n de marihuana indoor en Benissa y detenido a sus responsables. Son dos residentes brit\u00e1nicos, a los que se les imputan delitos contra la salud p\u00fablica, por elaboraci\u00f3n y cultivo de marihuana, defraudaci\u00f3n de fluido el\u00e9ctrico, falsedad documental y da\u00f1os en el inmueble que ten\u00edan [&#8230;]<\/p>\n<p><a class=\"btn btn-secondary understrap-read-more-link\" href=\"https:\/\/radiolitoral.com\/ca\/2024\/01\/desmantelada-una-plantacion-de-marihuana-en-benissa\/\">Continua llegint&#8230;<span class=\"screen-reader-text\"> from Desmantelada una plantaci\u00f3n de marihuana en Benissa<\/span><\/a><\/p>\n","protected":false},"author":21,"featured_media":6632,"comment_status":"open","ping_status":"closed","sticky":false,"template":"","format":"standard","meta":{"_acf_changed":false,"inline_featured_image":false,"footnotes":""},"categories":[8],"tags":[],"class_list":["post-6631","post","type-post","status-publish","format-standard","has-post-thumbnail","hentry","category-sucesos","cobertura-benissa","cobertura-teulada-moraira"],"acf":[],"yoast_head":"<!-- This site is optimized with the Yoast SEO plugin v27.5 - https:\/\/yoast.com\/product\/yoast-seo-wordpress\/ -->\n<title>Desmantelada una plantaci\u00f3n de marihuana en Benissa | R\u00e0dio Litoral<\/title>\n<meta name=\"description\" content=\"Dos detenidos en Benissa por delitos contra la salud p\u00fablica, por elaboraci\u00f3n y cultivo de marihuana, y falsedad documental\" \/>\n<meta name=\"robots\" content=\"index, follow, max-snippet:-1, max-image-preview:large, max-video-preview:-1\" \/>\n<link rel=\"canonical\" href=\"https:\/\/radiolitoral.com\/ca\/2024\/01\/desmantellada-una-plantacio-de-marihuana-a-benissa\/\" \/>\n<meta property=\"og:locale\" content=\"ca_ES\" \/>\n<meta property=\"og:type\" content=\"article\" \/>\n<meta property=\"og:title\" content=\"Desmantelada una plantaci\u00f3n de marihuana en Benissa | R\u00e0dio Litoral\" \/>\n<meta property=\"og:description\" content=\"Dos detenidos en Benissa por delitos contra la salud p\u00fablica, por elaboraci\u00f3n y cultivo de marihuana, y falsedad documental\" \/>\n<meta property=\"og:url\" content=\"https:\/\/radiolitoral.com\/ca\/2024\/01\/desmantellada-una-plantacio-de-marihuana-a-benissa\/\" \/>\n<meta property=\"og:site_name\" content=\"R\u00e0dio Litoral\" \/>\n<meta property=\"article:publisher\" content=\"https:\/\/www.facebook.com\/Laradiolitoral\/\" \/>\n<meta property=\"article:published_time\" content=\"2024-01-29T13:14:24+00:00\" \/>\n<meta property=\"og:image\" content=\"https:\/\/media.radiolitoral.com\/wp-content\/uploads\/2024\/01\/29141357\/Detenido-en-Benissa-.jpg\" \/>\n\t<meta property=\"og:image:width\" content=\"1920\" \/>\n\t<meta property=\"og:image:height\" content=\"1080\" \/>\n\t<meta property=\"og:image:type\" content=\"image\/jpeg\" \/>\n<meta name=\"author\" content=\"Mel Pescuezo\" \/>\n<meta name=\"twitter:card\" content=\"summary_large_image\" \/>\n<meta name=\"twitter:label1\" content=\"Escrit per\" \/>\n\t<meta name=\"twitter:data1\" content=\"Mel Pescuezo\" \/>\n\t<meta name=\"twitter:label2\" content=\"Temps estimat de lectura\" \/>\n\t<meta name=\"twitter:data2\" content=\"1 minut\" \/>\n<script type=\"application\/ld+json\" class=\"yoast-schema-graph\">{\"@context\":\"https:\\\/\\\/schema.org\",\"@graph\":[{\"@type\":\"NewsArticle\",\"@id\":\"https:\\\/\\\/radiolitoral.com\\\/2024\\\/01\\\/desmantelada-una-plantacion-de-marihuana-en-benissa\\\/#article\",\"isPartOf\":{\"@id\":\"https:\\\/\\\/radiolitoral.com\\\/2024\\\/01\\\/desmantelada-una-plantacion-de-marihuana-en-benissa\\\/\"},\"author\":{\"name\":\"Mel Pescuezo\",\"@id\":\"https:\\\/\\\/radiolitoral.com\\\/#\\\/schema\\\/person\\\/aad4f72efa404f85b68e832d24cac059\"},\"headline\":\"Desmantelada una plantaci\u00f3n de marihuana en Benissa\",\"datePublished\":\"2024-01-29T13:14:24+00:00\",\"mainEntityOfPage\":{\"@id\":\"https:\\\/\\\/radiolitoral.com\\\/2024\\\/01\\\/desmantelada-una-plantacion-de-marihuana-en-benissa\\\/\"},\"wordCount\":129,\"commentCount\":0,\"publisher\":{\"@id\":\"https:\\\/\\\/radiolitoral.com\\\/#organization\"},\"image\":{\"@id\":\"https:\\\/\\\/radiolitoral.com\\\/2024\\\/01\\\/desmantelada-una-plantacion-de-marihuana-en-benissa\\\/#primaryimage\"},\"thumbnailUrl\":\"https:\\\/\\\/media.radiolitoral.com\\\/wp-content\\\/uploads\\\/2024\\\/01\\\/29141357\\\/Detenido-en-Benissa-.jpg\",\"articleSection\":[\"Sucesos\"],\"inLanguage\":\"ca\",\"potentialAction\":[{\"@type\":\"CommentAction\",\"name\":\"Comment\",\"target\":[\"https:\\\/\\\/radiolitoral.com\\\/2024\\\/01\\\/desmantelada-una-plantacion-de-marihuana-en-benissa\\\/#respond\"]}]},{\"@type\":[\"WebPage\",\"ItemPage\"],\"@id\":\"https:\\\/\\\/radiolitoral.com\\\/2024\\\/01\\\/desmantelada-una-plantacion-de-marihuana-en-benissa\\\/\",\"url\":\"https:\\\/\\\/radiolitoral.com\\\/2024\\\/01\\\/desmantelada-una-plantacion-de-marihuana-en-benissa\\\/\",\"name\":\"Desmantelada una plantaci\u00f3n de marihuana en Benissa | R\u00e0dio Litoral\",\"isPartOf\":{\"@id\":\"https:\\\/\\\/radiolitoral.com\\\/#website\"},\"primaryImageOfPage\":{\"@id\":\"https:\\\/\\\/radiolitoral.com\\\/2024\\\/01\\\/desmantelada-una-plantacion-de-marihuana-en-benissa\\\/#primaryimage\"},\"image\":{\"@id\":\"https:\\\/\\\/radiolitoral.com\\\/2024\\\/01\\\/desmantelada-una-plantacion-de-marihuana-en-benissa\\\/#primaryimage\"},\"thumbnailUrl\":\"https:\\\/\\\/media.radiolitoral.com\\\/wp-content\\\/uploads\\\/2024\\\/01\\\/29141357\\\/Detenido-en-Benissa-.jpg\",\"datePublished\":\"2024-01-29T13:14:24+00:00\",\"description\":\"Dos detenidos en Benissa por delitos contra la salud p\u00fablica, por elaboraci\u00f3n y cultivo de marihuana, y falsedad documental\",\"breadcrumb\":{\"@id\":\"https:\\\/\\\/radiolitoral.com\\\/2024\\\/01\\\/desmantelada-una-plantacion-de-marihuana-en-benissa\\\/#breadcrumb\"},\"inLanguage\":\"ca\",\"potentialAction\":[{\"@type\":\"ReadAction\",\"target\":[\"https:\\\/\\\/radiolitoral.com\\\/2024\\\/01\\\/desmantelada-una-plantacion-de-marihuana-en-benissa\\\/\"]}]},{\"@type\":\"ImageObject\",\"inLanguage\":\"ca\",\"@id\":\"https:\\\/\\\/radiolitoral.com\\\/2024\\\/01\\\/desmantelada-una-plantacion-de-marihuana-en-benissa\\\/#primaryimage\",\"url\":\"https:\\\/\\\/media.radiolitoral.com\\\/wp-content\\\/uploads\\\/2024\\\/01\\\/29141357\\\/Detenido-en-Benissa-.jpg\",\"contentUrl\":\"https:\\\/\\\/media.radiolitoral.com\\\/wp-content\\\/uploads\\\/2024\\\/01\\\/29141357\\\/Detenido-en-Benissa-.jpg\",\"width\":1920,\"height\":1080},{\"@type\":\"BreadcrumbList\",\"@id\":\"https:\\\/\\\/radiolitoral.com\\\/2024\\\/01\\\/desmantelada-una-plantacion-de-marihuana-en-benissa\\\/#breadcrumb\",\"itemListElement\":[{\"@type\":\"ListItem\",\"position\":1,\"name\":\"Portada\",\"item\":\"https:\\\/\\\/radiolitoral.com\\\/\"},{\"@type\":\"ListItem\",\"position\":2,\"name\":\"Desmantelada una plantaci\u00f3n de marihuana en Benissa\"}]},{\"@type\":\"WebSite\",\"@id\":\"https:\\\/\\\/radiolitoral.com\\\/#website\",\"url\":\"https:\\\/\\\/radiolitoral.com\\\/\",\"name\":\"Radio Litoral\",\"description\":\"La radio local de la Marina Alta\",\"publisher\":{\"@id\":\"https:\\\/\\\/radiolitoral.com\\\/#organization\"},\"alternateName\":\"Litoral FM\",\"potentialAction\":[{\"@type\":\"SearchAction\",\"target\":{\"@type\":\"EntryPoint\",\"urlTemplate\":\"https:\\\/\\\/radiolitoral.com\\\/?s={search_term_string}\"},\"query-input\":{\"@type\":\"PropertyValueSpecification\",\"valueRequired\":true,\"valueName\":\"search_term_string\"}}],\"inLanguage\":\"ca\"},{\"@type\":\"Organization\",\"@id\":\"https:\\\/\\\/radiolitoral.com\\\/#organization\",\"name\":\"Radio Litoral\",\"url\":\"https:\\\/\\\/radiolitoral.com\\\/\",\"logo\":{\"@type\":\"ImageObject\",\"inLanguage\":\"ca\",\"@id\":\"https:\\\/\\\/radiolitoral.com\\\/#\\\/schema\\\/logo\\\/image\\\/\",\"url\":\"https:\\\/\\\/media.radiolitoral.com\\\/wp-content\\\/uploads\\\/2023\\\/02\\\/24143238\\\/CL-V-RadioLitoral696.png\",\"contentUrl\":\"https:\\\/\\\/media.radiolitoral.com\\\/wp-content\\\/uploads\\\/2023\\\/02\\\/24143238\\\/CL-V-RadioLitoral696.png\",\"width\":696,\"height\":696,\"caption\":\"Radio Litoral\"},\"image\":{\"@id\":\"https:\\\/\\\/radiolitoral.com\\\/#\\\/schema\\\/logo\\\/image\\\/\"},\"sameAs\":[\"https:\\\/\\\/www.facebook.com\\\/Laradiolitoral\\\/\"]},{\"@type\":\"Person\",\"@id\":\"https:\\\/\\\/radiolitoral.com\\\/#\\\/schema\\\/person\\\/aad4f72efa404f85b68e832d24cac059\",\"name\":\"Mel Pescuezo\",\"image\":{\"@type\":\"ImageObject\",\"inLanguage\":\"ca\",\"@id\":\"https:\\\/\\\/secure.gravatar.com\\\/avatar\\\/993975ae489c70cb0dd9bfa9413a082f0bd276582dac13661af7b33f161e7eea?s=96&d=mm&r=g\",\"url\":\"https:\\\/\\\/secure.gravatar.com\\\/avatar\\\/993975ae489c70cb0dd9bfa9413a082f0bd276582dac13661af7b33f161e7eea?s=96&d=mm&r=g\",\"contentUrl\":\"https:\\\/\\\/secure.gravatar.com\\\/avatar\\\/993975ae489c70cb0dd9bfa9413a082f0bd276582dac13661af7b33f161e7eea?s=96&d=mm&r=g\",\"caption\":\"Mel Pescuezo\"},\"url\":\"https:\\\/\\\/radiolitoral.com\\\/ca\\\/author\\\/serviciospararadios\\\/\"}]}<\/script>\n<!-- \/ Yoast SEO plugin. -->","yoast_head_json":{"title":"Desmantellada una plantaci\u00f3 de marihuana a Benissa | R\u00e0dio Litoral","description":"Dos detinguts a Benissa per delictes contra la salut p\u00fablica, per elaboraci\u00f3 i cultiu de marihuana, i falsedat documental","robots":{"index":"index","follow":"follow","max-snippet":"max-snippet:-1","max-image-preview":"max-image-preview:large","max-video-preview":"max-video-preview:-1"},"canonical":"https:\/\/radiolitoral.com\/ca\/2024\/01\/desmantellada-una-plantacio-de-marihuana-a-benissa\/","og_locale":"ca_ES","og_type":"article","og_title":"Desmantelada una plantaci\u00f3n de marihuana en Benissa | R\u00e0dio Litoral","og_description":"Dos detenidos en Benissa por delitos contra la salud p\u00fablica, por elaboraci\u00f3n y cultivo de marihuana, y falsedad documental","og_url":"https:\/\/radiolitoral.com\/ca\/2024\/01\/desmantellada-una-plantacio-de-marihuana-a-benissa\/","og_site_name":"R\u00e0dio Litoral","article_publisher":"https:\/\/www.facebook.com\/Laradiolitoral\/","article_published_time":"2024-01-29T13:14:24+00:00","og_image":[{"width":1920,"height":1080,"url":"https:\/\/media.radiolitoral.com\/wp-content\/uploads\/2024\/01\/29141357\/Detenido-en-Benissa-.jpg","type":"image\/jpeg"}],"author":"Mel Pescuezo","twitter_card":"summary_large_image","twitter_misc":{"Escrit per":"Mel Pescuezo","Temps estimat de lectura":"1 minut"},"schema":{"@context":"https:\/\/schema.org","@graph":[{"@type":"NewsArticle","@id":"https:\/\/radiolitoral.com\/2024\/01\/desmantelada-una-plantacion-de-marihuana-en-benissa\/#article","isPartOf":{"@id":"https:\/\/radiolitoral.com\/2024\/01\/desmantelada-una-plantacion-de-marihuana-en-benissa\/"},"author":{"name":"Mel Pescuezo","@id":"https:\/\/radiolitoral.com\/#\/schema\/person\/aad4f72efa404f85b68e832d24cac059"},"headline":"Desmantelada una plantaci\u00f3n de marihuana en Benissa","datePublished":"2024-01-29T13:14:24+00:00","mainEntityOfPage":{"@id":"https:\/\/radiolitoral.com\/2024\/01\/desmantelada-una-plantacion-de-marihuana-en-benissa\/"},"wordCount":129,"commentCount":0,"publisher":{"@id":"https:\/\/radiolitoral.com\/#organization"},"image":{"@id":"https:\/\/radiolitoral.com\/2024\/01\/desmantelada-una-plantacion-de-marihuana-en-benissa\/#primaryimage"},"thumbnailUrl":"https:\/\/media.radiolitoral.com\/wp-content\/uploads\/2024\/01\/29141357\/Detenido-en-Benissa-.jpg","articleSection":["Sucesos"],"inLanguage":"ca","potentialAction":[{"@type":"CommentAction","name":"Comment","target":["https:\/\/radiolitoral.com\/2024\/01\/desmantelada-una-plantacion-de-marihuana-en-benissa\/#respond"]}]},{"@type":["WebPage","ItemPage"],"@id":"https:\/\/radiolitoral.com\/2024\/01\/desmantelada-una-plantacion-de-marihuana-en-benissa\/","url":"https:\/\/radiolitoral.com\/2024\/01\/desmantelada-una-plantacion-de-marihuana-en-benissa\/","name":"Desmantellada una plantaci\u00f3 de marihuana a Benissa | R\u00e0dio Litoral","isPartOf":{"@id":"https:\/\/radiolitoral.com\/#website"},"primaryImageOfPage":{"@id":"https:\/\/radiolitoral.com\/2024\/01\/desmantelada-una-plantacion-de-marihuana-en-benissa\/#primaryimage"},"image":{"@id":"https:\/\/radiolitoral.com\/2024\/01\/desmantelada-una-plantacion-de-marihuana-en-benissa\/#primaryimage"},"thumbnailUrl":"https:\/\/media.radiolitoral.com\/wp-content\/uploads\/2024\/01\/29141357\/Detenido-en-Benissa-.jpg","datePublished":"2024-01-29T13:14:24+00:00","description":"Dos detinguts a Benissa per delictes contra la salut p\u00fablica, per elaboraci\u00f3 i cultiu de marihuana, i falsedat documental","breadcrumb":{"@id":"https:\/\/radiolitoral.com\/2024\/01\/desmantelada-una-plantacion-de-marihuana-en-benissa\/#breadcrumb"},"inLanguage":"ca","potentialAction":[{"@type":"ReadAction","target":["https:\/\/radiolitoral.com\/2024\/01\/desmantelada-una-plantacion-de-marihuana-en-benissa\/"]}]},{"@type":"ImageObject","inLanguage":"ca","@id":"https:\/\/radiolitoral.com\/2024\/01\/desmantelada-una-plantacion-de-marihuana-en-benissa\/#primaryimage","url":"https:\/\/media.radiolitoral.com\/wp-content\/uploads\/2024\/01\/29141357\/Detenido-en-Benissa-.jpg","contentUrl":"https:\/\/media.radiolitoral.com\/wp-content\/uploads\/2024\/01\/29141357\/Detenido-en-Benissa-.jpg","width":1920,"height":1080},{"@type":"BreadcrumbList","@id":"https:\/\/radiolitoral.com\/2024\/01\/desmantelada-una-plantacion-de-marihuana-en-benissa\/#breadcrumb","itemListElement":[{"@type":"ListItem","position":1,"name":"Portada","item":"https:\/\/radiolitoral.com\/"},{"@type":"ListItem","position":2,"name":"Desmantelada una plantaci\u00f3n de marihuana en Benissa"}]},{"@type":"WebSite","@id":"https:\/\/radiolitoral.com\/#website","url":"https:\/\/radiolitoral.com\/","name":"R\u00e0dio Litoral","description":"La r\u00e0dio local de la Marina Alta","publisher":{"@id":"https:\/\/radiolitoral.com\/#organization"},"alternateName":"Litoral FM","potentialAction":[{"@type":"SearchAction","target":{"@type":"EntryPoint","urlTemplate":"https:\/\/radiolitoral.com\/?s={search_term_string}"},"query-input":{"@type":"PropertyValueSpecification","valueRequired":true,"valueName":"search_term_string"}}],"inLanguage":"ca"},{"@type":"Organization","@id":"https:\/\/radiolitoral.com\/#organization","name":"R\u00e0dio Litoral","url":"https:\/\/radiolitoral.com\/","logo":{"@type":"ImageObject","inLanguage":"ca","@id":"https:\/\/radiolitoral.com\/#\/schema\/logo\/image\/","url":"https:\/\/media.radiolitoral.com\/wp-content\/uploads\/2023\/02\/24143238\/CL-V-RadioLitoral696.png","contentUrl":"https:\/\/media.radiolitoral.com\/wp-content\/uploads\/2023\/02\/24143238\/CL-V-RadioLitoral696.png","width":696,"height":696,"caption":"Radio Litoral"},"image":{"@id":"https:\/\/radiolitoral.com\/#\/schema\/logo\/image\/"},"sameAs":["https:\/\/www.facebook.com\/Laradiolitoral\/"]},{"@type":"Person","@id":"https:\/\/radiolitoral.com\/#\/schema\/person\/aad4f72efa404f85b68e832d24cac059","name":"Mel Pescuezo","image":{"@type":"ImageObject","inLanguage":"ca","@id":"https:\/\/secure.gravatar.com\/avatar\/993975ae489c70cb0dd9bfa9413a082f0bd276582dac13661af7b33f161e7eea?s=96&d=mm&r=g","url":"https:\/\/secure.gravatar.com\/avatar\/993975ae489c70cb0dd9bfa9413a082f0bd276582dac13661af7b33f161e7eea?s=96&d=mm&r=g","contentUrl":"https:\/\/secure.gravatar.com\/avatar\/993975ae489c70cb0dd9bfa9413a082f0bd276582dac13661af7b33f161e7eea?s=96&d=mm&r=g","caption":"Mel Pescuezo"},"url":"https:\/\/radiolitoral.com\/ca\/author\/serviciospararadios\/"}]}},"_links":{"self":[{"href":"https:\/\/radiolitoral.com\/ca\/wp-json\/wp\/v2\/posts\/6631","targetHints":{"allow":["GET"]}}],"collection":[{"href":"https:\/\/radiolitoral.com\/ca\/wp-json\/wp\/v2\/posts"}],"about":[{"href":"https:\/\/radiolitoral.com\/ca\/wp-json\/wp\/v2\/types\/post"}],"author":[{"embeddable":true,"href":"https:\/\/radiolitoral.com\/ca\/wp-json\/wp\/v2\/users\/21"}],"replies":[{"embeddable":true,"href":"https:\/\/radiolitoral.com\/ca\/wp-json\/wp\/v2\/comments?post=6631"}],"version-history":[{"count":2,"href":"https:\/\/radiolitoral.com\/ca\/wp-json\/wp\/v2\/posts\/6631\/revisions"}],"predecessor-version":[{"id":6634,"href":"https:\/\/radiolitoral.com\/ca\/wp-json\/wp\/v2\/posts\/6631\/revisions\/6634"}],"wp:featuredmedia":[{"embeddable":true,"href":"https:\/\/radiolitoral.com\/ca\/wp-json\/wp\/v2\/media\/6632"}],"wp:attachment":[{"href":"https:\/\/radiolitoral.com\/ca\/wp-json\/wp\/v2\/media?parent=6631"}],"wp:term":[{"taxonomy":"category","embeddable":true,"href":"https:\/\/radiolitoral.com\/ca\/wp-json\/wp\/v2\/categories?post=6631"},{"taxonomy":"post_tag","embeddable":true,"href":"https:\/\/radiolitoral.com\/ca\/wp-json\/wp\/v2\/tags?post=6631"}],"curies":[{"name":"wp","href":"https:\/\/api.w.org\/{rel}","templated":true}]}}