{"id":6555,"date":"2024-01-24T18:58:59","date_gmt":"2024-01-24T17:58:59","guid":{"rendered":"https:\/\/radiolitoral.com\/?p=6555"},"modified":"2024-01-24T18:58:59","modified_gmt":"2024-01-24T17:58:59","slug":"detingut-a-tellada-un-fugitiu-irlandes-buscat-per-narcotrafic","status":"publish","type":"post","link":"https:\/\/radiolitoral.com\/ca\/2024\/01\/detenido-en-teulada-un-fugitivo-irlandes-buscado-por-narcotrafico\/","title":{"rendered":"Detingut a Teulada un fugitiu irland\u00e8s buscat per narcotr\u00e0fic"},"content":{"rendered":"<p>La <strong>Gu\u00e0rdia Civil<\/strong> ha detingut un <strong>fugitiu irland\u00e8s<\/strong> buscat per <strong>narcotr\u00e0fic<\/strong> i tinen\u00e7a il\u00b7l\u00edcita d&#039;armes a <strong>Teulada<\/strong>. Segons fonts de la benem\u00e8rita, el delinq\u00fcent va intentar enganyar els agents per evitar la seva detenci\u00f3 mostrant una fotografia manipulada d&#039;un document d&#039;identificaci\u00f3 personal.<\/p>\n<p>Les autoritats judicials irlandeses havien em\u00e8s una Ordre Europea de Detenci\u00f3 i Lliurament (OEDE) per a aquest delinq\u00fcent sobre el qual pesen vuit delictes relacionats amb el narcotr\u00e0fic i la tinen\u00e7a il\u00b7l\u00edcita d&#039;armes.<\/p>\n<p>Durant les actuacions, els agents del lloc de <strong>Moraira<\/strong> han comptat amb el suport de l&#039;Equip de Fugits de la Just\u00edcia de la Unitat Central Operativa (UCO) i components de la Companyia de la Gu\u00e0rdia Civil de <strong>Calp<\/strong>.<\/p>\n<p>El <strong>Jutjat de Gu\u00e0rdia de D\u00e9nia<\/strong> ha ordenat l&#039;ingr\u00e9s a la pres\u00f3 provisional del detingut, i ha quedat esperant el proc\u00e9s d&#039;extradici\u00f3.<\/p>","protected":false},"excerpt":{"rendered":"<p>La Guardia Civil ha detenido a un fugitivo irland\u00e9s buscado por narcotr\u00e1fico y tenencia il\u00edcita de armas en Teulada. Seg\u00fan fuentes de la benem\u00e9rita el delincuente intent\u00f3 enga\u00f1ar a los agentes para evitar su detenci\u00f3n mostrando una fotograf\u00eda manipulada de un documento de identificaci\u00f3n personal. Las autoridades judiciales irlandesas hab\u00edan emitido una Orden Europea de [&#8230;]<\/p>\n<p><a class=\"btn btn-secondary understrap-read-more-link\" href=\"https:\/\/radiolitoral.com\/ca\/2024\/01\/detenido-en-teulada-un-fugitivo-irlandes-buscado-por-narcotrafico\/\">Continua llegint&#8230;<span class=\"screen-reader-text\"> from Detenido en Teulada un fugitivo irland\u00e9s buscado por narcotr\u00e1fico<\/span><\/a><\/p>\n","protected":false},"author":21,"featured_media":6556,"comment_status":"open","ping_status":"closed","sticky":false,"template":"","format":"standard","meta":{"_acf_changed":false,"inline_featured_image":false,"footnotes":""},"categories":[8],"tags":[],"class_list":["post-6555","post","type-post","status-publish","format-standard","has-post-thumbnail","hentry","category-sucesos","cobertura-teulada-moraira"],"acf":[],"yoast_head":"<!-- This site is optimized with the Yoast SEO plugin v27.5 - https:\/\/yoast.com\/product\/yoast-seo-wordpress\/ -->\n<title>Detenido en Teulada un fugitivo irland\u00e9s buscado por narcotr\u00e1fico | R\u00e0dio Litoral<\/title>\n<meta name=\"description\" content=\"El Juzgado de Guardia de Denia ha ordenado su ingreso en prisi\u00f3n provisional a la espera de su extraditaci\u00f3n\" \/>\n<meta name=\"robots\" content=\"index, follow, max-snippet:-1, max-image-preview:large, max-video-preview:-1\" \/>\n<link rel=\"canonical\" href=\"https:\/\/radiolitoral.com\/ca\/2024\/01\/detingut-a-tellada-un-fugitiu-irlandes-buscat-per-narcotrafic\/\" \/>\n<meta property=\"og:locale\" content=\"ca_ES\" \/>\n<meta property=\"og:type\" content=\"article\" \/>\n<meta property=\"og:title\" content=\"Detenido en Teulada un fugitivo irland\u00e9s buscado por narcotr\u00e1fico | R\u00e0dio Litoral\" \/>\n<meta property=\"og:description\" content=\"El Juzgado de Guardia de Denia ha ordenado su ingreso en prisi\u00f3n provisional a la espera de su extraditaci\u00f3n\" \/>\n<meta property=\"og:url\" content=\"https:\/\/radiolitoral.com\/ca\/2024\/01\/detingut-a-tellada-un-fugitiu-irlandes-buscat-per-narcotrafic\/\" \/>\n<meta property=\"og:site_name\" content=\"R\u00e0dio Litoral\" \/>\n<meta property=\"article:publisher\" content=\"https:\/\/www.facebook.com\/Laradiolitoral\/\" \/>\n<meta property=\"article:published_time\" content=\"2024-01-24T17:58:59+00:00\" \/>\n<meta property=\"og:image\" content=\"https:\/\/media.radiolitoral.com\/wp-content\/uploads\/2024\/01\/24185810\/Detenido-en-Teulada-.jpg\" \/>\n\t<meta property=\"og:image:width\" content=\"1920\" \/>\n\t<meta property=\"og:image:height\" content=\"1080\" \/>\n\t<meta property=\"og:image:type\" content=\"image\/jpeg\" \/>\n<meta name=\"author\" content=\"Mel Pescuezo\" \/>\n<meta name=\"twitter:card\" content=\"summary_large_image\" \/>\n<meta name=\"twitter:label1\" content=\"Escrit per\" \/>\n\t<meta name=\"twitter:data1\" content=\"Mel Pescuezo\" \/>\n\t<meta name=\"twitter:label2\" content=\"Temps estimat de lectura\" \/>\n\t<meta name=\"twitter:data2\" content=\"1 minut\" \/>\n<script type=\"application\/ld+json\" class=\"yoast-schema-graph\">{\"@context\":\"https:\\\/\\\/schema.org\",\"@graph\":[{\"@type\":\"NewsArticle\",\"@id\":\"https:\\\/\\\/radiolitoral.com\\\/2024\\\/01\\\/detenido-en-teulada-un-fugitivo-irlandes-buscado-por-narcotrafico\\\/#article\",\"isPartOf\":{\"@id\":\"https:\\\/\\\/radiolitoral.com\\\/2024\\\/01\\\/detenido-en-teulada-un-fugitivo-irlandes-buscado-por-narcotrafico\\\/\"},\"author\":{\"name\":\"Mel Pescuezo\",\"@id\":\"https:\\\/\\\/radiolitoral.com\\\/#\\\/schema\\\/person\\\/aad4f72efa404f85b68e832d24cac059\"},\"headline\":\"Detenido en Teulada un fugitivo irland\u00e9s buscado por narcotr\u00e1fico\",\"datePublished\":\"2024-01-24T17:58:59+00:00\",\"mainEntityOfPage\":{\"@id\":\"https:\\\/\\\/radiolitoral.com\\\/2024\\\/01\\\/detenido-en-teulada-un-fugitivo-irlandes-buscado-por-narcotrafico\\\/\"},\"wordCount\":165,\"commentCount\":0,\"publisher\":{\"@id\":\"https:\\\/\\\/radiolitoral.com\\\/#organization\"},\"image\":{\"@id\":\"https:\\\/\\\/radiolitoral.com\\\/2024\\\/01\\\/detenido-en-teulada-un-fugitivo-irlandes-buscado-por-narcotrafico\\\/#primaryimage\"},\"thumbnailUrl\":\"https:\\\/\\\/media.radiolitoral.com\\\/wp-content\\\/uploads\\\/2024\\\/01\\\/24185810\\\/Detenido-en-Teulada-.jpg\",\"articleSection\":[\"Sucesos\"],\"inLanguage\":\"ca\",\"potentialAction\":[{\"@type\":\"CommentAction\",\"name\":\"Comment\",\"target\":[\"https:\\\/\\\/radiolitoral.com\\\/2024\\\/01\\\/detenido-en-teulada-un-fugitivo-irlandes-buscado-por-narcotrafico\\\/#respond\"]}]},{\"@type\":[\"WebPage\",\"ItemPage\"],\"@id\":\"https:\\\/\\\/radiolitoral.com\\\/2024\\\/01\\\/detenido-en-teulada-un-fugitivo-irlandes-buscado-por-narcotrafico\\\/\",\"url\":\"https:\\\/\\\/radiolitoral.com\\\/2024\\\/01\\\/detenido-en-teulada-un-fugitivo-irlandes-buscado-por-narcotrafico\\\/\",\"name\":\"Detenido en Teulada un fugitivo irland\u00e9s buscado por narcotr\u00e1fico | R\u00e0dio Litoral\",\"isPartOf\":{\"@id\":\"https:\\\/\\\/radiolitoral.com\\\/#website\"},\"primaryImageOfPage\":{\"@id\":\"https:\\\/\\\/radiolitoral.com\\\/2024\\\/01\\\/detenido-en-teulada-un-fugitivo-irlandes-buscado-por-narcotrafico\\\/#primaryimage\"},\"image\":{\"@id\":\"https:\\\/\\\/radiolitoral.com\\\/2024\\\/01\\\/detenido-en-teulada-un-fugitivo-irlandes-buscado-por-narcotrafico\\\/#primaryimage\"},\"thumbnailUrl\":\"https:\\\/\\\/media.radiolitoral.com\\\/wp-content\\\/uploads\\\/2024\\\/01\\\/24185810\\\/Detenido-en-Teulada-.jpg\",\"datePublished\":\"2024-01-24T17:58:59+00:00\",\"description\":\"El Juzgado de Guardia de Denia ha ordenado su ingreso en prisi\u00f3n provisional a la espera de su extraditaci\u00f3n\",\"breadcrumb\":{\"@id\":\"https:\\\/\\\/radiolitoral.com\\\/2024\\\/01\\\/detenido-en-teulada-un-fugitivo-irlandes-buscado-por-narcotrafico\\\/#breadcrumb\"},\"inLanguage\":\"ca\",\"potentialAction\":[{\"@type\":\"ReadAction\",\"target\":[\"https:\\\/\\\/radiolitoral.com\\\/2024\\\/01\\\/detenido-en-teulada-un-fugitivo-irlandes-buscado-por-narcotrafico\\\/\"]}]},{\"@type\":\"ImageObject\",\"inLanguage\":\"ca\",\"@id\":\"https:\\\/\\\/radiolitoral.com\\\/2024\\\/01\\\/detenido-en-teulada-un-fugitivo-irlandes-buscado-por-narcotrafico\\\/#primaryimage\",\"url\":\"https:\\\/\\\/media.radiolitoral.com\\\/wp-content\\\/uploads\\\/2024\\\/01\\\/24185810\\\/Detenido-en-Teulada-.jpg\",\"contentUrl\":\"https:\\\/\\\/media.radiolitoral.com\\\/wp-content\\\/uploads\\\/2024\\\/01\\\/24185810\\\/Detenido-en-Teulada-.jpg\",\"width\":1920,\"height\":1080},{\"@type\":\"BreadcrumbList\",\"@id\":\"https:\\\/\\\/radiolitoral.com\\\/2024\\\/01\\\/detenido-en-teulada-un-fugitivo-irlandes-buscado-por-narcotrafico\\\/#breadcrumb\",\"itemListElement\":[{\"@type\":\"ListItem\",\"position\":1,\"name\":\"Portada\",\"item\":\"https:\\\/\\\/radiolitoral.com\\\/\"},{\"@type\":\"ListItem\",\"position\":2,\"name\":\"Detenido en Teulada un fugitivo irland\u00e9s buscado por narcotr\u00e1fico\"}]},{\"@type\":\"WebSite\",\"@id\":\"https:\\\/\\\/radiolitoral.com\\\/#website\",\"url\":\"https:\\\/\\\/radiolitoral.com\\\/\",\"name\":\"Radio Litoral\",\"description\":\"La radio local de la Marina Alta\",\"publisher\":{\"@id\":\"https:\\\/\\\/radiolitoral.com\\\/#organization\"},\"alternateName\":\"Litoral FM\",\"potentialAction\":[{\"@type\":\"SearchAction\",\"target\":{\"@type\":\"EntryPoint\",\"urlTemplate\":\"https:\\\/\\\/radiolitoral.com\\\/?s={search_term_string}\"},\"query-input\":{\"@type\":\"PropertyValueSpecification\",\"valueRequired\":true,\"valueName\":\"search_term_string\"}}],\"inLanguage\":\"ca\"},{\"@type\":\"Organization\",\"@id\":\"https:\\\/\\\/radiolitoral.com\\\/#organization\",\"name\":\"Radio Litoral\",\"url\":\"https:\\\/\\\/radiolitoral.com\\\/\",\"logo\":{\"@type\":\"ImageObject\",\"inLanguage\":\"ca\",\"@id\":\"https:\\\/\\\/radiolitoral.com\\\/#\\\/schema\\\/logo\\\/image\\\/\",\"url\":\"https:\\\/\\\/media.radiolitoral.com\\\/wp-content\\\/uploads\\\/2023\\\/02\\\/24143238\\\/CL-V-RadioLitoral696.png\",\"contentUrl\":\"https:\\\/\\\/media.radiolitoral.com\\\/wp-content\\\/uploads\\\/2023\\\/02\\\/24143238\\\/CL-V-RadioLitoral696.png\",\"width\":696,\"height\":696,\"caption\":\"Radio Litoral\"},\"image\":{\"@id\":\"https:\\\/\\\/radiolitoral.com\\\/#\\\/schema\\\/logo\\\/image\\\/\"},\"sameAs\":[\"https:\\\/\\\/www.facebook.com\\\/Laradiolitoral\\\/\"]},{\"@type\":\"Person\",\"@id\":\"https:\\\/\\\/radiolitoral.com\\\/#\\\/schema\\\/person\\\/aad4f72efa404f85b68e832d24cac059\",\"name\":\"Mel Pescuezo\",\"image\":{\"@type\":\"ImageObject\",\"inLanguage\":\"ca\",\"@id\":\"https:\\\/\\\/secure.gravatar.com\\\/avatar\\\/993975ae489c70cb0dd9bfa9413a082f0bd276582dac13661af7b33f161e7eea?s=96&d=mm&r=g\",\"url\":\"https:\\\/\\\/secure.gravatar.com\\\/avatar\\\/993975ae489c70cb0dd9bfa9413a082f0bd276582dac13661af7b33f161e7eea?s=96&d=mm&r=g\",\"contentUrl\":\"https:\\\/\\\/secure.gravatar.com\\\/avatar\\\/993975ae489c70cb0dd9bfa9413a082f0bd276582dac13661af7b33f161e7eea?s=96&d=mm&r=g\",\"caption\":\"Mel Pescuezo\"},\"url\":\"https:\\\/\\\/radiolitoral.com\\\/ca\\\/author\\\/serviciospararadios\\\/\"}]}<\/script>\n<!-- \/ Yoast SEO plugin. -->","yoast_head_json":{"title":"Detingut a Teulada un fugitiu irland\u00e8s buscat per narcotr\u00e0fic | R\u00e0dio Litoral","description":"El Jutjat de Gu\u00e0rdia de D\u00e9nia ha ordenat el seu ingr\u00e9s a la pres\u00f3 provisional en espera de la seva extraditaci\u00f3","robots":{"index":"index","follow":"follow","max-snippet":"max-snippet:-1","max-image-preview":"max-image-preview:large","max-video-preview":"max-video-preview:-1"},"canonical":"https:\/\/radiolitoral.com\/ca\/2024\/01\/detingut-a-tellada-un-fugitiu-irlandes-buscat-per-narcotrafic\/","og_locale":"ca_ES","og_type":"article","og_title":"Detenido en Teulada un fugitivo irland\u00e9s buscado por narcotr\u00e1fico | R\u00e0dio Litoral","og_description":"El Juzgado de Guardia de Denia ha ordenado su ingreso en prisi\u00f3n provisional a la espera de su extraditaci\u00f3n","og_url":"https:\/\/radiolitoral.com\/ca\/2024\/01\/detingut-a-tellada-un-fugitiu-irlandes-buscat-per-narcotrafic\/","og_site_name":"R\u00e0dio Litoral","article_publisher":"https:\/\/www.facebook.com\/Laradiolitoral\/","article_published_time":"2024-01-24T17:58:59+00:00","og_image":[{"width":1920,"height":1080,"url":"https:\/\/media.radiolitoral.com\/wp-content\/uploads\/2024\/01\/24185810\/Detenido-en-Teulada-.jpg","type":"image\/jpeg"}],"author":"Mel Pescuezo","twitter_card":"summary_large_image","twitter_misc":{"Escrit per":"Mel Pescuezo","Temps estimat de lectura":"1 minut"},"schema":{"@context":"https:\/\/schema.org","@graph":[{"@type":"NewsArticle","@id":"https:\/\/radiolitoral.com\/2024\/01\/detenido-en-teulada-un-fugitivo-irlandes-buscado-por-narcotrafico\/#article","isPartOf":{"@id":"https:\/\/radiolitoral.com\/2024\/01\/detenido-en-teulada-un-fugitivo-irlandes-buscado-por-narcotrafico\/"},"author":{"name":"Mel Pescuezo","@id":"https:\/\/radiolitoral.com\/#\/schema\/person\/aad4f72efa404f85b68e832d24cac059"},"headline":"Detenido en Teulada un fugitivo irland\u00e9s buscado por narcotr\u00e1fico","datePublished":"2024-01-24T17:58:59+00:00","mainEntityOfPage":{"@id":"https:\/\/radiolitoral.com\/2024\/01\/detenido-en-teulada-un-fugitivo-irlandes-buscado-por-narcotrafico\/"},"wordCount":165,"commentCount":0,"publisher":{"@id":"https:\/\/radiolitoral.com\/#organization"},"image":{"@id":"https:\/\/radiolitoral.com\/2024\/01\/detenido-en-teulada-un-fugitivo-irlandes-buscado-por-narcotrafico\/#primaryimage"},"thumbnailUrl":"https:\/\/media.radiolitoral.com\/wp-content\/uploads\/2024\/01\/24185810\/Detenido-en-Teulada-.jpg","articleSection":["Sucesos"],"inLanguage":"ca","potentialAction":[{"@type":"CommentAction","name":"Comment","target":["https:\/\/radiolitoral.com\/2024\/01\/detenido-en-teulada-un-fugitivo-irlandes-buscado-por-narcotrafico\/#respond"]}]},{"@type":["WebPage","ItemPage"],"@id":"https:\/\/radiolitoral.com\/2024\/01\/detenido-en-teulada-un-fugitivo-irlandes-buscado-por-narcotrafico\/","url":"https:\/\/radiolitoral.com\/2024\/01\/detenido-en-teulada-un-fugitivo-irlandes-buscado-por-narcotrafico\/","name":"Detingut a Teulada un fugitiu irland\u00e8s buscat per narcotr\u00e0fic | R\u00e0dio Litoral","isPartOf":{"@id":"https:\/\/radiolitoral.com\/#website"},"primaryImageOfPage":{"@id":"https:\/\/radiolitoral.com\/2024\/01\/detenido-en-teulada-un-fugitivo-irlandes-buscado-por-narcotrafico\/#primaryimage"},"image":{"@id":"https:\/\/radiolitoral.com\/2024\/01\/detenido-en-teulada-un-fugitivo-irlandes-buscado-por-narcotrafico\/#primaryimage"},"thumbnailUrl":"https:\/\/media.radiolitoral.com\/wp-content\/uploads\/2024\/01\/24185810\/Detenido-en-Teulada-.jpg","datePublished":"2024-01-24T17:58:59+00:00","description":"El Jutjat de Gu\u00e0rdia de D\u00e9nia ha ordenat el seu ingr\u00e9s a la pres\u00f3 provisional en espera de la seva extraditaci\u00f3","breadcrumb":{"@id":"https:\/\/radiolitoral.com\/2024\/01\/detenido-en-teulada-un-fugitivo-irlandes-buscado-por-narcotrafico\/#breadcrumb"},"inLanguage":"ca","potentialAction":[{"@type":"ReadAction","target":["https:\/\/radiolitoral.com\/2024\/01\/detenido-en-teulada-un-fugitivo-irlandes-buscado-por-narcotrafico\/"]}]},{"@type":"ImageObject","inLanguage":"ca","@id":"https:\/\/radiolitoral.com\/2024\/01\/detenido-en-teulada-un-fugitivo-irlandes-buscado-por-narcotrafico\/#primaryimage","url":"https:\/\/media.radiolitoral.com\/wp-content\/uploads\/2024\/01\/24185810\/Detenido-en-Teulada-.jpg","contentUrl":"https:\/\/media.radiolitoral.com\/wp-content\/uploads\/2024\/01\/24185810\/Detenido-en-Teulada-.jpg","width":1920,"height":1080},{"@type":"BreadcrumbList","@id":"https:\/\/radiolitoral.com\/2024\/01\/detenido-en-teulada-un-fugitivo-irlandes-buscado-por-narcotrafico\/#breadcrumb","itemListElement":[{"@type":"ListItem","position":1,"name":"Portada","item":"https:\/\/radiolitoral.com\/"},{"@type":"ListItem","position":2,"name":"Detenido en Teulada un fugitivo irland\u00e9s buscado por narcotr\u00e1fico"}]},{"@type":"WebSite","@id":"https:\/\/radiolitoral.com\/#website","url":"https:\/\/radiolitoral.com\/","name":"R\u00e0dio Litoral","description":"La r\u00e0dio local de la Marina Alta","publisher":{"@id":"https:\/\/radiolitoral.com\/#organization"},"alternateName":"Litoral FM","potentialAction":[{"@type":"SearchAction","target":{"@type":"EntryPoint","urlTemplate":"https:\/\/radiolitoral.com\/?s={search_term_string}"},"query-input":{"@type":"PropertyValueSpecification","valueRequired":true,"valueName":"search_term_string"}}],"inLanguage":"ca"},{"@type":"Organization","@id":"https:\/\/radiolitoral.com\/#organization","name":"R\u00e0dio Litoral","url":"https:\/\/radiolitoral.com\/","logo":{"@type":"ImageObject","inLanguage":"ca","@id":"https:\/\/radiolitoral.com\/#\/schema\/logo\/image\/","url":"https:\/\/media.radiolitoral.com\/wp-content\/uploads\/2023\/02\/24143238\/CL-V-RadioLitoral696.png","contentUrl":"https:\/\/media.radiolitoral.com\/wp-content\/uploads\/2023\/02\/24143238\/CL-V-RadioLitoral696.png","width":696,"height":696,"caption":"Radio Litoral"},"image":{"@id":"https:\/\/radiolitoral.com\/#\/schema\/logo\/image\/"},"sameAs":["https:\/\/www.facebook.com\/Laradiolitoral\/"]},{"@type":"Person","@id":"https:\/\/radiolitoral.com\/#\/schema\/person\/aad4f72efa404f85b68e832d24cac059","name":"Mel Pescuezo","image":{"@type":"ImageObject","inLanguage":"ca","@id":"https:\/\/secure.gravatar.com\/avatar\/993975ae489c70cb0dd9bfa9413a082f0bd276582dac13661af7b33f161e7eea?s=96&d=mm&r=g","url":"https:\/\/secure.gravatar.com\/avatar\/993975ae489c70cb0dd9bfa9413a082f0bd276582dac13661af7b33f161e7eea?s=96&d=mm&r=g","contentUrl":"https:\/\/secure.gravatar.com\/avatar\/993975ae489c70cb0dd9bfa9413a082f0bd276582dac13661af7b33f161e7eea?s=96&d=mm&r=g","caption":"Mel Pescuezo"},"url":"https:\/\/radiolitoral.com\/ca\/author\/serviciospararadios\/"}]}},"_links":{"self":[{"href":"https:\/\/radiolitoral.com\/ca\/wp-json\/wp\/v2\/posts\/6555","targetHints":{"allow":["GET"]}}],"collection":[{"href":"https:\/\/radiolitoral.com\/ca\/wp-json\/wp\/v2\/posts"}],"about":[{"href":"https:\/\/radiolitoral.com\/ca\/wp-json\/wp\/v2\/types\/post"}],"author":[{"embeddable":true,"href":"https:\/\/radiolitoral.com\/ca\/wp-json\/wp\/v2\/users\/21"}],"replies":[{"embeddable":true,"href":"https:\/\/radiolitoral.com\/ca\/wp-json\/wp\/v2\/comments?post=6555"}],"version-history":[{"count":2,"href":"https:\/\/radiolitoral.com\/ca\/wp-json\/wp\/v2\/posts\/6555\/revisions"}],"predecessor-version":[{"id":6558,"href":"https:\/\/radiolitoral.com\/ca\/wp-json\/wp\/v2\/posts\/6555\/revisions\/6558"}],"wp:featuredmedia":[{"embeddable":true,"href":"https:\/\/radiolitoral.com\/ca\/wp-json\/wp\/v2\/media\/6556"}],"wp:attachment":[{"href":"https:\/\/radiolitoral.com\/ca\/wp-json\/wp\/v2\/media?parent=6555"}],"wp:term":[{"taxonomy":"category","embeddable":true,"href":"https:\/\/radiolitoral.com\/ca\/wp-json\/wp\/v2\/categories?post=6555"},{"taxonomy":"post_tag","embeddable":true,"href":"https:\/\/radiolitoral.com\/ca\/wp-json\/wp\/v2\/tags?post=6555"}],"curies":[{"name":"wp","href":"https:\/\/api.w.org\/{rel}","templated":true}]}}