{"id":6549,"date":"2024-01-24T18:42:01","date_gmt":"2024-01-24T17:42:01","guid":{"rendered":"https:\/\/radiolitoral.com\/?p=6549"},"modified":"2024-01-24T18:42:01","modified_gmt":"2024-01-24T17:42:01","slug":"la-policia-de-calp-comptara-amb-noves-unitats-especialitzades-i-un-dron-de-vigilancia","status":"publish","type":"post","link":"https:\/\/radiolitoral.com\/ca\/2024\/01\/la-policia-de-calp-contara-con-nuevas-unidades-especializadas-y-un-dron-de-vigilancia\/","title":{"rendered":"La Policia de Calp comptar\u00e0 amb noves unitats especialitzades i un dron de vigil\u00e0ncia"},"content":{"rendered":"<p>La <strong>Policia Local de Calp<\/strong> comptar\u00e0 amb <strong>una Unitat de Dron<\/strong> per a la vigil\u00e0ncia de platges, boscos i urbanitzacions del municipi. Aix\u00ed ho han anunciat des de l?Ajuntament. Una iniciativa amb qu\u00e8 es pret\u00e9n millorar el control de diferents zones, que ja est\u00e0<strong> pressupostada<\/strong> i es troba a <strong>tr\u00e0mits de licitaci\u00f3.<\/strong><\/p>\n<p>El <strong>Regidor de Seguretat Ciutadana, Guillermo Sendra<\/strong> i el <strong>regidor de Medi Ambient, Platges, Urbanitzacions i Benestar Animal, Pere Moll<\/strong>, s&#039;han reunit aquesta setmana amb el <strong>nou intendent de la Policia Local, Juan Antonio S\u00e1nchez P\u00e9rez<\/strong>. Una trobada amb qu\u00e8 iniciar un <strong>Pla d&#039;Emerg\u00e8ncies<\/strong> per a la prevenci\u00f3 dincendis forestals i establir protocols concrets en cas dincendis a les zones boscoses del municipi. Tamb\u00e9 s&#039;han abordat accions per <strong>millorar la seguretat a les platges<\/strong> i el c<strong>mpliment de les ordenances<\/strong> en mat\u00e8ria de tinen\u00e7a d&#039;animals i abocaments il\u00b7legals.<\/p>\n<p>Sendra tamb\u00e9 ha avan\u00e7at la creaci\u00f3 ben aviat de noves unitats de la Policia Local. L&#039;objectiu \u00e9s millorar els serveis de seguretat ciutadana.<\/p>\n<audio class=\"wp-audio-shortcode\" id=\"audio-6549-1\" preload=\"none\" style=\"width: 100%;\" controls=\"controls\"><source type=\"audio\/mpeg\" src=\"https:\/\/media.radiolitoral.com\/wp-content\/uploads\/2024\/01\/24183716\/Guillermo-Sendra.mp3?_=1\" \/><a href=\"https:\/\/media.radiolitoral.com\/wp-content\/uploads\/2024\/01\/24183716\/Guillermo-Sendra.mp3\">https:\/\/media.radiolitoral.com\/wp-content\/uploads\/2024\/01\/24183716\/Guillermo-Sendra.mp3<\/a><\/audio>\n<p>&nbsp;<\/p>","protected":false},"excerpt":{"rendered":"<p>La Polic\u00eda Local de Calp contar\u00e1 con una Unidad de Dron para la vigilancia de playas, bosques y urbanizaciones del municipio. As\u00ed lo han anunciado desde el Ayuntamiento. Una iniciativa con la que se pretende mejorar el control de diferentes zonas, que ya est\u00e1 presupuestada y se encuentra en tr\u00e1mites de licitaci\u00f3n. El Concejal de [&#8230;]<\/p>\n<p><a class=\"btn btn-secondary understrap-read-more-link\" href=\"https:\/\/radiolitoral.com\/ca\/2024\/01\/la-policia-de-calp-contara-con-nuevas-unidades-especializadas-y-un-dron-de-vigilancia\/\">Continua llegint&#8230;<span class=\"screen-reader-text\"> from La Polic\u00eda de Calp contar\u00e1 con nuevas unidades especializadas y un dron de vigilancia<\/span><\/a><\/p>\n","protected":false},"author":21,"featured_media":6551,"comment_status":"open","ping_status":"closed","sticky":false,"template":"","format":"standard","meta":{"_acf_changed":false,"inline_featured_image":false,"footnotes":""},"categories":[78],"tags":[],"class_list":["post-6549","post","type-post","status-publish","format-standard","has-post-thumbnail","hentry","category-seguridad-ciudadana","cobertura-calp"],"acf":[],"yoast_head":"<!-- This site is optimized with the Yoast SEO plugin v27.5 - https:\/\/yoast.com\/product\/yoast-seo-wordpress\/ -->\n<title>La Polic\u00eda de Calp contar\u00e1 con nuevas unidades especializadas y un dron de vigilancia | R\u00e0dio Litoral<\/title>\n<meta name=\"description\" content=\"La unidad de dron ya est\u00e1 presupuestada, se encuentra en tr\u00e1mites de licitaci\u00f3n y mejorar\u00e1 la seguridad en la localidad\" \/>\n<meta name=\"robots\" content=\"index, follow, max-snippet:-1, max-image-preview:large, max-video-preview:-1\" \/>\n<link rel=\"canonical\" href=\"https:\/\/radiolitoral.com\/ca\/2024\/01\/la-policia-de-calp-comptara-amb-noves-unitats-especialitzades-i-un-dron-de-vigilancia\/\" \/>\n<meta property=\"og:locale\" content=\"ca_ES\" \/>\n<meta property=\"og:type\" content=\"article\" \/>\n<meta property=\"og:title\" content=\"La Polic\u00eda de Calp contar\u00e1 con nuevas unidades especializadas y un dron de vigilancia | R\u00e0dio Litoral\" \/>\n<meta property=\"og:description\" content=\"La unidad de dron ya est\u00e1 presupuestada, se encuentra en tr\u00e1mites de licitaci\u00f3n y mejorar\u00e1 la seguridad en la localidad\" \/>\n<meta property=\"og:url\" content=\"https:\/\/radiolitoral.com\/ca\/2024\/01\/la-policia-de-calp-comptara-amb-noves-unitats-especialitzades-i-un-dron-de-vigilancia\/\" \/>\n<meta property=\"og:site_name\" content=\"R\u00e0dio Litoral\" \/>\n<meta property=\"article:publisher\" content=\"https:\/\/www.facebook.com\/Laradiolitoral\/\" \/>\n<meta property=\"article:published_time\" content=\"2024-01-24T17:42:01+00:00\" \/>\n<meta property=\"og:image\" content=\"https:\/\/media.radiolitoral.com\/wp-content\/uploads\/2024\/01\/24184040\/Reunion-con-el-nuevo-intendente-Calp.jpg\" \/>\n\t<meta property=\"og:image:width\" content=\"2000\" \/>\n\t<meta property=\"og:image:height\" content=\"1500\" \/>\n\t<meta property=\"og:image:type\" content=\"image\/jpeg\" \/>\n<meta name=\"author\" content=\"Mel Pescuezo\" \/>\n<meta name=\"twitter:card\" content=\"summary_large_image\" \/>\n<meta name=\"twitter:label1\" content=\"Escrit per\" \/>\n\t<meta name=\"twitter:data1\" content=\"Mel Pescuezo\" \/>\n\t<meta name=\"twitter:label2\" content=\"Temps estimat de lectura\" \/>\n\t<meta name=\"twitter:data2\" content=\"2 minuts\" \/>\n<script type=\"application\/ld+json\" class=\"yoast-schema-graph\">{\"@context\":\"https:\\\/\\\/schema.org\",\"@graph\":[{\"@type\":\"NewsArticle\",\"@id\":\"https:\\\/\\\/radiolitoral.com\\\/2024\\\/01\\\/la-policia-de-calp-contara-con-nuevas-unidades-especializadas-y-un-dron-de-vigilancia\\\/#article\",\"isPartOf\":{\"@id\":\"https:\\\/\\\/radiolitoral.com\\\/2024\\\/01\\\/la-policia-de-calp-contara-con-nuevas-unidades-especializadas-y-un-dron-de-vigilancia\\\/\"},\"author\":{\"name\":\"Mel Pescuezo\",\"@id\":\"https:\\\/\\\/radiolitoral.com\\\/#\\\/schema\\\/person\\\/aad4f72efa404f85b68e832d24cac059\"},\"headline\":\"La Polic\u00eda de Calp contar\u00e1 con nuevas unidades especializadas y un dron de vigilancia\",\"datePublished\":\"2024-01-24T17:42:01+00:00\",\"mainEntityOfPage\":{\"@id\":\"https:\\\/\\\/radiolitoral.com\\\/2024\\\/01\\\/la-policia-de-calp-contara-con-nuevas-unidades-especializadas-y-un-dron-de-vigilancia\\\/\"},\"wordCount\":207,\"commentCount\":0,\"publisher\":{\"@id\":\"https:\\\/\\\/radiolitoral.com\\\/#organization\"},\"image\":{\"@id\":\"https:\\\/\\\/radiolitoral.com\\\/2024\\\/01\\\/la-policia-de-calp-contara-con-nuevas-unidades-especializadas-y-un-dron-de-vigilancia\\\/#primaryimage\"},\"thumbnailUrl\":\"https:\\\/\\\/media.radiolitoral.com\\\/wp-content\\\/uploads\\\/2024\\\/01\\\/24184040\\\/Reunion-con-el-nuevo-intendente-Calp.jpg\",\"articleSection\":[\"Seguridad Ciudadana\"],\"inLanguage\":\"ca\",\"potentialAction\":[{\"@type\":\"CommentAction\",\"name\":\"Comment\",\"target\":[\"https:\\\/\\\/radiolitoral.com\\\/2024\\\/01\\\/la-policia-de-calp-contara-con-nuevas-unidades-especializadas-y-un-dron-de-vigilancia\\\/#respond\"]}]},{\"@type\":[\"WebPage\",\"ItemPage\"],\"@id\":\"https:\\\/\\\/radiolitoral.com\\\/2024\\\/01\\\/la-policia-de-calp-contara-con-nuevas-unidades-especializadas-y-un-dron-de-vigilancia\\\/\",\"url\":\"https:\\\/\\\/radiolitoral.com\\\/2024\\\/01\\\/la-policia-de-calp-contara-con-nuevas-unidades-especializadas-y-un-dron-de-vigilancia\\\/\",\"name\":\"La Polic\u00eda de Calp contar\u00e1 con nuevas unidades especializadas y un dron de vigilancia | R\u00e0dio Litoral\",\"isPartOf\":{\"@id\":\"https:\\\/\\\/radiolitoral.com\\\/#website\"},\"primaryImageOfPage\":{\"@id\":\"https:\\\/\\\/radiolitoral.com\\\/2024\\\/01\\\/la-policia-de-calp-contara-con-nuevas-unidades-especializadas-y-un-dron-de-vigilancia\\\/#primaryimage\"},\"image\":{\"@id\":\"https:\\\/\\\/radiolitoral.com\\\/2024\\\/01\\\/la-policia-de-calp-contara-con-nuevas-unidades-especializadas-y-un-dron-de-vigilancia\\\/#primaryimage\"},\"thumbnailUrl\":\"https:\\\/\\\/media.radiolitoral.com\\\/wp-content\\\/uploads\\\/2024\\\/01\\\/24184040\\\/Reunion-con-el-nuevo-intendente-Calp.jpg\",\"datePublished\":\"2024-01-24T17:42:01+00:00\",\"description\":\"La unidad de dron ya est\u00e1 presupuestada, se encuentra en tr\u00e1mites de licitaci\u00f3n y mejorar\u00e1 la seguridad en la localidad\",\"breadcrumb\":{\"@id\":\"https:\\\/\\\/radiolitoral.com\\\/2024\\\/01\\\/la-policia-de-calp-contara-con-nuevas-unidades-especializadas-y-un-dron-de-vigilancia\\\/#breadcrumb\"},\"inLanguage\":\"ca\",\"potentialAction\":[{\"@type\":\"ReadAction\",\"target\":[\"https:\\\/\\\/radiolitoral.com\\\/2024\\\/01\\\/la-policia-de-calp-contara-con-nuevas-unidades-especializadas-y-un-dron-de-vigilancia\\\/\"]}]},{\"@type\":\"ImageObject\",\"inLanguage\":\"ca\",\"@id\":\"https:\\\/\\\/radiolitoral.com\\\/2024\\\/01\\\/la-policia-de-calp-contara-con-nuevas-unidades-especializadas-y-un-dron-de-vigilancia\\\/#primaryimage\",\"url\":\"https:\\\/\\\/media.radiolitoral.com\\\/wp-content\\\/uploads\\\/2024\\\/01\\\/24184040\\\/Reunion-con-el-nuevo-intendente-Calp.jpg\",\"contentUrl\":\"https:\\\/\\\/media.radiolitoral.com\\\/wp-content\\\/uploads\\\/2024\\\/01\\\/24184040\\\/Reunion-con-el-nuevo-intendente-Calp.jpg\",\"width\":2000,\"height\":1500},{\"@type\":\"BreadcrumbList\",\"@id\":\"https:\\\/\\\/radiolitoral.com\\\/2024\\\/01\\\/la-policia-de-calp-contara-con-nuevas-unidades-especializadas-y-un-dron-de-vigilancia\\\/#breadcrumb\",\"itemListElement\":[{\"@type\":\"ListItem\",\"position\":1,\"name\":\"Portada\",\"item\":\"https:\\\/\\\/radiolitoral.com\\\/\"},{\"@type\":\"ListItem\",\"position\":2,\"name\":\"La Polic\u00eda de Calp contar\u00e1 con nuevas unidades especializadas y un dron de vigilancia\"}]},{\"@type\":\"WebSite\",\"@id\":\"https:\\\/\\\/radiolitoral.com\\\/#website\",\"url\":\"https:\\\/\\\/radiolitoral.com\\\/\",\"name\":\"Radio Litoral\",\"description\":\"La radio local de la Marina Alta\",\"publisher\":{\"@id\":\"https:\\\/\\\/radiolitoral.com\\\/#organization\"},\"alternateName\":\"Litoral FM\",\"potentialAction\":[{\"@type\":\"SearchAction\",\"target\":{\"@type\":\"EntryPoint\",\"urlTemplate\":\"https:\\\/\\\/radiolitoral.com\\\/?s={search_term_string}\"},\"query-input\":{\"@type\":\"PropertyValueSpecification\",\"valueRequired\":true,\"valueName\":\"search_term_string\"}}],\"inLanguage\":\"ca\"},{\"@type\":\"Organization\",\"@id\":\"https:\\\/\\\/radiolitoral.com\\\/#organization\",\"name\":\"Radio Litoral\",\"url\":\"https:\\\/\\\/radiolitoral.com\\\/\",\"logo\":{\"@type\":\"ImageObject\",\"inLanguage\":\"ca\",\"@id\":\"https:\\\/\\\/radiolitoral.com\\\/#\\\/schema\\\/logo\\\/image\\\/\",\"url\":\"https:\\\/\\\/media.radiolitoral.com\\\/wp-content\\\/uploads\\\/2023\\\/02\\\/24143238\\\/CL-V-RadioLitoral696.png\",\"contentUrl\":\"https:\\\/\\\/media.radiolitoral.com\\\/wp-content\\\/uploads\\\/2023\\\/02\\\/24143238\\\/CL-V-RadioLitoral696.png\",\"width\":696,\"height\":696,\"caption\":\"Radio Litoral\"},\"image\":{\"@id\":\"https:\\\/\\\/radiolitoral.com\\\/#\\\/schema\\\/logo\\\/image\\\/\"},\"sameAs\":[\"https:\\\/\\\/www.facebook.com\\\/Laradiolitoral\\\/\"]},{\"@type\":\"Person\",\"@id\":\"https:\\\/\\\/radiolitoral.com\\\/#\\\/schema\\\/person\\\/aad4f72efa404f85b68e832d24cac059\",\"name\":\"Mel Pescuezo\",\"image\":{\"@type\":\"ImageObject\",\"inLanguage\":\"ca\",\"@id\":\"https:\\\/\\\/secure.gravatar.com\\\/avatar\\\/993975ae489c70cb0dd9bfa9413a082f0bd276582dac13661af7b33f161e7eea?s=96&d=mm&r=g\",\"url\":\"https:\\\/\\\/secure.gravatar.com\\\/avatar\\\/993975ae489c70cb0dd9bfa9413a082f0bd276582dac13661af7b33f161e7eea?s=96&d=mm&r=g\",\"contentUrl\":\"https:\\\/\\\/secure.gravatar.com\\\/avatar\\\/993975ae489c70cb0dd9bfa9413a082f0bd276582dac13661af7b33f161e7eea?s=96&d=mm&r=g\",\"caption\":\"Mel Pescuezo\"},\"url\":\"https:\\\/\\\/radiolitoral.com\\\/ca\\\/author\\\/serviciospararadios\\\/\"}]}<\/script>\n<!-- \/ Yoast SEO plugin. -->","yoast_head_json":{"title":"La Policia de Calp comptar\u00e0 amb noves unitats especialitzades i un drone de vigil\u00e0ncia | R\u00e0dio Litoral","description":"La unitat de dron ja est\u00e0 pressupostada, es troba en tr\u00e0mits de licitaci\u00f3 i millorar\u00e0 la seguretat a la localitat","robots":{"index":"index","follow":"follow","max-snippet":"max-snippet:-1","max-image-preview":"max-image-preview:large","max-video-preview":"max-video-preview:-1"},"canonical":"https:\/\/radiolitoral.com\/ca\/2024\/01\/la-policia-de-calp-comptara-amb-noves-unitats-especialitzades-i-un-dron-de-vigilancia\/","og_locale":"ca_ES","og_type":"article","og_title":"La Polic\u00eda de Calp contar\u00e1 con nuevas unidades especializadas y un dron de vigilancia | R\u00e0dio Litoral","og_description":"La unidad de dron ya est\u00e1 presupuestada, se encuentra en tr\u00e1mites de licitaci\u00f3n y mejorar\u00e1 la seguridad en la localidad","og_url":"https:\/\/radiolitoral.com\/ca\/2024\/01\/la-policia-de-calp-comptara-amb-noves-unitats-especialitzades-i-un-dron-de-vigilancia\/","og_site_name":"R\u00e0dio Litoral","article_publisher":"https:\/\/www.facebook.com\/Laradiolitoral\/","article_published_time":"2024-01-24T17:42:01+00:00","og_image":[{"width":2000,"height":1500,"url":"https:\/\/media.radiolitoral.com\/wp-content\/uploads\/2024\/01\/24184040\/Reunion-con-el-nuevo-intendente-Calp.jpg","type":"image\/jpeg"}],"author":"Mel Pescuezo","twitter_card":"summary_large_image","twitter_misc":{"Escrit per":"Mel Pescuezo","Temps estimat de lectura":"2 minuts"},"schema":{"@context":"https:\/\/schema.org","@graph":[{"@type":"NewsArticle","@id":"https:\/\/radiolitoral.com\/2024\/01\/la-policia-de-calp-contara-con-nuevas-unidades-especializadas-y-un-dron-de-vigilancia\/#article","isPartOf":{"@id":"https:\/\/radiolitoral.com\/2024\/01\/la-policia-de-calp-contara-con-nuevas-unidades-especializadas-y-un-dron-de-vigilancia\/"},"author":{"name":"Mel Pescuezo","@id":"https:\/\/radiolitoral.com\/#\/schema\/person\/aad4f72efa404f85b68e832d24cac059"},"headline":"La Polic\u00eda de Calp contar\u00e1 con nuevas unidades especializadas y un dron de vigilancia","datePublished":"2024-01-24T17:42:01+00:00","mainEntityOfPage":{"@id":"https:\/\/radiolitoral.com\/2024\/01\/la-policia-de-calp-contara-con-nuevas-unidades-especializadas-y-un-dron-de-vigilancia\/"},"wordCount":207,"commentCount":0,"publisher":{"@id":"https:\/\/radiolitoral.com\/#organization"},"image":{"@id":"https:\/\/radiolitoral.com\/2024\/01\/la-policia-de-calp-contara-con-nuevas-unidades-especializadas-y-un-dron-de-vigilancia\/#primaryimage"},"thumbnailUrl":"https:\/\/media.radiolitoral.com\/wp-content\/uploads\/2024\/01\/24184040\/Reunion-con-el-nuevo-intendente-Calp.jpg","articleSection":["Seguridad Ciudadana"],"inLanguage":"ca","potentialAction":[{"@type":"CommentAction","name":"Comment","target":["https:\/\/radiolitoral.com\/2024\/01\/la-policia-de-calp-contara-con-nuevas-unidades-especializadas-y-un-dron-de-vigilancia\/#respond"]}]},{"@type":["WebPage","ItemPage"],"@id":"https:\/\/radiolitoral.com\/2024\/01\/la-policia-de-calp-contara-con-nuevas-unidades-especializadas-y-un-dron-de-vigilancia\/","url":"https:\/\/radiolitoral.com\/2024\/01\/la-policia-de-calp-contara-con-nuevas-unidades-especializadas-y-un-dron-de-vigilancia\/","name":"La Policia de Calp comptar\u00e0 amb noves unitats especialitzades i un drone de vigil\u00e0ncia | R\u00e0dio Litoral","isPartOf":{"@id":"https:\/\/radiolitoral.com\/#website"},"primaryImageOfPage":{"@id":"https:\/\/radiolitoral.com\/2024\/01\/la-policia-de-calp-contara-con-nuevas-unidades-especializadas-y-un-dron-de-vigilancia\/#primaryimage"},"image":{"@id":"https:\/\/radiolitoral.com\/2024\/01\/la-policia-de-calp-contara-con-nuevas-unidades-especializadas-y-un-dron-de-vigilancia\/#primaryimage"},"thumbnailUrl":"https:\/\/media.radiolitoral.com\/wp-content\/uploads\/2024\/01\/24184040\/Reunion-con-el-nuevo-intendente-Calp.jpg","datePublished":"2024-01-24T17:42:01+00:00","description":"La unitat de dron ja est\u00e0 pressupostada, es troba en tr\u00e0mits de licitaci\u00f3 i millorar\u00e0 la seguretat a la localitat","breadcrumb":{"@id":"https:\/\/radiolitoral.com\/2024\/01\/la-policia-de-calp-contara-con-nuevas-unidades-especializadas-y-un-dron-de-vigilancia\/#breadcrumb"},"inLanguage":"ca","potentialAction":[{"@type":"ReadAction","target":["https:\/\/radiolitoral.com\/2024\/01\/la-policia-de-calp-contara-con-nuevas-unidades-especializadas-y-un-dron-de-vigilancia\/"]}]},{"@type":"ImageObject","inLanguage":"ca","@id":"https:\/\/radiolitoral.com\/2024\/01\/la-policia-de-calp-contara-con-nuevas-unidades-especializadas-y-un-dron-de-vigilancia\/#primaryimage","url":"https:\/\/media.radiolitoral.com\/wp-content\/uploads\/2024\/01\/24184040\/Reunion-con-el-nuevo-intendente-Calp.jpg","contentUrl":"https:\/\/media.radiolitoral.com\/wp-content\/uploads\/2024\/01\/24184040\/Reunion-con-el-nuevo-intendente-Calp.jpg","width":2000,"height":1500},{"@type":"BreadcrumbList","@id":"https:\/\/radiolitoral.com\/2024\/01\/la-policia-de-calp-contara-con-nuevas-unidades-especializadas-y-un-dron-de-vigilancia\/#breadcrumb","itemListElement":[{"@type":"ListItem","position":1,"name":"Portada","item":"https:\/\/radiolitoral.com\/"},{"@type":"ListItem","position":2,"name":"La Polic\u00eda de Calp contar\u00e1 con nuevas unidades especializadas y un dron de vigilancia"}]},{"@type":"WebSite","@id":"https:\/\/radiolitoral.com\/#website","url":"https:\/\/radiolitoral.com\/","name":"R\u00e0dio Litoral","description":"La r\u00e0dio local de la Marina Alta","publisher":{"@id":"https:\/\/radiolitoral.com\/#organization"},"alternateName":"Litoral FM","potentialAction":[{"@type":"SearchAction","target":{"@type":"EntryPoint","urlTemplate":"https:\/\/radiolitoral.com\/?s={search_term_string}"},"query-input":{"@type":"PropertyValueSpecification","valueRequired":true,"valueName":"search_term_string"}}],"inLanguage":"ca"},{"@type":"Organization","@id":"https:\/\/radiolitoral.com\/#organization","name":"R\u00e0dio Litoral","url":"https:\/\/radiolitoral.com\/","logo":{"@type":"ImageObject","inLanguage":"ca","@id":"https:\/\/radiolitoral.com\/#\/schema\/logo\/image\/","url":"https:\/\/media.radiolitoral.com\/wp-content\/uploads\/2023\/02\/24143238\/CL-V-RadioLitoral696.png","contentUrl":"https:\/\/media.radiolitoral.com\/wp-content\/uploads\/2023\/02\/24143238\/CL-V-RadioLitoral696.png","width":696,"height":696,"caption":"Radio Litoral"},"image":{"@id":"https:\/\/radiolitoral.com\/#\/schema\/logo\/image\/"},"sameAs":["https:\/\/www.facebook.com\/Laradiolitoral\/"]},{"@type":"Person","@id":"https:\/\/radiolitoral.com\/#\/schema\/person\/aad4f72efa404f85b68e832d24cac059","name":"Mel Pescuezo","image":{"@type":"ImageObject","inLanguage":"ca","@id":"https:\/\/secure.gravatar.com\/avatar\/993975ae489c70cb0dd9bfa9413a082f0bd276582dac13661af7b33f161e7eea?s=96&d=mm&r=g","url":"https:\/\/secure.gravatar.com\/avatar\/993975ae489c70cb0dd9bfa9413a082f0bd276582dac13661af7b33f161e7eea?s=96&d=mm&r=g","contentUrl":"https:\/\/secure.gravatar.com\/avatar\/993975ae489c70cb0dd9bfa9413a082f0bd276582dac13661af7b33f161e7eea?s=96&d=mm&r=g","caption":"Mel Pescuezo"},"url":"https:\/\/radiolitoral.com\/ca\/author\/serviciospararadios\/"}]}},"_links":{"self":[{"href":"https:\/\/radiolitoral.com\/ca\/wp-json\/wp\/v2\/posts\/6549","targetHints":{"allow":["GET"]}}],"collection":[{"href":"https:\/\/radiolitoral.com\/ca\/wp-json\/wp\/v2\/posts"}],"about":[{"href":"https:\/\/radiolitoral.com\/ca\/wp-json\/wp\/v2\/types\/post"}],"author":[{"embeddable":true,"href":"https:\/\/radiolitoral.com\/ca\/wp-json\/wp\/v2\/users\/21"}],"replies":[{"embeddable":true,"href":"https:\/\/radiolitoral.com\/ca\/wp-json\/wp\/v2\/comments?post=6549"}],"version-history":[{"count":2,"href":"https:\/\/radiolitoral.com\/ca\/wp-json\/wp\/v2\/posts\/6549\/revisions"}],"predecessor-version":[{"id":6553,"href":"https:\/\/radiolitoral.com\/ca\/wp-json\/wp\/v2\/posts\/6549\/revisions\/6553"}],"wp:featuredmedia":[{"embeddable":true,"href":"https:\/\/radiolitoral.com\/ca\/wp-json\/wp\/v2\/media\/6551"}],"wp:attachment":[{"href":"https:\/\/radiolitoral.com\/ca\/wp-json\/wp\/v2\/media?parent=6549"}],"wp:term":[{"taxonomy":"category","embeddable":true,"href":"https:\/\/radiolitoral.com\/ca\/wp-json\/wp\/v2\/categories?post=6549"},{"taxonomy":"post_tag","embeddable":true,"href":"https:\/\/radiolitoral.com\/ca\/wp-json\/wp\/v2\/tags?post=6549"}],"curies":[{"name":"wp","href":"https:\/\/api.w.org\/{rel}","templated":true}]}}